{"id":55687,"date":"2023-04-04T14:29:33","date_gmt":"2023-04-04T12:29:33","guid":{"rendered":"https:\/\/pmza.sk\/?p=55687"},"modified":"2025-05-15T07:04:48","modified_gmt":"2025-05-15T05:04:48","slug":"vzacne-mincove-vahy-zo-starhradu-su-zbierkovym-predmetom-mesiaca-aprila","status":"publish","type":"post","link":"https:\/\/pmza.sk\/?p=55687","title":{"rendered":"Vz\u00e1cne mincov\u00e9 v\u00e1hy zo Starhradu s\u00fa zbierkov\u00fdm predmetom mesiaca apr\u00edla"},"content":{"rendered":"<p><em>V\u00e1hy s\u00fa odd\u00e1vna v\u00fdznamn\u00fdm symbolom. Ako znak pr\u00e1va a\u00a0spravodlivosti b\u00fdvaj\u00fa neodmyslite\u013en\u00fdm atrib\u00fatom starogr\u00e9ckej bohyne Themis s\u00a0previazan\u00fdmi o\u010dami \u2013 \u201eslepej Spravodlivosti\u201c dr\u017eiacej v\u00a0ruke miskov\u00e9 v\u00e1hy. Jej pandantom v\u00a0r\u00edmskom umen\u00ed bola bo\u017esk\u00e1 Iustitia zobrazovan\u00e1 rovnako. V\u00e1hy v astrol\u00f3gii d\u00e1vame do s\u00favislosti s konkr\u00e9tnym znamen\u00edm zverokruhu, ktor\u00e9 pomen\u00fava ju\u017en\u00e9 s\u00fahvezdie v\u00a0bl\u00edzkosti \u0160korpi\u00f3na a\u00a0Panny a\u00a0slnko do\u0148 vstupuje 18. okt\u00f3bra a\u00a0vystupuje 16. novembra. \u013dudia v\u00a0tomto znamen\u00ed naroden\u00ed sa \u010dasto vyzna\u010duj\u00fa zmierlivou a\u00a0spravodlivou povahou. Nu\u017e a, samozrejme,\u00a0v\u00a0na\u0161ej pam\u00e4ti sa v\u00e1hy \u010dasto vyn\u00e1raj\u00fa aj v\u00a0spojen\u00ed s\u00a0u\u017e klasickou \u010deskoslovenskou rozpr\u00e1vkou z\u00a0roku 1984, \u201eS\u00a0\u010derty nejsou \u017eerty\u201c.<\/em><\/p>\n<p>Inou, praktickou funkciou sa n\u00e1v\u0161tevn\u00edkov v\u00a0mesiaci apr\u00edl pok\u00fasia zauja\u0165 stredovek\u00e9 skladacie mincov\u00e9 v\u00e1hy (niekedy ozna\u010dovan\u00e9 aj ako vreckov\u00e9). Patria medzi\u00a0najvz\u00e1cnej\u0161ie zbierky v\u00a0archeologickom fonde Pova\u017esk\u00e9ho m\u00fazea. Boli n\u00e1jden\u00e9 po\u010das archeologick\u00e9ho v\u00fdskumu v\u00a0roku 2020 na severoz\u00e1padnom svahu kopca, na ktorom sa vyp\u00ednaj\u00fa malebn\u00e9 ruiny hradu Starhrad na rozmedz\u00ed katastrov obc\u00ed\u00a0Nezbudsk\u00e1 L\u00fa\u010dka a\u00a0Var\u00edn. S\u00fa z\u00e1rove\u0148 unik\u00e1tom na Slovensku, nako\u013eko podobn\u00e9 exempl\u00e1re na na\u0161om \u00fazem\u00ed je mo\u017en\u00e9 zr\u00e1ta\u0165 na prstoch jednej ruky a\u00a0navy\u0161e, dosia\u013e neboli nijako v\u00fdznamne publikovan\u00e9 \u010di prezentovan\u00e9.<\/p>\n<p>Meden\u00e9 v\u00e1hy fungovali na princ\u00edpe rovnoramennej p\u00e1ky. Zlo\u017een\u00e9 sa jednoducho pren\u00e1\u0161ali \u010di skladovali. Do funk\u010dnej polohy sa uv\u00e1dzali sklopen\u00edm horizont\u00e1lne nahor zlo\u017een\u00fdch ramienok. Na ich konci b\u00fdvali zavesen\u00e9 misky, jedna na v\u00e1\u017een\u00fd predmet (mince) a\u00a0druh\u00e1 na z\u00e1va\u017eie. Uprostred p\u00e1ky b\u00fdval umiestnen\u00fd jaz\u00fd\u010dek, ktor\u00fd umo\u017e\u0148oval presne od\u010d\u00edta\u0165, kedy s\u00fa obe strany v\u00a0rovnov\u00e1he. Do otvoru v\u00a0jaz\u00fd\u010dku sa\u00a0uchytilo z\u00e1vesn\u00e9 o\u010dko, na ktor\u00e9 sa umiestnila retiazka alebo \u0161pag\u00e1t, ktor\u00fd umo\u017enil dr\u017ea\u0165 v\u00e1hy v ruke. Jaz\u00fd\u010dek, o\u010dko ani misky sa s\u00edce na t\u00fdchto v\u00e1hach nezachovali, av\u0161ak dochovali sa tri oloven\u00e9 z\u00e1va\u017eia r\u00f4znych tvarov.<\/p>\n<p>Mincov\u00e9 v\u00e1hy na z\u00e1klade n\u00e1lezov z\u00a0\u010ciech, zo Strachot\u00edna, Ti\u0161nova a\u00a0Vesel\u00ed nad Moravou, \u010di britsk\u00e9ho Lond\u00fdna, Oxfordu a\u00a0gr\u00f3fstva Bedfordshire datujeme do 13.\u201315. storo\u010dia.<\/p>\n<p>&nbsp;<\/p>\n<p><strong>Text:<\/strong> PhDr. Zuzana Stanekov\u00e1, archeologi\u010dka Pova\u017esk\u00e9ho m\u00fazea<\/p>\n<p>&nbsp;<\/p>\n","protected":false},"excerpt":{"rendered":"<p>V\u00e1hy s\u00fa odd\u00e1vna v\u00fdznamn\u00fdm symbolom. Ako znak pr\u00e1va a\u00a0spravodlivosti b\u00fdvaj\u00fa neodmyslite\u013en\u00fdm atrib\u00fatom starogr\u00e9ckej bohyne Themis s\u00a0previazan\u00fdmi o\u010dami \u2013 \u201eslepej Spravodlivosti\u201c dr\u017eiacej v\u00a0ruke miskov\u00e9 v\u00e1hy. Jej pandantom v\u00a0r\u00edmskom umen\u00ed bola bo\u017esk\u00e1 Iustitia zobrazovan\u00e1 rovnako. V\u00e1hy v astrol\u00f3gii d\u00e1vame do s\u00favislosti s konkr\u00e9tnym znamen\u00edm zverokruhu, ktor\u00e9 pomen\u00fava ju\u017en\u00e9 s\u00fahvezdie v\u00a0bl\u00edzkosti \u0160korpi\u00f3na a\u00a0Panny a\u00a0slnko do\u0148 vstupuje 18. okt\u00f3bra [&hellip;]<\/p>\n","protected":false},"author":2,"featured_media":55693,"comment_status":"closed","ping_status":"closed","sticky":false,"template":"","format":"standard","meta":{"site-sidebar-layout":"default","site-content-layout":"default","ast-site-content-layout":"default","site-content-style":"default","site-sidebar-style":"default","ast-global-header-display":"","ast-banner-title-visibility":"","ast-main-header-display":"","ast-hfb-above-header-display":"","ast-hfb-below-header-display":"","ast-hfb-mobile-header-display":"","site-post-title":"","ast-breadcrumbs-content":"","ast-featured-img":"","footer-sml-layout":"","theme-transparent-header-meta":"default","adv-header-id-meta":"","stick-header-meta":"default","header-above-stick-meta":"","header-main-stick-meta":"","header-below-stick-meta":"","astra-migrate-meta-layouts":"set","ast-page-background-enabled":"default","ast-page-background-meta":{"desktop":{"background-color":"var(--ast-global-color-4)","background-image":"","background-repeat":"repeat","background-position":"center center","background-size":"auto","background-attachment":"scroll","background-type":"","background-media":"","overlay-type":"","overlay-color":"","overlay-opacity":"","overlay-gradient":""},"tablet":{"background-color":"","background-image":"","background-repeat":"repeat","background-position":"center center","background-size":"auto","background-attachment":"scroll","background-type":"","background-media":"","overlay-type":"","overlay-color":"","overlay-opacity":"","overlay-gradient":""},"mobile":{"background-color":"","background-image":"","background-repeat":"repeat","background-position":"center center","background-size":"auto","background-attachment":"scroll","background-type":"","background-media":"","overlay-type":"","overlay-color":"","overlay-opacity":"","overlay-gradient":""}},"ast-content-background-meta":{"desktop":{"background-color":"var(--ast-global-color-5)","background-image":"","background-repeat":"repeat","background-position":"center center","background-size":"auto","background-attachment":"scroll","background-type":"","background-media":"","overlay-type":"","overlay-color":"","overlay-opacity":"","overlay-gradient":""},"tablet":{"background-color":"var(--ast-global-color-5)","background-image":"","background-repeat":"repeat","background-position":"center center","background-size":"auto","background-attachment":"scroll","background-type":"","background-media":"","overlay-type":"","overlay-color":"","overlay-opacity":"","overlay-gradient":""},"mobile":{"background-color":"var(--ast-global-color-5)","background-image":"","background-repeat":"repeat","background-position":"center center","background-size":"auto","background-attachment":"scroll","background-type":"","background-media":"","overlay-type":"","overlay-color":"","overlay-opacity":"","overlay-gradient":""}},"footnotes":""},"categories":[31],"tags":[],"class_list":["post-55687","post","type-post","status-publish","format-standard","has-post-thumbnail","hentry","category-aktuality"],"yoast_head":"<!-- This site is optimized with the Yoast SEO plugin v27.4 - https:\/\/yoast.com\/product\/yoast-seo-wordpress\/ -->\n<title>Vz\u00e1cne mincov\u00e9 v\u00e1hy zo Starhradu s\u00fa zbierkov\u00fdm predmetom mesiaca apr\u00edla - Pova\u017esk\u00e9 m\u00fazeum<\/title>\n<meta name=\"robots\" content=\"index, follow, max-snippet:-1, max-image-preview:large, max-video-preview:-1\" \/>\n<link rel=\"canonical\" href=\"https:\/\/pmza.sk\/?p=55687\" \/>\n<meta property=\"og:locale\" content=\"sk_SK\" \/>\n<meta property=\"og:type\" content=\"article\" \/>\n<meta property=\"og:title\" content=\"Vz\u00e1cne mincov\u00e9 v\u00e1hy zo Starhradu s\u00fa zbierkov\u00fdm predmetom mesiaca apr\u00edla - Pova\u017esk\u00e9 m\u00fazeum\" \/>\n<meta property=\"og:description\" content=\"V\u00e1hy s\u00fa odd\u00e1vna v\u00fdznamn\u00fdm symbolom. Ako znak pr\u00e1va a\u00a0spravodlivosti b\u00fdvaj\u00fa neodmyslite\u013en\u00fdm atrib\u00fatom starogr\u00e9ckej bohyne Themis s\u00a0previazan\u00fdmi o\u010dami \u2013 \u201eslepej Spravodlivosti\u201c dr\u017eiacej v\u00a0ruke miskov\u00e9 v\u00e1hy. Jej pandantom v\u00a0r\u00edmskom umen\u00ed bola bo\u017esk\u00e1 Iustitia zobrazovan\u00e1 rovnako. V\u00e1hy v astrol\u00f3gii d\u00e1vame do s\u00favislosti s konkr\u00e9tnym znamen\u00edm zverokruhu, ktor\u00e9 pomen\u00fava ju\u017en\u00e9 s\u00fahvezdie v\u00a0bl\u00edzkosti \u0160korpi\u00f3na a\u00a0Panny a\u00a0slnko do\u0148 vstupuje 18. okt\u00f3bra [&hellip;]\" \/>\n<meta property=\"og:url\" content=\"https:\/\/pmza.sk\/?p=55687\" \/>\n<meta property=\"og:site_name\" content=\"Pova\u017esk\u00e9 m\u00fazeum\" \/>\n<meta property=\"article:publisher\" content=\"https:\/\/www.facebook.com\/povazskemuzeum\" \/>\n<meta property=\"article:published_time\" content=\"2023-04-04T12:29:33+00:00\" \/>\n<meta property=\"article:modified_time\" content=\"2025-05-15T05:04:48+00:00\" \/>\n<meta property=\"og:image\" content=\"https:\/\/pmza.sk\/wp-content\/uploads\/2023\/04\/20230404_133407m-scaled.jpg\" \/>\n\t<meta property=\"og:image:width\" content=\"2560\" \/>\n\t<meta property=\"og:image:height\" content=\"2108\" \/>\n\t<meta property=\"og:image:type\" content=\"image\/jpeg\" \/>\n<meta name=\"author\" content=\"Pova\u017esk\u00e9 m\u00fazeum\" \/>\n<meta name=\"twitter:card\" content=\"summary_large_image\" \/>\n<meta name=\"twitter:label1\" content=\"Autor\" \/>\n\t<meta name=\"twitter:data1\" content=\"Pova\u017esk\u00e9 m\u00fazeum\" \/>\n\t<meta name=\"twitter:label2\" content=\"Predpokladan\u00fd \u010das \u010d\u00edtania\" \/>\n\t<meta name=\"twitter:data2\" content=\"2 min\u00faty\" \/>\n<script type=\"application\/ld+json\" class=\"yoast-schema-graph\">{\"@context\":\"https:\\\/\\\/schema.org\",\"@graph\":[{\"@type\":\"Article\",\"@id\":\"https:\\\/\\\/pmza.sk\\\/?p=55687#article\",\"isPartOf\":{\"@id\":\"https:\\\/\\\/pmza.sk\\\/?p=55687\"},\"author\":{\"name\":\"Pova\u017esk\u00e9 m\u00fazeum\",\"@id\":\"https:\\\/\\\/pmza.sk\\\/#\\\/schema\\\/person\\\/595e6a2ce731ea94dcd5d7f50a41ae33\"},\"headline\":\"Vz\u00e1cne mincov\u00e9 v\u00e1hy zo Starhradu s\u00fa zbierkov\u00fdm predmetom mesiaca apr\u00edla\",\"datePublished\":\"2023-04-04T12:29:33+00:00\",\"dateModified\":\"2025-05-15T05:04:48+00:00\",\"mainEntityOfPage\":{\"@id\":\"https:\\\/\\\/pmza.sk\\\/?p=55687\"},\"wordCount\":433,\"publisher\":{\"@id\":\"https:\\\/\\\/pmza.sk\\\/#organization\"},\"image\":{\"@id\":\"https:\\\/\\\/pmza.sk\\\/?p=55687#primaryimage\"},\"thumbnailUrl\":\"https:\\\/\\\/pmza.sk\\\/wp-content\\\/uploads\\\/2023\\\/04\\\/20230404_133407m-scaled.jpg\",\"articleSection\":[\"Aktuality\"],\"inLanguage\":\"sk-SK\"},{\"@type\":\"WebPage\",\"@id\":\"https:\\\/\\\/pmza.sk\\\/?p=55687\",\"url\":\"https:\\\/\\\/pmza.sk\\\/?p=55687\",\"name\":\"Vz\u00e1cne mincov\u00e9 v\u00e1hy zo Starhradu s\u00fa zbierkov\u00fdm predmetom mesiaca apr\u00edla - Pova\u017esk\u00e9 m\u00fazeum\",\"isPartOf\":{\"@id\":\"https:\\\/\\\/pmza.sk\\\/#website\"},\"primaryImageOfPage\":{\"@id\":\"https:\\\/\\\/pmza.sk\\\/?p=55687#primaryimage\"},\"image\":{\"@id\":\"https:\\\/\\\/pmza.sk\\\/?p=55687#primaryimage\"},\"thumbnailUrl\":\"https:\\\/\\\/pmza.sk\\\/wp-content\\\/uploads\\\/2023\\\/04\\\/20230404_133407m-scaled.jpg\",\"datePublished\":\"2023-04-04T12:29:33+00:00\",\"dateModified\":\"2025-05-15T05:04:48+00:00\",\"breadcrumb\":{\"@id\":\"https:\\\/\\\/pmza.sk\\\/?p=55687#breadcrumb\"},\"inLanguage\":\"sk-SK\",\"potentialAction\":[{\"@type\":\"ReadAction\",\"target\":[\"https:\\\/\\\/pmza.sk\\\/?p=55687\"]}]},{\"@type\":\"ImageObject\",\"inLanguage\":\"sk-SK\",\"@id\":\"https:\\\/\\\/pmza.sk\\\/?p=55687#primaryimage\",\"url\":\"https:\\\/\\\/pmza.sk\\\/wp-content\\\/uploads\\\/2023\\\/04\\\/20230404_133407m-scaled.jpg\",\"contentUrl\":\"https:\\\/\\\/pmza.sk\\\/wp-content\\\/uploads\\\/2023\\\/04\\\/20230404_133407m-scaled.jpg\",\"width\":2560,\"height\":2108},{\"@type\":\"BreadcrumbList\",\"@id\":\"https:\\\/\\\/pmza.sk\\\/?p=55687#breadcrumb\",\"itemListElement\":[{\"@type\":\"ListItem\",\"position\":1,\"name\":\"Domovsk\u00e1 str\u00e1nka\",\"item\":\"https:\\\/\\\/pmza.sk\\\/\"},{\"@type\":\"ListItem\",\"position\":2,\"name\":\"Vz\u00e1cne mincov\u00e9 v\u00e1hy zo Starhradu s\u00fa zbierkov\u00fdm predmetom mesiaca apr\u00edla\"}]},{\"@type\":\"WebSite\",\"@id\":\"https:\\\/\\\/pmza.sk\\\/#website\",\"url\":\"https:\\\/\\\/pmza.sk\\\/\",\"name\":\"Pova\u017esk\u00e9 m\u00fazeum\",\"description\":\"Pova\u017esk\u00e9 m\u00fazeum v \u017diline je region\u00e1lne m\u00fazeum so s\u00eddlom v Budat\u00edne. Jeho expoz\u00edcie s\u00fa zameran\u00e9 na dejiny slovensk\u00e9ho umenia, kult\u00fary a dopravy.\",\"publisher\":{\"@id\":\"https:\\\/\\\/pmza.sk\\\/#organization\"},\"potentialAction\":[{\"@type\":\"SearchAction\",\"target\":{\"@type\":\"EntryPoint\",\"urlTemplate\":\"https:\\\/\\\/pmza.sk\\\/?s={search_term_string}\"},\"query-input\":{\"@type\":\"PropertyValueSpecification\",\"valueRequired\":true,\"valueName\":\"search_term_string\"}}],\"inLanguage\":\"sk-SK\"},{\"@type\":\"Organization\",\"@id\":\"https:\\\/\\\/pmza.sk\\\/#organization\",\"name\":\"Pova\u017esk\u00e9 m\u00fazeum\",\"url\":\"https:\\\/\\\/pmza.sk\\\/\",\"logo\":{\"@type\":\"ImageObject\",\"inLanguage\":\"sk-SK\",\"@id\":\"https:\\\/\\\/pmza.sk\\\/#\\\/schema\\\/logo\\\/image\\\/\",\"url\":\"https:\\\/\\\/pmza.sk\\\/wp-content\\\/uploads\\\/2022\\\/01\\\/logo_PM_horizontal.jpg\",\"contentUrl\":\"https:\\\/\\\/pmza.sk\\\/wp-content\\\/uploads\\\/2022\\\/01\\\/logo_PM_horizontal.jpg\",\"width\":231,\"height\":142,\"caption\":\"Pova\u017esk\u00e9 m\u00fazeum\"},\"image\":{\"@id\":\"https:\\\/\\\/pmza.sk\\\/#\\\/schema\\\/logo\\\/image\\\/\"},\"sameAs\":[\"https:\\\/\\\/www.facebook.com\\\/povazskemuzeum\",\"https:\\\/\\\/www.instagram.com\\\/povazskemuzeum\\\/\"]},{\"@type\":\"Person\",\"@id\":\"https:\\\/\\\/pmza.sk\\\/#\\\/schema\\\/person\\\/595e6a2ce731ea94dcd5d7f50a41ae33\",\"name\":\"Pova\u017esk\u00e9 m\u00fazeum\",\"image\":{\"@type\":\"ImageObject\",\"inLanguage\":\"sk-SK\",\"@id\":\"https:\\\/\\\/secure.gravatar.com\\\/avatar\\\/2bb7f1561282132fb5826dfeccc66c7996d11ee392ac6aaf7ced8a1c2027fbb2?s=96&d=mm&r=g\",\"url\":\"https:\\\/\\\/secure.gravatar.com\\\/avatar\\\/2bb7f1561282132fb5826dfeccc66c7996d11ee392ac6aaf7ced8a1c2027fbb2?s=96&d=mm&r=g\",\"contentUrl\":\"https:\\\/\\\/secure.gravatar.com\\\/avatar\\\/2bb7f1561282132fb5826dfeccc66c7996d11ee392ac6aaf7ced8a1c2027fbb2?s=96&d=mm&r=g\",\"caption\":\"Pova\u017esk\u00e9 m\u00fazeum\"}}]}<\/script>\n<!-- \/ Yoast SEO plugin. -->","yoast_head_json":{"title":"Vz\u00e1cne mincov\u00e9 v\u00e1hy zo Starhradu s\u00fa zbierkov\u00fdm predmetom mesiaca apr\u00edla - Pova\u017esk\u00e9 m\u00fazeum","robots":{"index":"index","follow":"follow","max-snippet":"max-snippet:-1","max-image-preview":"max-image-preview:large","max-video-preview":"max-video-preview:-1"},"canonical":"https:\/\/pmza.sk\/?p=55687","og_locale":"sk_SK","og_type":"article","og_title":"Vz\u00e1cne mincov\u00e9 v\u00e1hy zo Starhradu s\u00fa zbierkov\u00fdm predmetom mesiaca apr\u00edla - Pova\u017esk\u00e9 m\u00fazeum","og_description":"V\u00e1hy s\u00fa odd\u00e1vna v\u00fdznamn\u00fdm symbolom. Ako znak pr\u00e1va a\u00a0spravodlivosti b\u00fdvaj\u00fa neodmyslite\u013en\u00fdm atrib\u00fatom starogr\u00e9ckej bohyne Themis s\u00a0previazan\u00fdmi o\u010dami \u2013 \u201eslepej Spravodlivosti\u201c dr\u017eiacej v\u00a0ruke miskov\u00e9 v\u00e1hy. Jej pandantom v\u00a0r\u00edmskom umen\u00ed bola bo\u017esk\u00e1 Iustitia zobrazovan\u00e1 rovnako. V\u00e1hy v astrol\u00f3gii d\u00e1vame do s\u00favislosti s konkr\u00e9tnym znamen\u00edm zverokruhu, ktor\u00e9 pomen\u00fava ju\u017en\u00e9 s\u00fahvezdie v\u00a0bl\u00edzkosti \u0160korpi\u00f3na a\u00a0Panny a\u00a0slnko do\u0148 vstupuje 18. okt\u00f3bra [&hellip;]","og_url":"https:\/\/pmza.sk\/?p=55687","og_site_name":"Pova\u017esk\u00e9 m\u00fazeum","article_publisher":"https:\/\/www.facebook.com\/povazskemuzeum","article_published_time":"2023-04-04T12:29:33+00:00","article_modified_time":"2025-05-15T05:04:48+00:00","og_image":[{"width":2560,"height":2108,"url":"https:\/\/pmza.sk\/wp-content\/uploads\/2023\/04\/20230404_133407m-scaled.jpg","type":"image\/jpeg"}],"author":"Pova\u017esk\u00e9 m\u00fazeum","twitter_card":"summary_large_image","twitter_misc":{"Autor":"Pova\u017esk\u00e9 m\u00fazeum","Predpokladan\u00fd \u010das \u010d\u00edtania":"2 min\u00faty"},"schema":{"@context":"https:\/\/schema.org","@graph":[{"@type":"Article","@id":"https:\/\/pmza.sk\/?p=55687#article","isPartOf":{"@id":"https:\/\/pmza.sk\/?p=55687"},"author":{"name":"Pova\u017esk\u00e9 m\u00fazeum","@id":"https:\/\/pmza.sk\/#\/schema\/person\/595e6a2ce731ea94dcd5d7f50a41ae33"},"headline":"Vz\u00e1cne mincov\u00e9 v\u00e1hy zo Starhradu s\u00fa zbierkov\u00fdm predmetom mesiaca apr\u00edla","datePublished":"2023-04-04T12:29:33+00:00","dateModified":"2025-05-15T05:04:48+00:00","mainEntityOfPage":{"@id":"https:\/\/pmza.sk\/?p=55687"},"wordCount":433,"publisher":{"@id":"https:\/\/pmza.sk\/#organization"},"image":{"@id":"https:\/\/pmza.sk\/?p=55687#primaryimage"},"thumbnailUrl":"https:\/\/pmza.sk\/wp-content\/uploads\/2023\/04\/20230404_133407m-scaled.jpg","articleSection":["Aktuality"],"inLanguage":"sk-SK"},{"@type":"WebPage","@id":"https:\/\/pmza.sk\/?p=55687","url":"https:\/\/pmza.sk\/?p=55687","name":"Vz\u00e1cne mincov\u00e9 v\u00e1hy zo Starhradu s\u00fa zbierkov\u00fdm predmetom mesiaca apr\u00edla - Pova\u017esk\u00e9 m\u00fazeum","isPartOf":{"@id":"https:\/\/pmza.sk\/#website"},"primaryImageOfPage":{"@id":"https:\/\/pmza.sk\/?p=55687#primaryimage"},"image":{"@id":"https:\/\/pmza.sk\/?p=55687#primaryimage"},"thumbnailUrl":"https:\/\/pmza.sk\/wp-content\/uploads\/2023\/04\/20230404_133407m-scaled.jpg","datePublished":"2023-04-04T12:29:33+00:00","dateModified":"2025-05-15T05:04:48+00:00","breadcrumb":{"@id":"https:\/\/pmza.sk\/?p=55687#breadcrumb"},"inLanguage":"sk-SK","potentialAction":[{"@type":"ReadAction","target":["https:\/\/pmza.sk\/?p=55687"]}]},{"@type":"ImageObject","inLanguage":"sk-SK","@id":"https:\/\/pmza.sk\/?p=55687#primaryimage","url":"https:\/\/pmza.sk\/wp-content\/uploads\/2023\/04\/20230404_133407m-scaled.jpg","contentUrl":"https:\/\/pmza.sk\/wp-content\/uploads\/2023\/04\/20230404_133407m-scaled.jpg","width":2560,"height":2108},{"@type":"BreadcrumbList","@id":"https:\/\/pmza.sk\/?p=55687#breadcrumb","itemListElement":[{"@type":"ListItem","position":1,"name":"Domovsk\u00e1 str\u00e1nka","item":"https:\/\/pmza.sk\/"},{"@type":"ListItem","position":2,"name":"Vz\u00e1cne mincov\u00e9 v\u00e1hy zo Starhradu s\u00fa zbierkov\u00fdm predmetom mesiaca apr\u00edla"}]},{"@type":"WebSite","@id":"https:\/\/pmza.sk\/#website","url":"https:\/\/pmza.sk\/","name":"Pova\u017esk\u00e9 m\u00fazeum","description":"Pova\u017esk\u00e9 m\u00fazeum v \u017diline je region\u00e1lne m\u00fazeum so s\u00eddlom v Budat\u00edne. Jeho expoz\u00edcie s\u00fa zameran\u00e9 na dejiny slovensk\u00e9ho umenia, kult\u00fary a dopravy.","publisher":{"@id":"https:\/\/pmza.sk\/#organization"},"potentialAction":[{"@type":"SearchAction","target":{"@type":"EntryPoint","urlTemplate":"https:\/\/pmza.sk\/?s={search_term_string}"},"query-input":{"@type":"PropertyValueSpecification","valueRequired":true,"valueName":"search_term_string"}}],"inLanguage":"sk-SK"},{"@type":"Organization","@id":"https:\/\/pmza.sk\/#organization","name":"Pova\u017esk\u00e9 m\u00fazeum","url":"https:\/\/pmza.sk\/","logo":{"@type":"ImageObject","inLanguage":"sk-SK","@id":"https:\/\/pmza.sk\/#\/schema\/logo\/image\/","url":"https:\/\/pmza.sk\/wp-content\/uploads\/2022\/01\/logo_PM_horizontal.jpg","contentUrl":"https:\/\/pmza.sk\/wp-content\/uploads\/2022\/01\/logo_PM_horizontal.jpg","width":231,"height":142,"caption":"Pova\u017esk\u00e9 m\u00fazeum"},"image":{"@id":"https:\/\/pmza.sk\/#\/schema\/logo\/image\/"},"sameAs":["https:\/\/www.facebook.com\/povazskemuzeum","https:\/\/www.instagram.com\/povazskemuzeum\/"]},{"@type":"Person","@id":"https:\/\/pmza.sk\/#\/schema\/person\/595e6a2ce731ea94dcd5d7f50a41ae33","name":"Pova\u017esk\u00e9 m\u00fazeum","image":{"@type":"ImageObject","inLanguage":"sk-SK","@id":"https:\/\/secure.gravatar.com\/avatar\/2bb7f1561282132fb5826dfeccc66c7996d11ee392ac6aaf7ced8a1c2027fbb2?s=96&d=mm&r=g","url":"https:\/\/secure.gravatar.com\/avatar\/2bb7f1561282132fb5826dfeccc66c7996d11ee392ac6aaf7ced8a1c2027fbb2?s=96&d=mm&r=g","contentUrl":"https:\/\/secure.gravatar.com\/avatar\/2bb7f1561282132fb5826dfeccc66c7996d11ee392ac6aaf7ced8a1c2027fbb2?s=96&d=mm&r=g","caption":"Pova\u017esk\u00e9 m\u00fazeum"}}]}},"_links":{"self":[{"href":"https:\/\/pmza.sk\/index.php?rest_route=\/wp\/v2\/posts\/55687","targetHints":{"allow":["GET"]}}],"collection":[{"href":"https:\/\/pmza.sk\/index.php?rest_route=\/wp\/v2\/posts"}],"about":[{"href":"https:\/\/pmza.sk\/index.php?rest_route=\/wp\/v2\/types\/post"}],"author":[{"embeddable":true,"href":"https:\/\/pmza.sk\/index.php?rest_route=\/wp\/v2\/users\/2"}],"replies":[{"embeddable":true,"href":"https:\/\/pmza.sk\/index.php?rest_route=%2Fwp%2Fv2%2Fcomments&post=55687"}],"version-history":[{"count":0,"href":"https:\/\/pmza.sk\/index.php?rest_route=\/wp\/v2\/posts\/55687\/revisions"}],"wp:featuredmedia":[{"embeddable":true,"href":"https:\/\/pmza.sk\/index.php?rest_route=\/wp\/v2\/media\/55693"}],"wp:attachment":[{"href":"https:\/\/pmza.sk\/index.php?rest_route=%2Fwp%2Fv2%2Fmedia&parent=55687"}],"wp:term":[{"taxonomy":"category","embeddable":true,"href":"https:\/\/pmza.sk\/index.php?rest_route=%2Fwp%2Fv2%2Fcategories&post=55687"},{"taxonomy":"post_tag","embeddable":true,"href":"https:\/\/pmza.sk\/index.php?rest_route=%2Fwp%2Fv2%2Ftags&post=55687"}],"curies":[{"name":"wp","href":"https:\/\/api.w.org\/{rel}","templated":true}]}}