{"id":55703,"date":"2023-04-04T15:06:45","date_gmt":"2023-04-04T13:06:45","guid":{"rendered":"https:\/\/pmza.sk\/?p=55703"},"modified":"2023-05-02T07:56:34","modified_gmt":"2023-05-02T05:56:34","slug":"so-zofiou-na-hrade","status":"publish","type":"post","link":"https:\/\/pmza.sk\/?p=55703","title":{"rendered":"So \u017dofiou na hrade"},"content":{"rendered":"<p>Hoci hrad Stre\u010dno otvoril svoje br\u00e1ny u\u017e 1. apr\u00edla, na sl\u00e1vnostn\u00e9 otvorenie sa m\u00f4\u017eu n\u00e1v\u0161tevn\u00edci te\u0161i\u0165 v\u00a0nede\u013eu 30. apr\u00edla. Okrem toho, \u017ee stretn\u00fa najzn\u00e1mej\u0161iu majite\u013eku hradu \u017dofiu Bosniakov\u00fa, \u010dak\u00e1 ich aj viacero aktiv\u00edt. <em>\u201eV\u00a0kaplnke si vypo\u010duj\u00fa mini koncerty v podan\u00ed Anety Jakubcovej , ktor\u00e1 predvedie hru na harfe. Na hlavnom n\u00e1dvor\u00ed si z\u00e1ujemcovia pochutia na dobov\u00fdch \u0161pecialit\u00e1ch kuchyne Cechu Terra de Selinan. V are\u00e1li hradu bude prebieha\u0165 uk\u00e1\u017eka hrn\u010diarskeho remesla v podan\u00ed na\u0161ich kolegov z Pova\u017esk\u00e9ho m\u00fazea. Po\u010das cel\u00e9ho d\u0148a bude z\u00a0hradu po\u010du\u0165 aj v\u00fdstrely. Stre\u013ebu z \u013eahk\u00e9ho po\u013en\u00e9ho dela tradi\u010dne predvedie Klub Vojenskej Hist\u00f3rie Turiec.\u201c <\/em>pribl\u00ed\u017eila spr\u00e1vky\u0148a hradu Stre\u010dno Katar\u00edna Rep\u00e1\u0148ov\u00e1.<\/p>\n<p>Hrad bude otvoren\u00fd od 9.00 do 18.00, prehliadky bud\u00fa individu\u00e1lne, tak\u017ee n\u00e1v\u0161tevn\u00edci si m\u00f4\u017eu hrad u\u017ei\u0165 vo vlastnom tempe. Z\u00e1kladn\u00e9 vstupn\u00e9 na podujatie je 7 \u20ac, z\u013eavnen\u00e9 3,50. Stredovek\u00e1 dedina Paseka bude pre verejnos\u0165 pr\u00edstupn\u00e1 od 7.30 do 16.30.<\/p>\n<div class=\"wp-block-image\"><img fetchpriority=\"high\" decoding=\"async\" class=\"alignnone size-medium wp-image-55704\" src=\"https:\/\/pmza.sk\/wp-content\/uploads\/2023\/04\/So_Zofiou_na_hrade_K3-255x360.jpg\" alt=\"\" width=\"255\" height=\"360\" srcset=\"https:\/\/pmza.sk\/wp-content\/uploads\/2023\/04\/So_Zofiou_na_hrade_K3-255x360.jpg 255w, https:\/\/pmza.sk\/wp-content\/uploads\/2023\/04\/So_Zofiou_na_hrade_K3-520x736.jpg 520w, https:\/\/pmza.sk\/wp-content\/uploads\/2023\/04\/So_Zofiou_na_hrade_K3-768x1086.jpg 768w, https:\/\/pmza.sk\/wp-content\/uploads\/2023\/04\/So_Zofiou_na_hrade_K3-1086x1536.jpg 1086w, https:\/\/pmza.sk\/wp-content\/uploads\/2023\/04\/So_Zofiou_na_hrade_K3-1448x2048.jpg 1448w, https:\/\/pmza.sk\/wp-content\/uploads\/2023\/04\/So_Zofiou_na_hrade_K3-600x849.jpg 600w, https:\/\/pmza.sk\/wp-content\/uploads\/2023\/04\/So_Zofiou_na_hrade_K3-scaled.jpg 1810w\" sizes=\"(max-width: 255px) 100vw, 255px\" \/><\/div>\n<div><\/div>\n<div>Plag\u00e1t v plnej ve\u013ekosti <a href=\"https:\/\/pmza.sk\/wp-content\/uploads\/2023\/04\/So_Zofiou_na_hrade_K3.pdf\">TU<\/a><\/div>\n","protected":false},"excerpt":{"rendered":"<p>Hoci hrad Stre\u010dno otvoril svoje br\u00e1ny u\u017e 1. apr\u00edla, na sl\u00e1vnostn\u00e9 otvorenie sa m\u00f4\u017eu n\u00e1v\u0161tevn\u00edci te\u0161i\u0165 v\u00a0nede\u013eu 30. apr\u00edla. Okrem toho, \u017ee stretn\u00fa najzn\u00e1mej\u0161iu majite\u013eku hradu \u017dofiu Bosniakov\u00fa, \u010dak\u00e1 ich aj viacero aktiv\u00edt. \u201eV\u00a0kaplnke si vypo\u010duj\u00fa mini koncerty v podan\u00ed Anety Jakubcovej , ktor\u00e1 predvedie hru na harfe. Na hlavnom n\u00e1dvor\u00ed si z\u00e1ujemcovia pochutia na [&hellip;]<\/p>\n","protected":false},"author":2,"featured_media":55706,"comment_status":"open","ping_status":"open","sticky":false,"template":"","format":"standard","meta":{"site-sidebar-layout":"default","site-content-layout":"default","ast-site-content-layout":"","site-content-style":"default","site-sidebar-style":"default","ast-global-header-display":"","ast-banner-title-visibility":"","ast-main-header-display":"","ast-hfb-above-header-display":"","ast-hfb-below-header-display":"","ast-hfb-mobile-header-display":"","site-post-title":"","ast-breadcrumbs-content":"","ast-featured-img":"","footer-sml-layout":"","theme-transparent-header-meta":"default","adv-header-id-meta":"","stick-header-meta":"default","header-above-stick-meta":"","header-main-stick-meta":"","header-below-stick-meta":"","astra-migrate-meta-layouts":"default","ast-page-background-enabled":"default","ast-page-background-meta":{"desktop":{"background-color":"var(--ast-global-color-4)","background-image":"","background-repeat":"repeat","background-position":"center center","background-size":"auto","background-attachment":"scroll","background-type":"","background-media":"","overlay-type":"","overlay-color":"","overlay-opacity":"","overlay-gradient":""},"tablet":{"background-color":"","background-image":"","background-repeat":"repeat","background-position":"center center","background-size":"auto","background-attachment":"scroll","background-type":"","background-media":"","overlay-type":"","overlay-color":"","overlay-opacity":"","overlay-gradient":""},"mobile":{"background-color":"","background-image":"","background-repeat":"repeat","background-position":"center center","background-size":"auto","background-attachment":"scroll","background-type":"","background-media":"","overlay-type":"","overlay-color":"","overlay-opacity":"","overlay-gradient":""}},"ast-content-background-meta":{"desktop":{"background-color":"var(--ast-global-color-5)","background-image":"","background-repeat":"repeat","background-position":"center center","background-size":"auto","background-attachment":"scroll","background-type":"","background-media":"","overlay-type":"","overlay-color":"","overlay-opacity":"","overlay-gradient":""},"tablet":{"background-color":"var(--ast-global-color-5)","background-image":"","background-repeat":"repeat","background-position":"center center","background-size":"auto","background-attachment":"scroll","background-type":"","background-media":"","overlay-type":"","overlay-color":"","overlay-opacity":"","overlay-gradient":""},"mobile":{"background-color":"var(--ast-global-color-5)","background-image":"","background-repeat":"repeat","background-position":"center center","background-size":"auto","background-attachment":"scroll","background-type":"","background-media":"","overlay-type":"","overlay-color":"","overlay-opacity":"","overlay-gradient":""}},"footnotes":""},"categories":[71],"tags":[],"class_list":["post-55703","post","type-post","status-publish","format-standard","has-post-thumbnail","hentry","category-podujatia"],"yoast_head":"<!-- This site is optimized with the Yoast SEO plugin v27.4 - https:\/\/yoast.com\/product\/yoast-seo-wordpress\/ -->\n<title>So \u017dofiou na hrade - Pova\u017esk\u00e9 m\u00fazeum<\/title>\n<meta name=\"robots\" content=\"index, follow, max-snippet:-1, max-image-preview:large, max-video-preview:-1\" \/>\n<link rel=\"canonical\" href=\"https:\/\/pmza.sk\/?p=55703\" \/>\n<meta property=\"og:locale\" content=\"sk_SK\" \/>\n<meta property=\"og:type\" content=\"article\" \/>\n<meta property=\"og:title\" content=\"So \u017dofiou na hrade - Pova\u017esk\u00e9 m\u00fazeum\" \/>\n<meta property=\"og:description\" content=\"Hoci hrad Stre\u010dno otvoril svoje br\u00e1ny u\u017e 1. apr\u00edla, na sl\u00e1vnostn\u00e9 otvorenie sa m\u00f4\u017eu n\u00e1v\u0161tevn\u00edci te\u0161i\u0165 v\u00a0nede\u013eu 30. apr\u00edla. Okrem toho, \u017ee stretn\u00fa najzn\u00e1mej\u0161iu majite\u013eku hradu \u017dofiu Bosniakov\u00fa, \u010dak\u00e1 ich aj viacero aktiv\u00edt. \u201eV\u00a0kaplnke si vypo\u010duj\u00fa mini koncerty v podan\u00ed Anety Jakubcovej , ktor\u00e1 predvedie hru na harfe. Na hlavnom n\u00e1dvor\u00ed si z\u00e1ujemcovia pochutia na [&hellip;]\" \/>\n<meta property=\"og:url\" content=\"https:\/\/pmza.sk\/?p=55703\" \/>\n<meta property=\"og:site_name\" content=\"Pova\u017esk\u00e9 m\u00fazeum\" \/>\n<meta property=\"article:publisher\" content=\"https:\/\/www.facebook.com\/povazskemuzeum\" \/>\n<meta property=\"article:published_time\" content=\"2023-04-04T13:06:45+00:00\" \/>\n<meta property=\"article:modified_time\" content=\"2023-05-02T05:56:34+00:00\" \/>\n<meta property=\"og:image\" content=\"https:\/\/pmza.sk\/wp-content\/uploads\/2023\/04\/So_Zofiou_web-scaled.jpg\" \/>\n\t<meta property=\"og:image:width\" content=\"2560\" \/>\n\t<meta property=\"og:image:height\" content=\"2560\" \/>\n\t<meta property=\"og:image:type\" content=\"image\/jpeg\" \/>\n<meta name=\"author\" content=\"Pova\u017esk\u00e9 m\u00fazeum\" \/>\n<meta name=\"twitter:card\" content=\"summary_large_image\" \/>\n<meta name=\"twitter:label1\" content=\"Autor\" \/>\n\t<meta name=\"twitter:data1\" content=\"Pova\u017esk\u00e9 m\u00fazeum\" \/>\n\t<meta name=\"twitter:label2\" content=\"Predpokladan\u00fd \u010das \u010d\u00edtania\" \/>\n\t<meta name=\"twitter:data2\" content=\"1 min\u00fata\" \/>\n<script type=\"application\/ld+json\" class=\"yoast-schema-graph\">{\"@context\":\"https:\\\/\\\/schema.org\",\"@graph\":[{\"@type\":\"Article\",\"@id\":\"https:\\\/\\\/pmza.sk\\\/?p=55703#article\",\"isPartOf\":{\"@id\":\"https:\\\/\\\/pmza.sk\\\/?p=55703\"},\"author\":{\"name\":\"Pova\u017esk\u00e9 m\u00fazeum\",\"@id\":\"https:\\\/\\\/pmza.sk\\\/#\\\/schema\\\/person\\\/595e6a2ce731ea94dcd5d7f50a41ae33\"},\"headline\":\"So \u017dofiou na hrade\",\"datePublished\":\"2023-04-04T13:06:45+00:00\",\"dateModified\":\"2023-05-02T05:56:34+00:00\",\"mainEntityOfPage\":{\"@id\":\"https:\\\/\\\/pmza.sk\\\/?p=55703\"},\"wordCount\":199,\"commentCount\":0,\"publisher\":{\"@id\":\"https:\\\/\\\/pmza.sk\\\/#organization\"},\"image\":{\"@id\":\"https:\\\/\\\/pmza.sk\\\/?p=55703#primaryimage\"},\"thumbnailUrl\":\"https:\\\/\\\/pmza.sk\\\/wp-content\\\/uploads\\\/2023\\\/04\\\/So_Zofiou_web-scaled.jpg\",\"articleSection\":[\"Podujatia\"],\"inLanguage\":\"sk-SK\"},{\"@type\":\"WebPage\",\"@id\":\"https:\\\/\\\/pmza.sk\\\/?p=55703\",\"url\":\"https:\\\/\\\/pmza.sk\\\/?p=55703\",\"name\":\"So \u017dofiou na hrade - Pova\u017esk\u00e9 m\u00fazeum\",\"isPartOf\":{\"@id\":\"https:\\\/\\\/pmza.sk\\\/#website\"},\"primaryImageOfPage\":{\"@id\":\"https:\\\/\\\/pmza.sk\\\/?p=55703#primaryimage\"},\"image\":{\"@id\":\"https:\\\/\\\/pmza.sk\\\/?p=55703#primaryimage\"},\"thumbnailUrl\":\"https:\\\/\\\/pmza.sk\\\/wp-content\\\/uploads\\\/2023\\\/04\\\/So_Zofiou_web-scaled.jpg\",\"datePublished\":\"2023-04-04T13:06:45+00:00\",\"dateModified\":\"2023-05-02T05:56:34+00:00\",\"breadcrumb\":{\"@id\":\"https:\\\/\\\/pmza.sk\\\/?p=55703#breadcrumb\"},\"inLanguage\":\"sk-SK\",\"potentialAction\":[{\"@type\":\"ReadAction\",\"target\":[\"https:\\\/\\\/pmza.sk\\\/?p=55703\"]}]},{\"@type\":\"ImageObject\",\"inLanguage\":\"sk-SK\",\"@id\":\"https:\\\/\\\/pmza.sk\\\/?p=55703#primaryimage\",\"url\":\"https:\\\/\\\/pmza.sk\\\/wp-content\\\/uploads\\\/2023\\\/04\\\/So_Zofiou_web-scaled.jpg\",\"contentUrl\":\"https:\\\/\\\/pmza.sk\\\/wp-content\\\/uploads\\\/2023\\\/04\\\/So_Zofiou_web-scaled.jpg\",\"width\":2560,\"height\":2560},{\"@type\":\"BreadcrumbList\",\"@id\":\"https:\\\/\\\/pmza.sk\\\/?p=55703#breadcrumb\",\"itemListElement\":[{\"@type\":\"ListItem\",\"position\":1,\"name\":\"Domovsk\u00e1 str\u00e1nka\",\"item\":\"https:\\\/\\\/pmza.sk\\\/\"},{\"@type\":\"ListItem\",\"position\":2,\"name\":\"So \u017dofiou na hrade\"}]},{\"@type\":\"WebSite\",\"@id\":\"https:\\\/\\\/pmza.sk\\\/#website\",\"url\":\"https:\\\/\\\/pmza.sk\\\/\",\"name\":\"Pova\u017esk\u00e9 m\u00fazeum\",\"description\":\"Pova\u017esk\u00e9 m\u00fazeum v \u017diline je region\u00e1lne m\u00fazeum so s\u00eddlom v Budat\u00edne. Jeho expoz\u00edcie s\u00fa zameran\u00e9 na dejiny slovensk\u00e9ho umenia, kult\u00fary a dopravy.\",\"publisher\":{\"@id\":\"https:\\\/\\\/pmza.sk\\\/#organization\"},\"potentialAction\":[{\"@type\":\"SearchAction\",\"target\":{\"@type\":\"EntryPoint\",\"urlTemplate\":\"https:\\\/\\\/pmza.sk\\\/?s={search_term_string}\"},\"query-input\":{\"@type\":\"PropertyValueSpecification\",\"valueRequired\":true,\"valueName\":\"search_term_string\"}}],\"inLanguage\":\"sk-SK\"},{\"@type\":\"Organization\",\"@id\":\"https:\\\/\\\/pmza.sk\\\/#organization\",\"name\":\"Pova\u017esk\u00e9 m\u00fazeum\",\"url\":\"https:\\\/\\\/pmza.sk\\\/\",\"logo\":{\"@type\":\"ImageObject\",\"inLanguage\":\"sk-SK\",\"@id\":\"https:\\\/\\\/pmza.sk\\\/#\\\/schema\\\/logo\\\/image\\\/\",\"url\":\"https:\\\/\\\/pmza.sk\\\/wp-content\\\/uploads\\\/2022\\\/01\\\/logo_PM_horizontal.jpg\",\"contentUrl\":\"https:\\\/\\\/pmza.sk\\\/wp-content\\\/uploads\\\/2022\\\/01\\\/logo_PM_horizontal.jpg\",\"width\":231,\"height\":142,\"caption\":\"Pova\u017esk\u00e9 m\u00fazeum\"},\"image\":{\"@id\":\"https:\\\/\\\/pmza.sk\\\/#\\\/schema\\\/logo\\\/image\\\/\"},\"sameAs\":[\"https:\\\/\\\/www.facebook.com\\\/povazskemuzeum\",\"https:\\\/\\\/www.instagram.com\\\/povazskemuzeum\\\/\"]},{\"@type\":\"Person\",\"@id\":\"https:\\\/\\\/pmza.sk\\\/#\\\/schema\\\/person\\\/595e6a2ce731ea94dcd5d7f50a41ae33\",\"name\":\"Pova\u017esk\u00e9 m\u00fazeum\",\"image\":{\"@type\":\"ImageObject\",\"inLanguage\":\"sk-SK\",\"@id\":\"https:\\\/\\\/secure.gravatar.com\\\/avatar\\\/2bb7f1561282132fb5826dfeccc66c7996d11ee392ac6aaf7ced8a1c2027fbb2?s=96&d=mm&r=g\",\"url\":\"https:\\\/\\\/secure.gravatar.com\\\/avatar\\\/2bb7f1561282132fb5826dfeccc66c7996d11ee392ac6aaf7ced8a1c2027fbb2?s=96&d=mm&r=g\",\"contentUrl\":\"https:\\\/\\\/secure.gravatar.com\\\/avatar\\\/2bb7f1561282132fb5826dfeccc66c7996d11ee392ac6aaf7ced8a1c2027fbb2?s=96&d=mm&r=g\",\"caption\":\"Pova\u017esk\u00e9 m\u00fazeum\"}}]}<\/script>\n<!-- \/ Yoast SEO plugin. -->","yoast_head_json":{"title":"So \u017dofiou na hrade - Pova\u017esk\u00e9 m\u00fazeum","robots":{"index":"index","follow":"follow","max-snippet":"max-snippet:-1","max-image-preview":"max-image-preview:large","max-video-preview":"max-video-preview:-1"},"canonical":"https:\/\/pmza.sk\/?p=55703","og_locale":"sk_SK","og_type":"article","og_title":"So \u017dofiou na hrade - Pova\u017esk\u00e9 m\u00fazeum","og_description":"Hoci hrad Stre\u010dno otvoril svoje br\u00e1ny u\u017e 1. apr\u00edla, na sl\u00e1vnostn\u00e9 otvorenie sa m\u00f4\u017eu n\u00e1v\u0161tevn\u00edci te\u0161i\u0165 v\u00a0nede\u013eu 30. apr\u00edla. Okrem toho, \u017ee stretn\u00fa najzn\u00e1mej\u0161iu majite\u013eku hradu \u017dofiu Bosniakov\u00fa, \u010dak\u00e1 ich aj viacero aktiv\u00edt. \u201eV\u00a0kaplnke si vypo\u010duj\u00fa mini koncerty v podan\u00ed Anety Jakubcovej , ktor\u00e1 predvedie hru na harfe. Na hlavnom n\u00e1dvor\u00ed si z\u00e1ujemcovia pochutia na [&hellip;]","og_url":"https:\/\/pmza.sk\/?p=55703","og_site_name":"Pova\u017esk\u00e9 m\u00fazeum","article_publisher":"https:\/\/www.facebook.com\/povazskemuzeum","article_published_time":"2023-04-04T13:06:45+00:00","article_modified_time":"2023-05-02T05:56:34+00:00","og_image":[{"width":2560,"height":2560,"url":"https:\/\/pmza.sk\/wp-content\/uploads\/2023\/04\/So_Zofiou_web-scaled.jpg","type":"image\/jpeg"}],"author":"Pova\u017esk\u00e9 m\u00fazeum","twitter_card":"summary_large_image","twitter_misc":{"Autor":"Pova\u017esk\u00e9 m\u00fazeum","Predpokladan\u00fd \u010das \u010d\u00edtania":"1 min\u00fata"},"schema":{"@context":"https:\/\/schema.org","@graph":[{"@type":"Article","@id":"https:\/\/pmza.sk\/?p=55703#article","isPartOf":{"@id":"https:\/\/pmza.sk\/?p=55703"},"author":{"name":"Pova\u017esk\u00e9 m\u00fazeum","@id":"https:\/\/pmza.sk\/#\/schema\/person\/595e6a2ce731ea94dcd5d7f50a41ae33"},"headline":"So \u017dofiou na hrade","datePublished":"2023-04-04T13:06:45+00:00","dateModified":"2023-05-02T05:56:34+00:00","mainEntityOfPage":{"@id":"https:\/\/pmza.sk\/?p=55703"},"wordCount":199,"commentCount":0,"publisher":{"@id":"https:\/\/pmza.sk\/#organization"},"image":{"@id":"https:\/\/pmza.sk\/?p=55703#primaryimage"},"thumbnailUrl":"https:\/\/pmza.sk\/wp-content\/uploads\/2023\/04\/So_Zofiou_web-scaled.jpg","articleSection":["Podujatia"],"inLanguage":"sk-SK"},{"@type":"WebPage","@id":"https:\/\/pmza.sk\/?p=55703","url":"https:\/\/pmza.sk\/?p=55703","name":"So \u017dofiou na hrade - Pova\u017esk\u00e9 m\u00fazeum","isPartOf":{"@id":"https:\/\/pmza.sk\/#website"},"primaryImageOfPage":{"@id":"https:\/\/pmza.sk\/?p=55703#primaryimage"},"image":{"@id":"https:\/\/pmza.sk\/?p=55703#primaryimage"},"thumbnailUrl":"https:\/\/pmza.sk\/wp-content\/uploads\/2023\/04\/So_Zofiou_web-scaled.jpg","datePublished":"2023-04-04T13:06:45+00:00","dateModified":"2023-05-02T05:56:34+00:00","breadcrumb":{"@id":"https:\/\/pmza.sk\/?p=55703#breadcrumb"},"inLanguage":"sk-SK","potentialAction":[{"@type":"ReadAction","target":["https:\/\/pmza.sk\/?p=55703"]}]},{"@type":"ImageObject","inLanguage":"sk-SK","@id":"https:\/\/pmza.sk\/?p=55703#primaryimage","url":"https:\/\/pmza.sk\/wp-content\/uploads\/2023\/04\/So_Zofiou_web-scaled.jpg","contentUrl":"https:\/\/pmza.sk\/wp-content\/uploads\/2023\/04\/So_Zofiou_web-scaled.jpg","width":2560,"height":2560},{"@type":"BreadcrumbList","@id":"https:\/\/pmza.sk\/?p=55703#breadcrumb","itemListElement":[{"@type":"ListItem","position":1,"name":"Domovsk\u00e1 str\u00e1nka","item":"https:\/\/pmza.sk\/"},{"@type":"ListItem","position":2,"name":"So \u017dofiou na hrade"}]},{"@type":"WebSite","@id":"https:\/\/pmza.sk\/#website","url":"https:\/\/pmza.sk\/","name":"Pova\u017esk\u00e9 m\u00fazeum","description":"Pova\u017esk\u00e9 m\u00fazeum v \u017diline je region\u00e1lne m\u00fazeum so s\u00eddlom v Budat\u00edne. Jeho expoz\u00edcie s\u00fa zameran\u00e9 na dejiny slovensk\u00e9ho umenia, kult\u00fary a dopravy.","publisher":{"@id":"https:\/\/pmza.sk\/#organization"},"potentialAction":[{"@type":"SearchAction","target":{"@type":"EntryPoint","urlTemplate":"https:\/\/pmza.sk\/?s={search_term_string}"},"query-input":{"@type":"PropertyValueSpecification","valueRequired":true,"valueName":"search_term_string"}}],"inLanguage":"sk-SK"},{"@type":"Organization","@id":"https:\/\/pmza.sk\/#organization","name":"Pova\u017esk\u00e9 m\u00fazeum","url":"https:\/\/pmza.sk\/","logo":{"@type":"ImageObject","inLanguage":"sk-SK","@id":"https:\/\/pmza.sk\/#\/schema\/logo\/image\/","url":"https:\/\/pmza.sk\/wp-content\/uploads\/2022\/01\/logo_PM_horizontal.jpg","contentUrl":"https:\/\/pmza.sk\/wp-content\/uploads\/2022\/01\/logo_PM_horizontal.jpg","width":231,"height":142,"caption":"Pova\u017esk\u00e9 m\u00fazeum"},"image":{"@id":"https:\/\/pmza.sk\/#\/schema\/logo\/image\/"},"sameAs":["https:\/\/www.facebook.com\/povazskemuzeum","https:\/\/www.instagram.com\/povazskemuzeum\/"]},{"@type":"Person","@id":"https:\/\/pmza.sk\/#\/schema\/person\/595e6a2ce731ea94dcd5d7f50a41ae33","name":"Pova\u017esk\u00e9 m\u00fazeum","image":{"@type":"ImageObject","inLanguage":"sk-SK","@id":"https:\/\/secure.gravatar.com\/avatar\/2bb7f1561282132fb5826dfeccc66c7996d11ee392ac6aaf7ced8a1c2027fbb2?s=96&d=mm&r=g","url":"https:\/\/secure.gravatar.com\/avatar\/2bb7f1561282132fb5826dfeccc66c7996d11ee392ac6aaf7ced8a1c2027fbb2?s=96&d=mm&r=g","contentUrl":"https:\/\/secure.gravatar.com\/avatar\/2bb7f1561282132fb5826dfeccc66c7996d11ee392ac6aaf7ced8a1c2027fbb2?s=96&d=mm&r=g","caption":"Pova\u017esk\u00e9 m\u00fazeum"}}]}},"_links":{"self":[{"href":"https:\/\/pmza.sk\/index.php?rest_route=\/wp\/v2\/posts\/55703","targetHints":{"allow":["GET"]}}],"collection":[{"href":"https:\/\/pmza.sk\/index.php?rest_route=\/wp\/v2\/posts"}],"about":[{"href":"https:\/\/pmza.sk\/index.php?rest_route=\/wp\/v2\/types\/post"}],"author":[{"embeddable":true,"href":"https:\/\/pmza.sk\/index.php?rest_route=\/wp\/v2\/users\/2"}],"replies":[{"embeddable":true,"href":"https:\/\/pmza.sk\/index.php?rest_route=%2Fwp%2Fv2%2Fcomments&post=55703"}],"version-history":[{"count":0,"href":"https:\/\/pmza.sk\/index.php?rest_route=\/wp\/v2\/posts\/55703\/revisions"}],"wp:featuredmedia":[{"embeddable":true,"href":"https:\/\/pmza.sk\/index.php?rest_route=\/wp\/v2\/media\/55706"}],"wp:attachment":[{"href":"https:\/\/pmza.sk\/index.php?rest_route=%2Fwp%2Fv2%2Fmedia&parent=55703"}],"wp:term":[{"taxonomy":"category","embeddable":true,"href":"https:\/\/pmza.sk\/index.php?rest_route=%2Fwp%2Fv2%2Fcategories&post=55703"},{"taxonomy":"post_tag","embeddable":true,"href":"https:\/\/pmza.sk\/index.php?rest_route=%2Fwp%2Fv2%2Ftags&post=55703"}],"curies":[{"name":"wp","href":"https:\/\/api.w.org\/{rel}","templated":true}]}}