{"id":55785,"date":"2023-04-05T09:46:21","date_gmt":"2023-04-05T07:46:21","guid":{"rendered":"https:\/\/pmza.sk\/?p=55785"},"modified":"2023-04-28T10:53:09","modified_gmt":"2023-04-28T08:53:09","slug":"nove-poznatky-z-historie-cestnej-dopravy","status":"publish","type":"post","link":"https:\/\/pmza.sk\/?p=55785","title":{"rendered":"Nov\u00e9 poznatky z hist\u00f3rie cestnej dopravy"},"content":{"rendered":"<p>Odborn\u00e1 konferencia s n\u00e1zvom Nov\u00e9 poznatky z hist\u00f3rie cestnej dopravy pon\u00fakne po\u010das dvoch dn\u00ed zauj\u00edmav\u00e9 predn\u00e1\u0161ky na r\u00f4zne t\u00e9my.\u00a0 Zameran\u00e1 bude najm\u00e4 na t\u00e9my s\u00favisiace s cestnou dopravou, napr\u00edklad v\u00fdvoj cestnej dopravy v ur\u010denom obdob\u00ed, stavba ciest a cestn\u00e1 infra\u0161trukt\u00fara, verejn\u00e1 a s\u00fakromn\u00e1 doprava, dopravn\u00e9 prostriedky minulosti, akviz\u00edcie, n\u00e1lezy, dokument\u00e1cia a ochrana kult\u00farneho dedi\u010dstva v oblasti cestnej dopravy.<\/p>\n<p>Konferencia sa bude kona\u0165 26. a 27. apr\u00edla.<\/p>\n<p>Program:<\/p>\n<p>26. 4. 2023 \u00darad \u017dilinsk\u00e9ho samospr\u00e1vneho kraja (zasadacia miestnos\u0165)<\/p>\n<p>9.30 \u2013 10.00 registr\u00e1cia \u00fa\u010dastn\u00edkov<\/p>\n<p>10.00 \u2013 10.15 pr\u00edhovory<\/p>\n<p>10.15 \u2013 10.45 Mgr. Martin Mi\u0148o, JUDr. et Mgr. Martin Kvietok, PhDr. Klaudia Da\u0148ov\u00e1, PhD., doc. Mgr. Miroslava Da\u0148ov\u00e1, PhD., Mgr. et Mgr. Mojm\u00edr Choma, Mgr. Peter \u010eurica:<\/p>\n<p><em>Prekonanie vodnej prek\u00e1\u017eky v\u00a0dejin\u00e1ch cestnej dopravy na Pohron\u00ed<\/em><\/p>\n<p>10.45 \u2013 11.15 Mgr. Du\u0161an Dzuro (Vojensk\u00e9 historick\u00e9 m\u00fazeum Pie\u0161\u0165any)<\/p>\n<p><em>Stredn\u00e1 \u010das\u0165 rieky V\u00e1h ako dopravn\u00fd koridor v\u00a0stredoveku<\/em><\/p>\n<p>11.15 \u2013 11.45 Mgr. Peter \u0160imko, PhD. (Pova\u017esk\u00e9 m\u00fazeum)<\/p>\n<p><em>Na margo cestn\u00fdch dopravn\u00fdch prostriedkov a\u00a0pr\u00edcestnej infra\u0161trukt\u00fary na \u00fazem\u00ed Slovenska<\/em><\/p>\n<p>11.45 \u2013 12.00 diskusia<\/p>\n<p>12.00 \u2013 13.30 prest\u00e1vka na obed<\/p>\n<p>13.30 \u2013 14.00 PhDr. Oto Tome\u010dek, PhD. (Filozofick\u00e1 fakulta, Univerzita Mateja Bela Bansk\u00e1 Bystrica)<\/p>\n<p><em>Cestou \u2013 necestou. Hodnotenie kvality ciest o\u010dami ich pou\u017e\u00edvate\u013eov v\u00a02. polovici 18. storo\u010dia <\/em><\/p>\n<p>14.00 \u2013 14.30 Michal Plavec (N\u00e1rodn\u00ed technick\u00e9 muzeum Praha)<\/p>\n<p><em>Motocyklista \u2013 automobilista \u2013 letec. P\u0159irozen\u00fd technick\u00fd v\u00fdvoj na p\u0159\u00edkladu Dr. Imricha Hod\u00f3ssyho (1906 \u2013 1937) <\/em><\/p>\n<p>14.30 \u2013 15.00 Ing. Jaroslava Neubauerov\u00e1, PhD. (Ban\u00edcke m\u00fazeum Ro\u017e\u0148ava)<\/p>\n<p><em>Parn\u00fd valec a\u00a0\u0160koda Sentinel v\u00a0zbierkach Ban\u00edckeho m\u00fazea v\u00a0Ro\u017e\u0148ave<\/em><\/p>\n<p>15.00 \u2013 15.30 prest\u00e1vka na k\u00e1vu<\/p>\n<p>15.30 \u2013 16.00 PhDr. Miroslav Sabol, PhD., PhDr. \u013dudov\u00edt Hallon, PhD. (Historick\u00fd \u00fastav SAV Bratislava)<\/p>\n<p><em>Cestn\u00e1 doprava ako s\u00fa\u010das\u0165 individu\u00e1lneho cestovn\u00e9ho ruchu za vojny<\/em><\/p>\n<p>16.00 \u2013 16.30 PhDr. Michal \u010eur\u010do, PhD. (Historick\u00fd \u00fastav SAV Bratislava)<\/p>\n<p><em>Pre\u010do sa cesta cez \u010certovicu nestala slovensk\u00fdm Grossglocknerom?<\/em><\/p>\n<p>16.30 \u2013 17.00 diskusia<\/p>\n<p>17.00 \u2013 19.00 exkurzia historick\u00fdm autobusom Karosa \u0160D 11 \u2013 prehliadka M\u00fazea dopravy v\u00a0Rajeck\u00fdch Tepliciach<\/p>\n<p>27. 4. 2023 Budat\u00ednsky hrad (v\u00fdchodn\u00fd pal\u00e1c)<\/p>\n<p>8.45 otvorenie konferencie<\/p>\n<p>9.00 \u2013 9.30 prof. Dr. Ing. Martin Deck\u00fd (\u017dilinsk\u00e1 univerzita v \u017diline)<\/p>\n<p><em>V\u00fdvoj kon\u0161trukci\u00ed vozoviek miestnych ciest nielen v\u00a020. storo\u010d\u00ed<\/em><\/p>\n<p>9.30 \u2013 10.00 Mgr. Luk\u00e1\u0161 Danko (Vojensk\u00e9 historick\u00e9 m\u00fazeum Pie\u0161\u0165any)<\/p>\n<p><em>Osobn\u00e9 a\u00a0n\u00e1kladn\u00e9 automobily v\u00a0arm\u00e1de po roku 1945<\/em><\/p>\n<p>10.00 \u2013 10.30 prehliadka v\u00fdstavy Na dvoch koles\u00e1ch v kaplnke Budat\u00ednskeho hradu<\/p>\n<p>10.30 \u2013 11.00 Ing. Erik Benko (Slovensk\u00e9 technick\u00e9 m\u00fazeum Ko\u0161ice)<\/p>\n<p><em>\u010ceskoslovensk\u00e9 automobily po roku 1948 v\u00a0zbierkach Slovensk\u00e9ho technick\u00e9ho m\u00fazea<\/em><\/p>\n<p>11.00 \u2013 11.30 Mgr. Michal Jajcaj (Slovensk\u00e9 technick\u00e9 m\u00fazeum &#8211; M\u00fazeum mesta Bratislavy)<\/p>\n<p><em>Hist\u00f3ria mestskej hromadnej dopravy v\u00a0Trnave<\/em><\/p>\n<p>11.30 diskusia a\u00a0z\u00e1ver konferencie<\/p>\n<p>&nbsp;<\/p>\n<p>Usporiadate\u013eom konferencie je Pova\u017esk\u00e9 m\u00fazeum, realiz\u00e1ciu podporil Fond na podporu umenia.<\/p>\n<div class=\"wp-block-image\"><img decoding=\"async\" class=\"alignnone wp-image-55787\" src=\"https:\/\/pmza.sk\/wp-content\/uploads\/2023\/04\/FPU_logo1_modre-480x360.jpg\" alt=\"\" width=\"247\" height=\"185\" srcset=\"https:\/\/pmza.sk\/wp-content\/uploads\/2023\/04\/FPU_logo1_modre-480x360.jpg 480w, https:\/\/pmza.sk\/wp-content\/uploads\/2023\/04\/FPU_logo1_modre-982x736.jpg 982w, https:\/\/pmza.sk\/wp-content\/uploads\/2023\/04\/FPU_logo1_modre-768x576.jpg 768w, https:\/\/pmza.sk\/wp-content\/uploads\/2023\/04\/FPU_logo1_modre-1536x1152.jpg 1536w, https:\/\/pmza.sk\/wp-content\/uploads\/2023\/04\/FPU_logo1_modre-2048x1536.jpg 2048w, https:\/\/pmza.sk\/wp-content\/uploads\/2023\/04\/FPU_logo1_modre-600x450.jpg 600w\" sizes=\"(max-width: 247px) 100vw, 247px\" \/><\/div>\n<div><\/div>\n<div>\n<div class=\"wp-block-image\"><img fetchpriority=\"high\" decoding=\"async\" class=\"alignnone size-medium wp-image-55788\" src=\"https:\/\/pmza.sk\/wp-content\/uploads\/2023\/04\/Konferencia_plagat-255x360.jpg\" alt=\"\" width=\"255\" height=\"360\" srcset=\"https:\/\/pmza.sk\/wp-content\/uploads\/2023\/04\/Konferencia_plagat-255x360.jpg 255w, https:\/\/pmza.sk\/wp-content\/uploads\/2023\/04\/Konferencia_plagat-520x736.jpg 520w, https:\/\/pmza.sk\/wp-content\/uploads\/2023\/04\/Konferencia_plagat-768x1086.jpg 768w, https:\/\/pmza.sk\/wp-content\/uploads\/2023\/04\/Konferencia_plagat-1086x1536.jpg 1086w, https:\/\/pmza.sk\/wp-content\/uploads\/2023\/04\/Konferencia_plagat-1448x2048.jpg 1448w, https:\/\/pmza.sk\/wp-content\/uploads\/2023\/04\/Konferencia_plagat-600x849.jpg 600w, https:\/\/pmza.sk\/wp-content\/uploads\/2023\/04\/Konferencia_plagat-scaled.jpg 1810w\" sizes=\"(max-width: 255px) 100vw, 255px\" \/><\/div>\n<\/div>\n<div><\/div>\n<div>Plag\u00e1t v plnej ve\u013ekosti <a href=\"https:\/\/pmza.sk\/wp-content\/uploads\/2023\/04\/Konferencia_plagat.pdf\">TU<\/a><\/div>\n<div>Program konferencie na stiahnutie <a href=\"https:\/\/pmza.sk\/wp-content\/uploads\/2023\/04\/Konferencia_program.pdf\">TU<\/a><\/div>\n","protected":false},"excerpt":{"rendered":"<p>Odborn\u00e1 konferencia s n\u00e1zvom Nov\u00e9 poznatky z hist\u00f3rie cestnej dopravy pon\u00fakne po\u010das dvoch dn\u00ed zauj\u00edmav\u00e9 predn\u00e1\u0161ky na r\u00f4zne t\u00e9my.\u00a0 Zameran\u00e1 bude najm\u00e4 na t\u00e9my s\u00favisiace s cestnou dopravou, napr\u00edklad v\u00fdvoj cestnej dopravy v ur\u010denom obdob\u00ed, stavba ciest a cestn\u00e1 infra\u0161trukt\u00fara, verejn\u00e1 a s\u00fakromn\u00e1 doprava, dopravn\u00e9 prostriedky minulosti, akviz\u00edcie, n\u00e1lezy, dokument\u00e1cia a ochrana kult\u00farneho dedi\u010dstva v [&hellip;]<\/p>\n","protected":false},"author":2,"featured_media":55791,"comment_status":"open","ping_status":"open","sticky":false,"template":"","format":"standard","meta":{"site-sidebar-layout":"default","site-content-layout":"default","ast-site-content-layout":"","site-content-style":"default","site-sidebar-style":"default","ast-global-header-display":"","ast-banner-title-visibility":"","ast-main-header-display":"","ast-hfb-above-header-display":"","ast-hfb-below-header-display":"","ast-hfb-mobile-header-display":"","site-post-title":"","ast-breadcrumbs-content":"","ast-featured-img":"","footer-sml-layout":"","theme-transparent-header-meta":"default","adv-header-id-meta":"","stick-header-meta":"default","header-above-stick-meta":"","header-main-stick-meta":"","header-below-stick-meta":"","astra-migrate-meta-layouts":"default","ast-page-background-enabled":"default","ast-page-background-meta":{"desktop":{"background-color":"var(--ast-global-color-4)","background-image":"","background-repeat":"repeat","background-position":"center center","background-size":"auto","background-attachment":"scroll","background-type":"","background-media":"","overlay-type":"","overlay-color":"","overlay-opacity":"","overlay-gradient":""},"tablet":{"background-color":"","background-image":"","background-repeat":"repeat","background-position":"center center","background-size":"auto","background-attachment":"scroll","background-type":"","background-media":"","overlay-type":"","overlay-color":"","overlay-opacity":"","overlay-gradient":""},"mobile":{"background-color":"","background-image":"","background-repeat":"repeat","background-position":"center center","background-size":"auto","background-attachment":"scroll","background-type":"","background-media":"","overlay-type":"","overlay-color":"","overlay-opacity":"","overlay-gradient":""}},"ast-content-background-meta":{"desktop":{"background-color":"var(--ast-global-color-5)","background-image":"","background-repeat":"repeat","background-position":"center center","background-size":"auto","background-attachment":"scroll","background-type":"","background-media":"","overlay-type":"","overlay-color":"","overlay-opacity":"","overlay-gradient":""},"tablet":{"background-color":"var(--ast-global-color-5)","background-image":"","background-repeat":"repeat","background-position":"center center","background-size":"auto","background-attachment":"scroll","background-type":"","background-media":"","overlay-type":"","overlay-color":"","overlay-opacity":"","overlay-gradient":""},"mobile":{"background-color":"var(--ast-global-color-5)","background-image":"","background-repeat":"repeat","background-position":"center center","background-size":"auto","background-attachment":"scroll","background-type":"","background-media":"","overlay-type":"","overlay-color":"","overlay-opacity":"","overlay-gradient":""}},"footnotes":""},"categories":[71],"tags":[],"class_list":["post-55785","post","type-post","status-publish","format-standard","has-post-thumbnail","hentry","category-podujatia"],"yoast_head":"<!-- This site is optimized with the Yoast SEO plugin v27.4 - https:\/\/yoast.com\/product\/yoast-seo-wordpress\/ -->\n<title>Nov\u00e9 poznatky z hist\u00f3rie cestnej dopravy - Pova\u017esk\u00e9 m\u00fazeum<\/title>\n<meta name=\"robots\" content=\"index, follow, max-snippet:-1, max-image-preview:large, max-video-preview:-1\" \/>\n<link rel=\"canonical\" href=\"https:\/\/pmza.sk\/?p=55785\" \/>\n<meta property=\"og:locale\" content=\"sk_SK\" \/>\n<meta property=\"og:type\" content=\"article\" \/>\n<meta property=\"og:title\" content=\"Nov\u00e9 poznatky z hist\u00f3rie cestnej dopravy - Pova\u017esk\u00e9 m\u00fazeum\" \/>\n<meta property=\"og:description\" content=\"Odborn\u00e1 konferencia s n\u00e1zvom Nov\u00e9 poznatky z hist\u00f3rie cestnej dopravy pon\u00fakne po\u010das dvoch dn\u00ed zauj\u00edmav\u00e9 predn\u00e1\u0161ky na r\u00f4zne t\u00e9my.\u00a0 Zameran\u00e1 bude najm\u00e4 na t\u00e9my s\u00favisiace s cestnou dopravou, napr\u00edklad v\u00fdvoj cestnej dopravy v ur\u010denom obdob\u00ed, stavba ciest a cestn\u00e1 infra\u0161trukt\u00fara, verejn\u00e1 a s\u00fakromn\u00e1 doprava, dopravn\u00e9 prostriedky minulosti, akviz\u00edcie, n\u00e1lezy, dokument\u00e1cia a ochrana kult\u00farneho dedi\u010dstva v [&hellip;]\" \/>\n<meta property=\"og:url\" content=\"https:\/\/pmza.sk\/?p=55785\" \/>\n<meta property=\"og:site_name\" content=\"Pova\u017esk\u00e9 m\u00fazeum\" \/>\n<meta property=\"article:publisher\" content=\"https:\/\/www.facebook.com\/povazskemuzeum\" \/>\n<meta property=\"article:published_time\" content=\"2023-04-05T07:46:21+00:00\" \/>\n<meta property=\"article:modified_time\" content=\"2023-04-28T08:53:09+00:00\" \/>\n<meta property=\"og:image\" content=\"https:\/\/pmza.sk\/wp-content\/uploads\/2023\/04\/Konferencia_web-scaled.jpg\" \/>\n\t<meta property=\"og:image:width\" content=\"2560\" \/>\n\t<meta property=\"og:image:height\" content=\"2560\" \/>\n\t<meta property=\"og:image:type\" content=\"image\/jpeg\" \/>\n<meta name=\"author\" content=\"Pova\u017esk\u00e9 m\u00fazeum\" \/>\n<meta name=\"twitter:card\" content=\"summary_large_image\" \/>\n<meta name=\"twitter:label1\" content=\"Autor\" \/>\n\t<meta name=\"twitter:data1\" content=\"Pova\u017esk\u00e9 m\u00fazeum\" \/>\n\t<meta name=\"twitter:label2\" content=\"Predpokladan\u00fd \u010das \u010d\u00edtania\" \/>\n\t<meta name=\"twitter:data2\" content=\"2 min\u00faty\" \/>\n<script type=\"application\/ld+json\" class=\"yoast-schema-graph\">{\"@context\":\"https:\\\/\\\/schema.org\",\"@graph\":[{\"@type\":\"Article\",\"@id\":\"https:\\\/\\\/pmza.sk\\\/?p=55785#article\",\"isPartOf\":{\"@id\":\"https:\\\/\\\/pmza.sk\\\/?p=55785\"},\"author\":{\"name\":\"Pova\u017esk\u00e9 m\u00fazeum\",\"@id\":\"https:\\\/\\\/pmza.sk\\\/#\\\/schema\\\/person\\\/595e6a2ce731ea94dcd5d7f50a41ae33\"},\"headline\":\"Nov\u00e9 poznatky z hist\u00f3rie cestnej dopravy\",\"datePublished\":\"2023-04-05T07:46:21+00:00\",\"dateModified\":\"2023-04-28T08:53:09+00:00\",\"mainEntityOfPage\":{\"@id\":\"https:\\\/\\\/pmza.sk\\\/?p=55785\"},\"wordCount\":466,\"commentCount\":0,\"publisher\":{\"@id\":\"https:\\\/\\\/pmza.sk\\\/#organization\"},\"image\":{\"@id\":\"https:\\\/\\\/pmza.sk\\\/?p=55785#primaryimage\"},\"thumbnailUrl\":\"https:\\\/\\\/pmza.sk\\\/wp-content\\\/uploads\\\/2023\\\/04\\\/Konferencia_web-scaled.jpg\",\"articleSection\":[\"Podujatia\"],\"inLanguage\":\"sk-SK\"},{\"@type\":\"WebPage\",\"@id\":\"https:\\\/\\\/pmza.sk\\\/?p=55785\",\"url\":\"https:\\\/\\\/pmza.sk\\\/?p=55785\",\"name\":\"Nov\u00e9 poznatky z hist\u00f3rie cestnej dopravy - Pova\u017esk\u00e9 m\u00fazeum\",\"isPartOf\":{\"@id\":\"https:\\\/\\\/pmza.sk\\\/#website\"},\"primaryImageOfPage\":{\"@id\":\"https:\\\/\\\/pmza.sk\\\/?p=55785#primaryimage\"},\"image\":{\"@id\":\"https:\\\/\\\/pmza.sk\\\/?p=55785#primaryimage\"},\"thumbnailUrl\":\"https:\\\/\\\/pmza.sk\\\/wp-content\\\/uploads\\\/2023\\\/04\\\/Konferencia_web-scaled.jpg\",\"datePublished\":\"2023-04-05T07:46:21+00:00\",\"dateModified\":\"2023-04-28T08:53:09+00:00\",\"breadcrumb\":{\"@id\":\"https:\\\/\\\/pmza.sk\\\/?p=55785#breadcrumb\"},\"inLanguage\":\"sk-SK\",\"potentialAction\":[{\"@type\":\"ReadAction\",\"target\":[\"https:\\\/\\\/pmza.sk\\\/?p=55785\"]}]},{\"@type\":\"ImageObject\",\"inLanguage\":\"sk-SK\",\"@id\":\"https:\\\/\\\/pmza.sk\\\/?p=55785#primaryimage\",\"url\":\"https:\\\/\\\/pmza.sk\\\/wp-content\\\/uploads\\\/2023\\\/04\\\/Konferencia_web-scaled.jpg\",\"contentUrl\":\"https:\\\/\\\/pmza.sk\\\/wp-content\\\/uploads\\\/2023\\\/04\\\/Konferencia_web-scaled.jpg\",\"width\":2560,\"height\":2560},{\"@type\":\"BreadcrumbList\",\"@id\":\"https:\\\/\\\/pmza.sk\\\/?p=55785#breadcrumb\",\"itemListElement\":[{\"@type\":\"ListItem\",\"position\":1,\"name\":\"Domovsk\u00e1 str\u00e1nka\",\"item\":\"https:\\\/\\\/pmza.sk\\\/\"},{\"@type\":\"ListItem\",\"position\":2,\"name\":\"Nov\u00e9 poznatky z hist\u00f3rie cestnej dopravy\"}]},{\"@type\":\"WebSite\",\"@id\":\"https:\\\/\\\/pmza.sk\\\/#website\",\"url\":\"https:\\\/\\\/pmza.sk\\\/\",\"name\":\"Pova\u017esk\u00e9 m\u00fazeum\",\"description\":\"Pova\u017esk\u00e9 m\u00fazeum v \u017diline je region\u00e1lne m\u00fazeum so s\u00eddlom v Budat\u00edne. Jeho expoz\u00edcie s\u00fa zameran\u00e9 na dejiny slovensk\u00e9ho umenia, kult\u00fary a dopravy.\",\"publisher\":{\"@id\":\"https:\\\/\\\/pmza.sk\\\/#organization\"},\"potentialAction\":[{\"@type\":\"SearchAction\",\"target\":{\"@type\":\"EntryPoint\",\"urlTemplate\":\"https:\\\/\\\/pmza.sk\\\/?s={search_term_string}\"},\"query-input\":{\"@type\":\"PropertyValueSpecification\",\"valueRequired\":true,\"valueName\":\"search_term_string\"}}],\"inLanguage\":\"sk-SK\"},{\"@type\":\"Organization\",\"@id\":\"https:\\\/\\\/pmza.sk\\\/#organization\",\"name\":\"Pova\u017esk\u00e9 m\u00fazeum\",\"url\":\"https:\\\/\\\/pmza.sk\\\/\",\"logo\":{\"@type\":\"ImageObject\",\"inLanguage\":\"sk-SK\",\"@id\":\"https:\\\/\\\/pmza.sk\\\/#\\\/schema\\\/logo\\\/image\\\/\",\"url\":\"https:\\\/\\\/pmza.sk\\\/wp-content\\\/uploads\\\/2022\\\/01\\\/logo_PM_horizontal.jpg\",\"contentUrl\":\"https:\\\/\\\/pmza.sk\\\/wp-content\\\/uploads\\\/2022\\\/01\\\/logo_PM_horizontal.jpg\",\"width\":231,\"height\":142,\"caption\":\"Pova\u017esk\u00e9 m\u00fazeum\"},\"image\":{\"@id\":\"https:\\\/\\\/pmza.sk\\\/#\\\/schema\\\/logo\\\/image\\\/\"},\"sameAs\":[\"https:\\\/\\\/www.facebook.com\\\/povazskemuzeum\",\"https:\\\/\\\/www.instagram.com\\\/povazskemuzeum\\\/\"]},{\"@type\":\"Person\",\"@id\":\"https:\\\/\\\/pmza.sk\\\/#\\\/schema\\\/person\\\/595e6a2ce731ea94dcd5d7f50a41ae33\",\"name\":\"Pova\u017esk\u00e9 m\u00fazeum\",\"image\":{\"@type\":\"ImageObject\",\"inLanguage\":\"sk-SK\",\"@id\":\"https:\\\/\\\/secure.gravatar.com\\\/avatar\\\/2bb7f1561282132fb5826dfeccc66c7996d11ee392ac6aaf7ced8a1c2027fbb2?s=96&d=mm&r=g\",\"url\":\"https:\\\/\\\/secure.gravatar.com\\\/avatar\\\/2bb7f1561282132fb5826dfeccc66c7996d11ee392ac6aaf7ced8a1c2027fbb2?s=96&d=mm&r=g\",\"contentUrl\":\"https:\\\/\\\/secure.gravatar.com\\\/avatar\\\/2bb7f1561282132fb5826dfeccc66c7996d11ee392ac6aaf7ced8a1c2027fbb2?s=96&d=mm&r=g\",\"caption\":\"Pova\u017esk\u00e9 m\u00fazeum\"}}]}<\/script>\n<!-- \/ Yoast SEO plugin. -->","yoast_head_json":{"title":"Nov\u00e9 poznatky z hist\u00f3rie cestnej dopravy - Pova\u017esk\u00e9 m\u00fazeum","robots":{"index":"index","follow":"follow","max-snippet":"max-snippet:-1","max-image-preview":"max-image-preview:large","max-video-preview":"max-video-preview:-1"},"canonical":"https:\/\/pmza.sk\/?p=55785","og_locale":"sk_SK","og_type":"article","og_title":"Nov\u00e9 poznatky z hist\u00f3rie cestnej dopravy - Pova\u017esk\u00e9 m\u00fazeum","og_description":"Odborn\u00e1 konferencia s n\u00e1zvom Nov\u00e9 poznatky z hist\u00f3rie cestnej dopravy pon\u00fakne po\u010das dvoch dn\u00ed zauj\u00edmav\u00e9 predn\u00e1\u0161ky na r\u00f4zne t\u00e9my.\u00a0 Zameran\u00e1 bude najm\u00e4 na t\u00e9my s\u00favisiace s cestnou dopravou, napr\u00edklad v\u00fdvoj cestnej dopravy v ur\u010denom obdob\u00ed, stavba ciest a cestn\u00e1 infra\u0161trukt\u00fara, verejn\u00e1 a s\u00fakromn\u00e1 doprava, dopravn\u00e9 prostriedky minulosti, akviz\u00edcie, n\u00e1lezy, dokument\u00e1cia a ochrana kult\u00farneho dedi\u010dstva v [&hellip;]","og_url":"https:\/\/pmza.sk\/?p=55785","og_site_name":"Pova\u017esk\u00e9 m\u00fazeum","article_publisher":"https:\/\/www.facebook.com\/povazskemuzeum","article_published_time":"2023-04-05T07:46:21+00:00","article_modified_time":"2023-04-28T08:53:09+00:00","og_image":[{"width":2560,"height":2560,"url":"https:\/\/pmza.sk\/wp-content\/uploads\/2023\/04\/Konferencia_web-scaled.jpg","type":"image\/jpeg"}],"author":"Pova\u017esk\u00e9 m\u00fazeum","twitter_card":"summary_large_image","twitter_misc":{"Autor":"Pova\u017esk\u00e9 m\u00fazeum","Predpokladan\u00fd \u010das \u010d\u00edtania":"2 min\u00faty"},"schema":{"@context":"https:\/\/schema.org","@graph":[{"@type":"Article","@id":"https:\/\/pmza.sk\/?p=55785#article","isPartOf":{"@id":"https:\/\/pmza.sk\/?p=55785"},"author":{"name":"Pova\u017esk\u00e9 m\u00fazeum","@id":"https:\/\/pmza.sk\/#\/schema\/person\/595e6a2ce731ea94dcd5d7f50a41ae33"},"headline":"Nov\u00e9 poznatky z hist\u00f3rie cestnej dopravy","datePublished":"2023-04-05T07:46:21+00:00","dateModified":"2023-04-28T08:53:09+00:00","mainEntityOfPage":{"@id":"https:\/\/pmza.sk\/?p=55785"},"wordCount":466,"commentCount":0,"publisher":{"@id":"https:\/\/pmza.sk\/#organization"},"image":{"@id":"https:\/\/pmza.sk\/?p=55785#primaryimage"},"thumbnailUrl":"https:\/\/pmza.sk\/wp-content\/uploads\/2023\/04\/Konferencia_web-scaled.jpg","articleSection":["Podujatia"],"inLanguage":"sk-SK"},{"@type":"WebPage","@id":"https:\/\/pmza.sk\/?p=55785","url":"https:\/\/pmza.sk\/?p=55785","name":"Nov\u00e9 poznatky z hist\u00f3rie cestnej dopravy - Pova\u017esk\u00e9 m\u00fazeum","isPartOf":{"@id":"https:\/\/pmza.sk\/#website"},"primaryImageOfPage":{"@id":"https:\/\/pmza.sk\/?p=55785#primaryimage"},"image":{"@id":"https:\/\/pmza.sk\/?p=55785#primaryimage"},"thumbnailUrl":"https:\/\/pmza.sk\/wp-content\/uploads\/2023\/04\/Konferencia_web-scaled.jpg","datePublished":"2023-04-05T07:46:21+00:00","dateModified":"2023-04-28T08:53:09+00:00","breadcrumb":{"@id":"https:\/\/pmza.sk\/?p=55785#breadcrumb"},"inLanguage":"sk-SK","potentialAction":[{"@type":"ReadAction","target":["https:\/\/pmza.sk\/?p=55785"]}]},{"@type":"ImageObject","inLanguage":"sk-SK","@id":"https:\/\/pmza.sk\/?p=55785#primaryimage","url":"https:\/\/pmza.sk\/wp-content\/uploads\/2023\/04\/Konferencia_web-scaled.jpg","contentUrl":"https:\/\/pmza.sk\/wp-content\/uploads\/2023\/04\/Konferencia_web-scaled.jpg","width":2560,"height":2560},{"@type":"BreadcrumbList","@id":"https:\/\/pmza.sk\/?p=55785#breadcrumb","itemListElement":[{"@type":"ListItem","position":1,"name":"Domovsk\u00e1 str\u00e1nka","item":"https:\/\/pmza.sk\/"},{"@type":"ListItem","position":2,"name":"Nov\u00e9 poznatky z hist\u00f3rie cestnej dopravy"}]},{"@type":"WebSite","@id":"https:\/\/pmza.sk\/#website","url":"https:\/\/pmza.sk\/","name":"Pova\u017esk\u00e9 m\u00fazeum","description":"Pova\u017esk\u00e9 m\u00fazeum v \u017diline je region\u00e1lne m\u00fazeum so s\u00eddlom v Budat\u00edne. Jeho expoz\u00edcie s\u00fa zameran\u00e9 na dejiny slovensk\u00e9ho umenia, kult\u00fary a dopravy.","publisher":{"@id":"https:\/\/pmza.sk\/#organization"},"potentialAction":[{"@type":"SearchAction","target":{"@type":"EntryPoint","urlTemplate":"https:\/\/pmza.sk\/?s={search_term_string}"},"query-input":{"@type":"PropertyValueSpecification","valueRequired":true,"valueName":"search_term_string"}}],"inLanguage":"sk-SK"},{"@type":"Organization","@id":"https:\/\/pmza.sk\/#organization","name":"Pova\u017esk\u00e9 m\u00fazeum","url":"https:\/\/pmza.sk\/","logo":{"@type":"ImageObject","inLanguage":"sk-SK","@id":"https:\/\/pmza.sk\/#\/schema\/logo\/image\/","url":"https:\/\/pmza.sk\/wp-content\/uploads\/2022\/01\/logo_PM_horizontal.jpg","contentUrl":"https:\/\/pmza.sk\/wp-content\/uploads\/2022\/01\/logo_PM_horizontal.jpg","width":231,"height":142,"caption":"Pova\u017esk\u00e9 m\u00fazeum"},"image":{"@id":"https:\/\/pmza.sk\/#\/schema\/logo\/image\/"},"sameAs":["https:\/\/www.facebook.com\/povazskemuzeum","https:\/\/www.instagram.com\/povazskemuzeum\/"]},{"@type":"Person","@id":"https:\/\/pmza.sk\/#\/schema\/person\/595e6a2ce731ea94dcd5d7f50a41ae33","name":"Pova\u017esk\u00e9 m\u00fazeum","image":{"@type":"ImageObject","inLanguage":"sk-SK","@id":"https:\/\/secure.gravatar.com\/avatar\/2bb7f1561282132fb5826dfeccc66c7996d11ee392ac6aaf7ced8a1c2027fbb2?s=96&d=mm&r=g","url":"https:\/\/secure.gravatar.com\/avatar\/2bb7f1561282132fb5826dfeccc66c7996d11ee392ac6aaf7ced8a1c2027fbb2?s=96&d=mm&r=g","contentUrl":"https:\/\/secure.gravatar.com\/avatar\/2bb7f1561282132fb5826dfeccc66c7996d11ee392ac6aaf7ced8a1c2027fbb2?s=96&d=mm&r=g","caption":"Pova\u017esk\u00e9 m\u00fazeum"}}]}},"_links":{"self":[{"href":"https:\/\/pmza.sk\/index.php?rest_route=\/wp\/v2\/posts\/55785","targetHints":{"allow":["GET"]}}],"collection":[{"href":"https:\/\/pmza.sk\/index.php?rest_route=\/wp\/v2\/posts"}],"about":[{"href":"https:\/\/pmza.sk\/index.php?rest_route=\/wp\/v2\/types\/post"}],"author":[{"embeddable":true,"href":"https:\/\/pmza.sk\/index.php?rest_route=\/wp\/v2\/users\/2"}],"replies":[{"embeddable":true,"href":"https:\/\/pmza.sk\/index.php?rest_route=%2Fwp%2Fv2%2Fcomments&post=55785"}],"version-history":[{"count":0,"href":"https:\/\/pmza.sk\/index.php?rest_route=\/wp\/v2\/posts\/55785\/revisions"}],"wp:featuredmedia":[{"embeddable":true,"href":"https:\/\/pmza.sk\/index.php?rest_route=\/wp\/v2\/media\/55791"}],"wp:attachment":[{"href":"https:\/\/pmza.sk\/index.php?rest_route=%2Fwp%2Fv2%2Fmedia&parent=55785"}],"wp:term":[{"taxonomy":"category","embeddable":true,"href":"https:\/\/pmza.sk\/index.php?rest_route=%2Fwp%2Fv2%2Fcategories&post=55785"},{"taxonomy":"post_tag","embeddable":true,"href":"https:\/\/pmza.sk\/index.php?rest_route=%2Fwp%2Fv2%2Ftags&post=55785"}],"curies":[{"name":"wp","href":"https:\/\/api.w.org\/{rel}","templated":true}]}}