{"id":55933,"date":"2023-04-19T11:59:40","date_gmt":"2023-04-19T09:59:40","guid":{"rendered":"https:\/\/pmza.sk\/?p=55933"},"modified":"2023-07-04T09:32:34","modified_gmt":"2023-07-04T07:32:34","slug":"sixfonia","status":"publish","type":"post","link":"https:\/\/pmza.sk\/?p=55933","title":{"rendered":"Sixf\u00f3nia"},"content":{"rendered":"<p>V\u00a0kaplnke Budat\u00ednskeho hradu bude od 1. m\u00e1ja pre verejnos\u0165 pr\u00edstupn\u00e1 v\u00fdstava s\u00a0tajomn\u00fdm n\u00e1zvom Sixf\u00f3nia. N\u00e1v\u0161tevn\u00edci sa m\u00f4\u017eu te\u0161i\u0165 na fotografie skupiny JUST a\u00a0NATRUC, ktor\u00e1 p\u00f4sob\u00ed v\u00a0\u017diline a\u00a0m\u00f4\u017ee sa p\u00fd\u0161i\u0165 viacer\u00fdmi oceneniami zo Slovenska i\u00a0zo zahrani\u010dia. Medzi najv\u00fdznamnej\u0161ie patr\u00ed ocenenie z\u00a0Bien\u00e1le fotografie Interfotoklub Vset\u00edn, GRAND PRIX mesta Vset\u00edn, ktor\u00e9 z\u00edskali dvakr\u00e1t. V\u00a0kaplnke predstavia svoju tvorbu minimalistick\u00fdm sp\u00f4sobom. \u0160iesti fotografi pon\u00faknu \u0161es\u0165 \u010diernobielych diptychov, ktor\u00e9 v\u00a0n\u00e1v\u0161tevn\u00edkovi vyvolaj\u00fa \u201esixf\u00f3niu\u201c pocitov. Autormi fotografi\u00ed s\u00fa Vicente Arce, Jarom\u00edr Fa\u0161ianok, Jozef Chromiak, Martin Tom\u00e1\u0161ka, Juraj Rek a\u00a0Mari\u00e1n Z\u00e1vack\u00fd.<\/p>\n<p><em>\u201eSp\u00e1ja n\u00e1s nielen podobn\u00fd poh\u013ead na svet cez h\u013ead\u00e1\u010dik objekt\u00edvu, z\u00e1\u013euba v\u00a0dokument\u00e1rnej fotografii, ale aj dlhoro\u010dn\u00e9 osobn\u00e9 priate\u013estvo. Rozhodli sme sa spoji\u0165 zdanlivo nekonzistentn\u00e9 t\u00e9my do \u0161iestich ucelen\u00fdch blokov \u2013 diptychov, z\u00a0ktor\u00fdch ka\u017ed\u00fd komunikuje s\u00a0ka\u017ed\u00fdm a\u00a0vz\u00e1jomne vytv\u00e1raj\u00fa jeden harmonick\u00fd celok. Rovnako ako aj na\u0161a koexistencia v\u00a0skupine JUST a\u00a0NATRUC,\u201c <\/em>pribli\u017euje Jarom\u00edr Fa\u0161ianok \u2013 \u010dlen skupiny JUST a\u00a0NATRUC a\u00a0z\u00e1rove\u0148 grafik Pova\u017esk\u00e9ho m\u00fazea.<\/p>\n<p>Sl\u00e1vnostn\u00e9 otvorenie v\u00fdstavy sa bude kona\u0165 v\u00a0pondelok 1. m\u00e1ja o\u00a010.00 v\u00a0kaplnke Budat\u00ednskeho hradu. N\u00e1v\u0161tevn\u00edci tak m\u00f4\u017eu str\u00e1vi\u0165 vo\u013en\u00fd de\u0148 s\u00a0umen\u00edm v\u00a0pr\u00edjemnom prostred\u00ed. V\u00fdstava bude pre verejnos\u0165 pr\u00edstupn\u00e1 do 2. 7. 2023.<\/p>\n<p>&nbsp;<\/p>\n<div class=\"wp-block-image\"><img fetchpriority=\"high\" decoding=\"async\" class=\"alignnone size-medium wp-image-55934\" src=\"https:\/\/pmza.sk\/wp-content\/uploads\/2023\/04\/Sixfonia_Vernisaz_K1-255x360.jpg\" alt=\"\" width=\"255\" height=\"360\" srcset=\"https:\/\/pmza.sk\/wp-content\/uploads\/2023\/04\/Sixfonia_Vernisaz_K1-255x360.jpg 255w, https:\/\/pmza.sk\/wp-content\/uploads\/2023\/04\/Sixfonia_Vernisaz_K1-520x736.jpg 520w, https:\/\/pmza.sk\/wp-content\/uploads\/2023\/04\/Sixfonia_Vernisaz_K1-768x1086.jpg 768w, https:\/\/pmza.sk\/wp-content\/uploads\/2023\/04\/Sixfonia_Vernisaz_K1-1086x1536.jpg 1086w, https:\/\/pmza.sk\/wp-content\/uploads\/2023\/04\/Sixfonia_Vernisaz_K1-1448x2048.jpg 1448w, https:\/\/pmza.sk\/wp-content\/uploads\/2023\/04\/Sixfonia_Vernisaz_K1-600x849.jpg 600w, https:\/\/pmza.sk\/wp-content\/uploads\/2023\/04\/Sixfonia_Vernisaz_K1-scaled.jpg 1810w\" sizes=\"(max-width: 255px) 100vw, 255px\" \/><\/div>\n<div><\/div>\n<div>Plag\u00e1t v plnej ve\u013ekosti <a href=\"https:\/\/pmza.sk\/wp-content\/uploads\/2023\/04\/Sixfonia_Vernisaz_K1.pdf\">TU<\/a><\/div>\n","protected":false},"excerpt":{"rendered":"<p>V\u00a0kaplnke Budat\u00ednskeho hradu bude od 1. m\u00e1ja pre verejnos\u0165 pr\u00edstupn\u00e1 v\u00fdstava s\u00a0tajomn\u00fdm n\u00e1zvom Sixf\u00f3nia. N\u00e1v\u0161tevn\u00edci sa m\u00f4\u017eu te\u0161i\u0165 na fotografie skupiny JUST a\u00a0NATRUC, ktor\u00e1 p\u00f4sob\u00ed v\u00a0\u017diline a\u00a0m\u00f4\u017ee sa p\u00fd\u0161i\u0165 viacer\u00fdmi oceneniami zo Slovenska i\u00a0zo zahrani\u010dia. Medzi najv\u00fdznamnej\u0161ie patr\u00ed ocenenie z\u00a0Bien\u00e1le fotografie Interfotoklub Vset\u00edn, GRAND PRIX mesta Vset\u00edn, ktor\u00e9 z\u00edskali dvakr\u00e1t. V\u00a0kaplnke predstavia svoju tvorbu minimalistick\u00fdm [&hellip;]<\/p>\n","protected":false},"author":2,"featured_media":55936,"comment_status":"open","ping_status":"open","sticky":false,"template":"","format":"standard","meta":{"site-sidebar-layout":"default","site-content-layout":"default","ast-site-content-layout":"","site-content-style":"default","site-sidebar-style":"default","ast-global-header-display":"","ast-banner-title-visibility":"","ast-main-header-display":"","ast-hfb-above-header-display":"","ast-hfb-below-header-display":"","ast-hfb-mobile-header-display":"","site-post-title":"","ast-breadcrumbs-content":"","ast-featured-img":"","footer-sml-layout":"","theme-transparent-header-meta":"default","adv-header-id-meta":"","stick-header-meta":"default","header-above-stick-meta":"","header-main-stick-meta":"","header-below-stick-meta":"","astra-migrate-meta-layouts":"default","ast-page-background-enabled":"default","ast-page-background-meta":{"desktop":{"background-color":"var(--ast-global-color-4)","background-image":"","background-repeat":"repeat","background-position":"center center","background-size":"auto","background-attachment":"scroll","background-type":"","background-media":"","overlay-type":"","overlay-color":"","overlay-opacity":"","overlay-gradient":""},"tablet":{"background-color":"","background-image":"","background-repeat":"repeat","background-position":"center center","background-size":"auto","background-attachment":"scroll","background-type":"","background-media":"","overlay-type":"","overlay-color":"","overlay-opacity":"","overlay-gradient":""},"mobile":{"background-color":"","background-image":"","background-repeat":"repeat","background-position":"center center","background-size":"auto","background-attachment":"scroll","background-type":"","background-media":"","overlay-type":"","overlay-color":"","overlay-opacity":"","overlay-gradient":""}},"ast-content-background-meta":{"desktop":{"background-color":"var(--ast-global-color-5)","background-image":"","background-repeat":"repeat","background-position":"center center","background-size":"auto","background-attachment":"scroll","background-type":"","background-media":"","overlay-type":"","overlay-color":"","overlay-opacity":"","overlay-gradient":""},"tablet":{"background-color":"var(--ast-global-color-5)","background-image":"","background-repeat":"repeat","background-position":"center center","background-size":"auto","background-attachment":"scroll","background-type":"","background-media":"","overlay-type":"","overlay-color":"","overlay-opacity":"","overlay-gradient":""},"mobile":{"background-color":"var(--ast-global-color-5)","background-image":"","background-repeat":"repeat","background-position":"center center","background-size":"auto","background-attachment":"scroll","background-type":"","background-media":"","overlay-type":"","overlay-color":"","overlay-opacity":"","overlay-gradient":""}},"footnotes":""},"categories":[72],"tags":[],"class_list":["post-55933","post","type-post","status-publish","format-standard","has-post-thumbnail","hentry","category-vystavy"],"yoast_head":"<!-- This site is optimized with the Yoast SEO plugin v27.4 - https:\/\/yoast.com\/product\/yoast-seo-wordpress\/ -->\n<title>Sixf\u00f3nia - Pova\u017esk\u00e9 m\u00fazeum<\/title>\n<meta name=\"robots\" content=\"index, follow, max-snippet:-1, max-image-preview:large, max-video-preview:-1\" \/>\n<link rel=\"canonical\" href=\"https:\/\/pmza.sk\/?p=55933\" \/>\n<meta property=\"og:locale\" content=\"sk_SK\" \/>\n<meta property=\"og:type\" content=\"article\" \/>\n<meta property=\"og:title\" content=\"Sixf\u00f3nia - Pova\u017esk\u00e9 m\u00fazeum\" \/>\n<meta property=\"og:description\" content=\"V\u00a0kaplnke Budat\u00ednskeho hradu bude od 1. m\u00e1ja pre verejnos\u0165 pr\u00edstupn\u00e1 v\u00fdstava s\u00a0tajomn\u00fdm n\u00e1zvom Sixf\u00f3nia. N\u00e1v\u0161tevn\u00edci sa m\u00f4\u017eu te\u0161i\u0165 na fotografie skupiny JUST a\u00a0NATRUC, ktor\u00e1 p\u00f4sob\u00ed v\u00a0\u017diline a\u00a0m\u00f4\u017ee sa p\u00fd\u0161i\u0165 viacer\u00fdmi oceneniami zo Slovenska i\u00a0zo zahrani\u010dia. Medzi najv\u00fdznamnej\u0161ie patr\u00ed ocenenie z\u00a0Bien\u00e1le fotografie Interfotoklub Vset\u00edn, GRAND PRIX mesta Vset\u00edn, ktor\u00e9 z\u00edskali dvakr\u00e1t. V\u00a0kaplnke predstavia svoju tvorbu minimalistick\u00fdm [&hellip;]\" \/>\n<meta property=\"og:url\" content=\"https:\/\/pmza.sk\/?p=55933\" \/>\n<meta property=\"og:site_name\" content=\"Pova\u017esk\u00e9 m\u00fazeum\" \/>\n<meta property=\"article:publisher\" content=\"https:\/\/www.facebook.com\/povazskemuzeum\" \/>\n<meta property=\"article:published_time\" content=\"2023-04-19T09:59:40+00:00\" \/>\n<meta property=\"article:modified_time\" content=\"2023-07-04T07:32:34+00:00\" \/>\n<meta property=\"og:image\" content=\"https:\/\/pmza.sk\/wp-content\/uploads\/2023\/04\/Sixfonia_web-scaled.jpg\" \/>\n\t<meta property=\"og:image:width\" content=\"2560\" \/>\n\t<meta property=\"og:image:height\" content=\"2560\" \/>\n\t<meta property=\"og:image:type\" content=\"image\/jpeg\" \/>\n<meta name=\"author\" content=\"Pova\u017esk\u00e9 m\u00fazeum\" \/>\n<meta name=\"twitter:card\" content=\"summary_large_image\" \/>\n<meta name=\"twitter:label1\" content=\"Autor\" \/>\n\t<meta name=\"twitter:data1\" content=\"Pova\u017esk\u00e9 m\u00fazeum\" \/>\n\t<meta name=\"twitter:label2\" content=\"Predpokladan\u00fd \u010das \u010d\u00edtania\" \/>\n\t<meta name=\"twitter:data2\" content=\"1 min\u00fata\" \/>\n<script type=\"application\/ld+json\" class=\"yoast-schema-graph\">{\"@context\":\"https:\\\/\\\/schema.org\",\"@graph\":[{\"@type\":\"Article\",\"@id\":\"https:\\\/\\\/pmza.sk\\\/?p=55933#article\",\"isPartOf\":{\"@id\":\"https:\\\/\\\/pmza.sk\\\/?p=55933\"},\"author\":{\"name\":\"Pova\u017esk\u00e9 m\u00fazeum\",\"@id\":\"https:\\\/\\\/pmza.sk\\\/#\\\/schema\\\/person\\\/595e6a2ce731ea94dcd5d7f50a41ae33\"},\"headline\":\"Sixf\u00f3nia\",\"datePublished\":\"2023-04-19T09:59:40+00:00\",\"dateModified\":\"2023-07-04T07:32:34+00:00\",\"mainEntityOfPage\":{\"@id\":\"https:\\\/\\\/pmza.sk\\\/?p=55933\"},\"wordCount\":274,\"commentCount\":0,\"publisher\":{\"@id\":\"https:\\\/\\\/pmza.sk\\\/#organization\"},\"image\":{\"@id\":\"https:\\\/\\\/pmza.sk\\\/?p=55933#primaryimage\"},\"thumbnailUrl\":\"https:\\\/\\\/pmza.sk\\\/wp-content\\\/uploads\\\/2023\\\/04\\\/Sixfonia_web-scaled.jpg\",\"articleSection\":[\"V\u00fdstavy\"],\"inLanguage\":\"sk-SK\"},{\"@type\":\"WebPage\",\"@id\":\"https:\\\/\\\/pmza.sk\\\/?p=55933\",\"url\":\"https:\\\/\\\/pmza.sk\\\/?p=55933\",\"name\":\"Sixf\u00f3nia - Pova\u017esk\u00e9 m\u00fazeum\",\"isPartOf\":{\"@id\":\"https:\\\/\\\/pmza.sk\\\/#website\"},\"primaryImageOfPage\":{\"@id\":\"https:\\\/\\\/pmza.sk\\\/?p=55933#primaryimage\"},\"image\":{\"@id\":\"https:\\\/\\\/pmza.sk\\\/?p=55933#primaryimage\"},\"thumbnailUrl\":\"https:\\\/\\\/pmza.sk\\\/wp-content\\\/uploads\\\/2023\\\/04\\\/Sixfonia_web-scaled.jpg\",\"datePublished\":\"2023-04-19T09:59:40+00:00\",\"dateModified\":\"2023-07-04T07:32:34+00:00\",\"breadcrumb\":{\"@id\":\"https:\\\/\\\/pmza.sk\\\/?p=55933#breadcrumb\"},\"inLanguage\":\"sk-SK\",\"potentialAction\":[{\"@type\":\"ReadAction\",\"target\":[\"https:\\\/\\\/pmza.sk\\\/?p=55933\"]}]},{\"@type\":\"ImageObject\",\"inLanguage\":\"sk-SK\",\"@id\":\"https:\\\/\\\/pmza.sk\\\/?p=55933#primaryimage\",\"url\":\"https:\\\/\\\/pmza.sk\\\/wp-content\\\/uploads\\\/2023\\\/04\\\/Sixfonia_web-scaled.jpg\",\"contentUrl\":\"https:\\\/\\\/pmza.sk\\\/wp-content\\\/uploads\\\/2023\\\/04\\\/Sixfonia_web-scaled.jpg\",\"width\":2560,\"height\":2560},{\"@type\":\"BreadcrumbList\",\"@id\":\"https:\\\/\\\/pmza.sk\\\/?p=55933#breadcrumb\",\"itemListElement\":[{\"@type\":\"ListItem\",\"position\":1,\"name\":\"Domovsk\u00e1 str\u00e1nka\",\"item\":\"https:\\\/\\\/pmza.sk\\\/\"},{\"@type\":\"ListItem\",\"position\":2,\"name\":\"Sixf\u00f3nia\"}]},{\"@type\":\"WebSite\",\"@id\":\"https:\\\/\\\/pmza.sk\\\/#website\",\"url\":\"https:\\\/\\\/pmza.sk\\\/\",\"name\":\"Pova\u017esk\u00e9 m\u00fazeum\",\"description\":\"Pova\u017esk\u00e9 m\u00fazeum v \u017diline je region\u00e1lne m\u00fazeum so s\u00eddlom v Budat\u00edne. Jeho expoz\u00edcie s\u00fa zameran\u00e9 na dejiny slovensk\u00e9ho umenia, kult\u00fary a dopravy.\",\"publisher\":{\"@id\":\"https:\\\/\\\/pmza.sk\\\/#organization\"},\"potentialAction\":[{\"@type\":\"SearchAction\",\"target\":{\"@type\":\"EntryPoint\",\"urlTemplate\":\"https:\\\/\\\/pmza.sk\\\/?s={search_term_string}\"},\"query-input\":{\"@type\":\"PropertyValueSpecification\",\"valueRequired\":true,\"valueName\":\"search_term_string\"}}],\"inLanguage\":\"sk-SK\"},{\"@type\":\"Organization\",\"@id\":\"https:\\\/\\\/pmza.sk\\\/#organization\",\"name\":\"Pova\u017esk\u00e9 m\u00fazeum\",\"url\":\"https:\\\/\\\/pmza.sk\\\/\",\"logo\":{\"@type\":\"ImageObject\",\"inLanguage\":\"sk-SK\",\"@id\":\"https:\\\/\\\/pmza.sk\\\/#\\\/schema\\\/logo\\\/image\\\/\",\"url\":\"https:\\\/\\\/pmza.sk\\\/wp-content\\\/uploads\\\/2022\\\/01\\\/logo_PM_horizontal.jpg\",\"contentUrl\":\"https:\\\/\\\/pmza.sk\\\/wp-content\\\/uploads\\\/2022\\\/01\\\/logo_PM_horizontal.jpg\",\"width\":231,\"height\":142,\"caption\":\"Pova\u017esk\u00e9 m\u00fazeum\"},\"image\":{\"@id\":\"https:\\\/\\\/pmza.sk\\\/#\\\/schema\\\/logo\\\/image\\\/\"},\"sameAs\":[\"https:\\\/\\\/www.facebook.com\\\/povazskemuzeum\",\"https:\\\/\\\/www.instagram.com\\\/povazskemuzeum\\\/\"]},{\"@type\":\"Person\",\"@id\":\"https:\\\/\\\/pmza.sk\\\/#\\\/schema\\\/person\\\/595e6a2ce731ea94dcd5d7f50a41ae33\",\"name\":\"Pova\u017esk\u00e9 m\u00fazeum\",\"image\":{\"@type\":\"ImageObject\",\"inLanguage\":\"sk-SK\",\"@id\":\"https:\\\/\\\/secure.gravatar.com\\\/avatar\\\/2bb7f1561282132fb5826dfeccc66c7996d11ee392ac6aaf7ced8a1c2027fbb2?s=96&d=mm&r=g\",\"url\":\"https:\\\/\\\/secure.gravatar.com\\\/avatar\\\/2bb7f1561282132fb5826dfeccc66c7996d11ee392ac6aaf7ced8a1c2027fbb2?s=96&d=mm&r=g\",\"contentUrl\":\"https:\\\/\\\/secure.gravatar.com\\\/avatar\\\/2bb7f1561282132fb5826dfeccc66c7996d11ee392ac6aaf7ced8a1c2027fbb2?s=96&d=mm&r=g\",\"caption\":\"Pova\u017esk\u00e9 m\u00fazeum\"}}]}<\/script>\n<!-- \/ Yoast SEO plugin. -->","yoast_head_json":{"title":"Sixf\u00f3nia - Pova\u017esk\u00e9 m\u00fazeum","robots":{"index":"index","follow":"follow","max-snippet":"max-snippet:-1","max-image-preview":"max-image-preview:large","max-video-preview":"max-video-preview:-1"},"canonical":"https:\/\/pmza.sk\/?p=55933","og_locale":"sk_SK","og_type":"article","og_title":"Sixf\u00f3nia - Pova\u017esk\u00e9 m\u00fazeum","og_description":"V\u00a0kaplnke Budat\u00ednskeho hradu bude od 1. m\u00e1ja pre verejnos\u0165 pr\u00edstupn\u00e1 v\u00fdstava s\u00a0tajomn\u00fdm n\u00e1zvom Sixf\u00f3nia. N\u00e1v\u0161tevn\u00edci sa m\u00f4\u017eu te\u0161i\u0165 na fotografie skupiny JUST a\u00a0NATRUC, ktor\u00e1 p\u00f4sob\u00ed v\u00a0\u017diline a\u00a0m\u00f4\u017ee sa p\u00fd\u0161i\u0165 viacer\u00fdmi oceneniami zo Slovenska i\u00a0zo zahrani\u010dia. Medzi najv\u00fdznamnej\u0161ie patr\u00ed ocenenie z\u00a0Bien\u00e1le fotografie Interfotoklub Vset\u00edn, GRAND PRIX mesta Vset\u00edn, ktor\u00e9 z\u00edskali dvakr\u00e1t. V\u00a0kaplnke predstavia svoju tvorbu minimalistick\u00fdm [&hellip;]","og_url":"https:\/\/pmza.sk\/?p=55933","og_site_name":"Pova\u017esk\u00e9 m\u00fazeum","article_publisher":"https:\/\/www.facebook.com\/povazskemuzeum","article_published_time":"2023-04-19T09:59:40+00:00","article_modified_time":"2023-07-04T07:32:34+00:00","og_image":[{"width":2560,"height":2560,"url":"https:\/\/pmza.sk\/wp-content\/uploads\/2023\/04\/Sixfonia_web-scaled.jpg","type":"image\/jpeg"}],"author":"Pova\u017esk\u00e9 m\u00fazeum","twitter_card":"summary_large_image","twitter_misc":{"Autor":"Pova\u017esk\u00e9 m\u00fazeum","Predpokladan\u00fd \u010das \u010d\u00edtania":"1 min\u00fata"},"schema":{"@context":"https:\/\/schema.org","@graph":[{"@type":"Article","@id":"https:\/\/pmza.sk\/?p=55933#article","isPartOf":{"@id":"https:\/\/pmza.sk\/?p=55933"},"author":{"name":"Pova\u017esk\u00e9 m\u00fazeum","@id":"https:\/\/pmza.sk\/#\/schema\/person\/595e6a2ce731ea94dcd5d7f50a41ae33"},"headline":"Sixf\u00f3nia","datePublished":"2023-04-19T09:59:40+00:00","dateModified":"2023-07-04T07:32:34+00:00","mainEntityOfPage":{"@id":"https:\/\/pmza.sk\/?p=55933"},"wordCount":274,"commentCount":0,"publisher":{"@id":"https:\/\/pmza.sk\/#organization"},"image":{"@id":"https:\/\/pmza.sk\/?p=55933#primaryimage"},"thumbnailUrl":"https:\/\/pmza.sk\/wp-content\/uploads\/2023\/04\/Sixfonia_web-scaled.jpg","articleSection":["V\u00fdstavy"],"inLanguage":"sk-SK"},{"@type":"WebPage","@id":"https:\/\/pmza.sk\/?p=55933","url":"https:\/\/pmza.sk\/?p=55933","name":"Sixf\u00f3nia - Pova\u017esk\u00e9 m\u00fazeum","isPartOf":{"@id":"https:\/\/pmza.sk\/#website"},"primaryImageOfPage":{"@id":"https:\/\/pmza.sk\/?p=55933#primaryimage"},"image":{"@id":"https:\/\/pmza.sk\/?p=55933#primaryimage"},"thumbnailUrl":"https:\/\/pmza.sk\/wp-content\/uploads\/2023\/04\/Sixfonia_web-scaled.jpg","datePublished":"2023-04-19T09:59:40+00:00","dateModified":"2023-07-04T07:32:34+00:00","breadcrumb":{"@id":"https:\/\/pmza.sk\/?p=55933#breadcrumb"},"inLanguage":"sk-SK","potentialAction":[{"@type":"ReadAction","target":["https:\/\/pmza.sk\/?p=55933"]}]},{"@type":"ImageObject","inLanguage":"sk-SK","@id":"https:\/\/pmza.sk\/?p=55933#primaryimage","url":"https:\/\/pmza.sk\/wp-content\/uploads\/2023\/04\/Sixfonia_web-scaled.jpg","contentUrl":"https:\/\/pmza.sk\/wp-content\/uploads\/2023\/04\/Sixfonia_web-scaled.jpg","width":2560,"height":2560},{"@type":"BreadcrumbList","@id":"https:\/\/pmza.sk\/?p=55933#breadcrumb","itemListElement":[{"@type":"ListItem","position":1,"name":"Domovsk\u00e1 str\u00e1nka","item":"https:\/\/pmza.sk\/"},{"@type":"ListItem","position":2,"name":"Sixf\u00f3nia"}]},{"@type":"WebSite","@id":"https:\/\/pmza.sk\/#website","url":"https:\/\/pmza.sk\/","name":"Pova\u017esk\u00e9 m\u00fazeum","description":"Pova\u017esk\u00e9 m\u00fazeum v \u017diline je region\u00e1lne m\u00fazeum so s\u00eddlom v Budat\u00edne. Jeho expoz\u00edcie s\u00fa zameran\u00e9 na dejiny slovensk\u00e9ho umenia, kult\u00fary a dopravy.","publisher":{"@id":"https:\/\/pmza.sk\/#organization"},"potentialAction":[{"@type":"SearchAction","target":{"@type":"EntryPoint","urlTemplate":"https:\/\/pmza.sk\/?s={search_term_string}"},"query-input":{"@type":"PropertyValueSpecification","valueRequired":true,"valueName":"search_term_string"}}],"inLanguage":"sk-SK"},{"@type":"Organization","@id":"https:\/\/pmza.sk\/#organization","name":"Pova\u017esk\u00e9 m\u00fazeum","url":"https:\/\/pmza.sk\/","logo":{"@type":"ImageObject","inLanguage":"sk-SK","@id":"https:\/\/pmza.sk\/#\/schema\/logo\/image\/","url":"https:\/\/pmza.sk\/wp-content\/uploads\/2022\/01\/logo_PM_horizontal.jpg","contentUrl":"https:\/\/pmza.sk\/wp-content\/uploads\/2022\/01\/logo_PM_horizontal.jpg","width":231,"height":142,"caption":"Pova\u017esk\u00e9 m\u00fazeum"},"image":{"@id":"https:\/\/pmza.sk\/#\/schema\/logo\/image\/"},"sameAs":["https:\/\/www.facebook.com\/povazskemuzeum","https:\/\/www.instagram.com\/povazskemuzeum\/"]},{"@type":"Person","@id":"https:\/\/pmza.sk\/#\/schema\/person\/595e6a2ce731ea94dcd5d7f50a41ae33","name":"Pova\u017esk\u00e9 m\u00fazeum","image":{"@type":"ImageObject","inLanguage":"sk-SK","@id":"https:\/\/secure.gravatar.com\/avatar\/2bb7f1561282132fb5826dfeccc66c7996d11ee392ac6aaf7ced8a1c2027fbb2?s=96&d=mm&r=g","url":"https:\/\/secure.gravatar.com\/avatar\/2bb7f1561282132fb5826dfeccc66c7996d11ee392ac6aaf7ced8a1c2027fbb2?s=96&d=mm&r=g","contentUrl":"https:\/\/secure.gravatar.com\/avatar\/2bb7f1561282132fb5826dfeccc66c7996d11ee392ac6aaf7ced8a1c2027fbb2?s=96&d=mm&r=g","caption":"Pova\u017esk\u00e9 m\u00fazeum"}}]}},"_links":{"self":[{"href":"https:\/\/pmza.sk\/index.php?rest_route=\/wp\/v2\/posts\/55933","targetHints":{"allow":["GET"]}}],"collection":[{"href":"https:\/\/pmza.sk\/index.php?rest_route=\/wp\/v2\/posts"}],"about":[{"href":"https:\/\/pmza.sk\/index.php?rest_route=\/wp\/v2\/types\/post"}],"author":[{"embeddable":true,"href":"https:\/\/pmza.sk\/index.php?rest_route=\/wp\/v2\/users\/2"}],"replies":[{"embeddable":true,"href":"https:\/\/pmza.sk\/index.php?rest_route=%2Fwp%2Fv2%2Fcomments&post=55933"}],"version-history":[{"count":0,"href":"https:\/\/pmza.sk\/index.php?rest_route=\/wp\/v2\/posts\/55933\/revisions"}],"wp:featuredmedia":[{"embeddable":true,"href":"https:\/\/pmza.sk\/index.php?rest_route=\/wp\/v2\/media\/55936"}],"wp:attachment":[{"href":"https:\/\/pmza.sk\/index.php?rest_route=%2Fwp%2Fv2%2Fmedia&parent=55933"}],"wp:term":[{"taxonomy":"category","embeddable":true,"href":"https:\/\/pmza.sk\/index.php?rest_route=%2Fwp%2Fv2%2Fcategories&post=55933"},{"taxonomy":"post_tag","embeddable":true,"href":"https:\/\/pmza.sk\/index.php?rest_route=%2Fwp%2Fv2%2Ftags&post=55933"}],"curies":[{"name":"wp","href":"https:\/\/api.w.org\/{rel}","templated":true}]}}