{"id":55939,"date":"2023-04-20T09:03:15","date_gmt":"2023-04-20T07:03:15","guid":{"rendered":"https:\/\/pmza.sk\/?p=55939"},"modified":"2023-05-02T07:55:13","modified_gmt":"2023-05-02T05:55:13","slug":"vitanie-vtacieho-spevu-v-budatinskom-parku","status":"publish","type":"post","link":"https:\/\/pmza.sk\/?p=55939","title":{"rendered":"V\u00edtanie vt\u00e1\u010dieho spevu v Budat\u00ednskom parku"},"content":{"rendered":"<p>Ornitologick\u00e1 vych\u00e1dzka spojen\u00e1 s\u00a0rozpr\u00e1van\u00edm o\u00a0zauj\u00edmavostiach Budat\u00ednskeho parku. Pozorovanie vt\u00e1ctva parku a\u00a0ich ur\u010dovanie pod\u013ea spevu. Sledovanie vodn\u00fdch vt\u00e1kov na s\u00fatoku V\u00e1hu a\u00a0Kysuce a\u00a0v\u00a0jeho okol\u00ed. K\u00a0dispoz\u00edcii bude monokul\u00e1rny \u010falekoh\u013ead na pozorovanie vt\u00e1ctva, vlastn\u00fd \u010falekoh\u013ead nie je nutn\u00fd, ale v\u00edtan\u00fd. Obuv a\u00a0oble\u010denie pod\u013ea po\u010dasia, nie ve\u013emi farebn\u00e9 (ide\u00e1lne siv\u00e1, zelen\u00e1 alebo hned\u00e1 farba).<\/p>\n<p>Miestom stretnutia bude hlavn\u00e1 br\u00e1na Budat\u00ednskeho parku <strong>o 7.00 hod<\/strong>.<\/p>\n<p><strong>Trasa:<\/strong> Budat\u00ednsky park \u2013 s\u00fatok V\u00e1hu a\u00a0Kysuce \u2013 breh\u00a0 V\u00e1hu a\u00a0nasp\u00e4\u0165.\u00a0 D\u013a\u017eka cca 1,5 km, nen\u00e1ro\u010dn\u00fd ter\u00e9n po spevnen\u00fdch chodn\u00edkoch, trvanie cca 3 hodiny.<\/p>\n<p><strong>Sprievodcovia:<\/strong> zool\u00f3g Ing. J\u00e1n Kicko, PhD., botani\u010dka Ing. Kv\u011bta Kickov\u00e1<\/p>\n<p><strong>Kontakt:<\/strong> K. Kickov\u00e1, <a href=\"mailto:kickova@pmza.sk\">kickova@pmza.sk<\/a>, tel. \u010d. 0917 868 520, J. Kicko, <a href=\"mailto:kicko@pmza.sk\">kicko@pmza.sk<\/a>, tel. \u010d. 0917 868 520<\/p>\n<p><strong>Vstupn\u00e9:<\/strong> 2 euro<\/p>\n<p><strong>Pozn\u00e1mka:<\/strong> Zmena term\u00ednu mo\u017en\u00e1 v\u00a0s\u00favislosti s\u00a0nepriazniv\u00fdm po\u010das\u00edm. Viac inform\u00e1ci\u00ed na str\u00e1nke pmza.sk alebo u\u00a0kontaktnej osoby.<\/p>\n<p><em>Zak\u00fapenie monokul\u00e1rneho \u010falekoh\u013eadu z\u00a0verejn\u00fdch zdrojov podporil Fond na podporu umenia.<\/em><\/p>\n<div class=\"wp-block-image\"><img decoding=\"async\" class=\"alignnone wp-image-55940\" src=\"https:\/\/pmza.sk\/wp-content\/uploads\/2023\/04\/FPU_logo1_modre-480x360-1.jpg\" alt=\"\" width=\"204\" height=\"153\" \/><\/div>\n<div><\/div>\n<div>\n<div class=\"wp-block-image\"><img fetchpriority=\"high\" decoding=\"async\" class=\"alignnone size-medium wp-image-55941\" src=\"https:\/\/pmza.sk\/wp-content\/uploads\/2023\/04\/Vitanie_vtacieho_spevu_K4-255x360.jpg\" alt=\"\" width=\"255\" height=\"360\" srcset=\"https:\/\/pmza.sk\/wp-content\/uploads\/2023\/04\/Vitanie_vtacieho_spevu_K4-255x360.jpg 255w, https:\/\/pmza.sk\/wp-content\/uploads\/2023\/04\/Vitanie_vtacieho_spevu_K4-520x736.jpg 520w, https:\/\/pmza.sk\/wp-content\/uploads\/2023\/04\/Vitanie_vtacieho_spevu_K4-768x1086.jpg 768w, https:\/\/pmza.sk\/wp-content\/uploads\/2023\/04\/Vitanie_vtacieho_spevu_K4-1086x1536.jpg 1086w, https:\/\/pmza.sk\/wp-content\/uploads\/2023\/04\/Vitanie_vtacieho_spevu_K4-1448x2048.jpg 1448w, https:\/\/pmza.sk\/wp-content\/uploads\/2023\/04\/Vitanie_vtacieho_spevu_K4-600x849.jpg 600w, https:\/\/pmza.sk\/wp-content\/uploads\/2023\/04\/Vitanie_vtacieho_spevu_K4-scaled.jpg 1810w\" sizes=\"(max-width: 255px) 100vw, 255px\" \/><\/div>\n<\/div>\n<div>Plag\u00e1t v plnej ve\u013ekosti <a href=\"https:\/\/pmza.sk\/wp-content\/uploads\/2023\/04\/Vitanie_vtacieho_spevu_K4.pdf\">TU<\/a><\/div>\n","protected":false},"excerpt":{"rendered":"<p>Ornitologick\u00e1 vych\u00e1dzka spojen\u00e1 s\u00a0rozpr\u00e1van\u00edm o\u00a0zauj\u00edmavostiach Budat\u00ednskeho parku. Pozorovanie vt\u00e1ctva parku a\u00a0ich ur\u010dovanie pod\u013ea spevu. Sledovanie vodn\u00fdch vt\u00e1kov na s\u00fatoku V\u00e1hu a\u00a0Kysuce a\u00a0v\u00a0jeho okol\u00ed. K\u00a0dispoz\u00edcii bude monokul\u00e1rny \u010falekoh\u013ead na pozorovanie vt\u00e1ctva, vlastn\u00fd \u010falekoh\u013ead nie je nutn\u00fd, ale v\u00edtan\u00fd. Obuv a\u00a0oble\u010denie pod\u013ea po\u010dasia, nie ve\u013emi farebn\u00e9 (ide\u00e1lne siv\u00e1, zelen\u00e1 alebo hned\u00e1 farba). Miestom stretnutia bude hlavn\u00e1 br\u00e1na [&hellip;]<\/p>\n","protected":false},"author":2,"featured_media":55943,"comment_status":"open","ping_status":"open","sticky":false,"template":"","format":"standard","meta":{"site-sidebar-layout":"default","site-content-layout":"default","ast-site-content-layout":"","site-content-style":"default","site-sidebar-style":"default","ast-global-header-display":"","ast-banner-title-visibility":"","ast-main-header-display":"","ast-hfb-above-header-display":"","ast-hfb-below-header-display":"","ast-hfb-mobile-header-display":"","site-post-title":"","ast-breadcrumbs-content":"","ast-featured-img":"","footer-sml-layout":"","theme-transparent-header-meta":"default","adv-header-id-meta":"","stick-header-meta":"default","header-above-stick-meta":"","header-main-stick-meta":"","header-below-stick-meta":"","astra-migrate-meta-layouts":"default","ast-page-background-enabled":"default","ast-page-background-meta":{"desktop":{"background-color":"var(--ast-global-color-4)","background-image":"","background-repeat":"repeat","background-position":"center center","background-size":"auto","background-attachment":"scroll","background-type":"","background-media":"","overlay-type":"","overlay-color":"","overlay-opacity":"","overlay-gradient":""},"tablet":{"background-color":"","background-image":"","background-repeat":"repeat","background-position":"center center","background-size":"auto","background-attachment":"scroll","background-type":"","background-media":"","overlay-type":"","overlay-color":"","overlay-opacity":"","overlay-gradient":""},"mobile":{"background-color":"","background-image":"","background-repeat":"repeat","background-position":"center center","background-size":"auto","background-attachment":"scroll","background-type":"","background-media":"","overlay-type":"","overlay-color":"","overlay-opacity":"","overlay-gradient":""}},"ast-content-background-meta":{"desktop":{"background-color":"var(--ast-global-color-5)","background-image":"","background-repeat":"repeat","background-position":"center center","background-size":"auto","background-attachment":"scroll","background-type":"","background-media":"","overlay-type":"","overlay-color":"","overlay-opacity":"","overlay-gradient":""},"tablet":{"background-color":"var(--ast-global-color-5)","background-image":"","background-repeat":"repeat","background-position":"center center","background-size":"auto","background-attachment":"scroll","background-type":"","background-media":"","overlay-type":"","overlay-color":"","overlay-opacity":"","overlay-gradient":""},"mobile":{"background-color":"var(--ast-global-color-5)","background-image":"","background-repeat":"repeat","background-position":"center center","background-size":"auto","background-attachment":"scroll","background-type":"","background-media":"","overlay-type":"","overlay-color":"","overlay-opacity":"","overlay-gradient":""}},"footnotes":""},"categories":[71],"tags":[],"class_list":["post-55939","post","type-post","status-publish","format-standard","has-post-thumbnail","hentry","category-podujatia"],"yoast_head":"<!-- This site is optimized with the Yoast SEO plugin v27.4 - https:\/\/yoast.com\/product\/yoast-seo-wordpress\/ -->\n<title>V\u00edtanie vt\u00e1\u010dieho spevu v Budat\u00ednskom parku - Pova\u017esk\u00e9 m\u00fazeum<\/title>\n<meta name=\"robots\" content=\"index, follow, max-snippet:-1, max-image-preview:large, max-video-preview:-1\" \/>\n<link rel=\"canonical\" href=\"https:\/\/pmza.sk\/?p=55939\" \/>\n<meta property=\"og:locale\" content=\"sk_SK\" \/>\n<meta property=\"og:type\" content=\"article\" \/>\n<meta property=\"og:title\" content=\"V\u00edtanie vt\u00e1\u010dieho spevu v Budat\u00ednskom parku - Pova\u017esk\u00e9 m\u00fazeum\" \/>\n<meta property=\"og:description\" content=\"Ornitologick\u00e1 vych\u00e1dzka spojen\u00e1 s\u00a0rozpr\u00e1van\u00edm o\u00a0zauj\u00edmavostiach Budat\u00ednskeho parku. Pozorovanie vt\u00e1ctva parku a\u00a0ich ur\u010dovanie pod\u013ea spevu. Sledovanie vodn\u00fdch vt\u00e1kov na s\u00fatoku V\u00e1hu a\u00a0Kysuce a\u00a0v\u00a0jeho okol\u00ed. K\u00a0dispoz\u00edcii bude monokul\u00e1rny \u010falekoh\u013ead na pozorovanie vt\u00e1ctva, vlastn\u00fd \u010falekoh\u013ead nie je nutn\u00fd, ale v\u00edtan\u00fd. Obuv a\u00a0oble\u010denie pod\u013ea po\u010dasia, nie ve\u013emi farebn\u00e9 (ide\u00e1lne siv\u00e1, zelen\u00e1 alebo hned\u00e1 farba). Miestom stretnutia bude hlavn\u00e1 br\u00e1na [&hellip;]\" \/>\n<meta property=\"og:url\" content=\"https:\/\/pmza.sk\/?p=55939\" \/>\n<meta property=\"og:site_name\" content=\"Pova\u017esk\u00e9 m\u00fazeum\" \/>\n<meta property=\"article:publisher\" content=\"https:\/\/www.facebook.com\/povazskemuzeum\" \/>\n<meta property=\"article:published_time\" content=\"2023-04-20T07:03:15+00:00\" \/>\n<meta property=\"article:modified_time\" content=\"2023-05-02T05:55:13+00:00\" \/>\n<meta property=\"og:image\" content=\"https:\/\/pmza.sk\/wp-content\/uploads\/2023\/04\/Vitanie_web-scaled.jpg\" \/>\n\t<meta property=\"og:image:width\" content=\"2560\" \/>\n\t<meta property=\"og:image:height\" content=\"2560\" \/>\n\t<meta property=\"og:image:type\" content=\"image\/jpeg\" \/>\n<meta name=\"author\" content=\"Pova\u017esk\u00e9 m\u00fazeum\" \/>\n<meta name=\"twitter:card\" content=\"summary_large_image\" \/>\n<meta name=\"twitter:label1\" content=\"Autor\" \/>\n\t<meta name=\"twitter:data1\" content=\"Pova\u017esk\u00e9 m\u00fazeum\" \/>\n\t<meta name=\"twitter:label2\" content=\"Predpokladan\u00fd \u010das \u010d\u00edtania\" \/>\n\t<meta name=\"twitter:data2\" content=\"1 min\u00fata\" \/>\n<script type=\"application\/ld+json\" class=\"yoast-schema-graph\">{\"@context\":\"https:\\\/\\\/schema.org\",\"@graph\":[{\"@type\":\"Article\",\"@id\":\"https:\\\/\\\/pmza.sk\\\/?p=55939#article\",\"isPartOf\":{\"@id\":\"https:\\\/\\\/pmza.sk\\\/?p=55939\"},\"author\":{\"name\":\"Pova\u017esk\u00e9 m\u00fazeum\",\"@id\":\"https:\\\/\\\/pmza.sk\\\/#\\\/schema\\\/person\\\/595e6a2ce731ea94dcd5d7f50a41ae33\"},\"headline\":\"V\u00edtanie vt\u00e1\u010dieho spevu v Budat\u00ednskom parku\",\"datePublished\":\"2023-04-20T07:03:15+00:00\",\"dateModified\":\"2023-05-02T05:55:13+00:00\",\"mainEntityOfPage\":{\"@id\":\"https:\\\/\\\/pmza.sk\\\/?p=55939\"},\"wordCount\":212,\"commentCount\":0,\"publisher\":{\"@id\":\"https:\\\/\\\/pmza.sk\\\/#organization\"},\"image\":{\"@id\":\"https:\\\/\\\/pmza.sk\\\/?p=55939#primaryimage\"},\"thumbnailUrl\":\"https:\\\/\\\/pmza.sk\\\/wp-content\\\/uploads\\\/2023\\\/04\\\/Vitanie_web-scaled.jpg\",\"articleSection\":[\"Podujatia\"],\"inLanguage\":\"sk-SK\"},{\"@type\":\"WebPage\",\"@id\":\"https:\\\/\\\/pmza.sk\\\/?p=55939\",\"url\":\"https:\\\/\\\/pmza.sk\\\/?p=55939\",\"name\":\"V\u00edtanie vt\u00e1\u010dieho spevu v Budat\u00ednskom parku - Pova\u017esk\u00e9 m\u00fazeum\",\"isPartOf\":{\"@id\":\"https:\\\/\\\/pmza.sk\\\/#website\"},\"primaryImageOfPage\":{\"@id\":\"https:\\\/\\\/pmza.sk\\\/?p=55939#primaryimage\"},\"image\":{\"@id\":\"https:\\\/\\\/pmza.sk\\\/?p=55939#primaryimage\"},\"thumbnailUrl\":\"https:\\\/\\\/pmza.sk\\\/wp-content\\\/uploads\\\/2023\\\/04\\\/Vitanie_web-scaled.jpg\",\"datePublished\":\"2023-04-20T07:03:15+00:00\",\"dateModified\":\"2023-05-02T05:55:13+00:00\",\"breadcrumb\":{\"@id\":\"https:\\\/\\\/pmza.sk\\\/?p=55939#breadcrumb\"},\"inLanguage\":\"sk-SK\",\"potentialAction\":[{\"@type\":\"ReadAction\",\"target\":[\"https:\\\/\\\/pmza.sk\\\/?p=55939\"]}]},{\"@type\":\"ImageObject\",\"inLanguage\":\"sk-SK\",\"@id\":\"https:\\\/\\\/pmza.sk\\\/?p=55939#primaryimage\",\"url\":\"https:\\\/\\\/pmza.sk\\\/wp-content\\\/uploads\\\/2023\\\/04\\\/Vitanie_web-scaled.jpg\",\"contentUrl\":\"https:\\\/\\\/pmza.sk\\\/wp-content\\\/uploads\\\/2023\\\/04\\\/Vitanie_web-scaled.jpg\",\"width\":2560,\"height\":2560},{\"@type\":\"BreadcrumbList\",\"@id\":\"https:\\\/\\\/pmza.sk\\\/?p=55939#breadcrumb\",\"itemListElement\":[{\"@type\":\"ListItem\",\"position\":1,\"name\":\"Domovsk\u00e1 str\u00e1nka\",\"item\":\"https:\\\/\\\/pmza.sk\\\/\"},{\"@type\":\"ListItem\",\"position\":2,\"name\":\"V\u00edtanie vt\u00e1\u010dieho spevu v Budat\u00ednskom parku\"}]},{\"@type\":\"WebSite\",\"@id\":\"https:\\\/\\\/pmza.sk\\\/#website\",\"url\":\"https:\\\/\\\/pmza.sk\\\/\",\"name\":\"Pova\u017esk\u00e9 m\u00fazeum\",\"description\":\"Pova\u017esk\u00e9 m\u00fazeum v \u017diline je region\u00e1lne m\u00fazeum so s\u00eddlom v Budat\u00edne. Jeho expoz\u00edcie s\u00fa zameran\u00e9 na dejiny slovensk\u00e9ho umenia, kult\u00fary a dopravy.\",\"publisher\":{\"@id\":\"https:\\\/\\\/pmza.sk\\\/#organization\"},\"potentialAction\":[{\"@type\":\"SearchAction\",\"target\":{\"@type\":\"EntryPoint\",\"urlTemplate\":\"https:\\\/\\\/pmza.sk\\\/?s={search_term_string}\"},\"query-input\":{\"@type\":\"PropertyValueSpecification\",\"valueRequired\":true,\"valueName\":\"search_term_string\"}}],\"inLanguage\":\"sk-SK\"},{\"@type\":\"Organization\",\"@id\":\"https:\\\/\\\/pmza.sk\\\/#organization\",\"name\":\"Pova\u017esk\u00e9 m\u00fazeum\",\"url\":\"https:\\\/\\\/pmza.sk\\\/\",\"logo\":{\"@type\":\"ImageObject\",\"inLanguage\":\"sk-SK\",\"@id\":\"https:\\\/\\\/pmza.sk\\\/#\\\/schema\\\/logo\\\/image\\\/\",\"url\":\"https:\\\/\\\/pmza.sk\\\/wp-content\\\/uploads\\\/2022\\\/01\\\/logo_PM_horizontal.jpg\",\"contentUrl\":\"https:\\\/\\\/pmza.sk\\\/wp-content\\\/uploads\\\/2022\\\/01\\\/logo_PM_horizontal.jpg\",\"width\":231,\"height\":142,\"caption\":\"Pova\u017esk\u00e9 m\u00fazeum\"},\"image\":{\"@id\":\"https:\\\/\\\/pmza.sk\\\/#\\\/schema\\\/logo\\\/image\\\/\"},\"sameAs\":[\"https:\\\/\\\/www.facebook.com\\\/povazskemuzeum\",\"https:\\\/\\\/www.instagram.com\\\/povazskemuzeum\\\/\"]},{\"@type\":\"Person\",\"@id\":\"https:\\\/\\\/pmza.sk\\\/#\\\/schema\\\/person\\\/595e6a2ce731ea94dcd5d7f50a41ae33\",\"name\":\"Pova\u017esk\u00e9 m\u00fazeum\",\"image\":{\"@type\":\"ImageObject\",\"inLanguage\":\"sk-SK\",\"@id\":\"https:\\\/\\\/secure.gravatar.com\\\/avatar\\\/2bb7f1561282132fb5826dfeccc66c7996d11ee392ac6aaf7ced8a1c2027fbb2?s=96&d=mm&r=g\",\"url\":\"https:\\\/\\\/secure.gravatar.com\\\/avatar\\\/2bb7f1561282132fb5826dfeccc66c7996d11ee392ac6aaf7ced8a1c2027fbb2?s=96&d=mm&r=g\",\"contentUrl\":\"https:\\\/\\\/secure.gravatar.com\\\/avatar\\\/2bb7f1561282132fb5826dfeccc66c7996d11ee392ac6aaf7ced8a1c2027fbb2?s=96&d=mm&r=g\",\"caption\":\"Pova\u017esk\u00e9 m\u00fazeum\"}}]}<\/script>\n<!-- \/ Yoast SEO plugin. -->","yoast_head_json":{"title":"V\u00edtanie vt\u00e1\u010dieho spevu v Budat\u00ednskom parku - Pova\u017esk\u00e9 m\u00fazeum","robots":{"index":"index","follow":"follow","max-snippet":"max-snippet:-1","max-image-preview":"max-image-preview:large","max-video-preview":"max-video-preview:-1"},"canonical":"https:\/\/pmza.sk\/?p=55939","og_locale":"sk_SK","og_type":"article","og_title":"V\u00edtanie vt\u00e1\u010dieho spevu v Budat\u00ednskom parku - Pova\u017esk\u00e9 m\u00fazeum","og_description":"Ornitologick\u00e1 vych\u00e1dzka spojen\u00e1 s\u00a0rozpr\u00e1van\u00edm o\u00a0zauj\u00edmavostiach Budat\u00ednskeho parku. Pozorovanie vt\u00e1ctva parku a\u00a0ich ur\u010dovanie pod\u013ea spevu. Sledovanie vodn\u00fdch vt\u00e1kov na s\u00fatoku V\u00e1hu a\u00a0Kysuce a\u00a0v\u00a0jeho okol\u00ed. K\u00a0dispoz\u00edcii bude monokul\u00e1rny \u010falekoh\u013ead na pozorovanie vt\u00e1ctva, vlastn\u00fd \u010falekoh\u013ead nie je nutn\u00fd, ale v\u00edtan\u00fd. Obuv a\u00a0oble\u010denie pod\u013ea po\u010dasia, nie ve\u013emi farebn\u00e9 (ide\u00e1lne siv\u00e1, zelen\u00e1 alebo hned\u00e1 farba). Miestom stretnutia bude hlavn\u00e1 br\u00e1na [&hellip;]","og_url":"https:\/\/pmza.sk\/?p=55939","og_site_name":"Pova\u017esk\u00e9 m\u00fazeum","article_publisher":"https:\/\/www.facebook.com\/povazskemuzeum","article_published_time":"2023-04-20T07:03:15+00:00","article_modified_time":"2023-05-02T05:55:13+00:00","og_image":[{"width":2560,"height":2560,"url":"https:\/\/pmza.sk\/wp-content\/uploads\/2023\/04\/Vitanie_web-scaled.jpg","type":"image\/jpeg"}],"author":"Pova\u017esk\u00e9 m\u00fazeum","twitter_card":"summary_large_image","twitter_misc":{"Autor":"Pova\u017esk\u00e9 m\u00fazeum","Predpokladan\u00fd \u010das \u010d\u00edtania":"1 min\u00fata"},"schema":{"@context":"https:\/\/schema.org","@graph":[{"@type":"Article","@id":"https:\/\/pmza.sk\/?p=55939#article","isPartOf":{"@id":"https:\/\/pmza.sk\/?p=55939"},"author":{"name":"Pova\u017esk\u00e9 m\u00fazeum","@id":"https:\/\/pmza.sk\/#\/schema\/person\/595e6a2ce731ea94dcd5d7f50a41ae33"},"headline":"V\u00edtanie vt\u00e1\u010dieho spevu v Budat\u00ednskom parku","datePublished":"2023-04-20T07:03:15+00:00","dateModified":"2023-05-02T05:55:13+00:00","mainEntityOfPage":{"@id":"https:\/\/pmza.sk\/?p=55939"},"wordCount":212,"commentCount":0,"publisher":{"@id":"https:\/\/pmza.sk\/#organization"},"image":{"@id":"https:\/\/pmza.sk\/?p=55939#primaryimage"},"thumbnailUrl":"https:\/\/pmza.sk\/wp-content\/uploads\/2023\/04\/Vitanie_web-scaled.jpg","articleSection":["Podujatia"],"inLanguage":"sk-SK"},{"@type":"WebPage","@id":"https:\/\/pmza.sk\/?p=55939","url":"https:\/\/pmza.sk\/?p=55939","name":"V\u00edtanie vt\u00e1\u010dieho spevu v Budat\u00ednskom parku - Pova\u017esk\u00e9 m\u00fazeum","isPartOf":{"@id":"https:\/\/pmza.sk\/#website"},"primaryImageOfPage":{"@id":"https:\/\/pmza.sk\/?p=55939#primaryimage"},"image":{"@id":"https:\/\/pmza.sk\/?p=55939#primaryimage"},"thumbnailUrl":"https:\/\/pmza.sk\/wp-content\/uploads\/2023\/04\/Vitanie_web-scaled.jpg","datePublished":"2023-04-20T07:03:15+00:00","dateModified":"2023-05-02T05:55:13+00:00","breadcrumb":{"@id":"https:\/\/pmza.sk\/?p=55939#breadcrumb"},"inLanguage":"sk-SK","potentialAction":[{"@type":"ReadAction","target":["https:\/\/pmza.sk\/?p=55939"]}]},{"@type":"ImageObject","inLanguage":"sk-SK","@id":"https:\/\/pmza.sk\/?p=55939#primaryimage","url":"https:\/\/pmza.sk\/wp-content\/uploads\/2023\/04\/Vitanie_web-scaled.jpg","contentUrl":"https:\/\/pmza.sk\/wp-content\/uploads\/2023\/04\/Vitanie_web-scaled.jpg","width":2560,"height":2560},{"@type":"BreadcrumbList","@id":"https:\/\/pmza.sk\/?p=55939#breadcrumb","itemListElement":[{"@type":"ListItem","position":1,"name":"Domovsk\u00e1 str\u00e1nka","item":"https:\/\/pmza.sk\/"},{"@type":"ListItem","position":2,"name":"V\u00edtanie vt\u00e1\u010dieho spevu v Budat\u00ednskom parku"}]},{"@type":"WebSite","@id":"https:\/\/pmza.sk\/#website","url":"https:\/\/pmza.sk\/","name":"Pova\u017esk\u00e9 m\u00fazeum","description":"Pova\u017esk\u00e9 m\u00fazeum v \u017diline je region\u00e1lne m\u00fazeum so s\u00eddlom v Budat\u00edne. Jeho expoz\u00edcie s\u00fa zameran\u00e9 na dejiny slovensk\u00e9ho umenia, kult\u00fary a dopravy.","publisher":{"@id":"https:\/\/pmza.sk\/#organization"},"potentialAction":[{"@type":"SearchAction","target":{"@type":"EntryPoint","urlTemplate":"https:\/\/pmza.sk\/?s={search_term_string}"},"query-input":{"@type":"PropertyValueSpecification","valueRequired":true,"valueName":"search_term_string"}}],"inLanguage":"sk-SK"},{"@type":"Organization","@id":"https:\/\/pmza.sk\/#organization","name":"Pova\u017esk\u00e9 m\u00fazeum","url":"https:\/\/pmza.sk\/","logo":{"@type":"ImageObject","inLanguage":"sk-SK","@id":"https:\/\/pmza.sk\/#\/schema\/logo\/image\/","url":"https:\/\/pmza.sk\/wp-content\/uploads\/2022\/01\/logo_PM_horizontal.jpg","contentUrl":"https:\/\/pmza.sk\/wp-content\/uploads\/2022\/01\/logo_PM_horizontal.jpg","width":231,"height":142,"caption":"Pova\u017esk\u00e9 m\u00fazeum"},"image":{"@id":"https:\/\/pmza.sk\/#\/schema\/logo\/image\/"},"sameAs":["https:\/\/www.facebook.com\/povazskemuzeum","https:\/\/www.instagram.com\/povazskemuzeum\/"]},{"@type":"Person","@id":"https:\/\/pmza.sk\/#\/schema\/person\/595e6a2ce731ea94dcd5d7f50a41ae33","name":"Pova\u017esk\u00e9 m\u00fazeum","image":{"@type":"ImageObject","inLanguage":"sk-SK","@id":"https:\/\/secure.gravatar.com\/avatar\/2bb7f1561282132fb5826dfeccc66c7996d11ee392ac6aaf7ced8a1c2027fbb2?s=96&d=mm&r=g","url":"https:\/\/secure.gravatar.com\/avatar\/2bb7f1561282132fb5826dfeccc66c7996d11ee392ac6aaf7ced8a1c2027fbb2?s=96&d=mm&r=g","contentUrl":"https:\/\/secure.gravatar.com\/avatar\/2bb7f1561282132fb5826dfeccc66c7996d11ee392ac6aaf7ced8a1c2027fbb2?s=96&d=mm&r=g","caption":"Pova\u017esk\u00e9 m\u00fazeum"}}]}},"_links":{"self":[{"href":"https:\/\/pmza.sk\/index.php?rest_route=\/wp\/v2\/posts\/55939","targetHints":{"allow":["GET"]}}],"collection":[{"href":"https:\/\/pmza.sk\/index.php?rest_route=\/wp\/v2\/posts"}],"about":[{"href":"https:\/\/pmza.sk\/index.php?rest_route=\/wp\/v2\/types\/post"}],"author":[{"embeddable":true,"href":"https:\/\/pmza.sk\/index.php?rest_route=\/wp\/v2\/users\/2"}],"replies":[{"embeddable":true,"href":"https:\/\/pmza.sk\/index.php?rest_route=%2Fwp%2Fv2%2Fcomments&post=55939"}],"version-history":[{"count":0,"href":"https:\/\/pmza.sk\/index.php?rest_route=\/wp\/v2\/posts\/55939\/revisions"}],"wp:featuredmedia":[{"embeddable":true,"href":"https:\/\/pmza.sk\/index.php?rest_route=\/wp\/v2\/media\/55943"}],"wp:attachment":[{"href":"https:\/\/pmza.sk\/index.php?rest_route=%2Fwp%2Fv2%2Fmedia&parent=55939"}],"wp:term":[{"taxonomy":"category","embeddable":true,"href":"https:\/\/pmza.sk\/index.php?rest_route=%2Fwp%2Fv2%2Fcategories&post=55939"},{"taxonomy":"post_tag","embeddable":true,"href":"https:\/\/pmza.sk\/index.php?rest_route=%2Fwp%2Fv2%2Ftags&post=55939"}],"curies":[{"name":"wp","href":"https:\/\/api.w.org\/{rel}","templated":true}]}}