{"id":56069,"date":"2023-04-28T10:58:41","date_gmt":"2023-04-28T08:58:41","guid":{"rendered":"https:\/\/pmza.sk\/?p=56069"},"modified":"2023-05-09T13:35:48","modified_gmt":"2023-05-09T11:35:48","slug":"jarna-krasa-5","status":"publish","type":"post","link":"https:\/\/pmza.sk\/?p=56069","title":{"rendered":"Jarn\u00e1 kr\u00e1sa"},"content":{"rendered":"<p>V\u00a0d\u0148och 5. \u2013 7. 5. 2023 sa v\u00a0are\u00e1li Budat\u00ednskeho hradu uskuto\u010dn\u00ed tradi\u010dn\u00e9 podujatie Jarn\u00e1 kr\u00e1sa, ktor\u00e9 organizuje OZ Mal\u00e1 Fatra. Pr\u00ed\u010fte si k\u00fapi\u0165 skalni\u010dky, letni\u010dky, okrasn\u00e9 i ovocn\u00e9 dreviny, bylinky, bonsaje, vypo\u010dujte si rady sk\u00fasen\u00fdch z\u00e1hradk\u00e1rov a nav\u0161t\u00edvte Budat\u00ednsky hrad.<\/p>\n<p><strong>Program v\u00fdstavy:<\/strong><\/p>\n<p><strong>Piatok (5. m\u00e1j)<\/strong><\/p>\n<p>10.00 \u2013 sl\u00e1vnostn\u00e9 otvorenie<\/p>\n<p>13.30 \u2013 predn\u00e1\u0161ka o\u00a0jedl\u00fdch divorast\u00facich rastlin\u00e1ch<\/p>\n<p>16.00 \u2013 Neskor\u00fd Bobu\u013eov zber \u2013 country kapela<\/p>\n<p><strong>Sobota (6. m\u00e1j)<\/strong><\/p>\n<p>9.00 \u2013 lesn\u00e1 pedagogika<\/p>\n<p>10.00 \u2013 uk\u00e1\u017eky aran\u017eovania \u017eia\u010dok SO\u0160PaSnV<\/p>\n<p>10.30 \u2013 15.00 \u2013 Projekt odv\u00e1\u017ene \u017eeny (V\u00fdchodn\u00fd pal\u00e1c)<\/p>\n<p>11.00 \u2013 kynologick\u00e1 uk\u00e1\u017eka<\/p>\n<p>13.00 \u2013 16.00 De\u0148 po\u013eskej kult\u00fary (po\u013esk\u00e1 hudba, ochutn\u00e1vka tradi\u010dn\u00fdch jed\u00e1l)<\/p>\n<p><strong>Nede\u013ea (7. m\u00e1j)<\/strong><\/p>\n<p>10.00 \u2013 13.00 \u2013 ry\u017eovanie zlata (program pre deti)<\/p>\n<p>13.00 \u2013 uk\u00e1\u017eky aran\u017eovania \u017eia\u010dok SO\u0160PaSnV<\/p>\n<p>15.00 \u2013 Divadlo o\u00a0koc\u00farovi a\u00a0py\u0161nej hviezde (Divadlo zo \u0160ufl\u00edka)<\/p>\n<p>&nbsp;<\/p>\n<p>Vstupn\u00e9: dobrovo\u013en\u00e9<\/p>\n<p>&nbsp;<\/p>\n<p>Viac inform\u00e1ci\u00ed n\u00e1jdete na: <a href=\"http:\/\/www.ozmalafatra.sk\/index.php?option=com_content&amp;view=article&amp;id=11&amp;catid=14&amp;Itemid=101\">http:\/\/www.ozmalafatra.sk\/index.php?option=com_content&amp;view=article&amp;id=11&amp;catid=14&amp;Itemid=101<\/a><\/p>\n<div class=\"wp-block-image\"><img fetchpriority=\"high\" decoding=\"async\" class=\"alignnone size-medium wp-image-56072\" src=\"https:\/\/pmza.sk\/wp-content\/uploads\/2023\/04\/jarna-krasa-2023-509x360.jpg\" alt=\"\" width=\"509\" height=\"360\" srcset=\"https:\/\/pmza.sk\/wp-content\/uploads\/2023\/04\/jarna-krasa-2023-509x360.jpg 509w, https:\/\/pmza.sk\/wp-content\/uploads\/2023\/04\/jarna-krasa-2023-1041x736.jpg 1041w, https:\/\/pmza.sk\/wp-content\/uploads\/2023\/04\/jarna-krasa-2023-768x543.jpg 768w, https:\/\/pmza.sk\/wp-content\/uploads\/2023\/04\/jarna-krasa-2023-1536x1086.jpg 1536w, https:\/\/pmza.sk\/wp-content\/uploads\/2023\/04\/jarna-krasa-2023-600x424.jpg 600w, https:\/\/pmza.sk\/wp-content\/uploads\/2023\/04\/jarna-krasa-2023.jpg 1858w\" sizes=\"(max-width: 509px) 100vw, 509px\" \/><\/div>\n<div><\/div>\n<div>Plag\u00e1t a program v plnej ve\u013ekosti <a href=\"https:\/\/pmza.sk\/wp-content\/uploads\/2023\/04\/jarna-krasa_A3_2023_final.pdf\">TU<\/a><\/div>\n","protected":false},"excerpt":{"rendered":"<p>V\u00a0d\u0148och 5. \u2013 7. 5. 2023 sa v\u00a0are\u00e1li Budat\u00ednskeho hradu uskuto\u010dn\u00ed tradi\u010dn\u00e9 podujatie Jarn\u00e1 kr\u00e1sa, ktor\u00e9 organizuje OZ Mal\u00e1 Fatra. Pr\u00ed\u010fte si k\u00fapi\u0165 skalni\u010dky, letni\u010dky, okrasn\u00e9 i ovocn\u00e9 dreviny, bylinky, bonsaje, vypo\u010dujte si rady sk\u00fasen\u00fdch z\u00e1hradk\u00e1rov a nav\u0161t\u00edvte Budat\u00ednsky hrad. Program v\u00fdstavy: Piatok (5. m\u00e1j) 10.00 \u2013 sl\u00e1vnostn\u00e9 otvorenie 13.30 \u2013 predn\u00e1\u0161ka o\u00a0jedl\u00fdch divorast\u00facich rastlin\u00e1ch [&hellip;]<\/p>\n","protected":false},"author":2,"featured_media":56071,"comment_status":"open","ping_status":"open","sticky":false,"template":"","format":"standard","meta":{"site-sidebar-layout":"default","site-content-layout":"default","ast-site-content-layout":"","site-content-style":"default","site-sidebar-style":"default","ast-global-header-display":"","ast-banner-title-visibility":"","ast-main-header-display":"","ast-hfb-above-header-display":"","ast-hfb-below-header-display":"","ast-hfb-mobile-header-display":"","site-post-title":"","ast-breadcrumbs-content":"","ast-featured-img":"","footer-sml-layout":"","theme-transparent-header-meta":"default","adv-header-id-meta":"","stick-header-meta":"default","header-above-stick-meta":"","header-main-stick-meta":"","header-below-stick-meta":"","astra-migrate-meta-layouts":"default","ast-page-background-enabled":"default","ast-page-background-meta":{"desktop":{"background-color":"var(--ast-global-color-4)","background-image":"","background-repeat":"repeat","background-position":"center center","background-size":"auto","background-attachment":"scroll","background-type":"","background-media":"","overlay-type":"","overlay-color":"","overlay-opacity":"","overlay-gradient":""},"tablet":{"background-color":"","background-image":"","background-repeat":"repeat","background-position":"center center","background-size":"auto","background-attachment":"scroll","background-type":"","background-media":"","overlay-type":"","overlay-color":"","overlay-opacity":"","overlay-gradient":""},"mobile":{"background-color":"","background-image":"","background-repeat":"repeat","background-position":"center center","background-size":"auto","background-attachment":"scroll","background-type":"","background-media":"","overlay-type":"","overlay-color":"","overlay-opacity":"","overlay-gradient":""}},"ast-content-background-meta":{"desktop":{"background-color":"var(--ast-global-color-5)","background-image":"","background-repeat":"repeat","background-position":"center center","background-size":"auto","background-attachment":"scroll","background-type":"","background-media":"","overlay-type":"","overlay-color":"","overlay-opacity":"","overlay-gradient":""},"tablet":{"background-color":"var(--ast-global-color-5)","background-image":"","background-repeat":"repeat","background-position":"center center","background-size":"auto","background-attachment":"scroll","background-type":"","background-media":"","overlay-type":"","overlay-color":"","overlay-opacity":"","overlay-gradient":""},"mobile":{"background-color":"var(--ast-global-color-5)","background-image":"","background-repeat":"repeat","background-position":"center center","background-size":"auto","background-attachment":"scroll","background-type":"","background-media":"","overlay-type":"","overlay-color":"","overlay-opacity":"","overlay-gradient":""}},"footnotes":""},"categories":[71],"tags":[],"class_list":["post-56069","post","type-post","status-publish","format-standard","has-post-thumbnail","hentry","category-podujatia"],"yoast_head":"<!-- This site is optimized with the Yoast SEO plugin v27.4 - https:\/\/yoast.com\/product\/yoast-seo-wordpress\/ -->\n<title>Jarn\u00e1 kr\u00e1sa - Pova\u017esk\u00e9 m\u00fazeum<\/title>\n<meta name=\"robots\" content=\"index, follow, max-snippet:-1, max-image-preview:large, max-video-preview:-1\" \/>\n<link rel=\"canonical\" href=\"https:\/\/pmza.sk\/?p=56069\" \/>\n<meta property=\"og:locale\" content=\"sk_SK\" \/>\n<meta property=\"og:type\" content=\"article\" \/>\n<meta property=\"og:title\" content=\"Jarn\u00e1 kr\u00e1sa - Pova\u017esk\u00e9 m\u00fazeum\" \/>\n<meta property=\"og:description\" content=\"V\u00a0d\u0148och 5. \u2013 7. 5. 2023 sa v\u00a0are\u00e1li Budat\u00ednskeho hradu uskuto\u010dn\u00ed tradi\u010dn\u00e9 podujatie Jarn\u00e1 kr\u00e1sa, ktor\u00e9 organizuje OZ Mal\u00e1 Fatra. Pr\u00ed\u010fte si k\u00fapi\u0165 skalni\u010dky, letni\u010dky, okrasn\u00e9 i ovocn\u00e9 dreviny, bylinky, bonsaje, vypo\u010dujte si rady sk\u00fasen\u00fdch z\u00e1hradk\u00e1rov a nav\u0161t\u00edvte Budat\u00ednsky hrad. Program v\u00fdstavy: Piatok (5. m\u00e1j) 10.00 \u2013 sl\u00e1vnostn\u00e9 otvorenie 13.30 \u2013 predn\u00e1\u0161ka o\u00a0jedl\u00fdch divorast\u00facich rastlin\u00e1ch [&hellip;]\" \/>\n<meta property=\"og:url\" content=\"https:\/\/pmza.sk\/?p=56069\" \/>\n<meta property=\"og:site_name\" content=\"Pova\u017esk\u00e9 m\u00fazeum\" \/>\n<meta property=\"article:publisher\" content=\"https:\/\/www.facebook.com\/povazskemuzeum\" \/>\n<meta property=\"article:published_time\" content=\"2023-04-28T08:58:41+00:00\" \/>\n<meta property=\"article:modified_time\" content=\"2023-05-09T11:35:48+00:00\" \/>\n<meta property=\"og:image\" content=\"https:\/\/pmza.sk\/wp-content\/uploads\/2023\/04\/jarna-krasa-2023-\u2013-kopia.jpg\" \/>\n\t<meta property=\"og:image:width\" content=\"964\" \/>\n\t<meta property=\"og:image:height\" content=\"678\" \/>\n\t<meta property=\"og:image:type\" content=\"image\/jpeg\" \/>\n<meta name=\"author\" content=\"Pova\u017esk\u00e9 m\u00fazeum\" \/>\n<meta name=\"twitter:card\" content=\"summary_large_image\" \/>\n<meta name=\"twitter:label1\" content=\"Autor\" \/>\n\t<meta name=\"twitter:data1\" content=\"Pova\u017esk\u00e9 m\u00fazeum\" \/>\n\t<meta name=\"twitter:label2\" content=\"Predpokladan\u00fd \u010das \u010d\u00edtania\" \/>\n\t<meta name=\"twitter:data2\" content=\"1 min\u00fata\" \/>\n<script type=\"application\/ld+json\" class=\"yoast-schema-graph\">{\"@context\":\"https:\\\/\\\/schema.org\",\"@graph\":[{\"@type\":\"Article\",\"@id\":\"https:\\\/\\\/pmza.sk\\\/?p=56069#article\",\"isPartOf\":{\"@id\":\"https:\\\/\\\/pmza.sk\\\/?p=56069\"},\"author\":{\"name\":\"Pova\u017esk\u00e9 m\u00fazeum\",\"@id\":\"https:\\\/\\\/pmza.sk\\\/#\\\/schema\\\/person\\\/595e6a2ce731ea94dcd5d7f50a41ae33\"},\"headline\":\"Jarn\u00e1 kr\u00e1sa\",\"datePublished\":\"2023-04-28T08:58:41+00:00\",\"dateModified\":\"2023-05-09T11:35:48+00:00\",\"mainEntityOfPage\":{\"@id\":\"https:\\\/\\\/pmza.sk\\\/?p=56069\"},\"wordCount\":189,\"commentCount\":0,\"publisher\":{\"@id\":\"https:\\\/\\\/pmza.sk\\\/#organization\"},\"image\":{\"@id\":\"https:\\\/\\\/pmza.sk\\\/?p=56069#primaryimage\"},\"thumbnailUrl\":\"https:\\\/\\\/pmza.sk\\\/wp-content\\\/uploads\\\/2023\\\/04\\\/jarna-krasa-2023-\u2013-kopia.jpg\",\"articleSection\":[\"Podujatia\"],\"inLanguage\":\"sk-SK\"},{\"@type\":\"WebPage\",\"@id\":\"https:\\\/\\\/pmza.sk\\\/?p=56069\",\"url\":\"https:\\\/\\\/pmza.sk\\\/?p=56069\",\"name\":\"Jarn\u00e1 kr\u00e1sa - Pova\u017esk\u00e9 m\u00fazeum\",\"isPartOf\":{\"@id\":\"https:\\\/\\\/pmza.sk\\\/#website\"},\"primaryImageOfPage\":{\"@id\":\"https:\\\/\\\/pmza.sk\\\/?p=56069#primaryimage\"},\"image\":{\"@id\":\"https:\\\/\\\/pmza.sk\\\/?p=56069#primaryimage\"},\"thumbnailUrl\":\"https:\\\/\\\/pmza.sk\\\/wp-content\\\/uploads\\\/2023\\\/04\\\/jarna-krasa-2023-\u2013-kopia.jpg\",\"datePublished\":\"2023-04-28T08:58:41+00:00\",\"dateModified\":\"2023-05-09T11:35:48+00:00\",\"breadcrumb\":{\"@id\":\"https:\\\/\\\/pmza.sk\\\/?p=56069#breadcrumb\"},\"inLanguage\":\"sk-SK\",\"potentialAction\":[{\"@type\":\"ReadAction\",\"target\":[\"https:\\\/\\\/pmza.sk\\\/?p=56069\"]}]},{\"@type\":\"ImageObject\",\"inLanguage\":\"sk-SK\",\"@id\":\"https:\\\/\\\/pmza.sk\\\/?p=56069#primaryimage\",\"url\":\"https:\\\/\\\/pmza.sk\\\/wp-content\\\/uploads\\\/2023\\\/04\\\/jarna-krasa-2023-\u2013-kopia.jpg\",\"contentUrl\":\"https:\\\/\\\/pmza.sk\\\/wp-content\\\/uploads\\\/2023\\\/04\\\/jarna-krasa-2023-\u2013-kopia.jpg\",\"width\":964,\"height\":678},{\"@type\":\"BreadcrumbList\",\"@id\":\"https:\\\/\\\/pmza.sk\\\/?p=56069#breadcrumb\",\"itemListElement\":[{\"@type\":\"ListItem\",\"position\":1,\"name\":\"Domovsk\u00e1 str\u00e1nka\",\"item\":\"https:\\\/\\\/pmza.sk\\\/\"},{\"@type\":\"ListItem\",\"position\":2,\"name\":\"Jarn\u00e1 kr\u00e1sa\"}]},{\"@type\":\"WebSite\",\"@id\":\"https:\\\/\\\/pmza.sk\\\/#website\",\"url\":\"https:\\\/\\\/pmza.sk\\\/\",\"name\":\"Pova\u017esk\u00e9 m\u00fazeum\",\"description\":\"Pova\u017esk\u00e9 m\u00fazeum v \u017diline je region\u00e1lne m\u00fazeum so s\u00eddlom v Budat\u00edne. Jeho expoz\u00edcie s\u00fa zameran\u00e9 na dejiny slovensk\u00e9ho umenia, kult\u00fary a dopravy.\",\"publisher\":{\"@id\":\"https:\\\/\\\/pmza.sk\\\/#organization\"},\"potentialAction\":[{\"@type\":\"SearchAction\",\"target\":{\"@type\":\"EntryPoint\",\"urlTemplate\":\"https:\\\/\\\/pmza.sk\\\/?s={search_term_string}\"},\"query-input\":{\"@type\":\"PropertyValueSpecification\",\"valueRequired\":true,\"valueName\":\"search_term_string\"}}],\"inLanguage\":\"sk-SK\"},{\"@type\":\"Organization\",\"@id\":\"https:\\\/\\\/pmza.sk\\\/#organization\",\"name\":\"Pova\u017esk\u00e9 m\u00fazeum\",\"url\":\"https:\\\/\\\/pmza.sk\\\/\",\"logo\":{\"@type\":\"ImageObject\",\"inLanguage\":\"sk-SK\",\"@id\":\"https:\\\/\\\/pmza.sk\\\/#\\\/schema\\\/logo\\\/image\\\/\",\"url\":\"https:\\\/\\\/pmza.sk\\\/wp-content\\\/uploads\\\/2022\\\/01\\\/logo_PM_horizontal.jpg\",\"contentUrl\":\"https:\\\/\\\/pmza.sk\\\/wp-content\\\/uploads\\\/2022\\\/01\\\/logo_PM_horizontal.jpg\",\"width\":231,\"height\":142,\"caption\":\"Pova\u017esk\u00e9 m\u00fazeum\"},\"image\":{\"@id\":\"https:\\\/\\\/pmza.sk\\\/#\\\/schema\\\/logo\\\/image\\\/\"},\"sameAs\":[\"https:\\\/\\\/www.facebook.com\\\/povazskemuzeum\",\"https:\\\/\\\/www.instagram.com\\\/povazskemuzeum\\\/\"]},{\"@type\":\"Person\",\"@id\":\"https:\\\/\\\/pmza.sk\\\/#\\\/schema\\\/person\\\/595e6a2ce731ea94dcd5d7f50a41ae33\",\"name\":\"Pova\u017esk\u00e9 m\u00fazeum\",\"image\":{\"@type\":\"ImageObject\",\"inLanguage\":\"sk-SK\",\"@id\":\"https:\\\/\\\/secure.gravatar.com\\\/avatar\\\/2bb7f1561282132fb5826dfeccc66c7996d11ee392ac6aaf7ced8a1c2027fbb2?s=96&d=mm&r=g\",\"url\":\"https:\\\/\\\/secure.gravatar.com\\\/avatar\\\/2bb7f1561282132fb5826dfeccc66c7996d11ee392ac6aaf7ced8a1c2027fbb2?s=96&d=mm&r=g\",\"contentUrl\":\"https:\\\/\\\/secure.gravatar.com\\\/avatar\\\/2bb7f1561282132fb5826dfeccc66c7996d11ee392ac6aaf7ced8a1c2027fbb2?s=96&d=mm&r=g\",\"caption\":\"Pova\u017esk\u00e9 m\u00fazeum\"}}]}<\/script>\n<!-- \/ Yoast SEO plugin. -->","yoast_head_json":{"title":"Jarn\u00e1 kr\u00e1sa - Pova\u017esk\u00e9 m\u00fazeum","robots":{"index":"index","follow":"follow","max-snippet":"max-snippet:-1","max-image-preview":"max-image-preview:large","max-video-preview":"max-video-preview:-1"},"canonical":"https:\/\/pmza.sk\/?p=56069","og_locale":"sk_SK","og_type":"article","og_title":"Jarn\u00e1 kr\u00e1sa - Pova\u017esk\u00e9 m\u00fazeum","og_description":"V\u00a0d\u0148och 5. \u2013 7. 5. 2023 sa v\u00a0are\u00e1li Budat\u00ednskeho hradu uskuto\u010dn\u00ed tradi\u010dn\u00e9 podujatie Jarn\u00e1 kr\u00e1sa, ktor\u00e9 organizuje OZ Mal\u00e1 Fatra. Pr\u00ed\u010fte si k\u00fapi\u0165 skalni\u010dky, letni\u010dky, okrasn\u00e9 i ovocn\u00e9 dreviny, bylinky, bonsaje, vypo\u010dujte si rady sk\u00fasen\u00fdch z\u00e1hradk\u00e1rov a nav\u0161t\u00edvte Budat\u00ednsky hrad. Program v\u00fdstavy: Piatok (5. m\u00e1j) 10.00 \u2013 sl\u00e1vnostn\u00e9 otvorenie 13.30 \u2013 predn\u00e1\u0161ka o\u00a0jedl\u00fdch divorast\u00facich rastlin\u00e1ch [&hellip;]","og_url":"https:\/\/pmza.sk\/?p=56069","og_site_name":"Pova\u017esk\u00e9 m\u00fazeum","article_publisher":"https:\/\/www.facebook.com\/povazskemuzeum","article_published_time":"2023-04-28T08:58:41+00:00","article_modified_time":"2023-05-09T11:35:48+00:00","og_image":[{"width":964,"height":678,"url":"https:\/\/pmza.sk\/wp-content\/uploads\/2023\/04\/jarna-krasa-2023-\u2013-kopia.jpg","type":"image\/jpeg"}],"author":"Pova\u017esk\u00e9 m\u00fazeum","twitter_card":"summary_large_image","twitter_misc":{"Autor":"Pova\u017esk\u00e9 m\u00fazeum","Predpokladan\u00fd \u010das \u010d\u00edtania":"1 min\u00fata"},"schema":{"@context":"https:\/\/schema.org","@graph":[{"@type":"Article","@id":"https:\/\/pmza.sk\/?p=56069#article","isPartOf":{"@id":"https:\/\/pmza.sk\/?p=56069"},"author":{"name":"Pova\u017esk\u00e9 m\u00fazeum","@id":"https:\/\/pmza.sk\/#\/schema\/person\/595e6a2ce731ea94dcd5d7f50a41ae33"},"headline":"Jarn\u00e1 kr\u00e1sa","datePublished":"2023-04-28T08:58:41+00:00","dateModified":"2023-05-09T11:35:48+00:00","mainEntityOfPage":{"@id":"https:\/\/pmza.sk\/?p=56069"},"wordCount":189,"commentCount":0,"publisher":{"@id":"https:\/\/pmza.sk\/#organization"},"image":{"@id":"https:\/\/pmza.sk\/?p=56069#primaryimage"},"thumbnailUrl":"https:\/\/pmza.sk\/wp-content\/uploads\/2023\/04\/jarna-krasa-2023-\u2013-kopia.jpg","articleSection":["Podujatia"],"inLanguage":"sk-SK"},{"@type":"WebPage","@id":"https:\/\/pmza.sk\/?p=56069","url":"https:\/\/pmza.sk\/?p=56069","name":"Jarn\u00e1 kr\u00e1sa - Pova\u017esk\u00e9 m\u00fazeum","isPartOf":{"@id":"https:\/\/pmza.sk\/#website"},"primaryImageOfPage":{"@id":"https:\/\/pmza.sk\/?p=56069#primaryimage"},"image":{"@id":"https:\/\/pmza.sk\/?p=56069#primaryimage"},"thumbnailUrl":"https:\/\/pmza.sk\/wp-content\/uploads\/2023\/04\/jarna-krasa-2023-\u2013-kopia.jpg","datePublished":"2023-04-28T08:58:41+00:00","dateModified":"2023-05-09T11:35:48+00:00","breadcrumb":{"@id":"https:\/\/pmza.sk\/?p=56069#breadcrumb"},"inLanguage":"sk-SK","potentialAction":[{"@type":"ReadAction","target":["https:\/\/pmza.sk\/?p=56069"]}]},{"@type":"ImageObject","inLanguage":"sk-SK","@id":"https:\/\/pmza.sk\/?p=56069#primaryimage","url":"https:\/\/pmza.sk\/wp-content\/uploads\/2023\/04\/jarna-krasa-2023-\u2013-kopia.jpg","contentUrl":"https:\/\/pmza.sk\/wp-content\/uploads\/2023\/04\/jarna-krasa-2023-\u2013-kopia.jpg","width":964,"height":678},{"@type":"BreadcrumbList","@id":"https:\/\/pmza.sk\/?p=56069#breadcrumb","itemListElement":[{"@type":"ListItem","position":1,"name":"Domovsk\u00e1 str\u00e1nka","item":"https:\/\/pmza.sk\/"},{"@type":"ListItem","position":2,"name":"Jarn\u00e1 kr\u00e1sa"}]},{"@type":"WebSite","@id":"https:\/\/pmza.sk\/#website","url":"https:\/\/pmza.sk\/","name":"Pova\u017esk\u00e9 m\u00fazeum","description":"Pova\u017esk\u00e9 m\u00fazeum v \u017diline je region\u00e1lne m\u00fazeum so s\u00eddlom v Budat\u00edne. Jeho expoz\u00edcie s\u00fa zameran\u00e9 na dejiny slovensk\u00e9ho umenia, kult\u00fary a dopravy.","publisher":{"@id":"https:\/\/pmza.sk\/#organization"},"potentialAction":[{"@type":"SearchAction","target":{"@type":"EntryPoint","urlTemplate":"https:\/\/pmza.sk\/?s={search_term_string}"},"query-input":{"@type":"PropertyValueSpecification","valueRequired":true,"valueName":"search_term_string"}}],"inLanguage":"sk-SK"},{"@type":"Organization","@id":"https:\/\/pmza.sk\/#organization","name":"Pova\u017esk\u00e9 m\u00fazeum","url":"https:\/\/pmza.sk\/","logo":{"@type":"ImageObject","inLanguage":"sk-SK","@id":"https:\/\/pmza.sk\/#\/schema\/logo\/image\/","url":"https:\/\/pmza.sk\/wp-content\/uploads\/2022\/01\/logo_PM_horizontal.jpg","contentUrl":"https:\/\/pmza.sk\/wp-content\/uploads\/2022\/01\/logo_PM_horizontal.jpg","width":231,"height":142,"caption":"Pova\u017esk\u00e9 m\u00fazeum"},"image":{"@id":"https:\/\/pmza.sk\/#\/schema\/logo\/image\/"},"sameAs":["https:\/\/www.facebook.com\/povazskemuzeum","https:\/\/www.instagram.com\/povazskemuzeum\/"]},{"@type":"Person","@id":"https:\/\/pmza.sk\/#\/schema\/person\/595e6a2ce731ea94dcd5d7f50a41ae33","name":"Pova\u017esk\u00e9 m\u00fazeum","image":{"@type":"ImageObject","inLanguage":"sk-SK","@id":"https:\/\/secure.gravatar.com\/avatar\/2bb7f1561282132fb5826dfeccc66c7996d11ee392ac6aaf7ced8a1c2027fbb2?s=96&d=mm&r=g","url":"https:\/\/secure.gravatar.com\/avatar\/2bb7f1561282132fb5826dfeccc66c7996d11ee392ac6aaf7ced8a1c2027fbb2?s=96&d=mm&r=g","contentUrl":"https:\/\/secure.gravatar.com\/avatar\/2bb7f1561282132fb5826dfeccc66c7996d11ee392ac6aaf7ced8a1c2027fbb2?s=96&d=mm&r=g","caption":"Pova\u017esk\u00e9 m\u00fazeum"}}]}},"_links":{"self":[{"href":"https:\/\/pmza.sk\/index.php?rest_route=\/wp\/v2\/posts\/56069","targetHints":{"allow":["GET"]}}],"collection":[{"href":"https:\/\/pmza.sk\/index.php?rest_route=\/wp\/v2\/posts"}],"about":[{"href":"https:\/\/pmza.sk\/index.php?rest_route=\/wp\/v2\/types\/post"}],"author":[{"embeddable":true,"href":"https:\/\/pmza.sk\/index.php?rest_route=\/wp\/v2\/users\/2"}],"replies":[{"embeddable":true,"href":"https:\/\/pmza.sk\/index.php?rest_route=%2Fwp%2Fv2%2Fcomments&post=56069"}],"version-history":[{"count":0,"href":"https:\/\/pmza.sk\/index.php?rest_route=\/wp\/v2\/posts\/56069\/revisions"}],"wp:featuredmedia":[{"embeddable":true,"href":"https:\/\/pmza.sk\/index.php?rest_route=\/wp\/v2\/media\/56071"}],"wp:attachment":[{"href":"https:\/\/pmza.sk\/index.php?rest_route=%2Fwp%2Fv2%2Fmedia&parent=56069"}],"wp:term":[{"taxonomy":"category","embeddable":true,"href":"https:\/\/pmza.sk\/index.php?rest_route=%2Fwp%2Fv2%2Fcategories&post=56069"},{"taxonomy":"post_tag","embeddable":true,"href":"https:\/\/pmza.sk\/index.php?rest_route=%2Fwp%2Fv2%2Ftags&post=56069"}],"curies":[{"name":"wp","href":"https:\/\/api.w.org\/{rel}","templated":true}]}}