{"id":56074,"date":"2023-04-28T15:12:47","date_gmt":"2023-04-28T13:12:47","guid":{"rendered":"https:\/\/pmza.sk\/?p=56074"},"modified":"2023-10-13T07:41:37","modified_gmt":"2023-10-13T05:41:37","slug":"na-hrade-a-pod-hradom","status":"publish","type":"post","link":"https:\/\/pmza.sk\/?p=56074","title":{"rendered":"Na hrade a pod hradom"},"content":{"rendered":"<p>V\u00a0priestoroch hradu Stre\u010dno a\u00a0stredovekej dediny Paseka bude od 18. 5. spr\u00edstupnen\u00e1 v\u00fdstava s\u00a0n\u00e1zvom Na hrade a\u00a0pod hradom. V\u00fdstava prezentuje pr\u00e1ce \u017eiakov ZU\u0160 M. R. \u0160tef\u00e1nika v\u00a0\u010cadci. Diela vznikli v\u00fdtvarnou technikou \u2013 ma\u013eba na pl\u00e1tno s\u00a0akrylov\u00fdmi farbami.<\/p>\n<p>N\u00e1pad tejto netradi\u010dnej v\u00fdstavy vznikol na podnet spr\u00e1vkyne hradu Stre\u010dno Katar\u00edny Rep\u00e1\u0148ovej: <em>\u201eSpolo\u010dne s\u00a0kolegy\u0148ou Petronelou Vlhovou, ktor\u00e1 p\u00f4sob\u00ed aj na umeleckej \u0161kole sme prem\u00fd\u0161\u013eali nad tvorivou aktivitou a\u00a0oslovili sme riadite\u013eku Dagmar \u0160amajov\u00fa. Na\u0161a my\u0161lienka ju zaujala, a\u00a0preto sme sa rozhodli usporiada\u0165 v\u00fdstavu obrazov.\u201c<\/em> Deti pod veden\u00edm v\u00fdtvarn\u00fdch pedagogi\u010diek Ingrid \u0160i\u0161kovej, Miroslavy Hab\u010d\u00e1kovej a\u00a0Petronely Vlhovej\u00a0 pustili uzdu svojej fant\u00e1zii a\u00a0vznikli origin\u00e1lne obrazy na t\u00e9mu \u017eivot na hrade a\u00a0pod hradom. Diela 88 \u0161ikovn\u00fdch \u017eiakov tak spr\u00edjemnia n\u00e1v\u0161tevn\u00edkom cestu na hrad Stre\u010dno.<\/p>\n<p>Sl\u00e1vnostn\u00e9 otvorenie v\u00fdstavy sa uskuto\u010dn\u00ed 18. 5. o\u00a09.30 v\u00a0priestoroch stredovekej dediny Paseka. V\u00a0r\u00e1mci programu vyst\u00fapia \u017eiaci ZU\u0160 M. R. \u0160tef\u00e1nika v\u00a0\u010cadci. V\u00fdstava bude pre verejnos\u0165 pr\u00edstupn\u00e1 do 15. okt\u00f3bra.<\/p>\n<div class=\"wp-block-image\"><img fetchpriority=\"high\" decoding=\"async\" class=\"alignnone size-medium wp-image-56075\" src=\"https:\/\/pmza.sk\/wp-content\/uploads\/2023\/04\/Na_hrade_a_pod_K7-509x360.jpg\" alt=\"\" width=\"509\" height=\"360\" srcset=\"https:\/\/pmza.sk\/wp-content\/uploads\/2023\/04\/Na_hrade_a_pod_K7-509x360.jpg 509w, https:\/\/pmza.sk\/wp-content\/uploads\/2023\/04\/Na_hrade_a_pod_K7-1041x736.jpg 1041w, https:\/\/pmza.sk\/wp-content\/uploads\/2023\/04\/Na_hrade_a_pod_K7-768x543.jpg 768w, https:\/\/pmza.sk\/wp-content\/uploads\/2023\/04\/Na_hrade_a_pod_K7-1536x1086.jpg 1536w, https:\/\/pmza.sk\/wp-content\/uploads\/2023\/04\/Na_hrade_a_pod_K7-2048x1448.jpg 2048w, https:\/\/pmza.sk\/wp-content\/uploads\/2023\/04\/Na_hrade_a_pod_K7-600x424.jpg 600w\" sizes=\"(max-width: 509px) 100vw, 509px\" \/><\/div>\n<div><\/div>\n<div>Plag\u00e1t v plnej ve\u013ekosti <a href=\"https:\/\/pmza.sk\/wp-content\/uploads\/2023\/04\/Na_hrade_a_pod_K7.pdf\">TU<\/a><\/div>\n","protected":false},"excerpt":{"rendered":"<p>V\u00a0priestoroch hradu Stre\u010dno a\u00a0stredovekej dediny Paseka bude od 18. 5. spr\u00edstupnen\u00e1 v\u00fdstava s\u00a0n\u00e1zvom Na hrade a\u00a0pod hradom. V\u00fdstava prezentuje pr\u00e1ce \u017eiakov ZU\u0160 M. R. \u0160tef\u00e1nika v\u00a0\u010cadci. Diela vznikli v\u00fdtvarnou technikou \u2013 ma\u013eba na pl\u00e1tno s\u00a0akrylov\u00fdmi farbami. N\u00e1pad tejto netradi\u010dnej v\u00fdstavy vznikol na podnet spr\u00e1vkyne hradu Stre\u010dno Katar\u00edny Rep\u00e1\u0148ovej: \u201eSpolo\u010dne s\u00a0kolegy\u0148ou Petronelou Vlhovou, ktor\u00e1 p\u00f4sob\u00ed aj [&hellip;]<\/p>\n","protected":false},"author":2,"featured_media":56077,"comment_status":"open","ping_status":"open","sticky":false,"template":"","format":"standard","meta":{"site-sidebar-layout":"default","site-content-layout":"default","ast-site-content-layout":"","site-content-style":"default","site-sidebar-style":"default","ast-global-header-display":"","ast-banner-title-visibility":"","ast-main-header-display":"","ast-hfb-above-header-display":"","ast-hfb-below-header-display":"","ast-hfb-mobile-header-display":"","site-post-title":"","ast-breadcrumbs-content":"","ast-featured-img":"","footer-sml-layout":"","theme-transparent-header-meta":"default","adv-header-id-meta":"","stick-header-meta":"default","header-above-stick-meta":"","header-main-stick-meta":"","header-below-stick-meta":"","astra-migrate-meta-layouts":"default","ast-page-background-enabled":"default","ast-page-background-meta":{"desktop":{"background-color":"var(--ast-global-color-4)","background-image":"","background-repeat":"repeat","background-position":"center center","background-size":"auto","background-attachment":"scroll","background-type":"","background-media":"","overlay-type":"","overlay-color":"","overlay-opacity":"","overlay-gradient":""},"tablet":{"background-color":"","background-image":"","background-repeat":"repeat","background-position":"center center","background-size":"auto","background-attachment":"scroll","background-type":"","background-media":"","overlay-type":"","overlay-color":"","overlay-opacity":"","overlay-gradient":""},"mobile":{"background-color":"","background-image":"","background-repeat":"repeat","background-position":"center center","background-size":"auto","background-attachment":"scroll","background-type":"","background-media":"","overlay-type":"","overlay-color":"","overlay-opacity":"","overlay-gradient":""}},"ast-content-background-meta":{"desktop":{"background-color":"var(--ast-global-color-5)","background-image":"","background-repeat":"repeat","background-position":"center center","background-size":"auto","background-attachment":"scroll","background-type":"","background-media":"","overlay-type":"","overlay-color":"","overlay-opacity":"","overlay-gradient":""},"tablet":{"background-color":"var(--ast-global-color-5)","background-image":"","background-repeat":"repeat","background-position":"center center","background-size":"auto","background-attachment":"scroll","background-type":"","background-media":"","overlay-type":"","overlay-color":"","overlay-opacity":"","overlay-gradient":""},"mobile":{"background-color":"var(--ast-global-color-5)","background-image":"","background-repeat":"repeat","background-position":"center center","background-size":"auto","background-attachment":"scroll","background-type":"","background-media":"","overlay-type":"","overlay-color":"","overlay-opacity":"","overlay-gradient":""}},"footnotes":""},"categories":[72],"tags":[],"class_list":["post-56074","post","type-post","status-publish","format-standard","has-post-thumbnail","hentry","category-vystavy"],"yoast_head":"<!-- This site is optimized with the Yoast SEO plugin v27.4 - https:\/\/yoast.com\/product\/yoast-seo-wordpress\/ -->\n<title>Na hrade a pod hradom - Pova\u017esk\u00e9 m\u00fazeum<\/title>\n<meta name=\"robots\" content=\"index, follow, max-snippet:-1, max-image-preview:large, max-video-preview:-1\" \/>\n<link rel=\"canonical\" href=\"https:\/\/pmza.sk\/?p=56074\" \/>\n<meta property=\"og:locale\" content=\"sk_SK\" \/>\n<meta property=\"og:type\" content=\"article\" \/>\n<meta property=\"og:title\" content=\"Na hrade a pod hradom - Pova\u017esk\u00e9 m\u00fazeum\" \/>\n<meta property=\"og:description\" content=\"V\u00a0priestoroch hradu Stre\u010dno a\u00a0stredovekej dediny Paseka bude od 18. 5. spr\u00edstupnen\u00e1 v\u00fdstava s\u00a0n\u00e1zvom Na hrade a\u00a0pod hradom. V\u00fdstava prezentuje pr\u00e1ce \u017eiakov ZU\u0160 M. R. \u0160tef\u00e1nika v\u00a0\u010cadci. Diela vznikli v\u00fdtvarnou technikou \u2013 ma\u013eba na pl\u00e1tno s\u00a0akrylov\u00fdmi farbami. N\u00e1pad tejto netradi\u010dnej v\u00fdstavy vznikol na podnet spr\u00e1vkyne hradu Stre\u010dno Katar\u00edny Rep\u00e1\u0148ovej: \u201eSpolo\u010dne s\u00a0kolegy\u0148ou Petronelou Vlhovou, ktor\u00e1 p\u00f4sob\u00ed aj [&hellip;]\" \/>\n<meta property=\"og:url\" content=\"https:\/\/pmza.sk\/?p=56074\" \/>\n<meta property=\"og:site_name\" content=\"Pova\u017esk\u00e9 m\u00fazeum\" \/>\n<meta property=\"article:publisher\" content=\"https:\/\/www.facebook.com\/povazskemuzeum\" \/>\n<meta property=\"article:published_time\" content=\"2023-04-28T13:12:47+00:00\" \/>\n<meta property=\"article:modified_time\" content=\"2023-10-13T05:41:37+00:00\" \/>\n<meta property=\"og:image\" content=\"https:\/\/pmza.sk\/wp-content\/uploads\/2023\/04\/Na_hrade_a_pod_web-scaled.jpg\" \/>\n\t<meta property=\"og:image:width\" content=\"2560\" \/>\n\t<meta property=\"og:image:height\" content=\"2560\" \/>\n\t<meta property=\"og:image:type\" content=\"image\/jpeg\" \/>\n<meta name=\"author\" content=\"Pova\u017esk\u00e9 m\u00fazeum\" \/>\n<meta name=\"twitter:card\" content=\"summary_large_image\" \/>\n<meta name=\"twitter:label1\" content=\"Autor\" \/>\n\t<meta name=\"twitter:data1\" content=\"Pova\u017esk\u00e9 m\u00fazeum\" \/>\n\t<meta name=\"twitter:label2\" content=\"Predpokladan\u00fd \u010das \u010d\u00edtania\" \/>\n\t<meta name=\"twitter:data2\" content=\"1 min\u00fata\" \/>\n<script type=\"application\/ld+json\" class=\"yoast-schema-graph\">{\"@context\":\"https:\\\/\\\/schema.org\",\"@graph\":[{\"@type\":\"Article\",\"@id\":\"https:\\\/\\\/pmza.sk\\\/?p=56074#article\",\"isPartOf\":{\"@id\":\"https:\\\/\\\/pmza.sk\\\/?p=56074\"},\"author\":{\"name\":\"Pova\u017esk\u00e9 m\u00fazeum\",\"@id\":\"https:\\\/\\\/pmza.sk\\\/#\\\/schema\\\/person\\\/595e6a2ce731ea94dcd5d7f50a41ae33\"},\"headline\":\"Na hrade a pod hradom\",\"datePublished\":\"2023-04-28T13:12:47+00:00\",\"dateModified\":\"2023-10-13T05:41:37+00:00\",\"mainEntityOfPage\":{\"@id\":\"https:\\\/\\\/pmza.sk\\\/?p=56074\"},\"wordCount\":214,\"commentCount\":0,\"publisher\":{\"@id\":\"https:\\\/\\\/pmza.sk\\\/#organization\"},\"image\":{\"@id\":\"https:\\\/\\\/pmza.sk\\\/?p=56074#primaryimage\"},\"thumbnailUrl\":\"https:\\\/\\\/pmza.sk\\\/wp-content\\\/uploads\\\/2023\\\/04\\\/Na_hrade_a_pod_web-scaled.jpg\",\"articleSection\":[\"V\u00fdstavy\"],\"inLanguage\":\"sk-SK\"},{\"@type\":\"WebPage\",\"@id\":\"https:\\\/\\\/pmza.sk\\\/?p=56074\",\"url\":\"https:\\\/\\\/pmza.sk\\\/?p=56074\",\"name\":\"Na hrade a pod hradom - Pova\u017esk\u00e9 m\u00fazeum\",\"isPartOf\":{\"@id\":\"https:\\\/\\\/pmza.sk\\\/#website\"},\"primaryImageOfPage\":{\"@id\":\"https:\\\/\\\/pmza.sk\\\/?p=56074#primaryimage\"},\"image\":{\"@id\":\"https:\\\/\\\/pmza.sk\\\/?p=56074#primaryimage\"},\"thumbnailUrl\":\"https:\\\/\\\/pmza.sk\\\/wp-content\\\/uploads\\\/2023\\\/04\\\/Na_hrade_a_pod_web-scaled.jpg\",\"datePublished\":\"2023-04-28T13:12:47+00:00\",\"dateModified\":\"2023-10-13T05:41:37+00:00\",\"breadcrumb\":{\"@id\":\"https:\\\/\\\/pmza.sk\\\/?p=56074#breadcrumb\"},\"inLanguage\":\"sk-SK\",\"potentialAction\":[{\"@type\":\"ReadAction\",\"target\":[\"https:\\\/\\\/pmza.sk\\\/?p=56074\"]}]},{\"@type\":\"ImageObject\",\"inLanguage\":\"sk-SK\",\"@id\":\"https:\\\/\\\/pmza.sk\\\/?p=56074#primaryimage\",\"url\":\"https:\\\/\\\/pmza.sk\\\/wp-content\\\/uploads\\\/2023\\\/04\\\/Na_hrade_a_pod_web-scaled.jpg\",\"contentUrl\":\"https:\\\/\\\/pmza.sk\\\/wp-content\\\/uploads\\\/2023\\\/04\\\/Na_hrade_a_pod_web-scaled.jpg\",\"width\":2560,\"height\":2560},{\"@type\":\"BreadcrumbList\",\"@id\":\"https:\\\/\\\/pmza.sk\\\/?p=56074#breadcrumb\",\"itemListElement\":[{\"@type\":\"ListItem\",\"position\":1,\"name\":\"Domovsk\u00e1 str\u00e1nka\",\"item\":\"https:\\\/\\\/pmza.sk\\\/\"},{\"@type\":\"ListItem\",\"position\":2,\"name\":\"Na hrade a pod hradom\"}]},{\"@type\":\"WebSite\",\"@id\":\"https:\\\/\\\/pmza.sk\\\/#website\",\"url\":\"https:\\\/\\\/pmza.sk\\\/\",\"name\":\"Pova\u017esk\u00e9 m\u00fazeum\",\"description\":\"Pova\u017esk\u00e9 m\u00fazeum v \u017diline je region\u00e1lne m\u00fazeum so s\u00eddlom v Budat\u00edne. Jeho expoz\u00edcie s\u00fa zameran\u00e9 na dejiny slovensk\u00e9ho umenia, kult\u00fary a dopravy.\",\"publisher\":{\"@id\":\"https:\\\/\\\/pmza.sk\\\/#organization\"},\"potentialAction\":[{\"@type\":\"SearchAction\",\"target\":{\"@type\":\"EntryPoint\",\"urlTemplate\":\"https:\\\/\\\/pmza.sk\\\/?s={search_term_string}\"},\"query-input\":{\"@type\":\"PropertyValueSpecification\",\"valueRequired\":true,\"valueName\":\"search_term_string\"}}],\"inLanguage\":\"sk-SK\"},{\"@type\":\"Organization\",\"@id\":\"https:\\\/\\\/pmza.sk\\\/#organization\",\"name\":\"Pova\u017esk\u00e9 m\u00fazeum\",\"url\":\"https:\\\/\\\/pmza.sk\\\/\",\"logo\":{\"@type\":\"ImageObject\",\"inLanguage\":\"sk-SK\",\"@id\":\"https:\\\/\\\/pmza.sk\\\/#\\\/schema\\\/logo\\\/image\\\/\",\"url\":\"https:\\\/\\\/pmza.sk\\\/wp-content\\\/uploads\\\/2022\\\/01\\\/logo_PM_horizontal.jpg\",\"contentUrl\":\"https:\\\/\\\/pmza.sk\\\/wp-content\\\/uploads\\\/2022\\\/01\\\/logo_PM_horizontal.jpg\",\"width\":231,\"height\":142,\"caption\":\"Pova\u017esk\u00e9 m\u00fazeum\"},\"image\":{\"@id\":\"https:\\\/\\\/pmza.sk\\\/#\\\/schema\\\/logo\\\/image\\\/\"},\"sameAs\":[\"https:\\\/\\\/www.facebook.com\\\/povazskemuzeum\",\"https:\\\/\\\/www.instagram.com\\\/povazskemuzeum\\\/\"]},{\"@type\":\"Person\",\"@id\":\"https:\\\/\\\/pmza.sk\\\/#\\\/schema\\\/person\\\/595e6a2ce731ea94dcd5d7f50a41ae33\",\"name\":\"Pova\u017esk\u00e9 m\u00fazeum\",\"image\":{\"@type\":\"ImageObject\",\"inLanguage\":\"sk-SK\",\"@id\":\"https:\\\/\\\/secure.gravatar.com\\\/avatar\\\/2bb7f1561282132fb5826dfeccc66c7996d11ee392ac6aaf7ced8a1c2027fbb2?s=96&d=mm&r=g\",\"url\":\"https:\\\/\\\/secure.gravatar.com\\\/avatar\\\/2bb7f1561282132fb5826dfeccc66c7996d11ee392ac6aaf7ced8a1c2027fbb2?s=96&d=mm&r=g\",\"contentUrl\":\"https:\\\/\\\/secure.gravatar.com\\\/avatar\\\/2bb7f1561282132fb5826dfeccc66c7996d11ee392ac6aaf7ced8a1c2027fbb2?s=96&d=mm&r=g\",\"caption\":\"Pova\u017esk\u00e9 m\u00fazeum\"}}]}<\/script>\n<!-- \/ Yoast SEO plugin. -->","yoast_head_json":{"title":"Na hrade a pod hradom - Pova\u017esk\u00e9 m\u00fazeum","robots":{"index":"index","follow":"follow","max-snippet":"max-snippet:-1","max-image-preview":"max-image-preview:large","max-video-preview":"max-video-preview:-1"},"canonical":"https:\/\/pmza.sk\/?p=56074","og_locale":"sk_SK","og_type":"article","og_title":"Na hrade a pod hradom - Pova\u017esk\u00e9 m\u00fazeum","og_description":"V\u00a0priestoroch hradu Stre\u010dno a\u00a0stredovekej dediny Paseka bude od 18. 5. spr\u00edstupnen\u00e1 v\u00fdstava s\u00a0n\u00e1zvom Na hrade a\u00a0pod hradom. V\u00fdstava prezentuje pr\u00e1ce \u017eiakov ZU\u0160 M. R. \u0160tef\u00e1nika v\u00a0\u010cadci. Diela vznikli v\u00fdtvarnou technikou \u2013 ma\u013eba na pl\u00e1tno s\u00a0akrylov\u00fdmi farbami. N\u00e1pad tejto netradi\u010dnej v\u00fdstavy vznikol na podnet spr\u00e1vkyne hradu Stre\u010dno Katar\u00edny Rep\u00e1\u0148ovej: \u201eSpolo\u010dne s\u00a0kolegy\u0148ou Petronelou Vlhovou, ktor\u00e1 p\u00f4sob\u00ed aj [&hellip;]","og_url":"https:\/\/pmza.sk\/?p=56074","og_site_name":"Pova\u017esk\u00e9 m\u00fazeum","article_publisher":"https:\/\/www.facebook.com\/povazskemuzeum","article_published_time":"2023-04-28T13:12:47+00:00","article_modified_time":"2023-10-13T05:41:37+00:00","og_image":[{"width":2560,"height":2560,"url":"https:\/\/pmza.sk\/wp-content\/uploads\/2023\/04\/Na_hrade_a_pod_web-scaled.jpg","type":"image\/jpeg"}],"author":"Pova\u017esk\u00e9 m\u00fazeum","twitter_card":"summary_large_image","twitter_misc":{"Autor":"Pova\u017esk\u00e9 m\u00fazeum","Predpokladan\u00fd \u010das \u010d\u00edtania":"1 min\u00fata"},"schema":{"@context":"https:\/\/schema.org","@graph":[{"@type":"Article","@id":"https:\/\/pmza.sk\/?p=56074#article","isPartOf":{"@id":"https:\/\/pmza.sk\/?p=56074"},"author":{"name":"Pova\u017esk\u00e9 m\u00fazeum","@id":"https:\/\/pmza.sk\/#\/schema\/person\/595e6a2ce731ea94dcd5d7f50a41ae33"},"headline":"Na hrade a pod hradom","datePublished":"2023-04-28T13:12:47+00:00","dateModified":"2023-10-13T05:41:37+00:00","mainEntityOfPage":{"@id":"https:\/\/pmza.sk\/?p=56074"},"wordCount":214,"commentCount":0,"publisher":{"@id":"https:\/\/pmza.sk\/#organization"},"image":{"@id":"https:\/\/pmza.sk\/?p=56074#primaryimage"},"thumbnailUrl":"https:\/\/pmza.sk\/wp-content\/uploads\/2023\/04\/Na_hrade_a_pod_web-scaled.jpg","articleSection":["V\u00fdstavy"],"inLanguage":"sk-SK"},{"@type":"WebPage","@id":"https:\/\/pmza.sk\/?p=56074","url":"https:\/\/pmza.sk\/?p=56074","name":"Na hrade a pod hradom - Pova\u017esk\u00e9 m\u00fazeum","isPartOf":{"@id":"https:\/\/pmza.sk\/#website"},"primaryImageOfPage":{"@id":"https:\/\/pmza.sk\/?p=56074#primaryimage"},"image":{"@id":"https:\/\/pmza.sk\/?p=56074#primaryimage"},"thumbnailUrl":"https:\/\/pmza.sk\/wp-content\/uploads\/2023\/04\/Na_hrade_a_pod_web-scaled.jpg","datePublished":"2023-04-28T13:12:47+00:00","dateModified":"2023-10-13T05:41:37+00:00","breadcrumb":{"@id":"https:\/\/pmza.sk\/?p=56074#breadcrumb"},"inLanguage":"sk-SK","potentialAction":[{"@type":"ReadAction","target":["https:\/\/pmza.sk\/?p=56074"]}]},{"@type":"ImageObject","inLanguage":"sk-SK","@id":"https:\/\/pmza.sk\/?p=56074#primaryimage","url":"https:\/\/pmza.sk\/wp-content\/uploads\/2023\/04\/Na_hrade_a_pod_web-scaled.jpg","contentUrl":"https:\/\/pmza.sk\/wp-content\/uploads\/2023\/04\/Na_hrade_a_pod_web-scaled.jpg","width":2560,"height":2560},{"@type":"BreadcrumbList","@id":"https:\/\/pmza.sk\/?p=56074#breadcrumb","itemListElement":[{"@type":"ListItem","position":1,"name":"Domovsk\u00e1 str\u00e1nka","item":"https:\/\/pmza.sk\/"},{"@type":"ListItem","position":2,"name":"Na hrade a pod hradom"}]},{"@type":"WebSite","@id":"https:\/\/pmza.sk\/#website","url":"https:\/\/pmza.sk\/","name":"Pova\u017esk\u00e9 m\u00fazeum","description":"Pova\u017esk\u00e9 m\u00fazeum v \u017diline je region\u00e1lne m\u00fazeum so s\u00eddlom v Budat\u00edne. Jeho expoz\u00edcie s\u00fa zameran\u00e9 na dejiny slovensk\u00e9ho umenia, kult\u00fary a dopravy.","publisher":{"@id":"https:\/\/pmza.sk\/#organization"},"potentialAction":[{"@type":"SearchAction","target":{"@type":"EntryPoint","urlTemplate":"https:\/\/pmza.sk\/?s={search_term_string}"},"query-input":{"@type":"PropertyValueSpecification","valueRequired":true,"valueName":"search_term_string"}}],"inLanguage":"sk-SK"},{"@type":"Organization","@id":"https:\/\/pmza.sk\/#organization","name":"Pova\u017esk\u00e9 m\u00fazeum","url":"https:\/\/pmza.sk\/","logo":{"@type":"ImageObject","inLanguage":"sk-SK","@id":"https:\/\/pmza.sk\/#\/schema\/logo\/image\/","url":"https:\/\/pmza.sk\/wp-content\/uploads\/2022\/01\/logo_PM_horizontal.jpg","contentUrl":"https:\/\/pmza.sk\/wp-content\/uploads\/2022\/01\/logo_PM_horizontal.jpg","width":231,"height":142,"caption":"Pova\u017esk\u00e9 m\u00fazeum"},"image":{"@id":"https:\/\/pmza.sk\/#\/schema\/logo\/image\/"},"sameAs":["https:\/\/www.facebook.com\/povazskemuzeum","https:\/\/www.instagram.com\/povazskemuzeum\/"]},{"@type":"Person","@id":"https:\/\/pmza.sk\/#\/schema\/person\/595e6a2ce731ea94dcd5d7f50a41ae33","name":"Pova\u017esk\u00e9 m\u00fazeum","image":{"@type":"ImageObject","inLanguage":"sk-SK","@id":"https:\/\/secure.gravatar.com\/avatar\/2bb7f1561282132fb5826dfeccc66c7996d11ee392ac6aaf7ced8a1c2027fbb2?s=96&d=mm&r=g","url":"https:\/\/secure.gravatar.com\/avatar\/2bb7f1561282132fb5826dfeccc66c7996d11ee392ac6aaf7ced8a1c2027fbb2?s=96&d=mm&r=g","contentUrl":"https:\/\/secure.gravatar.com\/avatar\/2bb7f1561282132fb5826dfeccc66c7996d11ee392ac6aaf7ced8a1c2027fbb2?s=96&d=mm&r=g","caption":"Pova\u017esk\u00e9 m\u00fazeum"}}]}},"_links":{"self":[{"href":"https:\/\/pmza.sk\/index.php?rest_route=\/wp\/v2\/posts\/56074","targetHints":{"allow":["GET"]}}],"collection":[{"href":"https:\/\/pmza.sk\/index.php?rest_route=\/wp\/v2\/posts"}],"about":[{"href":"https:\/\/pmza.sk\/index.php?rest_route=\/wp\/v2\/types\/post"}],"author":[{"embeddable":true,"href":"https:\/\/pmza.sk\/index.php?rest_route=\/wp\/v2\/users\/2"}],"replies":[{"embeddable":true,"href":"https:\/\/pmza.sk\/index.php?rest_route=%2Fwp%2Fv2%2Fcomments&post=56074"}],"version-history":[{"count":0,"href":"https:\/\/pmza.sk\/index.php?rest_route=\/wp\/v2\/posts\/56074\/revisions"}],"wp:featuredmedia":[{"embeddable":true,"href":"https:\/\/pmza.sk\/index.php?rest_route=\/wp\/v2\/media\/56077"}],"wp:attachment":[{"href":"https:\/\/pmza.sk\/index.php?rest_route=%2Fwp%2Fv2%2Fmedia&parent=56074"}],"wp:term":[{"taxonomy":"category","embeddable":true,"href":"https:\/\/pmza.sk\/index.php?rest_route=%2Fwp%2Fv2%2Fcategories&post=56074"},{"taxonomy":"post_tag","embeddable":true,"href":"https:\/\/pmza.sk\/index.php?rest_route=%2Fwp%2Fv2%2Ftags&post=56074"}],"curies":[{"name":"wp","href":"https:\/\/api.w.org\/{rel}","templated":true}]}}