{"id":56137,"date":"2023-05-03T08:04:17","date_gmt":"2023-05-03T06:04:17","guid":{"rendered":"https:\/\/pmza.sk\/?p=56137"},"modified":"2023-09-04T08:07:53","modified_gmt":"2023-09-04T06:07:53","slug":"matilda","status":"publish","type":"post","link":"https:\/\/pmza.sk\/?p=56137","title":{"rendered":"Matilda"},"content":{"rendered":"<p>Na Budat\u00ednskom hrade bude od 11. m\u00e1ja pr\u00edstupn\u00e1 origin\u00e1lna v\u00fdstava pod n\u00e1zvom Matilda, ktor\u00e1 pribl\u00ed\u017ei diela maliarky a\u00a0grafi\u010dky Matildy \u010cechovej. V\u00fdber z\u00a0jej tvorby pripravilo Pova\u017esk\u00e9 m\u00fazeum a\u00a0Oravsk\u00e1 gal\u00e9ria pri pr\u00edle\u017eitosti 115. v\u00fdro\u010dia od narodenia autorky.<\/p>\n<p>Po obsahovej str\u00e1nke je v\u00fdstava zameran\u00e1 na dve oblasti tvorby umelkyne. Prvou z\u00a0nich je krajinoma\u013eba ako tematicky najsilnej\u0161ia oblas\u0165. Druhou je komorn\u00e1 tvorba, najm\u00e4 ma\u013eba kvetinov\u00fdch z\u00e1ti\u0161\u00ed. <em>\u201eHlavn\u00fdm mot\u00edvom nielen samotnej v\u00fdstavy, ale aj krajin\u00e1rskej tvorby Matildy \u010cechovej sa st\u00e1va putovanie. Autorka metaforicky odch\u00e1dza, op\u00fa\u0161\u0165a, aby op\u00e4\u0165 na\u0161la to, \u010do je pre \u0148u samotn\u00fa d\u00f4le\u017eit\u00e9 a\u00a0k\u00a0\u010domu intuit\u00edvne inklinuje \u2013 k\u00a0vlastn\u00fdm kore\u0148om. Pr\u00e1ve h\u013eadanie minulosti je \u010fal\u0161ou z\u00a0oblast\u00ed, ktorej sa Matilda \u010cechov\u00e1 po\u010das svojho \u017eivota intenz\u00edvne venovala ako zberate\u013eka diel v\u00fdtvarn\u00e9ho a\u00a0\u013eudov\u00e9ho umenia,\u201c<\/em> pribli\u017euje spolukur\u00e1torka Katar\u00edna Matu\u0161kov\u00e1 z\u00a0Oravskej gal\u00e9rie. Zbierka \u013eudov\u00e9ho odevu a\u00a0textilu je s\u00fa\u010das\u0165ou zbierkov\u00e9ho fondu Pova\u017esk\u00e9ho m\u00fazea a\u00a0\u010das\u0165 zak\u00fapenej zbierky tradi\u010dn\u00e9ho \u013eudov\u00e9ho umenia je prezentovan\u00e1 v\u00a0st\u00e1lych expoz\u00edci\u00e1ch Oravskej gal\u00e9rie.<\/p>\n<p>V\u00fdstava je v\u00fdnimo\u010dn\u00e1 t\u00fdm, \u017ee predstavuje mot\u00edv cesty, ktor\u00fd autorku sprev\u00e1dzal po\u010das cel\u00e9ho jej \u017eivota, ke\u010f\u017ee sa \u010dasto s\u0165ahovala. <em>\u201eZ obrazov je mo\u017en\u00e9 zostavi\u0165 ak\u00e9si leporelo s\u00a0pr\u00edbehom p\u00fatnika zanech\u00e1vaj\u00face za sebou posledn\u00e9 domy, obroben\u00e9 pol\u00ed\u010dka i\u00a0osamel\u00e9 usadlosti ako miesta mo\u017en\u00e9ho odpo\u010dinku,\u201c <\/em>vysvet\u013euje Zdeno Hogh \u2013 spolukur\u00e1tor v\u00fdstavy z\u00a0Pova\u017esk\u00e9ho m\u00fazea. V\u00a0neskor\u0161om veku prib\u00fadaj\u00fa v\u00a0tvorbe Matildy \u010cechovej kvetinov\u00e9 z\u00e1ti\u0161ia.<em> \u201eCez jej obrazy vstupujeme \u00a0z\u00a0otvorenej krajiny do domu, domova v\u00a0u\u017e\u0161om zmysle slova a\u00a0st\u00e1vame sa svedkami maliarkinej int\u00edmnej chv\u00edle. Z\u00e1ti\u0161ia nie s\u00fa skuto\u010dn\u00fdm z\u00e1znamom konkr\u00e9tneho dom\u00e1ceho k\u00fatika, ale sk\u00f4r symbolick\u00fdm obrazom jej vn\u00fatorn\u00e9ho \u017eivota,\u201c<\/em> dop\u013a\u0148a Z. Hogh.<\/p>\n<p>Diela poch\u00e1dzaj\u00fa zo zbierkov\u00e9ho fondu Oravskej gal\u00e9rie a\u00a0s\u00fakromnej zbierky dedi\u010dov Matildy \u010cechovej, man\u017eelov Igora a\u00a0Marty Pokorn\u00fdch. Sl\u00e1vnostn\u00e9 otvorenie v\u00fdstavy Matilda sa uskuto\u010dn\u00ed v\u00a0priestoroch Budat\u00ednskeho hradu 11. m\u00e1ja o\u00a016.00. V\u00fdstava bude pr\u00edstupn\u00e1 do 31. augusta v\u00a0\u010dase otv\u00e1rac\u00edch hod\u00edn hradu.<\/p>\n<p>&nbsp;<\/p>\n<div class=\"wp-block-image\"><img fetchpriority=\"high\" decoding=\"async\" class=\"alignnone size-medium wp-image-56141\" src=\"https:\/\/pmza.sk\/wp-content\/uploads\/2023\/05\/Matilda_K4-2-255x360.jpg\" alt=\"\" width=\"255\" height=\"360\" srcset=\"https:\/\/pmza.sk\/wp-content\/uploads\/2023\/05\/Matilda_K4-2-255x360.jpg 255w, https:\/\/pmza.sk\/wp-content\/uploads\/2023\/05\/Matilda_K4-2-520x736.jpg 520w, https:\/\/pmza.sk\/wp-content\/uploads\/2023\/05\/Matilda_K4-2-768x1086.jpg 768w, https:\/\/pmza.sk\/wp-content\/uploads\/2023\/05\/Matilda_K4-2-1086x1536.jpg 1086w, https:\/\/pmza.sk\/wp-content\/uploads\/2023\/05\/Matilda_K4-2-1448x2048.jpg 1448w, https:\/\/pmza.sk\/wp-content\/uploads\/2023\/05\/Matilda_K4-2-600x849.jpg 600w, https:\/\/pmza.sk\/wp-content\/uploads\/2023\/05\/Matilda_K4-2-scaled.jpg 1810w\" sizes=\"(max-width: 255px) 100vw, 255px\" \/><\/div>\n<div><\/div>\n<div>Plag\u00e1t v plnej ve\u013ekosti <a href=\"https:\/\/pmza.sk\/wp-content\/uploads\/2023\/05\/Matilda_K4.pdf\">TU<\/a><\/div>\n","protected":false},"excerpt":{"rendered":"<p>Na Budat\u00ednskom hrade bude od 11. m\u00e1ja pr\u00edstupn\u00e1 origin\u00e1lna v\u00fdstava pod n\u00e1zvom Matilda, ktor\u00e1 pribl\u00ed\u017ei diela maliarky a\u00a0grafi\u010dky Matildy \u010cechovej. V\u00fdber z\u00a0jej tvorby pripravilo Pova\u017esk\u00e9 m\u00fazeum a\u00a0Oravsk\u00e1 gal\u00e9ria pri pr\u00edle\u017eitosti 115. v\u00fdro\u010dia od narodenia autorky. Po obsahovej str\u00e1nke je v\u00fdstava zameran\u00e1 na dve oblasti tvorby umelkyne. Prvou z\u00a0nich je krajinoma\u013eba ako tematicky najsilnej\u0161ia oblas\u0165. Druhou [&hellip;]<\/p>\n","protected":false},"author":2,"featured_media":56143,"comment_status":"open","ping_status":"open","sticky":false,"template":"","format":"standard","meta":{"site-sidebar-layout":"default","site-content-layout":"default","ast-site-content-layout":"","site-content-style":"default","site-sidebar-style":"default","ast-global-header-display":"","ast-banner-title-visibility":"","ast-main-header-display":"","ast-hfb-above-header-display":"","ast-hfb-below-header-display":"","ast-hfb-mobile-header-display":"","site-post-title":"","ast-breadcrumbs-content":"","ast-featured-img":"","footer-sml-layout":"","theme-transparent-header-meta":"default","adv-header-id-meta":"","stick-header-meta":"default","header-above-stick-meta":"","header-main-stick-meta":"","header-below-stick-meta":"","astra-migrate-meta-layouts":"default","ast-page-background-enabled":"default","ast-page-background-meta":{"desktop":{"background-color":"var(--ast-global-color-4)","background-image":"","background-repeat":"repeat","background-position":"center center","background-size":"auto","background-attachment":"scroll","background-type":"","background-media":"","overlay-type":"","overlay-color":"","overlay-opacity":"","overlay-gradient":""},"tablet":{"background-color":"","background-image":"","background-repeat":"repeat","background-position":"center center","background-size":"auto","background-attachment":"scroll","background-type":"","background-media":"","overlay-type":"","overlay-color":"","overlay-opacity":"","overlay-gradient":""},"mobile":{"background-color":"","background-image":"","background-repeat":"repeat","background-position":"center center","background-size":"auto","background-attachment":"scroll","background-type":"","background-media":"","overlay-type":"","overlay-color":"","overlay-opacity":"","overlay-gradient":""}},"ast-content-background-meta":{"desktop":{"background-color":"var(--ast-global-color-5)","background-image":"","background-repeat":"repeat","background-position":"center center","background-size":"auto","background-attachment":"scroll","background-type":"","background-media":"","overlay-type":"","overlay-color":"","overlay-opacity":"","overlay-gradient":""},"tablet":{"background-color":"var(--ast-global-color-5)","background-image":"","background-repeat":"repeat","background-position":"center center","background-size":"auto","background-attachment":"scroll","background-type":"","background-media":"","overlay-type":"","overlay-color":"","overlay-opacity":"","overlay-gradient":""},"mobile":{"background-color":"var(--ast-global-color-5)","background-image":"","background-repeat":"repeat","background-position":"center center","background-size":"auto","background-attachment":"scroll","background-type":"","background-media":"","overlay-type":"","overlay-color":"","overlay-opacity":"","overlay-gradient":""}},"footnotes":""},"categories":[72],"tags":[],"class_list":["post-56137","post","type-post","status-publish","format-standard","has-post-thumbnail","hentry","category-vystavy"],"yoast_head":"<!-- This site is optimized with the Yoast SEO plugin v27.4 - https:\/\/yoast.com\/product\/yoast-seo-wordpress\/ -->\n<title>Matilda - Pova\u017esk\u00e9 m\u00fazeum<\/title>\n<meta name=\"robots\" content=\"index, follow, max-snippet:-1, max-image-preview:large, max-video-preview:-1\" \/>\n<link rel=\"canonical\" href=\"https:\/\/pmza.sk\/?p=56137\" \/>\n<meta property=\"og:locale\" content=\"sk_SK\" \/>\n<meta property=\"og:type\" content=\"article\" \/>\n<meta property=\"og:title\" content=\"Matilda - Pova\u017esk\u00e9 m\u00fazeum\" \/>\n<meta property=\"og:description\" content=\"Na Budat\u00ednskom hrade bude od 11. m\u00e1ja pr\u00edstupn\u00e1 origin\u00e1lna v\u00fdstava pod n\u00e1zvom Matilda, ktor\u00e1 pribl\u00ed\u017ei diela maliarky a\u00a0grafi\u010dky Matildy \u010cechovej. V\u00fdber z\u00a0jej tvorby pripravilo Pova\u017esk\u00e9 m\u00fazeum a\u00a0Oravsk\u00e1 gal\u00e9ria pri pr\u00edle\u017eitosti 115. v\u00fdro\u010dia od narodenia autorky. Po obsahovej str\u00e1nke je v\u00fdstava zameran\u00e1 na dve oblasti tvorby umelkyne. Prvou z\u00a0nich je krajinoma\u013eba ako tematicky najsilnej\u0161ia oblas\u0165. Druhou [&hellip;]\" \/>\n<meta property=\"og:url\" content=\"https:\/\/pmza.sk\/?p=56137\" \/>\n<meta property=\"og:site_name\" content=\"Pova\u017esk\u00e9 m\u00fazeum\" \/>\n<meta property=\"article:publisher\" content=\"https:\/\/www.facebook.com\/povazskemuzeum\" \/>\n<meta property=\"article:published_time\" content=\"2023-05-03T06:04:17+00:00\" \/>\n<meta property=\"article:modified_time\" content=\"2023-09-04T06:07:53+00:00\" \/>\n<meta property=\"og:image\" content=\"https:\/\/pmza.sk\/wp-content\/uploads\/2023\/05\/Matilda_web-scaled.jpg\" \/>\n\t<meta property=\"og:image:width\" content=\"2560\" \/>\n\t<meta property=\"og:image:height\" content=\"2560\" \/>\n\t<meta property=\"og:image:type\" content=\"image\/jpeg\" \/>\n<meta name=\"author\" content=\"Pova\u017esk\u00e9 m\u00fazeum\" \/>\n<meta name=\"twitter:card\" content=\"summary_large_image\" \/>\n<meta name=\"twitter:label1\" content=\"Autor\" \/>\n\t<meta name=\"twitter:data1\" content=\"Pova\u017esk\u00e9 m\u00fazeum\" \/>\n\t<meta name=\"twitter:label2\" content=\"Predpokladan\u00fd \u010das \u010d\u00edtania\" \/>\n\t<meta name=\"twitter:data2\" content=\"2 min\u00faty\" \/>\n<script type=\"application\/ld+json\" class=\"yoast-schema-graph\">{\"@context\":\"https:\\\/\\\/schema.org\",\"@graph\":[{\"@type\":\"Article\",\"@id\":\"https:\\\/\\\/pmza.sk\\\/?p=56137#article\",\"isPartOf\":{\"@id\":\"https:\\\/\\\/pmza.sk\\\/?p=56137\"},\"author\":{\"name\":\"Pova\u017esk\u00e9 m\u00fazeum\",\"@id\":\"https:\\\/\\\/pmza.sk\\\/#\\\/schema\\\/person\\\/595e6a2ce731ea94dcd5d7f50a41ae33\"},\"headline\":\"Matilda\",\"datePublished\":\"2023-05-03T06:04:17+00:00\",\"dateModified\":\"2023-09-04T06:07:53+00:00\",\"mainEntityOfPage\":{\"@id\":\"https:\\\/\\\/pmza.sk\\\/?p=56137\"},\"wordCount\":433,\"commentCount\":0,\"publisher\":{\"@id\":\"https:\\\/\\\/pmza.sk\\\/#organization\"},\"image\":{\"@id\":\"https:\\\/\\\/pmza.sk\\\/?p=56137#primaryimage\"},\"thumbnailUrl\":\"https:\\\/\\\/pmza.sk\\\/wp-content\\\/uploads\\\/2023\\\/05\\\/Matilda_web-scaled.jpg\",\"articleSection\":[\"V\u00fdstavy\"],\"inLanguage\":\"sk-SK\"},{\"@type\":\"WebPage\",\"@id\":\"https:\\\/\\\/pmza.sk\\\/?p=56137\",\"url\":\"https:\\\/\\\/pmza.sk\\\/?p=56137\",\"name\":\"Matilda - Pova\u017esk\u00e9 m\u00fazeum\",\"isPartOf\":{\"@id\":\"https:\\\/\\\/pmza.sk\\\/#website\"},\"primaryImageOfPage\":{\"@id\":\"https:\\\/\\\/pmza.sk\\\/?p=56137#primaryimage\"},\"image\":{\"@id\":\"https:\\\/\\\/pmza.sk\\\/?p=56137#primaryimage\"},\"thumbnailUrl\":\"https:\\\/\\\/pmza.sk\\\/wp-content\\\/uploads\\\/2023\\\/05\\\/Matilda_web-scaled.jpg\",\"datePublished\":\"2023-05-03T06:04:17+00:00\",\"dateModified\":\"2023-09-04T06:07:53+00:00\",\"breadcrumb\":{\"@id\":\"https:\\\/\\\/pmza.sk\\\/?p=56137#breadcrumb\"},\"inLanguage\":\"sk-SK\",\"potentialAction\":[{\"@type\":\"ReadAction\",\"target\":[\"https:\\\/\\\/pmza.sk\\\/?p=56137\"]}]},{\"@type\":\"ImageObject\",\"inLanguage\":\"sk-SK\",\"@id\":\"https:\\\/\\\/pmza.sk\\\/?p=56137#primaryimage\",\"url\":\"https:\\\/\\\/pmza.sk\\\/wp-content\\\/uploads\\\/2023\\\/05\\\/Matilda_web-scaled.jpg\",\"contentUrl\":\"https:\\\/\\\/pmza.sk\\\/wp-content\\\/uploads\\\/2023\\\/05\\\/Matilda_web-scaled.jpg\",\"width\":2560,\"height\":2560},{\"@type\":\"BreadcrumbList\",\"@id\":\"https:\\\/\\\/pmza.sk\\\/?p=56137#breadcrumb\",\"itemListElement\":[{\"@type\":\"ListItem\",\"position\":1,\"name\":\"Domovsk\u00e1 str\u00e1nka\",\"item\":\"https:\\\/\\\/pmza.sk\\\/\"},{\"@type\":\"ListItem\",\"position\":2,\"name\":\"Matilda\"}]},{\"@type\":\"WebSite\",\"@id\":\"https:\\\/\\\/pmza.sk\\\/#website\",\"url\":\"https:\\\/\\\/pmza.sk\\\/\",\"name\":\"Pova\u017esk\u00e9 m\u00fazeum\",\"description\":\"Pova\u017esk\u00e9 m\u00fazeum v \u017diline je region\u00e1lne m\u00fazeum so s\u00eddlom v Budat\u00edne. Jeho expoz\u00edcie s\u00fa zameran\u00e9 na dejiny slovensk\u00e9ho umenia, kult\u00fary a dopravy.\",\"publisher\":{\"@id\":\"https:\\\/\\\/pmza.sk\\\/#organization\"},\"potentialAction\":[{\"@type\":\"SearchAction\",\"target\":{\"@type\":\"EntryPoint\",\"urlTemplate\":\"https:\\\/\\\/pmza.sk\\\/?s={search_term_string}\"},\"query-input\":{\"@type\":\"PropertyValueSpecification\",\"valueRequired\":true,\"valueName\":\"search_term_string\"}}],\"inLanguage\":\"sk-SK\"},{\"@type\":\"Organization\",\"@id\":\"https:\\\/\\\/pmza.sk\\\/#organization\",\"name\":\"Pova\u017esk\u00e9 m\u00fazeum\",\"url\":\"https:\\\/\\\/pmza.sk\\\/\",\"logo\":{\"@type\":\"ImageObject\",\"inLanguage\":\"sk-SK\",\"@id\":\"https:\\\/\\\/pmza.sk\\\/#\\\/schema\\\/logo\\\/image\\\/\",\"url\":\"https:\\\/\\\/pmza.sk\\\/wp-content\\\/uploads\\\/2022\\\/01\\\/logo_PM_horizontal.jpg\",\"contentUrl\":\"https:\\\/\\\/pmza.sk\\\/wp-content\\\/uploads\\\/2022\\\/01\\\/logo_PM_horizontal.jpg\",\"width\":231,\"height\":142,\"caption\":\"Pova\u017esk\u00e9 m\u00fazeum\"},\"image\":{\"@id\":\"https:\\\/\\\/pmza.sk\\\/#\\\/schema\\\/logo\\\/image\\\/\"},\"sameAs\":[\"https:\\\/\\\/www.facebook.com\\\/povazskemuzeum\",\"https:\\\/\\\/www.instagram.com\\\/povazskemuzeum\\\/\"]},{\"@type\":\"Person\",\"@id\":\"https:\\\/\\\/pmza.sk\\\/#\\\/schema\\\/person\\\/595e6a2ce731ea94dcd5d7f50a41ae33\",\"name\":\"Pova\u017esk\u00e9 m\u00fazeum\",\"image\":{\"@type\":\"ImageObject\",\"inLanguage\":\"sk-SK\",\"@id\":\"https:\\\/\\\/secure.gravatar.com\\\/avatar\\\/2bb7f1561282132fb5826dfeccc66c7996d11ee392ac6aaf7ced8a1c2027fbb2?s=96&d=mm&r=g\",\"url\":\"https:\\\/\\\/secure.gravatar.com\\\/avatar\\\/2bb7f1561282132fb5826dfeccc66c7996d11ee392ac6aaf7ced8a1c2027fbb2?s=96&d=mm&r=g\",\"contentUrl\":\"https:\\\/\\\/secure.gravatar.com\\\/avatar\\\/2bb7f1561282132fb5826dfeccc66c7996d11ee392ac6aaf7ced8a1c2027fbb2?s=96&d=mm&r=g\",\"caption\":\"Pova\u017esk\u00e9 m\u00fazeum\"}}]}<\/script>\n<!-- \/ Yoast SEO plugin. -->","yoast_head_json":{"title":"Matilda - Pova\u017esk\u00e9 m\u00fazeum","robots":{"index":"index","follow":"follow","max-snippet":"max-snippet:-1","max-image-preview":"max-image-preview:large","max-video-preview":"max-video-preview:-1"},"canonical":"https:\/\/pmza.sk\/?p=56137","og_locale":"sk_SK","og_type":"article","og_title":"Matilda - Pova\u017esk\u00e9 m\u00fazeum","og_description":"Na Budat\u00ednskom hrade bude od 11. m\u00e1ja pr\u00edstupn\u00e1 origin\u00e1lna v\u00fdstava pod n\u00e1zvom Matilda, ktor\u00e1 pribl\u00ed\u017ei diela maliarky a\u00a0grafi\u010dky Matildy \u010cechovej. V\u00fdber z\u00a0jej tvorby pripravilo Pova\u017esk\u00e9 m\u00fazeum a\u00a0Oravsk\u00e1 gal\u00e9ria pri pr\u00edle\u017eitosti 115. v\u00fdro\u010dia od narodenia autorky. Po obsahovej str\u00e1nke je v\u00fdstava zameran\u00e1 na dve oblasti tvorby umelkyne. Prvou z\u00a0nich je krajinoma\u013eba ako tematicky najsilnej\u0161ia oblas\u0165. Druhou [&hellip;]","og_url":"https:\/\/pmza.sk\/?p=56137","og_site_name":"Pova\u017esk\u00e9 m\u00fazeum","article_publisher":"https:\/\/www.facebook.com\/povazskemuzeum","article_published_time":"2023-05-03T06:04:17+00:00","article_modified_time":"2023-09-04T06:07:53+00:00","og_image":[{"width":2560,"height":2560,"url":"https:\/\/pmza.sk\/wp-content\/uploads\/2023\/05\/Matilda_web-scaled.jpg","type":"image\/jpeg"}],"author":"Pova\u017esk\u00e9 m\u00fazeum","twitter_card":"summary_large_image","twitter_misc":{"Autor":"Pova\u017esk\u00e9 m\u00fazeum","Predpokladan\u00fd \u010das \u010d\u00edtania":"2 min\u00faty"},"schema":{"@context":"https:\/\/schema.org","@graph":[{"@type":"Article","@id":"https:\/\/pmza.sk\/?p=56137#article","isPartOf":{"@id":"https:\/\/pmza.sk\/?p=56137"},"author":{"name":"Pova\u017esk\u00e9 m\u00fazeum","@id":"https:\/\/pmza.sk\/#\/schema\/person\/595e6a2ce731ea94dcd5d7f50a41ae33"},"headline":"Matilda","datePublished":"2023-05-03T06:04:17+00:00","dateModified":"2023-09-04T06:07:53+00:00","mainEntityOfPage":{"@id":"https:\/\/pmza.sk\/?p=56137"},"wordCount":433,"commentCount":0,"publisher":{"@id":"https:\/\/pmza.sk\/#organization"},"image":{"@id":"https:\/\/pmza.sk\/?p=56137#primaryimage"},"thumbnailUrl":"https:\/\/pmza.sk\/wp-content\/uploads\/2023\/05\/Matilda_web-scaled.jpg","articleSection":["V\u00fdstavy"],"inLanguage":"sk-SK"},{"@type":"WebPage","@id":"https:\/\/pmza.sk\/?p=56137","url":"https:\/\/pmza.sk\/?p=56137","name":"Matilda - Pova\u017esk\u00e9 m\u00fazeum","isPartOf":{"@id":"https:\/\/pmza.sk\/#website"},"primaryImageOfPage":{"@id":"https:\/\/pmza.sk\/?p=56137#primaryimage"},"image":{"@id":"https:\/\/pmza.sk\/?p=56137#primaryimage"},"thumbnailUrl":"https:\/\/pmza.sk\/wp-content\/uploads\/2023\/05\/Matilda_web-scaled.jpg","datePublished":"2023-05-03T06:04:17+00:00","dateModified":"2023-09-04T06:07:53+00:00","breadcrumb":{"@id":"https:\/\/pmza.sk\/?p=56137#breadcrumb"},"inLanguage":"sk-SK","potentialAction":[{"@type":"ReadAction","target":["https:\/\/pmza.sk\/?p=56137"]}]},{"@type":"ImageObject","inLanguage":"sk-SK","@id":"https:\/\/pmza.sk\/?p=56137#primaryimage","url":"https:\/\/pmza.sk\/wp-content\/uploads\/2023\/05\/Matilda_web-scaled.jpg","contentUrl":"https:\/\/pmza.sk\/wp-content\/uploads\/2023\/05\/Matilda_web-scaled.jpg","width":2560,"height":2560},{"@type":"BreadcrumbList","@id":"https:\/\/pmza.sk\/?p=56137#breadcrumb","itemListElement":[{"@type":"ListItem","position":1,"name":"Domovsk\u00e1 str\u00e1nka","item":"https:\/\/pmza.sk\/"},{"@type":"ListItem","position":2,"name":"Matilda"}]},{"@type":"WebSite","@id":"https:\/\/pmza.sk\/#website","url":"https:\/\/pmza.sk\/","name":"Pova\u017esk\u00e9 m\u00fazeum","description":"Pova\u017esk\u00e9 m\u00fazeum v \u017diline je region\u00e1lne m\u00fazeum so s\u00eddlom v Budat\u00edne. Jeho expoz\u00edcie s\u00fa zameran\u00e9 na dejiny slovensk\u00e9ho umenia, kult\u00fary a dopravy.","publisher":{"@id":"https:\/\/pmza.sk\/#organization"},"potentialAction":[{"@type":"SearchAction","target":{"@type":"EntryPoint","urlTemplate":"https:\/\/pmza.sk\/?s={search_term_string}"},"query-input":{"@type":"PropertyValueSpecification","valueRequired":true,"valueName":"search_term_string"}}],"inLanguage":"sk-SK"},{"@type":"Organization","@id":"https:\/\/pmza.sk\/#organization","name":"Pova\u017esk\u00e9 m\u00fazeum","url":"https:\/\/pmza.sk\/","logo":{"@type":"ImageObject","inLanguage":"sk-SK","@id":"https:\/\/pmza.sk\/#\/schema\/logo\/image\/","url":"https:\/\/pmza.sk\/wp-content\/uploads\/2022\/01\/logo_PM_horizontal.jpg","contentUrl":"https:\/\/pmza.sk\/wp-content\/uploads\/2022\/01\/logo_PM_horizontal.jpg","width":231,"height":142,"caption":"Pova\u017esk\u00e9 m\u00fazeum"},"image":{"@id":"https:\/\/pmza.sk\/#\/schema\/logo\/image\/"},"sameAs":["https:\/\/www.facebook.com\/povazskemuzeum","https:\/\/www.instagram.com\/povazskemuzeum\/"]},{"@type":"Person","@id":"https:\/\/pmza.sk\/#\/schema\/person\/595e6a2ce731ea94dcd5d7f50a41ae33","name":"Pova\u017esk\u00e9 m\u00fazeum","image":{"@type":"ImageObject","inLanguage":"sk-SK","@id":"https:\/\/secure.gravatar.com\/avatar\/2bb7f1561282132fb5826dfeccc66c7996d11ee392ac6aaf7ced8a1c2027fbb2?s=96&d=mm&r=g","url":"https:\/\/secure.gravatar.com\/avatar\/2bb7f1561282132fb5826dfeccc66c7996d11ee392ac6aaf7ced8a1c2027fbb2?s=96&d=mm&r=g","contentUrl":"https:\/\/secure.gravatar.com\/avatar\/2bb7f1561282132fb5826dfeccc66c7996d11ee392ac6aaf7ced8a1c2027fbb2?s=96&d=mm&r=g","caption":"Pova\u017esk\u00e9 m\u00fazeum"}}]}},"_links":{"self":[{"href":"https:\/\/pmza.sk\/index.php?rest_route=\/wp\/v2\/posts\/56137","targetHints":{"allow":["GET"]}}],"collection":[{"href":"https:\/\/pmza.sk\/index.php?rest_route=\/wp\/v2\/posts"}],"about":[{"href":"https:\/\/pmza.sk\/index.php?rest_route=\/wp\/v2\/types\/post"}],"author":[{"embeddable":true,"href":"https:\/\/pmza.sk\/index.php?rest_route=\/wp\/v2\/users\/2"}],"replies":[{"embeddable":true,"href":"https:\/\/pmza.sk\/index.php?rest_route=%2Fwp%2Fv2%2Fcomments&post=56137"}],"version-history":[{"count":0,"href":"https:\/\/pmza.sk\/index.php?rest_route=\/wp\/v2\/posts\/56137\/revisions"}],"wp:featuredmedia":[{"embeddable":true,"href":"https:\/\/pmza.sk\/index.php?rest_route=\/wp\/v2\/media\/56143"}],"wp:attachment":[{"href":"https:\/\/pmza.sk\/index.php?rest_route=%2Fwp%2Fv2%2Fmedia&parent=56137"}],"wp:term":[{"taxonomy":"category","embeddable":true,"href":"https:\/\/pmza.sk\/index.php?rest_route=%2Fwp%2Fv2%2Fcategories&post=56137"},{"taxonomy":"post_tag","embeddable":true,"href":"https:\/\/pmza.sk\/index.php?rest_route=%2Fwp%2Fv2%2Ftags&post=56137"}],"curies":[{"name":"wp","href":"https:\/\/api.w.org\/{rel}","templated":true}]}}