{"id":56148,"date":"2023-05-03T08:37:27","date_gmt":"2023-05-03T06:37:27","guid":{"rendered":"https:\/\/pmza.sk\/?p=56148"},"modified":"2023-06-01T11:35:16","modified_gmt":"2023-06-01T09:35:16","slug":"portret-prveho-kustoda-eugena-medveckeho-od-v-krupca-je-zbierkovym-predmetom-mesiaca-maj","status":"publish","type":"post","link":"https:\/\/pmza.sk\/?p=56148","title":{"rendered":"Portr\u00e9t prv\u00e9ho kust\u00f3da Eugena Medveck\u00e9ho od V. Krupca je zbierkov\u00fdm predmetom mesiaca m\u00e1j"},"content":{"rendered":"<p>V\u00a0priestore\u00a0 Infopultu Budat\u00ednskeho hradu si m\u00f4\u017eete v mesiaci m\u00e1j pozrie\u0165 portr\u00e9t prv\u00e9ho kust\u00f3da Pova\u017esk\u00e9ho m\u00fazea Eugena Medveck\u00e9ho z\u00a0roku 1927. Jeho autorom je Viktor Krupec, akademick\u00fd maliar, ktor\u00fd sa v\u00a0\u017diline narodil a v\u00a0rokoch 1924 \u2013 1940 v\u00a0nej aj tvoril. Pova\u017esk\u00e9 m\u00fazeum z\u00edskalo tento obraz do svojho zbierkov\u00e9ho fondu v\u00a0roku 1974.<\/p>\n<p>Napriek tomu, \u017ee Medveck\u00fd zast\u00e1val funkciu prv\u00e9ho kust\u00f3da \u017eilinsk\u00e9ho m\u00fazea, doposia\u013e sme o\u00a0\u0148om ve\u013ea nevedeli. Ned\u00e1vny v\u00fdskum uk\u00e1zal, \u017ee sa narodil v\u00a0roku 1888 na Orave. Ako dvojro\u010dn\u00fd stratil matku a\u00a0ako trojro\u010dn\u00fd aj otca. Chodil na gymn\u00e1zium v\u00a0Trstenej, Ru\u017eomberku a na u\u010dite\u013esk\u00fd semin\u00e1r v\u00a0Marmaros-Sigete, z\u00a0ktor\u00e9ho ho v\u0161ak vyhodili. \u00a0Minim\u00e1lne od roku 1926 pracoval ako \u017eelezni\u010dn\u00fd \u00faradn\u00edk v \u017diline.<\/p>\n<p>Zauj\u00edmal sa o\u00a0dejiny a\u00a0hmotn\u00e9 kult\u00farne dedi\u010dstvo \u017eilinsk\u00e9ho regi\u00f3nu. Od 30. rokov 20. storo\u010dia za\u010dal o\u00a0tejto t\u00e9me aj \u010dastej\u0161ie p\u00edsa\u0165 do miestnej tla\u010de. Na pr\u00edklade \u00a0archeologick\u00fdch n\u00e1lezov objaven\u00fdch pri v\u00fdstavbe evanjelick\u00e9ho kostola na ulici M. R\u00e1zusa viackr\u00e1t demon\u0161troval nez\u00e1ujem spolo\u010dnosti o\u00a0hist\u00f3riu a pam\u00e4tihodnosti \u017diliny a\u00a0jej \u0161irok\u00e9ho okolia a\u00a0zd\u00f4raznil potrebu ich zbierania a\u00a0uchov\u00e1vania. Medveck\u00fd kritizoval, \u017ee aj v\u00a0d\u00f4sledku absencie inici\u00e1torov a najm\u00e4 mecen\u00e1\u0161ov st\u00e1le nem\u00e1 \u017dilina svoje m\u00fazeum. \u00dadajne sa s\u00e1m sna\u017eil zachr\u00e1ni\u0165 nie\u010do z\u00a0pozostatkov lu\u017eickej kult\u00fary odkryt\u00fdch pri v\u00fdstavbe spomenut\u00e9ho kostola, ale nebol pr\u00edli\u0161 \u00faspe\u0161n\u00fd. Na margo toho nap\u00edsal: \u201e<em>Na lov \u02bahlinen\u00fdch per\u00e1l\u02ba \u00a0\u010di\u017ee urien zo \u017eiarov\u00fdch hrobou vych\u00e1dzal som \u010dasto a svoju koris\u0165 ukladal som doma. Boly v tej sbierke dn\u00e1, uch\u00e1, bruch\u00e1 hrncov, s tenkou, hrubou stenou jemn\u00e9ho, drsn\u00e9ho povrchu, ma\u013eovan\u00e9 a tie\u017e bez n\u00e1teru. \u010co som dnes doniesol, na druh\u00fd de\u0148 vyh\u00e1dzala do smet\u00ed moja polovi\u010dka, \u017ee ona vraj umrl\u010die hrnce s popolom obch\u00e1dza\u0165 nebude, \u010di s\u00fa ony z \u010dasov pred Kristom, alebo po. Uznal som jej to. Ka\u017ed\u00e1 \u017eena rad\u0161ej utiera prach s modranskej keramiky, ako s urien s \u013eudsk\u00fdmi kos\u0165ami<\/em>.\u201c<\/p>\n<p>Vo vo\u013eb\u00e1ch do samospr\u00e1vy v j\u00fani roku 1938 bol Medveck\u00fd zvolen\u00fd do mestsk\u00e9ho zastupite\u013estva a mestskej rady v \u017diline. N\u00e1sledne sa stal spolu s Vojtechom Tvrd\u00fdm \u010dlenom mestskej muze\u00e1lnej komisie a 13. novembra 1940 bol poveren\u00fd vykon\u00e1va\u0165 v\u0161etky pr\u00e1ce, ktor\u00e9 mali vies\u0165 k vybudovaniu m\u00fazea. Jeho \u00fasilie o zachov\u00e1vanie pam\u00e4tihodnosti zo \u017eilinsk\u00e9ho regi\u00f3nu sa zav\u0155\u0161ilo rokom 1942. V budove radnice v \u017diline \u00a0vznikli dve samostatn\u00e9 expoz\u00edcie \u2013 drot\u00e1rska, ktor\u00fa mal na starosti Karol Guleja, a historick\u00e1, ktor\u00fa zostavil E. Medveck\u00fd. \u00a0Medveck\u00e9ho z\u00e1rove\u0148 zvolili aj za \u00a0kust\u00f3da m\u00fazea. V uznesen\u00ed o pr\u00e1vnom postaven\u00ed kust\u00f3da z roku 1942 sa p\u00ed\u0161e: \u201e<em>Mestsk\u00e9 m\u00fazeum bolo otvoren\u00e9 a\u00a0verejnosti odovzdan\u00e9, na jeho zriaden\u00ed m\u00e1 z\u00e1sluhu preva\u017ene E. Medveck\u00fd, ktor\u00fd celou svojou du\u0161ou a\u00a0energiou sa dielu venoval a\u00a0v\u0161etok svoj vo\u013en\u00fd \u010das venuje i\u00a0teraz doplneniu a\u00a0\u010fal\u0161iemu usporiadaniu sbierok. Jeho pri\u010dinen\u00edm ulo\u017een\u00e9 s\u00fa v\u00a0m\u00fazeu cenn\u00e9 veci, ktor\u00e9 v\u00a0prev\u00e1\u017enej v\u00e4\u010d\u0161ine, ba takmer v\u0161etky s\u00e1m sosbieral, tak\u017ee mesto bez zna\u010dnej invest\u00edcie dostalo cenn\u00e9 hodnoty<\/em>.\u201c<\/p>\n<p>V\u010faka jeho \u010dinnosti sa zachovali r\u00f4zne predmety historickej hodnoty, ktor\u00e9 s\u00fa dodnes s\u00fa\u010das\u0165ou zbierkov\u00e9ho fondu Pova\u017esk\u00e9ho m\u00fazea. Napr\u00edklad ide o\u00a0\u017eilinsk\u00e9 katovsk\u00e9 me\u010de, cirkevn\u00fa truhlicu z\u00a015. storo\u010dia \u00a0alebo \u010drp\u00e1ky. O\u00a0nich verejnos\u0165 informoval v\u00a0dobovej tla\u010di \u00a0u\u017e v\u00a030. rokoch 20. storo\u010dia\u00a0 a\u00a0pripojil k\u00a0nim aj fotografick\u00fd materi\u00e1l.<\/p>\n<p>V\u00a0zmenenej politickej situ\u00e1cii po druhej svetovej vojne bol E. Medveck\u00fd prepusten\u00fd z\u00a0funkcie kust\u00f3da uznesen\u00edm N\u00e1rodn\u00e9ho v\u00fdboru v\u00a0\u017diline z\u00a0augusta roku 1945, preto\u017ee opustil \u00fazemie Slovenska a v\u00a0predp\u00edsanej lehote do \u00f4smich dn\u00ed neinformoval o\u00a0svojom mieste pobytu. Vo febru\u00e1ri 1946 Medveck\u00fd po\u017eiadal o\u00a0znovuprijatie, ale nebol \u00faspe\u0161n\u00fd. Nov\u00fdm kust\u00f3dom sa stal Anton Stiffel.<\/p>\n<p>Text: Mgr. Zuzana Kudzbelov\u00e1, PhD.<\/p>\n<p>Fotografia: Anna Kuchar\u010d\u00edkov\u00e1<\/p>\n<p>&nbsp;<\/p>\n<p>&nbsp;<\/p>\n","protected":false},"excerpt":{"rendered":"<p>V\u00a0priestore\u00a0 Infopultu Budat\u00ednskeho hradu si m\u00f4\u017eete v mesiaci m\u00e1j pozrie\u0165 portr\u00e9t prv\u00e9ho kust\u00f3da Pova\u017esk\u00e9ho m\u00fazea Eugena Medveck\u00e9ho z\u00a0roku 1927. Jeho autorom je Viktor Krupec, akademick\u00fd maliar, ktor\u00fd sa v\u00a0\u017diline narodil a v\u00a0rokoch 1924 \u2013 1940 v\u00a0nej aj tvoril. Pova\u017esk\u00e9 m\u00fazeum z\u00edskalo tento obraz do svojho zbierkov\u00e9ho fondu v\u00a0roku 1974. Napriek tomu, \u017ee Medveck\u00fd zast\u00e1val funkciu [&hellip;]<\/p>\n","protected":false},"author":2,"featured_media":56149,"comment_status":"open","ping_status":"open","sticky":false,"template":"","format":"standard","meta":{"site-sidebar-layout":"default","site-content-layout":"default","ast-site-content-layout":"","site-content-style":"default","site-sidebar-style":"default","ast-global-header-display":"","ast-banner-title-visibility":"","ast-main-header-display":"","ast-hfb-above-header-display":"","ast-hfb-below-header-display":"","ast-hfb-mobile-header-display":"","site-post-title":"","ast-breadcrumbs-content":"","ast-featured-img":"","footer-sml-layout":"","theme-transparent-header-meta":"default","adv-header-id-meta":"","stick-header-meta":"default","header-above-stick-meta":"","header-main-stick-meta":"","header-below-stick-meta":"","astra-migrate-meta-layouts":"default","ast-page-background-enabled":"default","ast-page-background-meta":{"desktop":{"background-color":"var(--ast-global-color-4)","background-image":"","background-repeat":"repeat","background-position":"center center","background-size":"auto","background-attachment":"scroll","background-type":"","background-media":"","overlay-type":"","overlay-color":"","overlay-opacity":"","overlay-gradient":""},"tablet":{"background-color":"","background-image":"","background-repeat":"repeat","background-position":"center center","background-size":"auto","background-attachment":"scroll","background-type":"","background-media":"","overlay-type":"","overlay-color":"","overlay-opacity":"","overlay-gradient":""},"mobile":{"background-color":"","background-image":"","background-repeat":"repeat","background-position":"center center","background-size":"auto","background-attachment":"scroll","background-type":"","background-media":"","overlay-type":"","overlay-color":"","overlay-opacity":"","overlay-gradient":""}},"ast-content-background-meta":{"desktop":{"background-color":"var(--ast-global-color-5)","background-image":"","background-repeat":"repeat","background-position":"center center","background-size":"auto","background-attachment":"scroll","background-type":"","background-media":"","overlay-type":"","overlay-color":"","overlay-opacity":"","overlay-gradient":""},"tablet":{"background-color":"var(--ast-global-color-5)","background-image":"","background-repeat":"repeat","background-position":"center center","background-size":"auto","background-attachment":"scroll","background-type":"","background-media":"","overlay-type":"","overlay-color":"","overlay-opacity":"","overlay-gradient":""},"mobile":{"background-color":"var(--ast-global-color-5)","background-image":"","background-repeat":"repeat","background-position":"center center","background-size":"auto","background-attachment":"scroll","background-type":"","background-media":"","overlay-type":"","overlay-color":"","overlay-opacity":"","overlay-gradient":""}},"footnotes":""},"categories":[31],"tags":[],"class_list":["post-56148","post","type-post","status-publish","format-standard","has-post-thumbnail","hentry","category-aktuality"],"yoast_head":"<!-- This site is optimized with the Yoast SEO plugin v27.4 - https:\/\/yoast.com\/product\/yoast-seo-wordpress\/ -->\n<title>Portr\u00e9t prv\u00e9ho kust\u00f3da Eugena Medveck\u00e9ho od V. Krupca je zbierkov\u00fdm predmetom mesiaca m\u00e1j - Pova\u017esk\u00e9 m\u00fazeum<\/title>\n<meta name=\"robots\" content=\"index, follow, max-snippet:-1, max-image-preview:large, max-video-preview:-1\" \/>\n<link rel=\"canonical\" href=\"https:\/\/pmza.sk\/?p=56148\" \/>\n<meta property=\"og:locale\" content=\"sk_SK\" \/>\n<meta property=\"og:type\" content=\"article\" \/>\n<meta property=\"og:title\" content=\"Portr\u00e9t prv\u00e9ho kust\u00f3da Eugena Medveck\u00e9ho od V. Krupca je zbierkov\u00fdm predmetom mesiaca m\u00e1j - Pova\u017esk\u00e9 m\u00fazeum\" \/>\n<meta property=\"og:description\" content=\"V\u00a0priestore\u00a0 Infopultu Budat\u00ednskeho hradu si m\u00f4\u017eete v mesiaci m\u00e1j pozrie\u0165 portr\u00e9t prv\u00e9ho kust\u00f3da Pova\u017esk\u00e9ho m\u00fazea Eugena Medveck\u00e9ho z\u00a0roku 1927. Jeho autorom je Viktor Krupec, akademick\u00fd maliar, ktor\u00fd sa v\u00a0\u017diline narodil a v\u00a0rokoch 1924 \u2013 1940 v\u00a0nej aj tvoril. Pova\u017esk\u00e9 m\u00fazeum z\u00edskalo tento obraz do svojho zbierkov\u00e9ho fondu v\u00a0roku 1974. Napriek tomu, \u017ee Medveck\u00fd zast\u00e1val funkciu [&hellip;]\" \/>\n<meta property=\"og:url\" content=\"https:\/\/pmza.sk\/?p=56148\" \/>\n<meta property=\"og:site_name\" content=\"Pova\u017esk\u00e9 m\u00fazeum\" \/>\n<meta property=\"article:publisher\" content=\"https:\/\/www.facebook.com\/povazskemuzeum\" \/>\n<meta property=\"article:published_time\" content=\"2023-05-03T06:37:27+00:00\" \/>\n<meta property=\"article:modified_time\" content=\"2023-06-01T09:35:16+00:00\" \/>\n<meta property=\"og:image\" content=\"https:\/\/pmza.sk\/wp-content\/uploads\/2023\/05\/na-web.jpg\" \/>\n\t<meta property=\"og:image:width\" content=\"1920\" \/>\n\t<meta property=\"og:image:height\" content=\"2524\" \/>\n\t<meta property=\"og:image:type\" content=\"image\/jpeg\" \/>\n<meta name=\"author\" content=\"Pova\u017esk\u00e9 m\u00fazeum\" \/>\n<meta name=\"twitter:card\" content=\"summary_large_image\" \/>\n<meta name=\"twitter:label1\" content=\"Autor\" \/>\n\t<meta name=\"twitter:data1\" content=\"Pova\u017esk\u00e9 m\u00fazeum\" \/>\n\t<meta name=\"twitter:label2\" content=\"Predpokladan\u00fd \u010das \u010d\u00edtania\" \/>\n\t<meta name=\"twitter:data2\" content=\"4 min\u00faty\" \/>\n<script type=\"application\/ld+json\" class=\"yoast-schema-graph\">{\"@context\":\"https:\\\/\\\/schema.org\",\"@graph\":[{\"@type\":\"Article\",\"@id\":\"https:\\\/\\\/pmza.sk\\\/?p=56148#article\",\"isPartOf\":{\"@id\":\"https:\\\/\\\/pmza.sk\\\/?p=56148\"},\"author\":{\"name\":\"Pova\u017esk\u00e9 m\u00fazeum\",\"@id\":\"https:\\\/\\\/pmza.sk\\\/#\\\/schema\\\/person\\\/595e6a2ce731ea94dcd5d7f50a41ae33\"},\"headline\":\"Portr\u00e9t prv\u00e9ho kust\u00f3da Eugena Medveck\u00e9ho od V. Krupca je zbierkov\u00fdm predmetom mesiaca m\u00e1j\",\"datePublished\":\"2023-05-03T06:37:27+00:00\",\"dateModified\":\"2023-06-01T09:35:16+00:00\",\"mainEntityOfPage\":{\"@id\":\"https:\\\/\\\/pmza.sk\\\/?p=56148\"},\"wordCount\":746,\"commentCount\":0,\"publisher\":{\"@id\":\"https:\\\/\\\/pmza.sk\\\/#organization\"},\"image\":{\"@id\":\"https:\\\/\\\/pmza.sk\\\/?p=56148#primaryimage\"},\"thumbnailUrl\":\"https:\\\/\\\/pmza.sk\\\/wp-content\\\/uploads\\\/2023\\\/05\\\/na-web.jpg\",\"articleSection\":[\"Aktuality\"],\"inLanguage\":\"sk-SK\"},{\"@type\":\"WebPage\",\"@id\":\"https:\\\/\\\/pmza.sk\\\/?p=56148\",\"url\":\"https:\\\/\\\/pmza.sk\\\/?p=56148\",\"name\":\"Portr\u00e9t prv\u00e9ho kust\u00f3da Eugena Medveck\u00e9ho od V. Krupca je zbierkov\u00fdm predmetom mesiaca m\u00e1j - Pova\u017esk\u00e9 m\u00fazeum\",\"isPartOf\":{\"@id\":\"https:\\\/\\\/pmza.sk\\\/#website\"},\"primaryImageOfPage\":{\"@id\":\"https:\\\/\\\/pmza.sk\\\/?p=56148#primaryimage\"},\"image\":{\"@id\":\"https:\\\/\\\/pmza.sk\\\/?p=56148#primaryimage\"},\"thumbnailUrl\":\"https:\\\/\\\/pmza.sk\\\/wp-content\\\/uploads\\\/2023\\\/05\\\/na-web.jpg\",\"datePublished\":\"2023-05-03T06:37:27+00:00\",\"dateModified\":\"2023-06-01T09:35:16+00:00\",\"breadcrumb\":{\"@id\":\"https:\\\/\\\/pmza.sk\\\/?p=56148#breadcrumb\"},\"inLanguage\":\"sk-SK\",\"potentialAction\":[{\"@type\":\"ReadAction\",\"target\":[\"https:\\\/\\\/pmza.sk\\\/?p=56148\"]}]},{\"@type\":\"ImageObject\",\"inLanguage\":\"sk-SK\",\"@id\":\"https:\\\/\\\/pmza.sk\\\/?p=56148#primaryimage\",\"url\":\"https:\\\/\\\/pmza.sk\\\/wp-content\\\/uploads\\\/2023\\\/05\\\/na-web.jpg\",\"contentUrl\":\"https:\\\/\\\/pmza.sk\\\/wp-content\\\/uploads\\\/2023\\\/05\\\/na-web.jpg\",\"width\":1920,\"height\":2524},{\"@type\":\"BreadcrumbList\",\"@id\":\"https:\\\/\\\/pmza.sk\\\/?p=56148#breadcrumb\",\"itemListElement\":[{\"@type\":\"ListItem\",\"position\":1,\"name\":\"Domovsk\u00e1 str\u00e1nka\",\"item\":\"https:\\\/\\\/pmza.sk\\\/\"},{\"@type\":\"ListItem\",\"position\":2,\"name\":\"Portr\u00e9t prv\u00e9ho kust\u00f3da Eugena Medveck\u00e9ho od V. Krupca je zbierkov\u00fdm predmetom mesiaca m\u00e1j\"}]},{\"@type\":\"WebSite\",\"@id\":\"https:\\\/\\\/pmza.sk\\\/#website\",\"url\":\"https:\\\/\\\/pmza.sk\\\/\",\"name\":\"Pova\u017esk\u00e9 m\u00fazeum\",\"description\":\"Pova\u017esk\u00e9 m\u00fazeum v \u017diline je region\u00e1lne m\u00fazeum so s\u00eddlom v Budat\u00edne. Jeho expoz\u00edcie s\u00fa zameran\u00e9 na dejiny slovensk\u00e9ho umenia, kult\u00fary a dopravy.\",\"publisher\":{\"@id\":\"https:\\\/\\\/pmza.sk\\\/#organization\"},\"potentialAction\":[{\"@type\":\"SearchAction\",\"target\":{\"@type\":\"EntryPoint\",\"urlTemplate\":\"https:\\\/\\\/pmza.sk\\\/?s={search_term_string}\"},\"query-input\":{\"@type\":\"PropertyValueSpecification\",\"valueRequired\":true,\"valueName\":\"search_term_string\"}}],\"inLanguage\":\"sk-SK\"},{\"@type\":\"Organization\",\"@id\":\"https:\\\/\\\/pmza.sk\\\/#organization\",\"name\":\"Pova\u017esk\u00e9 m\u00fazeum\",\"url\":\"https:\\\/\\\/pmza.sk\\\/\",\"logo\":{\"@type\":\"ImageObject\",\"inLanguage\":\"sk-SK\",\"@id\":\"https:\\\/\\\/pmza.sk\\\/#\\\/schema\\\/logo\\\/image\\\/\",\"url\":\"https:\\\/\\\/pmza.sk\\\/wp-content\\\/uploads\\\/2022\\\/01\\\/logo_PM_horizontal.jpg\",\"contentUrl\":\"https:\\\/\\\/pmza.sk\\\/wp-content\\\/uploads\\\/2022\\\/01\\\/logo_PM_horizontal.jpg\",\"width\":231,\"height\":142,\"caption\":\"Pova\u017esk\u00e9 m\u00fazeum\"},\"image\":{\"@id\":\"https:\\\/\\\/pmza.sk\\\/#\\\/schema\\\/logo\\\/image\\\/\"},\"sameAs\":[\"https:\\\/\\\/www.facebook.com\\\/povazskemuzeum\",\"https:\\\/\\\/www.instagram.com\\\/povazskemuzeum\\\/\"]},{\"@type\":\"Person\",\"@id\":\"https:\\\/\\\/pmza.sk\\\/#\\\/schema\\\/person\\\/595e6a2ce731ea94dcd5d7f50a41ae33\",\"name\":\"Pova\u017esk\u00e9 m\u00fazeum\",\"image\":{\"@type\":\"ImageObject\",\"inLanguage\":\"sk-SK\",\"@id\":\"https:\\\/\\\/secure.gravatar.com\\\/avatar\\\/2bb7f1561282132fb5826dfeccc66c7996d11ee392ac6aaf7ced8a1c2027fbb2?s=96&d=mm&r=g\",\"url\":\"https:\\\/\\\/secure.gravatar.com\\\/avatar\\\/2bb7f1561282132fb5826dfeccc66c7996d11ee392ac6aaf7ced8a1c2027fbb2?s=96&d=mm&r=g\",\"contentUrl\":\"https:\\\/\\\/secure.gravatar.com\\\/avatar\\\/2bb7f1561282132fb5826dfeccc66c7996d11ee392ac6aaf7ced8a1c2027fbb2?s=96&d=mm&r=g\",\"caption\":\"Pova\u017esk\u00e9 m\u00fazeum\"}}]}<\/script>\n<!-- \/ Yoast SEO plugin. -->","yoast_head_json":{"title":"Portr\u00e9t prv\u00e9ho kust\u00f3da Eugena Medveck\u00e9ho od V. Krupca je zbierkov\u00fdm predmetom mesiaca m\u00e1j - Pova\u017esk\u00e9 m\u00fazeum","robots":{"index":"index","follow":"follow","max-snippet":"max-snippet:-1","max-image-preview":"max-image-preview:large","max-video-preview":"max-video-preview:-1"},"canonical":"https:\/\/pmza.sk\/?p=56148","og_locale":"sk_SK","og_type":"article","og_title":"Portr\u00e9t prv\u00e9ho kust\u00f3da Eugena Medveck\u00e9ho od V. Krupca je zbierkov\u00fdm predmetom mesiaca m\u00e1j - Pova\u017esk\u00e9 m\u00fazeum","og_description":"V\u00a0priestore\u00a0 Infopultu Budat\u00ednskeho hradu si m\u00f4\u017eete v mesiaci m\u00e1j pozrie\u0165 portr\u00e9t prv\u00e9ho kust\u00f3da Pova\u017esk\u00e9ho m\u00fazea Eugena Medveck\u00e9ho z\u00a0roku 1927. Jeho autorom je Viktor Krupec, akademick\u00fd maliar, ktor\u00fd sa v\u00a0\u017diline narodil a v\u00a0rokoch 1924 \u2013 1940 v\u00a0nej aj tvoril. Pova\u017esk\u00e9 m\u00fazeum z\u00edskalo tento obraz do svojho zbierkov\u00e9ho fondu v\u00a0roku 1974. Napriek tomu, \u017ee Medveck\u00fd zast\u00e1val funkciu [&hellip;]","og_url":"https:\/\/pmza.sk\/?p=56148","og_site_name":"Pova\u017esk\u00e9 m\u00fazeum","article_publisher":"https:\/\/www.facebook.com\/povazskemuzeum","article_published_time":"2023-05-03T06:37:27+00:00","article_modified_time":"2023-06-01T09:35:16+00:00","og_image":[{"width":1920,"height":2524,"url":"https:\/\/pmza.sk\/wp-content\/uploads\/2023\/05\/na-web.jpg","type":"image\/jpeg"}],"author":"Pova\u017esk\u00e9 m\u00fazeum","twitter_card":"summary_large_image","twitter_misc":{"Autor":"Pova\u017esk\u00e9 m\u00fazeum","Predpokladan\u00fd \u010das \u010d\u00edtania":"4 min\u00faty"},"schema":{"@context":"https:\/\/schema.org","@graph":[{"@type":"Article","@id":"https:\/\/pmza.sk\/?p=56148#article","isPartOf":{"@id":"https:\/\/pmza.sk\/?p=56148"},"author":{"name":"Pova\u017esk\u00e9 m\u00fazeum","@id":"https:\/\/pmza.sk\/#\/schema\/person\/595e6a2ce731ea94dcd5d7f50a41ae33"},"headline":"Portr\u00e9t prv\u00e9ho kust\u00f3da Eugena Medveck\u00e9ho od V. Krupca je zbierkov\u00fdm predmetom mesiaca m\u00e1j","datePublished":"2023-05-03T06:37:27+00:00","dateModified":"2023-06-01T09:35:16+00:00","mainEntityOfPage":{"@id":"https:\/\/pmza.sk\/?p=56148"},"wordCount":746,"commentCount":0,"publisher":{"@id":"https:\/\/pmza.sk\/#organization"},"image":{"@id":"https:\/\/pmza.sk\/?p=56148#primaryimage"},"thumbnailUrl":"https:\/\/pmza.sk\/wp-content\/uploads\/2023\/05\/na-web.jpg","articleSection":["Aktuality"],"inLanguage":"sk-SK"},{"@type":"WebPage","@id":"https:\/\/pmza.sk\/?p=56148","url":"https:\/\/pmza.sk\/?p=56148","name":"Portr\u00e9t prv\u00e9ho kust\u00f3da Eugena Medveck\u00e9ho od V. Krupca je zbierkov\u00fdm predmetom mesiaca m\u00e1j - Pova\u017esk\u00e9 m\u00fazeum","isPartOf":{"@id":"https:\/\/pmza.sk\/#website"},"primaryImageOfPage":{"@id":"https:\/\/pmza.sk\/?p=56148#primaryimage"},"image":{"@id":"https:\/\/pmza.sk\/?p=56148#primaryimage"},"thumbnailUrl":"https:\/\/pmza.sk\/wp-content\/uploads\/2023\/05\/na-web.jpg","datePublished":"2023-05-03T06:37:27+00:00","dateModified":"2023-06-01T09:35:16+00:00","breadcrumb":{"@id":"https:\/\/pmza.sk\/?p=56148#breadcrumb"},"inLanguage":"sk-SK","potentialAction":[{"@type":"ReadAction","target":["https:\/\/pmza.sk\/?p=56148"]}]},{"@type":"ImageObject","inLanguage":"sk-SK","@id":"https:\/\/pmza.sk\/?p=56148#primaryimage","url":"https:\/\/pmza.sk\/wp-content\/uploads\/2023\/05\/na-web.jpg","contentUrl":"https:\/\/pmza.sk\/wp-content\/uploads\/2023\/05\/na-web.jpg","width":1920,"height":2524},{"@type":"BreadcrumbList","@id":"https:\/\/pmza.sk\/?p=56148#breadcrumb","itemListElement":[{"@type":"ListItem","position":1,"name":"Domovsk\u00e1 str\u00e1nka","item":"https:\/\/pmza.sk\/"},{"@type":"ListItem","position":2,"name":"Portr\u00e9t prv\u00e9ho kust\u00f3da Eugena Medveck\u00e9ho od V. Krupca je zbierkov\u00fdm predmetom mesiaca m\u00e1j"}]},{"@type":"WebSite","@id":"https:\/\/pmza.sk\/#website","url":"https:\/\/pmza.sk\/","name":"Pova\u017esk\u00e9 m\u00fazeum","description":"Pova\u017esk\u00e9 m\u00fazeum v \u017diline je region\u00e1lne m\u00fazeum so s\u00eddlom v Budat\u00edne. Jeho expoz\u00edcie s\u00fa zameran\u00e9 na dejiny slovensk\u00e9ho umenia, kult\u00fary a dopravy.","publisher":{"@id":"https:\/\/pmza.sk\/#organization"},"potentialAction":[{"@type":"SearchAction","target":{"@type":"EntryPoint","urlTemplate":"https:\/\/pmza.sk\/?s={search_term_string}"},"query-input":{"@type":"PropertyValueSpecification","valueRequired":true,"valueName":"search_term_string"}}],"inLanguage":"sk-SK"},{"@type":"Organization","@id":"https:\/\/pmza.sk\/#organization","name":"Pova\u017esk\u00e9 m\u00fazeum","url":"https:\/\/pmza.sk\/","logo":{"@type":"ImageObject","inLanguage":"sk-SK","@id":"https:\/\/pmza.sk\/#\/schema\/logo\/image\/","url":"https:\/\/pmza.sk\/wp-content\/uploads\/2022\/01\/logo_PM_horizontal.jpg","contentUrl":"https:\/\/pmza.sk\/wp-content\/uploads\/2022\/01\/logo_PM_horizontal.jpg","width":231,"height":142,"caption":"Pova\u017esk\u00e9 m\u00fazeum"},"image":{"@id":"https:\/\/pmza.sk\/#\/schema\/logo\/image\/"},"sameAs":["https:\/\/www.facebook.com\/povazskemuzeum","https:\/\/www.instagram.com\/povazskemuzeum\/"]},{"@type":"Person","@id":"https:\/\/pmza.sk\/#\/schema\/person\/595e6a2ce731ea94dcd5d7f50a41ae33","name":"Pova\u017esk\u00e9 m\u00fazeum","image":{"@type":"ImageObject","inLanguage":"sk-SK","@id":"https:\/\/secure.gravatar.com\/avatar\/2bb7f1561282132fb5826dfeccc66c7996d11ee392ac6aaf7ced8a1c2027fbb2?s=96&d=mm&r=g","url":"https:\/\/secure.gravatar.com\/avatar\/2bb7f1561282132fb5826dfeccc66c7996d11ee392ac6aaf7ced8a1c2027fbb2?s=96&d=mm&r=g","contentUrl":"https:\/\/secure.gravatar.com\/avatar\/2bb7f1561282132fb5826dfeccc66c7996d11ee392ac6aaf7ced8a1c2027fbb2?s=96&d=mm&r=g","caption":"Pova\u017esk\u00e9 m\u00fazeum"}}]}},"_links":{"self":[{"href":"https:\/\/pmza.sk\/index.php?rest_route=\/wp\/v2\/posts\/56148","targetHints":{"allow":["GET"]}}],"collection":[{"href":"https:\/\/pmza.sk\/index.php?rest_route=\/wp\/v2\/posts"}],"about":[{"href":"https:\/\/pmza.sk\/index.php?rest_route=\/wp\/v2\/types\/post"}],"author":[{"embeddable":true,"href":"https:\/\/pmza.sk\/index.php?rest_route=\/wp\/v2\/users\/2"}],"replies":[{"embeddable":true,"href":"https:\/\/pmza.sk\/index.php?rest_route=%2Fwp%2Fv2%2Fcomments&post=56148"}],"version-history":[{"count":0,"href":"https:\/\/pmza.sk\/index.php?rest_route=\/wp\/v2\/posts\/56148\/revisions"}],"wp:featuredmedia":[{"embeddable":true,"href":"https:\/\/pmza.sk\/index.php?rest_route=\/wp\/v2\/media\/56149"}],"wp:attachment":[{"href":"https:\/\/pmza.sk\/index.php?rest_route=%2Fwp%2Fv2%2Fmedia&parent=56148"}],"wp:term":[{"taxonomy":"category","embeddable":true,"href":"https:\/\/pmza.sk\/index.php?rest_route=%2Fwp%2Fv2%2Fcategories&post=56148"},{"taxonomy":"post_tag","embeddable":true,"href":"https:\/\/pmza.sk\/index.php?rest_route=%2Fwp%2Fv2%2Ftags&post=56148"}],"curies":[{"name":"wp","href":"https:\/\/api.w.org\/{rel}","templated":true}]}}