{"id":56151,"date":"2023-05-03T08:57:18","date_gmt":"2023-05-03T06:57:18","guid":{"rendered":"https:\/\/pmza.sk\/?p=56151"},"modified":"2023-05-09T07:31:19","modified_gmt":"2023-05-09T05:31:19","slug":"den-polskej-kultury-3","status":"publish","type":"post","link":"https:\/\/pmza.sk\/?p=56151","title":{"rendered":"De\u0148 po\u013eskej kult\u00fary"},"content":{"rendered":"<p>V sobotu 6. m\u00e1ja budete m\u00f4c\u0165 op\u00e4\u0165 za\u017ei\u0165 k\u00fasok po\u013eskej kult\u00fary na Slovensku v are\u00e1li Budat\u00ednskeho hradu. Pripraven\u00e1 bude po\u013esk\u00e1 hudba, chutn\u00e9 jedlo aj trad\u00edcie.<\/p>\n<p><strong>Program:<\/strong><\/p>\n<p>P\u00f3dium<\/p>\n<p>14.00 Hudba nepozn\u00e1 hranice<\/p>\n<ul>\n<li>Trio Sempre Dolce (PL)<\/li>\n<li>\u013dH Benick\u00fdch<\/li>\n<li>Mu\u017e\u00e1ci Moravia<\/li>\n<li>Kapela Polana (PL)<\/li>\n<\/ul>\n<p>Pred kaplnkou<\/p>\n<p>14.00 ochutn\u00e1vka po\u013esk\u00fdch \u0161pecial\u00edt<\/p>\n<p>V\u00fdchodn\u00fd pal\u00e1c<\/p>\n<p>11.00 &#8211; 14.00 konferencia Odv\u00e1\u017ene \u017eeny<\/p>\n<p>Viac inform\u00e1ci\u00ed n\u00e1jdete na <a href=\"https:\/\/www.facebook.com\/ozpolonus\/\">https:\/\/www.facebook.com\/ozpolonus\/<\/a><\/p>\n<div class=\"wp-block-image\"><img fetchpriority=\"high\" decoding=\"async\" class=\"alignnone wp-image-56154\" src=\"https:\/\/pmza.sk\/wp-content\/uploads\/2023\/05\/6-Dni-Polskej-Kultury-v-Ziline-5-6-4-2023-Budatinsky-hrad-3-opravene-255x360.png\" alt=\"\" width=\"377\" height=\"533\" srcset=\"https:\/\/pmza.sk\/wp-content\/uploads\/2023\/05\/6-Dni-Polskej-Kultury-v-Ziline-5-6-4-2023-Budatinsky-hrad-3-opravene-255x360.png 255w, https:\/\/pmza.sk\/wp-content\/uploads\/2023\/05\/6-Dni-Polskej-Kultury-v-Ziline-5-6-4-2023-Budatinsky-hrad-3-opravene-520x736.png 520w, https:\/\/pmza.sk\/wp-content\/uploads\/2023\/05\/6-Dni-Polskej-Kultury-v-Ziline-5-6-4-2023-Budatinsky-hrad-3-opravene-768x1086.png 768w, https:\/\/pmza.sk\/wp-content\/uploads\/2023\/05\/6-Dni-Polskej-Kultury-v-Ziline-5-6-4-2023-Budatinsky-hrad-3-opravene-1086x1536.png 1086w, https:\/\/pmza.sk\/wp-content\/uploads\/2023\/05\/6-Dni-Polskej-Kultury-v-Ziline-5-6-4-2023-Budatinsky-hrad-3-opravene-600x849.png 600w, https:\/\/pmza.sk\/wp-content\/uploads\/2023\/05\/6-Dni-Polskej-Kultury-v-Ziline-5-6-4-2023-Budatinsky-hrad-3-opravene.png 1414w\" sizes=\"(max-width: 377px) 100vw, 377px\" \/><\/div>\n<div><\/div>\n<div>\n<div class=\"wp-block-image\"><img decoding=\"async\" class=\"alignnone wp-image-56152\" src=\"https:\/\/pmza.sk\/wp-content\/uploads\/2023\/05\/1-3-255x360.jpg\" alt=\"\" width=\"379\" height=\"535\" srcset=\"https:\/\/pmza.sk\/wp-content\/uploads\/2023\/05\/1-3-255x360.jpg 255w, https:\/\/pmza.sk\/wp-content\/uploads\/2023\/05\/1-3-520x736.jpg 520w, https:\/\/pmza.sk\/wp-content\/uploads\/2023\/05\/1-3-768x1086.jpg 768w, https:\/\/pmza.sk\/wp-content\/uploads\/2023\/05\/1-3-1086x1536.jpg 1086w, https:\/\/pmza.sk\/wp-content\/uploads\/2023\/05\/1-3-600x849.jpg 600w, https:\/\/pmza.sk\/wp-content\/uploads\/2023\/05\/1-3.jpg 1414w\" sizes=\"(max-width: 379px) 100vw, 379px\" \/><\/div>\n<\/div>\n","protected":false},"excerpt":{"rendered":"<p>V sobotu 6. m\u00e1ja budete m\u00f4c\u0165 op\u00e4\u0165 za\u017ei\u0165 k\u00fasok po\u013eskej kult\u00fary na Slovensku v are\u00e1li Budat\u00ednskeho hradu. Pripraven\u00e1 bude po\u013esk\u00e1 hudba, chutn\u00e9 jedlo aj trad\u00edcie. Program: P\u00f3dium 14.00 Hudba nepozn\u00e1 hranice Trio Sempre Dolce (PL) \u013dH Benick\u00fdch Mu\u017e\u00e1ci Moravia Kapela Polana (PL) Pred kaplnkou 14.00 ochutn\u00e1vka po\u013esk\u00fdch \u0161pecial\u00edt V\u00fdchodn\u00fd pal\u00e1c 11.00 &#8211; 14.00 konferencia Odv\u00e1\u017ene [&hellip;]<\/p>\n","protected":false},"author":2,"featured_media":56155,"comment_status":"open","ping_status":"open","sticky":false,"template":"","format":"standard","meta":{"site-sidebar-layout":"default","site-content-layout":"default","ast-site-content-layout":"","site-content-style":"default","site-sidebar-style":"default","ast-global-header-display":"","ast-banner-title-visibility":"","ast-main-header-display":"","ast-hfb-above-header-display":"","ast-hfb-below-header-display":"","ast-hfb-mobile-header-display":"","site-post-title":"","ast-breadcrumbs-content":"","ast-featured-img":"","footer-sml-layout":"","theme-transparent-header-meta":"default","adv-header-id-meta":"","stick-header-meta":"default","header-above-stick-meta":"","header-main-stick-meta":"","header-below-stick-meta":"","astra-migrate-meta-layouts":"default","ast-page-background-enabled":"default","ast-page-background-meta":{"desktop":{"background-color":"var(--ast-global-color-4)","background-image":"","background-repeat":"repeat","background-position":"center center","background-size":"auto","background-attachment":"scroll","background-type":"","background-media":"","overlay-type":"","overlay-color":"","overlay-opacity":"","overlay-gradient":""},"tablet":{"background-color":"","background-image":"","background-repeat":"repeat","background-position":"center center","background-size":"auto","background-attachment":"scroll","background-type":"","background-media":"","overlay-type":"","overlay-color":"","overlay-opacity":"","overlay-gradient":""},"mobile":{"background-color":"","background-image":"","background-repeat":"repeat","background-position":"center center","background-size":"auto","background-attachment":"scroll","background-type":"","background-media":"","overlay-type":"","overlay-color":"","overlay-opacity":"","overlay-gradient":""}},"ast-content-background-meta":{"desktop":{"background-color":"var(--ast-global-color-5)","background-image":"","background-repeat":"repeat","background-position":"center center","background-size":"auto","background-attachment":"scroll","background-type":"","background-media":"","overlay-type":"","overlay-color":"","overlay-opacity":"","overlay-gradient":""},"tablet":{"background-color":"var(--ast-global-color-5)","background-image":"","background-repeat":"repeat","background-position":"center center","background-size":"auto","background-attachment":"scroll","background-type":"","background-media":"","overlay-type":"","overlay-color":"","overlay-opacity":"","overlay-gradient":""},"mobile":{"background-color":"var(--ast-global-color-5)","background-image":"","background-repeat":"repeat","background-position":"center center","background-size":"auto","background-attachment":"scroll","background-type":"","background-media":"","overlay-type":"","overlay-color":"","overlay-opacity":"","overlay-gradient":""}},"footnotes":""},"categories":[71],"tags":[],"class_list":["post-56151","post","type-post","status-publish","format-standard","has-post-thumbnail","hentry","category-podujatia"],"yoast_head":"<!-- This site is optimized with the Yoast SEO plugin v27.4 - https:\/\/yoast.com\/product\/yoast-seo-wordpress\/ -->\n<title>De\u0148 po\u013eskej kult\u00fary - Pova\u017esk\u00e9 m\u00fazeum<\/title>\n<meta name=\"robots\" content=\"index, follow, max-snippet:-1, max-image-preview:large, max-video-preview:-1\" \/>\n<link rel=\"canonical\" href=\"https:\/\/pmza.sk\/?p=56151\" \/>\n<meta property=\"og:locale\" content=\"sk_SK\" \/>\n<meta property=\"og:type\" content=\"article\" \/>\n<meta property=\"og:title\" content=\"De\u0148 po\u013eskej kult\u00fary - Pova\u017esk\u00e9 m\u00fazeum\" \/>\n<meta property=\"og:description\" content=\"V sobotu 6. m\u00e1ja budete m\u00f4c\u0165 op\u00e4\u0165 za\u017ei\u0165 k\u00fasok po\u013eskej kult\u00fary na Slovensku v are\u00e1li Budat\u00ednskeho hradu. Pripraven\u00e1 bude po\u013esk\u00e1 hudba, chutn\u00e9 jedlo aj trad\u00edcie. Program: P\u00f3dium 14.00 Hudba nepozn\u00e1 hranice Trio Sempre Dolce (PL) \u013dH Benick\u00fdch Mu\u017e\u00e1ci Moravia Kapela Polana (PL) Pred kaplnkou 14.00 ochutn\u00e1vka po\u013esk\u00fdch \u0161pecial\u00edt V\u00fdchodn\u00fd pal\u00e1c 11.00 &#8211; 14.00 konferencia Odv\u00e1\u017ene [&hellip;]\" \/>\n<meta property=\"og:url\" content=\"https:\/\/pmza.sk\/?p=56151\" \/>\n<meta property=\"og:site_name\" content=\"Pova\u017esk\u00e9 m\u00fazeum\" \/>\n<meta property=\"article:publisher\" content=\"https:\/\/www.facebook.com\/povazskemuzeum\" \/>\n<meta property=\"article:published_time\" content=\"2023-05-03T06:57:18+00:00\" \/>\n<meta property=\"article:modified_time\" content=\"2023-05-09T05:31:19+00:00\" \/>\n<meta property=\"og:image\" content=\"https:\/\/pmza.sk\/wp-content\/uploads\/2023\/05\/20220723_141818.jpg\" \/>\n\t<meta property=\"og:image:width\" content=\"1280\" \/>\n\t<meta property=\"og:image:height\" content=\"960\" \/>\n\t<meta property=\"og:image:type\" content=\"image\/jpeg\" \/>\n<meta name=\"author\" content=\"Pova\u017esk\u00e9 m\u00fazeum\" \/>\n<meta name=\"twitter:card\" content=\"summary_large_image\" \/>\n<meta name=\"twitter:label1\" content=\"Autor\" \/>\n\t<meta name=\"twitter:data1\" content=\"Pova\u017esk\u00e9 m\u00fazeum\" \/>\n<script type=\"application\/ld+json\" class=\"yoast-schema-graph\">{\"@context\":\"https:\\\/\\\/schema.org\",\"@graph\":[{\"@type\":\"Article\",\"@id\":\"https:\\\/\\\/pmza.sk\\\/?p=56151#article\",\"isPartOf\":{\"@id\":\"https:\\\/\\\/pmza.sk\\\/?p=56151\"},\"author\":{\"name\":\"Pova\u017esk\u00e9 m\u00fazeum\",\"@id\":\"https:\\\/\\\/pmza.sk\\\/#\\\/schema\\\/person\\\/595e6a2ce731ea94dcd5d7f50a41ae33\"},\"headline\":\"De\u0148 po\u013eskej kult\u00fary\",\"datePublished\":\"2023-05-03T06:57:18+00:00\",\"dateModified\":\"2023-05-09T05:31:19+00:00\",\"mainEntityOfPage\":{\"@id\":\"https:\\\/\\\/pmza.sk\\\/?p=56151\"},\"wordCount\":87,\"commentCount\":0,\"publisher\":{\"@id\":\"https:\\\/\\\/pmza.sk\\\/#organization\"},\"image\":{\"@id\":\"https:\\\/\\\/pmza.sk\\\/?p=56151#primaryimage\"},\"thumbnailUrl\":\"https:\\\/\\\/pmza.sk\\\/wp-content\\\/uploads\\\/2023\\\/05\\\/20220723_141818.jpg\",\"articleSection\":[\"Podujatia\"],\"inLanguage\":\"sk-SK\"},{\"@type\":\"WebPage\",\"@id\":\"https:\\\/\\\/pmza.sk\\\/?p=56151\",\"url\":\"https:\\\/\\\/pmza.sk\\\/?p=56151\",\"name\":\"De\u0148 po\u013eskej kult\u00fary - Pova\u017esk\u00e9 m\u00fazeum\",\"isPartOf\":{\"@id\":\"https:\\\/\\\/pmza.sk\\\/#website\"},\"primaryImageOfPage\":{\"@id\":\"https:\\\/\\\/pmza.sk\\\/?p=56151#primaryimage\"},\"image\":{\"@id\":\"https:\\\/\\\/pmza.sk\\\/?p=56151#primaryimage\"},\"thumbnailUrl\":\"https:\\\/\\\/pmza.sk\\\/wp-content\\\/uploads\\\/2023\\\/05\\\/20220723_141818.jpg\",\"datePublished\":\"2023-05-03T06:57:18+00:00\",\"dateModified\":\"2023-05-09T05:31:19+00:00\",\"breadcrumb\":{\"@id\":\"https:\\\/\\\/pmza.sk\\\/?p=56151#breadcrumb\"},\"inLanguage\":\"sk-SK\",\"potentialAction\":[{\"@type\":\"ReadAction\",\"target\":[\"https:\\\/\\\/pmza.sk\\\/?p=56151\"]}]},{\"@type\":\"ImageObject\",\"inLanguage\":\"sk-SK\",\"@id\":\"https:\\\/\\\/pmza.sk\\\/?p=56151#primaryimage\",\"url\":\"https:\\\/\\\/pmza.sk\\\/wp-content\\\/uploads\\\/2023\\\/05\\\/20220723_141818.jpg\",\"contentUrl\":\"https:\\\/\\\/pmza.sk\\\/wp-content\\\/uploads\\\/2023\\\/05\\\/20220723_141818.jpg\",\"width\":1280,\"height\":960},{\"@type\":\"BreadcrumbList\",\"@id\":\"https:\\\/\\\/pmza.sk\\\/?p=56151#breadcrumb\",\"itemListElement\":[{\"@type\":\"ListItem\",\"position\":1,\"name\":\"Domovsk\u00e1 str\u00e1nka\",\"item\":\"https:\\\/\\\/pmza.sk\\\/\"},{\"@type\":\"ListItem\",\"position\":2,\"name\":\"De\u0148 po\u013eskej kult\u00fary\"}]},{\"@type\":\"WebSite\",\"@id\":\"https:\\\/\\\/pmza.sk\\\/#website\",\"url\":\"https:\\\/\\\/pmza.sk\\\/\",\"name\":\"Pova\u017esk\u00e9 m\u00fazeum\",\"description\":\"Pova\u017esk\u00e9 m\u00fazeum v \u017diline je region\u00e1lne m\u00fazeum so s\u00eddlom v Budat\u00edne. Jeho expoz\u00edcie s\u00fa zameran\u00e9 na dejiny slovensk\u00e9ho umenia, kult\u00fary a dopravy.\",\"publisher\":{\"@id\":\"https:\\\/\\\/pmza.sk\\\/#organization\"},\"potentialAction\":[{\"@type\":\"SearchAction\",\"target\":{\"@type\":\"EntryPoint\",\"urlTemplate\":\"https:\\\/\\\/pmza.sk\\\/?s={search_term_string}\"},\"query-input\":{\"@type\":\"PropertyValueSpecification\",\"valueRequired\":true,\"valueName\":\"search_term_string\"}}],\"inLanguage\":\"sk-SK\"},{\"@type\":\"Organization\",\"@id\":\"https:\\\/\\\/pmza.sk\\\/#organization\",\"name\":\"Pova\u017esk\u00e9 m\u00fazeum\",\"url\":\"https:\\\/\\\/pmza.sk\\\/\",\"logo\":{\"@type\":\"ImageObject\",\"inLanguage\":\"sk-SK\",\"@id\":\"https:\\\/\\\/pmza.sk\\\/#\\\/schema\\\/logo\\\/image\\\/\",\"url\":\"https:\\\/\\\/pmza.sk\\\/wp-content\\\/uploads\\\/2022\\\/01\\\/logo_PM_horizontal.jpg\",\"contentUrl\":\"https:\\\/\\\/pmza.sk\\\/wp-content\\\/uploads\\\/2022\\\/01\\\/logo_PM_horizontal.jpg\",\"width\":231,\"height\":142,\"caption\":\"Pova\u017esk\u00e9 m\u00fazeum\"},\"image\":{\"@id\":\"https:\\\/\\\/pmza.sk\\\/#\\\/schema\\\/logo\\\/image\\\/\"},\"sameAs\":[\"https:\\\/\\\/www.facebook.com\\\/povazskemuzeum\",\"https:\\\/\\\/www.instagram.com\\\/povazskemuzeum\\\/\"]},{\"@type\":\"Person\",\"@id\":\"https:\\\/\\\/pmza.sk\\\/#\\\/schema\\\/person\\\/595e6a2ce731ea94dcd5d7f50a41ae33\",\"name\":\"Pova\u017esk\u00e9 m\u00fazeum\",\"image\":{\"@type\":\"ImageObject\",\"inLanguage\":\"sk-SK\",\"@id\":\"https:\\\/\\\/secure.gravatar.com\\\/avatar\\\/2bb7f1561282132fb5826dfeccc66c7996d11ee392ac6aaf7ced8a1c2027fbb2?s=96&d=mm&r=g\",\"url\":\"https:\\\/\\\/secure.gravatar.com\\\/avatar\\\/2bb7f1561282132fb5826dfeccc66c7996d11ee392ac6aaf7ced8a1c2027fbb2?s=96&d=mm&r=g\",\"contentUrl\":\"https:\\\/\\\/secure.gravatar.com\\\/avatar\\\/2bb7f1561282132fb5826dfeccc66c7996d11ee392ac6aaf7ced8a1c2027fbb2?s=96&d=mm&r=g\",\"caption\":\"Pova\u017esk\u00e9 m\u00fazeum\"}}]}<\/script>\n<!-- \/ Yoast SEO plugin. -->","yoast_head_json":{"title":"De\u0148 po\u013eskej kult\u00fary - Pova\u017esk\u00e9 m\u00fazeum","robots":{"index":"index","follow":"follow","max-snippet":"max-snippet:-1","max-image-preview":"max-image-preview:large","max-video-preview":"max-video-preview:-1"},"canonical":"https:\/\/pmza.sk\/?p=56151","og_locale":"sk_SK","og_type":"article","og_title":"De\u0148 po\u013eskej kult\u00fary - Pova\u017esk\u00e9 m\u00fazeum","og_description":"V sobotu 6. m\u00e1ja budete m\u00f4c\u0165 op\u00e4\u0165 za\u017ei\u0165 k\u00fasok po\u013eskej kult\u00fary na Slovensku v are\u00e1li Budat\u00ednskeho hradu. Pripraven\u00e1 bude po\u013esk\u00e1 hudba, chutn\u00e9 jedlo aj trad\u00edcie. Program: P\u00f3dium 14.00 Hudba nepozn\u00e1 hranice Trio Sempre Dolce (PL) \u013dH Benick\u00fdch Mu\u017e\u00e1ci Moravia Kapela Polana (PL) Pred kaplnkou 14.00 ochutn\u00e1vka po\u013esk\u00fdch \u0161pecial\u00edt V\u00fdchodn\u00fd pal\u00e1c 11.00 &#8211; 14.00 konferencia Odv\u00e1\u017ene [&hellip;]","og_url":"https:\/\/pmza.sk\/?p=56151","og_site_name":"Pova\u017esk\u00e9 m\u00fazeum","article_publisher":"https:\/\/www.facebook.com\/povazskemuzeum","article_published_time":"2023-05-03T06:57:18+00:00","article_modified_time":"2023-05-09T05:31:19+00:00","og_image":[{"width":1280,"height":960,"url":"https:\/\/pmza.sk\/wp-content\/uploads\/2023\/05\/20220723_141818.jpg","type":"image\/jpeg"}],"author":"Pova\u017esk\u00e9 m\u00fazeum","twitter_card":"summary_large_image","twitter_misc":{"Autor":"Pova\u017esk\u00e9 m\u00fazeum"},"schema":{"@context":"https:\/\/schema.org","@graph":[{"@type":"Article","@id":"https:\/\/pmza.sk\/?p=56151#article","isPartOf":{"@id":"https:\/\/pmza.sk\/?p=56151"},"author":{"name":"Pova\u017esk\u00e9 m\u00fazeum","@id":"https:\/\/pmza.sk\/#\/schema\/person\/595e6a2ce731ea94dcd5d7f50a41ae33"},"headline":"De\u0148 po\u013eskej kult\u00fary","datePublished":"2023-05-03T06:57:18+00:00","dateModified":"2023-05-09T05:31:19+00:00","mainEntityOfPage":{"@id":"https:\/\/pmza.sk\/?p=56151"},"wordCount":87,"commentCount":0,"publisher":{"@id":"https:\/\/pmza.sk\/#organization"},"image":{"@id":"https:\/\/pmza.sk\/?p=56151#primaryimage"},"thumbnailUrl":"https:\/\/pmza.sk\/wp-content\/uploads\/2023\/05\/20220723_141818.jpg","articleSection":["Podujatia"],"inLanguage":"sk-SK"},{"@type":"WebPage","@id":"https:\/\/pmza.sk\/?p=56151","url":"https:\/\/pmza.sk\/?p=56151","name":"De\u0148 po\u013eskej kult\u00fary - Pova\u017esk\u00e9 m\u00fazeum","isPartOf":{"@id":"https:\/\/pmza.sk\/#website"},"primaryImageOfPage":{"@id":"https:\/\/pmza.sk\/?p=56151#primaryimage"},"image":{"@id":"https:\/\/pmza.sk\/?p=56151#primaryimage"},"thumbnailUrl":"https:\/\/pmza.sk\/wp-content\/uploads\/2023\/05\/20220723_141818.jpg","datePublished":"2023-05-03T06:57:18+00:00","dateModified":"2023-05-09T05:31:19+00:00","breadcrumb":{"@id":"https:\/\/pmza.sk\/?p=56151#breadcrumb"},"inLanguage":"sk-SK","potentialAction":[{"@type":"ReadAction","target":["https:\/\/pmza.sk\/?p=56151"]}]},{"@type":"ImageObject","inLanguage":"sk-SK","@id":"https:\/\/pmza.sk\/?p=56151#primaryimage","url":"https:\/\/pmza.sk\/wp-content\/uploads\/2023\/05\/20220723_141818.jpg","contentUrl":"https:\/\/pmza.sk\/wp-content\/uploads\/2023\/05\/20220723_141818.jpg","width":1280,"height":960},{"@type":"BreadcrumbList","@id":"https:\/\/pmza.sk\/?p=56151#breadcrumb","itemListElement":[{"@type":"ListItem","position":1,"name":"Domovsk\u00e1 str\u00e1nka","item":"https:\/\/pmza.sk\/"},{"@type":"ListItem","position":2,"name":"De\u0148 po\u013eskej kult\u00fary"}]},{"@type":"WebSite","@id":"https:\/\/pmza.sk\/#website","url":"https:\/\/pmza.sk\/","name":"Pova\u017esk\u00e9 m\u00fazeum","description":"Pova\u017esk\u00e9 m\u00fazeum v \u017diline je region\u00e1lne m\u00fazeum so s\u00eddlom v Budat\u00edne. Jeho expoz\u00edcie s\u00fa zameran\u00e9 na dejiny slovensk\u00e9ho umenia, kult\u00fary a dopravy.","publisher":{"@id":"https:\/\/pmza.sk\/#organization"},"potentialAction":[{"@type":"SearchAction","target":{"@type":"EntryPoint","urlTemplate":"https:\/\/pmza.sk\/?s={search_term_string}"},"query-input":{"@type":"PropertyValueSpecification","valueRequired":true,"valueName":"search_term_string"}}],"inLanguage":"sk-SK"},{"@type":"Organization","@id":"https:\/\/pmza.sk\/#organization","name":"Pova\u017esk\u00e9 m\u00fazeum","url":"https:\/\/pmza.sk\/","logo":{"@type":"ImageObject","inLanguage":"sk-SK","@id":"https:\/\/pmza.sk\/#\/schema\/logo\/image\/","url":"https:\/\/pmza.sk\/wp-content\/uploads\/2022\/01\/logo_PM_horizontal.jpg","contentUrl":"https:\/\/pmza.sk\/wp-content\/uploads\/2022\/01\/logo_PM_horizontal.jpg","width":231,"height":142,"caption":"Pova\u017esk\u00e9 m\u00fazeum"},"image":{"@id":"https:\/\/pmza.sk\/#\/schema\/logo\/image\/"},"sameAs":["https:\/\/www.facebook.com\/povazskemuzeum","https:\/\/www.instagram.com\/povazskemuzeum\/"]},{"@type":"Person","@id":"https:\/\/pmza.sk\/#\/schema\/person\/595e6a2ce731ea94dcd5d7f50a41ae33","name":"Pova\u017esk\u00e9 m\u00fazeum","image":{"@type":"ImageObject","inLanguage":"sk-SK","@id":"https:\/\/secure.gravatar.com\/avatar\/2bb7f1561282132fb5826dfeccc66c7996d11ee392ac6aaf7ced8a1c2027fbb2?s=96&d=mm&r=g","url":"https:\/\/secure.gravatar.com\/avatar\/2bb7f1561282132fb5826dfeccc66c7996d11ee392ac6aaf7ced8a1c2027fbb2?s=96&d=mm&r=g","contentUrl":"https:\/\/secure.gravatar.com\/avatar\/2bb7f1561282132fb5826dfeccc66c7996d11ee392ac6aaf7ced8a1c2027fbb2?s=96&d=mm&r=g","caption":"Pova\u017esk\u00e9 m\u00fazeum"}}]}},"_links":{"self":[{"href":"https:\/\/pmza.sk\/index.php?rest_route=\/wp\/v2\/posts\/56151","targetHints":{"allow":["GET"]}}],"collection":[{"href":"https:\/\/pmza.sk\/index.php?rest_route=\/wp\/v2\/posts"}],"about":[{"href":"https:\/\/pmza.sk\/index.php?rest_route=\/wp\/v2\/types\/post"}],"author":[{"embeddable":true,"href":"https:\/\/pmza.sk\/index.php?rest_route=\/wp\/v2\/users\/2"}],"replies":[{"embeddable":true,"href":"https:\/\/pmza.sk\/index.php?rest_route=%2Fwp%2Fv2%2Fcomments&post=56151"}],"version-history":[{"count":0,"href":"https:\/\/pmza.sk\/index.php?rest_route=\/wp\/v2\/posts\/56151\/revisions"}],"wp:featuredmedia":[{"embeddable":true,"href":"https:\/\/pmza.sk\/index.php?rest_route=\/wp\/v2\/media\/56155"}],"wp:attachment":[{"href":"https:\/\/pmza.sk\/index.php?rest_route=%2Fwp%2Fv2%2Fmedia&parent=56151"}],"wp:term":[{"taxonomy":"category","embeddable":true,"href":"https:\/\/pmza.sk\/index.php?rest_route=%2Fwp%2Fv2%2Fcategories&post=56151"},{"taxonomy":"post_tag","embeddable":true,"href":"https:\/\/pmza.sk\/index.php?rest_route=%2Fwp%2Fv2%2Ftags&post=56151"}],"curies":[{"name":"wp","href":"https:\/\/api.w.org\/{rel}","templated":true}]}}