{"id":56177,"date":"2023-05-04T09:13:19","date_gmt":"2023-05-04T07:13:19","guid":{"rendered":"https:\/\/pmza.sk\/?p=56177"},"modified":"2023-05-26T12:47:32","modified_gmt":"2023-05-26T10:47:32","slug":"muzeum-pre-vas-co-ukryva-krypta-pod-katedralou-najsvatejsej-trojice","status":"publish","type":"post","link":"https:\/\/pmza.sk\/?p=56177","title":{"rendered":"M\u00fazeum pre V\u00e1s: \u010co ukr\u00fdva krypta pod Katedr\u00e1lou Najsv\u00e4tej\u0161ej Trojice"},"content":{"rendered":"<p>M\u00e1jov\u00e9 podujatie z\u00a0cyklu M\u00fazeum pre V\u00e1s bude venovan\u00e9 milovn\u00edkom archeol\u00f3gie a hist\u00f3rie. Katedr\u00e1la Najsv\u00e4tej\u0161ej Trojice, sk\u00f4r naz\u00fdvan\u00e1 Farsk\u00fd kostol je jedn\u00fdm z\u00a0najv\u00fdznamnej\u0161\u00edch historick\u00fdch sakr\u00e1lnych objektov v\u00a0meste \u017dilina. V\u00a0m\u00e1ji roku 2020, po\u010das obnovy exteri\u00e9ru kostola, bola objaven\u00e1 krypta. Nach\u00e1dzalo sa v\u00a0nej ve\u013ek\u00e9 mno\u017estvo \u013eudsk\u00fdch kostrov\u00fdch pozostatkov (cca 90 m3), hliny a dreven\u00fdch hobl\u00edn. Objaven\u00e9 archeologick\u00e9 n\u00e1lezy pod\u00e1vaj\u00fa svedectvo o\u00a0\u017eivote \u017eilinsk\u00e9ho obyvate\u013estva v\u00a0minulosti. Niektor\u00e9 unik\u00e1tne artefakty s\u00fa mimoriadne vz\u00e1cne. Doposia\u013e sa uskuto\u010dnili tri v\u00fdskumn\u00e9 sez\u00f3ny, v\u00a0letn\u00fdch mesiacoch 2023 bude v\u00fdskum pokra\u010dova\u0165 \u0161tvrtou etapou.<\/p>\n<p>Predn\u00e1\u0161ku s\u00a0prezent\u00e1ciou o\u00a0objave krypty a zauj\u00edmav\u00fdch zisteniach bude vies\u0165 archeologi\u010dka Pova\u017esk\u00e9ho m\u00fazea Mgr. Andrea Slan\u00e1, PhD. a\u00a0uskuto\u010dn\u00ed sa 25. m\u00e1ja o\u00a016.00 na Budat\u00ednskom hrade.<\/p>\n<p><strong>Vstupn\u00e9:<\/strong> 2 \u20ac \/ osoba, deti do 6 rokov zdarma<\/p>\n<p>Po\u010det miest je obmedzen\u00fd, preto je vhodn\u00e9 sa vopred objedna\u0165 na tel. \u010d. 0907 108 659.<\/p>\n<div class=\"wp-block-image\"><img fetchpriority=\"high\" decoding=\"async\" class=\"alignnone size-medium wp-image-56171\" src=\"https:\/\/pmza.sk\/wp-content\/uploads\/2023\/05\/Krypta_K1-255x360.jpg\" alt=\"\" width=\"255\" height=\"360\" srcset=\"https:\/\/pmza.sk\/wp-content\/uploads\/2023\/05\/Krypta_K1-255x360.jpg 255w, https:\/\/pmza.sk\/wp-content\/uploads\/2023\/05\/Krypta_K1-520x736.jpg 520w, https:\/\/pmza.sk\/wp-content\/uploads\/2023\/05\/Krypta_K1-768x1086.jpg 768w, https:\/\/pmza.sk\/wp-content\/uploads\/2023\/05\/Krypta_K1-1086x1536.jpg 1086w, https:\/\/pmza.sk\/wp-content\/uploads\/2023\/05\/Krypta_K1-1448x2048.jpg 1448w, https:\/\/pmza.sk\/wp-content\/uploads\/2023\/05\/Krypta_K1-600x849.jpg 600w, https:\/\/pmza.sk\/wp-content\/uploads\/2023\/05\/Krypta_K1-scaled.jpg 1810w\" sizes=\"(max-width: 255px) 100vw, 255px\" \/><\/div>\n<div><\/div>\n<div>Plag\u00e1t v plnej ve\u013ekosti <a href=\"https:\/\/pmza.sk\/wp-content\/uploads\/2023\/05\/Krypta_K1.pdf\">TU<\/a><\/div>\n","protected":false},"excerpt":{"rendered":"<p>M\u00e1jov\u00e9 podujatie z\u00a0cyklu M\u00fazeum pre V\u00e1s bude venovan\u00e9 milovn\u00edkom archeol\u00f3gie a hist\u00f3rie. Katedr\u00e1la Najsv\u00e4tej\u0161ej Trojice, sk\u00f4r naz\u00fdvan\u00e1 Farsk\u00fd kostol je jedn\u00fdm z\u00a0najv\u00fdznamnej\u0161\u00edch historick\u00fdch sakr\u00e1lnych objektov v\u00a0meste \u017dilina. V\u00a0m\u00e1ji roku 2020, po\u010das obnovy exteri\u00e9ru kostola, bola objaven\u00e1 krypta. Nach\u00e1dzalo sa v\u00a0nej ve\u013ek\u00e9 mno\u017estvo \u013eudsk\u00fdch kostrov\u00fdch pozostatkov (cca 90 m3), hliny a dreven\u00fdch hobl\u00edn. Objaven\u00e9 archeologick\u00e9 n\u00e1lezy [&hellip;]<\/p>\n","protected":false},"author":2,"featured_media":56173,"comment_status":"open","ping_status":"open","sticky":false,"template":"","format":"standard","meta":{"site-sidebar-layout":"default","site-content-layout":"default","ast-site-content-layout":"","site-content-style":"default","site-sidebar-style":"default","ast-global-header-display":"","ast-banner-title-visibility":"","ast-main-header-display":"","ast-hfb-above-header-display":"","ast-hfb-below-header-display":"","ast-hfb-mobile-header-display":"","site-post-title":"","ast-breadcrumbs-content":"","ast-featured-img":"","footer-sml-layout":"","theme-transparent-header-meta":"default","adv-header-id-meta":"","stick-header-meta":"default","header-above-stick-meta":"","header-main-stick-meta":"","header-below-stick-meta":"","astra-migrate-meta-layouts":"default","ast-page-background-enabled":"default","ast-page-background-meta":{"desktop":{"background-color":"var(--ast-global-color-4)","background-image":"","background-repeat":"repeat","background-position":"center center","background-size":"auto","background-attachment":"scroll","background-type":"","background-media":"","overlay-type":"","overlay-color":"","overlay-opacity":"","overlay-gradient":""},"tablet":{"background-color":"","background-image":"","background-repeat":"repeat","background-position":"center center","background-size":"auto","background-attachment":"scroll","background-type":"","background-media":"","overlay-type":"","overlay-color":"","overlay-opacity":"","overlay-gradient":""},"mobile":{"background-color":"","background-image":"","background-repeat":"repeat","background-position":"center center","background-size":"auto","background-attachment":"scroll","background-type":"","background-media":"","overlay-type":"","overlay-color":"","overlay-opacity":"","overlay-gradient":""}},"ast-content-background-meta":{"desktop":{"background-color":"var(--ast-global-color-5)","background-image":"","background-repeat":"repeat","background-position":"center center","background-size":"auto","background-attachment":"scroll","background-type":"","background-media":"","overlay-type":"","overlay-color":"","overlay-opacity":"","overlay-gradient":""},"tablet":{"background-color":"var(--ast-global-color-5)","background-image":"","background-repeat":"repeat","background-position":"center center","background-size":"auto","background-attachment":"scroll","background-type":"","background-media":"","overlay-type":"","overlay-color":"","overlay-opacity":"","overlay-gradient":""},"mobile":{"background-color":"var(--ast-global-color-5)","background-image":"","background-repeat":"repeat","background-position":"center center","background-size":"auto","background-attachment":"scroll","background-type":"","background-media":"","overlay-type":"","overlay-color":"","overlay-opacity":"","overlay-gradient":""}},"footnotes":""},"categories":[71],"tags":[],"class_list":["post-56177","post","type-post","status-publish","format-standard","has-post-thumbnail","hentry","category-podujatia"],"yoast_head":"<!-- This site is optimized with the Yoast SEO plugin v27.4 - https:\/\/yoast.com\/product\/yoast-seo-wordpress\/ -->\n<title>M\u00fazeum pre V\u00e1s: \u010co ukr\u00fdva krypta pod Katedr\u00e1lou Najsv\u00e4tej\u0161ej Trojice - Pova\u017esk\u00e9 m\u00fazeum<\/title>\n<meta name=\"robots\" content=\"index, follow, max-snippet:-1, max-image-preview:large, max-video-preview:-1\" \/>\n<link rel=\"canonical\" href=\"https:\/\/pmza.sk\/?p=56177\" \/>\n<meta property=\"og:locale\" content=\"sk_SK\" \/>\n<meta property=\"og:type\" content=\"article\" \/>\n<meta property=\"og:title\" content=\"M\u00fazeum pre V\u00e1s: \u010co ukr\u00fdva krypta pod Katedr\u00e1lou Najsv\u00e4tej\u0161ej Trojice - Pova\u017esk\u00e9 m\u00fazeum\" \/>\n<meta property=\"og:description\" content=\"M\u00e1jov\u00e9 podujatie z\u00a0cyklu M\u00fazeum pre V\u00e1s bude venovan\u00e9 milovn\u00edkom archeol\u00f3gie a hist\u00f3rie. Katedr\u00e1la Najsv\u00e4tej\u0161ej Trojice, sk\u00f4r naz\u00fdvan\u00e1 Farsk\u00fd kostol je jedn\u00fdm z\u00a0najv\u00fdznamnej\u0161\u00edch historick\u00fdch sakr\u00e1lnych objektov v\u00a0meste \u017dilina. V\u00a0m\u00e1ji roku 2020, po\u010das obnovy exteri\u00e9ru kostola, bola objaven\u00e1 krypta. Nach\u00e1dzalo sa v\u00a0nej ve\u013ek\u00e9 mno\u017estvo \u013eudsk\u00fdch kostrov\u00fdch pozostatkov (cca 90 m3), hliny a dreven\u00fdch hobl\u00edn. Objaven\u00e9 archeologick\u00e9 n\u00e1lezy [&hellip;]\" \/>\n<meta property=\"og:url\" content=\"https:\/\/pmza.sk\/?p=56177\" \/>\n<meta property=\"og:site_name\" content=\"Pova\u017esk\u00e9 m\u00fazeum\" \/>\n<meta property=\"article:publisher\" content=\"https:\/\/www.facebook.com\/povazskemuzeum\" \/>\n<meta property=\"article:published_time\" content=\"2023-05-04T07:13:19+00:00\" \/>\n<meta property=\"article:modified_time\" content=\"2023-05-26T10:47:32+00:00\" \/>\n<meta property=\"og:image\" content=\"https:\/\/pmza.sk\/wp-content\/uploads\/2023\/05\/Krypta_web-scaled.jpg\" \/>\n\t<meta property=\"og:image:width\" content=\"2560\" \/>\n\t<meta property=\"og:image:height\" content=\"2560\" \/>\n\t<meta property=\"og:image:type\" content=\"image\/jpeg\" \/>\n<meta name=\"author\" content=\"Pova\u017esk\u00e9 m\u00fazeum\" \/>\n<meta name=\"twitter:card\" content=\"summary_large_image\" \/>\n<meta name=\"twitter:label1\" content=\"Autor\" \/>\n\t<meta name=\"twitter:data1\" content=\"Pova\u017esk\u00e9 m\u00fazeum\" \/>\n\t<meta name=\"twitter:label2\" content=\"Predpokladan\u00fd \u010das \u010d\u00edtania\" \/>\n\t<meta name=\"twitter:data2\" content=\"1 min\u00fata\" \/>\n<script type=\"application\/ld+json\" class=\"yoast-schema-graph\">{\"@context\":\"https:\\\/\\\/schema.org\",\"@graph\":[{\"@type\":\"Article\",\"@id\":\"https:\\\/\\\/pmza.sk\\\/?p=56177#article\",\"isPartOf\":{\"@id\":\"https:\\\/\\\/pmza.sk\\\/?p=56177\"},\"author\":{\"name\":\"Pova\u017esk\u00e9 m\u00fazeum\",\"@id\":\"https:\\\/\\\/pmza.sk\\\/#\\\/schema\\\/person\\\/595e6a2ce731ea94dcd5d7f50a41ae33\"},\"headline\":\"M\u00fazeum pre V\u00e1s: \u010co ukr\u00fdva krypta pod Katedr\u00e1lou Najsv\u00e4tej\u0161ej Trojice\",\"datePublished\":\"2023-05-04T07:13:19+00:00\",\"dateModified\":\"2023-05-26T10:47:32+00:00\",\"mainEntityOfPage\":{\"@id\":\"https:\\\/\\\/pmza.sk\\\/?p=56177\"},\"wordCount\":203,\"commentCount\":0,\"publisher\":{\"@id\":\"https:\\\/\\\/pmza.sk\\\/#organization\"},\"image\":{\"@id\":\"https:\\\/\\\/pmza.sk\\\/?p=56177#primaryimage\"},\"thumbnailUrl\":\"https:\\\/\\\/pmza.sk\\\/wp-content\\\/uploads\\\/2023\\\/05\\\/Krypta_web-scaled.jpg\",\"articleSection\":[\"Podujatia\"],\"inLanguage\":\"sk-SK\"},{\"@type\":\"WebPage\",\"@id\":\"https:\\\/\\\/pmza.sk\\\/?p=56177\",\"url\":\"https:\\\/\\\/pmza.sk\\\/?p=56177\",\"name\":\"M\u00fazeum pre V\u00e1s: \u010co ukr\u00fdva krypta pod Katedr\u00e1lou Najsv\u00e4tej\u0161ej Trojice - Pova\u017esk\u00e9 m\u00fazeum\",\"isPartOf\":{\"@id\":\"https:\\\/\\\/pmza.sk\\\/#website\"},\"primaryImageOfPage\":{\"@id\":\"https:\\\/\\\/pmza.sk\\\/?p=56177#primaryimage\"},\"image\":{\"@id\":\"https:\\\/\\\/pmza.sk\\\/?p=56177#primaryimage\"},\"thumbnailUrl\":\"https:\\\/\\\/pmza.sk\\\/wp-content\\\/uploads\\\/2023\\\/05\\\/Krypta_web-scaled.jpg\",\"datePublished\":\"2023-05-04T07:13:19+00:00\",\"dateModified\":\"2023-05-26T10:47:32+00:00\",\"breadcrumb\":{\"@id\":\"https:\\\/\\\/pmza.sk\\\/?p=56177#breadcrumb\"},\"inLanguage\":\"sk-SK\",\"potentialAction\":[{\"@type\":\"ReadAction\",\"target\":[\"https:\\\/\\\/pmza.sk\\\/?p=56177\"]}]},{\"@type\":\"ImageObject\",\"inLanguage\":\"sk-SK\",\"@id\":\"https:\\\/\\\/pmza.sk\\\/?p=56177#primaryimage\",\"url\":\"https:\\\/\\\/pmza.sk\\\/wp-content\\\/uploads\\\/2023\\\/05\\\/Krypta_web-scaled.jpg\",\"contentUrl\":\"https:\\\/\\\/pmza.sk\\\/wp-content\\\/uploads\\\/2023\\\/05\\\/Krypta_web-scaled.jpg\",\"width\":2560,\"height\":2560},{\"@type\":\"BreadcrumbList\",\"@id\":\"https:\\\/\\\/pmza.sk\\\/?p=56177#breadcrumb\",\"itemListElement\":[{\"@type\":\"ListItem\",\"position\":1,\"name\":\"Domovsk\u00e1 str\u00e1nka\",\"item\":\"https:\\\/\\\/pmza.sk\\\/\"},{\"@type\":\"ListItem\",\"position\":2,\"name\":\"M\u00fazeum pre V\u00e1s: \u010co ukr\u00fdva krypta pod Katedr\u00e1lou Najsv\u00e4tej\u0161ej Trojice\"}]},{\"@type\":\"WebSite\",\"@id\":\"https:\\\/\\\/pmza.sk\\\/#website\",\"url\":\"https:\\\/\\\/pmza.sk\\\/\",\"name\":\"Pova\u017esk\u00e9 m\u00fazeum\",\"description\":\"Pova\u017esk\u00e9 m\u00fazeum v \u017diline je region\u00e1lne m\u00fazeum so s\u00eddlom v Budat\u00edne. Jeho expoz\u00edcie s\u00fa zameran\u00e9 na dejiny slovensk\u00e9ho umenia, kult\u00fary a dopravy.\",\"publisher\":{\"@id\":\"https:\\\/\\\/pmza.sk\\\/#organization\"},\"potentialAction\":[{\"@type\":\"SearchAction\",\"target\":{\"@type\":\"EntryPoint\",\"urlTemplate\":\"https:\\\/\\\/pmza.sk\\\/?s={search_term_string}\"},\"query-input\":{\"@type\":\"PropertyValueSpecification\",\"valueRequired\":true,\"valueName\":\"search_term_string\"}}],\"inLanguage\":\"sk-SK\"},{\"@type\":\"Organization\",\"@id\":\"https:\\\/\\\/pmza.sk\\\/#organization\",\"name\":\"Pova\u017esk\u00e9 m\u00fazeum\",\"url\":\"https:\\\/\\\/pmza.sk\\\/\",\"logo\":{\"@type\":\"ImageObject\",\"inLanguage\":\"sk-SK\",\"@id\":\"https:\\\/\\\/pmza.sk\\\/#\\\/schema\\\/logo\\\/image\\\/\",\"url\":\"https:\\\/\\\/pmza.sk\\\/wp-content\\\/uploads\\\/2022\\\/01\\\/logo_PM_horizontal.jpg\",\"contentUrl\":\"https:\\\/\\\/pmza.sk\\\/wp-content\\\/uploads\\\/2022\\\/01\\\/logo_PM_horizontal.jpg\",\"width\":231,\"height\":142,\"caption\":\"Pova\u017esk\u00e9 m\u00fazeum\"},\"image\":{\"@id\":\"https:\\\/\\\/pmza.sk\\\/#\\\/schema\\\/logo\\\/image\\\/\"},\"sameAs\":[\"https:\\\/\\\/www.facebook.com\\\/povazskemuzeum\",\"https:\\\/\\\/www.instagram.com\\\/povazskemuzeum\\\/\"]},{\"@type\":\"Person\",\"@id\":\"https:\\\/\\\/pmza.sk\\\/#\\\/schema\\\/person\\\/595e6a2ce731ea94dcd5d7f50a41ae33\",\"name\":\"Pova\u017esk\u00e9 m\u00fazeum\",\"image\":{\"@type\":\"ImageObject\",\"inLanguage\":\"sk-SK\",\"@id\":\"https:\\\/\\\/secure.gravatar.com\\\/avatar\\\/2bb7f1561282132fb5826dfeccc66c7996d11ee392ac6aaf7ced8a1c2027fbb2?s=96&d=mm&r=g\",\"url\":\"https:\\\/\\\/secure.gravatar.com\\\/avatar\\\/2bb7f1561282132fb5826dfeccc66c7996d11ee392ac6aaf7ced8a1c2027fbb2?s=96&d=mm&r=g\",\"contentUrl\":\"https:\\\/\\\/secure.gravatar.com\\\/avatar\\\/2bb7f1561282132fb5826dfeccc66c7996d11ee392ac6aaf7ced8a1c2027fbb2?s=96&d=mm&r=g\",\"caption\":\"Pova\u017esk\u00e9 m\u00fazeum\"}}]}<\/script>\n<!-- \/ Yoast SEO plugin. -->","yoast_head_json":{"title":"M\u00fazeum pre V\u00e1s: \u010co ukr\u00fdva krypta pod Katedr\u00e1lou Najsv\u00e4tej\u0161ej Trojice - Pova\u017esk\u00e9 m\u00fazeum","robots":{"index":"index","follow":"follow","max-snippet":"max-snippet:-1","max-image-preview":"max-image-preview:large","max-video-preview":"max-video-preview:-1"},"canonical":"https:\/\/pmza.sk\/?p=56177","og_locale":"sk_SK","og_type":"article","og_title":"M\u00fazeum pre V\u00e1s: \u010co ukr\u00fdva krypta pod Katedr\u00e1lou Najsv\u00e4tej\u0161ej Trojice - Pova\u017esk\u00e9 m\u00fazeum","og_description":"M\u00e1jov\u00e9 podujatie z\u00a0cyklu M\u00fazeum pre V\u00e1s bude venovan\u00e9 milovn\u00edkom archeol\u00f3gie a hist\u00f3rie. Katedr\u00e1la Najsv\u00e4tej\u0161ej Trojice, sk\u00f4r naz\u00fdvan\u00e1 Farsk\u00fd kostol je jedn\u00fdm z\u00a0najv\u00fdznamnej\u0161\u00edch historick\u00fdch sakr\u00e1lnych objektov v\u00a0meste \u017dilina. V\u00a0m\u00e1ji roku 2020, po\u010das obnovy exteri\u00e9ru kostola, bola objaven\u00e1 krypta. Nach\u00e1dzalo sa v\u00a0nej ve\u013ek\u00e9 mno\u017estvo \u013eudsk\u00fdch kostrov\u00fdch pozostatkov (cca 90 m3), hliny a dreven\u00fdch hobl\u00edn. Objaven\u00e9 archeologick\u00e9 n\u00e1lezy [&hellip;]","og_url":"https:\/\/pmza.sk\/?p=56177","og_site_name":"Pova\u017esk\u00e9 m\u00fazeum","article_publisher":"https:\/\/www.facebook.com\/povazskemuzeum","article_published_time":"2023-05-04T07:13:19+00:00","article_modified_time":"2023-05-26T10:47:32+00:00","og_image":[{"width":2560,"height":2560,"url":"https:\/\/pmza.sk\/wp-content\/uploads\/2023\/05\/Krypta_web-scaled.jpg","type":"image\/jpeg"}],"author":"Pova\u017esk\u00e9 m\u00fazeum","twitter_card":"summary_large_image","twitter_misc":{"Autor":"Pova\u017esk\u00e9 m\u00fazeum","Predpokladan\u00fd \u010das \u010d\u00edtania":"1 min\u00fata"},"schema":{"@context":"https:\/\/schema.org","@graph":[{"@type":"Article","@id":"https:\/\/pmza.sk\/?p=56177#article","isPartOf":{"@id":"https:\/\/pmza.sk\/?p=56177"},"author":{"name":"Pova\u017esk\u00e9 m\u00fazeum","@id":"https:\/\/pmza.sk\/#\/schema\/person\/595e6a2ce731ea94dcd5d7f50a41ae33"},"headline":"M\u00fazeum pre V\u00e1s: \u010co ukr\u00fdva krypta pod Katedr\u00e1lou Najsv\u00e4tej\u0161ej Trojice","datePublished":"2023-05-04T07:13:19+00:00","dateModified":"2023-05-26T10:47:32+00:00","mainEntityOfPage":{"@id":"https:\/\/pmza.sk\/?p=56177"},"wordCount":203,"commentCount":0,"publisher":{"@id":"https:\/\/pmza.sk\/#organization"},"image":{"@id":"https:\/\/pmza.sk\/?p=56177#primaryimage"},"thumbnailUrl":"https:\/\/pmza.sk\/wp-content\/uploads\/2023\/05\/Krypta_web-scaled.jpg","articleSection":["Podujatia"],"inLanguage":"sk-SK"},{"@type":"WebPage","@id":"https:\/\/pmza.sk\/?p=56177","url":"https:\/\/pmza.sk\/?p=56177","name":"M\u00fazeum pre V\u00e1s: \u010co ukr\u00fdva krypta pod Katedr\u00e1lou Najsv\u00e4tej\u0161ej Trojice - Pova\u017esk\u00e9 m\u00fazeum","isPartOf":{"@id":"https:\/\/pmza.sk\/#website"},"primaryImageOfPage":{"@id":"https:\/\/pmza.sk\/?p=56177#primaryimage"},"image":{"@id":"https:\/\/pmza.sk\/?p=56177#primaryimage"},"thumbnailUrl":"https:\/\/pmza.sk\/wp-content\/uploads\/2023\/05\/Krypta_web-scaled.jpg","datePublished":"2023-05-04T07:13:19+00:00","dateModified":"2023-05-26T10:47:32+00:00","breadcrumb":{"@id":"https:\/\/pmza.sk\/?p=56177#breadcrumb"},"inLanguage":"sk-SK","potentialAction":[{"@type":"ReadAction","target":["https:\/\/pmza.sk\/?p=56177"]}]},{"@type":"ImageObject","inLanguage":"sk-SK","@id":"https:\/\/pmza.sk\/?p=56177#primaryimage","url":"https:\/\/pmza.sk\/wp-content\/uploads\/2023\/05\/Krypta_web-scaled.jpg","contentUrl":"https:\/\/pmza.sk\/wp-content\/uploads\/2023\/05\/Krypta_web-scaled.jpg","width":2560,"height":2560},{"@type":"BreadcrumbList","@id":"https:\/\/pmza.sk\/?p=56177#breadcrumb","itemListElement":[{"@type":"ListItem","position":1,"name":"Domovsk\u00e1 str\u00e1nka","item":"https:\/\/pmza.sk\/"},{"@type":"ListItem","position":2,"name":"M\u00fazeum pre V\u00e1s: \u010co ukr\u00fdva krypta pod Katedr\u00e1lou Najsv\u00e4tej\u0161ej Trojice"}]},{"@type":"WebSite","@id":"https:\/\/pmza.sk\/#website","url":"https:\/\/pmza.sk\/","name":"Pova\u017esk\u00e9 m\u00fazeum","description":"Pova\u017esk\u00e9 m\u00fazeum v \u017diline je region\u00e1lne m\u00fazeum so s\u00eddlom v Budat\u00edne. Jeho expoz\u00edcie s\u00fa zameran\u00e9 na dejiny slovensk\u00e9ho umenia, kult\u00fary a dopravy.","publisher":{"@id":"https:\/\/pmza.sk\/#organization"},"potentialAction":[{"@type":"SearchAction","target":{"@type":"EntryPoint","urlTemplate":"https:\/\/pmza.sk\/?s={search_term_string}"},"query-input":{"@type":"PropertyValueSpecification","valueRequired":true,"valueName":"search_term_string"}}],"inLanguage":"sk-SK"},{"@type":"Organization","@id":"https:\/\/pmza.sk\/#organization","name":"Pova\u017esk\u00e9 m\u00fazeum","url":"https:\/\/pmza.sk\/","logo":{"@type":"ImageObject","inLanguage":"sk-SK","@id":"https:\/\/pmza.sk\/#\/schema\/logo\/image\/","url":"https:\/\/pmza.sk\/wp-content\/uploads\/2022\/01\/logo_PM_horizontal.jpg","contentUrl":"https:\/\/pmza.sk\/wp-content\/uploads\/2022\/01\/logo_PM_horizontal.jpg","width":231,"height":142,"caption":"Pova\u017esk\u00e9 m\u00fazeum"},"image":{"@id":"https:\/\/pmza.sk\/#\/schema\/logo\/image\/"},"sameAs":["https:\/\/www.facebook.com\/povazskemuzeum","https:\/\/www.instagram.com\/povazskemuzeum\/"]},{"@type":"Person","@id":"https:\/\/pmza.sk\/#\/schema\/person\/595e6a2ce731ea94dcd5d7f50a41ae33","name":"Pova\u017esk\u00e9 m\u00fazeum","image":{"@type":"ImageObject","inLanguage":"sk-SK","@id":"https:\/\/secure.gravatar.com\/avatar\/2bb7f1561282132fb5826dfeccc66c7996d11ee392ac6aaf7ced8a1c2027fbb2?s=96&d=mm&r=g","url":"https:\/\/secure.gravatar.com\/avatar\/2bb7f1561282132fb5826dfeccc66c7996d11ee392ac6aaf7ced8a1c2027fbb2?s=96&d=mm&r=g","contentUrl":"https:\/\/secure.gravatar.com\/avatar\/2bb7f1561282132fb5826dfeccc66c7996d11ee392ac6aaf7ced8a1c2027fbb2?s=96&d=mm&r=g","caption":"Pova\u017esk\u00e9 m\u00fazeum"}}]}},"_links":{"self":[{"href":"https:\/\/pmza.sk\/index.php?rest_route=\/wp\/v2\/posts\/56177","targetHints":{"allow":["GET"]}}],"collection":[{"href":"https:\/\/pmza.sk\/index.php?rest_route=\/wp\/v2\/posts"}],"about":[{"href":"https:\/\/pmza.sk\/index.php?rest_route=\/wp\/v2\/types\/post"}],"author":[{"embeddable":true,"href":"https:\/\/pmza.sk\/index.php?rest_route=\/wp\/v2\/users\/2"}],"replies":[{"embeddable":true,"href":"https:\/\/pmza.sk\/index.php?rest_route=%2Fwp%2Fv2%2Fcomments&post=56177"}],"version-history":[{"count":0,"href":"https:\/\/pmza.sk\/index.php?rest_route=\/wp\/v2\/posts\/56177\/revisions"}],"wp:featuredmedia":[{"embeddable":true,"href":"https:\/\/pmza.sk\/index.php?rest_route=\/wp\/v2\/media\/56173"}],"wp:attachment":[{"href":"https:\/\/pmza.sk\/index.php?rest_route=%2Fwp%2Fv2%2Fmedia&parent=56177"}],"wp:term":[{"taxonomy":"category","embeddable":true,"href":"https:\/\/pmza.sk\/index.php?rest_route=%2Fwp%2Fv2%2Fcategories&post=56177"},{"taxonomy":"post_tag","embeddable":true,"href":"https:\/\/pmza.sk\/index.php?rest_route=%2Fwp%2Fv2%2Ftags&post=56177"}],"curies":[{"name":"wp","href":"https:\/\/api.w.org\/{rel}","templated":true}]}}