{"id":5642,"date":"2012-05-25T10:56:35","date_gmt":"2012-05-25T08:56:35","guid":{"rendered":"https:\/\/pmza.sk.sk\/?p=5642"},"modified":"2012-05-25T10:56:35","modified_gmt":"2012-05-25T08:56:35","slug":"francuzsky-bilboket-pocas-mdd-na-hrade-strecno","status":"publish","type":"post","link":"https:\/\/pmza.sk\/?p=5642","title":{"rendered":"Franc\u00fazsky bilboket po\u010das MDD na hrade Stre\u010dno"},"content":{"rendered":"<p><strong><\/strong><a href=\"https:\/\/pmza.sk\/wp-content\/uploads\/2012\/05\/mdd-2011.jpg\"><img fetchpriority=\"high\" decoding=\"async\" class=\"alignleft size-full wp-image-5645\" style=\"margin: 4px; border: 2px solid black;\" title=\"mdd 2011\" src=\"https:\/\/pmza.sk\/wp-content\/uploads\/2012\/05\/mdd-2011.jpg\" alt=\"\" width=\"310\" height=\"211\" \/><\/a>Pova\u017esk\u00e9 m\u00fazeum v\u00a0\u017diline pripravilo na hrade Stre\u010dno aj tento rok netradi\u010dn\u00e9 oslavy Medzin\u00e1rodn\u00e9ho d\u0148a det\u00ed. \u201e <em>Stre\u010dnianski hradn\u00ed delostrelci a\u00a0stredovek\u00e1 kuchy\u0148a \u017eilinskej skupiny Terra de Selinan patria k\u00a0ob\u013e\u00faben\u00fdm sprievodn\u00fdm programov\u00fdm aktivit\u00e1m hradn\u00fdch podujat\u00ed. Samozrejme, \u017ee nebud\u00fa ch\u00fdba\u0165 ani v\u00a0tento v\u00fdnimo\u010dn\u00fd detsk\u00fd sviatok<\/em>,\u201c uviedol Boris Schubert, riadite\u013e Pova\u017esk\u00e9ho m\u00fazea v\u00a0\u017diline.<br \/>\nPre n\u00e1v\u0161tevn\u00edkov hradu Stre\u010dno zn\u00e1mi a\u00a0\u017eiadan\u00ed, Sokoliari sv. Bavona z\u00a0Banskej \u0160tiavnice, spolu so svojimi\u00a0dravcami ako my\u0161iaky letn\u00e9, orol stepn\u00fd, plamienka driemav\u00e1 a\u00a0sokoly sa bud\u00fa prezentova\u0165 s\u00a0uk\u00e1\u017ekami ich n\u00e1ro\u010dn\u00e9ho v\u00fdcviku.<!--more--><br \/>\nStredovek bude zachyten\u00fd Skupinou historick\u00e9ho \u0161ermu Bojn\u00edk z\u00a0Bojn\u00edc, \u010dlenovia ktor\u00e9ho pl\u00e1nuj\u00fa vtiahnu\u0165 deti do \u010dara stredovek\u00fdch hier. Po\u010das cel\u00e9ho d\u0148a bud\u00fa prebieha\u0165 stre\u013eby z\u00a0ku\u0161e, franc\u00fazsky bilboket a\u00a0majstrovsk\u00e9 \u0161ermiarske boje z\u00a0obdobia tridsa\u0165ro\u010dnej vojny.<br \/>\n\u201e <em>Azda najv\u00e4\u010d\u0161ou atrakciou d\u0148a det\u00ed\u00a0 bude Klaunsk\u00e9 divadlo Te\u00e1ter Komika, ktor\u00e9 pon\u00fakne pr\u00edbehy hradn\u00e9ho \u0161a\u0161a a\u00a0mno\u017estvo anim\u00e1cii s prvkami \u017eonglovania, akrobacie, pantom\u00edmy, cirkusov\u00e9ho umenia a\u00a0k\u00fazeln\u00edckych trikov<\/em>,\u201c dodala Katar\u00edna Rep\u00e1\u0148ov\u00e1, kastel\u00e1nka hradu a\u00a0organiz\u00e1torka podujatia.<strong><br \/>\nMedzin\u00e1rodn\u00fd de\u0148 det\u00ed na hrade Stre\u010dno<\/strong> sa uskuto\u010dn\u00ed v\u00a0nede\u013eu 3. j\u00fana 2012 od 9,00 hod. Podrobn\u00fd program jednotliv\u00fdch vyst\u00fapen\u00ed je na <a href=\"http:\/\/www.pmza.sk\/\">www.pmza.sk<\/a>. Organiz\u00e1torom podujatia je \u017dilinsk\u00fd samospr\u00e1vny kraj a\u00a0Pova\u017esk\u00e9 m\u00fazeum v\u00a0\u017diline.<\/p>\n","protected":false},"excerpt":{"rendered":"<p>Pova\u017esk\u00e9 m\u00fazeum v\u00a0\u017diline pripravilo na hrade Stre\u010dno aj tento rok netradi\u010dn\u00e9 oslavy Medzin\u00e1rodn\u00e9ho d\u0148a det\u00ed. \u201e Stre\u010dnianski hradn\u00ed delostrelci a\u00a0stredovek\u00e1 kuchy\u0148a \u017eilinskej skupiny Terra de Selinan patria k\u00a0ob\u013e\u00faben\u00fdm sprievodn\u00fdm programov\u00fdm aktivit\u00e1m hradn\u00fdch podujat\u00ed. Samozrejme, \u017ee nebud\u00fa ch\u00fdba\u0165 ani v\u00a0tento v\u00fdnimo\u010dn\u00fd detsk\u00fd sviatok,\u201c uviedol Boris Schubert, riadite\u013e Pova\u017esk\u00e9ho m\u00fazea v\u00a0\u017diline. Pre n\u00e1v\u0161tevn\u00edkov hradu Stre\u010dno zn\u00e1mi a\u00a0\u017eiadan\u00ed, [&hellip;]<\/p>\n","protected":false},"author":2,"featured_media":0,"comment_status":"closed","ping_status":"closed","sticky":false,"template":"","format":"standard","meta":{"site-sidebar-layout":"default","site-content-layout":"","ast-site-content-layout":"","site-content-style":"default","site-sidebar-style":"default","ast-global-header-display":"","ast-banner-title-visibility":"","ast-main-header-display":"","ast-hfb-above-header-display":"","ast-hfb-below-header-display":"","ast-hfb-mobile-header-display":"","site-post-title":"","ast-breadcrumbs-content":"","ast-featured-img":"","footer-sml-layout":"","theme-transparent-header-meta":"","adv-header-id-meta":"","stick-header-meta":"","header-above-stick-meta":"","header-main-stick-meta":"","header-below-stick-meta":"","astra-migrate-meta-layouts":"default","ast-page-background-enabled":"default","ast-page-background-meta":{"desktop":{"background-color":"var(--ast-global-color-4)","background-image":"","background-repeat":"repeat","background-position":"center center","background-size":"auto","background-attachment":"scroll","background-type":"","background-media":"","overlay-type":"","overlay-color":"","overlay-opacity":"","overlay-gradient":""},"tablet":{"background-color":"","background-image":"","background-repeat":"repeat","background-position":"center center","background-size":"auto","background-attachment":"scroll","background-type":"","background-media":"","overlay-type":"","overlay-color":"","overlay-opacity":"","overlay-gradient":""},"mobile":{"background-color":"","background-image":"","background-repeat":"repeat","background-position":"center center","background-size":"auto","background-attachment":"scroll","background-type":"","background-media":"","overlay-type":"","overlay-color":"","overlay-opacity":"","overlay-gradient":""}},"ast-content-background-meta":{"desktop":{"background-color":"var(--ast-global-color-5)","background-image":"","background-repeat":"repeat","background-position":"center center","background-size":"auto","background-attachment":"scroll","background-type":"","background-media":"","overlay-type":"","overlay-color":"","overlay-opacity":"","overlay-gradient":""},"tablet":{"background-color":"var(--ast-global-color-5)","background-image":"","background-repeat":"repeat","background-position":"center center","background-size":"auto","background-attachment":"scroll","background-type":"","background-media":"","overlay-type":"","overlay-color":"","overlay-opacity":"","overlay-gradient":""},"mobile":{"background-color":"var(--ast-global-color-5)","background-image":"","background-repeat":"repeat","background-position":"center center","background-size":"auto","background-attachment":"scroll","background-type":"","background-media":"","overlay-type":"","overlay-color":"","overlay-opacity":"","overlay-gradient":""}},"footnotes":""},"categories":[32],"tags":[],"class_list":["post-5642","post","type-post","status-publish","format-standard","hentry","category-archiv-2012"],"yoast_head":"<!-- This site is optimized with the Yoast SEO plugin v27.4 - https:\/\/yoast.com\/product\/yoast-seo-wordpress\/ -->\n<title>Franc\u00fazsky bilboket po\u010das MDD na hrade Stre\u010dno - Pova\u017esk\u00e9 m\u00fazeum<\/title>\n<meta name=\"robots\" content=\"index, follow, max-snippet:-1, max-image-preview:large, max-video-preview:-1\" \/>\n<link rel=\"canonical\" href=\"https:\/\/pmza.sk\/?p=5642\" \/>\n<meta property=\"og:locale\" content=\"sk_SK\" \/>\n<meta property=\"og:type\" content=\"article\" \/>\n<meta property=\"og:title\" content=\"Franc\u00fazsky bilboket po\u010das MDD na hrade Stre\u010dno - Pova\u017esk\u00e9 m\u00fazeum\" \/>\n<meta property=\"og:description\" content=\"Pova\u017esk\u00e9 m\u00fazeum v\u00a0\u017diline pripravilo na hrade Stre\u010dno aj tento rok netradi\u010dn\u00e9 oslavy Medzin\u00e1rodn\u00e9ho d\u0148a det\u00ed. \u201e Stre\u010dnianski hradn\u00ed delostrelci a\u00a0stredovek\u00e1 kuchy\u0148a \u017eilinskej skupiny Terra de Selinan patria k\u00a0ob\u013e\u00faben\u00fdm sprievodn\u00fdm programov\u00fdm aktivit\u00e1m hradn\u00fdch podujat\u00ed. Samozrejme, \u017ee nebud\u00fa ch\u00fdba\u0165 ani v\u00a0tento v\u00fdnimo\u010dn\u00fd detsk\u00fd sviatok,\u201c uviedol Boris Schubert, riadite\u013e Pova\u017esk\u00e9ho m\u00fazea v\u00a0\u017diline. Pre n\u00e1v\u0161tevn\u00edkov hradu Stre\u010dno zn\u00e1mi a\u00a0\u017eiadan\u00ed, [&hellip;]\" \/>\n<meta property=\"og:url\" content=\"https:\/\/pmza.sk\/?p=5642\" \/>\n<meta property=\"og:site_name\" content=\"Pova\u017esk\u00e9 m\u00fazeum\" \/>\n<meta property=\"article:publisher\" content=\"https:\/\/www.facebook.com\/povazskemuzeum\" \/>\n<meta property=\"article:published_time\" content=\"2012-05-25T08:56:35+00:00\" \/>\n<meta property=\"og:image\" content=\"https:\/\/pmza.sk\/wp-content\/uploads\/2012\/05\/mdd-2011.jpg\" \/>\n<meta name=\"author\" content=\"Pova\u017esk\u00e9 m\u00fazeum\" \/>\n<meta name=\"twitter:card\" content=\"summary_large_image\" \/>\n<meta name=\"twitter:label1\" content=\"Autor\" \/>\n\t<meta name=\"twitter:data1\" content=\"Pova\u017esk\u00e9 m\u00fazeum\" \/>\n\t<meta name=\"twitter:label2\" content=\"Predpokladan\u00fd \u010das \u010d\u00edtania\" \/>\n\t<meta name=\"twitter:data2\" content=\"1 min\u00fata\" \/>\n<script type=\"application\/ld+json\" class=\"yoast-schema-graph\">{\"@context\":\"https:\\\/\\\/schema.org\",\"@graph\":[{\"@type\":\"Article\",\"@id\":\"https:\\\/\\\/pmza.sk\\\/?p=5642#article\",\"isPartOf\":{\"@id\":\"https:\\\/\\\/pmza.sk\\\/?p=5642\"},\"author\":{\"name\":\"Pova\u017esk\u00e9 m\u00fazeum\",\"@id\":\"https:\\\/\\\/pmza.sk\\\/#\\\/schema\\\/person\\\/595e6a2ce731ea94dcd5d7f50a41ae33\"},\"headline\":\"Franc\u00fazsky bilboket po\u010das MDD na hrade Stre\u010dno\",\"datePublished\":\"2012-05-25T08:56:35+00:00\",\"mainEntityOfPage\":{\"@id\":\"https:\\\/\\\/pmza.sk\\\/?p=5642\"},\"wordCount\":276,\"publisher\":{\"@id\":\"https:\\\/\\\/pmza.sk\\\/#organization\"},\"image\":{\"@id\":\"https:\\\/\\\/pmza.sk\\\/?p=5642#primaryimage\"},\"thumbnailUrl\":\"http:\\\/\\\/pmza.sk\\\/wp-content\\\/uploads\\\/2012\\\/05\\\/mdd-2011.jpg\",\"articleSection\":[\"Arch\u00edv 2012\"],\"inLanguage\":\"sk-SK\"},{\"@type\":\"WebPage\",\"@id\":\"https:\\\/\\\/pmza.sk\\\/?p=5642\",\"url\":\"https:\\\/\\\/pmza.sk\\\/?p=5642\",\"name\":\"Franc\u00fazsky bilboket po\u010das MDD na hrade Stre\u010dno - Pova\u017esk\u00e9 m\u00fazeum\",\"isPartOf\":{\"@id\":\"https:\\\/\\\/pmza.sk\\\/#website\"},\"primaryImageOfPage\":{\"@id\":\"https:\\\/\\\/pmza.sk\\\/?p=5642#primaryimage\"},\"image\":{\"@id\":\"https:\\\/\\\/pmza.sk\\\/?p=5642#primaryimage\"},\"thumbnailUrl\":\"http:\\\/\\\/pmza.sk\\\/wp-content\\\/uploads\\\/2012\\\/05\\\/mdd-2011.jpg\",\"datePublished\":\"2012-05-25T08:56:35+00:00\",\"breadcrumb\":{\"@id\":\"https:\\\/\\\/pmza.sk\\\/?p=5642#breadcrumb\"},\"inLanguage\":\"sk-SK\",\"potentialAction\":[{\"@type\":\"ReadAction\",\"target\":[\"https:\\\/\\\/pmza.sk\\\/?p=5642\"]}]},{\"@type\":\"ImageObject\",\"inLanguage\":\"sk-SK\",\"@id\":\"https:\\\/\\\/pmza.sk\\\/?p=5642#primaryimage\",\"url\":\"https:\\\/\\\/pmza.sk\\\/wp-content\\\/uploads\\\/2012\\\/05\\\/mdd-2011.jpg\",\"contentUrl\":\"https:\\\/\\\/pmza.sk\\\/wp-content\\\/uploads\\\/2012\\\/05\\\/mdd-2011.jpg\",\"width\":640,\"height\":427},{\"@type\":\"BreadcrumbList\",\"@id\":\"https:\\\/\\\/pmza.sk\\\/?p=5642#breadcrumb\",\"itemListElement\":[{\"@type\":\"ListItem\",\"position\":1,\"name\":\"Domovsk\u00e1 str\u00e1nka\",\"item\":\"https:\\\/\\\/pmza.sk\\\/\"},{\"@type\":\"ListItem\",\"position\":2,\"name\":\"Franc\u00fazsky bilboket po\u010das MDD na hrade Stre\u010dno\"}]},{\"@type\":\"WebSite\",\"@id\":\"https:\\\/\\\/pmza.sk\\\/#website\",\"url\":\"https:\\\/\\\/pmza.sk\\\/\",\"name\":\"Pova\u017esk\u00e9 m\u00fazeum\",\"description\":\"Pova\u017esk\u00e9 m\u00fazeum v \u017diline je region\u00e1lne m\u00fazeum so s\u00eddlom v Budat\u00edne. Jeho expoz\u00edcie s\u00fa zameran\u00e9 na dejiny slovensk\u00e9ho umenia, kult\u00fary a dopravy.\",\"publisher\":{\"@id\":\"https:\\\/\\\/pmza.sk\\\/#organization\"},\"potentialAction\":[{\"@type\":\"SearchAction\",\"target\":{\"@type\":\"EntryPoint\",\"urlTemplate\":\"https:\\\/\\\/pmza.sk\\\/?s={search_term_string}\"},\"query-input\":{\"@type\":\"PropertyValueSpecification\",\"valueRequired\":true,\"valueName\":\"search_term_string\"}}],\"inLanguage\":\"sk-SK\"},{\"@type\":\"Organization\",\"@id\":\"https:\\\/\\\/pmza.sk\\\/#organization\",\"name\":\"Pova\u017esk\u00e9 m\u00fazeum\",\"url\":\"https:\\\/\\\/pmza.sk\\\/\",\"logo\":{\"@type\":\"ImageObject\",\"inLanguage\":\"sk-SK\",\"@id\":\"https:\\\/\\\/pmza.sk\\\/#\\\/schema\\\/logo\\\/image\\\/\",\"url\":\"https:\\\/\\\/pmza.sk\\\/wp-content\\\/uploads\\\/2022\\\/01\\\/logo_PM_horizontal.jpg\",\"contentUrl\":\"https:\\\/\\\/pmza.sk\\\/wp-content\\\/uploads\\\/2022\\\/01\\\/logo_PM_horizontal.jpg\",\"width\":231,\"height\":142,\"caption\":\"Pova\u017esk\u00e9 m\u00fazeum\"},\"image\":{\"@id\":\"https:\\\/\\\/pmza.sk\\\/#\\\/schema\\\/logo\\\/image\\\/\"},\"sameAs\":[\"https:\\\/\\\/www.facebook.com\\\/povazskemuzeum\",\"https:\\\/\\\/www.instagram.com\\\/povazskemuzeum\\\/\"]},{\"@type\":\"Person\",\"@id\":\"https:\\\/\\\/pmza.sk\\\/#\\\/schema\\\/person\\\/595e6a2ce731ea94dcd5d7f50a41ae33\",\"name\":\"Pova\u017esk\u00e9 m\u00fazeum\",\"image\":{\"@type\":\"ImageObject\",\"inLanguage\":\"sk-SK\",\"@id\":\"https:\\\/\\\/secure.gravatar.com\\\/avatar\\\/2bb7f1561282132fb5826dfeccc66c7996d11ee392ac6aaf7ced8a1c2027fbb2?s=96&d=mm&r=g\",\"url\":\"https:\\\/\\\/secure.gravatar.com\\\/avatar\\\/2bb7f1561282132fb5826dfeccc66c7996d11ee392ac6aaf7ced8a1c2027fbb2?s=96&d=mm&r=g\",\"contentUrl\":\"https:\\\/\\\/secure.gravatar.com\\\/avatar\\\/2bb7f1561282132fb5826dfeccc66c7996d11ee392ac6aaf7ced8a1c2027fbb2?s=96&d=mm&r=g\",\"caption\":\"Pova\u017esk\u00e9 m\u00fazeum\"}}]}<\/script>\n<!-- \/ Yoast SEO plugin. -->","yoast_head_json":{"title":"Franc\u00fazsky bilboket po\u010das MDD na hrade Stre\u010dno - Pova\u017esk\u00e9 m\u00fazeum","robots":{"index":"index","follow":"follow","max-snippet":"max-snippet:-1","max-image-preview":"max-image-preview:large","max-video-preview":"max-video-preview:-1"},"canonical":"https:\/\/pmza.sk\/?p=5642","og_locale":"sk_SK","og_type":"article","og_title":"Franc\u00fazsky bilboket po\u010das MDD na hrade Stre\u010dno - Pova\u017esk\u00e9 m\u00fazeum","og_description":"Pova\u017esk\u00e9 m\u00fazeum v\u00a0\u017diline pripravilo na hrade Stre\u010dno aj tento rok netradi\u010dn\u00e9 oslavy Medzin\u00e1rodn\u00e9ho d\u0148a det\u00ed. \u201e Stre\u010dnianski hradn\u00ed delostrelci a\u00a0stredovek\u00e1 kuchy\u0148a \u017eilinskej skupiny Terra de Selinan patria k\u00a0ob\u013e\u00faben\u00fdm sprievodn\u00fdm programov\u00fdm aktivit\u00e1m hradn\u00fdch podujat\u00ed. Samozrejme, \u017ee nebud\u00fa ch\u00fdba\u0165 ani v\u00a0tento v\u00fdnimo\u010dn\u00fd detsk\u00fd sviatok,\u201c uviedol Boris Schubert, riadite\u013e Pova\u017esk\u00e9ho m\u00fazea v\u00a0\u017diline. Pre n\u00e1v\u0161tevn\u00edkov hradu Stre\u010dno zn\u00e1mi a\u00a0\u017eiadan\u00ed, [&hellip;]","og_url":"https:\/\/pmza.sk\/?p=5642","og_site_name":"Pova\u017esk\u00e9 m\u00fazeum","article_publisher":"https:\/\/www.facebook.com\/povazskemuzeum","article_published_time":"2012-05-25T08:56:35+00:00","og_image":[{"url":"https:\/\/pmza.sk\/wp-content\/uploads\/2012\/05\/mdd-2011.jpg","type":"","width":"","height":""}],"author":"Pova\u017esk\u00e9 m\u00fazeum","twitter_card":"summary_large_image","twitter_misc":{"Autor":"Pova\u017esk\u00e9 m\u00fazeum","Predpokladan\u00fd \u010das \u010d\u00edtania":"1 min\u00fata"},"schema":{"@context":"https:\/\/schema.org","@graph":[{"@type":"Article","@id":"https:\/\/pmza.sk\/?p=5642#article","isPartOf":{"@id":"https:\/\/pmza.sk\/?p=5642"},"author":{"name":"Pova\u017esk\u00e9 m\u00fazeum","@id":"https:\/\/pmza.sk\/#\/schema\/person\/595e6a2ce731ea94dcd5d7f50a41ae33"},"headline":"Franc\u00fazsky bilboket po\u010das MDD na hrade Stre\u010dno","datePublished":"2012-05-25T08:56:35+00:00","mainEntityOfPage":{"@id":"https:\/\/pmza.sk\/?p=5642"},"wordCount":276,"publisher":{"@id":"https:\/\/pmza.sk\/#organization"},"image":{"@id":"https:\/\/pmza.sk\/?p=5642#primaryimage"},"thumbnailUrl":"https:\/\/pmza.sk\/wp-content\/uploads\/2012\/05\/mdd-2011.jpg","articleSection":["Arch\u00edv 2012"],"inLanguage":"sk-SK"},{"@type":"WebPage","@id":"https:\/\/pmza.sk\/?p=5642","url":"https:\/\/pmza.sk\/?p=5642","name":"Franc\u00fazsky bilboket po\u010das MDD na hrade Stre\u010dno - Pova\u017esk\u00e9 m\u00fazeum","isPartOf":{"@id":"https:\/\/pmza.sk\/#website"},"primaryImageOfPage":{"@id":"https:\/\/pmza.sk\/?p=5642#primaryimage"},"image":{"@id":"https:\/\/pmza.sk\/?p=5642#primaryimage"},"thumbnailUrl":"https:\/\/pmza.sk\/wp-content\/uploads\/2012\/05\/mdd-2011.jpg","datePublished":"2012-05-25T08:56:35+00:00","breadcrumb":{"@id":"https:\/\/pmza.sk\/?p=5642#breadcrumb"},"inLanguage":"sk-SK","potentialAction":[{"@type":"ReadAction","target":["https:\/\/pmza.sk\/?p=5642"]}]},{"@type":"ImageObject","inLanguage":"sk-SK","@id":"https:\/\/pmza.sk\/?p=5642#primaryimage","url":"https:\/\/pmza.sk\/wp-content\/uploads\/2012\/05\/mdd-2011.jpg","contentUrl":"https:\/\/pmza.sk\/wp-content\/uploads\/2012\/05\/mdd-2011.jpg","width":640,"height":427},{"@type":"BreadcrumbList","@id":"https:\/\/pmza.sk\/?p=5642#breadcrumb","itemListElement":[{"@type":"ListItem","position":1,"name":"Domovsk\u00e1 str\u00e1nka","item":"https:\/\/pmza.sk\/"},{"@type":"ListItem","position":2,"name":"Franc\u00fazsky bilboket po\u010das MDD na hrade Stre\u010dno"}]},{"@type":"WebSite","@id":"https:\/\/pmza.sk\/#website","url":"https:\/\/pmza.sk\/","name":"Pova\u017esk\u00e9 m\u00fazeum","description":"Pova\u017esk\u00e9 m\u00fazeum v \u017diline je region\u00e1lne m\u00fazeum so s\u00eddlom v Budat\u00edne. Jeho expoz\u00edcie s\u00fa zameran\u00e9 na dejiny slovensk\u00e9ho umenia, kult\u00fary a dopravy.","publisher":{"@id":"https:\/\/pmza.sk\/#organization"},"potentialAction":[{"@type":"SearchAction","target":{"@type":"EntryPoint","urlTemplate":"https:\/\/pmza.sk\/?s={search_term_string}"},"query-input":{"@type":"PropertyValueSpecification","valueRequired":true,"valueName":"search_term_string"}}],"inLanguage":"sk-SK"},{"@type":"Organization","@id":"https:\/\/pmza.sk\/#organization","name":"Pova\u017esk\u00e9 m\u00fazeum","url":"https:\/\/pmza.sk\/","logo":{"@type":"ImageObject","inLanguage":"sk-SK","@id":"https:\/\/pmza.sk\/#\/schema\/logo\/image\/","url":"https:\/\/pmza.sk\/wp-content\/uploads\/2022\/01\/logo_PM_horizontal.jpg","contentUrl":"https:\/\/pmza.sk\/wp-content\/uploads\/2022\/01\/logo_PM_horizontal.jpg","width":231,"height":142,"caption":"Pova\u017esk\u00e9 m\u00fazeum"},"image":{"@id":"https:\/\/pmza.sk\/#\/schema\/logo\/image\/"},"sameAs":["https:\/\/www.facebook.com\/povazskemuzeum","https:\/\/www.instagram.com\/povazskemuzeum\/"]},{"@type":"Person","@id":"https:\/\/pmza.sk\/#\/schema\/person\/595e6a2ce731ea94dcd5d7f50a41ae33","name":"Pova\u017esk\u00e9 m\u00fazeum","image":{"@type":"ImageObject","inLanguage":"sk-SK","@id":"https:\/\/secure.gravatar.com\/avatar\/2bb7f1561282132fb5826dfeccc66c7996d11ee392ac6aaf7ced8a1c2027fbb2?s=96&d=mm&r=g","url":"https:\/\/secure.gravatar.com\/avatar\/2bb7f1561282132fb5826dfeccc66c7996d11ee392ac6aaf7ced8a1c2027fbb2?s=96&d=mm&r=g","contentUrl":"https:\/\/secure.gravatar.com\/avatar\/2bb7f1561282132fb5826dfeccc66c7996d11ee392ac6aaf7ced8a1c2027fbb2?s=96&d=mm&r=g","caption":"Pova\u017esk\u00e9 m\u00fazeum"}}]}},"_links":{"self":[{"href":"https:\/\/pmza.sk\/index.php?rest_route=\/wp\/v2\/posts\/5642","targetHints":{"allow":["GET"]}}],"collection":[{"href":"https:\/\/pmza.sk\/index.php?rest_route=\/wp\/v2\/posts"}],"about":[{"href":"https:\/\/pmza.sk\/index.php?rest_route=\/wp\/v2\/types\/post"}],"author":[{"embeddable":true,"href":"https:\/\/pmza.sk\/index.php?rest_route=\/wp\/v2\/users\/2"}],"replies":[{"embeddable":true,"href":"https:\/\/pmza.sk\/index.php?rest_route=%2Fwp%2Fv2%2Fcomments&post=5642"}],"version-history":[{"count":0,"href":"https:\/\/pmza.sk\/index.php?rest_route=\/wp\/v2\/posts\/5642\/revisions"}],"wp:attachment":[{"href":"https:\/\/pmza.sk\/index.php?rest_route=%2Fwp%2Fv2%2Fmedia&parent=5642"}],"wp:term":[{"taxonomy":"category","embeddable":true,"href":"https:\/\/pmza.sk\/index.php?rest_route=%2Fwp%2Fv2%2Fcategories&post=5642"},{"taxonomy":"post_tag","embeddable":true,"href":"https:\/\/pmza.sk\/index.php?rest_route=%2Fwp%2Fv2%2Ftags&post=5642"}],"curies":[{"name":"wp","href":"https:\/\/api.w.org\/{rel}","templated":true}]}}