{"id":56460,"date":"2023-05-16T08:54:24","date_gmt":"2023-05-16T06:54:24","guid":{"rendered":"https:\/\/pmza.sk\/?p=56460"},"modified":"2023-06-26T06:53:24","modified_gmt":"2023-06-26T04:53:24","slug":"o-venceku-vily-malvinky","status":"publish","type":"post","link":"https:\/\/pmza.sk\/?p=56460","title":{"rendered":"O ven\u010deku v\u00edly Malv\u00ednky"},"content":{"rendered":"<p>Pova\u017esk\u00e9 m\u00fazeum poz\u00fdva v\u00a0predve\u010der \u010darovnej sv\u00e4toj\u00e1nskej noci, v\u00a0piatok 23. j\u00fana, do Budat\u00ednskeho parku na magick\u00fa rozpr\u00e1vku nielen pre deti. \u00a0\u0160peci\u00e1lne podujatie s\u00a0n\u00e1zvom O\u00a0ven\u010deku v\u00edly Malv\u00ednky pripravilo divadelno-hrav\u00e9 zoskupenie RAZCA.<\/p>\n<p><em>,,V na\u0161om zoskupen\u00ed sa v\u00e4\u010d\u0161inou zameriavame na t\u00e9my spojen\u00e9 s\u00a0hist\u00f3riou \u017diliny a\u00a0jej okolia. Tentokr\u00e1t sme sa ale rozhodli pre zmenu a\u00a0vytvorili \u010darovn\u00fd rozpr\u00e1vkov\u00fd pr\u00edbeh,\u201c <\/em>pribli\u017euje autorka scen\u00e1ra Katar\u00edna Mar\u0161alov\u00e1 a\u00a0pokra\u010duje: <em>\u201eV\u00a0jeden letn\u00fd podve\u010der zav\u00edta do Budat\u00ednskeho parku princ Dami\u00e1n z \u010falek\u00e9ho\u00a0Dobrohradu, aby pop\u00fdtal o\u00a0ruku kr\u00e1snu, ale tak trochu namyslen\u00fa princezn\u00fa Anabelu. T\u00e1 s\u00a0vydajom s\u00fahlas\u00ed pod podmienkou, \u017ee princ spln\u00ed jednu \u00falohu. Mus\u00ed jej prinies\u0165 ven\u010dek v\u00edly. \u00daloha je to ne\u013eahk\u00e1, preto\u017ee stretn\u00fa\u0165 na\u017eivo skuto\u010dn\u00fa v\u00edlu je takmer nemo\u017en\u00e9. A\u00a0ak ju \u010dlovek n\u00e1hodou stretne, v\u00edla ho schyt\u00ed do tanca a\u00a0utancuje ho na smr\u0165. E\u0161te\u017ee sa tam objavia v\u00edly \u2013 sestry Malv\u00ednka a\u00a0Klement\u00ednka. No v\u00a0tomto momente sa pr\u00edbeh ani z\u010faleka nekon\u010d\u00ed&#8230;\u201c<\/em> Podar\u00ed sa Dami\u00e1novi splni\u0165 \u017eelanie princeznej? A \u010do sa stane, ke\u010f do deja vst\u00fapi kr\u00e1\u013eovn\u00e1 v\u00edl Zorana a\u00a0kliatba v\u00edl z\u00a0Dobrohradu?<\/p>\n<p>Kto chce na\u017eivo stretn\u00fa\u0165 tajomn\u00e9 v\u00edly a\u00a0in\u00e9 rozpr\u00e1vkov\u00e9 bytosti, nech nev\u00e1ha a\u00a0prihl\u00e1si sa na z\u00e1\u017eitkov\u00e9 prehliadky Budat\u00ednskeho parku v\u00a0piatok 23. j\u00fana o\u00a017.00, 18.00 a\u00a019.00. Kapacita prehliadok je obmedzen\u00e1, preto je vhodn\u00e9 rezervova\u0165 si miesta na telef\u00f3nnom \u010d\u00edsle 0907 108\u00a0659.<\/p>\n<p>Vstupn\u00e9: z\u00e1kladn\u00e9 5 \u20ac, z\u013eavnen\u00e9 3 \u20ac, deti do 3 rokov zadarmo.<\/p>\n<div class=\"wp-block-image\"><img fetchpriority=\"high\" decoding=\"async\" class=\"alignnone size-medium wp-image-56461\" src=\"https:\/\/pmza.sk\/wp-content\/uploads\/2023\/05\/O_venceku_K2-255x360.jpg\" alt=\"\" width=\"255\" height=\"360\" srcset=\"https:\/\/pmza.sk\/wp-content\/uploads\/2023\/05\/O_venceku_K2-255x360.jpg 255w, https:\/\/pmza.sk\/wp-content\/uploads\/2023\/05\/O_venceku_K2-520x736.jpg 520w, https:\/\/pmza.sk\/wp-content\/uploads\/2023\/05\/O_venceku_K2-768x1086.jpg 768w, https:\/\/pmza.sk\/wp-content\/uploads\/2023\/05\/O_venceku_K2-1086x1536.jpg 1086w, https:\/\/pmza.sk\/wp-content\/uploads\/2023\/05\/O_venceku_K2-1448x2048.jpg 1448w, https:\/\/pmza.sk\/wp-content\/uploads\/2023\/05\/O_venceku_K2-600x849.jpg 600w, https:\/\/pmza.sk\/wp-content\/uploads\/2023\/05\/O_venceku_K2-scaled.jpg 1810w\" sizes=\"(max-width: 255px) 100vw, 255px\" \/><\/div>\n<div><\/div>\n<div>Plag\u00e1t v plnej ve\u013ekosti <a href=\"https:\/\/pmza.sk\/wp-content\/uploads\/2023\/05\/O_venceku_K2.pdf\">TU<\/a><\/div>\n","protected":false},"excerpt":{"rendered":"<p>Pova\u017esk\u00e9 m\u00fazeum poz\u00fdva v\u00a0predve\u010der \u010darovnej sv\u00e4toj\u00e1nskej noci, v\u00a0piatok 23. j\u00fana, do Budat\u00ednskeho parku na magick\u00fa rozpr\u00e1vku nielen pre deti. \u00a0\u0160peci\u00e1lne podujatie s\u00a0n\u00e1zvom O\u00a0ven\u010deku v\u00edly Malv\u00ednky pripravilo divadelno-hrav\u00e9 zoskupenie RAZCA. ,,V na\u0161om zoskupen\u00ed sa v\u00e4\u010d\u0161inou zameriavame na t\u00e9my spojen\u00e9 s\u00a0hist\u00f3riou \u017diliny a\u00a0jej okolia. Tentokr\u00e1t sme sa ale rozhodli pre zmenu a\u00a0vytvorili \u010darovn\u00fd rozpr\u00e1vkov\u00fd pr\u00edbeh,\u201c pribli\u017euje autorka [&hellip;]<\/p>\n","protected":false},"author":2,"featured_media":56463,"comment_status":"open","ping_status":"open","sticky":false,"template":"","format":"standard","meta":{"site-sidebar-layout":"default","site-content-layout":"default","ast-site-content-layout":"","site-content-style":"default","site-sidebar-style":"default","ast-global-header-display":"","ast-banner-title-visibility":"","ast-main-header-display":"","ast-hfb-above-header-display":"","ast-hfb-below-header-display":"","ast-hfb-mobile-header-display":"","site-post-title":"","ast-breadcrumbs-content":"","ast-featured-img":"","footer-sml-layout":"","theme-transparent-header-meta":"default","adv-header-id-meta":"","stick-header-meta":"default","header-above-stick-meta":"","header-main-stick-meta":"","header-below-stick-meta":"","astra-migrate-meta-layouts":"default","ast-page-background-enabled":"default","ast-page-background-meta":{"desktop":{"background-color":"var(--ast-global-color-4)","background-image":"","background-repeat":"repeat","background-position":"center center","background-size":"auto","background-attachment":"scroll","background-type":"","background-media":"","overlay-type":"","overlay-color":"","overlay-opacity":"","overlay-gradient":""},"tablet":{"background-color":"","background-image":"","background-repeat":"repeat","background-position":"center center","background-size":"auto","background-attachment":"scroll","background-type":"","background-media":"","overlay-type":"","overlay-color":"","overlay-opacity":"","overlay-gradient":""},"mobile":{"background-color":"","background-image":"","background-repeat":"repeat","background-position":"center center","background-size":"auto","background-attachment":"scroll","background-type":"","background-media":"","overlay-type":"","overlay-color":"","overlay-opacity":"","overlay-gradient":""}},"ast-content-background-meta":{"desktop":{"background-color":"var(--ast-global-color-5)","background-image":"","background-repeat":"repeat","background-position":"center center","background-size":"auto","background-attachment":"scroll","background-type":"","background-media":"","overlay-type":"","overlay-color":"","overlay-opacity":"","overlay-gradient":""},"tablet":{"background-color":"var(--ast-global-color-5)","background-image":"","background-repeat":"repeat","background-position":"center center","background-size":"auto","background-attachment":"scroll","background-type":"","background-media":"","overlay-type":"","overlay-color":"","overlay-opacity":"","overlay-gradient":""},"mobile":{"background-color":"var(--ast-global-color-5)","background-image":"","background-repeat":"repeat","background-position":"center center","background-size":"auto","background-attachment":"scroll","background-type":"","background-media":"","overlay-type":"","overlay-color":"","overlay-opacity":"","overlay-gradient":""}},"footnotes":""},"categories":[71],"tags":[],"class_list":["post-56460","post","type-post","status-publish","format-standard","has-post-thumbnail","hentry","category-podujatia"],"yoast_head":"<!-- This site is optimized with the Yoast SEO plugin v27.4 - https:\/\/yoast.com\/product\/yoast-seo-wordpress\/ -->\n<title>O ven\u010deku v\u00edly Malv\u00ednky - Pova\u017esk\u00e9 m\u00fazeum<\/title>\n<meta name=\"robots\" content=\"index, follow, max-snippet:-1, max-image-preview:large, max-video-preview:-1\" \/>\n<link rel=\"canonical\" href=\"https:\/\/pmza.sk\/?p=56460\" \/>\n<meta property=\"og:locale\" content=\"sk_SK\" \/>\n<meta property=\"og:type\" content=\"article\" \/>\n<meta property=\"og:title\" content=\"O ven\u010deku v\u00edly Malv\u00ednky - Pova\u017esk\u00e9 m\u00fazeum\" \/>\n<meta property=\"og:description\" content=\"Pova\u017esk\u00e9 m\u00fazeum poz\u00fdva v\u00a0predve\u010der \u010darovnej sv\u00e4toj\u00e1nskej noci, v\u00a0piatok 23. j\u00fana, do Budat\u00ednskeho parku na magick\u00fa rozpr\u00e1vku nielen pre deti. \u00a0\u0160peci\u00e1lne podujatie s\u00a0n\u00e1zvom O\u00a0ven\u010deku v\u00edly Malv\u00ednky pripravilo divadelno-hrav\u00e9 zoskupenie RAZCA. ,,V na\u0161om zoskupen\u00ed sa v\u00e4\u010d\u0161inou zameriavame na t\u00e9my spojen\u00e9 s\u00a0hist\u00f3riou \u017diliny a\u00a0jej okolia. Tentokr\u00e1t sme sa ale rozhodli pre zmenu a\u00a0vytvorili \u010darovn\u00fd rozpr\u00e1vkov\u00fd pr\u00edbeh,\u201c pribli\u017euje autorka [&hellip;]\" \/>\n<meta property=\"og:url\" content=\"https:\/\/pmza.sk\/?p=56460\" \/>\n<meta property=\"og:site_name\" content=\"Pova\u017esk\u00e9 m\u00fazeum\" \/>\n<meta property=\"article:publisher\" content=\"https:\/\/www.facebook.com\/povazskemuzeum\" \/>\n<meta property=\"article:published_time\" content=\"2023-05-16T06:54:24+00:00\" \/>\n<meta property=\"article:modified_time\" content=\"2023-06-26T04:53:24+00:00\" \/>\n<meta property=\"og:image\" content=\"https:\/\/pmza.sk\/wp-content\/uploads\/2023\/05\/O_venceku_web-scaled.jpg\" \/>\n\t<meta property=\"og:image:width\" content=\"2560\" \/>\n\t<meta property=\"og:image:height\" content=\"2560\" \/>\n\t<meta property=\"og:image:type\" content=\"image\/jpeg\" \/>\n<meta name=\"author\" content=\"Pova\u017esk\u00e9 m\u00fazeum\" \/>\n<meta name=\"twitter:card\" content=\"summary_large_image\" \/>\n<meta name=\"twitter:label1\" content=\"Autor\" \/>\n\t<meta name=\"twitter:data1\" content=\"Pova\u017esk\u00e9 m\u00fazeum\" \/>\n\t<meta name=\"twitter:label2\" content=\"Predpokladan\u00fd \u010das \u010d\u00edtania\" \/>\n\t<meta name=\"twitter:data2\" content=\"1 min\u00fata\" \/>\n<script type=\"application\/ld+json\" class=\"yoast-schema-graph\">{\"@context\":\"https:\\\/\\\/schema.org\",\"@graph\":[{\"@type\":\"Article\",\"@id\":\"https:\\\/\\\/pmza.sk\\\/?p=56460#article\",\"isPartOf\":{\"@id\":\"https:\\\/\\\/pmza.sk\\\/?p=56460\"},\"author\":{\"name\":\"Pova\u017esk\u00e9 m\u00fazeum\",\"@id\":\"https:\\\/\\\/pmza.sk\\\/#\\\/schema\\\/person\\\/595e6a2ce731ea94dcd5d7f50a41ae33\"},\"headline\":\"O ven\u010deku v\u00edly Malv\u00ednky\",\"datePublished\":\"2023-05-16T06:54:24+00:00\",\"dateModified\":\"2023-06-26T04:53:24+00:00\",\"mainEntityOfPage\":{\"@id\":\"https:\\\/\\\/pmza.sk\\\/?p=56460\"},\"wordCount\":300,\"commentCount\":0,\"publisher\":{\"@id\":\"https:\\\/\\\/pmza.sk\\\/#organization\"},\"image\":{\"@id\":\"https:\\\/\\\/pmza.sk\\\/?p=56460#primaryimage\"},\"thumbnailUrl\":\"https:\\\/\\\/pmza.sk\\\/wp-content\\\/uploads\\\/2023\\\/05\\\/O_venceku_web-scaled.jpg\",\"articleSection\":[\"Podujatia\"],\"inLanguage\":\"sk-SK\"},{\"@type\":\"WebPage\",\"@id\":\"https:\\\/\\\/pmza.sk\\\/?p=56460\",\"url\":\"https:\\\/\\\/pmza.sk\\\/?p=56460\",\"name\":\"O ven\u010deku v\u00edly Malv\u00ednky - Pova\u017esk\u00e9 m\u00fazeum\",\"isPartOf\":{\"@id\":\"https:\\\/\\\/pmza.sk\\\/#website\"},\"primaryImageOfPage\":{\"@id\":\"https:\\\/\\\/pmza.sk\\\/?p=56460#primaryimage\"},\"image\":{\"@id\":\"https:\\\/\\\/pmza.sk\\\/?p=56460#primaryimage\"},\"thumbnailUrl\":\"https:\\\/\\\/pmza.sk\\\/wp-content\\\/uploads\\\/2023\\\/05\\\/O_venceku_web-scaled.jpg\",\"datePublished\":\"2023-05-16T06:54:24+00:00\",\"dateModified\":\"2023-06-26T04:53:24+00:00\",\"breadcrumb\":{\"@id\":\"https:\\\/\\\/pmza.sk\\\/?p=56460#breadcrumb\"},\"inLanguage\":\"sk-SK\",\"potentialAction\":[{\"@type\":\"ReadAction\",\"target\":[\"https:\\\/\\\/pmza.sk\\\/?p=56460\"]}]},{\"@type\":\"ImageObject\",\"inLanguage\":\"sk-SK\",\"@id\":\"https:\\\/\\\/pmza.sk\\\/?p=56460#primaryimage\",\"url\":\"https:\\\/\\\/pmza.sk\\\/wp-content\\\/uploads\\\/2023\\\/05\\\/O_venceku_web-scaled.jpg\",\"contentUrl\":\"https:\\\/\\\/pmza.sk\\\/wp-content\\\/uploads\\\/2023\\\/05\\\/O_venceku_web-scaled.jpg\",\"width\":2560,\"height\":2560},{\"@type\":\"BreadcrumbList\",\"@id\":\"https:\\\/\\\/pmza.sk\\\/?p=56460#breadcrumb\",\"itemListElement\":[{\"@type\":\"ListItem\",\"position\":1,\"name\":\"Domovsk\u00e1 str\u00e1nka\",\"item\":\"https:\\\/\\\/pmza.sk\\\/\"},{\"@type\":\"ListItem\",\"position\":2,\"name\":\"O ven\u010deku v\u00edly Malv\u00ednky\"}]},{\"@type\":\"WebSite\",\"@id\":\"https:\\\/\\\/pmza.sk\\\/#website\",\"url\":\"https:\\\/\\\/pmza.sk\\\/\",\"name\":\"Pova\u017esk\u00e9 m\u00fazeum\",\"description\":\"Pova\u017esk\u00e9 m\u00fazeum v \u017diline je region\u00e1lne m\u00fazeum so s\u00eddlom v Budat\u00edne. Jeho expoz\u00edcie s\u00fa zameran\u00e9 na dejiny slovensk\u00e9ho umenia, kult\u00fary a dopravy.\",\"publisher\":{\"@id\":\"https:\\\/\\\/pmza.sk\\\/#organization\"},\"potentialAction\":[{\"@type\":\"SearchAction\",\"target\":{\"@type\":\"EntryPoint\",\"urlTemplate\":\"https:\\\/\\\/pmza.sk\\\/?s={search_term_string}\"},\"query-input\":{\"@type\":\"PropertyValueSpecification\",\"valueRequired\":true,\"valueName\":\"search_term_string\"}}],\"inLanguage\":\"sk-SK\"},{\"@type\":\"Organization\",\"@id\":\"https:\\\/\\\/pmza.sk\\\/#organization\",\"name\":\"Pova\u017esk\u00e9 m\u00fazeum\",\"url\":\"https:\\\/\\\/pmza.sk\\\/\",\"logo\":{\"@type\":\"ImageObject\",\"inLanguage\":\"sk-SK\",\"@id\":\"https:\\\/\\\/pmza.sk\\\/#\\\/schema\\\/logo\\\/image\\\/\",\"url\":\"https:\\\/\\\/pmza.sk\\\/wp-content\\\/uploads\\\/2022\\\/01\\\/logo_PM_horizontal.jpg\",\"contentUrl\":\"https:\\\/\\\/pmza.sk\\\/wp-content\\\/uploads\\\/2022\\\/01\\\/logo_PM_horizontal.jpg\",\"width\":231,\"height\":142,\"caption\":\"Pova\u017esk\u00e9 m\u00fazeum\"},\"image\":{\"@id\":\"https:\\\/\\\/pmza.sk\\\/#\\\/schema\\\/logo\\\/image\\\/\"},\"sameAs\":[\"https:\\\/\\\/www.facebook.com\\\/povazskemuzeum\",\"https:\\\/\\\/www.instagram.com\\\/povazskemuzeum\\\/\"]},{\"@type\":\"Person\",\"@id\":\"https:\\\/\\\/pmza.sk\\\/#\\\/schema\\\/person\\\/595e6a2ce731ea94dcd5d7f50a41ae33\",\"name\":\"Pova\u017esk\u00e9 m\u00fazeum\",\"image\":{\"@type\":\"ImageObject\",\"inLanguage\":\"sk-SK\",\"@id\":\"https:\\\/\\\/secure.gravatar.com\\\/avatar\\\/2bb7f1561282132fb5826dfeccc66c7996d11ee392ac6aaf7ced8a1c2027fbb2?s=96&d=mm&r=g\",\"url\":\"https:\\\/\\\/secure.gravatar.com\\\/avatar\\\/2bb7f1561282132fb5826dfeccc66c7996d11ee392ac6aaf7ced8a1c2027fbb2?s=96&d=mm&r=g\",\"contentUrl\":\"https:\\\/\\\/secure.gravatar.com\\\/avatar\\\/2bb7f1561282132fb5826dfeccc66c7996d11ee392ac6aaf7ced8a1c2027fbb2?s=96&d=mm&r=g\",\"caption\":\"Pova\u017esk\u00e9 m\u00fazeum\"}}]}<\/script>\n<!-- \/ Yoast SEO plugin. -->","yoast_head_json":{"title":"O ven\u010deku v\u00edly Malv\u00ednky - Pova\u017esk\u00e9 m\u00fazeum","robots":{"index":"index","follow":"follow","max-snippet":"max-snippet:-1","max-image-preview":"max-image-preview:large","max-video-preview":"max-video-preview:-1"},"canonical":"https:\/\/pmza.sk\/?p=56460","og_locale":"sk_SK","og_type":"article","og_title":"O ven\u010deku v\u00edly Malv\u00ednky - Pova\u017esk\u00e9 m\u00fazeum","og_description":"Pova\u017esk\u00e9 m\u00fazeum poz\u00fdva v\u00a0predve\u010der \u010darovnej sv\u00e4toj\u00e1nskej noci, v\u00a0piatok 23. j\u00fana, do Budat\u00ednskeho parku na magick\u00fa rozpr\u00e1vku nielen pre deti. \u00a0\u0160peci\u00e1lne podujatie s\u00a0n\u00e1zvom O\u00a0ven\u010deku v\u00edly Malv\u00ednky pripravilo divadelno-hrav\u00e9 zoskupenie RAZCA. ,,V na\u0161om zoskupen\u00ed sa v\u00e4\u010d\u0161inou zameriavame na t\u00e9my spojen\u00e9 s\u00a0hist\u00f3riou \u017diliny a\u00a0jej okolia. Tentokr\u00e1t sme sa ale rozhodli pre zmenu a\u00a0vytvorili \u010darovn\u00fd rozpr\u00e1vkov\u00fd pr\u00edbeh,\u201c pribli\u017euje autorka [&hellip;]","og_url":"https:\/\/pmza.sk\/?p=56460","og_site_name":"Pova\u017esk\u00e9 m\u00fazeum","article_publisher":"https:\/\/www.facebook.com\/povazskemuzeum","article_published_time":"2023-05-16T06:54:24+00:00","article_modified_time":"2023-06-26T04:53:24+00:00","og_image":[{"width":2560,"height":2560,"url":"https:\/\/pmza.sk\/wp-content\/uploads\/2023\/05\/O_venceku_web-scaled.jpg","type":"image\/jpeg"}],"author":"Pova\u017esk\u00e9 m\u00fazeum","twitter_card":"summary_large_image","twitter_misc":{"Autor":"Pova\u017esk\u00e9 m\u00fazeum","Predpokladan\u00fd \u010das \u010d\u00edtania":"1 min\u00fata"},"schema":{"@context":"https:\/\/schema.org","@graph":[{"@type":"Article","@id":"https:\/\/pmza.sk\/?p=56460#article","isPartOf":{"@id":"https:\/\/pmza.sk\/?p=56460"},"author":{"name":"Pova\u017esk\u00e9 m\u00fazeum","@id":"https:\/\/pmza.sk\/#\/schema\/person\/595e6a2ce731ea94dcd5d7f50a41ae33"},"headline":"O ven\u010deku v\u00edly Malv\u00ednky","datePublished":"2023-05-16T06:54:24+00:00","dateModified":"2023-06-26T04:53:24+00:00","mainEntityOfPage":{"@id":"https:\/\/pmza.sk\/?p=56460"},"wordCount":300,"commentCount":0,"publisher":{"@id":"https:\/\/pmza.sk\/#organization"},"image":{"@id":"https:\/\/pmza.sk\/?p=56460#primaryimage"},"thumbnailUrl":"https:\/\/pmza.sk\/wp-content\/uploads\/2023\/05\/O_venceku_web-scaled.jpg","articleSection":["Podujatia"],"inLanguage":"sk-SK"},{"@type":"WebPage","@id":"https:\/\/pmza.sk\/?p=56460","url":"https:\/\/pmza.sk\/?p=56460","name":"O ven\u010deku v\u00edly Malv\u00ednky - Pova\u017esk\u00e9 m\u00fazeum","isPartOf":{"@id":"https:\/\/pmza.sk\/#website"},"primaryImageOfPage":{"@id":"https:\/\/pmza.sk\/?p=56460#primaryimage"},"image":{"@id":"https:\/\/pmza.sk\/?p=56460#primaryimage"},"thumbnailUrl":"https:\/\/pmza.sk\/wp-content\/uploads\/2023\/05\/O_venceku_web-scaled.jpg","datePublished":"2023-05-16T06:54:24+00:00","dateModified":"2023-06-26T04:53:24+00:00","breadcrumb":{"@id":"https:\/\/pmza.sk\/?p=56460#breadcrumb"},"inLanguage":"sk-SK","potentialAction":[{"@type":"ReadAction","target":["https:\/\/pmza.sk\/?p=56460"]}]},{"@type":"ImageObject","inLanguage":"sk-SK","@id":"https:\/\/pmza.sk\/?p=56460#primaryimage","url":"https:\/\/pmza.sk\/wp-content\/uploads\/2023\/05\/O_venceku_web-scaled.jpg","contentUrl":"https:\/\/pmza.sk\/wp-content\/uploads\/2023\/05\/O_venceku_web-scaled.jpg","width":2560,"height":2560},{"@type":"BreadcrumbList","@id":"https:\/\/pmza.sk\/?p=56460#breadcrumb","itemListElement":[{"@type":"ListItem","position":1,"name":"Domovsk\u00e1 str\u00e1nka","item":"https:\/\/pmza.sk\/"},{"@type":"ListItem","position":2,"name":"O ven\u010deku v\u00edly Malv\u00ednky"}]},{"@type":"WebSite","@id":"https:\/\/pmza.sk\/#website","url":"https:\/\/pmza.sk\/","name":"Pova\u017esk\u00e9 m\u00fazeum","description":"Pova\u017esk\u00e9 m\u00fazeum v \u017diline je region\u00e1lne m\u00fazeum so s\u00eddlom v Budat\u00edne. Jeho expoz\u00edcie s\u00fa zameran\u00e9 na dejiny slovensk\u00e9ho umenia, kult\u00fary a dopravy.","publisher":{"@id":"https:\/\/pmza.sk\/#organization"},"potentialAction":[{"@type":"SearchAction","target":{"@type":"EntryPoint","urlTemplate":"https:\/\/pmza.sk\/?s={search_term_string}"},"query-input":{"@type":"PropertyValueSpecification","valueRequired":true,"valueName":"search_term_string"}}],"inLanguage":"sk-SK"},{"@type":"Organization","@id":"https:\/\/pmza.sk\/#organization","name":"Pova\u017esk\u00e9 m\u00fazeum","url":"https:\/\/pmza.sk\/","logo":{"@type":"ImageObject","inLanguage":"sk-SK","@id":"https:\/\/pmza.sk\/#\/schema\/logo\/image\/","url":"https:\/\/pmza.sk\/wp-content\/uploads\/2022\/01\/logo_PM_horizontal.jpg","contentUrl":"https:\/\/pmza.sk\/wp-content\/uploads\/2022\/01\/logo_PM_horizontal.jpg","width":231,"height":142,"caption":"Pova\u017esk\u00e9 m\u00fazeum"},"image":{"@id":"https:\/\/pmza.sk\/#\/schema\/logo\/image\/"},"sameAs":["https:\/\/www.facebook.com\/povazskemuzeum","https:\/\/www.instagram.com\/povazskemuzeum\/"]},{"@type":"Person","@id":"https:\/\/pmza.sk\/#\/schema\/person\/595e6a2ce731ea94dcd5d7f50a41ae33","name":"Pova\u017esk\u00e9 m\u00fazeum","image":{"@type":"ImageObject","inLanguage":"sk-SK","@id":"https:\/\/secure.gravatar.com\/avatar\/2bb7f1561282132fb5826dfeccc66c7996d11ee392ac6aaf7ced8a1c2027fbb2?s=96&d=mm&r=g","url":"https:\/\/secure.gravatar.com\/avatar\/2bb7f1561282132fb5826dfeccc66c7996d11ee392ac6aaf7ced8a1c2027fbb2?s=96&d=mm&r=g","contentUrl":"https:\/\/secure.gravatar.com\/avatar\/2bb7f1561282132fb5826dfeccc66c7996d11ee392ac6aaf7ced8a1c2027fbb2?s=96&d=mm&r=g","caption":"Pova\u017esk\u00e9 m\u00fazeum"}}]}},"_links":{"self":[{"href":"https:\/\/pmza.sk\/index.php?rest_route=\/wp\/v2\/posts\/56460","targetHints":{"allow":["GET"]}}],"collection":[{"href":"https:\/\/pmza.sk\/index.php?rest_route=\/wp\/v2\/posts"}],"about":[{"href":"https:\/\/pmza.sk\/index.php?rest_route=\/wp\/v2\/types\/post"}],"author":[{"embeddable":true,"href":"https:\/\/pmza.sk\/index.php?rest_route=\/wp\/v2\/users\/2"}],"replies":[{"embeddable":true,"href":"https:\/\/pmza.sk\/index.php?rest_route=%2Fwp%2Fv2%2Fcomments&post=56460"}],"version-history":[{"count":0,"href":"https:\/\/pmza.sk\/index.php?rest_route=\/wp\/v2\/posts\/56460\/revisions"}],"wp:featuredmedia":[{"embeddable":true,"href":"https:\/\/pmza.sk\/index.php?rest_route=\/wp\/v2\/media\/56463"}],"wp:attachment":[{"href":"https:\/\/pmza.sk\/index.php?rest_route=%2Fwp%2Fv2%2Fmedia&parent=56460"}],"wp:term":[{"taxonomy":"category","embeddable":true,"href":"https:\/\/pmza.sk\/index.php?rest_route=%2Fwp%2Fv2%2Fcategories&post=56460"},{"taxonomy":"post_tag","embeddable":true,"href":"https:\/\/pmza.sk\/index.php?rest_route=%2Fwp%2Fv2%2Ftags&post=56460"}],"curies":[{"name":"wp","href":"https:\/\/api.w.org\/{rel}","templated":true}]}}