{"id":56465,"date":"2023-05-16T09:09:50","date_gmt":"2023-05-16T07:09:50","guid":{"rendered":"https:\/\/pmza.sk\/?p=56465"},"modified":"2023-10-16T08:28:31","modified_gmt":"2023-10-16T06:28:31","slug":"kde-bolo-tam-bolo","status":"publish","type":"post","link":"https:\/\/pmza.sk\/?p=56465","title":{"rendered":"Kde bolo, tam bolo&#8230;"},"content":{"rendered":"<p>Prehliadku na hrade Stre\u010dno spr\u00edjemn\u00ed n\u00e1v\u0161tevn\u00edkom od 3. j\u00fana v\u00fdstava Kde bolo, tam bolo, ktorej autorom je Ondrej Zimka 4. Umelec sa venuje komornej i\u00a0monument\u00e1lnej soch\u00e1rskej tvorbe a\u00a0ma\u013ebe. Z\u00fa\u010dastnil sa na viacer\u00fdch individu\u00e1lnych a\u00a0kolekt\u00edvnych v\u00fdstav\u00e1ch doma aj v\u00a0zahrani\u010d\u00ed a\u00a0jeho diela sa nach\u00e1dzaj\u00fa v\u00a0po\u010detn\u00fdch verejn\u00fdch i\u00a0s\u00fakromn\u00fdch zbierkach. V\u00a0roku 2005 dokonca z\u00edskal ako prv\u00fd mlad\u00fd autor Cenu Gerarda H. Meuelensteena.<\/p>\n<p><em>\u201eJeho diela maj\u00fa obrovsk\u00fa v\u00fdpovedn\u00fa hodnotu. Jedine\u010dn\u00fdm sp\u00f4sobom zasahuj\u00fa do dej\u00edn v\u00fdtvarn\u00e9ho umenia doma i v zahrani\u010d\u00ed. Plastiky, sochy a ma\u013eby hovoria protivojnov\u00fdm jazykom a odovzd\u00e1vaj\u00fa n\u00e1m ur\u010dit\u00e9 posolstvo, inform\u00e1ciu absurdity zbrojenia tohto sveta, a tak zlyhania \u013eudsk\u00e9ho potenci\u00e1lu. Otv\u00e1ra t\u00e9mu, ktor\u00e1 je v r\u00e1mci dej\u00edn \u013eudstva neust\u00e1le aktu\u00e1lna a z\u00e1rove\u0148 t\u00fato my\u0161lienku pretv\u00e1ra do sveta umenia. Ve\u013ekolepo rozpr\u00e1va pr\u00edbeh prostredn\u00edctvom jednotliv\u00fdch s\u00f4ch, plast\u00edk a\u00a0obrazov,\u201c<\/em> vysvet\u013euje spolukur\u00e1torka v\u00fdstavy Petronela Vlhov\u00e1 z\u00a0Pova\u017esk\u00e9ho m\u00fazea. Dop\u013a\u0148a ju spolukur\u00e1tor Miroslav Kr\u00e1lik: <em>\u201eOndrej 4. je vo svojich umeleck\u00fdch v\u00fdpovediach v\u017edy \u00faprimn\u00fd a priamy a neboj\u00ed sa reagova\u0165 na aktu\u00e1lne spolo\u010densk\u00e9 t\u00e9my \u010dasto ve\u013emi kriticky. Pravdiv\u00e9 a z\u00e1rove\u0148 symbolick\u00e9\u00a0 vyjadrenia t\u00fdchto pocitov v jeho dielach bud\u00fa tentokr\u00e1t umocnen\u00e9 neopakovate\u013enou atmosf\u00e9rou hradu Stre\u010dno. Bud\u00fa sa tu prel\u00edna\u0165 prvky rozpr\u00e1vkov\u00e9ho mysticizmu s tvrdou realitou dne\u0161nej doby a skryt\u00fdm odkazom pre bud\u00face pokolenia.\u201c<\/em><\/p>\n<p>Sl\u00e1vnostn\u00e9 otvorenie v\u00fdstavy Kde bolo, tam bolo sa uskuto\u010dn\u00ed v\u00a0piatok 2. j\u00fana o\u00a018.00 na hrade Stre\u010dno. N\u00e1v\u0161tevn\u00edci si m\u00f4\u017eu v\u00fdstavu pozrie\u0165 v\u00a0priestoroch severn\u00e9ho pal\u00e1ca v\u00a0r\u00e1mci prehliadky hradu a\u017e do 15. okt\u00f3bra.<\/p>\n<div class=\"wp-block-image\"><img fetchpriority=\"high\" decoding=\"async\" class=\"alignnone size-medium wp-image-56466\" src=\"https:\/\/pmza.sk\/wp-content\/uploads\/2023\/05\/Ondrej_4_K8-255x360.jpg\" alt=\"\" width=\"255\" height=\"360\" srcset=\"https:\/\/pmza.sk\/wp-content\/uploads\/2023\/05\/Ondrej_4_K8-255x360.jpg 255w, https:\/\/pmza.sk\/wp-content\/uploads\/2023\/05\/Ondrej_4_K8-520x736.jpg 520w, https:\/\/pmza.sk\/wp-content\/uploads\/2023\/05\/Ondrej_4_K8-768x1086.jpg 768w, https:\/\/pmza.sk\/wp-content\/uploads\/2023\/05\/Ondrej_4_K8-1086x1536.jpg 1086w, https:\/\/pmza.sk\/wp-content\/uploads\/2023\/05\/Ondrej_4_K8-1448x2048.jpg 1448w, https:\/\/pmza.sk\/wp-content\/uploads\/2023\/05\/Ondrej_4_K8-600x849.jpg 600w, https:\/\/pmza.sk\/wp-content\/uploads\/2023\/05\/Ondrej_4_K8-scaled.jpg 1810w\" sizes=\"(max-width: 255px) 100vw, 255px\" \/><\/div>\n<div><\/div>\n<div>Plag\u00e1t v plnej ve\u013ekosti <a href=\"https:\/\/pmza.sk\/wp-content\/uploads\/2023\/05\/Ondrej_4_K8.pdf\">TU<\/a><\/div>\n","protected":false},"excerpt":{"rendered":"<p>Prehliadku na hrade Stre\u010dno spr\u00edjemn\u00ed n\u00e1v\u0161tevn\u00edkom od 3. j\u00fana v\u00fdstava Kde bolo, tam bolo, ktorej autorom je Ondrej Zimka 4. Umelec sa venuje komornej i\u00a0monument\u00e1lnej soch\u00e1rskej tvorbe a\u00a0ma\u013ebe. Z\u00fa\u010dastnil sa na viacer\u00fdch individu\u00e1lnych a\u00a0kolekt\u00edvnych v\u00fdstav\u00e1ch doma aj v\u00a0zahrani\u010d\u00ed a\u00a0jeho diela sa nach\u00e1dzaj\u00fa v\u00a0po\u010detn\u00fdch verejn\u00fdch i\u00a0s\u00fakromn\u00fdch zbierkach. V\u00a0roku 2005 dokonca z\u00edskal ako prv\u00fd mlad\u00fd autor Cenu [&hellip;]<\/p>\n","protected":false},"author":2,"featured_media":56468,"comment_status":"open","ping_status":"open","sticky":false,"template":"","format":"standard","meta":{"site-sidebar-layout":"default","site-content-layout":"default","ast-site-content-layout":"","site-content-style":"default","site-sidebar-style":"default","ast-global-header-display":"","ast-banner-title-visibility":"","ast-main-header-display":"","ast-hfb-above-header-display":"","ast-hfb-below-header-display":"","ast-hfb-mobile-header-display":"","site-post-title":"","ast-breadcrumbs-content":"","ast-featured-img":"","footer-sml-layout":"","theme-transparent-header-meta":"default","adv-header-id-meta":"","stick-header-meta":"default","header-above-stick-meta":"","header-main-stick-meta":"","header-below-stick-meta":"","astra-migrate-meta-layouts":"default","ast-page-background-enabled":"default","ast-page-background-meta":{"desktop":{"background-color":"var(--ast-global-color-4)","background-image":"","background-repeat":"repeat","background-position":"center center","background-size":"auto","background-attachment":"scroll","background-type":"","background-media":"","overlay-type":"","overlay-color":"","overlay-opacity":"","overlay-gradient":""},"tablet":{"background-color":"","background-image":"","background-repeat":"repeat","background-position":"center center","background-size":"auto","background-attachment":"scroll","background-type":"","background-media":"","overlay-type":"","overlay-color":"","overlay-opacity":"","overlay-gradient":""},"mobile":{"background-color":"","background-image":"","background-repeat":"repeat","background-position":"center center","background-size":"auto","background-attachment":"scroll","background-type":"","background-media":"","overlay-type":"","overlay-color":"","overlay-opacity":"","overlay-gradient":""}},"ast-content-background-meta":{"desktop":{"background-color":"var(--ast-global-color-5)","background-image":"","background-repeat":"repeat","background-position":"center center","background-size":"auto","background-attachment":"scroll","background-type":"","background-media":"","overlay-type":"","overlay-color":"","overlay-opacity":"","overlay-gradient":""},"tablet":{"background-color":"var(--ast-global-color-5)","background-image":"","background-repeat":"repeat","background-position":"center center","background-size":"auto","background-attachment":"scroll","background-type":"","background-media":"","overlay-type":"","overlay-color":"","overlay-opacity":"","overlay-gradient":""},"mobile":{"background-color":"var(--ast-global-color-5)","background-image":"","background-repeat":"repeat","background-position":"center center","background-size":"auto","background-attachment":"scroll","background-type":"","background-media":"","overlay-type":"","overlay-color":"","overlay-opacity":"","overlay-gradient":""}},"footnotes":""},"categories":[72],"tags":[],"class_list":["post-56465","post","type-post","status-publish","format-standard","has-post-thumbnail","hentry","category-vystavy"],"yoast_head":"<!-- This site is optimized with the Yoast SEO plugin v27.4 - https:\/\/yoast.com\/product\/yoast-seo-wordpress\/ -->\n<title>Kde bolo, tam bolo... - Pova\u017esk\u00e9 m\u00fazeum<\/title>\n<meta name=\"robots\" content=\"index, follow, max-snippet:-1, max-image-preview:large, max-video-preview:-1\" \/>\n<link rel=\"canonical\" href=\"https:\/\/pmza.sk\/?p=56465\" \/>\n<meta property=\"og:locale\" content=\"sk_SK\" \/>\n<meta property=\"og:type\" content=\"article\" \/>\n<meta property=\"og:title\" content=\"Kde bolo, tam bolo... - Pova\u017esk\u00e9 m\u00fazeum\" \/>\n<meta property=\"og:description\" content=\"Prehliadku na hrade Stre\u010dno spr\u00edjemn\u00ed n\u00e1v\u0161tevn\u00edkom od 3. j\u00fana v\u00fdstava Kde bolo, tam bolo, ktorej autorom je Ondrej Zimka 4. Umelec sa venuje komornej i\u00a0monument\u00e1lnej soch\u00e1rskej tvorbe a\u00a0ma\u013ebe. Z\u00fa\u010dastnil sa na viacer\u00fdch individu\u00e1lnych a\u00a0kolekt\u00edvnych v\u00fdstav\u00e1ch doma aj v\u00a0zahrani\u010d\u00ed a\u00a0jeho diela sa nach\u00e1dzaj\u00fa v\u00a0po\u010detn\u00fdch verejn\u00fdch i\u00a0s\u00fakromn\u00fdch zbierkach. V\u00a0roku 2005 dokonca z\u00edskal ako prv\u00fd mlad\u00fd autor Cenu [&hellip;]\" \/>\n<meta property=\"og:url\" content=\"https:\/\/pmza.sk\/?p=56465\" \/>\n<meta property=\"og:site_name\" content=\"Pova\u017esk\u00e9 m\u00fazeum\" \/>\n<meta property=\"article:publisher\" content=\"https:\/\/www.facebook.com\/povazskemuzeum\" \/>\n<meta property=\"article:published_time\" content=\"2023-05-16T07:09:50+00:00\" \/>\n<meta property=\"article:modified_time\" content=\"2023-10-16T06:28:31+00:00\" \/>\n<meta property=\"og:image\" content=\"https:\/\/pmza.sk\/wp-content\/uploads\/2023\/05\/Ondrej_4_web-scaled.jpg\" \/>\n\t<meta property=\"og:image:width\" content=\"2560\" \/>\n\t<meta property=\"og:image:height\" content=\"2560\" \/>\n\t<meta property=\"og:image:type\" content=\"image\/jpeg\" \/>\n<meta name=\"author\" content=\"Pova\u017esk\u00e9 m\u00fazeum\" \/>\n<meta name=\"twitter:card\" content=\"summary_large_image\" \/>\n<meta name=\"twitter:label1\" content=\"Autor\" \/>\n\t<meta name=\"twitter:data1\" content=\"Pova\u017esk\u00e9 m\u00fazeum\" \/>\n\t<meta name=\"twitter:label2\" content=\"Predpokladan\u00fd \u010das \u010d\u00edtania\" \/>\n\t<meta name=\"twitter:data2\" content=\"2 min\u00faty\" \/>\n<script type=\"application\/ld+json\" class=\"yoast-schema-graph\">{\"@context\":\"https:\\\/\\\/schema.org\",\"@graph\":[{\"@type\":\"Article\",\"@id\":\"https:\\\/\\\/pmza.sk\\\/?p=56465#article\",\"isPartOf\":{\"@id\":\"https:\\\/\\\/pmza.sk\\\/?p=56465\"},\"author\":{\"name\":\"Pova\u017esk\u00e9 m\u00fazeum\",\"@id\":\"https:\\\/\\\/pmza.sk\\\/#\\\/schema\\\/person\\\/595e6a2ce731ea94dcd5d7f50a41ae33\"},\"headline\":\"Kde bolo, tam bolo&#8230;\",\"datePublished\":\"2023-05-16T07:09:50+00:00\",\"dateModified\":\"2023-10-16T06:28:31+00:00\",\"mainEntityOfPage\":{\"@id\":\"https:\\\/\\\/pmza.sk\\\/?p=56465\"},\"wordCount\":338,\"commentCount\":0,\"publisher\":{\"@id\":\"https:\\\/\\\/pmza.sk\\\/#organization\"},\"image\":{\"@id\":\"https:\\\/\\\/pmza.sk\\\/?p=56465#primaryimage\"},\"thumbnailUrl\":\"https:\\\/\\\/pmza.sk\\\/wp-content\\\/uploads\\\/2023\\\/05\\\/Ondrej_4_web-scaled.jpg\",\"articleSection\":[\"V\u00fdstavy\"],\"inLanguage\":\"sk-SK\"},{\"@type\":\"WebPage\",\"@id\":\"https:\\\/\\\/pmza.sk\\\/?p=56465\",\"url\":\"https:\\\/\\\/pmza.sk\\\/?p=56465\",\"name\":\"Kde bolo, tam bolo... - Pova\u017esk\u00e9 m\u00fazeum\",\"isPartOf\":{\"@id\":\"https:\\\/\\\/pmza.sk\\\/#website\"},\"primaryImageOfPage\":{\"@id\":\"https:\\\/\\\/pmza.sk\\\/?p=56465#primaryimage\"},\"image\":{\"@id\":\"https:\\\/\\\/pmza.sk\\\/?p=56465#primaryimage\"},\"thumbnailUrl\":\"https:\\\/\\\/pmza.sk\\\/wp-content\\\/uploads\\\/2023\\\/05\\\/Ondrej_4_web-scaled.jpg\",\"datePublished\":\"2023-05-16T07:09:50+00:00\",\"dateModified\":\"2023-10-16T06:28:31+00:00\",\"breadcrumb\":{\"@id\":\"https:\\\/\\\/pmza.sk\\\/?p=56465#breadcrumb\"},\"inLanguage\":\"sk-SK\",\"potentialAction\":[{\"@type\":\"ReadAction\",\"target\":[\"https:\\\/\\\/pmza.sk\\\/?p=56465\"]}]},{\"@type\":\"ImageObject\",\"inLanguage\":\"sk-SK\",\"@id\":\"https:\\\/\\\/pmza.sk\\\/?p=56465#primaryimage\",\"url\":\"https:\\\/\\\/pmza.sk\\\/wp-content\\\/uploads\\\/2023\\\/05\\\/Ondrej_4_web-scaled.jpg\",\"contentUrl\":\"https:\\\/\\\/pmza.sk\\\/wp-content\\\/uploads\\\/2023\\\/05\\\/Ondrej_4_web-scaled.jpg\",\"width\":2560,\"height\":2560},{\"@type\":\"BreadcrumbList\",\"@id\":\"https:\\\/\\\/pmza.sk\\\/?p=56465#breadcrumb\",\"itemListElement\":[{\"@type\":\"ListItem\",\"position\":1,\"name\":\"Domovsk\u00e1 str\u00e1nka\",\"item\":\"https:\\\/\\\/pmza.sk\\\/\"},{\"@type\":\"ListItem\",\"position\":2,\"name\":\"Kde bolo, tam bolo&#8230;\"}]},{\"@type\":\"WebSite\",\"@id\":\"https:\\\/\\\/pmza.sk\\\/#website\",\"url\":\"https:\\\/\\\/pmza.sk\\\/\",\"name\":\"Pova\u017esk\u00e9 m\u00fazeum\",\"description\":\"Pova\u017esk\u00e9 m\u00fazeum v \u017diline je region\u00e1lne m\u00fazeum so s\u00eddlom v Budat\u00edne. Jeho expoz\u00edcie s\u00fa zameran\u00e9 na dejiny slovensk\u00e9ho umenia, kult\u00fary a dopravy.\",\"publisher\":{\"@id\":\"https:\\\/\\\/pmza.sk\\\/#organization\"},\"potentialAction\":[{\"@type\":\"SearchAction\",\"target\":{\"@type\":\"EntryPoint\",\"urlTemplate\":\"https:\\\/\\\/pmza.sk\\\/?s={search_term_string}\"},\"query-input\":{\"@type\":\"PropertyValueSpecification\",\"valueRequired\":true,\"valueName\":\"search_term_string\"}}],\"inLanguage\":\"sk-SK\"},{\"@type\":\"Organization\",\"@id\":\"https:\\\/\\\/pmza.sk\\\/#organization\",\"name\":\"Pova\u017esk\u00e9 m\u00fazeum\",\"url\":\"https:\\\/\\\/pmza.sk\\\/\",\"logo\":{\"@type\":\"ImageObject\",\"inLanguage\":\"sk-SK\",\"@id\":\"https:\\\/\\\/pmza.sk\\\/#\\\/schema\\\/logo\\\/image\\\/\",\"url\":\"https:\\\/\\\/pmza.sk\\\/wp-content\\\/uploads\\\/2022\\\/01\\\/logo_PM_horizontal.jpg\",\"contentUrl\":\"https:\\\/\\\/pmza.sk\\\/wp-content\\\/uploads\\\/2022\\\/01\\\/logo_PM_horizontal.jpg\",\"width\":231,\"height\":142,\"caption\":\"Pova\u017esk\u00e9 m\u00fazeum\"},\"image\":{\"@id\":\"https:\\\/\\\/pmza.sk\\\/#\\\/schema\\\/logo\\\/image\\\/\"},\"sameAs\":[\"https:\\\/\\\/www.facebook.com\\\/povazskemuzeum\",\"https:\\\/\\\/www.instagram.com\\\/povazskemuzeum\\\/\"]},{\"@type\":\"Person\",\"@id\":\"https:\\\/\\\/pmza.sk\\\/#\\\/schema\\\/person\\\/595e6a2ce731ea94dcd5d7f50a41ae33\",\"name\":\"Pova\u017esk\u00e9 m\u00fazeum\",\"image\":{\"@type\":\"ImageObject\",\"inLanguage\":\"sk-SK\",\"@id\":\"https:\\\/\\\/secure.gravatar.com\\\/avatar\\\/2bb7f1561282132fb5826dfeccc66c7996d11ee392ac6aaf7ced8a1c2027fbb2?s=96&d=mm&r=g\",\"url\":\"https:\\\/\\\/secure.gravatar.com\\\/avatar\\\/2bb7f1561282132fb5826dfeccc66c7996d11ee392ac6aaf7ced8a1c2027fbb2?s=96&d=mm&r=g\",\"contentUrl\":\"https:\\\/\\\/secure.gravatar.com\\\/avatar\\\/2bb7f1561282132fb5826dfeccc66c7996d11ee392ac6aaf7ced8a1c2027fbb2?s=96&d=mm&r=g\",\"caption\":\"Pova\u017esk\u00e9 m\u00fazeum\"}}]}<\/script>\n<!-- \/ Yoast SEO plugin. -->","yoast_head_json":{"title":"Kde bolo, tam bolo... - Pova\u017esk\u00e9 m\u00fazeum","robots":{"index":"index","follow":"follow","max-snippet":"max-snippet:-1","max-image-preview":"max-image-preview:large","max-video-preview":"max-video-preview:-1"},"canonical":"https:\/\/pmza.sk\/?p=56465","og_locale":"sk_SK","og_type":"article","og_title":"Kde bolo, tam bolo... - Pova\u017esk\u00e9 m\u00fazeum","og_description":"Prehliadku na hrade Stre\u010dno spr\u00edjemn\u00ed n\u00e1v\u0161tevn\u00edkom od 3. j\u00fana v\u00fdstava Kde bolo, tam bolo, ktorej autorom je Ondrej Zimka 4. Umelec sa venuje komornej i\u00a0monument\u00e1lnej soch\u00e1rskej tvorbe a\u00a0ma\u013ebe. Z\u00fa\u010dastnil sa na viacer\u00fdch individu\u00e1lnych a\u00a0kolekt\u00edvnych v\u00fdstav\u00e1ch doma aj v\u00a0zahrani\u010d\u00ed a\u00a0jeho diela sa nach\u00e1dzaj\u00fa v\u00a0po\u010detn\u00fdch verejn\u00fdch i\u00a0s\u00fakromn\u00fdch zbierkach. V\u00a0roku 2005 dokonca z\u00edskal ako prv\u00fd mlad\u00fd autor Cenu [&hellip;]","og_url":"https:\/\/pmza.sk\/?p=56465","og_site_name":"Pova\u017esk\u00e9 m\u00fazeum","article_publisher":"https:\/\/www.facebook.com\/povazskemuzeum","article_published_time":"2023-05-16T07:09:50+00:00","article_modified_time":"2023-10-16T06:28:31+00:00","og_image":[{"width":2560,"height":2560,"url":"https:\/\/pmza.sk\/wp-content\/uploads\/2023\/05\/Ondrej_4_web-scaled.jpg","type":"image\/jpeg"}],"author":"Pova\u017esk\u00e9 m\u00fazeum","twitter_card":"summary_large_image","twitter_misc":{"Autor":"Pova\u017esk\u00e9 m\u00fazeum","Predpokladan\u00fd \u010das \u010d\u00edtania":"2 min\u00faty"},"schema":{"@context":"https:\/\/schema.org","@graph":[{"@type":"Article","@id":"https:\/\/pmza.sk\/?p=56465#article","isPartOf":{"@id":"https:\/\/pmza.sk\/?p=56465"},"author":{"name":"Pova\u017esk\u00e9 m\u00fazeum","@id":"https:\/\/pmza.sk\/#\/schema\/person\/595e6a2ce731ea94dcd5d7f50a41ae33"},"headline":"Kde bolo, tam bolo&#8230;","datePublished":"2023-05-16T07:09:50+00:00","dateModified":"2023-10-16T06:28:31+00:00","mainEntityOfPage":{"@id":"https:\/\/pmza.sk\/?p=56465"},"wordCount":338,"commentCount":0,"publisher":{"@id":"https:\/\/pmza.sk\/#organization"},"image":{"@id":"https:\/\/pmza.sk\/?p=56465#primaryimage"},"thumbnailUrl":"https:\/\/pmza.sk\/wp-content\/uploads\/2023\/05\/Ondrej_4_web-scaled.jpg","articleSection":["V\u00fdstavy"],"inLanguage":"sk-SK"},{"@type":"WebPage","@id":"https:\/\/pmza.sk\/?p=56465","url":"https:\/\/pmza.sk\/?p=56465","name":"Kde bolo, tam bolo... - Pova\u017esk\u00e9 m\u00fazeum","isPartOf":{"@id":"https:\/\/pmza.sk\/#website"},"primaryImageOfPage":{"@id":"https:\/\/pmza.sk\/?p=56465#primaryimage"},"image":{"@id":"https:\/\/pmza.sk\/?p=56465#primaryimage"},"thumbnailUrl":"https:\/\/pmza.sk\/wp-content\/uploads\/2023\/05\/Ondrej_4_web-scaled.jpg","datePublished":"2023-05-16T07:09:50+00:00","dateModified":"2023-10-16T06:28:31+00:00","breadcrumb":{"@id":"https:\/\/pmza.sk\/?p=56465#breadcrumb"},"inLanguage":"sk-SK","potentialAction":[{"@type":"ReadAction","target":["https:\/\/pmza.sk\/?p=56465"]}]},{"@type":"ImageObject","inLanguage":"sk-SK","@id":"https:\/\/pmza.sk\/?p=56465#primaryimage","url":"https:\/\/pmza.sk\/wp-content\/uploads\/2023\/05\/Ondrej_4_web-scaled.jpg","contentUrl":"https:\/\/pmza.sk\/wp-content\/uploads\/2023\/05\/Ondrej_4_web-scaled.jpg","width":2560,"height":2560},{"@type":"BreadcrumbList","@id":"https:\/\/pmza.sk\/?p=56465#breadcrumb","itemListElement":[{"@type":"ListItem","position":1,"name":"Domovsk\u00e1 str\u00e1nka","item":"https:\/\/pmza.sk\/"},{"@type":"ListItem","position":2,"name":"Kde bolo, tam bolo&#8230;"}]},{"@type":"WebSite","@id":"https:\/\/pmza.sk\/#website","url":"https:\/\/pmza.sk\/","name":"Pova\u017esk\u00e9 m\u00fazeum","description":"Pova\u017esk\u00e9 m\u00fazeum v \u017diline je region\u00e1lne m\u00fazeum so s\u00eddlom v Budat\u00edne. Jeho expoz\u00edcie s\u00fa zameran\u00e9 na dejiny slovensk\u00e9ho umenia, kult\u00fary a dopravy.","publisher":{"@id":"https:\/\/pmza.sk\/#organization"},"potentialAction":[{"@type":"SearchAction","target":{"@type":"EntryPoint","urlTemplate":"https:\/\/pmza.sk\/?s={search_term_string}"},"query-input":{"@type":"PropertyValueSpecification","valueRequired":true,"valueName":"search_term_string"}}],"inLanguage":"sk-SK"},{"@type":"Organization","@id":"https:\/\/pmza.sk\/#organization","name":"Pova\u017esk\u00e9 m\u00fazeum","url":"https:\/\/pmza.sk\/","logo":{"@type":"ImageObject","inLanguage":"sk-SK","@id":"https:\/\/pmza.sk\/#\/schema\/logo\/image\/","url":"https:\/\/pmza.sk\/wp-content\/uploads\/2022\/01\/logo_PM_horizontal.jpg","contentUrl":"https:\/\/pmza.sk\/wp-content\/uploads\/2022\/01\/logo_PM_horizontal.jpg","width":231,"height":142,"caption":"Pova\u017esk\u00e9 m\u00fazeum"},"image":{"@id":"https:\/\/pmza.sk\/#\/schema\/logo\/image\/"},"sameAs":["https:\/\/www.facebook.com\/povazskemuzeum","https:\/\/www.instagram.com\/povazskemuzeum\/"]},{"@type":"Person","@id":"https:\/\/pmza.sk\/#\/schema\/person\/595e6a2ce731ea94dcd5d7f50a41ae33","name":"Pova\u017esk\u00e9 m\u00fazeum","image":{"@type":"ImageObject","inLanguage":"sk-SK","@id":"https:\/\/secure.gravatar.com\/avatar\/2bb7f1561282132fb5826dfeccc66c7996d11ee392ac6aaf7ced8a1c2027fbb2?s=96&d=mm&r=g","url":"https:\/\/secure.gravatar.com\/avatar\/2bb7f1561282132fb5826dfeccc66c7996d11ee392ac6aaf7ced8a1c2027fbb2?s=96&d=mm&r=g","contentUrl":"https:\/\/secure.gravatar.com\/avatar\/2bb7f1561282132fb5826dfeccc66c7996d11ee392ac6aaf7ced8a1c2027fbb2?s=96&d=mm&r=g","caption":"Pova\u017esk\u00e9 m\u00fazeum"}}]}},"_links":{"self":[{"href":"https:\/\/pmza.sk\/index.php?rest_route=\/wp\/v2\/posts\/56465","targetHints":{"allow":["GET"]}}],"collection":[{"href":"https:\/\/pmza.sk\/index.php?rest_route=\/wp\/v2\/posts"}],"about":[{"href":"https:\/\/pmza.sk\/index.php?rest_route=\/wp\/v2\/types\/post"}],"author":[{"embeddable":true,"href":"https:\/\/pmza.sk\/index.php?rest_route=\/wp\/v2\/users\/2"}],"replies":[{"embeddable":true,"href":"https:\/\/pmza.sk\/index.php?rest_route=%2Fwp%2Fv2%2Fcomments&post=56465"}],"version-history":[{"count":0,"href":"https:\/\/pmza.sk\/index.php?rest_route=\/wp\/v2\/posts\/56465\/revisions"}],"wp:featuredmedia":[{"embeddable":true,"href":"https:\/\/pmza.sk\/index.php?rest_route=\/wp\/v2\/media\/56468"}],"wp:attachment":[{"href":"https:\/\/pmza.sk\/index.php?rest_route=%2Fwp%2Fv2%2Fmedia&parent=56465"}],"wp:term":[{"taxonomy":"category","embeddable":true,"href":"https:\/\/pmza.sk\/index.php?rest_route=%2Fwp%2Fv2%2Fcategories&post=56465"},{"taxonomy":"post_tag","embeddable":true,"href":"https:\/\/pmza.sk\/index.php?rest_route=%2Fwp%2Fv2%2Ftags&post=56465"}],"curies":[{"name":"wp","href":"https:\/\/api.w.org\/{rel}","templated":true}]}}