{"id":56687,"date":"2023-06-01T11:14:46","date_gmt":"2023-06-01T09:14:46","guid":{"rendered":"https:\/\/pmza.sk\/?p=56687"},"modified":"2023-08-11T09:23:34","modified_gmt":"2023-08-11T07:23:34","slug":"myrikovka-nemecka-je-zbierkovym-predmetom-mesiaca-jun","status":"publish","type":"post","link":"https:\/\/pmza.sk\/?p=56687","title":{"rendered":"Myrikovka nemeck\u00e1 je zbierkov\u00fdm predmetom mesiaca j\u00fan"},"content":{"rendered":"<p>Atrakt\u00edvny sivozelen\u00fd kr\u00edk so\u00a0\u0161upinovit\u00fdmi listami a \u00a0s\u00a0dlh\u00fdmi strapcami slaboru\u017eov\u00fdch kvetov, ktor\u00fd n\u00e1jdete r\u00e1s\u0165 len pri na\u0161ich najzachovalej\u0161\u00edch divok\u00fdch riekach a potokoch. To je myrikovka nemeck\u00e1. Vz\u00e1cna a\u00a0mizn\u00faca a\u00a0preto zaraden\u00e1 medzi chr\u00e1nen\u00e9 dreviny na\u0161ej fl\u00f3ry. V\u00a0\u010cervenom zozname rastl\u00edn Slovenska jej patr\u00ed status zranite\u013en\u00e9ho druhu. Sp\u00f4sobili to jej vyhranen\u00e9 preferencie k\u00a0stanovi\u0161\u0165u, kde \u017eije. Nedok\u00e1\u017ee konkurova\u0165 in\u00fdm drevin\u00e1m, \u00a0nezn\u00e1\u0161a ak\u00e9ko\u013evek zatienenie. Rastie len na n\u00edzkych \u0161trkovit\u00fdch naplavenin\u00e1ch \u00a0horsk\u00fdch riek. Dobre zn\u00e1\u0161a zaplavenie aj prekrytie pieskom, ale regula\u010dn\u00e9 z\u00e1sahy do vodn\u00fdch tokov, \u0165a\u017eba \u0161trkov alebo zanesenie hlinou sp\u00f4sobia jej \u00fahyn. V\u00a0minulosti bolo be\u017en\u00e9, \u017ee sa na neregulovan\u00fdch riekach tvorili prirodzen\u00e9 nezarasten\u00e9 \u0161trkov\u00e9 lavice, miesta jej jedin\u00e9ho v\u00fdskytu. V\u00a0s\u00fa\u010dasnosti na Slovensku rastie len v nieko\u013ek\u00fdch povodiach, najm\u00e4 na severe a v\u00fdchode Slovenska. N\u00e1jdete ju na brehoch rieky Poprad, Bel\u00e1, Top\u013ea, Torysa a\u00a0Ondava. Dorast\u00e1 do ve\u013ekosti 1,5 a\u017e 2 metre a\u00a0jej neve\u013ek\u00e9 biele kvety sa otv\u00e1raj\u00fa od j\u00fana do augusta.<\/p>\n<p>V\u00a0\u0161ir\u0161om okol\u00ed \u017diliny v\u00a0minulosti r\u00e1stla v koryte Raj\u010dianky, Var\u00ednky, Lesnianky a v Kurskom potoku. V\u00a0celom priestore \u017dilinskej kotliny v\u0161ak vymizla, jej v\u00fdskyt nie je v\u00a0s\u00fa\u010dasnom obdob\u00ed potvrden\u00fd.<\/p>\n<p>V\u00a0Pova\u017eskom m\u00fazeu m\u00e1me dokladovan\u00e9 herb\u00e1rov\u00e9 polo\u017eky z\u00a0rokov 1980 a 1981 \u00a0z\u00a0Kursk\u00e9ho potoka a\u00a0z\u00a0rokov 1997 a\u00a02002 z\u00a0brehov Lesnianky. Tieto zbery predstavujeme v\u00a0r\u00e1mci Zbierkov\u00e9ho predmetu mesiaca.<\/p>\n<p>Zbierkov\u00fd fond Pova\u017esk\u00e9ho m\u00fazea zah\u0155\u0148a vy\u0161e 156\u00a0000 predmetov kult\u00farnej hodnoty, ktor\u00e9 m\u00fazeum uchov\u00e1va, ochra\u0148uje, odborne spracov\u00e1va a\u00a0pou\u017e\u00edva na v\u00fdstavn\u00e9 a\u00a0in\u00e9 prezenta\u010dn\u00e9 \u00fa\u010dely. Fond je rozdelen\u00fd pod\u013ea zamerania na \u010dasti: hist\u00f3ria, doprava, archeol\u00f3gia, etnol\u00f3gia, drot\u00e1rstvo, geol\u00f3gia, zool\u00f3gia a\u00a0botanika.<\/p>\n<p>Fond botaniky eviduje v herb\u00e1ri vy\u0161e 17\u00a0000 polo\u017eiek ni\u017e\u0161\u00edch a\u00a0vy\u0161\u0161\u00edch rastl\u00edn, ktor\u00e9 dokumentuj\u00fa fl\u00f3ru severoz\u00e1padn\u00e9ho Slovenska.<\/p>\n<p><em>\u00a0<\/em><\/p>\n<p>Text: Ing. Kv\u011bta Kickov\u00e1<\/p>\n<p>Foto: <a href=\"https:\/\/www.infoflora.ch\/en\/flora\/myricaria-germanica.html\">https:\/\/www.infoflora.ch\/en\/flora\/myricaria-germanica.html<\/a><\/p>\n<p><a href=\"https:\/\/botany.cz\/cs\/myricaria-germanica\/\">https:\/\/botany.cz\/cs\/myricaria-germanica\/<\/a><\/p>\n<p>&nbsp;<\/p>\n<div class=\"wp-block-image\"><img fetchpriority=\"high\" decoding=\"async\" class=\"alignnone size-medium wp-image-56689\" src=\"https:\/\/pmza.sk\/wp-content\/uploads\/2023\/06\/MYRICARIA_KV-251x360.jpg\" alt=\"\" width=\"251\" height=\"360\" srcset=\"https:\/\/pmza.sk\/wp-content\/uploads\/2023\/06\/MYRICARIA_KV-251x360.jpg 251w, https:\/\/pmza.sk\/wp-content\/uploads\/2023\/06\/MYRICARIA_KV.jpg 419w\" sizes=\"(max-width: 251px) 100vw, 251px\" \/><\/div>\n<div><\/div>\n<div>\n<p><img decoding=\"async\" class=\"size-medium wp-image-56690\" src=\"https:\/\/pmza.sk\/wp-content\/uploads\/2023\/06\/myricariabiotop1-480x360.jpg\" alt=\"\" width=\"480\" height=\"360\" srcset=\"https:\/\/pmza.sk\/wp-content\/uploads\/2023\/06\/myricariabiotop1-480x360.jpg 480w, https:\/\/pmza.sk\/wp-content\/uploads\/2023\/06\/myricariabiotop1-600x450.jpg 600w, https:\/\/pmza.sk\/wp-content\/uploads\/2023\/06\/myricariabiotop1.jpg 685w\" sizes=\"(max-width: 480px) 100vw, 480px\" \/><\/p>\n<p>OLYMPUS DIGITAL CAMERA<\/p>\n<\/div>\n","protected":false},"excerpt":{"rendered":"<p>Atrakt\u00edvny sivozelen\u00fd kr\u00edk so\u00a0\u0161upinovit\u00fdmi listami a \u00a0s\u00a0dlh\u00fdmi strapcami slaboru\u017eov\u00fdch kvetov, ktor\u00fd n\u00e1jdete r\u00e1s\u0165 len pri na\u0161ich najzachovalej\u0161\u00edch divok\u00fdch riekach a potokoch. To je myrikovka nemeck\u00e1. Vz\u00e1cna a\u00a0mizn\u00faca a\u00a0preto zaraden\u00e1 medzi chr\u00e1nen\u00e9 dreviny na\u0161ej fl\u00f3ry. V\u00a0\u010cervenom zozname rastl\u00edn Slovenska jej patr\u00ed status zranite\u013en\u00e9ho druhu. Sp\u00f4sobili to jej vyhranen\u00e9 preferencie k\u00a0stanovi\u0161\u0165u, kde \u017eije. Nedok\u00e1\u017ee konkurova\u0165 in\u00fdm drevin\u00e1m, [&hellip;]<\/p>\n","protected":false},"author":2,"featured_media":56688,"comment_status":"open","ping_status":"open","sticky":false,"template":"","format":"standard","meta":{"site-sidebar-layout":"default","site-content-layout":"default","ast-site-content-layout":"","site-content-style":"default","site-sidebar-style":"default","ast-global-header-display":"","ast-banner-title-visibility":"","ast-main-header-display":"","ast-hfb-above-header-display":"","ast-hfb-below-header-display":"","ast-hfb-mobile-header-display":"","site-post-title":"","ast-breadcrumbs-content":"","ast-featured-img":"","footer-sml-layout":"","theme-transparent-header-meta":"default","adv-header-id-meta":"","stick-header-meta":"default","header-above-stick-meta":"","header-main-stick-meta":"","header-below-stick-meta":"","astra-migrate-meta-layouts":"default","ast-page-background-enabled":"default","ast-page-background-meta":{"desktop":{"background-color":"var(--ast-global-color-4)","background-image":"","background-repeat":"repeat","background-position":"center center","background-size":"auto","background-attachment":"scroll","background-type":"","background-media":"","overlay-type":"","overlay-color":"","overlay-opacity":"","overlay-gradient":""},"tablet":{"background-color":"","background-image":"","background-repeat":"repeat","background-position":"center center","background-size":"auto","background-attachment":"scroll","background-type":"","background-media":"","overlay-type":"","overlay-color":"","overlay-opacity":"","overlay-gradient":""},"mobile":{"background-color":"","background-image":"","background-repeat":"repeat","background-position":"center center","background-size":"auto","background-attachment":"scroll","background-type":"","background-media":"","overlay-type":"","overlay-color":"","overlay-opacity":"","overlay-gradient":""}},"ast-content-background-meta":{"desktop":{"background-color":"var(--ast-global-color-5)","background-image":"","background-repeat":"repeat","background-position":"center center","background-size":"auto","background-attachment":"scroll","background-type":"","background-media":"","overlay-type":"","overlay-color":"","overlay-opacity":"","overlay-gradient":""},"tablet":{"background-color":"var(--ast-global-color-5)","background-image":"","background-repeat":"repeat","background-position":"center center","background-size":"auto","background-attachment":"scroll","background-type":"","background-media":"","overlay-type":"","overlay-color":"","overlay-opacity":"","overlay-gradient":""},"mobile":{"background-color":"var(--ast-global-color-5)","background-image":"","background-repeat":"repeat","background-position":"center center","background-size":"auto","background-attachment":"scroll","background-type":"","background-media":"","overlay-type":"","overlay-color":"","overlay-opacity":"","overlay-gradient":""}},"footnotes":""},"categories":[31],"tags":[],"class_list":["post-56687","post","type-post","status-publish","format-standard","has-post-thumbnail","hentry","category-aktuality"],"yoast_head":"<!-- This site is optimized with the Yoast SEO plugin v27.4 - https:\/\/yoast.com\/product\/yoast-seo-wordpress\/ -->\n<title>Myrikovka nemeck\u00e1 je zbierkov\u00fdm predmetom mesiaca j\u00fan - Pova\u017esk\u00e9 m\u00fazeum<\/title>\n<meta name=\"robots\" content=\"index, follow, max-snippet:-1, max-image-preview:large, max-video-preview:-1\" \/>\n<link rel=\"canonical\" href=\"https:\/\/pmza.sk\/?p=56687\" \/>\n<meta property=\"og:locale\" content=\"sk_SK\" \/>\n<meta property=\"og:type\" content=\"article\" \/>\n<meta property=\"og:title\" content=\"Myrikovka nemeck\u00e1 je zbierkov\u00fdm predmetom mesiaca j\u00fan - Pova\u017esk\u00e9 m\u00fazeum\" \/>\n<meta property=\"og:description\" content=\"Atrakt\u00edvny sivozelen\u00fd kr\u00edk so\u00a0\u0161upinovit\u00fdmi listami a \u00a0s\u00a0dlh\u00fdmi strapcami slaboru\u017eov\u00fdch kvetov, ktor\u00fd n\u00e1jdete r\u00e1s\u0165 len pri na\u0161ich najzachovalej\u0161\u00edch divok\u00fdch riekach a potokoch. To je myrikovka nemeck\u00e1. Vz\u00e1cna a\u00a0mizn\u00faca a\u00a0preto zaraden\u00e1 medzi chr\u00e1nen\u00e9 dreviny na\u0161ej fl\u00f3ry. V\u00a0\u010cervenom zozname rastl\u00edn Slovenska jej patr\u00ed status zranite\u013en\u00e9ho druhu. Sp\u00f4sobili to jej vyhranen\u00e9 preferencie k\u00a0stanovi\u0161\u0165u, kde \u017eije. Nedok\u00e1\u017ee konkurova\u0165 in\u00fdm drevin\u00e1m, [&hellip;]\" \/>\n<meta property=\"og:url\" content=\"https:\/\/pmza.sk\/?p=56687\" \/>\n<meta property=\"og:site_name\" content=\"Pova\u017esk\u00e9 m\u00fazeum\" \/>\n<meta property=\"article:publisher\" content=\"https:\/\/www.facebook.com\/povazskemuzeum\" \/>\n<meta property=\"article:published_time\" content=\"2023-06-01T09:14:46+00:00\" \/>\n<meta property=\"article:modified_time\" content=\"2023-08-11T07:23:34+00:00\" \/>\n<meta property=\"og:image\" content=\"https:\/\/pmza.sk\/wp-content\/uploads\/2023\/06\/kv.jpg\" \/>\n\t<meta property=\"og:image:width\" content=\"2306\" \/>\n\t<meta property=\"og:image:height\" content=\"2175\" \/>\n\t<meta property=\"og:image:type\" content=\"image\/jpeg\" \/>\n<meta name=\"author\" content=\"Pova\u017esk\u00e9 m\u00fazeum\" \/>\n<meta name=\"twitter:card\" content=\"summary_large_image\" \/>\n<meta name=\"twitter:label1\" content=\"Autor\" \/>\n\t<meta name=\"twitter:data1\" content=\"Pova\u017esk\u00e9 m\u00fazeum\" \/>\n\t<meta name=\"twitter:label2\" content=\"Predpokladan\u00fd \u010das \u010d\u00edtania\" \/>\n\t<meta name=\"twitter:data2\" content=\"2 min\u00faty\" \/>\n<script type=\"application\/ld+json\" class=\"yoast-schema-graph\">{\"@context\":\"https:\\\/\\\/schema.org\",\"@graph\":[{\"@type\":\"Article\",\"@id\":\"https:\\\/\\\/pmza.sk\\\/?p=56687#article\",\"isPartOf\":{\"@id\":\"https:\\\/\\\/pmza.sk\\\/?p=56687\"},\"author\":{\"name\":\"Pova\u017esk\u00e9 m\u00fazeum\",\"@id\":\"https:\\\/\\\/pmza.sk\\\/#\\\/schema\\\/person\\\/595e6a2ce731ea94dcd5d7f50a41ae33\"},\"headline\":\"Myrikovka nemeck\u00e1 je zbierkov\u00fdm predmetom mesiaca j\u00fan\",\"datePublished\":\"2023-06-01T09:14:46+00:00\",\"dateModified\":\"2023-08-11T07:23:34+00:00\",\"mainEntityOfPage\":{\"@id\":\"https:\\\/\\\/pmza.sk\\\/?p=56687\"},\"wordCount\":393,\"commentCount\":0,\"publisher\":{\"@id\":\"https:\\\/\\\/pmza.sk\\\/#organization\"},\"image\":{\"@id\":\"https:\\\/\\\/pmza.sk\\\/?p=56687#primaryimage\"},\"thumbnailUrl\":\"https:\\\/\\\/pmza.sk\\\/wp-content\\\/uploads\\\/2023\\\/06\\\/kv.jpg\",\"articleSection\":[\"Aktuality\"],\"inLanguage\":\"sk-SK\"},{\"@type\":\"WebPage\",\"@id\":\"https:\\\/\\\/pmza.sk\\\/?p=56687\",\"url\":\"https:\\\/\\\/pmza.sk\\\/?p=56687\",\"name\":\"Myrikovka nemeck\u00e1 je zbierkov\u00fdm predmetom mesiaca j\u00fan - Pova\u017esk\u00e9 m\u00fazeum\",\"isPartOf\":{\"@id\":\"https:\\\/\\\/pmza.sk\\\/#website\"},\"primaryImageOfPage\":{\"@id\":\"https:\\\/\\\/pmza.sk\\\/?p=56687#primaryimage\"},\"image\":{\"@id\":\"https:\\\/\\\/pmza.sk\\\/?p=56687#primaryimage\"},\"thumbnailUrl\":\"https:\\\/\\\/pmza.sk\\\/wp-content\\\/uploads\\\/2023\\\/06\\\/kv.jpg\",\"datePublished\":\"2023-06-01T09:14:46+00:00\",\"dateModified\":\"2023-08-11T07:23:34+00:00\",\"breadcrumb\":{\"@id\":\"https:\\\/\\\/pmza.sk\\\/?p=56687#breadcrumb\"},\"inLanguage\":\"sk-SK\",\"potentialAction\":[{\"@type\":\"ReadAction\",\"target\":[\"https:\\\/\\\/pmza.sk\\\/?p=56687\"]}]},{\"@type\":\"ImageObject\",\"inLanguage\":\"sk-SK\",\"@id\":\"https:\\\/\\\/pmza.sk\\\/?p=56687#primaryimage\",\"url\":\"https:\\\/\\\/pmza.sk\\\/wp-content\\\/uploads\\\/2023\\\/06\\\/kv.jpg\",\"contentUrl\":\"https:\\\/\\\/pmza.sk\\\/wp-content\\\/uploads\\\/2023\\\/06\\\/kv.jpg\",\"width\":2306,\"height\":2175},{\"@type\":\"BreadcrumbList\",\"@id\":\"https:\\\/\\\/pmza.sk\\\/?p=56687#breadcrumb\",\"itemListElement\":[{\"@type\":\"ListItem\",\"position\":1,\"name\":\"Domovsk\u00e1 str\u00e1nka\",\"item\":\"https:\\\/\\\/pmza.sk\\\/\"},{\"@type\":\"ListItem\",\"position\":2,\"name\":\"Myrikovka nemeck\u00e1 je zbierkov\u00fdm predmetom mesiaca j\u00fan\"}]},{\"@type\":\"WebSite\",\"@id\":\"https:\\\/\\\/pmza.sk\\\/#website\",\"url\":\"https:\\\/\\\/pmza.sk\\\/\",\"name\":\"Pova\u017esk\u00e9 m\u00fazeum\",\"description\":\"Pova\u017esk\u00e9 m\u00fazeum v \u017diline je region\u00e1lne m\u00fazeum so s\u00eddlom v Budat\u00edne. Jeho expoz\u00edcie s\u00fa zameran\u00e9 na dejiny slovensk\u00e9ho umenia, kult\u00fary a dopravy.\",\"publisher\":{\"@id\":\"https:\\\/\\\/pmza.sk\\\/#organization\"},\"potentialAction\":[{\"@type\":\"SearchAction\",\"target\":{\"@type\":\"EntryPoint\",\"urlTemplate\":\"https:\\\/\\\/pmza.sk\\\/?s={search_term_string}\"},\"query-input\":{\"@type\":\"PropertyValueSpecification\",\"valueRequired\":true,\"valueName\":\"search_term_string\"}}],\"inLanguage\":\"sk-SK\"},{\"@type\":\"Organization\",\"@id\":\"https:\\\/\\\/pmza.sk\\\/#organization\",\"name\":\"Pova\u017esk\u00e9 m\u00fazeum\",\"url\":\"https:\\\/\\\/pmza.sk\\\/\",\"logo\":{\"@type\":\"ImageObject\",\"inLanguage\":\"sk-SK\",\"@id\":\"https:\\\/\\\/pmza.sk\\\/#\\\/schema\\\/logo\\\/image\\\/\",\"url\":\"https:\\\/\\\/pmza.sk\\\/wp-content\\\/uploads\\\/2022\\\/01\\\/logo_PM_horizontal.jpg\",\"contentUrl\":\"https:\\\/\\\/pmza.sk\\\/wp-content\\\/uploads\\\/2022\\\/01\\\/logo_PM_horizontal.jpg\",\"width\":231,\"height\":142,\"caption\":\"Pova\u017esk\u00e9 m\u00fazeum\"},\"image\":{\"@id\":\"https:\\\/\\\/pmza.sk\\\/#\\\/schema\\\/logo\\\/image\\\/\"},\"sameAs\":[\"https:\\\/\\\/www.facebook.com\\\/povazskemuzeum\",\"https:\\\/\\\/www.instagram.com\\\/povazskemuzeum\\\/\"]},{\"@type\":\"Person\",\"@id\":\"https:\\\/\\\/pmza.sk\\\/#\\\/schema\\\/person\\\/595e6a2ce731ea94dcd5d7f50a41ae33\",\"name\":\"Pova\u017esk\u00e9 m\u00fazeum\",\"image\":{\"@type\":\"ImageObject\",\"inLanguage\":\"sk-SK\",\"@id\":\"https:\\\/\\\/secure.gravatar.com\\\/avatar\\\/2bb7f1561282132fb5826dfeccc66c7996d11ee392ac6aaf7ced8a1c2027fbb2?s=96&d=mm&r=g\",\"url\":\"https:\\\/\\\/secure.gravatar.com\\\/avatar\\\/2bb7f1561282132fb5826dfeccc66c7996d11ee392ac6aaf7ced8a1c2027fbb2?s=96&d=mm&r=g\",\"contentUrl\":\"https:\\\/\\\/secure.gravatar.com\\\/avatar\\\/2bb7f1561282132fb5826dfeccc66c7996d11ee392ac6aaf7ced8a1c2027fbb2?s=96&d=mm&r=g\",\"caption\":\"Pova\u017esk\u00e9 m\u00fazeum\"}}]}<\/script>\n<!-- \/ Yoast SEO plugin. -->","yoast_head_json":{"title":"Myrikovka nemeck\u00e1 je zbierkov\u00fdm predmetom mesiaca j\u00fan - Pova\u017esk\u00e9 m\u00fazeum","robots":{"index":"index","follow":"follow","max-snippet":"max-snippet:-1","max-image-preview":"max-image-preview:large","max-video-preview":"max-video-preview:-1"},"canonical":"https:\/\/pmza.sk\/?p=56687","og_locale":"sk_SK","og_type":"article","og_title":"Myrikovka nemeck\u00e1 je zbierkov\u00fdm predmetom mesiaca j\u00fan - Pova\u017esk\u00e9 m\u00fazeum","og_description":"Atrakt\u00edvny sivozelen\u00fd kr\u00edk so\u00a0\u0161upinovit\u00fdmi listami a \u00a0s\u00a0dlh\u00fdmi strapcami slaboru\u017eov\u00fdch kvetov, ktor\u00fd n\u00e1jdete r\u00e1s\u0165 len pri na\u0161ich najzachovalej\u0161\u00edch divok\u00fdch riekach a potokoch. To je myrikovka nemeck\u00e1. Vz\u00e1cna a\u00a0mizn\u00faca a\u00a0preto zaraden\u00e1 medzi chr\u00e1nen\u00e9 dreviny na\u0161ej fl\u00f3ry. V\u00a0\u010cervenom zozname rastl\u00edn Slovenska jej patr\u00ed status zranite\u013en\u00e9ho druhu. Sp\u00f4sobili to jej vyhranen\u00e9 preferencie k\u00a0stanovi\u0161\u0165u, kde \u017eije. Nedok\u00e1\u017ee konkurova\u0165 in\u00fdm drevin\u00e1m, [&hellip;]","og_url":"https:\/\/pmza.sk\/?p=56687","og_site_name":"Pova\u017esk\u00e9 m\u00fazeum","article_publisher":"https:\/\/www.facebook.com\/povazskemuzeum","article_published_time":"2023-06-01T09:14:46+00:00","article_modified_time":"2023-08-11T07:23:34+00:00","og_image":[{"width":2306,"height":2175,"url":"https:\/\/pmza.sk\/wp-content\/uploads\/2023\/06\/kv.jpg","type":"image\/jpeg"}],"author":"Pova\u017esk\u00e9 m\u00fazeum","twitter_card":"summary_large_image","twitter_misc":{"Autor":"Pova\u017esk\u00e9 m\u00fazeum","Predpokladan\u00fd \u010das \u010d\u00edtania":"2 min\u00faty"},"schema":{"@context":"https:\/\/schema.org","@graph":[{"@type":"Article","@id":"https:\/\/pmza.sk\/?p=56687#article","isPartOf":{"@id":"https:\/\/pmza.sk\/?p=56687"},"author":{"name":"Pova\u017esk\u00e9 m\u00fazeum","@id":"https:\/\/pmza.sk\/#\/schema\/person\/595e6a2ce731ea94dcd5d7f50a41ae33"},"headline":"Myrikovka nemeck\u00e1 je zbierkov\u00fdm predmetom mesiaca j\u00fan","datePublished":"2023-06-01T09:14:46+00:00","dateModified":"2023-08-11T07:23:34+00:00","mainEntityOfPage":{"@id":"https:\/\/pmza.sk\/?p=56687"},"wordCount":393,"commentCount":0,"publisher":{"@id":"https:\/\/pmza.sk\/#organization"},"image":{"@id":"https:\/\/pmza.sk\/?p=56687#primaryimage"},"thumbnailUrl":"https:\/\/pmza.sk\/wp-content\/uploads\/2023\/06\/kv.jpg","articleSection":["Aktuality"],"inLanguage":"sk-SK"},{"@type":"WebPage","@id":"https:\/\/pmza.sk\/?p=56687","url":"https:\/\/pmza.sk\/?p=56687","name":"Myrikovka nemeck\u00e1 je zbierkov\u00fdm predmetom mesiaca j\u00fan - Pova\u017esk\u00e9 m\u00fazeum","isPartOf":{"@id":"https:\/\/pmza.sk\/#website"},"primaryImageOfPage":{"@id":"https:\/\/pmza.sk\/?p=56687#primaryimage"},"image":{"@id":"https:\/\/pmza.sk\/?p=56687#primaryimage"},"thumbnailUrl":"https:\/\/pmza.sk\/wp-content\/uploads\/2023\/06\/kv.jpg","datePublished":"2023-06-01T09:14:46+00:00","dateModified":"2023-08-11T07:23:34+00:00","breadcrumb":{"@id":"https:\/\/pmza.sk\/?p=56687#breadcrumb"},"inLanguage":"sk-SK","potentialAction":[{"@type":"ReadAction","target":["https:\/\/pmza.sk\/?p=56687"]}]},{"@type":"ImageObject","inLanguage":"sk-SK","@id":"https:\/\/pmza.sk\/?p=56687#primaryimage","url":"https:\/\/pmza.sk\/wp-content\/uploads\/2023\/06\/kv.jpg","contentUrl":"https:\/\/pmza.sk\/wp-content\/uploads\/2023\/06\/kv.jpg","width":2306,"height":2175},{"@type":"BreadcrumbList","@id":"https:\/\/pmza.sk\/?p=56687#breadcrumb","itemListElement":[{"@type":"ListItem","position":1,"name":"Domovsk\u00e1 str\u00e1nka","item":"https:\/\/pmza.sk\/"},{"@type":"ListItem","position":2,"name":"Myrikovka nemeck\u00e1 je zbierkov\u00fdm predmetom mesiaca j\u00fan"}]},{"@type":"WebSite","@id":"https:\/\/pmza.sk\/#website","url":"https:\/\/pmza.sk\/","name":"Pova\u017esk\u00e9 m\u00fazeum","description":"Pova\u017esk\u00e9 m\u00fazeum v \u017diline je region\u00e1lne m\u00fazeum so s\u00eddlom v Budat\u00edne. Jeho expoz\u00edcie s\u00fa zameran\u00e9 na dejiny slovensk\u00e9ho umenia, kult\u00fary a dopravy.","publisher":{"@id":"https:\/\/pmza.sk\/#organization"},"potentialAction":[{"@type":"SearchAction","target":{"@type":"EntryPoint","urlTemplate":"https:\/\/pmza.sk\/?s={search_term_string}"},"query-input":{"@type":"PropertyValueSpecification","valueRequired":true,"valueName":"search_term_string"}}],"inLanguage":"sk-SK"},{"@type":"Organization","@id":"https:\/\/pmza.sk\/#organization","name":"Pova\u017esk\u00e9 m\u00fazeum","url":"https:\/\/pmza.sk\/","logo":{"@type":"ImageObject","inLanguage":"sk-SK","@id":"https:\/\/pmza.sk\/#\/schema\/logo\/image\/","url":"https:\/\/pmza.sk\/wp-content\/uploads\/2022\/01\/logo_PM_horizontal.jpg","contentUrl":"https:\/\/pmza.sk\/wp-content\/uploads\/2022\/01\/logo_PM_horizontal.jpg","width":231,"height":142,"caption":"Pova\u017esk\u00e9 m\u00fazeum"},"image":{"@id":"https:\/\/pmza.sk\/#\/schema\/logo\/image\/"},"sameAs":["https:\/\/www.facebook.com\/povazskemuzeum","https:\/\/www.instagram.com\/povazskemuzeum\/"]},{"@type":"Person","@id":"https:\/\/pmza.sk\/#\/schema\/person\/595e6a2ce731ea94dcd5d7f50a41ae33","name":"Pova\u017esk\u00e9 m\u00fazeum","image":{"@type":"ImageObject","inLanguage":"sk-SK","@id":"https:\/\/secure.gravatar.com\/avatar\/2bb7f1561282132fb5826dfeccc66c7996d11ee392ac6aaf7ced8a1c2027fbb2?s=96&d=mm&r=g","url":"https:\/\/secure.gravatar.com\/avatar\/2bb7f1561282132fb5826dfeccc66c7996d11ee392ac6aaf7ced8a1c2027fbb2?s=96&d=mm&r=g","contentUrl":"https:\/\/secure.gravatar.com\/avatar\/2bb7f1561282132fb5826dfeccc66c7996d11ee392ac6aaf7ced8a1c2027fbb2?s=96&d=mm&r=g","caption":"Pova\u017esk\u00e9 m\u00fazeum"}}]}},"_links":{"self":[{"href":"https:\/\/pmza.sk\/index.php?rest_route=\/wp\/v2\/posts\/56687","targetHints":{"allow":["GET"]}}],"collection":[{"href":"https:\/\/pmza.sk\/index.php?rest_route=\/wp\/v2\/posts"}],"about":[{"href":"https:\/\/pmza.sk\/index.php?rest_route=\/wp\/v2\/types\/post"}],"author":[{"embeddable":true,"href":"https:\/\/pmza.sk\/index.php?rest_route=\/wp\/v2\/users\/2"}],"replies":[{"embeddable":true,"href":"https:\/\/pmza.sk\/index.php?rest_route=%2Fwp%2Fv2%2Fcomments&post=56687"}],"version-history":[{"count":0,"href":"https:\/\/pmza.sk\/index.php?rest_route=\/wp\/v2\/posts\/56687\/revisions"}],"wp:featuredmedia":[{"embeddable":true,"href":"https:\/\/pmza.sk\/index.php?rest_route=\/wp\/v2\/media\/56688"}],"wp:attachment":[{"href":"https:\/\/pmza.sk\/index.php?rest_route=%2Fwp%2Fv2%2Fmedia&parent=56687"}],"wp:term":[{"taxonomy":"category","embeddable":true,"href":"https:\/\/pmza.sk\/index.php?rest_route=%2Fwp%2Fv2%2Fcategories&post=56687"},{"taxonomy":"post_tag","embeddable":true,"href":"https:\/\/pmza.sk\/index.php?rest_route=%2Fwp%2Fv2%2Ftags&post=56687"}],"curies":[{"name":"wp","href":"https:\/\/api.w.org\/{rel}","templated":true}]}}