{"id":56699,"date":"2023-06-01T12:50:30","date_gmt":"2023-06-01T10:50:30","guid":{"rendered":"https:\/\/pmza.sk\/?p=56699"},"modified":"2023-10-02T07:04:57","modified_gmt":"2023-10-02T05:04:57","slug":"konfrontacie","status":"publish","type":"post","link":"https:\/\/pmza.sk\/?p=56699","title":{"rendered":"Konfront\u00e1cie"},"content":{"rendered":"<p>Na Budat\u00ednskom hrade bude od 8. j\u00fana pre verejnos\u0165 pr\u00edstupn\u00e1 nov\u00e1 v\u00fdstava s\u00a0n\u00e1zvom Konfront\u00e1cie, ktor\u00e1 prezentuje vo\u013en\u00e9 objekty a\u00a0asambl\u00e1\u017ee Christiny Tabakovej. In\u0161tal\u00e1cia formou intervencie do st\u00e1lej expoz\u00edcie\u00a0 mapuje vz\u0165ah s\u00fa\u010dasnosti a\u00a0minulosti prostredn\u00edctvom s\u00fa\u010dasn\u00e9ho objektu a m\u00fazejn\u00e9ho prostredia.\u00a0 <em>\u201eAutorka pracuje s\u00a0tvarovo i\u00a0farebne r\u00f4znorod\u00fdmi \u010das\u0165ami od\u017eit\u00fdch funk\u010dn\u00fdch v\u00fdrobkov i\u00a0mal\u00fdmi fin\u00e1lnymi produktmi,\u00a0 ktor\u00e9 s\u00fa ak\u00fdmisi ikonami na\u0161ej kontajnerovej kult\u00fary a\u00a0kritick\u00fdm koment\u00e1rom ku stavu novodobej spolo\u010dnosti,\u201c <\/em>pribli\u017euje kur\u00e1tor v\u00fdstavy Zden\u011bk Hogh z\u00a0Pova\u017esk\u00e9ho m\u00fazea.<\/p>\n<p>Kontrastn\u00e9 poz\u00edcie preb\u00fadzaj\u00fa pozornos\u0165, zvy\u0161uj\u00fa intenzitu vnemu i\u00a0emocion\u00e1lneho z\u00e1\u017eitku, no nemusia nevyhnutne vyznie\u0165 konfronta\u010dne. Umiestnenie objektov prekvap\u00ed aj s\u00fazvukom s\u00a0konkr\u00e9tnym priestorom a\u00a0st\u00e1lymi expon\u00e1tmi<em>. \u201eZ\u00e1le\u017e\u00ed od n\u00e1s na ak\u00e9 vn\u00edmanie vz\u00e1jomn\u00fdch vz\u0165ahov sa nalad\u00edme a\u00a0ak\u00fdm sp\u00f4sobom prepoj\u00edme pr\u00edtomnos\u0165 s\u00a0minulos\u0165ou. Ak vn\u00edmame expoz\u00edciu ako miesto zhroma\u017eden\u00fdch a\u00a0usporiadan\u00fdch vec\u00ed dokumentuj\u00facich ist\u00fd \u010dasov\u00fd \u00fasek a\u00a0oblas\u0165 \u017eivota spolo\u010dnosti, potom je takou miniat\u00farnou expoz\u00edciou aj ka\u017ed\u00fd Christinin objekt. A\u00a0ka\u017ed\u00fdm \u010fal\u0161\u00edm sa roz\u0161iruje zbierkov\u00fd fond jej s\u00fakromn\u00e9ho m\u00fazea. Mohli by sme teda hovori\u0165 aj o konfront\u00e1cii dvoch m\u00faze\u00ed na sp\u00f4sob jedn\u00e9ho v\u00a0druhom. No tu u\u017e sn\u00e1\u010f ani nie je konfront\u00e1cia, ale in\u0161titucion\u00e1lna spolupr\u00e1ca,\u201c <\/em>dod\u00e1va Z. Hogh.<\/p>\n<p>N\u00e1v\u0161tevn\u00edci v\u00fdstavu uvidia v\u00a0r\u00e1mci prehliadky Budat\u00ednskeho hradu od utorka do nedele v\u00a0\u010dase otv\u00e1rac\u00edch hod\u00edn. V\u00fdstava bude pr\u00edstupn\u00e1 do 30. septembra.<\/p>\n<div class=\"wp-block-image\"><img fetchpriority=\"high\" decoding=\"async\" class=\"alignnone size-medium wp-image-56700\" src=\"https:\/\/pmza.sk\/wp-content\/uploads\/2023\/06\/PlagatBudatin1A-242x360.jpg\" alt=\"\" width=\"242\" height=\"360\" srcset=\"https:\/\/pmza.sk\/wp-content\/uploads\/2023\/06\/PlagatBudatin1A-242x360.jpg 242w, https:\/\/pmza.sk\/wp-content\/uploads\/2023\/06\/PlagatBudatin1A-495x736.jpg 495w, https:\/\/pmza.sk\/wp-content\/uploads\/2023\/06\/PlagatBudatin1A-768x1143.jpg 768w, https:\/\/pmza.sk\/wp-content\/uploads\/2023\/06\/PlagatBudatin1A-1032x1536.jpg 1032w, https:\/\/pmza.sk\/wp-content\/uploads\/2023\/06\/PlagatBudatin1A-1376x2048.jpg 1376w, https:\/\/pmza.sk\/wp-content\/uploads\/2023\/06\/PlagatBudatin1A-600x893.jpg 600w, https:\/\/pmza.sk\/wp-content\/uploads\/2023\/06\/PlagatBudatin1A-scaled.jpg 1720w\" sizes=\"(max-width: 242px) 100vw, 242px\" \/><\/div>\n<div><\/div>\n<div>Plag\u00e1t v plnej ve\u013ekosti <a href=\"https:\/\/pmza.sk\/wp-content\/uploads\/2023\/06\/PlagatBudatin1A.pdf\">TU<\/a><\/div>\n","protected":false},"excerpt":{"rendered":"<p>Na Budat\u00ednskom hrade bude od 8. j\u00fana pre verejnos\u0165 pr\u00edstupn\u00e1 nov\u00e1 v\u00fdstava s\u00a0n\u00e1zvom Konfront\u00e1cie, ktor\u00e1 prezentuje vo\u013en\u00e9 objekty a\u00a0asambl\u00e1\u017ee Christiny Tabakovej. In\u0161tal\u00e1cia formou intervencie do st\u00e1lej expoz\u00edcie\u00a0 mapuje vz\u0165ah s\u00fa\u010dasnosti a\u00a0minulosti prostredn\u00edctvom s\u00fa\u010dasn\u00e9ho objektu a m\u00fazejn\u00e9ho prostredia.\u00a0 \u201eAutorka pracuje s\u00a0tvarovo i\u00a0farebne r\u00f4znorod\u00fdmi \u010das\u0165ami od\u017eit\u00fdch funk\u010dn\u00fdch v\u00fdrobkov i\u00a0mal\u00fdmi fin\u00e1lnymi produktmi,\u00a0 ktor\u00e9 s\u00fa ak\u00fdmisi ikonami na\u0161ej kontajnerovej [&hellip;]<\/p>\n","protected":false},"author":2,"featured_media":56702,"comment_status":"open","ping_status":"open","sticky":false,"template":"","format":"standard","meta":{"site-sidebar-layout":"default","site-content-layout":"default","ast-site-content-layout":"","site-content-style":"default","site-sidebar-style":"default","ast-global-header-display":"","ast-banner-title-visibility":"","ast-main-header-display":"","ast-hfb-above-header-display":"","ast-hfb-below-header-display":"","ast-hfb-mobile-header-display":"","site-post-title":"","ast-breadcrumbs-content":"","ast-featured-img":"","footer-sml-layout":"","theme-transparent-header-meta":"default","adv-header-id-meta":"","stick-header-meta":"default","header-above-stick-meta":"","header-main-stick-meta":"","header-below-stick-meta":"","astra-migrate-meta-layouts":"default","ast-page-background-enabled":"default","ast-page-background-meta":{"desktop":{"background-color":"var(--ast-global-color-4)","background-image":"","background-repeat":"repeat","background-position":"center center","background-size":"auto","background-attachment":"scroll","background-type":"","background-media":"","overlay-type":"","overlay-color":"","overlay-opacity":"","overlay-gradient":""},"tablet":{"background-color":"","background-image":"","background-repeat":"repeat","background-position":"center center","background-size":"auto","background-attachment":"scroll","background-type":"","background-media":"","overlay-type":"","overlay-color":"","overlay-opacity":"","overlay-gradient":""},"mobile":{"background-color":"","background-image":"","background-repeat":"repeat","background-position":"center center","background-size":"auto","background-attachment":"scroll","background-type":"","background-media":"","overlay-type":"","overlay-color":"","overlay-opacity":"","overlay-gradient":""}},"ast-content-background-meta":{"desktop":{"background-color":"var(--ast-global-color-5)","background-image":"","background-repeat":"repeat","background-position":"center center","background-size":"auto","background-attachment":"scroll","background-type":"","background-media":"","overlay-type":"","overlay-color":"","overlay-opacity":"","overlay-gradient":""},"tablet":{"background-color":"var(--ast-global-color-5)","background-image":"","background-repeat":"repeat","background-position":"center center","background-size":"auto","background-attachment":"scroll","background-type":"","background-media":"","overlay-type":"","overlay-color":"","overlay-opacity":"","overlay-gradient":""},"mobile":{"background-color":"var(--ast-global-color-5)","background-image":"","background-repeat":"repeat","background-position":"center center","background-size":"auto","background-attachment":"scroll","background-type":"","background-media":"","overlay-type":"","overlay-color":"","overlay-opacity":"","overlay-gradient":""}},"footnotes":""},"categories":[72],"tags":[],"class_list":["post-56699","post","type-post","status-publish","format-standard","has-post-thumbnail","hentry","category-vystavy"],"yoast_head":"<!-- This site is optimized with the Yoast SEO plugin v27.4 - https:\/\/yoast.com\/product\/yoast-seo-wordpress\/ -->\n<title>Konfront\u00e1cie - Pova\u017esk\u00e9 m\u00fazeum<\/title>\n<meta name=\"robots\" content=\"index, follow, max-snippet:-1, max-image-preview:large, max-video-preview:-1\" \/>\n<link rel=\"canonical\" href=\"https:\/\/pmza.sk\/?p=56699\" \/>\n<meta property=\"og:locale\" content=\"sk_SK\" \/>\n<meta property=\"og:type\" content=\"article\" \/>\n<meta property=\"og:title\" content=\"Konfront\u00e1cie - Pova\u017esk\u00e9 m\u00fazeum\" \/>\n<meta property=\"og:description\" content=\"Na Budat\u00ednskom hrade bude od 8. j\u00fana pre verejnos\u0165 pr\u00edstupn\u00e1 nov\u00e1 v\u00fdstava s\u00a0n\u00e1zvom Konfront\u00e1cie, ktor\u00e1 prezentuje vo\u013en\u00e9 objekty a\u00a0asambl\u00e1\u017ee Christiny Tabakovej. In\u0161tal\u00e1cia formou intervencie do st\u00e1lej expoz\u00edcie\u00a0 mapuje vz\u0165ah s\u00fa\u010dasnosti a\u00a0minulosti prostredn\u00edctvom s\u00fa\u010dasn\u00e9ho objektu a m\u00fazejn\u00e9ho prostredia.\u00a0 \u201eAutorka pracuje s\u00a0tvarovo i\u00a0farebne r\u00f4znorod\u00fdmi \u010das\u0165ami od\u017eit\u00fdch funk\u010dn\u00fdch v\u00fdrobkov i\u00a0mal\u00fdmi fin\u00e1lnymi produktmi,\u00a0 ktor\u00e9 s\u00fa ak\u00fdmisi ikonami na\u0161ej kontajnerovej [&hellip;]\" \/>\n<meta property=\"og:url\" content=\"https:\/\/pmza.sk\/?p=56699\" \/>\n<meta property=\"og:site_name\" content=\"Pova\u017esk\u00e9 m\u00fazeum\" \/>\n<meta property=\"article:publisher\" content=\"https:\/\/www.facebook.com\/povazskemuzeum\" \/>\n<meta property=\"article:published_time\" content=\"2023-06-01T10:50:30+00:00\" \/>\n<meta property=\"article:modified_time\" content=\"2023-10-02T05:04:57+00:00\" \/>\n<meta property=\"og:image\" content=\"https:\/\/pmza.sk\/wp-content\/uploads\/2023\/06\/IMG_7431.jpg\" \/>\n\t<meta property=\"og:image:width\" content=\"1920\" \/>\n\t<meta property=\"og:image:height\" content=\"1827\" \/>\n\t<meta property=\"og:image:type\" content=\"image\/jpeg\" \/>\n<meta name=\"author\" content=\"Pova\u017esk\u00e9 m\u00fazeum\" \/>\n<meta name=\"twitter:card\" content=\"summary_large_image\" \/>\n<meta name=\"twitter:label1\" content=\"Autor\" \/>\n\t<meta name=\"twitter:data1\" content=\"Pova\u017esk\u00e9 m\u00fazeum\" \/>\n\t<meta name=\"twitter:label2\" content=\"Predpokladan\u00fd \u010das \u010d\u00edtania\" \/>\n\t<meta name=\"twitter:data2\" content=\"2 min\u00faty\" \/>\n<script type=\"application\/ld+json\" class=\"yoast-schema-graph\">{\"@context\":\"https:\\\/\\\/schema.org\",\"@graph\":[{\"@type\":\"Article\",\"@id\":\"https:\\\/\\\/pmza.sk\\\/?p=56699#article\",\"isPartOf\":{\"@id\":\"https:\\\/\\\/pmza.sk\\\/?p=56699\"},\"author\":{\"name\":\"Pova\u017esk\u00e9 m\u00fazeum\",\"@id\":\"https:\\\/\\\/pmza.sk\\\/#\\\/schema\\\/person\\\/595e6a2ce731ea94dcd5d7f50a41ae33\"},\"headline\":\"Konfront\u00e1cie\",\"datePublished\":\"2023-06-01T10:50:30+00:00\",\"dateModified\":\"2023-10-02T05:04:57+00:00\",\"mainEntityOfPage\":{\"@id\":\"https:\\\/\\\/pmza.sk\\\/?p=56699\"},\"wordCount\":315,\"commentCount\":0,\"publisher\":{\"@id\":\"https:\\\/\\\/pmza.sk\\\/#organization\"},\"image\":{\"@id\":\"https:\\\/\\\/pmza.sk\\\/?p=56699#primaryimage\"},\"thumbnailUrl\":\"https:\\\/\\\/pmza.sk\\\/wp-content\\\/uploads\\\/2023\\\/06\\\/IMG_7431.jpg\",\"articleSection\":[\"V\u00fdstavy\"],\"inLanguage\":\"sk-SK\"},{\"@type\":\"WebPage\",\"@id\":\"https:\\\/\\\/pmza.sk\\\/?p=56699\",\"url\":\"https:\\\/\\\/pmza.sk\\\/?p=56699\",\"name\":\"Konfront\u00e1cie - Pova\u017esk\u00e9 m\u00fazeum\",\"isPartOf\":{\"@id\":\"https:\\\/\\\/pmza.sk\\\/#website\"},\"primaryImageOfPage\":{\"@id\":\"https:\\\/\\\/pmza.sk\\\/?p=56699#primaryimage\"},\"image\":{\"@id\":\"https:\\\/\\\/pmza.sk\\\/?p=56699#primaryimage\"},\"thumbnailUrl\":\"https:\\\/\\\/pmza.sk\\\/wp-content\\\/uploads\\\/2023\\\/06\\\/IMG_7431.jpg\",\"datePublished\":\"2023-06-01T10:50:30+00:00\",\"dateModified\":\"2023-10-02T05:04:57+00:00\",\"breadcrumb\":{\"@id\":\"https:\\\/\\\/pmza.sk\\\/?p=56699#breadcrumb\"},\"inLanguage\":\"sk-SK\",\"potentialAction\":[{\"@type\":\"ReadAction\",\"target\":[\"https:\\\/\\\/pmza.sk\\\/?p=56699\"]}]},{\"@type\":\"ImageObject\",\"inLanguage\":\"sk-SK\",\"@id\":\"https:\\\/\\\/pmza.sk\\\/?p=56699#primaryimage\",\"url\":\"https:\\\/\\\/pmza.sk\\\/wp-content\\\/uploads\\\/2023\\\/06\\\/IMG_7431.jpg\",\"contentUrl\":\"https:\\\/\\\/pmza.sk\\\/wp-content\\\/uploads\\\/2023\\\/06\\\/IMG_7431.jpg\",\"width\":1920,\"height\":1827},{\"@type\":\"BreadcrumbList\",\"@id\":\"https:\\\/\\\/pmza.sk\\\/?p=56699#breadcrumb\",\"itemListElement\":[{\"@type\":\"ListItem\",\"position\":1,\"name\":\"Domovsk\u00e1 str\u00e1nka\",\"item\":\"https:\\\/\\\/pmza.sk\\\/\"},{\"@type\":\"ListItem\",\"position\":2,\"name\":\"Konfront\u00e1cie\"}]},{\"@type\":\"WebSite\",\"@id\":\"https:\\\/\\\/pmza.sk\\\/#website\",\"url\":\"https:\\\/\\\/pmza.sk\\\/\",\"name\":\"Pova\u017esk\u00e9 m\u00fazeum\",\"description\":\"Pova\u017esk\u00e9 m\u00fazeum v \u017diline je region\u00e1lne m\u00fazeum so s\u00eddlom v Budat\u00edne. Jeho expoz\u00edcie s\u00fa zameran\u00e9 na dejiny slovensk\u00e9ho umenia, kult\u00fary a dopravy.\",\"publisher\":{\"@id\":\"https:\\\/\\\/pmza.sk\\\/#organization\"},\"potentialAction\":[{\"@type\":\"SearchAction\",\"target\":{\"@type\":\"EntryPoint\",\"urlTemplate\":\"https:\\\/\\\/pmza.sk\\\/?s={search_term_string}\"},\"query-input\":{\"@type\":\"PropertyValueSpecification\",\"valueRequired\":true,\"valueName\":\"search_term_string\"}}],\"inLanguage\":\"sk-SK\"},{\"@type\":\"Organization\",\"@id\":\"https:\\\/\\\/pmza.sk\\\/#organization\",\"name\":\"Pova\u017esk\u00e9 m\u00fazeum\",\"url\":\"https:\\\/\\\/pmza.sk\\\/\",\"logo\":{\"@type\":\"ImageObject\",\"inLanguage\":\"sk-SK\",\"@id\":\"https:\\\/\\\/pmza.sk\\\/#\\\/schema\\\/logo\\\/image\\\/\",\"url\":\"https:\\\/\\\/pmza.sk\\\/wp-content\\\/uploads\\\/2022\\\/01\\\/logo_PM_horizontal.jpg\",\"contentUrl\":\"https:\\\/\\\/pmza.sk\\\/wp-content\\\/uploads\\\/2022\\\/01\\\/logo_PM_horizontal.jpg\",\"width\":231,\"height\":142,\"caption\":\"Pova\u017esk\u00e9 m\u00fazeum\"},\"image\":{\"@id\":\"https:\\\/\\\/pmza.sk\\\/#\\\/schema\\\/logo\\\/image\\\/\"},\"sameAs\":[\"https:\\\/\\\/www.facebook.com\\\/povazskemuzeum\",\"https:\\\/\\\/www.instagram.com\\\/povazskemuzeum\\\/\"]},{\"@type\":\"Person\",\"@id\":\"https:\\\/\\\/pmza.sk\\\/#\\\/schema\\\/person\\\/595e6a2ce731ea94dcd5d7f50a41ae33\",\"name\":\"Pova\u017esk\u00e9 m\u00fazeum\",\"image\":{\"@type\":\"ImageObject\",\"inLanguage\":\"sk-SK\",\"@id\":\"https:\\\/\\\/secure.gravatar.com\\\/avatar\\\/2bb7f1561282132fb5826dfeccc66c7996d11ee392ac6aaf7ced8a1c2027fbb2?s=96&d=mm&r=g\",\"url\":\"https:\\\/\\\/secure.gravatar.com\\\/avatar\\\/2bb7f1561282132fb5826dfeccc66c7996d11ee392ac6aaf7ced8a1c2027fbb2?s=96&d=mm&r=g\",\"contentUrl\":\"https:\\\/\\\/secure.gravatar.com\\\/avatar\\\/2bb7f1561282132fb5826dfeccc66c7996d11ee392ac6aaf7ced8a1c2027fbb2?s=96&d=mm&r=g\",\"caption\":\"Pova\u017esk\u00e9 m\u00fazeum\"}}]}<\/script>\n<!-- \/ Yoast SEO plugin. -->","yoast_head_json":{"title":"Konfront\u00e1cie - Pova\u017esk\u00e9 m\u00fazeum","robots":{"index":"index","follow":"follow","max-snippet":"max-snippet:-1","max-image-preview":"max-image-preview:large","max-video-preview":"max-video-preview:-1"},"canonical":"https:\/\/pmza.sk\/?p=56699","og_locale":"sk_SK","og_type":"article","og_title":"Konfront\u00e1cie - Pova\u017esk\u00e9 m\u00fazeum","og_description":"Na Budat\u00ednskom hrade bude od 8. j\u00fana pre verejnos\u0165 pr\u00edstupn\u00e1 nov\u00e1 v\u00fdstava s\u00a0n\u00e1zvom Konfront\u00e1cie, ktor\u00e1 prezentuje vo\u013en\u00e9 objekty a\u00a0asambl\u00e1\u017ee Christiny Tabakovej. In\u0161tal\u00e1cia formou intervencie do st\u00e1lej expoz\u00edcie\u00a0 mapuje vz\u0165ah s\u00fa\u010dasnosti a\u00a0minulosti prostredn\u00edctvom s\u00fa\u010dasn\u00e9ho objektu a m\u00fazejn\u00e9ho prostredia.\u00a0 \u201eAutorka pracuje s\u00a0tvarovo i\u00a0farebne r\u00f4znorod\u00fdmi \u010das\u0165ami od\u017eit\u00fdch funk\u010dn\u00fdch v\u00fdrobkov i\u00a0mal\u00fdmi fin\u00e1lnymi produktmi,\u00a0 ktor\u00e9 s\u00fa ak\u00fdmisi ikonami na\u0161ej kontajnerovej [&hellip;]","og_url":"https:\/\/pmza.sk\/?p=56699","og_site_name":"Pova\u017esk\u00e9 m\u00fazeum","article_publisher":"https:\/\/www.facebook.com\/povazskemuzeum","article_published_time":"2023-06-01T10:50:30+00:00","article_modified_time":"2023-10-02T05:04:57+00:00","og_image":[{"width":1920,"height":1827,"url":"https:\/\/pmza.sk\/wp-content\/uploads\/2023\/06\/IMG_7431.jpg","type":"image\/jpeg"}],"author":"Pova\u017esk\u00e9 m\u00fazeum","twitter_card":"summary_large_image","twitter_misc":{"Autor":"Pova\u017esk\u00e9 m\u00fazeum","Predpokladan\u00fd \u010das \u010d\u00edtania":"2 min\u00faty"},"schema":{"@context":"https:\/\/schema.org","@graph":[{"@type":"Article","@id":"https:\/\/pmza.sk\/?p=56699#article","isPartOf":{"@id":"https:\/\/pmza.sk\/?p=56699"},"author":{"name":"Pova\u017esk\u00e9 m\u00fazeum","@id":"https:\/\/pmza.sk\/#\/schema\/person\/595e6a2ce731ea94dcd5d7f50a41ae33"},"headline":"Konfront\u00e1cie","datePublished":"2023-06-01T10:50:30+00:00","dateModified":"2023-10-02T05:04:57+00:00","mainEntityOfPage":{"@id":"https:\/\/pmza.sk\/?p=56699"},"wordCount":315,"commentCount":0,"publisher":{"@id":"https:\/\/pmza.sk\/#organization"},"image":{"@id":"https:\/\/pmza.sk\/?p=56699#primaryimage"},"thumbnailUrl":"https:\/\/pmza.sk\/wp-content\/uploads\/2023\/06\/IMG_7431.jpg","articleSection":["V\u00fdstavy"],"inLanguage":"sk-SK"},{"@type":"WebPage","@id":"https:\/\/pmza.sk\/?p=56699","url":"https:\/\/pmza.sk\/?p=56699","name":"Konfront\u00e1cie - Pova\u017esk\u00e9 m\u00fazeum","isPartOf":{"@id":"https:\/\/pmza.sk\/#website"},"primaryImageOfPage":{"@id":"https:\/\/pmza.sk\/?p=56699#primaryimage"},"image":{"@id":"https:\/\/pmza.sk\/?p=56699#primaryimage"},"thumbnailUrl":"https:\/\/pmza.sk\/wp-content\/uploads\/2023\/06\/IMG_7431.jpg","datePublished":"2023-06-01T10:50:30+00:00","dateModified":"2023-10-02T05:04:57+00:00","breadcrumb":{"@id":"https:\/\/pmza.sk\/?p=56699#breadcrumb"},"inLanguage":"sk-SK","potentialAction":[{"@type":"ReadAction","target":["https:\/\/pmza.sk\/?p=56699"]}]},{"@type":"ImageObject","inLanguage":"sk-SK","@id":"https:\/\/pmza.sk\/?p=56699#primaryimage","url":"https:\/\/pmza.sk\/wp-content\/uploads\/2023\/06\/IMG_7431.jpg","contentUrl":"https:\/\/pmza.sk\/wp-content\/uploads\/2023\/06\/IMG_7431.jpg","width":1920,"height":1827},{"@type":"BreadcrumbList","@id":"https:\/\/pmza.sk\/?p=56699#breadcrumb","itemListElement":[{"@type":"ListItem","position":1,"name":"Domovsk\u00e1 str\u00e1nka","item":"https:\/\/pmza.sk\/"},{"@type":"ListItem","position":2,"name":"Konfront\u00e1cie"}]},{"@type":"WebSite","@id":"https:\/\/pmza.sk\/#website","url":"https:\/\/pmza.sk\/","name":"Pova\u017esk\u00e9 m\u00fazeum","description":"Pova\u017esk\u00e9 m\u00fazeum v \u017diline je region\u00e1lne m\u00fazeum so s\u00eddlom v Budat\u00edne. Jeho expoz\u00edcie s\u00fa zameran\u00e9 na dejiny slovensk\u00e9ho umenia, kult\u00fary a dopravy.","publisher":{"@id":"https:\/\/pmza.sk\/#organization"},"potentialAction":[{"@type":"SearchAction","target":{"@type":"EntryPoint","urlTemplate":"https:\/\/pmza.sk\/?s={search_term_string}"},"query-input":{"@type":"PropertyValueSpecification","valueRequired":true,"valueName":"search_term_string"}}],"inLanguage":"sk-SK"},{"@type":"Organization","@id":"https:\/\/pmza.sk\/#organization","name":"Pova\u017esk\u00e9 m\u00fazeum","url":"https:\/\/pmza.sk\/","logo":{"@type":"ImageObject","inLanguage":"sk-SK","@id":"https:\/\/pmza.sk\/#\/schema\/logo\/image\/","url":"https:\/\/pmza.sk\/wp-content\/uploads\/2022\/01\/logo_PM_horizontal.jpg","contentUrl":"https:\/\/pmza.sk\/wp-content\/uploads\/2022\/01\/logo_PM_horizontal.jpg","width":231,"height":142,"caption":"Pova\u017esk\u00e9 m\u00fazeum"},"image":{"@id":"https:\/\/pmza.sk\/#\/schema\/logo\/image\/"},"sameAs":["https:\/\/www.facebook.com\/povazskemuzeum","https:\/\/www.instagram.com\/povazskemuzeum\/"]},{"@type":"Person","@id":"https:\/\/pmza.sk\/#\/schema\/person\/595e6a2ce731ea94dcd5d7f50a41ae33","name":"Pova\u017esk\u00e9 m\u00fazeum","image":{"@type":"ImageObject","inLanguage":"sk-SK","@id":"https:\/\/secure.gravatar.com\/avatar\/2bb7f1561282132fb5826dfeccc66c7996d11ee392ac6aaf7ced8a1c2027fbb2?s=96&d=mm&r=g","url":"https:\/\/secure.gravatar.com\/avatar\/2bb7f1561282132fb5826dfeccc66c7996d11ee392ac6aaf7ced8a1c2027fbb2?s=96&d=mm&r=g","contentUrl":"https:\/\/secure.gravatar.com\/avatar\/2bb7f1561282132fb5826dfeccc66c7996d11ee392ac6aaf7ced8a1c2027fbb2?s=96&d=mm&r=g","caption":"Pova\u017esk\u00e9 m\u00fazeum"}}]}},"_links":{"self":[{"href":"https:\/\/pmza.sk\/index.php?rest_route=\/wp\/v2\/posts\/56699","targetHints":{"allow":["GET"]}}],"collection":[{"href":"https:\/\/pmza.sk\/index.php?rest_route=\/wp\/v2\/posts"}],"about":[{"href":"https:\/\/pmza.sk\/index.php?rest_route=\/wp\/v2\/types\/post"}],"author":[{"embeddable":true,"href":"https:\/\/pmza.sk\/index.php?rest_route=\/wp\/v2\/users\/2"}],"replies":[{"embeddable":true,"href":"https:\/\/pmza.sk\/index.php?rest_route=%2Fwp%2Fv2%2Fcomments&post=56699"}],"version-history":[{"count":0,"href":"https:\/\/pmza.sk\/index.php?rest_route=\/wp\/v2\/posts\/56699\/revisions"}],"wp:featuredmedia":[{"embeddable":true,"href":"https:\/\/pmza.sk\/index.php?rest_route=\/wp\/v2\/media\/56702"}],"wp:attachment":[{"href":"https:\/\/pmza.sk\/index.php?rest_route=%2Fwp%2Fv2%2Fmedia&parent=56699"}],"wp:term":[{"taxonomy":"category","embeddable":true,"href":"https:\/\/pmza.sk\/index.php?rest_route=%2Fwp%2Fv2%2Fcategories&post=56699"},{"taxonomy":"post_tag","embeddable":true,"href":"https:\/\/pmza.sk\/index.php?rest_route=%2Fwp%2Fv2%2Ftags&post=56699"}],"curies":[{"name":"wp","href":"https:\/\/api.w.org\/{rel}","templated":true}]}}