{"id":56797,"date":"2023-06-12T07:20:48","date_gmt":"2023-06-12T05:20:48","guid":{"rendered":"https:\/\/pmza.sk\/?p=56797"},"modified":"2023-06-21T14:17:06","modified_gmt":"2023-06-21T12:17:06","slug":"za-vtakmi-a-kvetmi-visnovskeho-chotara","status":"publish","type":"post","link":"https:\/\/pmza.sk\/?p=56797","title":{"rendered":"Za vt\u00e1kmi a kvetmi Vi\u0161\u0148ovsk\u00e9ho chot\u00e1ra"},"content":{"rendered":"<p>Poz\u00fdvame V\u00e1s na pr\u00edrodovedn\u00fa vych\u00e1dzku zameran\u00fa na spozn\u00e1vanie miestnej fauny a\u00a0fl\u00f3ry, ktor\u00e1 sa uskuto\u010dn\u00ed v\u00a0utorok 20. j\u00fana. Budeme pozorova\u0165 pr\u00edtomn\u00e9 spevavce aj drav\u00e9 vt\u00e1ky a\u00a0prejdeme sa aj po l\u00fa\u010dnych chodn\u00ed\u010dkoch za zauj\u00edmavou kvetenou. K\u00a0dispoz\u00edcii bude monokul\u00e1rny \u010falekoh\u013ead na pozorovanie vt\u00e1ctva, vlastn\u00fd \u010falekoh\u013ead nie je nutn\u00fd, ale v\u00edtan\u00fd. Oble\u010denie a obuv pod\u013ea po\u010dasia.<\/p>\n<p>Zraz bude o\u00a016:00 hod. na autobusovej zast\u00e1vke Vi\u0161\u0148ov\u00e9, kone\u010dn\u00e1.<\/p>\n<p>Sprievodcami bud\u00fa zool\u00f3g Ing. J\u00e1n Kicko, PhD. a botani\u010dka Ing. Kv\u011bta Kickov\u00e1.<\/p>\n<p>Doprava: vlastn\u00e9 auto alebo autobus, TAM: \u017dilina, AS (15:25) \u2013 Vi\u0161\u0148ov\u00e9, kone\u010dn\u00e1\u00a0 (15:50), SPA\u0164: Vi\u0161\u0148ov\u00e9, kone\u010dn\u00e1\u00a0 (19:30) &#8211; \u017dilina, AS (19:49)<\/p>\n<p>Trasa: autobusov\u00e1 zast\u00e1vka Kone\u010dn\u00e1 vo Vi\u0161\u0148ovom \u2013 \u00fap\u00e4tia Hobl\u00edku a\u00a0Valientovho dielu \u2013 Vi\u0161\u0148ovsk\u00e1 dolina &#8211; autobusov\u00e1 zast\u00e1vka Kone\u010dn\u00e1 vo Vi\u0161\u0148ovom.\u00a0 D\u013a\u017eka cca 3,5 km, nen\u00e1ro\u010dn\u00fd ter\u00e9n po nespevnen\u00fdch chodn\u00edkoch, trvanie cca 3 hodiny.<\/p>\n<p>Kontakt: \u00a0<a href=\"mailto:kickova@pmza.sk\">kickova@pmza.sk<\/a>, <a href=\"mailto:kicko@pmza.sk\">kicko@pmza.sk<\/a>, tel. \u010d. 0917 868520<\/p>\n<p>Vstupn\u00e9: 2 \u20ac, deti do 6 rokov zadarmo<\/p>\n<p>Zmena term\u00ednu mo\u017en\u00e1 v\u00a0s\u00favislosti s\u00a0nepriazniv\u00fdm po\u010das\u00edm. Viac inform\u00e1ci\u00ed na str\u00e1nke pmza.sk alebo u\u00a0kontaktnej osoby.<\/p>\n<p><em>Z verejn\u00fdch zdrojov podporil Fond na podporu umenia.<\/em><\/p>\n<div class=\"wp-block-image\"><img fetchpriority=\"high\" decoding=\"async\" class=\"alignnone size-medium wp-image-56798\" src=\"https:\/\/pmza.sk\/wp-content\/uploads\/2023\/06\/Za_vtakmi_K1-255x360.jpg\" alt=\"\" width=\"255\" height=\"360\" srcset=\"https:\/\/pmza.sk\/wp-content\/uploads\/2023\/06\/Za_vtakmi_K1-255x360.jpg 255w, https:\/\/pmza.sk\/wp-content\/uploads\/2023\/06\/Za_vtakmi_K1-520x736.jpg 520w, https:\/\/pmza.sk\/wp-content\/uploads\/2023\/06\/Za_vtakmi_K1-768x1086.jpg 768w, https:\/\/pmza.sk\/wp-content\/uploads\/2023\/06\/Za_vtakmi_K1-1086x1536.jpg 1086w, https:\/\/pmza.sk\/wp-content\/uploads\/2023\/06\/Za_vtakmi_K1-1448x2048.jpg 1448w, https:\/\/pmza.sk\/wp-content\/uploads\/2023\/06\/Za_vtakmi_K1-600x849.jpg 600w, https:\/\/pmza.sk\/wp-content\/uploads\/2023\/06\/Za_vtakmi_K1-scaled.jpg 1810w\" sizes=\"(max-width: 255px) 100vw, 255px\" \/><\/div>\n<div><\/div>\n<div>\n<div class=\"wp-block-image\"><img decoding=\"async\" class=\"alignnone wp-image-55940\" src=\"https:\/\/pmza.sk\/wp-content\/uploads\/2023\/04\/FPU_logo1_modre-480x360-1.jpg\" alt=\"\" width=\"239\" height=\"179\" \/><\/div>\n<\/div>\n<div><\/div>\n<div>Plag\u00e1t v plnej ve\u013ekosti <a href=\"https:\/\/pmza.sk\/wp-content\/uploads\/2023\/06\/Za_vtakmi_K1.pdf\">TU<\/a><\/div>\n","protected":false},"excerpt":{"rendered":"<p>Poz\u00fdvame V\u00e1s na pr\u00edrodovedn\u00fa vych\u00e1dzku zameran\u00fa na spozn\u00e1vanie miestnej fauny a\u00a0fl\u00f3ry, ktor\u00e1 sa uskuto\u010dn\u00ed v\u00a0utorok 20. j\u00fana. Budeme pozorova\u0165 pr\u00edtomn\u00e9 spevavce aj drav\u00e9 vt\u00e1ky a\u00a0prejdeme sa aj po l\u00fa\u010dnych chodn\u00ed\u010dkoch za zauj\u00edmavou kvetenou. K\u00a0dispoz\u00edcii bude monokul\u00e1rny \u010falekoh\u013ead na pozorovanie vt\u00e1ctva, vlastn\u00fd \u010falekoh\u013ead nie je nutn\u00fd, ale v\u00edtan\u00fd. Oble\u010denie a obuv pod\u013ea po\u010dasia. Zraz bude o\u00a016:00 [&hellip;]<\/p>\n","protected":false},"author":2,"featured_media":56800,"comment_status":"open","ping_status":"open","sticky":false,"template":"","format":"standard","meta":{"site-sidebar-layout":"default","site-content-layout":"default","ast-site-content-layout":"","site-content-style":"default","site-sidebar-style":"default","ast-global-header-display":"","ast-banner-title-visibility":"","ast-main-header-display":"","ast-hfb-above-header-display":"","ast-hfb-below-header-display":"","ast-hfb-mobile-header-display":"","site-post-title":"","ast-breadcrumbs-content":"","ast-featured-img":"","footer-sml-layout":"","theme-transparent-header-meta":"default","adv-header-id-meta":"","stick-header-meta":"default","header-above-stick-meta":"","header-main-stick-meta":"","header-below-stick-meta":"","astra-migrate-meta-layouts":"default","ast-page-background-enabled":"default","ast-page-background-meta":{"desktop":{"background-color":"var(--ast-global-color-4)","background-image":"","background-repeat":"repeat","background-position":"center center","background-size":"auto","background-attachment":"scroll","background-type":"","background-media":"","overlay-type":"","overlay-color":"","overlay-opacity":"","overlay-gradient":""},"tablet":{"background-color":"","background-image":"","background-repeat":"repeat","background-position":"center center","background-size":"auto","background-attachment":"scroll","background-type":"","background-media":"","overlay-type":"","overlay-color":"","overlay-opacity":"","overlay-gradient":""},"mobile":{"background-color":"","background-image":"","background-repeat":"repeat","background-position":"center center","background-size":"auto","background-attachment":"scroll","background-type":"","background-media":"","overlay-type":"","overlay-color":"","overlay-opacity":"","overlay-gradient":""}},"ast-content-background-meta":{"desktop":{"background-color":"var(--ast-global-color-5)","background-image":"","background-repeat":"repeat","background-position":"center center","background-size":"auto","background-attachment":"scroll","background-type":"","background-media":"","overlay-type":"","overlay-color":"","overlay-opacity":"","overlay-gradient":""},"tablet":{"background-color":"var(--ast-global-color-5)","background-image":"","background-repeat":"repeat","background-position":"center center","background-size":"auto","background-attachment":"scroll","background-type":"","background-media":"","overlay-type":"","overlay-color":"","overlay-opacity":"","overlay-gradient":""},"mobile":{"background-color":"var(--ast-global-color-5)","background-image":"","background-repeat":"repeat","background-position":"center center","background-size":"auto","background-attachment":"scroll","background-type":"","background-media":"","overlay-type":"","overlay-color":"","overlay-opacity":"","overlay-gradient":""}},"footnotes":""},"categories":[71],"tags":[],"class_list":["post-56797","post","type-post","status-publish","format-standard","has-post-thumbnail","hentry","category-podujatia"],"yoast_head":"<!-- This site is optimized with the Yoast SEO plugin v27.4 - https:\/\/yoast.com\/product\/yoast-seo-wordpress\/ -->\n<title>Za vt\u00e1kmi a kvetmi Vi\u0161\u0148ovsk\u00e9ho chot\u00e1ra - Pova\u017esk\u00e9 m\u00fazeum<\/title>\n<meta name=\"robots\" content=\"index, follow, max-snippet:-1, max-image-preview:large, max-video-preview:-1\" \/>\n<link rel=\"canonical\" href=\"https:\/\/pmza.sk\/?p=56797\" \/>\n<meta property=\"og:locale\" content=\"sk_SK\" \/>\n<meta property=\"og:type\" content=\"article\" \/>\n<meta property=\"og:title\" content=\"Za vt\u00e1kmi a kvetmi Vi\u0161\u0148ovsk\u00e9ho chot\u00e1ra - Pova\u017esk\u00e9 m\u00fazeum\" \/>\n<meta property=\"og:description\" content=\"Poz\u00fdvame V\u00e1s na pr\u00edrodovedn\u00fa vych\u00e1dzku zameran\u00fa na spozn\u00e1vanie miestnej fauny a\u00a0fl\u00f3ry, ktor\u00e1 sa uskuto\u010dn\u00ed v\u00a0utorok 20. j\u00fana. Budeme pozorova\u0165 pr\u00edtomn\u00e9 spevavce aj drav\u00e9 vt\u00e1ky a\u00a0prejdeme sa aj po l\u00fa\u010dnych chodn\u00ed\u010dkoch za zauj\u00edmavou kvetenou. K\u00a0dispoz\u00edcii bude monokul\u00e1rny \u010falekoh\u013ead na pozorovanie vt\u00e1ctva, vlastn\u00fd \u010falekoh\u013ead nie je nutn\u00fd, ale v\u00edtan\u00fd. Oble\u010denie a obuv pod\u013ea po\u010dasia. Zraz bude o\u00a016:00 [&hellip;]\" \/>\n<meta property=\"og:url\" content=\"https:\/\/pmza.sk\/?p=56797\" \/>\n<meta property=\"og:site_name\" content=\"Pova\u017esk\u00e9 m\u00fazeum\" \/>\n<meta property=\"article:publisher\" content=\"https:\/\/www.facebook.com\/povazskemuzeum\" \/>\n<meta property=\"article:published_time\" content=\"2023-06-12T05:20:48+00:00\" \/>\n<meta property=\"article:modified_time\" content=\"2023-06-21T12:17:06+00:00\" \/>\n<meta property=\"og:image\" content=\"https:\/\/pmza.sk\/wp-content\/uploads\/2023\/06\/Za_vtakmi_web-scaled.jpg\" \/>\n\t<meta property=\"og:image:width\" content=\"2560\" \/>\n\t<meta property=\"og:image:height\" content=\"2560\" \/>\n\t<meta property=\"og:image:type\" content=\"image\/jpeg\" \/>\n<meta name=\"author\" content=\"Pova\u017esk\u00e9 m\u00fazeum\" \/>\n<meta name=\"twitter:card\" content=\"summary_large_image\" \/>\n<meta name=\"twitter:label1\" content=\"Autor\" \/>\n\t<meta name=\"twitter:data1\" content=\"Pova\u017esk\u00e9 m\u00fazeum\" \/>\n\t<meta name=\"twitter:label2\" content=\"Predpokladan\u00fd \u010das \u010d\u00edtania\" \/>\n\t<meta name=\"twitter:data2\" content=\"1 min\u00fata\" \/>\n<script type=\"application\/ld+json\" class=\"yoast-schema-graph\">{\"@context\":\"https:\\\/\\\/schema.org\",\"@graph\":[{\"@type\":\"Article\",\"@id\":\"https:\\\/\\\/pmza.sk\\\/?p=56797#article\",\"isPartOf\":{\"@id\":\"https:\\\/\\\/pmza.sk\\\/?p=56797\"},\"author\":{\"name\":\"Pova\u017esk\u00e9 m\u00fazeum\",\"@id\":\"https:\\\/\\\/pmza.sk\\\/#\\\/schema\\\/person\\\/595e6a2ce731ea94dcd5d7f50a41ae33\"},\"headline\":\"Za vt\u00e1kmi a kvetmi Vi\u0161\u0148ovsk\u00e9ho chot\u00e1ra\",\"datePublished\":\"2023-06-12T05:20:48+00:00\",\"dateModified\":\"2023-06-21T12:17:06+00:00\",\"mainEntityOfPage\":{\"@id\":\"https:\\\/\\\/pmza.sk\\\/?p=56797\"},\"wordCount\":235,\"commentCount\":0,\"publisher\":{\"@id\":\"https:\\\/\\\/pmza.sk\\\/#organization\"},\"image\":{\"@id\":\"https:\\\/\\\/pmza.sk\\\/?p=56797#primaryimage\"},\"thumbnailUrl\":\"https:\\\/\\\/pmza.sk\\\/wp-content\\\/uploads\\\/2023\\\/06\\\/Za_vtakmi_web-scaled.jpg\",\"articleSection\":[\"Podujatia\"],\"inLanguage\":\"sk-SK\"},{\"@type\":\"WebPage\",\"@id\":\"https:\\\/\\\/pmza.sk\\\/?p=56797\",\"url\":\"https:\\\/\\\/pmza.sk\\\/?p=56797\",\"name\":\"Za vt\u00e1kmi a kvetmi Vi\u0161\u0148ovsk\u00e9ho chot\u00e1ra - Pova\u017esk\u00e9 m\u00fazeum\",\"isPartOf\":{\"@id\":\"https:\\\/\\\/pmza.sk\\\/#website\"},\"primaryImageOfPage\":{\"@id\":\"https:\\\/\\\/pmza.sk\\\/?p=56797#primaryimage\"},\"image\":{\"@id\":\"https:\\\/\\\/pmza.sk\\\/?p=56797#primaryimage\"},\"thumbnailUrl\":\"https:\\\/\\\/pmza.sk\\\/wp-content\\\/uploads\\\/2023\\\/06\\\/Za_vtakmi_web-scaled.jpg\",\"datePublished\":\"2023-06-12T05:20:48+00:00\",\"dateModified\":\"2023-06-21T12:17:06+00:00\",\"breadcrumb\":{\"@id\":\"https:\\\/\\\/pmza.sk\\\/?p=56797#breadcrumb\"},\"inLanguage\":\"sk-SK\",\"potentialAction\":[{\"@type\":\"ReadAction\",\"target\":[\"https:\\\/\\\/pmza.sk\\\/?p=56797\"]}]},{\"@type\":\"ImageObject\",\"inLanguage\":\"sk-SK\",\"@id\":\"https:\\\/\\\/pmza.sk\\\/?p=56797#primaryimage\",\"url\":\"https:\\\/\\\/pmza.sk\\\/wp-content\\\/uploads\\\/2023\\\/06\\\/Za_vtakmi_web-scaled.jpg\",\"contentUrl\":\"https:\\\/\\\/pmza.sk\\\/wp-content\\\/uploads\\\/2023\\\/06\\\/Za_vtakmi_web-scaled.jpg\",\"width\":2560,\"height\":2560},{\"@type\":\"BreadcrumbList\",\"@id\":\"https:\\\/\\\/pmza.sk\\\/?p=56797#breadcrumb\",\"itemListElement\":[{\"@type\":\"ListItem\",\"position\":1,\"name\":\"Domovsk\u00e1 str\u00e1nka\",\"item\":\"https:\\\/\\\/pmza.sk\\\/\"},{\"@type\":\"ListItem\",\"position\":2,\"name\":\"Za vt\u00e1kmi a kvetmi Vi\u0161\u0148ovsk\u00e9ho chot\u00e1ra\"}]},{\"@type\":\"WebSite\",\"@id\":\"https:\\\/\\\/pmza.sk\\\/#website\",\"url\":\"https:\\\/\\\/pmza.sk\\\/\",\"name\":\"Pova\u017esk\u00e9 m\u00fazeum\",\"description\":\"Pova\u017esk\u00e9 m\u00fazeum v \u017diline je region\u00e1lne m\u00fazeum so s\u00eddlom v Budat\u00edne. Jeho expoz\u00edcie s\u00fa zameran\u00e9 na dejiny slovensk\u00e9ho umenia, kult\u00fary a dopravy.\",\"publisher\":{\"@id\":\"https:\\\/\\\/pmza.sk\\\/#organization\"},\"potentialAction\":[{\"@type\":\"SearchAction\",\"target\":{\"@type\":\"EntryPoint\",\"urlTemplate\":\"https:\\\/\\\/pmza.sk\\\/?s={search_term_string}\"},\"query-input\":{\"@type\":\"PropertyValueSpecification\",\"valueRequired\":true,\"valueName\":\"search_term_string\"}}],\"inLanguage\":\"sk-SK\"},{\"@type\":\"Organization\",\"@id\":\"https:\\\/\\\/pmza.sk\\\/#organization\",\"name\":\"Pova\u017esk\u00e9 m\u00fazeum\",\"url\":\"https:\\\/\\\/pmza.sk\\\/\",\"logo\":{\"@type\":\"ImageObject\",\"inLanguage\":\"sk-SK\",\"@id\":\"https:\\\/\\\/pmza.sk\\\/#\\\/schema\\\/logo\\\/image\\\/\",\"url\":\"https:\\\/\\\/pmza.sk\\\/wp-content\\\/uploads\\\/2022\\\/01\\\/logo_PM_horizontal.jpg\",\"contentUrl\":\"https:\\\/\\\/pmza.sk\\\/wp-content\\\/uploads\\\/2022\\\/01\\\/logo_PM_horizontal.jpg\",\"width\":231,\"height\":142,\"caption\":\"Pova\u017esk\u00e9 m\u00fazeum\"},\"image\":{\"@id\":\"https:\\\/\\\/pmza.sk\\\/#\\\/schema\\\/logo\\\/image\\\/\"},\"sameAs\":[\"https:\\\/\\\/www.facebook.com\\\/povazskemuzeum\",\"https:\\\/\\\/www.instagram.com\\\/povazskemuzeum\\\/\"]},{\"@type\":\"Person\",\"@id\":\"https:\\\/\\\/pmza.sk\\\/#\\\/schema\\\/person\\\/595e6a2ce731ea94dcd5d7f50a41ae33\",\"name\":\"Pova\u017esk\u00e9 m\u00fazeum\",\"image\":{\"@type\":\"ImageObject\",\"inLanguage\":\"sk-SK\",\"@id\":\"https:\\\/\\\/secure.gravatar.com\\\/avatar\\\/2bb7f1561282132fb5826dfeccc66c7996d11ee392ac6aaf7ced8a1c2027fbb2?s=96&d=mm&r=g\",\"url\":\"https:\\\/\\\/secure.gravatar.com\\\/avatar\\\/2bb7f1561282132fb5826dfeccc66c7996d11ee392ac6aaf7ced8a1c2027fbb2?s=96&d=mm&r=g\",\"contentUrl\":\"https:\\\/\\\/secure.gravatar.com\\\/avatar\\\/2bb7f1561282132fb5826dfeccc66c7996d11ee392ac6aaf7ced8a1c2027fbb2?s=96&d=mm&r=g\",\"caption\":\"Pova\u017esk\u00e9 m\u00fazeum\"}}]}<\/script>\n<!-- \/ Yoast SEO plugin. -->","yoast_head_json":{"title":"Za vt\u00e1kmi a kvetmi Vi\u0161\u0148ovsk\u00e9ho chot\u00e1ra - Pova\u017esk\u00e9 m\u00fazeum","robots":{"index":"index","follow":"follow","max-snippet":"max-snippet:-1","max-image-preview":"max-image-preview:large","max-video-preview":"max-video-preview:-1"},"canonical":"https:\/\/pmza.sk\/?p=56797","og_locale":"sk_SK","og_type":"article","og_title":"Za vt\u00e1kmi a kvetmi Vi\u0161\u0148ovsk\u00e9ho chot\u00e1ra - Pova\u017esk\u00e9 m\u00fazeum","og_description":"Poz\u00fdvame V\u00e1s na pr\u00edrodovedn\u00fa vych\u00e1dzku zameran\u00fa na spozn\u00e1vanie miestnej fauny a\u00a0fl\u00f3ry, ktor\u00e1 sa uskuto\u010dn\u00ed v\u00a0utorok 20. j\u00fana. Budeme pozorova\u0165 pr\u00edtomn\u00e9 spevavce aj drav\u00e9 vt\u00e1ky a\u00a0prejdeme sa aj po l\u00fa\u010dnych chodn\u00ed\u010dkoch za zauj\u00edmavou kvetenou. K\u00a0dispoz\u00edcii bude monokul\u00e1rny \u010falekoh\u013ead na pozorovanie vt\u00e1ctva, vlastn\u00fd \u010falekoh\u013ead nie je nutn\u00fd, ale v\u00edtan\u00fd. Oble\u010denie a obuv pod\u013ea po\u010dasia. Zraz bude o\u00a016:00 [&hellip;]","og_url":"https:\/\/pmza.sk\/?p=56797","og_site_name":"Pova\u017esk\u00e9 m\u00fazeum","article_publisher":"https:\/\/www.facebook.com\/povazskemuzeum","article_published_time":"2023-06-12T05:20:48+00:00","article_modified_time":"2023-06-21T12:17:06+00:00","og_image":[{"width":2560,"height":2560,"url":"https:\/\/pmza.sk\/wp-content\/uploads\/2023\/06\/Za_vtakmi_web-scaled.jpg","type":"image\/jpeg"}],"author":"Pova\u017esk\u00e9 m\u00fazeum","twitter_card":"summary_large_image","twitter_misc":{"Autor":"Pova\u017esk\u00e9 m\u00fazeum","Predpokladan\u00fd \u010das \u010d\u00edtania":"1 min\u00fata"},"schema":{"@context":"https:\/\/schema.org","@graph":[{"@type":"Article","@id":"https:\/\/pmza.sk\/?p=56797#article","isPartOf":{"@id":"https:\/\/pmza.sk\/?p=56797"},"author":{"name":"Pova\u017esk\u00e9 m\u00fazeum","@id":"https:\/\/pmza.sk\/#\/schema\/person\/595e6a2ce731ea94dcd5d7f50a41ae33"},"headline":"Za vt\u00e1kmi a kvetmi Vi\u0161\u0148ovsk\u00e9ho chot\u00e1ra","datePublished":"2023-06-12T05:20:48+00:00","dateModified":"2023-06-21T12:17:06+00:00","mainEntityOfPage":{"@id":"https:\/\/pmza.sk\/?p=56797"},"wordCount":235,"commentCount":0,"publisher":{"@id":"https:\/\/pmza.sk\/#organization"},"image":{"@id":"https:\/\/pmza.sk\/?p=56797#primaryimage"},"thumbnailUrl":"https:\/\/pmza.sk\/wp-content\/uploads\/2023\/06\/Za_vtakmi_web-scaled.jpg","articleSection":["Podujatia"],"inLanguage":"sk-SK"},{"@type":"WebPage","@id":"https:\/\/pmza.sk\/?p=56797","url":"https:\/\/pmza.sk\/?p=56797","name":"Za vt\u00e1kmi a kvetmi Vi\u0161\u0148ovsk\u00e9ho chot\u00e1ra - Pova\u017esk\u00e9 m\u00fazeum","isPartOf":{"@id":"https:\/\/pmza.sk\/#website"},"primaryImageOfPage":{"@id":"https:\/\/pmza.sk\/?p=56797#primaryimage"},"image":{"@id":"https:\/\/pmza.sk\/?p=56797#primaryimage"},"thumbnailUrl":"https:\/\/pmza.sk\/wp-content\/uploads\/2023\/06\/Za_vtakmi_web-scaled.jpg","datePublished":"2023-06-12T05:20:48+00:00","dateModified":"2023-06-21T12:17:06+00:00","breadcrumb":{"@id":"https:\/\/pmza.sk\/?p=56797#breadcrumb"},"inLanguage":"sk-SK","potentialAction":[{"@type":"ReadAction","target":["https:\/\/pmza.sk\/?p=56797"]}]},{"@type":"ImageObject","inLanguage":"sk-SK","@id":"https:\/\/pmza.sk\/?p=56797#primaryimage","url":"https:\/\/pmza.sk\/wp-content\/uploads\/2023\/06\/Za_vtakmi_web-scaled.jpg","contentUrl":"https:\/\/pmza.sk\/wp-content\/uploads\/2023\/06\/Za_vtakmi_web-scaled.jpg","width":2560,"height":2560},{"@type":"BreadcrumbList","@id":"https:\/\/pmza.sk\/?p=56797#breadcrumb","itemListElement":[{"@type":"ListItem","position":1,"name":"Domovsk\u00e1 str\u00e1nka","item":"https:\/\/pmza.sk\/"},{"@type":"ListItem","position":2,"name":"Za vt\u00e1kmi a kvetmi Vi\u0161\u0148ovsk\u00e9ho chot\u00e1ra"}]},{"@type":"WebSite","@id":"https:\/\/pmza.sk\/#website","url":"https:\/\/pmza.sk\/","name":"Pova\u017esk\u00e9 m\u00fazeum","description":"Pova\u017esk\u00e9 m\u00fazeum v \u017diline je region\u00e1lne m\u00fazeum so s\u00eddlom v Budat\u00edne. Jeho expoz\u00edcie s\u00fa zameran\u00e9 na dejiny slovensk\u00e9ho umenia, kult\u00fary a dopravy.","publisher":{"@id":"https:\/\/pmza.sk\/#organization"},"potentialAction":[{"@type":"SearchAction","target":{"@type":"EntryPoint","urlTemplate":"https:\/\/pmza.sk\/?s={search_term_string}"},"query-input":{"@type":"PropertyValueSpecification","valueRequired":true,"valueName":"search_term_string"}}],"inLanguage":"sk-SK"},{"@type":"Organization","@id":"https:\/\/pmza.sk\/#organization","name":"Pova\u017esk\u00e9 m\u00fazeum","url":"https:\/\/pmza.sk\/","logo":{"@type":"ImageObject","inLanguage":"sk-SK","@id":"https:\/\/pmza.sk\/#\/schema\/logo\/image\/","url":"https:\/\/pmza.sk\/wp-content\/uploads\/2022\/01\/logo_PM_horizontal.jpg","contentUrl":"https:\/\/pmza.sk\/wp-content\/uploads\/2022\/01\/logo_PM_horizontal.jpg","width":231,"height":142,"caption":"Pova\u017esk\u00e9 m\u00fazeum"},"image":{"@id":"https:\/\/pmza.sk\/#\/schema\/logo\/image\/"},"sameAs":["https:\/\/www.facebook.com\/povazskemuzeum","https:\/\/www.instagram.com\/povazskemuzeum\/"]},{"@type":"Person","@id":"https:\/\/pmza.sk\/#\/schema\/person\/595e6a2ce731ea94dcd5d7f50a41ae33","name":"Pova\u017esk\u00e9 m\u00fazeum","image":{"@type":"ImageObject","inLanguage":"sk-SK","@id":"https:\/\/secure.gravatar.com\/avatar\/2bb7f1561282132fb5826dfeccc66c7996d11ee392ac6aaf7ced8a1c2027fbb2?s=96&d=mm&r=g","url":"https:\/\/secure.gravatar.com\/avatar\/2bb7f1561282132fb5826dfeccc66c7996d11ee392ac6aaf7ced8a1c2027fbb2?s=96&d=mm&r=g","contentUrl":"https:\/\/secure.gravatar.com\/avatar\/2bb7f1561282132fb5826dfeccc66c7996d11ee392ac6aaf7ced8a1c2027fbb2?s=96&d=mm&r=g","caption":"Pova\u017esk\u00e9 m\u00fazeum"}}]}},"_links":{"self":[{"href":"https:\/\/pmza.sk\/index.php?rest_route=\/wp\/v2\/posts\/56797","targetHints":{"allow":["GET"]}}],"collection":[{"href":"https:\/\/pmza.sk\/index.php?rest_route=\/wp\/v2\/posts"}],"about":[{"href":"https:\/\/pmza.sk\/index.php?rest_route=\/wp\/v2\/types\/post"}],"author":[{"embeddable":true,"href":"https:\/\/pmza.sk\/index.php?rest_route=\/wp\/v2\/users\/2"}],"replies":[{"embeddable":true,"href":"https:\/\/pmza.sk\/index.php?rest_route=%2Fwp%2Fv2%2Fcomments&post=56797"}],"version-history":[{"count":0,"href":"https:\/\/pmza.sk\/index.php?rest_route=\/wp\/v2\/posts\/56797\/revisions"}],"wp:featuredmedia":[{"embeddable":true,"href":"https:\/\/pmza.sk\/index.php?rest_route=\/wp\/v2\/media\/56800"}],"wp:attachment":[{"href":"https:\/\/pmza.sk\/index.php?rest_route=%2Fwp%2Fv2%2Fmedia&parent=56797"}],"wp:term":[{"taxonomy":"category","embeddable":true,"href":"https:\/\/pmza.sk\/index.php?rest_route=%2Fwp%2Fv2%2Fcategories&post=56797"},{"taxonomy":"post_tag","embeddable":true,"href":"https:\/\/pmza.sk\/index.php?rest_route=%2Fwp%2Fv2%2Ftags&post=56797"}],"curies":[{"name":"wp","href":"https:\/\/api.w.org\/{rel}","templated":true}]}}