{"id":56847,"date":"2023-06-21T07:30:02","date_gmt":"2023-06-21T05:30:02","guid":{"rendered":"https:\/\/pmza.sk\/?p=56847"},"modified":"2023-07-18T07:14:33","modified_gmt":"2023-07-18T05:14:33","slug":"vylet-s-tatranom-do-rajeckych-teplic","status":"publish","type":"post","link":"https:\/\/pmza.sk\/?p=56847","title":{"rendered":"V\u00fdlet s Tatranom do Rajeck\u00fdch Tepl\u00edc"},"content":{"rendered":"\t\t<div data-elementor-type=\"wp-post\" data-elementor-id=\"56847\" class=\"elementor elementor-56847\">\n\t\t\t\t\t\t<section class=\"elementor-section elementor-top-section elementor-element elementor-element-6423b974 elementor-section-boxed elementor-section-height-default elementor-section-height-default\" data-id=\"6423b974\" data-element_type=\"section\">\n\t\t\t\t\t\t<div class=\"elementor-container elementor-column-gap-default\">\n\t\t\t\t\t<div class=\"elementor-column elementor-col-100 elementor-top-column elementor-element elementor-element-a810878\" data-id=\"a810878\" data-element_type=\"column\">\n\t\t\t<div class=\"elementor-widget-wrap elementor-element-populated\">\n\t\t\t\t\t\t<div class=\"elementor-element elementor-element-d1ad794 elementor-widget elementor-widget-text-editor\" data-id=\"d1ad794\" data-element_type=\"widget\" data-widget_type=\"text-editor.default\">\n\t\t\t\t<div class=\"elementor-widget-container\">\n\t\t\t\t\t\t\t\t\t<p style=\"text-align: center;\"><span style=\"font-size: 15px; text-align: justify;\"><strong>Mil\u00ed nad\u0161enci netradi\u010dn\u00fdch v\u00fdletov! V sobotu 15. j\u00fala 2023 na V\u00e1s \u010dak\u00e1 retro jazda vlakom z Liptova do Rajeck\u00fdch Tepl\u00edc spojen\u00e1 s v\u00fdletn\u00fdm programom do okolia k\u00fape\u013en\u00e9ho mesta.<\/strong> <br \/><\/span><\/p><p><span style=\"font-size: 15px; text-align: justify;\">Historick\u00fd vlak tvor\u00ed s\u00faprava expresu Tatran s elektrick\u00fdm ru\u0161\u0148om E 499.062 (Bobina), na neelektrifikovanom \u00faseku motorov\u00fdm ru\u0161\u0148om radu 771 (\u010cmeliak).\u00a0<\/span><\/p><p><span style=\"font-size: 15px; text-align: justify;\">\u00a0<\/span><img fetchpriority=\"high\" decoding=\"async\" class=\"alignnone wp-image-56855\" style=\"font-style: inherit; font-weight: inherit;\" src=\"https:\/\/pmza.sk\/wp-content\/uploads\/2023\/06\/Bobina-570x241.jpg\" alt=\"\" width=\"400\" height=\"169\" srcset=\"https:\/\/pmza.sk\/wp-content\/uploads\/2023\/06\/Bobina-570x241.jpg 570w, https:\/\/pmza.sk\/wp-content\/uploads\/2023\/06\/Bobina-1170x495.jpg 1170w, https:\/\/pmza.sk\/wp-content\/uploads\/2023\/06\/Bobina-768x325.jpg 768w, https:\/\/pmza.sk\/wp-content\/uploads\/2023\/06\/Bobina-1536x650.jpg 1536w, https:\/\/pmza.sk\/wp-content\/uploads\/2023\/06\/Bobina-600x254.jpg 600w, https:\/\/pmza.sk\/wp-content\/uploads\/2023\/06\/Bobina.jpg 1859w\" sizes=\"(max-width: 400px) 100vw, 400px\" \/>\u00a0 \u00a0 \u00a0<img decoding=\"async\" class=\"alignnone wp-image-56902\" style=\"font-style: inherit; font-weight: inherit;\" src=\"https:\/\/pmza.sk\/wp-content\/uploads\/2023\/06\/Cmeliak-570x170.jpg\" alt=\"\" width=\"418\" height=\"125\" srcset=\"https:\/\/pmza.sk\/wp-content\/uploads\/2023\/06\/Cmeliak-570x170.jpg 570w, https:\/\/pmza.sk\/wp-content\/uploads\/2023\/06\/Cmeliak-1170x350.jpg 1170w, https:\/\/pmza.sk\/wp-content\/uploads\/2023\/06\/Cmeliak-768x230.jpg 768w, https:\/\/pmza.sk\/wp-content\/uploads\/2023\/06\/Cmeliak-1536x459.jpg 1536w, https:\/\/pmza.sk\/wp-content\/uploads\/2023\/06\/Cmeliak-600x179.jpg 600w, https:\/\/pmza.sk\/wp-content\/uploads\/2023\/06\/Cmeliak.jpg 1720w\" sizes=\"(max-width: 418px) 100vw, 418px\" \/><\/p><p><span style=\"font-size: 15px; text-align: justify;\"><strong> \u00da\u010dastn\u00edci m\u00f4\u017eu nav\u0161t\u00edvi\u0165<\/strong> M\u00fazeum dopravy v Rajeck\u00fdch Tepliciach a vybra\u0165 si z viacer\u00fdch aktiv\u00edt pripraven\u00fdch OOCR Rajeck\u00e1 dolina. Prihl\u00e1si\u0165 sa m\u00f4\u017eu na cyklov\u00fdlet Rajeckou dolinou so sprievodcom, turistiku na Zby\u0148ovsk\u00fd budzog\u00e1\u0148 a Babice spojen\u00fa s piknikom, interakt\u00edvnu prehliadku k\u00fape\u013en\u00e9ho mesta Rajeck\u00e9 Teplice spojen\u00fa s prehliadkou \u010desk\u00fdch korunova\u010dn\u00fdch klenotov a pr\u00edbehom Jozefa Gab\u010d\u00edka, letn\u00e9 osvie\u017eenie na k\u00fapalisku Laura alebo vo wellness centre Spa Aphrodite. Aktivity s\u00fa zahrnut\u00e9 v cene l\u00edstka. Pr\u00edslu\u0161n\u00fdm aktivit\u00e1m je priraden\u00fd konkr\u00e9tny voze\u0148 historick\u00e9ho vlaku.\u00a0<\/span><\/p><div style=\"font-size: 15px; font-style: normal; font-weight: 400;\"><strong><span style=\"font-size: 15px; font-style: normal;\">Cestovn\u00fd poriadok historick\u00e9ho vlaku (m\u00f4\u017ee d\u00f4js\u0165 e\u0161te k drobn\u00fdm \u00faprav\u00e1m):<\/span><\/strong><\/div>\t\t\t\t\t\t\t\t<\/div>\n\t\t\t\t<\/div>\n\t\t\t\t<section class=\"elementor-section elementor-inner-section elementor-element elementor-element-911d8e7 elementor-section-boxed elementor-section-height-default elementor-section-height-default\" data-id=\"911d8e7\" data-element_type=\"section\">\n\t\t\t\t\t\t<div class=\"elementor-container elementor-column-gap-default\">\n\t\t\t\t\t<div class=\"elementor-column elementor-col-50 elementor-inner-column elementor-element elementor-element-703655e\" data-id=\"703655e\" data-element_type=\"column\">\n\t\t\t<div class=\"elementor-widget-wrap elementor-element-populated\">\n\t\t\t\t\t\t<div class=\"elementor-element elementor-element-502457a elementor-widget elementor-widget-text-editor\" data-id=\"502457a\" data-element_type=\"widget\" data-widget_type=\"text-editor.default\">\n\t\t\t\t<div class=\"elementor-widget-container\">\n\t\t\t\t\t\t\t\t\t<p>Smer Liptovsk\u00fd Mikul\u00e1\u0161 &#8211; Rajeck\u00e9 Teplice:<\/p><p>Liptovsk\u00fd Mikul\u00e1\u0161 8.00<br \/>Ru\u017eomberok 8.20 &#8211; 8.25<br \/>Kra\u013eovany 8.41 &#8211; 8.43<br \/>Vr\u00fatky 8.57 &#8211; 8.59<br \/>\u017dilina 9.38 &#8211; 9.41<br \/>Rajeck\u00e9 Teplice 10.10<\/p>\t\t\t\t\t\t\t\t<\/div>\n\t\t\t\t<\/div>\n\t\t\t\t\t<\/div>\n\t\t<\/div>\n\t\t\t\t<div class=\"elementor-column elementor-col-50 elementor-inner-column elementor-element elementor-element-7cb3ef3\" data-id=\"7cb3ef3\" data-element_type=\"column\">\n\t\t\t<div class=\"elementor-widget-wrap elementor-element-populated\">\n\t\t\t\t\t\t<div class=\"elementor-element elementor-element-4027f97 elementor-widget elementor-widget-text-editor\" data-id=\"4027f97\" data-element_type=\"widget\" data-widget_type=\"text-editor.default\">\n\t\t\t\t<div class=\"elementor-widget-container\">\n\t\t\t\t\t\t\t\t\t<p>Smer Rajeck\u00e9 Teplice &#8211; Liptovsk\u00fd Mikul\u00e1\u0161:<\/p><p>Rajeck\u00e9 Teplice odchod 17.50<br \/>\u017dilina 18.20 &#8211; 18.23<br \/>Vr\u00fatky 19.05 &#8211; 19.07<br \/>Kra\u013eovany 19.23 &#8211; 19.25<br \/>Ru\u017eomberok 19.41 &#8211; 19.43<br \/>Liptovsk\u00fd Mikul\u00e1\u0161 20.05<\/p>\t\t\t\t\t\t\t\t<\/div>\n\t\t\t\t<\/div>\n\t\t\t\t\t<\/div>\n\t\t<\/div>\n\t\t\t\t\t<\/div>\n\t\t<\/section>\n\t\t\t\t<div class=\"elementor-element elementor-element-463fea6 elementor-widget elementor-widget-text-editor\" data-id=\"463fea6\" data-element_type=\"widget\" data-widget_type=\"text-editor.default\">\n\t\t\t\t<div class=\"elementor-widget-container\">\n\t\t\t\t\t\t\t\t\t<h2><strong><span style=\"color: #0000ff;\">Predpredaj l\u00edstkov je ukon\u010den\u00fd, \u010fakujeme za V\u00e1\u0161 z\u00e1ujem a te\u0161\u00edme sa na V\u00e1s! Do vlaku V\u00e1m sta\u010d\u00ed potvrdenie Va\u0161ej objedn\u00e1vky (e-mail). Na\u0161i sprievodcovia V\u00e1s maj\u00fa v zozname. Tu dostanete l\u00edstky, ktor\u00fdmi sa preuk\u00e1\u017eete na \u010fal\u0161ie aktivity. Sprievodcovia V\u00e1m tie\u017e pri n\u00e1stupe\u00a0 poskytn\u00fa \u010fal\u0161ie info a pom\u00f4\u017eu n\u00e1js\u0165 Va\u0161e miesta na sedenie.<\/span><\/strong>\u00a0<\/h2>\t\t\t\t\t\t\t\t<\/div>\n\t\t\t\t<\/div>\n\t\t\t\t<div class=\"elementor-element elementor-element-c465a8b elementor-widget-divider--view-line elementor-widget elementor-widget-divider\" data-id=\"c465a8b\" data-element_type=\"widget\" data-widget_type=\"divider.default\">\n\t\t\t\t<div class=\"elementor-widget-container\">\n\t\t\t\t\t\t\t<div class=\"elementor-divider\">\n\t\t\t<span class=\"elementor-divider-separator\">\n\t\t\t\t\t\t<\/span>\n\t\t<\/div>\n\t\t\t\t\t\t<\/div>\n\t\t\t\t<\/div>\n\t\t\t\t<div class=\"elementor-element elementor-element-171cb5b elementor-widget-divider--view-line elementor-widget elementor-widget-divider\" data-id=\"171cb5b\" data-element_type=\"widget\" data-widget_type=\"divider.default\">\n\t\t\t\t<div class=\"elementor-widget-container\">\n\t\t\t\t\t\t\t<div class=\"elementor-divider\">\n\t\t\t<span class=\"elementor-divider-separator\">\n\t\t\t\t\t\t<\/span>\n\t\t<\/div>\n\t\t\t\t\t\t<\/div>\n\t\t\t\t<\/div>\n\t\t\t\t<div class=\"elementor-element elementor-element-b8f8037 elementor-widget-divider--view-line elementor-widget elementor-widget-divider\" data-id=\"b8f8037\" data-element_type=\"widget\" data-widget_type=\"divider.default\">\n\t\t\t\t<div class=\"elementor-widget-container\">\n\t\t\t\t\t\t\t<div class=\"elementor-divider\">\n\t\t\t<span class=\"elementor-divider-separator\">\n\t\t\t\t\t\t<\/span>\n\t\t<\/div>\n\t\t\t\t\t\t<\/div>\n\t\t\t\t<\/div>\n\t\t\t\t<div class=\"elementor-element elementor-element-b942688 elementor-widget elementor-widget-text-editor\" data-id=\"b942688\" data-element_type=\"widget\" data-widget_type=\"text-editor.default\">\n\t\t\t\t<div class=\"elementor-widget-container\">\n\t\t\t\t\t\t\t\t\t<p>Vlak je povinne miestenkov\u00fd, cestuj\u00faci bez rezerv\u00e1cie nebud\u00fa prepraven\u00ed. Platba za podujatie sa uskuto\u010d\u0148uje v\u00fdlu\u010dne vopred kartou alebo prevodom z \u00fa\u010dtu (platba v hotovosti na mieste nie je mo\u017en\u00e1). Vo vlaku neplatia cestovn\u00e9 l\u00edstky in\u00fdch dopravcov. Dopravca nezodpoved\u00e1 za pr\u00edpadn\u00e9 straty a \u0161kody. \u00da\u010dastn\u00edk podujatia svojou \u00fa\u010das\u0165ou s\u00fahlas\u00ed s vyhotovovan\u00edm digit\u00e1lnych z\u00e1znamov.\u00a0 \u00da\u010dastn\u00edk podujatia je povinn\u00fd dodr\u017eiava\u0165 <a href=\"https:\/\/www.zeleznicnemuzeum.sk\/stranka\/prepravny-poriadok-pre-dopravu-osob-nostalgickymi-vlakmi-zsr\/\">Prepravn\u00fd poriadok pre dopravu os\u00f4b nostalgick\u00fdmi vlakmi \u017dSR<\/a>.<\/p>\t\t\t\t\t\t\t\t<\/div>\n\t\t\t\t<\/div>\n\t\t\t\t<div class=\"elementor-element elementor-element-2602aaf elementor-widget elementor-widget-text-editor\" data-id=\"2602aaf\" data-element_type=\"widget\" data-widget_type=\"text-editor.default\">\n\t\t\t\t<div class=\"elementor-widget-container\">\n\t\t\t\t\t\t\t\t\t<div class=\"wp-block-image\" style=\"text-align: center;\"><div class=\"wp-block-image\">\u00a0<\/div><strong><span style=\"font-size: 15px; font-style: normal;\">Organiz\u00e1tori a partneri podujatia:<\/span><\/strong><\/div><div class=\"wp-block-image\"><p><img decoding=\"async\" class=\"wp-image-56972 aligncenter\" src=\"https:\/\/pmza.sk\/wp-content\/uploads\/2023\/06\/81949238_101045904776831_5147633649897701376_n-360x360.jpg\" alt=\"\" width=\"200\" height=\"200\" srcset=\"https:\/\/pmza.sk\/wp-content\/uploads\/2023\/06\/81949238_101045904776831_5147633649897701376_n-360x360.jpg 360w, https:\/\/pmza.sk\/wp-content\/uploads\/2023\/06\/81949238_101045904776831_5147633649897701376_n-736x736.jpg 736w, https:\/\/pmza.sk\/wp-content\/uploads\/2023\/06\/81949238_101045904776831_5147633649897701376_n-768x768.jpg 768w, https:\/\/pmza.sk\/wp-content\/uploads\/2023\/06\/81949238_101045904776831_5147633649897701376_n-300x300.jpg 300w, https:\/\/pmza.sk\/wp-content\/uploads\/2023\/06\/81949238_101045904776831_5147633649897701376_n-600x600.jpg 600w, https:\/\/pmza.sk\/wp-content\/uploads\/2023\/06\/81949238_101045904776831_5147633649897701376_n-100x100.jpg 100w, https:\/\/pmza.sk\/wp-content\/uploads\/2023\/06\/81949238_101045904776831_5147633649897701376_n.jpg 1137w\" sizes=\"(max-width: 200px) 100vw, 200px\" \/><img loading=\"lazy\" decoding=\"async\" class=\"wp-image-56974 aligncenter\" style=\"font-style: inherit; font-weight: inherit;\" src=\"https:\/\/pmza.sk\/wp-content\/uploads\/2023\/06\/OOCR-logo.png\" alt=\"\" width=\"200\" height=\"200\" srcset=\"https:\/\/pmza.sk\/wp-content\/uploads\/2023\/06\/OOCR-logo.png 225w, https:\/\/pmza.sk\/wp-content\/uploads\/2023\/06\/OOCR-logo-100x100.png 100w\" sizes=\"(max-width: 200px) 100vw, 200px\" \/> <img loading=\"lazy\" decoding=\"async\" class=\"wp-image-56975 aligncenter\" src=\"https:\/\/pmza.sk\/wp-content\/uploads\/2023\/06\/cargologo.png\" alt=\"\" width=\"200\" height=\"107\" \/><strong><span style=\"color: #339966;\"><img loading=\"lazy\" decoding=\"async\" class=\"wp-image-56976 aligncenter\" src=\"https:\/\/pmza.sk\/wp-content\/uploads\/2023\/06\/logo_ZMSR-423x360.jpg\" alt=\"\" width=\"200\" height=\"170\" srcset=\"https:\/\/pmza.sk\/wp-content\/uploads\/2023\/06\/logo_ZMSR-423x360.jpg 423w, https:\/\/pmza.sk\/wp-content\/uploads\/2023\/06\/logo_ZMSR-864x736.jpg 864w, https:\/\/pmza.sk\/wp-content\/uploads\/2023\/06\/logo_ZMSR-768x654.jpg 768w, https:\/\/pmza.sk\/wp-content\/uploads\/2023\/06\/logo_ZMSR-1536x1309.jpg 1536w, https:\/\/pmza.sk\/wp-content\/uploads\/2023\/06\/logo_ZMSR-2048x1745.jpg 2048w, https:\/\/pmza.sk\/wp-content\/uploads\/2023\/06\/logo_ZMSR-600x511.jpg 600w\" sizes=\"(max-width: 200px) 100vw, 200px\" \/><\/span><\/strong><\/p><\/div>\t\t\t\t\t\t\t\t<\/div>\n\t\t\t\t<\/div>\n\t\t\t\t<div class=\"elementor-element elementor-element-1f75e28 elementor-widget elementor-widget-text-editor\" data-id=\"1f75e28\" data-element_type=\"widget\" data-widget_type=\"text-editor.default\">\n\t\t\t\t<div class=\"elementor-widget-container\">\n\t\t\t\t\t\t\t\t\t<h4 style=\"text-align: center;\"><strong><span style=\"color: #808000;\">Bli\u017e\u0161ie info na tel. 0905 602 582\u00a0<\/span><\/strong><br \/><strong><span style=\"color: #808000;\">(pracovn\u00e9 dni 9.00 &#8211; 15.00 hod.)<\/span><\/strong><\/h4><div><strong><span style=\"color: #808000;\">\u00a0<\/span><\/strong><\/div><div><div class=\"wp-block-image\"><img loading=\"lazy\" decoding=\"async\" class=\"alignnone size-medium wp-image-57087\" src=\"https:\/\/pmza.sk\/wp-content\/uploads\/2023\/06\/Retro_jazda_K2-255x360.jpg\" alt=\"\" width=\"255\" height=\"360\" srcset=\"https:\/\/pmza.sk\/wp-content\/uploads\/2023\/06\/Retro_jazda_K2-255x360.jpg 255w, https:\/\/pmza.sk\/wp-content\/uploads\/2023\/06\/Retro_jazda_K2-520x736.jpg 520w, https:\/\/pmza.sk\/wp-content\/uploads\/2023\/06\/Retro_jazda_K2-768x1086.jpg 768w, https:\/\/pmza.sk\/wp-content\/uploads\/2023\/06\/Retro_jazda_K2-1086x1536.jpg 1086w, https:\/\/pmza.sk\/wp-content\/uploads\/2023\/06\/Retro_jazda_K2-1448x2048.jpg 1448w, https:\/\/pmza.sk\/wp-content\/uploads\/2023\/06\/Retro_jazda_K2-600x849.jpg 600w, https:\/\/pmza.sk\/wp-content\/uploads\/2023\/06\/Retro_jazda_K2-scaled.jpg 1810w\" sizes=\"(max-width: 255px) 100vw, 255px\" \/><\/div><\/div><div>Plag\u00e1t v plnej ve\u013ekosti <a href=\"https:\/\/pmza.sk\/wp-content\/uploads\/2023\/06\/Retro_jazda_K2.pdf\">TU<\/a><\/div><div><strong><span style=\"color: #808000;\">\u00a0<\/span><\/strong><\/div>\t\t\t\t\t\t\t\t<\/div>\n\t\t\t\t<\/div>\n\t\t\t\t\t<\/div>\n\t\t<\/div>\n\t\t\t\t\t<\/div>\n\t\t<\/section>\n\t\t\t\t<\/div>\n\t\t","protected":false},"excerpt":{"rendered":"<p>Mil\u00ed nad\u0161enci netradi\u010dn\u00fdch v\u00fdletov! V sobotu 15. j\u00fala 2023 na V\u00e1s \u010dak\u00e1 retro jazda vlakom z Liptova do Rajeck\u00fdch Tepl\u00edc spojen\u00e1 s v\u00fdletn\u00fdm programom do okolia k\u00fape\u013en\u00e9ho mesta. Historick\u00fd vlak tvor\u00ed s\u00faprava expresu Tatran s elektrick\u00fdm ru\u0161\u0148om E 499.062 (Bobina), na neelektrifikovanom \u00faseku motorov\u00fdm ru\u0161\u0148om radu 771 (\u010cmeliak). \u00a0 \u00a0 \u00a0 \u00da\u010dastn\u00edci m\u00f4\u017eu nav\u0161t\u00edvi\u0165 M\u00fazeum [&hellip;]<\/p>\n","protected":false},"author":2,"featured_media":56989,"comment_status":"open","ping_status":"open","sticky":false,"template":"","format":"standard","meta":{"site-sidebar-layout":"default","site-content-layout":"default","ast-site-content-layout":"","site-content-style":"default","site-sidebar-style":"default","ast-global-header-display":"","ast-banner-title-visibility":"","ast-main-header-display":"","ast-hfb-above-header-display":"","ast-hfb-below-header-display":"","ast-hfb-mobile-header-display":"","site-post-title":"","ast-breadcrumbs-content":"","ast-featured-img":"","footer-sml-layout":"","theme-transparent-header-meta":"default","adv-header-id-meta":"","stick-header-meta":"default","header-above-stick-meta":"","header-main-stick-meta":"","header-below-stick-meta":"","astra-migrate-meta-layouts":"default","ast-page-background-enabled":"default","ast-page-background-meta":{"desktop":{"background-color":"var(--ast-global-color-4)","background-image":"","background-repeat":"repeat","background-position":"center center","background-size":"auto","background-attachment":"scroll","background-type":"","background-media":"","overlay-type":"","overlay-color":"","overlay-opacity":"","overlay-gradient":""},"tablet":{"background-color":"","background-image":"","background-repeat":"repeat","background-position":"center center","background-size":"auto","background-attachment":"scroll","background-type":"","background-media":"","overlay-type":"","overlay-color":"","overlay-opacity":"","overlay-gradient":""},"mobile":{"background-color":"","background-image":"","background-repeat":"repeat","background-position":"center center","background-size":"auto","background-attachment":"scroll","background-type":"","background-media":"","overlay-type":"","overlay-color":"","overlay-opacity":"","overlay-gradient":""}},"ast-content-background-meta":{"desktop":{"background-color":"var(--ast-global-color-5)","background-image":"","background-repeat":"repeat","background-position":"center center","background-size":"auto","background-attachment":"scroll","background-type":"","background-media":"","overlay-type":"","overlay-color":"","overlay-opacity":"","overlay-gradient":""},"tablet":{"background-color":"var(--ast-global-color-5)","background-image":"","background-repeat":"repeat","background-position":"center center","background-size":"auto","background-attachment":"scroll","background-type":"","background-media":"","overlay-type":"","overlay-color":"","overlay-opacity":"","overlay-gradient":""},"mobile":{"background-color":"var(--ast-global-color-5)","background-image":"","background-repeat":"repeat","background-position":"center center","background-size":"auto","background-attachment":"scroll","background-type":"","background-media":"","overlay-type":"","overlay-color":"","overlay-opacity":"","overlay-gradient":""}},"footnotes":""},"categories":[71],"tags":[],"class_list":["post-56847","post","type-post","status-publish","format-standard","has-post-thumbnail","hentry","category-podujatia"],"yoast_head":"<!-- This site is optimized with the Yoast SEO plugin v27.4 - https:\/\/yoast.com\/product\/yoast-seo-wordpress\/ -->\n<title>V\u00fdlet s Tatranom do Rajeck\u00fdch Tepl\u00edc - Pova\u017esk\u00e9 m\u00fazeum<\/title>\n<meta name=\"robots\" content=\"index, follow, max-snippet:-1, max-image-preview:large, max-video-preview:-1\" \/>\n<link rel=\"canonical\" href=\"https:\/\/pmza.sk\/?p=56847\" \/>\n<meta property=\"og:locale\" content=\"sk_SK\" \/>\n<meta property=\"og:type\" content=\"article\" \/>\n<meta property=\"og:title\" content=\"V\u00fdlet s Tatranom do Rajeck\u00fdch Tepl\u00edc - Pova\u017esk\u00e9 m\u00fazeum\" \/>\n<meta property=\"og:description\" content=\"Mil\u00ed nad\u0161enci netradi\u010dn\u00fdch v\u00fdletov! V sobotu 15. j\u00fala 2023 na V\u00e1s \u010dak\u00e1 retro jazda vlakom z Liptova do Rajeck\u00fdch Tepl\u00edc spojen\u00e1 s v\u00fdletn\u00fdm programom do okolia k\u00fape\u013en\u00e9ho mesta. Historick\u00fd vlak tvor\u00ed s\u00faprava expresu Tatran s elektrick\u00fdm ru\u0161\u0148om E 499.062 (Bobina), na neelektrifikovanom \u00faseku motorov\u00fdm ru\u0161\u0148om radu 771 (\u010cmeliak). \u00a0 \u00a0 \u00a0 \u00da\u010dastn\u00edci m\u00f4\u017eu nav\u0161t\u00edvi\u0165 M\u00fazeum [&hellip;]\" \/>\n<meta property=\"og:url\" content=\"https:\/\/pmza.sk\/?p=56847\" \/>\n<meta property=\"og:site_name\" content=\"Pova\u017esk\u00e9 m\u00fazeum\" \/>\n<meta property=\"article:publisher\" content=\"https:\/\/www.facebook.com\/povazskemuzeum\" \/>\n<meta property=\"article:published_time\" content=\"2023-06-21T05:30:02+00:00\" \/>\n<meta property=\"article:modified_time\" content=\"2023-07-18T05:14:33+00:00\" \/>\n<meta property=\"og:image\" content=\"https:\/\/pmza.sk\/wp-content\/uploads\/2023\/06\/344974787_233668129355127_4325458570368699739_n.jpg\" \/>\n\t<meta property=\"og:image:width\" content=\"1800\" \/>\n\t<meta property=\"og:image:height\" content=\"1350\" \/>\n\t<meta property=\"og:image:type\" content=\"image\/jpeg\" \/>\n<meta name=\"author\" content=\"Pova\u017esk\u00e9 m\u00fazeum\" \/>\n<meta name=\"twitter:card\" content=\"summary_large_image\" \/>\n<meta name=\"twitter:label1\" content=\"Autor\" \/>\n\t<meta name=\"twitter:data1\" content=\"Pova\u017esk\u00e9 m\u00fazeum\" \/>\n\t<meta name=\"twitter:label2\" content=\"Predpokladan\u00fd \u010das \u010d\u00edtania\" \/>\n\t<meta name=\"twitter:data2\" content=\"2 min\u00faty\" \/>\n<script type=\"application\/ld+json\" class=\"yoast-schema-graph\">{\"@context\":\"https:\\\/\\\/schema.org\",\"@graph\":[{\"@type\":\"Article\",\"@id\":\"https:\\\/\\\/pmza.sk\\\/?p=56847#article\",\"isPartOf\":{\"@id\":\"https:\\\/\\\/pmza.sk\\\/?p=56847\"},\"author\":{\"name\":\"Pova\u017esk\u00e9 m\u00fazeum\",\"@id\":\"https:\\\/\\\/pmza.sk\\\/#\\\/schema\\\/person\\\/595e6a2ce731ea94dcd5d7f50a41ae33\"},\"headline\":\"V\u00fdlet s Tatranom do Rajeck\u00fdch Tepl\u00edc\",\"datePublished\":\"2023-06-21T05:30:02+00:00\",\"dateModified\":\"2023-07-18T05:14:33+00:00\",\"mainEntityOfPage\":{\"@id\":\"https:\\\/\\\/pmza.sk\\\/?p=56847\"},\"wordCount\":414,\"commentCount\":3,\"publisher\":{\"@id\":\"https:\\\/\\\/pmza.sk\\\/#organization\"},\"image\":{\"@id\":\"https:\\\/\\\/pmza.sk\\\/?p=56847#primaryimage\"},\"thumbnailUrl\":\"https:\\\/\\\/pmza.sk\\\/wp-content\\\/uploads\\\/2023\\\/06\\\/344974787_233668129355127_4325458570368699739_n.jpg\",\"articleSection\":[\"Podujatia\"],\"inLanguage\":\"sk-SK\"},{\"@type\":\"WebPage\",\"@id\":\"https:\\\/\\\/pmza.sk\\\/?p=56847\",\"url\":\"https:\\\/\\\/pmza.sk\\\/?p=56847\",\"name\":\"V\u00fdlet s Tatranom do Rajeck\u00fdch Tepl\u00edc - Pova\u017esk\u00e9 m\u00fazeum\",\"isPartOf\":{\"@id\":\"https:\\\/\\\/pmza.sk\\\/#website\"},\"primaryImageOfPage\":{\"@id\":\"https:\\\/\\\/pmza.sk\\\/?p=56847#primaryimage\"},\"image\":{\"@id\":\"https:\\\/\\\/pmza.sk\\\/?p=56847#primaryimage\"},\"thumbnailUrl\":\"https:\\\/\\\/pmza.sk\\\/wp-content\\\/uploads\\\/2023\\\/06\\\/344974787_233668129355127_4325458570368699739_n.jpg\",\"datePublished\":\"2023-06-21T05:30:02+00:00\",\"dateModified\":\"2023-07-18T05:14:33+00:00\",\"breadcrumb\":{\"@id\":\"https:\\\/\\\/pmza.sk\\\/?p=56847#breadcrumb\"},\"inLanguage\":\"sk-SK\",\"potentialAction\":[{\"@type\":\"ReadAction\",\"target\":[\"https:\\\/\\\/pmza.sk\\\/?p=56847\"]}]},{\"@type\":\"ImageObject\",\"inLanguage\":\"sk-SK\",\"@id\":\"https:\\\/\\\/pmza.sk\\\/?p=56847#primaryimage\",\"url\":\"https:\\\/\\\/pmza.sk\\\/wp-content\\\/uploads\\\/2023\\\/06\\\/344974787_233668129355127_4325458570368699739_n.jpg\",\"contentUrl\":\"https:\\\/\\\/pmza.sk\\\/wp-content\\\/uploads\\\/2023\\\/06\\\/344974787_233668129355127_4325458570368699739_n.jpg\",\"width\":1800,\"height\":1350},{\"@type\":\"BreadcrumbList\",\"@id\":\"https:\\\/\\\/pmza.sk\\\/?p=56847#breadcrumb\",\"itemListElement\":[{\"@type\":\"ListItem\",\"position\":1,\"name\":\"Domovsk\u00e1 str\u00e1nka\",\"item\":\"https:\\\/\\\/pmza.sk\\\/\"},{\"@type\":\"ListItem\",\"position\":2,\"name\":\"V\u00fdlet s Tatranom do Rajeck\u00fdch Tepl\u00edc\"}]},{\"@type\":\"WebSite\",\"@id\":\"https:\\\/\\\/pmza.sk\\\/#website\",\"url\":\"https:\\\/\\\/pmza.sk\\\/\",\"name\":\"Pova\u017esk\u00e9 m\u00fazeum\",\"description\":\"Pova\u017esk\u00e9 m\u00fazeum v \u017diline je region\u00e1lne m\u00fazeum so s\u00eddlom v Budat\u00edne. Jeho expoz\u00edcie s\u00fa zameran\u00e9 na dejiny slovensk\u00e9ho umenia, kult\u00fary a dopravy.\",\"publisher\":{\"@id\":\"https:\\\/\\\/pmza.sk\\\/#organization\"},\"potentialAction\":[{\"@type\":\"SearchAction\",\"target\":{\"@type\":\"EntryPoint\",\"urlTemplate\":\"https:\\\/\\\/pmza.sk\\\/?s={search_term_string}\"},\"query-input\":{\"@type\":\"PropertyValueSpecification\",\"valueRequired\":true,\"valueName\":\"search_term_string\"}}],\"inLanguage\":\"sk-SK\"},{\"@type\":\"Organization\",\"@id\":\"https:\\\/\\\/pmza.sk\\\/#organization\",\"name\":\"Pova\u017esk\u00e9 m\u00fazeum\",\"url\":\"https:\\\/\\\/pmza.sk\\\/\",\"logo\":{\"@type\":\"ImageObject\",\"inLanguage\":\"sk-SK\",\"@id\":\"https:\\\/\\\/pmza.sk\\\/#\\\/schema\\\/logo\\\/image\\\/\",\"url\":\"https:\\\/\\\/pmza.sk\\\/wp-content\\\/uploads\\\/2022\\\/01\\\/logo_PM_horizontal.jpg\",\"contentUrl\":\"https:\\\/\\\/pmza.sk\\\/wp-content\\\/uploads\\\/2022\\\/01\\\/logo_PM_horizontal.jpg\",\"width\":231,\"height\":142,\"caption\":\"Pova\u017esk\u00e9 m\u00fazeum\"},\"image\":{\"@id\":\"https:\\\/\\\/pmza.sk\\\/#\\\/schema\\\/logo\\\/image\\\/\"},\"sameAs\":[\"https:\\\/\\\/www.facebook.com\\\/povazskemuzeum\",\"https:\\\/\\\/www.instagram.com\\\/povazskemuzeum\\\/\"]},{\"@type\":\"Person\",\"@id\":\"https:\\\/\\\/pmza.sk\\\/#\\\/schema\\\/person\\\/595e6a2ce731ea94dcd5d7f50a41ae33\",\"name\":\"Pova\u017esk\u00e9 m\u00fazeum\",\"image\":{\"@type\":\"ImageObject\",\"inLanguage\":\"sk-SK\",\"@id\":\"https:\\\/\\\/secure.gravatar.com\\\/avatar\\\/2bb7f1561282132fb5826dfeccc66c7996d11ee392ac6aaf7ced8a1c2027fbb2?s=96&d=mm&r=g\",\"url\":\"https:\\\/\\\/secure.gravatar.com\\\/avatar\\\/2bb7f1561282132fb5826dfeccc66c7996d11ee392ac6aaf7ced8a1c2027fbb2?s=96&d=mm&r=g\",\"contentUrl\":\"https:\\\/\\\/secure.gravatar.com\\\/avatar\\\/2bb7f1561282132fb5826dfeccc66c7996d11ee392ac6aaf7ced8a1c2027fbb2?s=96&d=mm&r=g\",\"caption\":\"Pova\u017esk\u00e9 m\u00fazeum\"}}]}<\/script>\n<!-- \/ Yoast SEO plugin. -->","yoast_head_json":{"title":"V\u00fdlet s Tatranom do Rajeck\u00fdch Tepl\u00edc - Pova\u017esk\u00e9 m\u00fazeum","robots":{"index":"index","follow":"follow","max-snippet":"max-snippet:-1","max-image-preview":"max-image-preview:large","max-video-preview":"max-video-preview:-1"},"canonical":"https:\/\/pmza.sk\/?p=56847","og_locale":"sk_SK","og_type":"article","og_title":"V\u00fdlet s Tatranom do Rajeck\u00fdch Tepl\u00edc - Pova\u017esk\u00e9 m\u00fazeum","og_description":"Mil\u00ed nad\u0161enci netradi\u010dn\u00fdch v\u00fdletov! V sobotu 15. j\u00fala 2023 na V\u00e1s \u010dak\u00e1 retro jazda vlakom z Liptova do Rajeck\u00fdch Tepl\u00edc spojen\u00e1 s v\u00fdletn\u00fdm programom do okolia k\u00fape\u013en\u00e9ho mesta. Historick\u00fd vlak tvor\u00ed s\u00faprava expresu Tatran s elektrick\u00fdm ru\u0161\u0148om E 499.062 (Bobina), na neelektrifikovanom \u00faseku motorov\u00fdm ru\u0161\u0148om radu 771 (\u010cmeliak). \u00a0 \u00a0 \u00a0 \u00da\u010dastn\u00edci m\u00f4\u017eu nav\u0161t\u00edvi\u0165 M\u00fazeum [&hellip;]","og_url":"https:\/\/pmza.sk\/?p=56847","og_site_name":"Pova\u017esk\u00e9 m\u00fazeum","article_publisher":"https:\/\/www.facebook.com\/povazskemuzeum","article_published_time":"2023-06-21T05:30:02+00:00","article_modified_time":"2023-07-18T05:14:33+00:00","og_image":[{"width":1800,"height":1350,"url":"https:\/\/pmza.sk\/wp-content\/uploads\/2023\/06\/344974787_233668129355127_4325458570368699739_n.jpg","type":"image\/jpeg"}],"author":"Pova\u017esk\u00e9 m\u00fazeum","twitter_card":"summary_large_image","twitter_misc":{"Autor":"Pova\u017esk\u00e9 m\u00fazeum","Predpokladan\u00fd \u010das \u010d\u00edtania":"2 min\u00faty"},"schema":{"@context":"https:\/\/schema.org","@graph":[{"@type":"Article","@id":"https:\/\/pmza.sk\/?p=56847#article","isPartOf":{"@id":"https:\/\/pmza.sk\/?p=56847"},"author":{"name":"Pova\u017esk\u00e9 m\u00fazeum","@id":"https:\/\/pmza.sk\/#\/schema\/person\/595e6a2ce731ea94dcd5d7f50a41ae33"},"headline":"V\u00fdlet s Tatranom do Rajeck\u00fdch Tepl\u00edc","datePublished":"2023-06-21T05:30:02+00:00","dateModified":"2023-07-18T05:14:33+00:00","mainEntityOfPage":{"@id":"https:\/\/pmza.sk\/?p=56847"},"wordCount":414,"commentCount":3,"publisher":{"@id":"https:\/\/pmza.sk\/#organization"},"image":{"@id":"https:\/\/pmza.sk\/?p=56847#primaryimage"},"thumbnailUrl":"https:\/\/pmza.sk\/wp-content\/uploads\/2023\/06\/344974787_233668129355127_4325458570368699739_n.jpg","articleSection":["Podujatia"],"inLanguage":"sk-SK"},{"@type":"WebPage","@id":"https:\/\/pmza.sk\/?p=56847","url":"https:\/\/pmza.sk\/?p=56847","name":"V\u00fdlet s Tatranom do Rajeck\u00fdch Tepl\u00edc - Pova\u017esk\u00e9 m\u00fazeum","isPartOf":{"@id":"https:\/\/pmza.sk\/#website"},"primaryImageOfPage":{"@id":"https:\/\/pmza.sk\/?p=56847#primaryimage"},"image":{"@id":"https:\/\/pmza.sk\/?p=56847#primaryimage"},"thumbnailUrl":"https:\/\/pmza.sk\/wp-content\/uploads\/2023\/06\/344974787_233668129355127_4325458570368699739_n.jpg","datePublished":"2023-06-21T05:30:02+00:00","dateModified":"2023-07-18T05:14:33+00:00","breadcrumb":{"@id":"https:\/\/pmza.sk\/?p=56847#breadcrumb"},"inLanguage":"sk-SK","potentialAction":[{"@type":"ReadAction","target":["https:\/\/pmza.sk\/?p=56847"]}]},{"@type":"ImageObject","inLanguage":"sk-SK","@id":"https:\/\/pmza.sk\/?p=56847#primaryimage","url":"https:\/\/pmza.sk\/wp-content\/uploads\/2023\/06\/344974787_233668129355127_4325458570368699739_n.jpg","contentUrl":"https:\/\/pmza.sk\/wp-content\/uploads\/2023\/06\/344974787_233668129355127_4325458570368699739_n.jpg","width":1800,"height":1350},{"@type":"BreadcrumbList","@id":"https:\/\/pmza.sk\/?p=56847#breadcrumb","itemListElement":[{"@type":"ListItem","position":1,"name":"Domovsk\u00e1 str\u00e1nka","item":"https:\/\/pmza.sk\/"},{"@type":"ListItem","position":2,"name":"V\u00fdlet s Tatranom do Rajeck\u00fdch Tepl\u00edc"}]},{"@type":"WebSite","@id":"https:\/\/pmza.sk\/#website","url":"https:\/\/pmza.sk\/","name":"Pova\u017esk\u00e9 m\u00fazeum","description":"Pova\u017esk\u00e9 m\u00fazeum v \u017diline je region\u00e1lne m\u00fazeum so s\u00eddlom v Budat\u00edne. Jeho expoz\u00edcie s\u00fa zameran\u00e9 na dejiny slovensk\u00e9ho umenia, kult\u00fary a dopravy.","publisher":{"@id":"https:\/\/pmza.sk\/#organization"},"potentialAction":[{"@type":"SearchAction","target":{"@type":"EntryPoint","urlTemplate":"https:\/\/pmza.sk\/?s={search_term_string}"},"query-input":{"@type":"PropertyValueSpecification","valueRequired":true,"valueName":"search_term_string"}}],"inLanguage":"sk-SK"},{"@type":"Organization","@id":"https:\/\/pmza.sk\/#organization","name":"Pova\u017esk\u00e9 m\u00fazeum","url":"https:\/\/pmza.sk\/","logo":{"@type":"ImageObject","inLanguage":"sk-SK","@id":"https:\/\/pmza.sk\/#\/schema\/logo\/image\/","url":"https:\/\/pmza.sk\/wp-content\/uploads\/2022\/01\/logo_PM_horizontal.jpg","contentUrl":"https:\/\/pmza.sk\/wp-content\/uploads\/2022\/01\/logo_PM_horizontal.jpg","width":231,"height":142,"caption":"Pova\u017esk\u00e9 m\u00fazeum"},"image":{"@id":"https:\/\/pmza.sk\/#\/schema\/logo\/image\/"},"sameAs":["https:\/\/www.facebook.com\/povazskemuzeum","https:\/\/www.instagram.com\/povazskemuzeum\/"]},{"@type":"Person","@id":"https:\/\/pmza.sk\/#\/schema\/person\/595e6a2ce731ea94dcd5d7f50a41ae33","name":"Pova\u017esk\u00e9 m\u00fazeum","image":{"@type":"ImageObject","inLanguage":"sk-SK","@id":"https:\/\/secure.gravatar.com\/avatar\/2bb7f1561282132fb5826dfeccc66c7996d11ee392ac6aaf7ced8a1c2027fbb2?s=96&d=mm&r=g","url":"https:\/\/secure.gravatar.com\/avatar\/2bb7f1561282132fb5826dfeccc66c7996d11ee392ac6aaf7ced8a1c2027fbb2?s=96&d=mm&r=g","contentUrl":"https:\/\/secure.gravatar.com\/avatar\/2bb7f1561282132fb5826dfeccc66c7996d11ee392ac6aaf7ced8a1c2027fbb2?s=96&d=mm&r=g","caption":"Pova\u017esk\u00e9 m\u00fazeum"}}]}},"_links":{"self":[{"href":"https:\/\/pmza.sk\/index.php?rest_route=\/wp\/v2\/posts\/56847","targetHints":{"allow":["GET"]}}],"collection":[{"href":"https:\/\/pmza.sk\/index.php?rest_route=\/wp\/v2\/posts"}],"about":[{"href":"https:\/\/pmza.sk\/index.php?rest_route=\/wp\/v2\/types\/post"}],"author":[{"embeddable":true,"href":"https:\/\/pmza.sk\/index.php?rest_route=\/wp\/v2\/users\/2"}],"replies":[{"embeddable":true,"href":"https:\/\/pmza.sk\/index.php?rest_route=%2Fwp%2Fv2%2Fcomments&post=56847"}],"version-history":[{"count":0,"href":"https:\/\/pmza.sk\/index.php?rest_route=\/wp\/v2\/posts\/56847\/revisions"}],"wp:featuredmedia":[{"embeddable":true,"href":"https:\/\/pmza.sk\/index.php?rest_route=\/wp\/v2\/media\/56989"}],"wp:attachment":[{"href":"https:\/\/pmza.sk\/index.php?rest_route=%2Fwp%2Fv2%2Fmedia&parent=56847"}],"wp:term":[{"taxonomy":"category","embeddable":true,"href":"https:\/\/pmza.sk\/index.php?rest_route=%2Fwp%2Fv2%2Fcategories&post=56847"},{"taxonomy":"post_tag","embeddable":true,"href":"https:\/\/pmza.sk\/index.php?rest_route=%2Fwp%2Fv2%2Ftags&post=56847"}],"curies":[{"name":"wp","href":"https:\/\/api.w.org\/{rel}","templated":true}]}}