{"id":56879,"date":"2023-06-15T12:55:48","date_gmt":"2023-06-15T10:55:48","guid":{"rendered":"https:\/\/pmza.sk\/?p=56879"},"modified":"2023-06-29T11:02:41","modified_gmt":"2023-06-29T09:02:41","slug":"tvorivo-s-matildou","status":"publish","type":"post","link":"https:\/\/pmza.sk\/?p=56879","title":{"rendered":"Tvorivo s Matildou"},"content":{"rendered":"<p>V\u00a0r\u00e1mci cyklu M\u00fazeum pre v\u00e1s pripravilo Pova\u017esk\u00e9 m\u00fazeum \u0161peci\u00e1lne podujatie k\u00a0v\u00fdstave nazvan\u00e9 Tvorivo s\u00a0Matildou, ktor\u00e9 sa bude kona\u0165 27. j\u00fana o\u00a016.00 na Budat\u00ednskom hrade. Jeho s\u00fa\u010das\u0165ou je komentovan\u00e1 prehliadka v\u00fdstavy s\u00a0kur\u00e1torom Zde\u0148kom Hoghom: <em>\u201eMatilda \u010cechov\u00e1 je menej zn\u00e1ma autorka, ale patr\u00ed k\u00a0v\u00fdznamnej gener\u00e1cii v\u00fdtvarn\u00edkov a\u00a0zasl\u00fa\u017ei si, aby sa verejnos\u0165 dozvedela o\u00a0jej tvorbe. Diela s\u00fa naozaj v\u00fdnimo\u010dn\u00e9. Z\u00a0obrazov krajiniek je mo\u017en\u00e9 zostavi\u0165 ak\u00e9si leporelo s\u00a0pr\u00edbehom p\u00fatnika zanech\u00e1vaj\u00face za sebou posledn\u00e9 domy, obroben\u00e9 pol\u00ed\u010dka i\u00a0osamel\u00e9 usadlosti ako miesta mo\u017en\u00e9ho odpo\u010dinku.\u201c <\/em><\/p>\n<p>Okrem komentovanej prehliadky si m\u00f4\u017eu n\u00e1v\u0161tevn\u00edci vysk\u00fa\u0161a\u0165 ma\u013eovanie na pl\u00e1tno.<em> \u201eChcela som, aby<\/em> <em>na\u0161i n\u00e1v\u0161tevn\u00edci e\u0161te viac prenikli do \u010darovn\u00e9ho sveta umenia a\u00a0aj sami vytvorili origin\u00e1lne dielo. \u010ci u\u017e na z\u00e1klade vlastnej fant\u00e1zie alebo in\u0161pir\u00e1cie obrazmi, ktor\u00e9 bud\u00fa ma\u0165 pred sebou. A mo\u017eno pri ma\u013eovan\u00ed odzrkadlia svoje em\u00f3cie a bud\u00fa s\u00fahlasi\u0165 so slovami Leonarda Da Vinciho: Ma\u013eovanie je po\u00e9zia, ktor\u00e1 je viden\u00e1, ale nepo\u010dut\u00e1 a po\u00e9zia je maliarstvo, ktor\u00e9 je po\u010dut\u00e9, ale neviden\u00e9,\u201c <\/em>vysvet\u013euje m\u00fazejn\u00e1 pedagogi\u010dka Tatiana Kub\u00e1\u0148ov\u00e1. Na podujatie tak m\u00f4\u017eu pr\u00eds\u0165 cel\u00e9 rodiny, dospel\u00ed si vypo\u010duj\u00fa komentovan\u00fa prehliadku a\u00a0deti sa zabavia na tvoriv\u00fdch diel\u0148ach.<\/p>\n<p>Kv\u00f4li obmedzen\u00e9mu po\u010dtu je vhodn\u00e9 sa vopred objedna\u0165 na tel. \u010d. 0907 108\u00a0659.<\/p>\n<div class=\"wp-block-image\"><img fetchpriority=\"high\" decoding=\"async\" class=\"alignnone size-medium wp-image-56880\" src=\"https:\/\/pmza.sk\/wp-content\/uploads\/2023\/06\/Tvorivo_s_Matildou_K3-255x360.jpg\" alt=\"\" width=\"255\" height=\"360\" srcset=\"https:\/\/pmza.sk\/wp-content\/uploads\/2023\/06\/Tvorivo_s_Matildou_K3-255x360.jpg 255w, https:\/\/pmza.sk\/wp-content\/uploads\/2023\/06\/Tvorivo_s_Matildou_K3-520x736.jpg 520w, https:\/\/pmza.sk\/wp-content\/uploads\/2023\/06\/Tvorivo_s_Matildou_K3-768x1086.jpg 768w, https:\/\/pmza.sk\/wp-content\/uploads\/2023\/06\/Tvorivo_s_Matildou_K3-1086x1536.jpg 1086w, https:\/\/pmza.sk\/wp-content\/uploads\/2023\/06\/Tvorivo_s_Matildou_K3-1448x2048.jpg 1448w, https:\/\/pmza.sk\/wp-content\/uploads\/2023\/06\/Tvorivo_s_Matildou_K3-600x849.jpg 600w, https:\/\/pmza.sk\/wp-content\/uploads\/2023\/06\/Tvorivo_s_Matildou_K3-scaled.jpg 1810w\" sizes=\"(max-width: 255px) 100vw, 255px\" \/><\/div>\n<div class=\"wp-block-image\"><\/div>\n<div>Plag\u00e1t v plnej ve\u013ekosti <a href=\"https:\/\/pmza.sk\/wp-content\/uploads\/2023\/06\/Tvorivo_s_Matildou_K3.pdf\">TU<\/a><\/div>\n","protected":false},"excerpt":{"rendered":"<p>V\u00a0r\u00e1mci cyklu M\u00fazeum pre v\u00e1s pripravilo Pova\u017esk\u00e9 m\u00fazeum \u0161peci\u00e1lne podujatie k\u00a0v\u00fdstave nazvan\u00e9 Tvorivo s\u00a0Matildou, ktor\u00e9 sa bude kona\u0165 27. j\u00fana o\u00a016.00 na Budat\u00ednskom hrade. Jeho s\u00fa\u010das\u0165ou je komentovan\u00e1 prehliadka v\u00fdstavy s\u00a0kur\u00e1torom Zde\u0148kom Hoghom: \u201eMatilda \u010cechov\u00e1 je menej zn\u00e1ma autorka, ale patr\u00ed k\u00a0v\u00fdznamnej gener\u00e1cii v\u00fdtvarn\u00edkov a\u00a0zasl\u00fa\u017ei si, aby sa verejnos\u0165 dozvedela o\u00a0jej tvorbe. Diela s\u00fa naozaj [&hellip;]<\/p>\n","protected":false},"author":2,"featured_media":56882,"comment_status":"open","ping_status":"open","sticky":false,"template":"","format":"standard","meta":{"site-sidebar-layout":"default","site-content-layout":"default","ast-site-content-layout":"","site-content-style":"default","site-sidebar-style":"default","ast-global-header-display":"","ast-banner-title-visibility":"","ast-main-header-display":"","ast-hfb-above-header-display":"","ast-hfb-below-header-display":"","ast-hfb-mobile-header-display":"","site-post-title":"","ast-breadcrumbs-content":"","ast-featured-img":"","footer-sml-layout":"","theme-transparent-header-meta":"default","adv-header-id-meta":"","stick-header-meta":"default","header-above-stick-meta":"","header-main-stick-meta":"","header-below-stick-meta":"","astra-migrate-meta-layouts":"default","ast-page-background-enabled":"default","ast-page-background-meta":{"desktop":{"background-color":"var(--ast-global-color-4)","background-image":"","background-repeat":"repeat","background-position":"center center","background-size":"auto","background-attachment":"scroll","background-type":"","background-media":"","overlay-type":"","overlay-color":"","overlay-opacity":"","overlay-gradient":""},"tablet":{"background-color":"","background-image":"","background-repeat":"repeat","background-position":"center center","background-size":"auto","background-attachment":"scroll","background-type":"","background-media":"","overlay-type":"","overlay-color":"","overlay-opacity":"","overlay-gradient":""},"mobile":{"background-color":"","background-image":"","background-repeat":"repeat","background-position":"center center","background-size":"auto","background-attachment":"scroll","background-type":"","background-media":"","overlay-type":"","overlay-color":"","overlay-opacity":"","overlay-gradient":""}},"ast-content-background-meta":{"desktop":{"background-color":"var(--ast-global-color-5)","background-image":"","background-repeat":"repeat","background-position":"center center","background-size":"auto","background-attachment":"scroll","background-type":"","background-media":"","overlay-type":"","overlay-color":"","overlay-opacity":"","overlay-gradient":""},"tablet":{"background-color":"var(--ast-global-color-5)","background-image":"","background-repeat":"repeat","background-position":"center center","background-size":"auto","background-attachment":"scroll","background-type":"","background-media":"","overlay-type":"","overlay-color":"","overlay-opacity":"","overlay-gradient":""},"mobile":{"background-color":"var(--ast-global-color-5)","background-image":"","background-repeat":"repeat","background-position":"center center","background-size":"auto","background-attachment":"scroll","background-type":"","background-media":"","overlay-type":"","overlay-color":"","overlay-opacity":"","overlay-gradient":""}},"footnotes":""},"categories":[71],"tags":[],"class_list":["post-56879","post","type-post","status-publish","format-standard","has-post-thumbnail","hentry","category-podujatia"],"yoast_head":"<!-- This site is optimized with the Yoast SEO plugin v27.4 - https:\/\/yoast.com\/product\/yoast-seo-wordpress\/ -->\n<title>Tvorivo s Matildou - Pova\u017esk\u00e9 m\u00fazeum<\/title>\n<meta name=\"robots\" content=\"index, follow, max-snippet:-1, max-image-preview:large, max-video-preview:-1\" \/>\n<link rel=\"canonical\" href=\"https:\/\/pmza.sk\/?p=56879\" \/>\n<meta property=\"og:locale\" content=\"sk_SK\" \/>\n<meta property=\"og:type\" content=\"article\" \/>\n<meta property=\"og:title\" content=\"Tvorivo s Matildou - Pova\u017esk\u00e9 m\u00fazeum\" \/>\n<meta property=\"og:description\" content=\"V\u00a0r\u00e1mci cyklu M\u00fazeum pre v\u00e1s pripravilo Pova\u017esk\u00e9 m\u00fazeum \u0161peci\u00e1lne podujatie k\u00a0v\u00fdstave nazvan\u00e9 Tvorivo s\u00a0Matildou, ktor\u00e9 sa bude kona\u0165 27. j\u00fana o\u00a016.00 na Budat\u00ednskom hrade. Jeho s\u00fa\u010das\u0165ou je komentovan\u00e1 prehliadka v\u00fdstavy s\u00a0kur\u00e1torom Zde\u0148kom Hoghom: \u201eMatilda \u010cechov\u00e1 je menej zn\u00e1ma autorka, ale patr\u00ed k\u00a0v\u00fdznamnej gener\u00e1cii v\u00fdtvarn\u00edkov a\u00a0zasl\u00fa\u017ei si, aby sa verejnos\u0165 dozvedela o\u00a0jej tvorbe. Diela s\u00fa naozaj [&hellip;]\" \/>\n<meta property=\"og:url\" content=\"https:\/\/pmza.sk\/?p=56879\" \/>\n<meta property=\"og:site_name\" content=\"Pova\u017esk\u00e9 m\u00fazeum\" \/>\n<meta property=\"article:publisher\" content=\"https:\/\/www.facebook.com\/povazskemuzeum\" \/>\n<meta property=\"article:published_time\" content=\"2023-06-15T10:55:48+00:00\" \/>\n<meta property=\"article:modified_time\" content=\"2023-06-29T09:02:41+00:00\" \/>\n<meta property=\"og:image\" content=\"https:\/\/pmza.sk\/wp-content\/uploads\/2023\/06\/Tvorivo_s_Matildou_web-scaled.jpg\" \/>\n\t<meta property=\"og:image:width\" content=\"2560\" \/>\n\t<meta property=\"og:image:height\" content=\"2560\" \/>\n\t<meta property=\"og:image:type\" content=\"image\/jpeg\" \/>\n<meta name=\"author\" content=\"Pova\u017esk\u00e9 m\u00fazeum\" \/>\n<meta name=\"twitter:card\" content=\"summary_large_image\" \/>\n<meta name=\"twitter:label1\" content=\"Autor\" \/>\n\t<meta name=\"twitter:data1\" content=\"Pova\u017esk\u00e9 m\u00fazeum\" \/>\n\t<meta name=\"twitter:label2\" content=\"Predpokladan\u00fd \u010das \u010d\u00edtania\" \/>\n\t<meta name=\"twitter:data2\" content=\"1 min\u00fata\" \/>\n<script type=\"application\/ld+json\" class=\"yoast-schema-graph\">{\"@context\":\"https:\\\/\\\/schema.org\",\"@graph\":[{\"@type\":\"Article\",\"@id\":\"https:\\\/\\\/pmza.sk\\\/?p=56879#article\",\"isPartOf\":{\"@id\":\"https:\\\/\\\/pmza.sk\\\/?p=56879\"},\"author\":{\"name\":\"Pova\u017esk\u00e9 m\u00fazeum\",\"@id\":\"https:\\\/\\\/pmza.sk\\\/#\\\/schema\\\/person\\\/595e6a2ce731ea94dcd5d7f50a41ae33\"},\"headline\":\"Tvorivo s Matildou\",\"datePublished\":\"2023-06-15T10:55:48+00:00\",\"dateModified\":\"2023-06-29T09:02:41+00:00\",\"mainEntityOfPage\":{\"@id\":\"https:\\\/\\\/pmza.sk\\\/?p=56879\"},\"wordCount\":276,\"commentCount\":0,\"publisher\":{\"@id\":\"https:\\\/\\\/pmza.sk\\\/#organization\"},\"image\":{\"@id\":\"https:\\\/\\\/pmza.sk\\\/?p=56879#primaryimage\"},\"thumbnailUrl\":\"https:\\\/\\\/pmza.sk\\\/wp-content\\\/uploads\\\/2023\\\/06\\\/Tvorivo_s_Matildou_web-scaled.jpg\",\"articleSection\":[\"Podujatia\"],\"inLanguage\":\"sk-SK\"},{\"@type\":\"WebPage\",\"@id\":\"https:\\\/\\\/pmza.sk\\\/?p=56879\",\"url\":\"https:\\\/\\\/pmza.sk\\\/?p=56879\",\"name\":\"Tvorivo s Matildou - Pova\u017esk\u00e9 m\u00fazeum\",\"isPartOf\":{\"@id\":\"https:\\\/\\\/pmza.sk\\\/#website\"},\"primaryImageOfPage\":{\"@id\":\"https:\\\/\\\/pmza.sk\\\/?p=56879#primaryimage\"},\"image\":{\"@id\":\"https:\\\/\\\/pmza.sk\\\/?p=56879#primaryimage\"},\"thumbnailUrl\":\"https:\\\/\\\/pmza.sk\\\/wp-content\\\/uploads\\\/2023\\\/06\\\/Tvorivo_s_Matildou_web-scaled.jpg\",\"datePublished\":\"2023-06-15T10:55:48+00:00\",\"dateModified\":\"2023-06-29T09:02:41+00:00\",\"breadcrumb\":{\"@id\":\"https:\\\/\\\/pmza.sk\\\/?p=56879#breadcrumb\"},\"inLanguage\":\"sk-SK\",\"potentialAction\":[{\"@type\":\"ReadAction\",\"target\":[\"https:\\\/\\\/pmza.sk\\\/?p=56879\"]}]},{\"@type\":\"ImageObject\",\"inLanguage\":\"sk-SK\",\"@id\":\"https:\\\/\\\/pmza.sk\\\/?p=56879#primaryimage\",\"url\":\"https:\\\/\\\/pmza.sk\\\/wp-content\\\/uploads\\\/2023\\\/06\\\/Tvorivo_s_Matildou_web-scaled.jpg\",\"contentUrl\":\"https:\\\/\\\/pmza.sk\\\/wp-content\\\/uploads\\\/2023\\\/06\\\/Tvorivo_s_Matildou_web-scaled.jpg\",\"width\":2560,\"height\":2560},{\"@type\":\"BreadcrumbList\",\"@id\":\"https:\\\/\\\/pmza.sk\\\/?p=56879#breadcrumb\",\"itemListElement\":[{\"@type\":\"ListItem\",\"position\":1,\"name\":\"Domovsk\u00e1 str\u00e1nka\",\"item\":\"https:\\\/\\\/pmza.sk\\\/\"},{\"@type\":\"ListItem\",\"position\":2,\"name\":\"Tvorivo s Matildou\"}]},{\"@type\":\"WebSite\",\"@id\":\"https:\\\/\\\/pmza.sk\\\/#website\",\"url\":\"https:\\\/\\\/pmza.sk\\\/\",\"name\":\"Pova\u017esk\u00e9 m\u00fazeum\",\"description\":\"Pova\u017esk\u00e9 m\u00fazeum v \u017diline je region\u00e1lne m\u00fazeum so s\u00eddlom v Budat\u00edne. Jeho expoz\u00edcie s\u00fa zameran\u00e9 na dejiny slovensk\u00e9ho umenia, kult\u00fary a dopravy.\",\"publisher\":{\"@id\":\"https:\\\/\\\/pmza.sk\\\/#organization\"},\"potentialAction\":[{\"@type\":\"SearchAction\",\"target\":{\"@type\":\"EntryPoint\",\"urlTemplate\":\"https:\\\/\\\/pmza.sk\\\/?s={search_term_string}\"},\"query-input\":{\"@type\":\"PropertyValueSpecification\",\"valueRequired\":true,\"valueName\":\"search_term_string\"}}],\"inLanguage\":\"sk-SK\"},{\"@type\":\"Organization\",\"@id\":\"https:\\\/\\\/pmza.sk\\\/#organization\",\"name\":\"Pova\u017esk\u00e9 m\u00fazeum\",\"url\":\"https:\\\/\\\/pmza.sk\\\/\",\"logo\":{\"@type\":\"ImageObject\",\"inLanguage\":\"sk-SK\",\"@id\":\"https:\\\/\\\/pmza.sk\\\/#\\\/schema\\\/logo\\\/image\\\/\",\"url\":\"https:\\\/\\\/pmza.sk\\\/wp-content\\\/uploads\\\/2022\\\/01\\\/logo_PM_horizontal.jpg\",\"contentUrl\":\"https:\\\/\\\/pmza.sk\\\/wp-content\\\/uploads\\\/2022\\\/01\\\/logo_PM_horizontal.jpg\",\"width\":231,\"height\":142,\"caption\":\"Pova\u017esk\u00e9 m\u00fazeum\"},\"image\":{\"@id\":\"https:\\\/\\\/pmza.sk\\\/#\\\/schema\\\/logo\\\/image\\\/\"},\"sameAs\":[\"https:\\\/\\\/www.facebook.com\\\/povazskemuzeum\",\"https:\\\/\\\/www.instagram.com\\\/povazskemuzeum\\\/\"]},{\"@type\":\"Person\",\"@id\":\"https:\\\/\\\/pmza.sk\\\/#\\\/schema\\\/person\\\/595e6a2ce731ea94dcd5d7f50a41ae33\",\"name\":\"Pova\u017esk\u00e9 m\u00fazeum\",\"image\":{\"@type\":\"ImageObject\",\"inLanguage\":\"sk-SK\",\"@id\":\"https:\\\/\\\/secure.gravatar.com\\\/avatar\\\/2bb7f1561282132fb5826dfeccc66c7996d11ee392ac6aaf7ced8a1c2027fbb2?s=96&d=mm&r=g\",\"url\":\"https:\\\/\\\/secure.gravatar.com\\\/avatar\\\/2bb7f1561282132fb5826dfeccc66c7996d11ee392ac6aaf7ced8a1c2027fbb2?s=96&d=mm&r=g\",\"contentUrl\":\"https:\\\/\\\/secure.gravatar.com\\\/avatar\\\/2bb7f1561282132fb5826dfeccc66c7996d11ee392ac6aaf7ced8a1c2027fbb2?s=96&d=mm&r=g\",\"caption\":\"Pova\u017esk\u00e9 m\u00fazeum\"}}]}<\/script>\n<!-- \/ Yoast SEO plugin. -->","yoast_head_json":{"title":"Tvorivo s Matildou - Pova\u017esk\u00e9 m\u00fazeum","robots":{"index":"index","follow":"follow","max-snippet":"max-snippet:-1","max-image-preview":"max-image-preview:large","max-video-preview":"max-video-preview:-1"},"canonical":"https:\/\/pmza.sk\/?p=56879","og_locale":"sk_SK","og_type":"article","og_title":"Tvorivo s Matildou - Pova\u017esk\u00e9 m\u00fazeum","og_description":"V\u00a0r\u00e1mci cyklu M\u00fazeum pre v\u00e1s pripravilo Pova\u017esk\u00e9 m\u00fazeum \u0161peci\u00e1lne podujatie k\u00a0v\u00fdstave nazvan\u00e9 Tvorivo s\u00a0Matildou, ktor\u00e9 sa bude kona\u0165 27. j\u00fana o\u00a016.00 na Budat\u00ednskom hrade. Jeho s\u00fa\u010das\u0165ou je komentovan\u00e1 prehliadka v\u00fdstavy s\u00a0kur\u00e1torom Zde\u0148kom Hoghom: \u201eMatilda \u010cechov\u00e1 je menej zn\u00e1ma autorka, ale patr\u00ed k\u00a0v\u00fdznamnej gener\u00e1cii v\u00fdtvarn\u00edkov a\u00a0zasl\u00fa\u017ei si, aby sa verejnos\u0165 dozvedela o\u00a0jej tvorbe. Diela s\u00fa naozaj [&hellip;]","og_url":"https:\/\/pmza.sk\/?p=56879","og_site_name":"Pova\u017esk\u00e9 m\u00fazeum","article_publisher":"https:\/\/www.facebook.com\/povazskemuzeum","article_published_time":"2023-06-15T10:55:48+00:00","article_modified_time":"2023-06-29T09:02:41+00:00","og_image":[{"width":2560,"height":2560,"url":"https:\/\/pmza.sk\/wp-content\/uploads\/2023\/06\/Tvorivo_s_Matildou_web-scaled.jpg","type":"image\/jpeg"}],"author":"Pova\u017esk\u00e9 m\u00fazeum","twitter_card":"summary_large_image","twitter_misc":{"Autor":"Pova\u017esk\u00e9 m\u00fazeum","Predpokladan\u00fd \u010das \u010d\u00edtania":"1 min\u00fata"},"schema":{"@context":"https:\/\/schema.org","@graph":[{"@type":"Article","@id":"https:\/\/pmza.sk\/?p=56879#article","isPartOf":{"@id":"https:\/\/pmza.sk\/?p=56879"},"author":{"name":"Pova\u017esk\u00e9 m\u00fazeum","@id":"https:\/\/pmza.sk\/#\/schema\/person\/595e6a2ce731ea94dcd5d7f50a41ae33"},"headline":"Tvorivo s Matildou","datePublished":"2023-06-15T10:55:48+00:00","dateModified":"2023-06-29T09:02:41+00:00","mainEntityOfPage":{"@id":"https:\/\/pmza.sk\/?p=56879"},"wordCount":276,"commentCount":0,"publisher":{"@id":"https:\/\/pmza.sk\/#organization"},"image":{"@id":"https:\/\/pmza.sk\/?p=56879#primaryimage"},"thumbnailUrl":"https:\/\/pmza.sk\/wp-content\/uploads\/2023\/06\/Tvorivo_s_Matildou_web-scaled.jpg","articleSection":["Podujatia"],"inLanguage":"sk-SK"},{"@type":"WebPage","@id":"https:\/\/pmza.sk\/?p=56879","url":"https:\/\/pmza.sk\/?p=56879","name":"Tvorivo s Matildou - Pova\u017esk\u00e9 m\u00fazeum","isPartOf":{"@id":"https:\/\/pmza.sk\/#website"},"primaryImageOfPage":{"@id":"https:\/\/pmza.sk\/?p=56879#primaryimage"},"image":{"@id":"https:\/\/pmza.sk\/?p=56879#primaryimage"},"thumbnailUrl":"https:\/\/pmza.sk\/wp-content\/uploads\/2023\/06\/Tvorivo_s_Matildou_web-scaled.jpg","datePublished":"2023-06-15T10:55:48+00:00","dateModified":"2023-06-29T09:02:41+00:00","breadcrumb":{"@id":"https:\/\/pmza.sk\/?p=56879#breadcrumb"},"inLanguage":"sk-SK","potentialAction":[{"@type":"ReadAction","target":["https:\/\/pmza.sk\/?p=56879"]}]},{"@type":"ImageObject","inLanguage":"sk-SK","@id":"https:\/\/pmza.sk\/?p=56879#primaryimage","url":"https:\/\/pmza.sk\/wp-content\/uploads\/2023\/06\/Tvorivo_s_Matildou_web-scaled.jpg","contentUrl":"https:\/\/pmza.sk\/wp-content\/uploads\/2023\/06\/Tvorivo_s_Matildou_web-scaled.jpg","width":2560,"height":2560},{"@type":"BreadcrumbList","@id":"https:\/\/pmza.sk\/?p=56879#breadcrumb","itemListElement":[{"@type":"ListItem","position":1,"name":"Domovsk\u00e1 str\u00e1nka","item":"https:\/\/pmza.sk\/"},{"@type":"ListItem","position":2,"name":"Tvorivo s Matildou"}]},{"@type":"WebSite","@id":"https:\/\/pmza.sk\/#website","url":"https:\/\/pmza.sk\/","name":"Pova\u017esk\u00e9 m\u00fazeum","description":"Pova\u017esk\u00e9 m\u00fazeum v \u017diline je region\u00e1lne m\u00fazeum so s\u00eddlom v Budat\u00edne. Jeho expoz\u00edcie s\u00fa zameran\u00e9 na dejiny slovensk\u00e9ho umenia, kult\u00fary a dopravy.","publisher":{"@id":"https:\/\/pmza.sk\/#organization"},"potentialAction":[{"@type":"SearchAction","target":{"@type":"EntryPoint","urlTemplate":"https:\/\/pmza.sk\/?s={search_term_string}"},"query-input":{"@type":"PropertyValueSpecification","valueRequired":true,"valueName":"search_term_string"}}],"inLanguage":"sk-SK"},{"@type":"Organization","@id":"https:\/\/pmza.sk\/#organization","name":"Pova\u017esk\u00e9 m\u00fazeum","url":"https:\/\/pmza.sk\/","logo":{"@type":"ImageObject","inLanguage":"sk-SK","@id":"https:\/\/pmza.sk\/#\/schema\/logo\/image\/","url":"https:\/\/pmza.sk\/wp-content\/uploads\/2022\/01\/logo_PM_horizontal.jpg","contentUrl":"https:\/\/pmza.sk\/wp-content\/uploads\/2022\/01\/logo_PM_horizontal.jpg","width":231,"height":142,"caption":"Pova\u017esk\u00e9 m\u00fazeum"},"image":{"@id":"https:\/\/pmza.sk\/#\/schema\/logo\/image\/"},"sameAs":["https:\/\/www.facebook.com\/povazskemuzeum","https:\/\/www.instagram.com\/povazskemuzeum\/"]},{"@type":"Person","@id":"https:\/\/pmza.sk\/#\/schema\/person\/595e6a2ce731ea94dcd5d7f50a41ae33","name":"Pova\u017esk\u00e9 m\u00fazeum","image":{"@type":"ImageObject","inLanguage":"sk-SK","@id":"https:\/\/secure.gravatar.com\/avatar\/2bb7f1561282132fb5826dfeccc66c7996d11ee392ac6aaf7ced8a1c2027fbb2?s=96&d=mm&r=g","url":"https:\/\/secure.gravatar.com\/avatar\/2bb7f1561282132fb5826dfeccc66c7996d11ee392ac6aaf7ced8a1c2027fbb2?s=96&d=mm&r=g","contentUrl":"https:\/\/secure.gravatar.com\/avatar\/2bb7f1561282132fb5826dfeccc66c7996d11ee392ac6aaf7ced8a1c2027fbb2?s=96&d=mm&r=g","caption":"Pova\u017esk\u00e9 m\u00fazeum"}}]}},"_links":{"self":[{"href":"https:\/\/pmza.sk\/index.php?rest_route=\/wp\/v2\/posts\/56879","targetHints":{"allow":["GET"]}}],"collection":[{"href":"https:\/\/pmza.sk\/index.php?rest_route=\/wp\/v2\/posts"}],"about":[{"href":"https:\/\/pmza.sk\/index.php?rest_route=\/wp\/v2\/types\/post"}],"author":[{"embeddable":true,"href":"https:\/\/pmza.sk\/index.php?rest_route=\/wp\/v2\/users\/2"}],"replies":[{"embeddable":true,"href":"https:\/\/pmza.sk\/index.php?rest_route=%2Fwp%2Fv2%2Fcomments&post=56879"}],"version-history":[{"count":0,"href":"https:\/\/pmza.sk\/index.php?rest_route=\/wp\/v2\/posts\/56879\/revisions"}],"wp:featuredmedia":[{"embeddable":true,"href":"https:\/\/pmza.sk\/index.php?rest_route=\/wp\/v2\/media\/56882"}],"wp:attachment":[{"href":"https:\/\/pmza.sk\/index.php?rest_route=%2Fwp%2Fv2%2Fmedia&parent=56879"}],"wp:term":[{"taxonomy":"category","embeddable":true,"href":"https:\/\/pmza.sk\/index.php?rest_route=%2Fwp%2Fv2%2Fcategories&post=56879"},{"taxonomy":"post_tag","embeddable":true,"href":"https:\/\/pmza.sk\/index.php?rest_route=%2Fwp%2Fv2%2Ftags&post=56879"}],"curies":[{"name":"wp","href":"https:\/\/api.w.org\/{rel}","templated":true}]}}