{"id":56951,"date":"2023-06-20T12:27:38","date_gmt":"2023-06-20T10:27:38","guid":{"rendered":"https:\/\/pmza.sk\/?p=56951"},"modified":"2023-07-10T07:43:50","modified_gmt":"2023-07-10T05:43:50","slug":"zlate-casy-budatinske-4","status":"publish","type":"post","link":"https:\/\/pmza.sk\/?p=56951","title":{"rendered":"Zlat\u00e9 \u010dasy budat\u00ednske"},"content":{"rendered":"<p>Leto v\u00a0Pova\u017eskom m\u00fazeu priv\u00edtame n\u00e1vratom do minulosti. Zlat\u00e9 \u010dasy budat\u00ednske za\u017eij\u00fa n\u00e1v\u0161tevn\u00edci Budat\u00ednskeho hradu v\u00a0nede\u013eu 9. j\u00fala. Program na p\u00f3diu za\u010dne popoludn\u00ed o\u00a014.00 prehliadkou dobov\u00fdch kost\u00fdmov v\u00a0podan\u00ed Prvorepublikovej m\u00f3dy a\u00a0pokra\u010dova\u0165 bude koncertom miestnych kapiel. <em>\u201eTento rok sme oslovili \u00fa\u010dinkuj\u00facich z\u00a0okolia \u017diliny a\u00a0sme ve\u013emi radi, \u017ee na\u0161e podujatie spestr\u00ed \u0161t\u00fdlovou hudbou kapela Doris Day Band, ktor\u00e1 u\u00a0n\u00e1s hr\u00e1va pravidelne a Barbora \u0160vidra\u0148ov\u00e1 a\u00a0Basie Frank Band, ktor\u00ed bud\u00fa ma\u0165 v\u00a0na\u0161ich priestoroch premi\u00e9ru,\u201c <\/em>pribli\u017euje kult\u00farna mana\u017e\u00e9rka Sabina Pavl\u00edkov\u00e1.<\/p>\n<p>Pestr\u00fd bude aj sprievodn\u00fd program v\u00a0podan\u00ed zamestnancov Pova\u017esk\u00e9ho m\u00fazea. V\u00a0parku bude po\u010das cel\u00e9ho d\u0148a prebieha\u0165 M\u00fazejn\u00e9 meste\u010dko s\u00a0r\u00f4znymi zauj\u00edmav\u00fdmi aktivitami. Vo v\u00fdchodnom pal\u00e1ci v\u00a0hrade sa uskuto\u010dn\u00ed\u00a0 predn\u00e1\u0161ka o\u00a0archeologickom v\u00fdskume Ka\u0161tie\u013ea v\u00a0Byt\u010di. V\u00a0kaplnke sa n\u00e1v\u0161tevn\u00edci m\u00f4\u017eu z\u00fa\u010dastni\u0165 komentovanej prehliadky novej v\u00fdstavy troch odborn\u00fdch pracovn\u00edkov m\u00fazea pod n\u00e1zvom Dial\u00f3g. Od 10.00 sa bud\u00fa v hrade kona\u0165 z\u00e1\u017eitkov\u00e9 prehliadky divadelno-hrav\u00e9ho zoskupenia RAZCA, ktor\u00e9 pripomen\u00fa 100. v\u00fdro\u010die ukon\u010denia prestavby Budat\u00ednskeho hradu, realizovanej posledn\u00fdm majite\u013eom, Gejzom \u010c\u00e1kim. <em>\u201eSpolo\u010dne sa prenesieme do roku 1923. Samotn\u00fd gr\u00f3f \u010c\u00e1ki spolu s man\u017eelkou Al\u017ebetou pribl\u00ed\u017ei hos\u0165om svoju predstavu o tom, ako mal hrad vyzera\u0165, \u010di boli jeho o\u010dak\u00e1vania naplnen\u00e9 a prezrad\u00ed aj nieko\u013eko probl\u00e9mov, ktor\u00e9 ho po\u010das prestavby postretli,\u201c <\/em>vysvet\u013euje autorka scen\u00e1ra Katar\u00edna Mar\u0161alov\u00e1.<\/p>\n<p>V\u00a0parku sa predstav\u00ed Divadeln\u00e1 spolo\u010dnos\u0165, ktor\u00e1 zabav\u00ed mal\u00fdch i\u00a0ve\u013ek\u00fdch pr\u00edbehom \u0160a\u0161o a\u00a0stra\u0161idl\u00e1. Pr\u00edjemn\u00fa atmosf\u00e9ru vytvor\u00ed zdru\u017eenie \u010carovn\u00e1 moc pr\u00edrody, ktor\u00e9 sa venuje chovu sovi\u010diek. N\u00e1v\u0161tevn\u00edci bud\u00fa m\u00f4c\u0165 obdivova\u0165 aj diela v\u00fdtvarn\u00fdch umelcov, pote\u0161i\u0165 seba \u010di bl\u00edzkych v\u00fdrobkami od remeseln\u00edkov, vychutna\u0165 si ob\u010derstvenie alebo si spravi\u0165 origin\u00e1lny z\u00e1ber s\u00a0hradom.<\/p>\n<p>Parkovisko pred are\u00e1lom hradu bude pre verejnos\u0165 uzatvoren\u00e9, parkova\u0165 bude mo\u017en\u00e9 na do\u010dasnom parkovisku na ulici Doln\u00e1 v\u00a0Budat\u00edne.<\/p>\n<p>Prineste si deky, piknikov\u00e9 ko\u0161e a\u00a0u\u017eite si s\u00a0nami v\u00fdnimo\u010dn\u00fa atmosf\u00e9ru j\u00falov\u00e9ho d\u0148a!<\/p>\n<div class=\"wp-block-image\">\n<div class=\"wp-block-image\"><img fetchpriority=\"high\" decoding=\"async\" class=\"alignnone size-medium wp-image-57159\" src=\"https:\/\/pmza.sk\/wp-content\/uploads\/2023\/06\/Zlate_casy_K5-255x360.jpg\" alt=\"\" width=\"255\" height=\"360\" srcset=\"https:\/\/pmza.sk\/wp-content\/uploads\/2023\/06\/Zlate_casy_K5-255x360.jpg 255w, https:\/\/pmza.sk\/wp-content\/uploads\/2023\/06\/Zlate_casy_K5-520x736.jpg 520w, https:\/\/pmza.sk\/wp-content\/uploads\/2023\/06\/Zlate_casy_K5-768x1086.jpg 768w, https:\/\/pmza.sk\/wp-content\/uploads\/2023\/06\/Zlate_casy_K5-1086x1536.jpg 1086w, https:\/\/pmza.sk\/wp-content\/uploads\/2023\/06\/Zlate_casy_K5-1448x2048.jpg 1448w, https:\/\/pmza.sk\/wp-content\/uploads\/2023\/06\/Zlate_casy_K5-600x849.jpg 600w, https:\/\/pmza.sk\/wp-content\/uploads\/2023\/06\/Zlate_casy_K5-scaled.jpg 1810w\" sizes=\"(max-width: 255px) 100vw, 255px\" \/><\/div>\n<\/div>\n<div>Plag\u00e1t v plnej ve\u013ekosti <a href=\"https:\/\/pmza.sk\/wp-content\/uploads\/2023\/06\/Zlate_casy_K5.pdf\">TU<\/a><\/div>\n","protected":false},"excerpt":{"rendered":"<p>Leto v\u00a0Pova\u017eskom m\u00fazeu priv\u00edtame n\u00e1vratom do minulosti. Zlat\u00e9 \u010dasy budat\u00ednske za\u017eij\u00fa n\u00e1v\u0161tevn\u00edci Budat\u00ednskeho hradu v\u00a0nede\u013eu 9. j\u00fala. Program na p\u00f3diu za\u010dne popoludn\u00ed o\u00a014.00 prehliadkou dobov\u00fdch kost\u00fdmov v\u00a0podan\u00ed Prvorepublikovej m\u00f3dy a\u00a0pokra\u010dova\u0165 bude koncertom miestnych kapiel. \u201eTento rok sme oslovili \u00fa\u010dinkuj\u00facich z\u00a0okolia \u017diliny a\u00a0sme ve\u013emi radi, \u017ee na\u0161e podujatie spestr\u00ed \u0161t\u00fdlovou hudbou kapela Doris Day Band, ktor\u00e1 [&hellip;]<\/p>\n","protected":false},"author":2,"featured_media":56954,"comment_status":"open","ping_status":"open","sticky":false,"template":"","format":"standard","meta":{"site-sidebar-layout":"default","site-content-layout":"default","ast-site-content-layout":"","site-content-style":"default","site-sidebar-style":"default","ast-global-header-display":"","ast-banner-title-visibility":"","ast-main-header-display":"","ast-hfb-above-header-display":"","ast-hfb-below-header-display":"","ast-hfb-mobile-header-display":"","site-post-title":"","ast-breadcrumbs-content":"","ast-featured-img":"","footer-sml-layout":"","theme-transparent-header-meta":"default","adv-header-id-meta":"","stick-header-meta":"default","header-above-stick-meta":"","header-main-stick-meta":"","header-below-stick-meta":"","astra-migrate-meta-layouts":"default","ast-page-background-enabled":"default","ast-page-background-meta":{"desktop":{"background-color":"var(--ast-global-color-4)","background-image":"","background-repeat":"repeat","background-position":"center center","background-size":"auto","background-attachment":"scroll","background-type":"","background-media":"","overlay-type":"","overlay-color":"","overlay-opacity":"","overlay-gradient":""},"tablet":{"background-color":"","background-image":"","background-repeat":"repeat","background-position":"center center","background-size":"auto","background-attachment":"scroll","background-type":"","background-media":"","overlay-type":"","overlay-color":"","overlay-opacity":"","overlay-gradient":""},"mobile":{"background-color":"","background-image":"","background-repeat":"repeat","background-position":"center center","background-size":"auto","background-attachment":"scroll","background-type":"","background-media":"","overlay-type":"","overlay-color":"","overlay-opacity":"","overlay-gradient":""}},"ast-content-background-meta":{"desktop":{"background-color":"var(--ast-global-color-5)","background-image":"","background-repeat":"repeat","background-position":"center center","background-size":"auto","background-attachment":"scroll","background-type":"","background-media":"","overlay-type":"","overlay-color":"","overlay-opacity":"","overlay-gradient":""},"tablet":{"background-color":"var(--ast-global-color-5)","background-image":"","background-repeat":"repeat","background-position":"center center","background-size":"auto","background-attachment":"scroll","background-type":"","background-media":"","overlay-type":"","overlay-color":"","overlay-opacity":"","overlay-gradient":""},"mobile":{"background-color":"var(--ast-global-color-5)","background-image":"","background-repeat":"repeat","background-position":"center center","background-size":"auto","background-attachment":"scroll","background-type":"","background-media":"","overlay-type":"","overlay-color":"","overlay-opacity":"","overlay-gradient":""}},"footnotes":""},"categories":[71],"tags":[],"class_list":["post-56951","post","type-post","status-publish","format-standard","has-post-thumbnail","hentry","category-podujatia"],"yoast_head":"<!-- This site is optimized with the Yoast SEO plugin v27.4 - https:\/\/yoast.com\/product\/yoast-seo-wordpress\/ -->\n<title>Zlat\u00e9 \u010dasy budat\u00ednske - Pova\u017esk\u00e9 m\u00fazeum<\/title>\n<meta name=\"robots\" content=\"index, follow, max-snippet:-1, max-image-preview:large, max-video-preview:-1\" \/>\n<link rel=\"canonical\" href=\"https:\/\/pmza.sk\/?p=56951\" \/>\n<meta property=\"og:locale\" content=\"sk_SK\" \/>\n<meta property=\"og:type\" content=\"article\" \/>\n<meta property=\"og:title\" content=\"Zlat\u00e9 \u010dasy budat\u00ednske - Pova\u017esk\u00e9 m\u00fazeum\" \/>\n<meta property=\"og:description\" content=\"Leto v\u00a0Pova\u017eskom m\u00fazeu priv\u00edtame n\u00e1vratom do minulosti. Zlat\u00e9 \u010dasy budat\u00ednske za\u017eij\u00fa n\u00e1v\u0161tevn\u00edci Budat\u00ednskeho hradu v\u00a0nede\u013eu 9. j\u00fala. Program na p\u00f3diu za\u010dne popoludn\u00ed o\u00a014.00 prehliadkou dobov\u00fdch kost\u00fdmov v\u00a0podan\u00ed Prvorepublikovej m\u00f3dy a\u00a0pokra\u010dova\u0165 bude koncertom miestnych kapiel. \u201eTento rok sme oslovili \u00fa\u010dinkuj\u00facich z\u00a0okolia \u017diliny a\u00a0sme ve\u013emi radi, \u017ee na\u0161e podujatie spestr\u00ed \u0161t\u00fdlovou hudbou kapela Doris Day Band, ktor\u00e1 [&hellip;]\" \/>\n<meta property=\"og:url\" content=\"https:\/\/pmza.sk\/?p=56951\" \/>\n<meta property=\"og:site_name\" content=\"Pova\u017esk\u00e9 m\u00fazeum\" \/>\n<meta property=\"article:publisher\" content=\"https:\/\/www.facebook.com\/povazskemuzeum\" \/>\n<meta property=\"article:published_time\" content=\"2023-06-20T10:27:38+00:00\" \/>\n<meta property=\"article:modified_time\" content=\"2023-07-10T05:43:50+00:00\" \/>\n<meta property=\"og:image\" content=\"https:\/\/pmza.sk\/wp-content\/uploads\/2023\/06\/Zlate_casy_web-scaled.jpg\" \/>\n\t<meta property=\"og:image:width\" content=\"2560\" \/>\n\t<meta property=\"og:image:height\" content=\"2560\" \/>\n\t<meta property=\"og:image:type\" content=\"image\/jpeg\" \/>\n<meta name=\"author\" content=\"Pova\u017esk\u00e9 m\u00fazeum\" \/>\n<meta name=\"twitter:card\" content=\"summary_large_image\" \/>\n<meta name=\"twitter:label1\" content=\"Autor\" \/>\n\t<meta name=\"twitter:data1\" content=\"Pova\u017esk\u00e9 m\u00fazeum\" \/>\n\t<meta name=\"twitter:label2\" content=\"Predpokladan\u00fd \u010das \u010d\u00edtania\" \/>\n\t<meta name=\"twitter:data2\" content=\"2 min\u00faty\" \/>\n<script type=\"application\/ld+json\" class=\"yoast-schema-graph\">{\"@context\":\"https:\\\/\\\/schema.org\",\"@graph\":[{\"@type\":\"Article\",\"@id\":\"https:\\\/\\\/pmza.sk\\\/?p=56951#article\",\"isPartOf\":{\"@id\":\"https:\\\/\\\/pmza.sk\\\/?p=56951\"},\"author\":{\"name\":\"Pova\u017esk\u00e9 m\u00fazeum\",\"@id\":\"https:\\\/\\\/pmza.sk\\\/#\\\/schema\\\/person\\\/595e6a2ce731ea94dcd5d7f50a41ae33\"},\"headline\":\"Zlat\u00e9 \u010dasy budat\u00ednske\",\"datePublished\":\"2023-06-20T10:27:38+00:00\",\"dateModified\":\"2023-07-10T05:43:50+00:00\",\"mainEntityOfPage\":{\"@id\":\"https:\\\/\\\/pmza.sk\\\/?p=56951\"},\"wordCount\":419,\"commentCount\":0,\"publisher\":{\"@id\":\"https:\\\/\\\/pmza.sk\\\/#organization\"},\"image\":{\"@id\":\"https:\\\/\\\/pmza.sk\\\/?p=56951#primaryimage\"},\"thumbnailUrl\":\"https:\\\/\\\/pmza.sk\\\/wp-content\\\/uploads\\\/2023\\\/06\\\/Zlate_casy_web-scaled.jpg\",\"articleSection\":[\"Podujatia\"],\"inLanguage\":\"sk-SK\"},{\"@type\":\"WebPage\",\"@id\":\"https:\\\/\\\/pmza.sk\\\/?p=56951\",\"url\":\"https:\\\/\\\/pmza.sk\\\/?p=56951\",\"name\":\"Zlat\u00e9 \u010dasy budat\u00ednske - Pova\u017esk\u00e9 m\u00fazeum\",\"isPartOf\":{\"@id\":\"https:\\\/\\\/pmza.sk\\\/#website\"},\"primaryImageOfPage\":{\"@id\":\"https:\\\/\\\/pmza.sk\\\/?p=56951#primaryimage\"},\"image\":{\"@id\":\"https:\\\/\\\/pmza.sk\\\/?p=56951#primaryimage\"},\"thumbnailUrl\":\"https:\\\/\\\/pmza.sk\\\/wp-content\\\/uploads\\\/2023\\\/06\\\/Zlate_casy_web-scaled.jpg\",\"datePublished\":\"2023-06-20T10:27:38+00:00\",\"dateModified\":\"2023-07-10T05:43:50+00:00\",\"breadcrumb\":{\"@id\":\"https:\\\/\\\/pmza.sk\\\/?p=56951#breadcrumb\"},\"inLanguage\":\"sk-SK\",\"potentialAction\":[{\"@type\":\"ReadAction\",\"target\":[\"https:\\\/\\\/pmza.sk\\\/?p=56951\"]}]},{\"@type\":\"ImageObject\",\"inLanguage\":\"sk-SK\",\"@id\":\"https:\\\/\\\/pmza.sk\\\/?p=56951#primaryimage\",\"url\":\"https:\\\/\\\/pmza.sk\\\/wp-content\\\/uploads\\\/2023\\\/06\\\/Zlate_casy_web-scaled.jpg\",\"contentUrl\":\"https:\\\/\\\/pmza.sk\\\/wp-content\\\/uploads\\\/2023\\\/06\\\/Zlate_casy_web-scaled.jpg\",\"width\":2560,\"height\":2560},{\"@type\":\"BreadcrumbList\",\"@id\":\"https:\\\/\\\/pmza.sk\\\/?p=56951#breadcrumb\",\"itemListElement\":[{\"@type\":\"ListItem\",\"position\":1,\"name\":\"Domovsk\u00e1 str\u00e1nka\",\"item\":\"https:\\\/\\\/pmza.sk\\\/\"},{\"@type\":\"ListItem\",\"position\":2,\"name\":\"Zlat\u00e9 \u010dasy budat\u00ednske\"}]},{\"@type\":\"WebSite\",\"@id\":\"https:\\\/\\\/pmza.sk\\\/#website\",\"url\":\"https:\\\/\\\/pmza.sk\\\/\",\"name\":\"Pova\u017esk\u00e9 m\u00fazeum\",\"description\":\"Pova\u017esk\u00e9 m\u00fazeum v \u017diline je region\u00e1lne m\u00fazeum so s\u00eddlom v Budat\u00edne. Jeho expoz\u00edcie s\u00fa zameran\u00e9 na dejiny slovensk\u00e9ho umenia, kult\u00fary a dopravy.\",\"publisher\":{\"@id\":\"https:\\\/\\\/pmza.sk\\\/#organization\"},\"potentialAction\":[{\"@type\":\"SearchAction\",\"target\":{\"@type\":\"EntryPoint\",\"urlTemplate\":\"https:\\\/\\\/pmza.sk\\\/?s={search_term_string}\"},\"query-input\":{\"@type\":\"PropertyValueSpecification\",\"valueRequired\":true,\"valueName\":\"search_term_string\"}}],\"inLanguage\":\"sk-SK\"},{\"@type\":\"Organization\",\"@id\":\"https:\\\/\\\/pmza.sk\\\/#organization\",\"name\":\"Pova\u017esk\u00e9 m\u00fazeum\",\"url\":\"https:\\\/\\\/pmza.sk\\\/\",\"logo\":{\"@type\":\"ImageObject\",\"inLanguage\":\"sk-SK\",\"@id\":\"https:\\\/\\\/pmza.sk\\\/#\\\/schema\\\/logo\\\/image\\\/\",\"url\":\"https:\\\/\\\/pmza.sk\\\/wp-content\\\/uploads\\\/2022\\\/01\\\/logo_PM_horizontal.jpg\",\"contentUrl\":\"https:\\\/\\\/pmza.sk\\\/wp-content\\\/uploads\\\/2022\\\/01\\\/logo_PM_horizontal.jpg\",\"width\":231,\"height\":142,\"caption\":\"Pova\u017esk\u00e9 m\u00fazeum\"},\"image\":{\"@id\":\"https:\\\/\\\/pmza.sk\\\/#\\\/schema\\\/logo\\\/image\\\/\"},\"sameAs\":[\"https:\\\/\\\/www.facebook.com\\\/povazskemuzeum\",\"https:\\\/\\\/www.instagram.com\\\/povazskemuzeum\\\/\"]},{\"@type\":\"Person\",\"@id\":\"https:\\\/\\\/pmza.sk\\\/#\\\/schema\\\/person\\\/595e6a2ce731ea94dcd5d7f50a41ae33\",\"name\":\"Pova\u017esk\u00e9 m\u00fazeum\",\"image\":{\"@type\":\"ImageObject\",\"inLanguage\":\"sk-SK\",\"@id\":\"https:\\\/\\\/secure.gravatar.com\\\/avatar\\\/2bb7f1561282132fb5826dfeccc66c7996d11ee392ac6aaf7ced8a1c2027fbb2?s=96&d=mm&r=g\",\"url\":\"https:\\\/\\\/secure.gravatar.com\\\/avatar\\\/2bb7f1561282132fb5826dfeccc66c7996d11ee392ac6aaf7ced8a1c2027fbb2?s=96&d=mm&r=g\",\"contentUrl\":\"https:\\\/\\\/secure.gravatar.com\\\/avatar\\\/2bb7f1561282132fb5826dfeccc66c7996d11ee392ac6aaf7ced8a1c2027fbb2?s=96&d=mm&r=g\",\"caption\":\"Pova\u017esk\u00e9 m\u00fazeum\"}}]}<\/script>\n<!-- \/ Yoast SEO plugin. -->","yoast_head_json":{"title":"Zlat\u00e9 \u010dasy budat\u00ednske - Pova\u017esk\u00e9 m\u00fazeum","robots":{"index":"index","follow":"follow","max-snippet":"max-snippet:-1","max-image-preview":"max-image-preview:large","max-video-preview":"max-video-preview:-1"},"canonical":"https:\/\/pmza.sk\/?p=56951","og_locale":"sk_SK","og_type":"article","og_title":"Zlat\u00e9 \u010dasy budat\u00ednske - Pova\u017esk\u00e9 m\u00fazeum","og_description":"Leto v\u00a0Pova\u017eskom m\u00fazeu priv\u00edtame n\u00e1vratom do minulosti. Zlat\u00e9 \u010dasy budat\u00ednske za\u017eij\u00fa n\u00e1v\u0161tevn\u00edci Budat\u00ednskeho hradu v\u00a0nede\u013eu 9. j\u00fala. Program na p\u00f3diu za\u010dne popoludn\u00ed o\u00a014.00 prehliadkou dobov\u00fdch kost\u00fdmov v\u00a0podan\u00ed Prvorepublikovej m\u00f3dy a\u00a0pokra\u010dova\u0165 bude koncertom miestnych kapiel. \u201eTento rok sme oslovili \u00fa\u010dinkuj\u00facich z\u00a0okolia \u017diliny a\u00a0sme ve\u013emi radi, \u017ee na\u0161e podujatie spestr\u00ed \u0161t\u00fdlovou hudbou kapela Doris Day Band, ktor\u00e1 [&hellip;]","og_url":"https:\/\/pmza.sk\/?p=56951","og_site_name":"Pova\u017esk\u00e9 m\u00fazeum","article_publisher":"https:\/\/www.facebook.com\/povazskemuzeum","article_published_time":"2023-06-20T10:27:38+00:00","article_modified_time":"2023-07-10T05:43:50+00:00","og_image":[{"width":2560,"height":2560,"url":"https:\/\/pmza.sk\/wp-content\/uploads\/2023\/06\/Zlate_casy_web-scaled.jpg","type":"image\/jpeg"}],"author":"Pova\u017esk\u00e9 m\u00fazeum","twitter_card":"summary_large_image","twitter_misc":{"Autor":"Pova\u017esk\u00e9 m\u00fazeum","Predpokladan\u00fd \u010das \u010d\u00edtania":"2 min\u00faty"},"schema":{"@context":"https:\/\/schema.org","@graph":[{"@type":"Article","@id":"https:\/\/pmza.sk\/?p=56951#article","isPartOf":{"@id":"https:\/\/pmza.sk\/?p=56951"},"author":{"name":"Pova\u017esk\u00e9 m\u00fazeum","@id":"https:\/\/pmza.sk\/#\/schema\/person\/595e6a2ce731ea94dcd5d7f50a41ae33"},"headline":"Zlat\u00e9 \u010dasy budat\u00ednske","datePublished":"2023-06-20T10:27:38+00:00","dateModified":"2023-07-10T05:43:50+00:00","mainEntityOfPage":{"@id":"https:\/\/pmza.sk\/?p=56951"},"wordCount":419,"commentCount":0,"publisher":{"@id":"https:\/\/pmza.sk\/#organization"},"image":{"@id":"https:\/\/pmza.sk\/?p=56951#primaryimage"},"thumbnailUrl":"https:\/\/pmza.sk\/wp-content\/uploads\/2023\/06\/Zlate_casy_web-scaled.jpg","articleSection":["Podujatia"],"inLanguage":"sk-SK"},{"@type":"WebPage","@id":"https:\/\/pmza.sk\/?p=56951","url":"https:\/\/pmza.sk\/?p=56951","name":"Zlat\u00e9 \u010dasy budat\u00ednske - Pova\u017esk\u00e9 m\u00fazeum","isPartOf":{"@id":"https:\/\/pmza.sk\/#website"},"primaryImageOfPage":{"@id":"https:\/\/pmza.sk\/?p=56951#primaryimage"},"image":{"@id":"https:\/\/pmza.sk\/?p=56951#primaryimage"},"thumbnailUrl":"https:\/\/pmza.sk\/wp-content\/uploads\/2023\/06\/Zlate_casy_web-scaled.jpg","datePublished":"2023-06-20T10:27:38+00:00","dateModified":"2023-07-10T05:43:50+00:00","breadcrumb":{"@id":"https:\/\/pmza.sk\/?p=56951#breadcrumb"},"inLanguage":"sk-SK","potentialAction":[{"@type":"ReadAction","target":["https:\/\/pmza.sk\/?p=56951"]}]},{"@type":"ImageObject","inLanguage":"sk-SK","@id":"https:\/\/pmza.sk\/?p=56951#primaryimage","url":"https:\/\/pmza.sk\/wp-content\/uploads\/2023\/06\/Zlate_casy_web-scaled.jpg","contentUrl":"https:\/\/pmza.sk\/wp-content\/uploads\/2023\/06\/Zlate_casy_web-scaled.jpg","width":2560,"height":2560},{"@type":"BreadcrumbList","@id":"https:\/\/pmza.sk\/?p=56951#breadcrumb","itemListElement":[{"@type":"ListItem","position":1,"name":"Domovsk\u00e1 str\u00e1nka","item":"https:\/\/pmza.sk\/"},{"@type":"ListItem","position":2,"name":"Zlat\u00e9 \u010dasy budat\u00ednske"}]},{"@type":"WebSite","@id":"https:\/\/pmza.sk\/#website","url":"https:\/\/pmza.sk\/","name":"Pova\u017esk\u00e9 m\u00fazeum","description":"Pova\u017esk\u00e9 m\u00fazeum v \u017diline je region\u00e1lne m\u00fazeum so s\u00eddlom v Budat\u00edne. Jeho expoz\u00edcie s\u00fa zameran\u00e9 na dejiny slovensk\u00e9ho umenia, kult\u00fary a dopravy.","publisher":{"@id":"https:\/\/pmza.sk\/#organization"},"potentialAction":[{"@type":"SearchAction","target":{"@type":"EntryPoint","urlTemplate":"https:\/\/pmza.sk\/?s={search_term_string}"},"query-input":{"@type":"PropertyValueSpecification","valueRequired":true,"valueName":"search_term_string"}}],"inLanguage":"sk-SK"},{"@type":"Organization","@id":"https:\/\/pmza.sk\/#organization","name":"Pova\u017esk\u00e9 m\u00fazeum","url":"https:\/\/pmza.sk\/","logo":{"@type":"ImageObject","inLanguage":"sk-SK","@id":"https:\/\/pmza.sk\/#\/schema\/logo\/image\/","url":"https:\/\/pmza.sk\/wp-content\/uploads\/2022\/01\/logo_PM_horizontal.jpg","contentUrl":"https:\/\/pmza.sk\/wp-content\/uploads\/2022\/01\/logo_PM_horizontal.jpg","width":231,"height":142,"caption":"Pova\u017esk\u00e9 m\u00fazeum"},"image":{"@id":"https:\/\/pmza.sk\/#\/schema\/logo\/image\/"},"sameAs":["https:\/\/www.facebook.com\/povazskemuzeum","https:\/\/www.instagram.com\/povazskemuzeum\/"]},{"@type":"Person","@id":"https:\/\/pmza.sk\/#\/schema\/person\/595e6a2ce731ea94dcd5d7f50a41ae33","name":"Pova\u017esk\u00e9 m\u00fazeum","image":{"@type":"ImageObject","inLanguage":"sk-SK","@id":"https:\/\/secure.gravatar.com\/avatar\/2bb7f1561282132fb5826dfeccc66c7996d11ee392ac6aaf7ced8a1c2027fbb2?s=96&d=mm&r=g","url":"https:\/\/secure.gravatar.com\/avatar\/2bb7f1561282132fb5826dfeccc66c7996d11ee392ac6aaf7ced8a1c2027fbb2?s=96&d=mm&r=g","contentUrl":"https:\/\/secure.gravatar.com\/avatar\/2bb7f1561282132fb5826dfeccc66c7996d11ee392ac6aaf7ced8a1c2027fbb2?s=96&d=mm&r=g","caption":"Pova\u017esk\u00e9 m\u00fazeum"}}]}},"_links":{"self":[{"href":"https:\/\/pmza.sk\/index.php?rest_route=\/wp\/v2\/posts\/56951","targetHints":{"allow":["GET"]}}],"collection":[{"href":"https:\/\/pmza.sk\/index.php?rest_route=\/wp\/v2\/posts"}],"about":[{"href":"https:\/\/pmza.sk\/index.php?rest_route=\/wp\/v2\/types\/post"}],"author":[{"embeddable":true,"href":"https:\/\/pmza.sk\/index.php?rest_route=\/wp\/v2\/users\/2"}],"replies":[{"embeddable":true,"href":"https:\/\/pmza.sk\/index.php?rest_route=%2Fwp%2Fv2%2Fcomments&post=56951"}],"version-history":[{"count":0,"href":"https:\/\/pmza.sk\/index.php?rest_route=\/wp\/v2\/posts\/56951\/revisions"}],"wp:featuredmedia":[{"embeddable":true,"href":"https:\/\/pmza.sk\/index.php?rest_route=\/wp\/v2\/media\/56954"}],"wp:attachment":[{"href":"https:\/\/pmza.sk\/index.php?rest_route=%2Fwp%2Fv2%2Fmedia&parent=56951"}],"wp:term":[{"taxonomy":"category","embeddable":true,"href":"https:\/\/pmza.sk\/index.php?rest_route=%2Fwp%2Fv2%2Fcategories&post=56951"},{"taxonomy":"post_tag","embeddable":true,"href":"https:\/\/pmza.sk\/index.php?rest_route=%2Fwp%2Fv2%2Ftags&post=56951"}],"curies":[{"name":"wp","href":"https:\/\/api.w.org\/{rel}","templated":true}]}}