{"id":56991,"date":"2023-06-26T08:47:17","date_gmt":"2023-06-26T06:47:17","guid":{"rendered":"https:\/\/pmza.sk\/?p=56991"},"modified":"2023-08-11T09:17:57","modified_gmt":"2023-08-11T07:17:57","slug":"nedecania-z-ameriki-1912-ukoncenie-ii-etapy-restaurovania-historickej-cirkevnej-zastavy","status":"publish","type":"post","link":"https:\/\/pmza.sk\/?p=56991","title":{"rendered":"\u201eNEDECANIA Z. AMERIKI 1912.\u201c  Ukon\u010denie II. etapy re\u0161taurovania historickej cirkevnej z\u00e1stavy"},"content":{"rendered":"<p>Cirkevn\u00e9 procesiov\u00e9 z\u00e1stavy z d\u00e1vnej\u0161ej minulosti sa v r\u00e1mci textiln\u00fdch pamiatok sakr\u00e1lneho charakteru zachovali len v\u00fdnimo\u010dne. Napriek tomu ich v zbierkovom fonde Pova\u017esk\u00e9ho m\u00fazea m\u00f4\u017eeme n\u00e1js\u0165 hne\u010f nieko\u013eko a medzi nimi tie\u017e jednu \u0161pecifick\u00fa, ktor\u00e1 nes\u00favis\u00ed len s n\u00e1bo\u017eenskou sf\u00e9rou. Z\u00e1stava s ma\u013eovan\u00fdm n\u00e1pisom: \u201eNEDECANIA Z. AMERIKI 1912.\u201c\u00a0 n\u00e1m pripomenie obdobie \u0165a\u017ek\u00fdch rozhodnut\u00ed spojen\u00fdch s odchodom niektor\u00fdch obyvate\u013eov obce Nededza za pr\u00e1cou i lep\u0161\u00edm \u017eivotom do USA aj ich pretrv\u00e1vaj\u00faci vz\u0165ah k domovine a k jej zvyklostiam.<\/p>\n<p>Havarijn\u00fd stav vz\u00e1cneho artefaktu si vy\u017eadoval komplexn\u00fa re\u0161taur\u00e1torsk\u00fa obnovu, ktor\u00e1 musela by\u0165 z finan\u010dn\u00fdch d\u00f4vodov rozdelen\u00e1 na tri etapy. Prv\u00e1, realizovan\u00e1 v rokoch 2021 \u2013 2022 re\u0161taur\u00e1torkou historick\u00fdch text\u00edli\u00ed Mgr. art. Annou Blonskou, sa t\u00fdkala obnovy zne\u010distenej a trhlinami po\u0161kodenej vzorovanej dama\u0161kovej tkaniny, ozdobn\u00fdch strapcov aj ma\u013eovan\u00fdch n\u00e1pisov. V\u010faka op\u00e4tovnej finan\u010dnej podpore Fondu na podporu umenia mohla n\u00e1sledne v lete roku 2022 za\u010da\u0165 II. etapa n\u00e1ro\u010dn\u00e9ho procesu, zameran\u00e1 na z\u00e1chranu ov\u00e1lneho obojstrann\u00e9ho obrazu.<\/p>\n<p>Ma\u013eba na jeho averznej strane zobrazuje v pok\u013eaku sa modliaceho sv. Izidora, patr\u00f3na ro\u013en\u00edkov. V\u00fdjav ikonograficky vych\u00e1dza z legendy, pod\u013ea ktorej po\u010das Izidorov\u00fdch modlitieb na poli, pokra\u010doval za neho v orbe anjel. Aj sv. Vendel\u00edn, zobrazen\u00fd na druhej strane ov\u00e1lneho medail\u00f3nu v podobe mlad\u00e9ho pastiera s rukami zop\u00e4t\u00fdmi k modlitbe, je pova\u017eovan\u00fd za patr\u00f3na ro\u013en\u00edkov, v\u0161eobecne tie\u017e sedliakov, pol\u00ed, ale predov\u0161etk\u00fdm pastierov. Krajinn\u00e1 scen\u00e9ria s postavou sv\u00e4tca obklopen\u00e9ho ovcami a dobytkom, je doplnen\u00e1 o mot\u00edv mal\u00e9ho kostol\u00edka so skupinou domov, \u010d\u00edm vyznieva ako\u00a0 vo\u013en\u00e1 pripomienka na\u0161ich tradi\u010dn\u00fdch vidieckych re\u00e1li\u00ed a sv\u00e4tcovi dod\u00e1va osobnej\u0161\u00ed charakter. Nad ka\u017ed\u00fdm v\u00fdjavom s\u00fa umiestnen\u00e9 ru\u010dne ma\u013eovan\u00e9 n\u00e1pisy na tkanine s menom pr\u00edslu\u0161n\u00e9ho sv\u00e4tca a skratkou O.P. (orate pro \u2013 modli sa za), ktorej v\u00fdznam n\u00e1zorne dop\u013a\u0148aj\u00fa z\u00e1merne zvolen\u00e9 p\u00f3zy post\u00e1v.<\/p>\n<p>Pl\u00e1tno, p\u00f4vodne v\u0161it\u00e9 do stredu z\u00e1stavov\u00e9ho listu, bolo z praktick\u00fdch d\u00f4vodov vy\u0148at\u00e9 u\u017e po\u010das obnovy textilnej \u010dasti a pripraven\u00e9 na samostatn\u00e9 re\u0161taurovanie, ktor\u00e9 v obdob\u00ed od j\u00fala 2022 do j\u00fana 2023 realizovala Akad. mal. \u013duba Wehlend, ArtD., re\u0161taur\u00e1torka so \u0161pecializ\u00e1ciou na re\u0161taurovanie z\u00e1vesn\u00e9ho obrazu na pl\u00e1tne a in\u00fdch nosi\u010doch. Obraz bol po vyrovnan\u00ed za\u0165a\u017een\u00edm \u010falej stabilizovan\u00fd vypnut\u00edm na pomocn\u00fd podr\u00e1m. N\u00e1sledne sa mohli odstr\u00e1ni\u0165 nevhodn\u00e9 z\u00e1platy, ma\u013eba sa o\u010distila od depozitu a o\u0161etrila zrieden\u00fdm damarov\u00fdm lakom. Odstr\u00e1nili sa aj star\u0161ie prema\u013eby, upevnili sa uvo\u013enen\u00e9 \u010dasti maliarskej vrstvy k podlo\u017eke, vytmelili sa ch\u00fdbaj\u00face miesta a trhliny scelili koh\u00e9znym lepidlom.<\/p>\n<p>Re\u0161taur\u00e1torsk\u00e1 obnova historickej cirkevnej z\u00e1stavy s\u00a0n\u00e1pisom: \u201eNEDECANIA Z. AMERIKI 1912.\u201c bude ukon\u010den\u00e1 v\u00a0tretej etape projektu v\u00a0j\u00fani nasleduj\u00faceho roka.<\/p>\n<p>Z\u00e1vere\u010dn\u00e1 f\u00e1za je zameran\u00e1 na retu\u0161ovanie ch\u00fdbaj\u00facich \u010dast\u00ed ma\u013eby, celkov\u00e9 farebn\u00e9 scelenie a\u00a0povrchov\u00fa \u00fapravu ochrann\u00fdm lakom. S\u00fa\u010das\u0165ou bude aj o\u010distenie a\u00a0konzervovanie mosadzn\u00fdch n\u00e1kon\u010d\u00ed nosnej prie\u010dnej \u017erde. Op\u00e4tovn\u00fdm v\u0161it\u00edm obrazovej \u010dasti do listu z\u00e1stavy bude tento zauj\u00edmav\u00fd, po historickej aj umeleckej str\u00e1nke vz\u00e1cny dokument svojej doby, pripraven\u00fd na verejn\u00fa prezent\u00e1ciu v\u00a0expoz\u00edcii are\u00e1lu Budat\u00ednskeho hradu.<\/p>\n<p>&nbsp;<\/p>\n<p><strong>Text:<\/strong> Mgr. Zden\u011bk Hogh<\/p>\n<p><strong>Foto:<\/strong> Sv. Vendel\u00edn \u2013 reverz obrazovej \u010dasti z\u00e1stavy, stav po o\u010disten\u00ed. Arch\u00edv Pova\u017esk\u00e9ho m\u00fazea<\/p>\n<p>Projekt z\u00a0verejn\u00fdch zdrojov podporil Fond na podporu umenia.<\/p>\n<div class=\"wp-block-image\"><img fetchpriority=\"high\" decoding=\"async\" class=\"alignnone wp-image-57000\" src=\"https:\/\/pmza.sk\/wp-content\/uploads\/2023\/06\/FPU_logo1_modre-480x360.jpg\" alt=\"\" width=\"291\" height=\"218\" srcset=\"https:\/\/pmza.sk\/wp-content\/uploads\/2023\/06\/FPU_logo1_modre-480x360.jpg 480w, https:\/\/pmza.sk\/wp-content\/uploads\/2023\/06\/FPU_logo1_modre-982x736.jpg 982w, https:\/\/pmza.sk\/wp-content\/uploads\/2023\/06\/FPU_logo1_modre-768x576.jpg 768w, https:\/\/pmza.sk\/wp-content\/uploads\/2023\/06\/FPU_logo1_modre-1536x1152.jpg 1536w, https:\/\/pmza.sk\/wp-content\/uploads\/2023\/06\/FPU_logo1_modre-2048x1536.jpg 2048w, https:\/\/pmza.sk\/wp-content\/uploads\/2023\/06\/FPU_logo1_modre-600x450.jpg 600w\" sizes=\"(max-width: 291px) 100vw, 291px\" \/><\/div>\n<div><\/div>\n<div class=\"wp-block-image\"><img decoding=\"async\" class=\"alignnone wp-image-56994\" src=\"https:\/\/pmza.sk\/wp-content\/uploads\/2023\/06\/Sv.-Izidor-averz-obrazovej-casti-zastavy-stav-po-ocisteni--270x360.jpg\" alt=\"\" width=\"345\" height=\"460\" srcset=\"https:\/\/pmza.sk\/wp-content\/uploads\/2023\/06\/Sv.-Izidor-averz-obrazovej-casti-zastavy-stav-po-ocisteni--270x360.jpg 270w, https:\/\/pmza.sk\/wp-content\/uploads\/2023\/06\/Sv.-Izidor-averz-obrazovej-casti-zastavy-stav-po-ocisteni--552x736.jpg 552w, https:\/\/pmza.sk\/wp-content\/uploads\/2023\/06\/Sv.-Izidor-averz-obrazovej-casti-zastavy-stav-po-ocisteni--768x1024.jpg 768w, https:\/\/pmza.sk\/wp-content\/uploads\/2023\/06\/Sv.-Izidor-averz-obrazovej-casti-zastavy-stav-po-ocisteni--1152x1536.jpg 1152w, https:\/\/pmza.sk\/wp-content\/uploads\/2023\/06\/Sv.-Izidor-averz-obrazovej-casti-zastavy-stav-po-ocisteni--600x800.jpg 600w, https:\/\/pmza.sk\/wp-content\/uploads\/2023\/06\/Sv.-Izidor-averz-obrazovej-casti-zastavy-stav-po-ocisteni--rotated.jpg 1512w\" sizes=\"(max-width: 345px) 100vw, 345px\" \/><\/div>\n<div>Sv. Izidor &#8211; averz obrazovej \u010dasti z\u00e1stavy &#8211; stav po o\u010disten\u00ed<\/div>\n<div><\/div>\n<div>\n<div class=\"wp-block-image\">\n<div class=\"wp-block-image\"><img decoding=\"async\" class=\"alignnone size-medium wp-image-56993\" src=\"https:\/\/pmza.sk\/wp-content\/uploads\/2023\/06\/Sv.-Izidor-averz-obrazovej-casti-zastavy-detali-poskodeni-480x360.jpg\" alt=\"\" width=\"480\" height=\"360\" srcset=\"https:\/\/pmza.sk\/wp-content\/uploads\/2023\/06\/Sv.-Izidor-averz-obrazovej-casti-zastavy-detali-poskodeni-480x360.jpg 480w, https:\/\/pmza.sk\/wp-content\/uploads\/2023\/06\/Sv.-Izidor-averz-obrazovej-casti-zastavy-detali-poskodeni-981x736.jpg 981w, https:\/\/pmza.sk\/wp-content\/uploads\/2023\/06\/Sv.-Izidor-averz-obrazovej-casti-zastavy-detali-poskodeni-768x576.jpg 768w, https:\/\/pmza.sk\/wp-content\/uploads\/2023\/06\/Sv.-Izidor-averz-obrazovej-casti-zastavy-detali-poskodeni-1536x1152.jpg 1536w, https:\/\/pmza.sk\/wp-content\/uploads\/2023\/06\/Sv.-Izidor-averz-obrazovej-casti-zastavy-detali-poskodeni-2048x1536.jpg 2048w, https:\/\/pmza.sk\/wp-content\/uploads\/2023\/06\/Sv.-Izidor-averz-obrazovej-casti-zastavy-detali-poskodeni-600x450.jpg 600w\" sizes=\"(max-width: 480px) 100vw, 480px\" \/><\/div>\n<div>Sv. Izidor &#8211; averz obrazovej \u010dasti z\u00e1stavy &#8211; detail po\u0161koden\u00ed<\/div>\n<div><\/div>\n<\/div>\n<div>\n<div class=\"wp-block-image\"><img loading=\"lazy\" decoding=\"async\" class=\"alignnone wp-image-56998\" src=\"https:\/\/pmza.sk\/wp-content\/uploads\/2023\/06\/Sv.-Venedelin-reverz-obrazovej-casti-zastavy-stav-pocas-vyrovnavania-za-pomoci-prelepu-japonskym-papierom-270x360.jpg\" alt=\"\" width=\"361\" height=\"481\" srcset=\"https:\/\/pmza.sk\/wp-content\/uploads\/2023\/06\/Sv.-Venedelin-reverz-obrazovej-casti-zastavy-stav-pocas-vyrovnavania-za-pomoci-prelepu-japonskym-papierom-270x360.jpg 270w, https:\/\/pmza.sk\/wp-content\/uploads\/2023\/06\/Sv.-Venedelin-reverz-obrazovej-casti-zastavy-stav-pocas-vyrovnavania-za-pomoci-prelepu-japonskym-papierom-552x736.jpg 552w, https:\/\/pmza.sk\/wp-content\/uploads\/2023\/06\/Sv.-Venedelin-reverz-obrazovej-casti-zastavy-stav-pocas-vyrovnavania-za-pomoci-prelepu-japonskym-papierom-768x1024.jpg 768w, https:\/\/pmza.sk\/wp-content\/uploads\/2023\/06\/Sv.-Venedelin-reverz-obrazovej-casti-zastavy-stav-pocas-vyrovnavania-za-pomoci-prelepu-japonskym-papierom-1152x1536.jpg 1152w, https:\/\/pmza.sk\/wp-content\/uploads\/2023\/06\/Sv.-Venedelin-reverz-obrazovej-casti-zastavy-stav-pocas-vyrovnavania-za-pomoci-prelepu-japonskym-papierom-600x800.jpg 600w, https:\/\/pmza.sk\/wp-content\/uploads\/2023\/06\/Sv.-Venedelin-reverz-obrazovej-casti-zastavy-stav-pocas-vyrovnavania-za-pomoci-prelepu-japonskym-papierom-rotated.jpg 1512w\" sizes=\"(max-width: 361px) 100vw, 361px\" \/><\/div>\n<div>Sv. Vendel\u00edn &#8211; reverz obrazovej \u010dasti z\u00e1stavy &#8211; stav po\u010das vyrovn\u00e1vania za pomoci prelepu japonsk\u00fdm papierom<\/div>\n<div><\/div>\n<\/div>\n<div>\n<div class=\"wp-block-image\"><img loading=\"lazy\" decoding=\"async\" class=\"alignnone wp-image-56997\" src=\"https:\/\/pmza.sk\/wp-content\/uploads\/2023\/06\/Sv.-Vendelin-reverz-obrazovej-casti-zastavy-stav-po-ocisteni--270x360.jpg\" alt=\"\" width=\"368\" height=\"490\" srcset=\"https:\/\/pmza.sk\/wp-content\/uploads\/2023\/06\/Sv.-Vendelin-reverz-obrazovej-casti-zastavy-stav-po-ocisteni--270x360.jpg 270w, https:\/\/pmza.sk\/wp-content\/uploads\/2023\/06\/Sv.-Vendelin-reverz-obrazovej-casti-zastavy-stav-po-ocisteni--552x736.jpg 552w, https:\/\/pmza.sk\/wp-content\/uploads\/2023\/06\/Sv.-Vendelin-reverz-obrazovej-casti-zastavy-stav-po-ocisteni--768x1024.jpg 768w, https:\/\/pmza.sk\/wp-content\/uploads\/2023\/06\/Sv.-Vendelin-reverz-obrazovej-casti-zastavy-stav-po-ocisteni--1152x1536.jpg 1152w, https:\/\/pmza.sk\/wp-content\/uploads\/2023\/06\/Sv.-Vendelin-reverz-obrazovej-casti-zastavy-stav-po-ocisteni--600x800.jpg 600w, https:\/\/pmza.sk\/wp-content\/uploads\/2023\/06\/Sv.-Vendelin-reverz-obrazovej-casti-zastavy-stav-po-ocisteni--rotated.jpg 1512w\" sizes=\"(max-width: 368px) 100vw, 368px\" \/><\/div>\n<div>Sv. Vendel\u00edn &#8211; reverz obrazovej \u010dasti z\u00e1stavy &#8211; stav po o\u010disten\u00ed<\/div>\n<\/div>\n<\/div>\n","protected":false},"excerpt":{"rendered":"<p>Cirkevn\u00e9 procesiov\u00e9 z\u00e1stavy z d\u00e1vnej\u0161ej minulosti sa v r\u00e1mci textiln\u00fdch pamiatok sakr\u00e1lneho charakteru zachovali len v\u00fdnimo\u010dne. Napriek tomu ich v zbierkovom fonde Pova\u017esk\u00e9ho m\u00fazea m\u00f4\u017eeme n\u00e1js\u0165 hne\u010f nieko\u013eko a medzi nimi tie\u017e jednu \u0161pecifick\u00fa, ktor\u00e1 nes\u00favis\u00ed len s n\u00e1bo\u017eenskou sf\u00e9rou. Z\u00e1stava s ma\u013eovan\u00fdm n\u00e1pisom: \u201eNEDECANIA Z. AMERIKI 1912.\u201c\u00a0 n\u00e1m pripomenie obdobie \u0165a\u017ek\u00fdch rozhodnut\u00ed spojen\u00fdch s [&hellip;]<\/p>\n","protected":false},"author":2,"featured_media":56993,"comment_status":"open","ping_status":"open","sticky":false,"template":"","format":"standard","meta":{"site-sidebar-layout":"default","site-content-layout":"default","ast-site-content-layout":"","site-content-style":"default","site-sidebar-style":"default","ast-global-header-display":"","ast-banner-title-visibility":"","ast-main-header-display":"","ast-hfb-above-header-display":"","ast-hfb-below-header-display":"","ast-hfb-mobile-header-display":"","site-post-title":"","ast-breadcrumbs-content":"","ast-featured-img":"","footer-sml-layout":"","theme-transparent-header-meta":"default","adv-header-id-meta":"","stick-header-meta":"default","header-above-stick-meta":"","header-main-stick-meta":"","header-below-stick-meta":"","astra-migrate-meta-layouts":"default","ast-page-background-enabled":"default","ast-page-background-meta":{"desktop":{"background-color":"var(--ast-global-color-4)","background-image":"","background-repeat":"repeat","background-position":"center center","background-size":"auto","background-attachment":"scroll","background-type":"","background-media":"","overlay-type":"","overlay-color":"","overlay-opacity":"","overlay-gradient":""},"tablet":{"background-color":"","background-image":"","background-repeat":"repeat","background-position":"center center","background-size":"auto","background-attachment":"scroll","background-type":"","background-media":"","overlay-type":"","overlay-color":"","overlay-opacity":"","overlay-gradient":""},"mobile":{"background-color":"","background-image":"","background-repeat":"repeat","background-position":"center center","background-size":"auto","background-attachment":"scroll","background-type":"","background-media":"","overlay-type":"","overlay-color":"","overlay-opacity":"","overlay-gradient":""}},"ast-content-background-meta":{"desktop":{"background-color":"var(--ast-global-color-5)","background-image":"","background-repeat":"repeat","background-position":"center center","background-size":"auto","background-attachment":"scroll","background-type":"","background-media":"","overlay-type":"","overlay-color":"","overlay-opacity":"","overlay-gradient":""},"tablet":{"background-color":"var(--ast-global-color-5)","background-image":"","background-repeat":"repeat","background-position":"center center","background-size":"auto","background-attachment":"scroll","background-type":"","background-media":"","overlay-type":"","overlay-color":"","overlay-opacity":"","overlay-gradient":""},"mobile":{"background-color":"var(--ast-global-color-5)","background-image":"","background-repeat":"repeat","background-position":"center center","background-size":"auto","background-attachment":"scroll","background-type":"","background-media":"","overlay-type":"","overlay-color":"","overlay-opacity":"","overlay-gradient":""}},"footnotes":""},"categories":[31],"tags":[],"class_list":["post-56991","post","type-post","status-publish","format-standard","has-post-thumbnail","hentry","category-aktuality"],"yoast_head":"<!-- This site is optimized with the Yoast SEO plugin v27.4 - https:\/\/yoast.com\/product\/yoast-seo-wordpress\/ -->\n<title>\u201eNEDECANIA Z. AMERIKI 1912.\u201c Ukon\u010denie II. etapy re\u0161taurovania historickej cirkevnej z\u00e1stavy - Pova\u017esk\u00e9 m\u00fazeum<\/title>\n<meta name=\"robots\" content=\"index, follow, max-snippet:-1, max-image-preview:large, max-video-preview:-1\" \/>\n<link rel=\"canonical\" href=\"https:\/\/pmza.sk\/?p=56991\" \/>\n<meta property=\"og:locale\" content=\"sk_SK\" \/>\n<meta property=\"og:type\" content=\"article\" \/>\n<meta property=\"og:title\" content=\"\u201eNEDECANIA Z. AMERIKI 1912.\u201c Ukon\u010denie II. etapy re\u0161taurovania historickej cirkevnej z\u00e1stavy - Pova\u017esk\u00e9 m\u00fazeum\" \/>\n<meta property=\"og:description\" content=\"Cirkevn\u00e9 procesiov\u00e9 z\u00e1stavy z d\u00e1vnej\u0161ej minulosti sa v r\u00e1mci textiln\u00fdch pamiatok sakr\u00e1lneho charakteru zachovali len v\u00fdnimo\u010dne. Napriek tomu ich v zbierkovom fonde Pova\u017esk\u00e9ho m\u00fazea m\u00f4\u017eeme n\u00e1js\u0165 hne\u010f nieko\u013eko a medzi nimi tie\u017e jednu \u0161pecifick\u00fa, ktor\u00e1 nes\u00favis\u00ed len s n\u00e1bo\u017eenskou sf\u00e9rou. Z\u00e1stava s ma\u013eovan\u00fdm n\u00e1pisom: \u201eNEDECANIA Z. AMERIKI 1912.\u201c\u00a0 n\u00e1m pripomenie obdobie \u0165a\u017ek\u00fdch rozhodnut\u00ed spojen\u00fdch s [&hellip;]\" \/>\n<meta property=\"og:url\" content=\"https:\/\/pmza.sk\/?p=56991\" \/>\n<meta property=\"og:site_name\" content=\"Pova\u017esk\u00e9 m\u00fazeum\" \/>\n<meta property=\"article:publisher\" content=\"https:\/\/www.facebook.com\/povazskemuzeum\" \/>\n<meta property=\"article:published_time\" content=\"2023-06-26T06:47:17+00:00\" \/>\n<meta property=\"article:modified_time\" content=\"2023-08-11T07:17:57+00:00\" \/>\n<meta property=\"og:image\" content=\"https:\/\/pmza.sk\/wp-content\/uploads\/2023\/06\/Sv.-Izidor-averz-obrazovej-casti-zastavy-detali-poskodeni-scaled.jpg\" \/>\n\t<meta property=\"og:image:width\" content=\"2560\" \/>\n\t<meta property=\"og:image:height\" content=\"1920\" \/>\n\t<meta property=\"og:image:type\" content=\"image\/jpeg\" \/>\n<meta name=\"author\" content=\"Pova\u017esk\u00e9 m\u00fazeum\" \/>\n<meta name=\"twitter:card\" content=\"summary_large_image\" \/>\n<meta name=\"twitter:label1\" content=\"Autor\" \/>\n\t<meta name=\"twitter:data1\" content=\"Pova\u017esk\u00e9 m\u00fazeum\" \/>\n\t<meta name=\"twitter:label2\" content=\"Predpokladan\u00fd \u010das \u010d\u00edtania\" \/>\n\t<meta name=\"twitter:data2\" content=\"4 min\u00faty\" \/>\n<script type=\"application\/ld+json\" class=\"yoast-schema-graph\">{\"@context\":\"https:\\\/\\\/schema.org\",\"@graph\":[{\"@type\":\"Article\",\"@id\":\"https:\\\/\\\/pmza.sk\\\/?p=56991#article\",\"isPartOf\":{\"@id\":\"https:\\\/\\\/pmza.sk\\\/?p=56991\"},\"author\":{\"name\":\"Pova\u017esk\u00e9 m\u00fazeum\",\"@id\":\"https:\\\/\\\/pmza.sk\\\/#\\\/schema\\\/person\\\/595e6a2ce731ea94dcd5d7f50a41ae33\"},\"headline\":\"\u201eNEDECANIA Z. AMERIKI 1912.\u201c Ukon\u010denie II. etapy re\u0161taurovania historickej cirkevnej z\u00e1stavy\",\"datePublished\":\"2023-06-26T06:47:17+00:00\",\"dateModified\":\"2023-08-11T07:17:57+00:00\",\"mainEntityOfPage\":{\"@id\":\"https:\\\/\\\/pmza.sk\\\/?p=56991\"},\"wordCount\":742,\"commentCount\":0,\"publisher\":{\"@id\":\"https:\\\/\\\/pmza.sk\\\/#organization\"},\"image\":{\"@id\":\"https:\\\/\\\/pmza.sk\\\/?p=56991#primaryimage\"},\"thumbnailUrl\":\"https:\\\/\\\/pmza.sk\\\/wp-content\\\/uploads\\\/2023\\\/06\\\/Sv.-Izidor-averz-obrazovej-casti-zastavy-detali-poskodeni-scaled.jpg\",\"articleSection\":[\"Aktuality\"],\"inLanguage\":\"sk-SK\"},{\"@type\":\"WebPage\",\"@id\":\"https:\\\/\\\/pmza.sk\\\/?p=56991\",\"url\":\"https:\\\/\\\/pmza.sk\\\/?p=56991\",\"name\":\"\u201eNEDECANIA Z. AMERIKI 1912.\u201c Ukon\u010denie II. etapy re\u0161taurovania historickej cirkevnej z\u00e1stavy - Pova\u017esk\u00e9 m\u00fazeum\",\"isPartOf\":{\"@id\":\"https:\\\/\\\/pmza.sk\\\/#website\"},\"primaryImageOfPage\":{\"@id\":\"https:\\\/\\\/pmza.sk\\\/?p=56991#primaryimage\"},\"image\":{\"@id\":\"https:\\\/\\\/pmza.sk\\\/?p=56991#primaryimage\"},\"thumbnailUrl\":\"https:\\\/\\\/pmza.sk\\\/wp-content\\\/uploads\\\/2023\\\/06\\\/Sv.-Izidor-averz-obrazovej-casti-zastavy-detali-poskodeni-scaled.jpg\",\"datePublished\":\"2023-06-26T06:47:17+00:00\",\"dateModified\":\"2023-08-11T07:17:57+00:00\",\"breadcrumb\":{\"@id\":\"https:\\\/\\\/pmza.sk\\\/?p=56991#breadcrumb\"},\"inLanguage\":\"sk-SK\",\"potentialAction\":[{\"@type\":\"ReadAction\",\"target\":[\"https:\\\/\\\/pmza.sk\\\/?p=56991\"]}]},{\"@type\":\"ImageObject\",\"inLanguage\":\"sk-SK\",\"@id\":\"https:\\\/\\\/pmza.sk\\\/?p=56991#primaryimage\",\"url\":\"https:\\\/\\\/pmza.sk\\\/wp-content\\\/uploads\\\/2023\\\/06\\\/Sv.-Izidor-averz-obrazovej-casti-zastavy-detali-poskodeni-scaled.jpg\",\"contentUrl\":\"https:\\\/\\\/pmza.sk\\\/wp-content\\\/uploads\\\/2023\\\/06\\\/Sv.-Izidor-averz-obrazovej-casti-zastavy-detali-poskodeni-scaled.jpg\",\"width\":2560,\"height\":1920},{\"@type\":\"BreadcrumbList\",\"@id\":\"https:\\\/\\\/pmza.sk\\\/?p=56991#breadcrumb\",\"itemListElement\":[{\"@type\":\"ListItem\",\"position\":1,\"name\":\"Domovsk\u00e1 str\u00e1nka\",\"item\":\"https:\\\/\\\/pmza.sk\\\/\"},{\"@type\":\"ListItem\",\"position\":2,\"name\":\"\u201eNEDECANIA Z. AMERIKI 1912.\u201c Ukon\u010denie II. etapy re\u0161taurovania historickej cirkevnej z\u00e1stavy\"}]},{\"@type\":\"WebSite\",\"@id\":\"https:\\\/\\\/pmza.sk\\\/#website\",\"url\":\"https:\\\/\\\/pmza.sk\\\/\",\"name\":\"Pova\u017esk\u00e9 m\u00fazeum\",\"description\":\"Pova\u017esk\u00e9 m\u00fazeum v \u017diline je region\u00e1lne m\u00fazeum so s\u00eddlom v Budat\u00edne. Jeho expoz\u00edcie s\u00fa zameran\u00e9 na dejiny slovensk\u00e9ho umenia, kult\u00fary a dopravy.\",\"publisher\":{\"@id\":\"https:\\\/\\\/pmza.sk\\\/#organization\"},\"potentialAction\":[{\"@type\":\"SearchAction\",\"target\":{\"@type\":\"EntryPoint\",\"urlTemplate\":\"https:\\\/\\\/pmza.sk\\\/?s={search_term_string}\"},\"query-input\":{\"@type\":\"PropertyValueSpecification\",\"valueRequired\":true,\"valueName\":\"search_term_string\"}}],\"inLanguage\":\"sk-SK\"},{\"@type\":\"Organization\",\"@id\":\"https:\\\/\\\/pmza.sk\\\/#organization\",\"name\":\"Pova\u017esk\u00e9 m\u00fazeum\",\"url\":\"https:\\\/\\\/pmza.sk\\\/\",\"logo\":{\"@type\":\"ImageObject\",\"inLanguage\":\"sk-SK\",\"@id\":\"https:\\\/\\\/pmza.sk\\\/#\\\/schema\\\/logo\\\/image\\\/\",\"url\":\"https:\\\/\\\/pmza.sk\\\/wp-content\\\/uploads\\\/2022\\\/01\\\/logo_PM_horizontal.jpg\",\"contentUrl\":\"https:\\\/\\\/pmza.sk\\\/wp-content\\\/uploads\\\/2022\\\/01\\\/logo_PM_horizontal.jpg\",\"width\":231,\"height\":142,\"caption\":\"Pova\u017esk\u00e9 m\u00fazeum\"},\"image\":{\"@id\":\"https:\\\/\\\/pmza.sk\\\/#\\\/schema\\\/logo\\\/image\\\/\"},\"sameAs\":[\"https:\\\/\\\/www.facebook.com\\\/povazskemuzeum\",\"https:\\\/\\\/www.instagram.com\\\/povazskemuzeum\\\/\"]},{\"@type\":\"Person\",\"@id\":\"https:\\\/\\\/pmza.sk\\\/#\\\/schema\\\/person\\\/595e6a2ce731ea94dcd5d7f50a41ae33\",\"name\":\"Pova\u017esk\u00e9 m\u00fazeum\",\"image\":{\"@type\":\"ImageObject\",\"inLanguage\":\"sk-SK\",\"@id\":\"https:\\\/\\\/secure.gravatar.com\\\/avatar\\\/2bb7f1561282132fb5826dfeccc66c7996d11ee392ac6aaf7ced8a1c2027fbb2?s=96&d=mm&r=g\",\"url\":\"https:\\\/\\\/secure.gravatar.com\\\/avatar\\\/2bb7f1561282132fb5826dfeccc66c7996d11ee392ac6aaf7ced8a1c2027fbb2?s=96&d=mm&r=g\",\"contentUrl\":\"https:\\\/\\\/secure.gravatar.com\\\/avatar\\\/2bb7f1561282132fb5826dfeccc66c7996d11ee392ac6aaf7ced8a1c2027fbb2?s=96&d=mm&r=g\",\"caption\":\"Pova\u017esk\u00e9 m\u00fazeum\"}}]}<\/script>\n<!-- \/ Yoast SEO plugin. -->","yoast_head_json":{"title":"\u201eNEDECANIA Z. AMERIKI 1912.\u201c Ukon\u010denie II. etapy re\u0161taurovania historickej cirkevnej z\u00e1stavy - Pova\u017esk\u00e9 m\u00fazeum","robots":{"index":"index","follow":"follow","max-snippet":"max-snippet:-1","max-image-preview":"max-image-preview:large","max-video-preview":"max-video-preview:-1"},"canonical":"https:\/\/pmza.sk\/?p=56991","og_locale":"sk_SK","og_type":"article","og_title":"\u201eNEDECANIA Z. AMERIKI 1912.\u201c Ukon\u010denie II. etapy re\u0161taurovania historickej cirkevnej z\u00e1stavy - Pova\u017esk\u00e9 m\u00fazeum","og_description":"Cirkevn\u00e9 procesiov\u00e9 z\u00e1stavy z d\u00e1vnej\u0161ej minulosti sa v r\u00e1mci textiln\u00fdch pamiatok sakr\u00e1lneho charakteru zachovali len v\u00fdnimo\u010dne. Napriek tomu ich v zbierkovom fonde Pova\u017esk\u00e9ho m\u00fazea m\u00f4\u017eeme n\u00e1js\u0165 hne\u010f nieko\u013eko a medzi nimi tie\u017e jednu \u0161pecifick\u00fa, ktor\u00e1 nes\u00favis\u00ed len s n\u00e1bo\u017eenskou sf\u00e9rou. Z\u00e1stava s ma\u013eovan\u00fdm n\u00e1pisom: \u201eNEDECANIA Z. AMERIKI 1912.\u201c\u00a0 n\u00e1m pripomenie obdobie \u0165a\u017ek\u00fdch rozhodnut\u00ed spojen\u00fdch s [&hellip;]","og_url":"https:\/\/pmza.sk\/?p=56991","og_site_name":"Pova\u017esk\u00e9 m\u00fazeum","article_publisher":"https:\/\/www.facebook.com\/povazskemuzeum","article_published_time":"2023-06-26T06:47:17+00:00","article_modified_time":"2023-08-11T07:17:57+00:00","og_image":[{"width":2560,"height":1920,"url":"https:\/\/pmza.sk\/wp-content\/uploads\/2023\/06\/Sv.-Izidor-averz-obrazovej-casti-zastavy-detali-poskodeni-scaled.jpg","type":"image\/jpeg"}],"author":"Pova\u017esk\u00e9 m\u00fazeum","twitter_card":"summary_large_image","twitter_misc":{"Autor":"Pova\u017esk\u00e9 m\u00fazeum","Predpokladan\u00fd \u010das \u010d\u00edtania":"4 min\u00faty"},"schema":{"@context":"https:\/\/schema.org","@graph":[{"@type":"Article","@id":"https:\/\/pmza.sk\/?p=56991#article","isPartOf":{"@id":"https:\/\/pmza.sk\/?p=56991"},"author":{"name":"Pova\u017esk\u00e9 m\u00fazeum","@id":"https:\/\/pmza.sk\/#\/schema\/person\/595e6a2ce731ea94dcd5d7f50a41ae33"},"headline":"\u201eNEDECANIA Z. AMERIKI 1912.\u201c Ukon\u010denie II. etapy re\u0161taurovania historickej cirkevnej z\u00e1stavy","datePublished":"2023-06-26T06:47:17+00:00","dateModified":"2023-08-11T07:17:57+00:00","mainEntityOfPage":{"@id":"https:\/\/pmza.sk\/?p=56991"},"wordCount":742,"commentCount":0,"publisher":{"@id":"https:\/\/pmza.sk\/#organization"},"image":{"@id":"https:\/\/pmza.sk\/?p=56991#primaryimage"},"thumbnailUrl":"https:\/\/pmza.sk\/wp-content\/uploads\/2023\/06\/Sv.-Izidor-averz-obrazovej-casti-zastavy-detali-poskodeni-scaled.jpg","articleSection":["Aktuality"],"inLanguage":"sk-SK"},{"@type":"WebPage","@id":"https:\/\/pmza.sk\/?p=56991","url":"https:\/\/pmza.sk\/?p=56991","name":"\u201eNEDECANIA Z. AMERIKI 1912.\u201c Ukon\u010denie II. etapy re\u0161taurovania historickej cirkevnej z\u00e1stavy - Pova\u017esk\u00e9 m\u00fazeum","isPartOf":{"@id":"https:\/\/pmza.sk\/#website"},"primaryImageOfPage":{"@id":"https:\/\/pmza.sk\/?p=56991#primaryimage"},"image":{"@id":"https:\/\/pmza.sk\/?p=56991#primaryimage"},"thumbnailUrl":"https:\/\/pmza.sk\/wp-content\/uploads\/2023\/06\/Sv.-Izidor-averz-obrazovej-casti-zastavy-detali-poskodeni-scaled.jpg","datePublished":"2023-06-26T06:47:17+00:00","dateModified":"2023-08-11T07:17:57+00:00","breadcrumb":{"@id":"https:\/\/pmza.sk\/?p=56991#breadcrumb"},"inLanguage":"sk-SK","potentialAction":[{"@type":"ReadAction","target":["https:\/\/pmza.sk\/?p=56991"]}]},{"@type":"ImageObject","inLanguage":"sk-SK","@id":"https:\/\/pmza.sk\/?p=56991#primaryimage","url":"https:\/\/pmza.sk\/wp-content\/uploads\/2023\/06\/Sv.-Izidor-averz-obrazovej-casti-zastavy-detali-poskodeni-scaled.jpg","contentUrl":"https:\/\/pmza.sk\/wp-content\/uploads\/2023\/06\/Sv.-Izidor-averz-obrazovej-casti-zastavy-detali-poskodeni-scaled.jpg","width":2560,"height":1920},{"@type":"BreadcrumbList","@id":"https:\/\/pmza.sk\/?p=56991#breadcrumb","itemListElement":[{"@type":"ListItem","position":1,"name":"Domovsk\u00e1 str\u00e1nka","item":"https:\/\/pmza.sk\/"},{"@type":"ListItem","position":2,"name":"\u201eNEDECANIA Z. AMERIKI 1912.\u201c Ukon\u010denie II. etapy re\u0161taurovania historickej cirkevnej z\u00e1stavy"}]},{"@type":"WebSite","@id":"https:\/\/pmza.sk\/#website","url":"https:\/\/pmza.sk\/","name":"Pova\u017esk\u00e9 m\u00fazeum","description":"Pova\u017esk\u00e9 m\u00fazeum v \u017diline je region\u00e1lne m\u00fazeum so s\u00eddlom v Budat\u00edne. Jeho expoz\u00edcie s\u00fa zameran\u00e9 na dejiny slovensk\u00e9ho umenia, kult\u00fary a dopravy.","publisher":{"@id":"https:\/\/pmza.sk\/#organization"},"potentialAction":[{"@type":"SearchAction","target":{"@type":"EntryPoint","urlTemplate":"https:\/\/pmza.sk\/?s={search_term_string}"},"query-input":{"@type":"PropertyValueSpecification","valueRequired":true,"valueName":"search_term_string"}}],"inLanguage":"sk-SK"},{"@type":"Organization","@id":"https:\/\/pmza.sk\/#organization","name":"Pova\u017esk\u00e9 m\u00fazeum","url":"https:\/\/pmza.sk\/","logo":{"@type":"ImageObject","inLanguage":"sk-SK","@id":"https:\/\/pmza.sk\/#\/schema\/logo\/image\/","url":"https:\/\/pmza.sk\/wp-content\/uploads\/2022\/01\/logo_PM_horizontal.jpg","contentUrl":"https:\/\/pmza.sk\/wp-content\/uploads\/2022\/01\/logo_PM_horizontal.jpg","width":231,"height":142,"caption":"Pova\u017esk\u00e9 m\u00fazeum"},"image":{"@id":"https:\/\/pmza.sk\/#\/schema\/logo\/image\/"},"sameAs":["https:\/\/www.facebook.com\/povazskemuzeum","https:\/\/www.instagram.com\/povazskemuzeum\/"]},{"@type":"Person","@id":"https:\/\/pmza.sk\/#\/schema\/person\/595e6a2ce731ea94dcd5d7f50a41ae33","name":"Pova\u017esk\u00e9 m\u00fazeum","image":{"@type":"ImageObject","inLanguage":"sk-SK","@id":"https:\/\/secure.gravatar.com\/avatar\/2bb7f1561282132fb5826dfeccc66c7996d11ee392ac6aaf7ced8a1c2027fbb2?s=96&d=mm&r=g","url":"https:\/\/secure.gravatar.com\/avatar\/2bb7f1561282132fb5826dfeccc66c7996d11ee392ac6aaf7ced8a1c2027fbb2?s=96&d=mm&r=g","contentUrl":"https:\/\/secure.gravatar.com\/avatar\/2bb7f1561282132fb5826dfeccc66c7996d11ee392ac6aaf7ced8a1c2027fbb2?s=96&d=mm&r=g","caption":"Pova\u017esk\u00e9 m\u00fazeum"}}]}},"_links":{"self":[{"href":"https:\/\/pmza.sk\/index.php?rest_route=\/wp\/v2\/posts\/56991","targetHints":{"allow":["GET"]}}],"collection":[{"href":"https:\/\/pmza.sk\/index.php?rest_route=\/wp\/v2\/posts"}],"about":[{"href":"https:\/\/pmza.sk\/index.php?rest_route=\/wp\/v2\/types\/post"}],"author":[{"embeddable":true,"href":"https:\/\/pmza.sk\/index.php?rest_route=\/wp\/v2\/users\/2"}],"replies":[{"embeddable":true,"href":"https:\/\/pmza.sk\/index.php?rest_route=%2Fwp%2Fv2%2Fcomments&post=56991"}],"version-history":[{"count":0,"href":"https:\/\/pmza.sk\/index.php?rest_route=\/wp\/v2\/posts\/56991\/revisions"}],"wp:featuredmedia":[{"embeddable":true,"href":"https:\/\/pmza.sk\/index.php?rest_route=\/wp\/v2\/media\/56993"}],"wp:attachment":[{"href":"https:\/\/pmza.sk\/index.php?rest_route=%2Fwp%2Fv2%2Fmedia&parent=56991"}],"wp:term":[{"taxonomy":"category","embeddable":true,"href":"https:\/\/pmza.sk\/index.php?rest_route=%2Fwp%2Fv2%2Fcategories&post=56991"},{"taxonomy":"post_tag","embeddable":true,"href":"https:\/\/pmza.sk\/index.php?rest_route=%2Fwp%2Fv2%2Ftags&post=56991"}],"curies":[{"name":"wp","href":"https:\/\/api.w.org\/{rel}","templated":true}]}}