{"id":57013,"date":"2023-06-26T12:50:25","date_gmt":"2023-06-26T10:50:25","guid":{"rendered":"https:\/\/pmza.sk\/?p=57013"},"modified":"2023-07-20T07:00:25","modified_gmt":"2023-07-20T05:00:25","slug":"nocna-prehliadka-hradu-strecno-5","status":"publish","type":"post","link":"https:\/\/pmza.sk\/?p=57013","title":{"rendered":"No\u010dn\u00e1 prehliadka hradu Stre\u010dno"},"content":{"rendered":"<p>Pr\u00ed\u010fte si u\u017ei\u0165 stredovek\u00fa atmosf\u00e9ru po zotmen\u00ed! Hrad Stre\u010dno skr\u00fdva r\u00f4zne tajomn\u00e9 pr\u00edbehy. Jedn\u00fdm z\u00a0nich je ur\u010dite aj osud majite\u013eky Benigny Kini\u017ei, ktor\u00e1 \u00fadajne zniesla zo sveta svojich troch man\u017eelov. Desiv\u00e9 a\u00a0z\u00e1rove\u0148 humorn\u00e9 sc\u00e9nky z\u00a0jej \u017eivota pod n\u00e1zvom (Ne)zabudnut\u00e9 tajomstv\u00e1 priprav\u00ed na hrade divadelno-hrav\u00e9 zoskupenie RAZCA. <em>\u201eBenigna bola vzdelan\u00e1, l\u00e1skav\u00e1 a\u00a0zbo\u017en\u00e1 \u017eena. Mala v\u0161ak smolu na mu\u017eov. Navy\u0161e sa povr\u00e1va, \u017ee smr\u0165 jej man\u017eelov nebola celkom s\u00a0kostoln\u00fdm poriadkom. Ako to bolo naozaj? Zist\u00edte na na\u0161ej z\u00e1\u017eitkovej prehliadke,\u201c <\/em>poz\u00fdva autorka scen\u00e1ra Katar\u00edna Mar\u0161alov\u00e1.<\/p>\n<p>Po prehliadke hradu \u010dak\u00e1 na n\u00e1v\u0161tevn\u00edkov pestr\u00fd program aj na n\u00e1dvor\u00ed. Te\u0161i\u0165 sa m\u00f4\u017eu na magick\u00fa oh\u0148ov\u00fa show v\u00a0podan\u00ed Black Evils a\u00a0ch\u00fdba\u0165 nebude ani ob\u013e\u00faben\u00fd videomapping. <em>\u201eMinul\u00fd rok sme stavili na v\u00fdznamn\u00e9 udalosti, ktor\u00e9 sa na hrade udiali a\u00a0premietanie malo ve\u013ek\u00fd \u00faspech, preto sme sa ho rozhodli zopakova\u0165,\u201c<\/em> pribli\u017euje spr\u00e1vky\u0148a hradu Stre\u010dno Katar\u00edna Rep\u00e1\u0148ov\u00e1. Vizu\u00e1lny z\u00e1\u017eitok dopln\u00ed aj chu\u0165ov\u00fd a\u00a0ma\u0161krtn\u00e9 jaz\u00fd\u010dky pote\u0161\u00ed stredovek\u00e1 kuchy\u0148a Cechu Terra de Selinan.<\/p>\n<p>Prehliadky bud\u00fa prebieha\u0165 v \u0161iestich vstupoch od 20.30 do 23.00 a n\u00e1v\u0161tevn\u00edkom odpor\u00fa\u010dame vzia\u0165 si baterky. Vstupn\u00e9 je jednotn\u00e9 10 eur bez rozdielu veku.<\/p>\n<p>L\u00edstky na podujatie sa daj\u00fa k\u00fapi\u0165 iba v predpredaji na odkaze: <a href=\"https:\/\/predpredaj.zoznam.sk\/sk\/listky\/nocna-prehliadka-hradu-strecno-2023-07-19\/\">https:\/\/predpredaj.zoznam.sk\/sk\/listky\/nocna-prehliadka-hradu-strecno-2023-07-19\/<\/a><\/p>\n<p>&nbsp;<\/p>\n<div class=\"wp-block-image\"><img fetchpriority=\"high\" decoding=\"async\" class=\"alignnone size-medium wp-image-57014\" src=\"https:\/\/pmza.sk\/wp-content\/uploads\/2023\/06\/Nocna_Strecno_K2-255x360.jpg\" alt=\"\" width=\"255\" height=\"360\" srcset=\"https:\/\/pmza.sk\/wp-content\/uploads\/2023\/06\/Nocna_Strecno_K2-255x360.jpg 255w, https:\/\/pmza.sk\/wp-content\/uploads\/2023\/06\/Nocna_Strecno_K2-520x736.jpg 520w, https:\/\/pmza.sk\/wp-content\/uploads\/2023\/06\/Nocna_Strecno_K2-768x1086.jpg 768w, https:\/\/pmza.sk\/wp-content\/uploads\/2023\/06\/Nocna_Strecno_K2-1086x1536.jpg 1086w, https:\/\/pmza.sk\/wp-content\/uploads\/2023\/06\/Nocna_Strecno_K2-1448x2048.jpg 1448w, https:\/\/pmza.sk\/wp-content\/uploads\/2023\/06\/Nocna_Strecno_K2-600x849.jpg 600w, https:\/\/pmza.sk\/wp-content\/uploads\/2023\/06\/Nocna_Strecno_K2-scaled.jpg 1810w\" sizes=\"(max-width: 255px) 100vw, 255px\" \/><\/div>\n<div><\/div>\n<div>Plag\u00e1t v plnej ve\u013ekosti <a href=\"https:\/\/pmza.sk\/wp-content\/uploads\/2023\/06\/Nocna_Strecno_K2.pdf\">TU<\/a><\/div>\n","protected":false},"excerpt":{"rendered":"<p>Pr\u00ed\u010fte si u\u017ei\u0165 stredovek\u00fa atmosf\u00e9ru po zotmen\u00ed! Hrad Stre\u010dno skr\u00fdva r\u00f4zne tajomn\u00e9 pr\u00edbehy. Jedn\u00fdm z\u00a0nich je ur\u010dite aj osud majite\u013eky Benigny Kini\u017ei, ktor\u00e1 \u00fadajne zniesla zo sveta svojich troch man\u017eelov. Desiv\u00e9 a\u00a0z\u00e1rove\u0148 humorn\u00e9 sc\u00e9nky z\u00a0jej \u017eivota pod n\u00e1zvom (Ne)zabudnut\u00e9 tajomstv\u00e1 priprav\u00ed na hrade divadelno-hrav\u00e9 zoskupenie RAZCA. \u201eBenigna bola vzdelan\u00e1, l\u00e1skav\u00e1 a\u00a0zbo\u017en\u00e1 \u017eena. Mala v\u0161ak smolu [&hellip;]<\/p>\n","protected":false},"author":2,"featured_media":57016,"comment_status":"open","ping_status":"open","sticky":false,"template":"","format":"standard","meta":{"site-sidebar-layout":"default","site-content-layout":"default","ast-site-content-layout":"","site-content-style":"default","site-sidebar-style":"default","ast-global-header-display":"","ast-banner-title-visibility":"","ast-main-header-display":"","ast-hfb-above-header-display":"","ast-hfb-below-header-display":"","ast-hfb-mobile-header-display":"","site-post-title":"","ast-breadcrumbs-content":"","ast-featured-img":"","footer-sml-layout":"","theme-transparent-header-meta":"default","adv-header-id-meta":"","stick-header-meta":"default","header-above-stick-meta":"","header-main-stick-meta":"","header-below-stick-meta":"","astra-migrate-meta-layouts":"default","ast-page-background-enabled":"default","ast-page-background-meta":{"desktop":{"background-color":"var(--ast-global-color-4)","background-image":"","background-repeat":"repeat","background-position":"center center","background-size":"auto","background-attachment":"scroll","background-type":"","background-media":"","overlay-type":"","overlay-color":"","overlay-opacity":"","overlay-gradient":""},"tablet":{"background-color":"","background-image":"","background-repeat":"repeat","background-position":"center center","background-size":"auto","background-attachment":"scroll","background-type":"","background-media":"","overlay-type":"","overlay-color":"","overlay-opacity":"","overlay-gradient":""},"mobile":{"background-color":"","background-image":"","background-repeat":"repeat","background-position":"center center","background-size":"auto","background-attachment":"scroll","background-type":"","background-media":"","overlay-type":"","overlay-color":"","overlay-opacity":"","overlay-gradient":""}},"ast-content-background-meta":{"desktop":{"background-color":"var(--ast-global-color-5)","background-image":"","background-repeat":"repeat","background-position":"center center","background-size":"auto","background-attachment":"scroll","background-type":"","background-media":"","overlay-type":"","overlay-color":"","overlay-opacity":"","overlay-gradient":""},"tablet":{"background-color":"var(--ast-global-color-5)","background-image":"","background-repeat":"repeat","background-position":"center center","background-size":"auto","background-attachment":"scroll","background-type":"","background-media":"","overlay-type":"","overlay-color":"","overlay-opacity":"","overlay-gradient":""},"mobile":{"background-color":"var(--ast-global-color-5)","background-image":"","background-repeat":"repeat","background-position":"center center","background-size":"auto","background-attachment":"scroll","background-type":"","background-media":"","overlay-type":"","overlay-color":"","overlay-opacity":"","overlay-gradient":""}},"footnotes":""},"categories":[71],"tags":[],"class_list":["post-57013","post","type-post","status-publish","format-standard","has-post-thumbnail","hentry","category-podujatia"],"yoast_head":"<!-- This site is optimized with the Yoast SEO plugin v27.4 - https:\/\/yoast.com\/product\/yoast-seo-wordpress\/ -->\n<title>No\u010dn\u00e1 prehliadka hradu Stre\u010dno - Pova\u017esk\u00e9 m\u00fazeum<\/title>\n<meta name=\"robots\" content=\"index, follow, max-snippet:-1, max-image-preview:large, max-video-preview:-1\" \/>\n<link rel=\"canonical\" href=\"https:\/\/pmza.sk\/?p=57013\" \/>\n<meta property=\"og:locale\" content=\"sk_SK\" \/>\n<meta property=\"og:type\" content=\"article\" \/>\n<meta property=\"og:title\" content=\"No\u010dn\u00e1 prehliadka hradu Stre\u010dno - Pova\u017esk\u00e9 m\u00fazeum\" \/>\n<meta property=\"og:description\" content=\"Pr\u00ed\u010fte si u\u017ei\u0165 stredovek\u00fa atmosf\u00e9ru po zotmen\u00ed! Hrad Stre\u010dno skr\u00fdva r\u00f4zne tajomn\u00e9 pr\u00edbehy. Jedn\u00fdm z\u00a0nich je ur\u010dite aj osud majite\u013eky Benigny Kini\u017ei, ktor\u00e1 \u00fadajne zniesla zo sveta svojich troch man\u017eelov. Desiv\u00e9 a\u00a0z\u00e1rove\u0148 humorn\u00e9 sc\u00e9nky z\u00a0jej \u017eivota pod n\u00e1zvom (Ne)zabudnut\u00e9 tajomstv\u00e1 priprav\u00ed na hrade divadelno-hrav\u00e9 zoskupenie RAZCA. \u201eBenigna bola vzdelan\u00e1, l\u00e1skav\u00e1 a\u00a0zbo\u017en\u00e1 \u017eena. Mala v\u0161ak smolu [&hellip;]\" \/>\n<meta property=\"og:url\" content=\"https:\/\/pmza.sk\/?p=57013\" \/>\n<meta property=\"og:site_name\" content=\"Pova\u017esk\u00e9 m\u00fazeum\" \/>\n<meta property=\"article:publisher\" content=\"https:\/\/www.facebook.com\/povazskemuzeum\" \/>\n<meta property=\"article:published_time\" content=\"2023-06-26T10:50:25+00:00\" \/>\n<meta property=\"article:modified_time\" content=\"2023-07-20T05:00:25+00:00\" \/>\n<meta property=\"og:image\" content=\"https:\/\/pmza.sk\/wp-content\/uploads\/2023\/06\/Nocna_Strecno_web-scaled.jpg\" \/>\n\t<meta property=\"og:image:width\" content=\"2560\" \/>\n\t<meta property=\"og:image:height\" content=\"2560\" \/>\n\t<meta property=\"og:image:type\" content=\"image\/jpeg\" \/>\n<meta name=\"author\" content=\"Pova\u017esk\u00e9 m\u00fazeum\" \/>\n<meta name=\"twitter:card\" content=\"summary_large_image\" \/>\n<meta name=\"twitter:label1\" content=\"Autor\" \/>\n\t<meta name=\"twitter:data1\" content=\"Pova\u017esk\u00e9 m\u00fazeum\" \/>\n\t<meta name=\"twitter:label2\" content=\"Predpokladan\u00fd \u010das \u010d\u00edtania\" \/>\n\t<meta name=\"twitter:data2\" content=\"1 min\u00fata\" \/>\n<script type=\"application\/ld+json\" class=\"yoast-schema-graph\">{\"@context\":\"https:\\\/\\\/schema.org\",\"@graph\":[{\"@type\":\"Article\",\"@id\":\"https:\\\/\\\/pmza.sk\\\/?p=57013#article\",\"isPartOf\":{\"@id\":\"https:\\\/\\\/pmza.sk\\\/?p=57013\"},\"author\":{\"name\":\"Pova\u017esk\u00e9 m\u00fazeum\",\"@id\":\"https:\\\/\\\/pmza.sk\\\/#\\\/schema\\\/person\\\/595e6a2ce731ea94dcd5d7f50a41ae33\"},\"headline\":\"No\u010dn\u00e1 prehliadka hradu Stre\u010dno\",\"datePublished\":\"2023-06-26T10:50:25+00:00\",\"dateModified\":\"2023-07-20T05:00:25+00:00\",\"mainEntityOfPage\":{\"@id\":\"https:\\\/\\\/pmza.sk\\\/?p=57013\"},\"wordCount\":274,\"commentCount\":0,\"publisher\":{\"@id\":\"https:\\\/\\\/pmza.sk\\\/#organization\"},\"image\":{\"@id\":\"https:\\\/\\\/pmza.sk\\\/?p=57013#primaryimage\"},\"thumbnailUrl\":\"https:\\\/\\\/pmza.sk\\\/wp-content\\\/uploads\\\/2023\\\/06\\\/Nocna_Strecno_web-scaled.jpg\",\"articleSection\":[\"Podujatia\"],\"inLanguage\":\"sk-SK\"},{\"@type\":\"WebPage\",\"@id\":\"https:\\\/\\\/pmza.sk\\\/?p=57013\",\"url\":\"https:\\\/\\\/pmza.sk\\\/?p=57013\",\"name\":\"No\u010dn\u00e1 prehliadka hradu Stre\u010dno - Pova\u017esk\u00e9 m\u00fazeum\",\"isPartOf\":{\"@id\":\"https:\\\/\\\/pmza.sk\\\/#website\"},\"primaryImageOfPage\":{\"@id\":\"https:\\\/\\\/pmza.sk\\\/?p=57013#primaryimage\"},\"image\":{\"@id\":\"https:\\\/\\\/pmza.sk\\\/?p=57013#primaryimage\"},\"thumbnailUrl\":\"https:\\\/\\\/pmza.sk\\\/wp-content\\\/uploads\\\/2023\\\/06\\\/Nocna_Strecno_web-scaled.jpg\",\"datePublished\":\"2023-06-26T10:50:25+00:00\",\"dateModified\":\"2023-07-20T05:00:25+00:00\",\"breadcrumb\":{\"@id\":\"https:\\\/\\\/pmza.sk\\\/?p=57013#breadcrumb\"},\"inLanguage\":\"sk-SK\",\"potentialAction\":[{\"@type\":\"ReadAction\",\"target\":[\"https:\\\/\\\/pmza.sk\\\/?p=57013\"]}]},{\"@type\":\"ImageObject\",\"inLanguage\":\"sk-SK\",\"@id\":\"https:\\\/\\\/pmza.sk\\\/?p=57013#primaryimage\",\"url\":\"https:\\\/\\\/pmza.sk\\\/wp-content\\\/uploads\\\/2023\\\/06\\\/Nocna_Strecno_web-scaled.jpg\",\"contentUrl\":\"https:\\\/\\\/pmza.sk\\\/wp-content\\\/uploads\\\/2023\\\/06\\\/Nocna_Strecno_web-scaled.jpg\",\"width\":2560,\"height\":2560},{\"@type\":\"BreadcrumbList\",\"@id\":\"https:\\\/\\\/pmza.sk\\\/?p=57013#breadcrumb\",\"itemListElement\":[{\"@type\":\"ListItem\",\"position\":1,\"name\":\"Domovsk\u00e1 str\u00e1nka\",\"item\":\"https:\\\/\\\/pmza.sk\\\/\"},{\"@type\":\"ListItem\",\"position\":2,\"name\":\"No\u010dn\u00e1 prehliadka hradu Stre\u010dno\"}]},{\"@type\":\"WebSite\",\"@id\":\"https:\\\/\\\/pmza.sk\\\/#website\",\"url\":\"https:\\\/\\\/pmza.sk\\\/\",\"name\":\"Pova\u017esk\u00e9 m\u00fazeum\",\"description\":\"Pova\u017esk\u00e9 m\u00fazeum v \u017diline je region\u00e1lne m\u00fazeum so s\u00eddlom v Budat\u00edne. Jeho expoz\u00edcie s\u00fa zameran\u00e9 na dejiny slovensk\u00e9ho umenia, kult\u00fary a dopravy.\",\"publisher\":{\"@id\":\"https:\\\/\\\/pmza.sk\\\/#organization\"},\"potentialAction\":[{\"@type\":\"SearchAction\",\"target\":{\"@type\":\"EntryPoint\",\"urlTemplate\":\"https:\\\/\\\/pmza.sk\\\/?s={search_term_string}\"},\"query-input\":{\"@type\":\"PropertyValueSpecification\",\"valueRequired\":true,\"valueName\":\"search_term_string\"}}],\"inLanguage\":\"sk-SK\"},{\"@type\":\"Organization\",\"@id\":\"https:\\\/\\\/pmza.sk\\\/#organization\",\"name\":\"Pova\u017esk\u00e9 m\u00fazeum\",\"url\":\"https:\\\/\\\/pmza.sk\\\/\",\"logo\":{\"@type\":\"ImageObject\",\"inLanguage\":\"sk-SK\",\"@id\":\"https:\\\/\\\/pmza.sk\\\/#\\\/schema\\\/logo\\\/image\\\/\",\"url\":\"https:\\\/\\\/pmza.sk\\\/wp-content\\\/uploads\\\/2022\\\/01\\\/logo_PM_horizontal.jpg\",\"contentUrl\":\"https:\\\/\\\/pmza.sk\\\/wp-content\\\/uploads\\\/2022\\\/01\\\/logo_PM_horizontal.jpg\",\"width\":231,\"height\":142,\"caption\":\"Pova\u017esk\u00e9 m\u00fazeum\"},\"image\":{\"@id\":\"https:\\\/\\\/pmza.sk\\\/#\\\/schema\\\/logo\\\/image\\\/\"},\"sameAs\":[\"https:\\\/\\\/www.facebook.com\\\/povazskemuzeum\",\"https:\\\/\\\/www.instagram.com\\\/povazskemuzeum\\\/\"]},{\"@type\":\"Person\",\"@id\":\"https:\\\/\\\/pmza.sk\\\/#\\\/schema\\\/person\\\/595e6a2ce731ea94dcd5d7f50a41ae33\",\"name\":\"Pova\u017esk\u00e9 m\u00fazeum\",\"image\":{\"@type\":\"ImageObject\",\"inLanguage\":\"sk-SK\",\"@id\":\"https:\\\/\\\/secure.gravatar.com\\\/avatar\\\/2bb7f1561282132fb5826dfeccc66c7996d11ee392ac6aaf7ced8a1c2027fbb2?s=96&d=mm&r=g\",\"url\":\"https:\\\/\\\/secure.gravatar.com\\\/avatar\\\/2bb7f1561282132fb5826dfeccc66c7996d11ee392ac6aaf7ced8a1c2027fbb2?s=96&d=mm&r=g\",\"contentUrl\":\"https:\\\/\\\/secure.gravatar.com\\\/avatar\\\/2bb7f1561282132fb5826dfeccc66c7996d11ee392ac6aaf7ced8a1c2027fbb2?s=96&d=mm&r=g\",\"caption\":\"Pova\u017esk\u00e9 m\u00fazeum\"}}]}<\/script>\n<!-- \/ Yoast SEO plugin. -->","yoast_head_json":{"title":"No\u010dn\u00e1 prehliadka hradu Stre\u010dno - Pova\u017esk\u00e9 m\u00fazeum","robots":{"index":"index","follow":"follow","max-snippet":"max-snippet:-1","max-image-preview":"max-image-preview:large","max-video-preview":"max-video-preview:-1"},"canonical":"https:\/\/pmza.sk\/?p=57013","og_locale":"sk_SK","og_type":"article","og_title":"No\u010dn\u00e1 prehliadka hradu Stre\u010dno - Pova\u017esk\u00e9 m\u00fazeum","og_description":"Pr\u00ed\u010fte si u\u017ei\u0165 stredovek\u00fa atmosf\u00e9ru po zotmen\u00ed! Hrad Stre\u010dno skr\u00fdva r\u00f4zne tajomn\u00e9 pr\u00edbehy. Jedn\u00fdm z\u00a0nich je ur\u010dite aj osud majite\u013eky Benigny Kini\u017ei, ktor\u00e1 \u00fadajne zniesla zo sveta svojich troch man\u017eelov. Desiv\u00e9 a\u00a0z\u00e1rove\u0148 humorn\u00e9 sc\u00e9nky z\u00a0jej \u017eivota pod n\u00e1zvom (Ne)zabudnut\u00e9 tajomstv\u00e1 priprav\u00ed na hrade divadelno-hrav\u00e9 zoskupenie RAZCA. \u201eBenigna bola vzdelan\u00e1, l\u00e1skav\u00e1 a\u00a0zbo\u017en\u00e1 \u017eena. Mala v\u0161ak smolu [&hellip;]","og_url":"https:\/\/pmza.sk\/?p=57013","og_site_name":"Pova\u017esk\u00e9 m\u00fazeum","article_publisher":"https:\/\/www.facebook.com\/povazskemuzeum","article_published_time":"2023-06-26T10:50:25+00:00","article_modified_time":"2023-07-20T05:00:25+00:00","og_image":[{"width":2560,"height":2560,"url":"https:\/\/pmza.sk\/wp-content\/uploads\/2023\/06\/Nocna_Strecno_web-scaled.jpg","type":"image\/jpeg"}],"author":"Pova\u017esk\u00e9 m\u00fazeum","twitter_card":"summary_large_image","twitter_misc":{"Autor":"Pova\u017esk\u00e9 m\u00fazeum","Predpokladan\u00fd \u010das \u010d\u00edtania":"1 min\u00fata"},"schema":{"@context":"https:\/\/schema.org","@graph":[{"@type":"Article","@id":"https:\/\/pmza.sk\/?p=57013#article","isPartOf":{"@id":"https:\/\/pmza.sk\/?p=57013"},"author":{"name":"Pova\u017esk\u00e9 m\u00fazeum","@id":"https:\/\/pmza.sk\/#\/schema\/person\/595e6a2ce731ea94dcd5d7f50a41ae33"},"headline":"No\u010dn\u00e1 prehliadka hradu Stre\u010dno","datePublished":"2023-06-26T10:50:25+00:00","dateModified":"2023-07-20T05:00:25+00:00","mainEntityOfPage":{"@id":"https:\/\/pmza.sk\/?p=57013"},"wordCount":274,"commentCount":0,"publisher":{"@id":"https:\/\/pmza.sk\/#organization"},"image":{"@id":"https:\/\/pmza.sk\/?p=57013#primaryimage"},"thumbnailUrl":"https:\/\/pmza.sk\/wp-content\/uploads\/2023\/06\/Nocna_Strecno_web-scaled.jpg","articleSection":["Podujatia"],"inLanguage":"sk-SK"},{"@type":"WebPage","@id":"https:\/\/pmza.sk\/?p=57013","url":"https:\/\/pmza.sk\/?p=57013","name":"No\u010dn\u00e1 prehliadka hradu Stre\u010dno - Pova\u017esk\u00e9 m\u00fazeum","isPartOf":{"@id":"https:\/\/pmza.sk\/#website"},"primaryImageOfPage":{"@id":"https:\/\/pmza.sk\/?p=57013#primaryimage"},"image":{"@id":"https:\/\/pmza.sk\/?p=57013#primaryimage"},"thumbnailUrl":"https:\/\/pmza.sk\/wp-content\/uploads\/2023\/06\/Nocna_Strecno_web-scaled.jpg","datePublished":"2023-06-26T10:50:25+00:00","dateModified":"2023-07-20T05:00:25+00:00","breadcrumb":{"@id":"https:\/\/pmza.sk\/?p=57013#breadcrumb"},"inLanguage":"sk-SK","potentialAction":[{"@type":"ReadAction","target":["https:\/\/pmza.sk\/?p=57013"]}]},{"@type":"ImageObject","inLanguage":"sk-SK","@id":"https:\/\/pmza.sk\/?p=57013#primaryimage","url":"https:\/\/pmza.sk\/wp-content\/uploads\/2023\/06\/Nocna_Strecno_web-scaled.jpg","contentUrl":"https:\/\/pmza.sk\/wp-content\/uploads\/2023\/06\/Nocna_Strecno_web-scaled.jpg","width":2560,"height":2560},{"@type":"BreadcrumbList","@id":"https:\/\/pmza.sk\/?p=57013#breadcrumb","itemListElement":[{"@type":"ListItem","position":1,"name":"Domovsk\u00e1 str\u00e1nka","item":"https:\/\/pmza.sk\/"},{"@type":"ListItem","position":2,"name":"No\u010dn\u00e1 prehliadka hradu Stre\u010dno"}]},{"@type":"WebSite","@id":"https:\/\/pmza.sk\/#website","url":"https:\/\/pmza.sk\/","name":"Pova\u017esk\u00e9 m\u00fazeum","description":"Pova\u017esk\u00e9 m\u00fazeum v \u017diline je region\u00e1lne m\u00fazeum so s\u00eddlom v Budat\u00edne. Jeho expoz\u00edcie s\u00fa zameran\u00e9 na dejiny slovensk\u00e9ho umenia, kult\u00fary a dopravy.","publisher":{"@id":"https:\/\/pmza.sk\/#organization"},"potentialAction":[{"@type":"SearchAction","target":{"@type":"EntryPoint","urlTemplate":"https:\/\/pmza.sk\/?s={search_term_string}"},"query-input":{"@type":"PropertyValueSpecification","valueRequired":true,"valueName":"search_term_string"}}],"inLanguage":"sk-SK"},{"@type":"Organization","@id":"https:\/\/pmza.sk\/#organization","name":"Pova\u017esk\u00e9 m\u00fazeum","url":"https:\/\/pmza.sk\/","logo":{"@type":"ImageObject","inLanguage":"sk-SK","@id":"https:\/\/pmza.sk\/#\/schema\/logo\/image\/","url":"https:\/\/pmza.sk\/wp-content\/uploads\/2022\/01\/logo_PM_horizontal.jpg","contentUrl":"https:\/\/pmza.sk\/wp-content\/uploads\/2022\/01\/logo_PM_horizontal.jpg","width":231,"height":142,"caption":"Pova\u017esk\u00e9 m\u00fazeum"},"image":{"@id":"https:\/\/pmza.sk\/#\/schema\/logo\/image\/"},"sameAs":["https:\/\/www.facebook.com\/povazskemuzeum","https:\/\/www.instagram.com\/povazskemuzeum\/"]},{"@type":"Person","@id":"https:\/\/pmza.sk\/#\/schema\/person\/595e6a2ce731ea94dcd5d7f50a41ae33","name":"Pova\u017esk\u00e9 m\u00fazeum","image":{"@type":"ImageObject","inLanguage":"sk-SK","@id":"https:\/\/secure.gravatar.com\/avatar\/2bb7f1561282132fb5826dfeccc66c7996d11ee392ac6aaf7ced8a1c2027fbb2?s=96&d=mm&r=g","url":"https:\/\/secure.gravatar.com\/avatar\/2bb7f1561282132fb5826dfeccc66c7996d11ee392ac6aaf7ced8a1c2027fbb2?s=96&d=mm&r=g","contentUrl":"https:\/\/secure.gravatar.com\/avatar\/2bb7f1561282132fb5826dfeccc66c7996d11ee392ac6aaf7ced8a1c2027fbb2?s=96&d=mm&r=g","caption":"Pova\u017esk\u00e9 m\u00fazeum"}}]}},"_links":{"self":[{"href":"https:\/\/pmza.sk\/index.php?rest_route=\/wp\/v2\/posts\/57013","targetHints":{"allow":["GET"]}}],"collection":[{"href":"https:\/\/pmza.sk\/index.php?rest_route=\/wp\/v2\/posts"}],"about":[{"href":"https:\/\/pmza.sk\/index.php?rest_route=\/wp\/v2\/types\/post"}],"author":[{"embeddable":true,"href":"https:\/\/pmza.sk\/index.php?rest_route=\/wp\/v2\/users\/2"}],"replies":[{"embeddable":true,"href":"https:\/\/pmza.sk\/index.php?rest_route=%2Fwp%2Fv2%2Fcomments&post=57013"}],"version-history":[{"count":0,"href":"https:\/\/pmza.sk\/index.php?rest_route=\/wp\/v2\/posts\/57013\/revisions"}],"wp:featuredmedia":[{"embeddable":true,"href":"https:\/\/pmza.sk\/index.php?rest_route=\/wp\/v2\/media\/57016"}],"wp:attachment":[{"href":"https:\/\/pmza.sk\/index.php?rest_route=%2Fwp%2Fv2%2Fmedia&parent=57013"}],"wp:term":[{"taxonomy":"category","embeddable":true,"href":"https:\/\/pmza.sk\/index.php?rest_route=%2Fwp%2Fv2%2Fcategories&post=57013"},{"taxonomy":"post_tag","embeddable":true,"href":"https:\/\/pmza.sk\/index.php?rest_route=%2Fwp%2Fv2%2Ftags&post=57013"}],"curies":[{"name":"wp","href":"https:\/\/api.w.org\/{rel}","templated":true}]}}