{"id":5704,"date":"2012-06-06T14:07:14","date_gmt":"2012-06-06T12:07:14","guid":{"rendered":"https:\/\/pmza.sk.sk\/?p=5704"},"modified":"2012-06-06T14:07:14","modified_gmt":"2012-06-06T12:07:14","slug":"vystava-o-raritnej-faune-severozapadneho-slovenska","status":"publish","type":"post","link":"https:\/\/pmza.sk\/?p=5704","title":{"rendered":"V\u00fdstava o raritnej faune severoz\u00e1padn\u00e9ho Slovenska"},"content":{"rendered":"<p><strong> <\/strong><\/p>\n<p><strong> <\/strong><a href=\"https:\/\/pmza.sk\/wp-content\/uploads\/2012\/06\/Uzovka-stromova_foto-L-Hloska.jpg\"><img fetchpriority=\"high\" decoding=\"async\" class=\"alignleft size-full wp-image-5705\" style=\"margin: 4px; border: 2px solid black;\" title=\"U\u017eovka stromov\u00e1\" src=\"https:\/\/pmza.sk\/wp-content\/uploads\/2012\/06\/Uzovka-stromova_foto-L-Hloska.jpg\" alt=\"\" width=\"319\" height=\"184\" \/><\/a><span style=\"color: #ff0000;\"><\/span><\/p>\n<p>Pr\u00edrodovedn\u00e9 v\u00fdstavy, ktor\u00e9 sa realizovali po minul\u00e9 dva roky v\u00a0Sob\u00e1\u0161nom pal\u00e1ci v\u00a0Byt\u010di, patrili medzi div\u00e1cky najob\u013e\u00fabenej\u0161ie in\u0161tal\u00e1cie. Pal\u00e1c po\u010das j\u00fana a\u00a0j\u00fala 2012 pon\u00fakne \u010fal\u0161iu v\u00fdstavu s\u00a0tematikou stavovcov z\u00a0n\u00e1\u0161ho regi\u00f3nu. \u201e<em>Severoz\u00e1padn\u00e9 Slovensko sa vyzna\u010duje vysok\u00fdm podielom zachoval\u00fdch a\u00a0pr\u00edrode bl\u00edzkych ekosyst\u00e9mov v\u00a0pomere k\u00a0\u010dlovekom po st\u00e1ro\u010dia formovanej kult\u00farnej krajine. Okrem in\u00e9ho je to podmienen\u00e9 pestrou geologickou stavbou, podneb\u00edm a\u00a0zna\u010dnou \u010dlenitos\u0165ou reli\u00e9fu. Popri obrovskej rozmanitosti r\u00f4znych druhov bezstavovcov sa tu vyskytuje i\u00a0pestr\u00e1 \u0161k\u00e1la stavovcov. A\u00a0pr\u00e1ve druhov\u00fa bohatos\u0165 tejto systematickej skupiny sa pok\u00fa\u0161a n\u00e1v\u0161tevn\u00edkom pribl\u00ed\u017ei\u0165 v\u00fdstava v Sob\u00e1\u0161nom pal\u00e1ci v\u00a0Byt\u010di prostredn\u00edctvom trojrozmern\u00fdch dermoplastick\u00fdch prepar\u00e1tov druhov z\u00a0triedy stavovce<\/em>,\u201c uviedol Ladislav Hl\u00f4\u0161ka, zool\u00f3g Pova\u017esk\u00e9ho m\u00fazea v\u00a0\u017diline a\u00a0autor v\u00fdstavy.<!--more--><\/p>\n<p>V\u00fdstava predstav\u00ed vz\u00e1cne druhy z vt\u00e1\u010d\u00edch spolo\u010denstiev, pr\u00edzna\u010dn\u00fdch pre spom\u00ednan\u00fa lokalitu, ako napr\u00edklad v\u010del\u00e1ra lesn\u00e9ho, exoticky sfarben\u00fa vlhu h\u00e1jov\u00fa, p\u00f4tika kapcav\u00e9ho, kuvi\u010dka vrab\u010dieho alebo \u010fatle. \u201e<em>Vystaven\u00fd bude aj mur\u00e1rik \u010dervenokr\u00eddly, ktor\u00fd \u017eije vo v\u00e1pencov\u00fdch pohoriach, v\u00a0oblasti Kriv\u00e1nskej Fatry. Aj napriek faktu, \u017ee glob\u00e1lne v\u00a0posledn\u00fdch rokoch jeho po\u010detnos\u0165 kles\u00e1, biotopy severoz\u00e1padn\u00e9ho Slovenska e\u0161te v\u017edy poskytuj\u00fa tomuto druhu vhodn\u00e9 podmienky na existenciu. \u010eal\u0161\u00edm zauj\u00edmav\u00fdm prepar\u00e1tom bude sokol s\u0165ahovav\u00fd, ktor\u00fd pred p\u00e1r desa\u0165ro\u010diami na Slovensku \u00fadajne vyhynul, ale\u00a0ktor\u00fd sa asi pre p\u00e4tn\u00e1stimi rokmi op\u00e4tovne vr\u00e1til na svoje p\u00f4vodn\u00e9 hniezdisk\u00e1,\u201c <\/em>dodal Ladislav Hl\u00f4\u0161ka.<\/p>\n<p>Pr\u00edrodn\u00e9 a\u00a0pr\u00edrode bl\u00edzke ekosyst\u00e9my Malej Fatry, Str\u00e1\u017eovsk\u00fdch vrchov, Javorn\u00edkov a\u00a0pri\u013eahl\u00fdch kotl\u00edn poskytuj\u00fa vhodn\u00e9 ekologick\u00e9 podmienky na reprodukciu a\u00a0pre\u017e\u00edvanie viacer\u00fdch oboj\u017eiveln\u00edkov, plazov, vt\u00e1kov a\u00a0cicavcov, ktor\u00e9 s\u00fa taktie\u017e s\u00fa\u010das\u0165ou v\u00fdstavy. Samozrejme, \u017ee nebud\u00fa ch\u00fdba\u0165 ani na\u0161e najv\u00e4\u010d\u0161ie m\u00e4so\u017erav\u00e9 cicavce ako vlk drav\u00fd, rys ostrovid a\u00a0medve\u010f hned\u00fd, ktor\u00fdch \u017eivotaschopn\u00e9 popul\u00e1cie sa na \u00fazem\u00ed severoz\u00e1padn\u00e9ho Slovenska pravidelne vyskytuj\u00fa.<\/p>\n<p>V\u00fdstava <strong>Stavovce severoz\u00e1padn\u00e9ho Slovenska<\/strong>, pr\u00edstupn\u00e1 verejnosti v\u00a0Sob\u00e1\u0161nom pal\u00e1ci od 7. j\u00fana\u00a0 do 27. j\u00fala 2012, je nielen o\u00a0prezent\u00e1cii jedine\u010dnej fauny n\u00e1\u0161ho regi\u00f3nu, ale najm\u00e4 o\u00a0apelovan\u00ed na jej ochranu a\u00a0zachovanie jej prirodzen\u00e9ho prostredia. Organiz\u00e1torom v\u00fdstavy je \u017dilinsk\u00fd samospr\u00e1vny kraj a\u00a0Pova\u017esk\u00e9 m\u00fazeum v\u00a0\u017diline.<\/p>\n","protected":false},"excerpt":{"rendered":"<p>Pr\u00edrodovedn\u00e9 v\u00fdstavy, ktor\u00e9 sa realizovali po minul\u00e9 dva roky v\u00a0Sob\u00e1\u0161nom pal\u00e1ci v\u00a0Byt\u010di, patrili medzi div\u00e1cky najob\u013e\u00fabenej\u0161ie in\u0161tal\u00e1cie. Pal\u00e1c po\u010das j\u00fana a\u00a0j\u00fala 2012 pon\u00fakne \u010fal\u0161iu v\u00fdstavu s\u00a0tematikou stavovcov z\u00a0n\u00e1\u0161ho regi\u00f3nu. \u201eSeveroz\u00e1padn\u00e9 Slovensko sa vyzna\u010duje vysok\u00fdm podielom zachoval\u00fdch a\u00a0pr\u00edrode bl\u00edzkych ekosyst\u00e9mov v\u00a0pomere k\u00a0\u010dlovekom po st\u00e1ro\u010dia formovanej kult\u00farnej krajine. Okrem in\u00e9ho je to podmienen\u00e9 pestrou geologickou stavbou, podneb\u00edm [&hellip;]<\/p>\n","protected":false},"author":2,"featured_media":0,"comment_status":"closed","ping_status":"closed","sticky":false,"template":"","format":"standard","meta":{"site-sidebar-layout":"default","site-content-layout":"","ast-site-content-layout":"","site-content-style":"default","site-sidebar-style":"default","ast-global-header-display":"","ast-banner-title-visibility":"","ast-main-header-display":"","ast-hfb-above-header-display":"","ast-hfb-below-header-display":"","ast-hfb-mobile-header-display":"","site-post-title":"","ast-breadcrumbs-content":"","ast-featured-img":"","footer-sml-layout":"","theme-transparent-header-meta":"","adv-header-id-meta":"","stick-header-meta":"","header-above-stick-meta":"","header-main-stick-meta":"","header-below-stick-meta":"","astra-migrate-meta-layouts":"default","ast-page-background-enabled":"default","ast-page-background-meta":{"desktop":{"background-color":"var(--ast-global-color-4)","background-image":"","background-repeat":"repeat","background-position":"center center","background-size":"auto","background-attachment":"scroll","background-type":"","background-media":"","overlay-type":"","overlay-color":"","overlay-opacity":"","overlay-gradient":""},"tablet":{"background-color":"","background-image":"","background-repeat":"repeat","background-position":"center center","background-size":"auto","background-attachment":"scroll","background-type":"","background-media":"","overlay-type":"","overlay-color":"","overlay-opacity":"","overlay-gradient":""},"mobile":{"background-color":"","background-image":"","background-repeat":"repeat","background-position":"center center","background-size":"auto","background-attachment":"scroll","background-type":"","background-media":"","overlay-type":"","overlay-color":"","overlay-opacity":"","overlay-gradient":""}},"ast-content-background-meta":{"desktop":{"background-color":"var(--ast-global-color-5)","background-image":"","background-repeat":"repeat","background-position":"center center","background-size":"auto","background-attachment":"scroll","background-type":"","background-media":"","overlay-type":"","overlay-color":"","overlay-opacity":"","overlay-gradient":""},"tablet":{"background-color":"var(--ast-global-color-5)","background-image":"","background-repeat":"repeat","background-position":"center center","background-size":"auto","background-attachment":"scroll","background-type":"","background-media":"","overlay-type":"","overlay-color":"","overlay-opacity":"","overlay-gradient":""},"mobile":{"background-color":"var(--ast-global-color-5)","background-image":"","background-repeat":"repeat","background-position":"center center","background-size":"auto","background-attachment":"scroll","background-type":"","background-media":"","overlay-type":"","overlay-color":"","overlay-opacity":"","overlay-gradient":""}},"footnotes":""},"categories":[32],"tags":[],"class_list":["post-5704","post","type-post","status-publish","format-standard","hentry","category-archiv-2012"],"yoast_head":"<!-- This site is optimized with the Yoast SEO plugin v27.4 - https:\/\/yoast.com\/product\/yoast-seo-wordpress\/ -->\n<title>V\u00fdstava o raritnej faune severoz\u00e1padn\u00e9ho Slovenska - Pova\u017esk\u00e9 m\u00fazeum<\/title>\n<meta name=\"robots\" content=\"index, follow, max-snippet:-1, max-image-preview:large, max-video-preview:-1\" \/>\n<link rel=\"canonical\" href=\"https:\/\/pmza.sk\/?p=5704\" \/>\n<meta property=\"og:locale\" content=\"sk_SK\" \/>\n<meta property=\"og:type\" content=\"article\" \/>\n<meta property=\"og:title\" content=\"V\u00fdstava o raritnej faune severoz\u00e1padn\u00e9ho Slovenska - Pova\u017esk\u00e9 m\u00fazeum\" \/>\n<meta property=\"og:description\" content=\"Pr\u00edrodovedn\u00e9 v\u00fdstavy, ktor\u00e9 sa realizovali po minul\u00e9 dva roky v\u00a0Sob\u00e1\u0161nom pal\u00e1ci v\u00a0Byt\u010di, patrili medzi div\u00e1cky najob\u013e\u00fabenej\u0161ie in\u0161tal\u00e1cie. Pal\u00e1c po\u010das j\u00fana a\u00a0j\u00fala 2012 pon\u00fakne \u010fal\u0161iu v\u00fdstavu s\u00a0tematikou stavovcov z\u00a0n\u00e1\u0161ho regi\u00f3nu. \u201eSeveroz\u00e1padn\u00e9 Slovensko sa vyzna\u010duje vysok\u00fdm podielom zachoval\u00fdch a\u00a0pr\u00edrode bl\u00edzkych ekosyst\u00e9mov v\u00a0pomere k\u00a0\u010dlovekom po st\u00e1ro\u010dia formovanej kult\u00farnej krajine. Okrem in\u00e9ho je to podmienen\u00e9 pestrou geologickou stavbou, podneb\u00edm [&hellip;]\" \/>\n<meta property=\"og:url\" content=\"https:\/\/pmza.sk\/?p=5704\" \/>\n<meta property=\"og:site_name\" content=\"Pova\u017esk\u00e9 m\u00fazeum\" \/>\n<meta property=\"article:publisher\" content=\"https:\/\/www.facebook.com\/povazskemuzeum\" \/>\n<meta property=\"article:published_time\" content=\"2012-06-06T12:07:14+00:00\" \/>\n<meta property=\"og:image\" content=\"https:\/\/pmza.sk\/wp-content\/uploads\/2012\/06\/Uzovka-stromova_foto-L-Hloska.jpg\" \/>\n<meta name=\"author\" content=\"Pova\u017esk\u00e9 m\u00fazeum\" \/>\n<meta name=\"twitter:card\" content=\"summary_large_image\" \/>\n<meta name=\"twitter:label1\" content=\"Autor\" \/>\n\t<meta name=\"twitter:data1\" content=\"Pova\u017esk\u00e9 m\u00fazeum\" \/>\n\t<meta name=\"twitter:label2\" content=\"Predpokladan\u00fd \u010das \u010d\u00edtania\" \/>\n\t<meta name=\"twitter:data2\" content=\"2 min\u00faty\" \/>\n<script type=\"application\/ld+json\" class=\"yoast-schema-graph\">{\"@context\":\"https:\\\/\\\/schema.org\",\"@graph\":[{\"@type\":\"Article\",\"@id\":\"https:\\\/\\\/pmza.sk\\\/?p=5704#article\",\"isPartOf\":{\"@id\":\"https:\\\/\\\/pmza.sk\\\/?p=5704\"},\"author\":{\"name\":\"Pova\u017esk\u00e9 m\u00fazeum\",\"@id\":\"https:\\\/\\\/pmza.sk\\\/#\\\/schema\\\/person\\\/595e6a2ce731ea94dcd5d7f50a41ae33\"},\"headline\":\"V\u00fdstava o raritnej faune severoz\u00e1padn\u00e9ho Slovenska\",\"datePublished\":\"2012-06-06T12:07:14+00:00\",\"mainEntityOfPage\":{\"@id\":\"https:\\\/\\\/pmza.sk\\\/?p=5704\"},\"wordCount\":463,\"publisher\":{\"@id\":\"https:\\\/\\\/pmza.sk\\\/#organization\"},\"image\":{\"@id\":\"https:\\\/\\\/pmza.sk\\\/?p=5704#primaryimage\"},\"thumbnailUrl\":\"http:\\\/\\\/pmza.sk\\\/wp-content\\\/uploads\\\/2012\\\/06\\\/Uzovka-stromova_foto-L-Hloska.jpg\",\"articleSection\":[\"Arch\u00edv 2012\"],\"inLanguage\":\"sk-SK\"},{\"@type\":\"WebPage\",\"@id\":\"https:\\\/\\\/pmza.sk\\\/?p=5704\",\"url\":\"https:\\\/\\\/pmza.sk\\\/?p=5704\",\"name\":\"V\u00fdstava o raritnej faune severoz\u00e1padn\u00e9ho Slovenska - Pova\u017esk\u00e9 m\u00fazeum\",\"isPartOf\":{\"@id\":\"https:\\\/\\\/pmza.sk\\\/#website\"},\"primaryImageOfPage\":{\"@id\":\"https:\\\/\\\/pmza.sk\\\/?p=5704#primaryimage\"},\"image\":{\"@id\":\"https:\\\/\\\/pmza.sk\\\/?p=5704#primaryimage\"},\"thumbnailUrl\":\"http:\\\/\\\/pmza.sk\\\/wp-content\\\/uploads\\\/2012\\\/06\\\/Uzovka-stromova_foto-L-Hloska.jpg\",\"datePublished\":\"2012-06-06T12:07:14+00:00\",\"breadcrumb\":{\"@id\":\"https:\\\/\\\/pmza.sk\\\/?p=5704#breadcrumb\"},\"inLanguage\":\"sk-SK\",\"potentialAction\":[{\"@type\":\"ReadAction\",\"target\":[\"https:\\\/\\\/pmza.sk\\\/?p=5704\"]}]},{\"@type\":\"ImageObject\",\"inLanguage\":\"sk-SK\",\"@id\":\"https:\\\/\\\/pmza.sk\\\/?p=5704#primaryimage\",\"url\":\"https:\\\/\\\/pmza.sk\\\/wp-content\\\/uploads\\\/2012\\\/06\\\/Uzovka-stromova_foto-L-Hloska.jpg\",\"contentUrl\":\"https:\\\/\\\/pmza.sk\\\/wp-content\\\/uploads\\\/2012\\\/06\\\/Uzovka-stromova_foto-L-Hloska.jpg\",\"width\":640,\"height\":364},{\"@type\":\"BreadcrumbList\",\"@id\":\"https:\\\/\\\/pmza.sk\\\/?p=5704#breadcrumb\",\"itemListElement\":[{\"@type\":\"ListItem\",\"position\":1,\"name\":\"Domovsk\u00e1 str\u00e1nka\",\"item\":\"https:\\\/\\\/pmza.sk\\\/\"},{\"@type\":\"ListItem\",\"position\":2,\"name\":\"V\u00fdstava o raritnej faune severoz\u00e1padn\u00e9ho Slovenska\"}]},{\"@type\":\"WebSite\",\"@id\":\"https:\\\/\\\/pmza.sk\\\/#website\",\"url\":\"https:\\\/\\\/pmza.sk\\\/\",\"name\":\"Pova\u017esk\u00e9 m\u00fazeum\",\"description\":\"Pova\u017esk\u00e9 m\u00fazeum v \u017diline je region\u00e1lne m\u00fazeum so s\u00eddlom v Budat\u00edne. Jeho expoz\u00edcie s\u00fa zameran\u00e9 na dejiny slovensk\u00e9ho umenia, kult\u00fary a dopravy.\",\"publisher\":{\"@id\":\"https:\\\/\\\/pmza.sk\\\/#organization\"},\"potentialAction\":[{\"@type\":\"SearchAction\",\"target\":{\"@type\":\"EntryPoint\",\"urlTemplate\":\"https:\\\/\\\/pmza.sk\\\/?s={search_term_string}\"},\"query-input\":{\"@type\":\"PropertyValueSpecification\",\"valueRequired\":true,\"valueName\":\"search_term_string\"}}],\"inLanguage\":\"sk-SK\"},{\"@type\":\"Organization\",\"@id\":\"https:\\\/\\\/pmza.sk\\\/#organization\",\"name\":\"Pova\u017esk\u00e9 m\u00fazeum\",\"url\":\"https:\\\/\\\/pmza.sk\\\/\",\"logo\":{\"@type\":\"ImageObject\",\"inLanguage\":\"sk-SK\",\"@id\":\"https:\\\/\\\/pmza.sk\\\/#\\\/schema\\\/logo\\\/image\\\/\",\"url\":\"https:\\\/\\\/pmza.sk\\\/wp-content\\\/uploads\\\/2022\\\/01\\\/logo_PM_horizontal.jpg\",\"contentUrl\":\"https:\\\/\\\/pmza.sk\\\/wp-content\\\/uploads\\\/2022\\\/01\\\/logo_PM_horizontal.jpg\",\"width\":231,\"height\":142,\"caption\":\"Pova\u017esk\u00e9 m\u00fazeum\"},\"image\":{\"@id\":\"https:\\\/\\\/pmza.sk\\\/#\\\/schema\\\/logo\\\/image\\\/\"},\"sameAs\":[\"https:\\\/\\\/www.facebook.com\\\/povazskemuzeum\",\"https:\\\/\\\/www.instagram.com\\\/povazskemuzeum\\\/\"]},{\"@type\":\"Person\",\"@id\":\"https:\\\/\\\/pmza.sk\\\/#\\\/schema\\\/person\\\/595e6a2ce731ea94dcd5d7f50a41ae33\",\"name\":\"Pova\u017esk\u00e9 m\u00fazeum\",\"image\":{\"@type\":\"ImageObject\",\"inLanguage\":\"sk-SK\",\"@id\":\"https:\\\/\\\/secure.gravatar.com\\\/avatar\\\/2bb7f1561282132fb5826dfeccc66c7996d11ee392ac6aaf7ced8a1c2027fbb2?s=96&d=mm&r=g\",\"url\":\"https:\\\/\\\/secure.gravatar.com\\\/avatar\\\/2bb7f1561282132fb5826dfeccc66c7996d11ee392ac6aaf7ced8a1c2027fbb2?s=96&d=mm&r=g\",\"contentUrl\":\"https:\\\/\\\/secure.gravatar.com\\\/avatar\\\/2bb7f1561282132fb5826dfeccc66c7996d11ee392ac6aaf7ced8a1c2027fbb2?s=96&d=mm&r=g\",\"caption\":\"Pova\u017esk\u00e9 m\u00fazeum\"}}]}<\/script>\n<!-- \/ Yoast SEO plugin. -->","yoast_head_json":{"title":"V\u00fdstava o raritnej faune severoz\u00e1padn\u00e9ho Slovenska - Pova\u017esk\u00e9 m\u00fazeum","robots":{"index":"index","follow":"follow","max-snippet":"max-snippet:-1","max-image-preview":"max-image-preview:large","max-video-preview":"max-video-preview:-1"},"canonical":"https:\/\/pmza.sk\/?p=5704","og_locale":"sk_SK","og_type":"article","og_title":"V\u00fdstava o raritnej faune severoz\u00e1padn\u00e9ho Slovenska - Pova\u017esk\u00e9 m\u00fazeum","og_description":"Pr\u00edrodovedn\u00e9 v\u00fdstavy, ktor\u00e9 sa realizovali po minul\u00e9 dva roky v\u00a0Sob\u00e1\u0161nom pal\u00e1ci v\u00a0Byt\u010di, patrili medzi div\u00e1cky najob\u013e\u00fabenej\u0161ie in\u0161tal\u00e1cie. Pal\u00e1c po\u010das j\u00fana a\u00a0j\u00fala 2012 pon\u00fakne \u010fal\u0161iu v\u00fdstavu s\u00a0tematikou stavovcov z\u00a0n\u00e1\u0161ho regi\u00f3nu. \u201eSeveroz\u00e1padn\u00e9 Slovensko sa vyzna\u010duje vysok\u00fdm podielom zachoval\u00fdch a\u00a0pr\u00edrode bl\u00edzkych ekosyst\u00e9mov v\u00a0pomere k\u00a0\u010dlovekom po st\u00e1ro\u010dia formovanej kult\u00farnej krajine. Okrem in\u00e9ho je to podmienen\u00e9 pestrou geologickou stavbou, podneb\u00edm [&hellip;]","og_url":"https:\/\/pmza.sk\/?p=5704","og_site_name":"Pova\u017esk\u00e9 m\u00fazeum","article_publisher":"https:\/\/www.facebook.com\/povazskemuzeum","article_published_time":"2012-06-06T12:07:14+00:00","og_image":[{"url":"https:\/\/pmza.sk\/wp-content\/uploads\/2012\/06\/Uzovka-stromova_foto-L-Hloska.jpg","type":"","width":"","height":""}],"author":"Pova\u017esk\u00e9 m\u00fazeum","twitter_card":"summary_large_image","twitter_misc":{"Autor":"Pova\u017esk\u00e9 m\u00fazeum","Predpokladan\u00fd \u010das \u010d\u00edtania":"2 min\u00faty"},"schema":{"@context":"https:\/\/schema.org","@graph":[{"@type":"Article","@id":"https:\/\/pmza.sk\/?p=5704#article","isPartOf":{"@id":"https:\/\/pmza.sk\/?p=5704"},"author":{"name":"Pova\u017esk\u00e9 m\u00fazeum","@id":"https:\/\/pmza.sk\/#\/schema\/person\/595e6a2ce731ea94dcd5d7f50a41ae33"},"headline":"V\u00fdstava o raritnej faune severoz\u00e1padn\u00e9ho Slovenska","datePublished":"2012-06-06T12:07:14+00:00","mainEntityOfPage":{"@id":"https:\/\/pmza.sk\/?p=5704"},"wordCount":463,"publisher":{"@id":"https:\/\/pmza.sk\/#organization"},"image":{"@id":"https:\/\/pmza.sk\/?p=5704#primaryimage"},"thumbnailUrl":"https:\/\/pmza.sk\/wp-content\/uploads\/2012\/06\/Uzovka-stromova_foto-L-Hloska.jpg","articleSection":["Arch\u00edv 2012"],"inLanguage":"sk-SK"},{"@type":"WebPage","@id":"https:\/\/pmza.sk\/?p=5704","url":"https:\/\/pmza.sk\/?p=5704","name":"V\u00fdstava o raritnej faune severoz\u00e1padn\u00e9ho Slovenska - Pova\u017esk\u00e9 m\u00fazeum","isPartOf":{"@id":"https:\/\/pmza.sk\/#website"},"primaryImageOfPage":{"@id":"https:\/\/pmza.sk\/?p=5704#primaryimage"},"image":{"@id":"https:\/\/pmza.sk\/?p=5704#primaryimage"},"thumbnailUrl":"https:\/\/pmza.sk\/wp-content\/uploads\/2012\/06\/Uzovka-stromova_foto-L-Hloska.jpg","datePublished":"2012-06-06T12:07:14+00:00","breadcrumb":{"@id":"https:\/\/pmza.sk\/?p=5704#breadcrumb"},"inLanguage":"sk-SK","potentialAction":[{"@type":"ReadAction","target":["https:\/\/pmza.sk\/?p=5704"]}]},{"@type":"ImageObject","inLanguage":"sk-SK","@id":"https:\/\/pmza.sk\/?p=5704#primaryimage","url":"https:\/\/pmza.sk\/wp-content\/uploads\/2012\/06\/Uzovka-stromova_foto-L-Hloska.jpg","contentUrl":"https:\/\/pmza.sk\/wp-content\/uploads\/2012\/06\/Uzovka-stromova_foto-L-Hloska.jpg","width":640,"height":364},{"@type":"BreadcrumbList","@id":"https:\/\/pmza.sk\/?p=5704#breadcrumb","itemListElement":[{"@type":"ListItem","position":1,"name":"Domovsk\u00e1 str\u00e1nka","item":"https:\/\/pmza.sk\/"},{"@type":"ListItem","position":2,"name":"V\u00fdstava o raritnej faune severoz\u00e1padn\u00e9ho Slovenska"}]},{"@type":"WebSite","@id":"https:\/\/pmza.sk\/#website","url":"https:\/\/pmza.sk\/","name":"Pova\u017esk\u00e9 m\u00fazeum","description":"Pova\u017esk\u00e9 m\u00fazeum v \u017diline je region\u00e1lne m\u00fazeum so s\u00eddlom v Budat\u00edne. Jeho expoz\u00edcie s\u00fa zameran\u00e9 na dejiny slovensk\u00e9ho umenia, kult\u00fary a dopravy.","publisher":{"@id":"https:\/\/pmza.sk\/#organization"},"potentialAction":[{"@type":"SearchAction","target":{"@type":"EntryPoint","urlTemplate":"https:\/\/pmza.sk\/?s={search_term_string}"},"query-input":{"@type":"PropertyValueSpecification","valueRequired":true,"valueName":"search_term_string"}}],"inLanguage":"sk-SK"},{"@type":"Organization","@id":"https:\/\/pmza.sk\/#organization","name":"Pova\u017esk\u00e9 m\u00fazeum","url":"https:\/\/pmza.sk\/","logo":{"@type":"ImageObject","inLanguage":"sk-SK","@id":"https:\/\/pmza.sk\/#\/schema\/logo\/image\/","url":"https:\/\/pmza.sk\/wp-content\/uploads\/2022\/01\/logo_PM_horizontal.jpg","contentUrl":"https:\/\/pmza.sk\/wp-content\/uploads\/2022\/01\/logo_PM_horizontal.jpg","width":231,"height":142,"caption":"Pova\u017esk\u00e9 m\u00fazeum"},"image":{"@id":"https:\/\/pmza.sk\/#\/schema\/logo\/image\/"},"sameAs":["https:\/\/www.facebook.com\/povazskemuzeum","https:\/\/www.instagram.com\/povazskemuzeum\/"]},{"@type":"Person","@id":"https:\/\/pmza.sk\/#\/schema\/person\/595e6a2ce731ea94dcd5d7f50a41ae33","name":"Pova\u017esk\u00e9 m\u00fazeum","image":{"@type":"ImageObject","inLanguage":"sk-SK","@id":"https:\/\/secure.gravatar.com\/avatar\/2bb7f1561282132fb5826dfeccc66c7996d11ee392ac6aaf7ced8a1c2027fbb2?s=96&d=mm&r=g","url":"https:\/\/secure.gravatar.com\/avatar\/2bb7f1561282132fb5826dfeccc66c7996d11ee392ac6aaf7ced8a1c2027fbb2?s=96&d=mm&r=g","contentUrl":"https:\/\/secure.gravatar.com\/avatar\/2bb7f1561282132fb5826dfeccc66c7996d11ee392ac6aaf7ced8a1c2027fbb2?s=96&d=mm&r=g","caption":"Pova\u017esk\u00e9 m\u00fazeum"}}]}},"_links":{"self":[{"href":"https:\/\/pmza.sk\/index.php?rest_route=\/wp\/v2\/posts\/5704","targetHints":{"allow":["GET"]}}],"collection":[{"href":"https:\/\/pmza.sk\/index.php?rest_route=\/wp\/v2\/posts"}],"about":[{"href":"https:\/\/pmza.sk\/index.php?rest_route=\/wp\/v2\/types\/post"}],"author":[{"embeddable":true,"href":"https:\/\/pmza.sk\/index.php?rest_route=\/wp\/v2\/users\/2"}],"replies":[{"embeddable":true,"href":"https:\/\/pmza.sk\/index.php?rest_route=%2Fwp%2Fv2%2Fcomments&post=5704"}],"version-history":[{"count":0,"href":"https:\/\/pmza.sk\/index.php?rest_route=\/wp\/v2\/posts\/5704\/revisions"}],"wp:attachment":[{"href":"https:\/\/pmza.sk\/index.php?rest_route=%2Fwp%2Fv2%2Fmedia&parent=5704"}],"wp:term":[{"taxonomy":"category","embeddable":true,"href":"https:\/\/pmza.sk\/index.php?rest_route=%2Fwp%2Fv2%2Fcategories&post=5704"},{"taxonomy":"post_tag","embeddable":true,"href":"https:\/\/pmza.sk\/index.php?rest_route=%2Fwp%2Fv2%2Ftags&post=5704"}],"curies":[{"name":"wp","href":"https:\/\/api.w.org\/{rel}","templated":true}]}}