{"id":57072,"date":"2023-06-27T13:39:28","date_gmt":"2023-06-27T11:39:28","guid":{"rendered":"https:\/\/pmza.sk\/?p=57072"},"modified":"2023-09-04T08:07:32","modified_gmt":"2023-09-04T06:07:32","slug":"dialog","status":"publish","type":"post","link":"https:\/\/pmza.sk\/?p=57072","title":{"rendered":"Dial\u00f3g"},"content":{"rendered":"<p>V kaplnke Budat\u00ednskeho hradu bude od 5. j\u00fala pr\u00edstupn\u00e1 v\u00fdstava s n\u00e1zvom Dial\u00f3g, ktor\u00e1 pon\u00fakne tvorbu z troch odborn\u00fdch dieln\u00ed zamestnancov Pova\u017esk\u00e9ho m\u00fazea. N\u00e1v\u0161tevn\u00edci m\u00f4\u017eu obdivova\u0165 diela keramick\u00e9ho a skl\u00e1rskeho umenia Petronely Vlhovej, soch\u00e1rskeho umenia Barbory Lokajovej a rezb\u00e1rskeho remesla Eduarda Pol\u00e1\u010dka. <em>\u201eN\u00e1met k\u00a0v\u00fdstave vznikol pred rokom, predch\u00e1dzal mu dial\u00f3g troch mien, ktor\u00fd postupne nadobudol rozmer kolegiality a\u00a0poznania charakterov s\u00a0v\u00fdpovedn\u00fdm rukopisom. V\u00fdstavu tak zastre\u0161uje technick\u00e9 prevedenie v\u00a0procese tvoriv\u00e9ho myslenia cez estetick\u00e9 vedomie a\u017e po metamorf\u00f3zny rozmer abstrakcie,\u201c<\/em> vysvet\u013euje Barbora Lokajov\u00e1, ktor\u00e1 vy\u0161tudovala soch\u00e1rstvo a\u00a0stredobodom jej pozornosti je figur\u00e1lna tvorba.<\/p>\n<p>Dial\u00f3g v\u00a0kontexte tvorby Petronely Vlhovej prezr\u00e1dza \u00fazke prepojenie dvoch materi\u00e1lov a\u00a0ich vz\u00e1jomn\u00fa komunik\u00e1ciu. Ako skl\u00e1rska v\u00fdtvarn\u00ed\u010dka a\u00a0konzerv\u00e1torka skla a\u00a0keramiky odovzd\u00e1va tvoriv\u00fa inform\u00e1ciu prostredn\u00edctvom diel z\u00e1hradn\u00e9ho dizajnu: <em>\u201eDizajn\u00e9rska s\u00fahra pod n\u00e1zvom Svetlo du\u0161e otv\u00e1ra subjekt\u00edvny dial\u00f3g o\u00a0harm\u00f3nii pr\u00edrody, <\/em><em>skla, keramiky a\u00a0svetla. V\u00a0dielach c\u00edti\u0165 estetick\u00e9 splynutie skl\u00e1rskeho a\u00a0keramick\u00e9ho remesla, charakterizuje ich krehkos\u0165 a\u00a0pevnos\u0165, \u010d\u00edros\u0165 a\u00a0neprieh\u013eadnos\u0165.\u201c <\/em>Posledn\u00fdm vystavuj\u00facim je rezb\u00e1r a\u00a0konzerv\u00e1tor dreva Eduard Pol\u00e1\u010dek: <em>\u201eFascinuje ma dizajn, kombin\u00e1cia star\u00e9ho s\u00a0modern\u00fdm a\u00a0t\u00fa\u017eba h\u013eada\u0165 v\u00a0kr\u00e1se dreva nie\u010do nov\u00e9.\u201c \u00a0<\/em><\/p>\n<p><em>\u00a0<\/em>V\u00fdstavu Dial\u00f3g si m\u00f4\u017eu n\u00e1v\u0161tevn\u00edci pozrie\u0165 v komunitnej miestnosti kaplnky Budat\u00ednskeho hradu do 30. augusta. Komentovan\u00e1 prehliadka v\u00fdstavy sa bude kona\u0165 9. j\u00fala o 11.00 na podujat\u00ed Zlat\u00e9 \u010dasy budat\u00ednske.<\/p>\n<p>&nbsp;<\/p>\n<div class=\"wp-block-image\"><img fetchpriority=\"high\" decoding=\"async\" class=\"alignnone size-medium wp-image-57073\" src=\"https:\/\/pmza.sk\/wp-content\/uploads\/2023\/06\/Dialog_K2-255x360.jpg\" alt=\"\" width=\"255\" height=\"360\" srcset=\"https:\/\/pmza.sk\/wp-content\/uploads\/2023\/06\/Dialog_K2-255x360.jpg 255w, https:\/\/pmza.sk\/wp-content\/uploads\/2023\/06\/Dialog_K2-520x736.jpg 520w, https:\/\/pmza.sk\/wp-content\/uploads\/2023\/06\/Dialog_K2-768x1086.jpg 768w, https:\/\/pmza.sk\/wp-content\/uploads\/2023\/06\/Dialog_K2-1086x1536.jpg 1086w, https:\/\/pmza.sk\/wp-content\/uploads\/2023\/06\/Dialog_K2-1448x2048.jpg 1448w, https:\/\/pmza.sk\/wp-content\/uploads\/2023\/06\/Dialog_K2-600x849.jpg 600w, https:\/\/pmza.sk\/wp-content\/uploads\/2023\/06\/Dialog_K2-scaled.jpg 1810w\" sizes=\"(max-width: 255px) 100vw, 255px\" \/><\/div>\n<div><\/div>\n<div>Plag\u00e1t v plnej ve\u013ekosti <a href=\"https:\/\/pmza.sk\/wp-content\/uploads\/2023\/06\/Dialog_K2.pdf\">TU<\/a><\/div>\n","protected":false},"excerpt":{"rendered":"<p>V kaplnke Budat\u00ednskeho hradu bude od 5. j\u00fala pr\u00edstupn\u00e1 v\u00fdstava s n\u00e1zvom Dial\u00f3g, ktor\u00e1 pon\u00fakne tvorbu z troch odborn\u00fdch dieln\u00ed zamestnancov Pova\u017esk\u00e9ho m\u00fazea. N\u00e1v\u0161tevn\u00edci m\u00f4\u017eu obdivova\u0165 diela keramick\u00e9ho a skl\u00e1rskeho umenia Petronely Vlhovej, soch\u00e1rskeho umenia Barbory Lokajovej a rezb\u00e1rskeho remesla Eduarda Pol\u00e1\u010dka. \u201eN\u00e1met k\u00a0v\u00fdstave vznikol pred rokom, predch\u00e1dzal mu dial\u00f3g troch mien, ktor\u00fd postupne nadobudol [&hellip;]<\/p>\n","protected":false},"author":2,"featured_media":57075,"comment_status":"open","ping_status":"open","sticky":false,"template":"","format":"standard","meta":{"site-sidebar-layout":"default","site-content-layout":"default","ast-site-content-layout":"","site-content-style":"default","site-sidebar-style":"default","ast-global-header-display":"","ast-banner-title-visibility":"","ast-main-header-display":"","ast-hfb-above-header-display":"","ast-hfb-below-header-display":"","ast-hfb-mobile-header-display":"","site-post-title":"","ast-breadcrumbs-content":"","ast-featured-img":"","footer-sml-layout":"","theme-transparent-header-meta":"default","adv-header-id-meta":"","stick-header-meta":"default","header-above-stick-meta":"","header-main-stick-meta":"","header-below-stick-meta":"","astra-migrate-meta-layouts":"default","ast-page-background-enabled":"default","ast-page-background-meta":{"desktop":{"background-color":"var(--ast-global-color-4)","background-image":"","background-repeat":"repeat","background-position":"center center","background-size":"auto","background-attachment":"scroll","background-type":"","background-media":"","overlay-type":"","overlay-color":"","overlay-opacity":"","overlay-gradient":""},"tablet":{"background-color":"","background-image":"","background-repeat":"repeat","background-position":"center center","background-size":"auto","background-attachment":"scroll","background-type":"","background-media":"","overlay-type":"","overlay-color":"","overlay-opacity":"","overlay-gradient":""},"mobile":{"background-color":"","background-image":"","background-repeat":"repeat","background-position":"center center","background-size":"auto","background-attachment":"scroll","background-type":"","background-media":"","overlay-type":"","overlay-color":"","overlay-opacity":"","overlay-gradient":""}},"ast-content-background-meta":{"desktop":{"background-color":"var(--ast-global-color-5)","background-image":"","background-repeat":"repeat","background-position":"center center","background-size":"auto","background-attachment":"scroll","background-type":"","background-media":"","overlay-type":"","overlay-color":"","overlay-opacity":"","overlay-gradient":""},"tablet":{"background-color":"var(--ast-global-color-5)","background-image":"","background-repeat":"repeat","background-position":"center center","background-size":"auto","background-attachment":"scroll","background-type":"","background-media":"","overlay-type":"","overlay-color":"","overlay-opacity":"","overlay-gradient":""},"mobile":{"background-color":"var(--ast-global-color-5)","background-image":"","background-repeat":"repeat","background-position":"center center","background-size":"auto","background-attachment":"scroll","background-type":"","background-media":"","overlay-type":"","overlay-color":"","overlay-opacity":"","overlay-gradient":""}},"footnotes":""},"categories":[72],"tags":[],"class_list":["post-57072","post","type-post","status-publish","format-standard","has-post-thumbnail","hentry","category-vystavy"],"yoast_head":"<!-- This site is optimized with the Yoast SEO plugin v27.4 - https:\/\/yoast.com\/product\/yoast-seo-wordpress\/ -->\n<title>Dial\u00f3g - Pova\u017esk\u00e9 m\u00fazeum<\/title>\n<meta name=\"robots\" content=\"index, follow, max-snippet:-1, max-image-preview:large, max-video-preview:-1\" \/>\n<link rel=\"canonical\" href=\"https:\/\/pmza.sk\/?p=57072\" \/>\n<meta property=\"og:locale\" content=\"sk_SK\" \/>\n<meta property=\"og:type\" content=\"article\" \/>\n<meta property=\"og:title\" content=\"Dial\u00f3g - Pova\u017esk\u00e9 m\u00fazeum\" \/>\n<meta property=\"og:description\" content=\"V kaplnke Budat\u00ednskeho hradu bude od 5. j\u00fala pr\u00edstupn\u00e1 v\u00fdstava s n\u00e1zvom Dial\u00f3g, ktor\u00e1 pon\u00fakne tvorbu z troch odborn\u00fdch dieln\u00ed zamestnancov Pova\u017esk\u00e9ho m\u00fazea. N\u00e1v\u0161tevn\u00edci m\u00f4\u017eu obdivova\u0165 diela keramick\u00e9ho a skl\u00e1rskeho umenia Petronely Vlhovej, soch\u00e1rskeho umenia Barbory Lokajovej a rezb\u00e1rskeho remesla Eduarda Pol\u00e1\u010dka. \u201eN\u00e1met k\u00a0v\u00fdstave vznikol pred rokom, predch\u00e1dzal mu dial\u00f3g troch mien, ktor\u00fd postupne nadobudol [&hellip;]\" \/>\n<meta property=\"og:url\" content=\"https:\/\/pmza.sk\/?p=57072\" \/>\n<meta property=\"og:site_name\" content=\"Pova\u017esk\u00e9 m\u00fazeum\" \/>\n<meta property=\"article:publisher\" content=\"https:\/\/www.facebook.com\/povazskemuzeum\" \/>\n<meta property=\"article:published_time\" content=\"2023-06-27T11:39:28+00:00\" \/>\n<meta property=\"article:modified_time\" content=\"2023-09-04T06:07:32+00:00\" \/>\n<meta property=\"og:image\" content=\"https:\/\/pmza.sk\/wp-content\/uploads\/2023\/06\/Dialog_web-scaled.jpg\" \/>\n\t<meta property=\"og:image:width\" content=\"2560\" \/>\n\t<meta property=\"og:image:height\" content=\"2560\" \/>\n\t<meta property=\"og:image:type\" content=\"image\/jpeg\" \/>\n<meta name=\"author\" content=\"Pova\u017esk\u00e9 m\u00fazeum\" \/>\n<meta name=\"twitter:card\" content=\"summary_large_image\" \/>\n<meta name=\"twitter:label1\" content=\"Autor\" \/>\n\t<meta name=\"twitter:data1\" content=\"Pova\u017esk\u00e9 m\u00fazeum\" \/>\n\t<meta name=\"twitter:label2\" content=\"Predpokladan\u00fd \u010das \u010d\u00edtania\" \/>\n\t<meta name=\"twitter:data2\" content=\"1 min\u00fata\" \/>\n<script type=\"application\/ld+json\" class=\"yoast-schema-graph\">{\"@context\":\"https:\\\/\\\/schema.org\",\"@graph\":[{\"@type\":\"Article\",\"@id\":\"https:\\\/\\\/pmza.sk\\\/?p=57072#article\",\"isPartOf\":{\"@id\":\"https:\\\/\\\/pmza.sk\\\/?p=57072\"},\"author\":{\"name\":\"Pova\u017esk\u00e9 m\u00fazeum\",\"@id\":\"https:\\\/\\\/pmza.sk\\\/#\\\/schema\\\/person\\\/595e6a2ce731ea94dcd5d7f50a41ae33\"},\"headline\":\"Dial\u00f3g\",\"datePublished\":\"2023-06-27T11:39:28+00:00\",\"dateModified\":\"2023-09-04T06:07:32+00:00\",\"mainEntityOfPage\":{\"@id\":\"https:\\\/\\\/pmza.sk\\\/?p=57072\"},\"wordCount\":300,\"commentCount\":0,\"publisher\":{\"@id\":\"https:\\\/\\\/pmza.sk\\\/#organization\"},\"image\":{\"@id\":\"https:\\\/\\\/pmza.sk\\\/?p=57072#primaryimage\"},\"thumbnailUrl\":\"https:\\\/\\\/pmza.sk\\\/wp-content\\\/uploads\\\/2023\\\/06\\\/Dialog_web-scaled.jpg\",\"articleSection\":[\"V\u00fdstavy\"],\"inLanguage\":\"sk-SK\"},{\"@type\":\"WebPage\",\"@id\":\"https:\\\/\\\/pmza.sk\\\/?p=57072\",\"url\":\"https:\\\/\\\/pmza.sk\\\/?p=57072\",\"name\":\"Dial\u00f3g - Pova\u017esk\u00e9 m\u00fazeum\",\"isPartOf\":{\"@id\":\"https:\\\/\\\/pmza.sk\\\/#website\"},\"primaryImageOfPage\":{\"@id\":\"https:\\\/\\\/pmza.sk\\\/?p=57072#primaryimage\"},\"image\":{\"@id\":\"https:\\\/\\\/pmza.sk\\\/?p=57072#primaryimage\"},\"thumbnailUrl\":\"https:\\\/\\\/pmza.sk\\\/wp-content\\\/uploads\\\/2023\\\/06\\\/Dialog_web-scaled.jpg\",\"datePublished\":\"2023-06-27T11:39:28+00:00\",\"dateModified\":\"2023-09-04T06:07:32+00:00\",\"breadcrumb\":{\"@id\":\"https:\\\/\\\/pmza.sk\\\/?p=57072#breadcrumb\"},\"inLanguage\":\"sk-SK\",\"potentialAction\":[{\"@type\":\"ReadAction\",\"target\":[\"https:\\\/\\\/pmza.sk\\\/?p=57072\"]}]},{\"@type\":\"ImageObject\",\"inLanguage\":\"sk-SK\",\"@id\":\"https:\\\/\\\/pmza.sk\\\/?p=57072#primaryimage\",\"url\":\"https:\\\/\\\/pmza.sk\\\/wp-content\\\/uploads\\\/2023\\\/06\\\/Dialog_web-scaled.jpg\",\"contentUrl\":\"https:\\\/\\\/pmza.sk\\\/wp-content\\\/uploads\\\/2023\\\/06\\\/Dialog_web-scaled.jpg\",\"width\":2560,\"height\":2560},{\"@type\":\"BreadcrumbList\",\"@id\":\"https:\\\/\\\/pmza.sk\\\/?p=57072#breadcrumb\",\"itemListElement\":[{\"@type\":\"ListItem\",\"position\":1,\"name\":\"Domovsk\u00e1 str\u00e1nka\",\"item\":\"https:\\\/\\\/pmza.sk\\\/\"},{\"@type\":\"ListItem\",\"position\":2,\"name\":\"Dial\u00f3g\"}]},{\"@type\":\"WebSite\",\"@id\":\"https:\\\/\\\/pmza.sk\\\/#website\",\"url\":\"https:\\\/\\\/pmza.sk\\\/\",\"name\":\"Pova\u017esk\u00e9 m\u00fazeum\",\"description\":\"Pova\u017esk\u00e9 m\u00fazeum v \u017diline je region\u00e1lne m\u00fazeum so s\u00eddlom v Budat\u00edne. Jeho expoz\u00edcie s\u00fa zameran\u00e9 na dejiny slovensk\u00e9ho umenia, kult\u00fary a dopravy.\",\"publisher\":{\"@id\":\"https:\\\/\\\/pmza.sk\\\/#organization\"},\"potentialAction\":[{\"@type\":\"SearchAction\",\"target\":{\"@type\":\"EntryPoint\",\"urlTemplate\":\"https:\\\/\\\/pmza.sk\\\/?s={search_term_string}\"},\"query-input\":{\"@type\":\"PropertyValueSpecification\",\"valueRequired\":true,\"valueName\":\"search_term_string\"}}],\"inLanguage\":\"sk-SK\"},{\"@type\":\"Organization\",\"@id\":\"https:\\\/\\\/pmza.sk\\\/#organization\",\"name\":\"Pova\u017esk\u00e9 m\u00fazeum\",\"url\":\"https:\\\/\\\/pmza.sk\\\/\",\"logo\":{\"@type\":\"ImageObject\",\"inLanguage\":\"sk-SK\",\"@id\":\"https:\\\/\\\/pmza.sk\\\/#\\\/schema\\\/logo\\\/image\\\/\",\"url\":\"https:\\\/\\\/pmza.sk\\\/wp-content\\\/uploads\\\/2022\\\/01\\\/logo_PM_horizontal.jpg\",\"contentUrl\":\"https:\\\/\\\/pmza.sk\\\/wp-content\\\/uploads\\\/2022\\\/01\\\/logo_PM_horizontal.jpg\",\"width\":231,\"height\":142,\"caption\":\"Pova\u017esk\u00e9 m\u00fazeum\"},\"image\":{\"@id\":\"https:\\\/\\\/pmza.sk\\\/#\\\/schema\\\/logo\\\/image\\\/\"},\"sameAs\":[\"https:\\\/\\\/www.facebook.com\\\/povazskemuzeum\",\"https:\\\/\\\/www.instagram.com\\\/povazskemuzeum\\\/\"]},{\"@type\":\"Person\",\"@id\":\"https:\\\/\\\/pmza.sk\\\/#\\\/schema\\\/person\\\/595e6a2ce731ea94dcd5d7f50a41ae33\",\"name\":\"Pova\u017esk\u00e9 m\u00fazeum\",\"image\":{\"@type\":\"ImageObject\",\"inLanguage\":\"sk-SK\",\"@id\":\"https:\\\/\\\/secure.gravatar.com\\\/avatar\\\/2bb7f1561282132fb5826dfeccc66c7996d11ee392ac6aaf7ced8a1c2027fbb2?s=96&d=mm&r=g\",\"url\":\"https:\\\/\\\/secure.gravatar.com\\\/avatar\\\/2bb7f1561282132fb5826dfeccc66c7996d11ee392ac6aaf7ced8a1c2027fbb2?s=96&d=mm&r=g\",\"contentUrl\":\"https:\\\/\\\/secure.gravatar.com\\\/avatar\\\/2bb7f1561282132fb5826dfeccc66c7996d11ee392ac6aaf7ced8a1c2027fbb2?s=96&d=mm&r=g\",\"caption\":\"Pova\u017esk\u00e9 m\u00fazeum\"}}]}<\/script>\n<!-- \/ Yoast SEO plugin. -->","yoast_head_json":{"title":"Dial\u00f3g - Pova\u017esk\u00e9 m\u00fazeum","robots":{"index":"index","follow":"follow","max-snippet":"max-snippet:-1","max-image-preview":"max-image-preview:large","max-video-preview":"max-video-preview:-1"},"canonical":"https:\/\/pmza.sk\/?p=57072","og_locale":"sk_SK","og_type":"article","og_title":"Dial\u00f3g - Pova\u017esk\u00e9 m\u00fazeum","og_description":"V kaplnke Budat\u00ednskeho hradu bude od 5. j\u00fala pr\u00edstupn\u00e1 v\u00fdstava s n\u00e1zvom Dial\u00f3g, ktor\u00e1 pon\u00fakne tvorbu z troch odborn\u00fdch dieln\u00ed zamestnancov Pova\u017esk\u00e9ho m\u00fazea. N\u00e1v\u0161tevn\u00edci m\u00f4\u017eu obdivova\u0165 diela keramick\u00e9ho a skl\u00e1rskeho umenia Petronely Vlhovej, soch\u00e1rskeho umenia Barbory Lokajovej a rezb\u00e1rskeho remesla Eduarda Pol\u00e1\u010dka. \u201eN\u00e1met k\u00a0v\u00fdstave vznikol pred rokom, predch\u00e1dzal mu dial\u00f3g troch mien, ktor\u00fd postupne nadobudol [&hellip;]","og_url":"https:\/\/pmza.sk\/?p=57072","og_site_name":"Pova\u017esk\u00e9 m\u00fazeum","article_publisher":"https:\/\/www.facebook.com\/povazskemuzeum","article_published_time":"2023-06-27T11:39:28+00:00","article_modified_time":"2023-09-04T06:07:32+00:00","og_image":[{"width":2560,"height":2560,"url":"https:\/\/pmza.sk\/wp-content\/uploads\/2023\/06\/Dialog_web-scaled.jpg","type":"image\/jpeg"}],"author":"Pova\u017esk\u00e9 m\u00fazeum","twitter_card":"summary_large_image","twitter_misc":{"Autor":"Pova\u017esk\u00e9 m\u00fazeum","Predpokladan\u00fd \u010das \u010d\u00edtania":"1 min\u00fata"},"schema":{"@context":"https:\/\/schema.org","@graph":[{"@type":"Article","@id":"https:\/\/pmza.sk\/?p=57072#article","isPartOf":{"@id":"https:\/\/pmza.sk\/?p=57072"},"author":{"name":"Pova\u017esk\u00e9 m\u00fazeum","@id":"https:\/\/pmza.sk\/#\/schema\/person\/595e6a2ce731ea94dcd5d7f50a41ae33"},"headline":"Dial\u00f3g","datePublished":"2023-06-27T11:39:28+00:00","dateModified":"2023-09-04T06:07:32+00:00","mainEntityOfPage":{"@id":"https:\/\/pmza.sk\/?p=57072"},"wordCount":300,"commentCount":0,"publisher":{"@id":"https:\/\/pmza.sk\/#organization"},"image":{"@id":"https:\/\/pmza.sk\/?p=57072#primaryimage"},"thumbnailUrl":"https:\/\/pmza.sk\/wp-content\/uploads\/2023\/06\/Dialog_web-scaled.jpg","articleSection":["V\u00fdstavy"],"inLanguage":"sk-SK"},{"@type":"WebPage","@id":"https:\/\/pmza.sk\/?p=57072","url":"https:\/\/pmza.sk\/?p=57072","name":"Dial\u00f3g - Pova\u017esk\u00e9 m\u00fazeum","isPartOf":{"@id":"https:\/\/pmza.sk\/#website"},"primaryImageOfPage":{"@id":"https:\/\/pmza.sk\/?p=57072#primaryimage"},"image":{"@id":"https:\/\/pmza.sk\/?p=57072#primaryimage"},"thumbnailUrl":"https:\/\/pmza.sk\/wp-content\/uploads\/2023\/06\/Dialog_web-scaled.jpg","datePublished":"2023-06-27T11:39:28+00:00","dateModified":"2023-09-04T06:07:32+00:00","breadcrumb":{"@id":"https:\/\/pmza.sk\/?p=57072#breadcrumb"},"inLanguage":"sk-SK","potentialAction":[{"@type":"ReadAction","target":["https:\/\/pmza.sk\/?p=57072"]}]},{"@type":"ImageObject","inLanguage":"sk-SK","@id":"https:\/\/pmza.sk\/?p=57072#primaryimage","url":"https:\/\/pmza.sk\/wp-content\/uploads\/2023\/06\/Dialog_web-scaled.jpg","contentUrl":"https:\/\/pmza.sk\/wp-content\/uploads\/2023\/06\/Dialog_web-scaled.jpg","width":2560,"height":2560},{"@type":"BreadcrumbList","@id":"https:\/\/pmza.sk\/?p=57072#breadcrumb","itemListElement":[{"@type":"ListItem","position":1,"name":"Domovsk\u00e1 str\u00e1nka","item":"https:\/\/pmza.sk\/"},{"@type":"ListItem","position":2,"name":"Dial\u00f3g"}]},{"@type":"WebSite","@id":"https:\/\/pmza.sk\/#website","url":"https:\/\/pmza.sk\/","name":"Pova\u017esk\u00e9 m\u00fazeum","description":"Pova\u017esk\u00e9 m\u00fazeum v \u017diline je region\u00e1lne m\u00fazeum so s\u00eddlom v Budat\u00edne. Jeho expoz\u00edcie s\u00fa zameran\u00e9 na dejiny slovensk\u00e9ho umenia, kult\u00fary a dopravy.","publisher":{"@id":"https:\/\/pmza.sk\/#organization"},"potentialAction":[{"@type":"SearchAction","target":{"@type":"EntryPoint","urlTemplate":"https:\/\/pmza.sk\/?s={search_term_string}"},"query-input":{"@type":"PropertyValueSpecification","valueRequired":true,"valueName":"search_term_string"}}],"inLanguage":"sk-SK"},{"@type":"Organization","@id":"https:\/\/pmza.sk\/#organization","name":"Pova\u017esk\u00e9 m\u00fazeum","url":"https:\/\/pmza.sk\/","logo":{"@type":"ImageObject","inLanguage":"sk-SK","@id":"https:\/\/pmza.sk\/#\/schema\/logo\/image\/","url":"https:\/\/pmza.sk\/wp-content\/uploads\/2022\/01\/logo_PM_horizontal.jpg","contentUrl":"https:\/\/pmza.sk\/wp-content\/uploads\/2022\/01\/logo_PM_horizontal.jpg","width":231,"height":142,"caption":"Pova\u017esk\u00e9 m\u00fazeum"},"image":{"@id":"https:\/\/pmza.sk\/#\/schema\/logo\/image\/"},"sameAs":["https:\/\/www.facebook.com\/povazskemuzeum","https:\/\/www.instagram.com\/povazskemuzeum\/"]},{"@type":"Person","@id":"https:\/\/pmza.sk\/#\/schema\/person\/595e6a2ce731ea94dcd5d7f50a41ae33","name":"Pova\u017esk\u00e9 m\u00fazeum","image":{"@type":"ImageObject","inLanguage":"sk-SK","@id":"https:\/\/secure.gravatar.com\/avatar\/2bb7f1561282132fb5826dfeccc66c7996d11ee392ac6aaf7ced8a1c2027fbb2?s=96&d=mm&r=g","url":"https:\/\/secure.gravatar.com\/avatar\/2bb7f1561282132fb5826dfeccc66c7996d11ee392ac6aaf7ced8a1c2027fbb2?s=96&d=mm&r=g","contentUrl":"https:\/\/secure.gravatar.com\/avatar\/2bb7f1561282132fb5826dfeccc66c7996d11ee392ac6aaf7ced8a1c2027fbb2?s=96&d=mm&r=g","caption":"Pova\u017esk\u00e9 m\u00fazeum"}}]}},"_links":{"self":[{"href":"https:\/\/pmza.sk\/index.php?rest_route=\/wp\/v2\/posts\/57072","targetHints":{"allow":["GET"]}}],"collection":[{"href":"https:\/\/pmza.sk\/index.php?rest_route=\/wp\/v2\/posts"}],"about":[{"href":"https:\/\/pmza.sk\/index.php?rest_route=\/wp\/v2\/types\/post"}],"author":[{"embeddable":true,"href":"https:\/\/pmza.sk\/index.php?rest_route=\/wp\/v2\/users\/2"}],"replies":[{"embeddable":true,"href":"https:\/\/pmza.sk\/index.php?rest_route=%2Fwp%2Fv2%2Fcomments&post=57072"}],"version-history":[{"count":0,"href":"https:\/\/pmza.sk\/index.php?rest_route=\/wp\/v2\/posts\/57072\/revisions"}],"wp:featuredmedia":[{"embeddable":true,"href":"https:\/\/pmza.sk\/index.php?rest_route=\/wp\/v2\/media\/57075"}],"wp:attachment":[{"href":"https:\/\/pmza.sk\/index.php?rest_route=%2Fwp%2Fv2%2Fmedia&parent=57072"}],"wp:term":[{"taxonomy":"category","embeddable":true,"href":"https:\/\/pmza.sk\/index.php?rest_route=%2Fwp%2Fv2%2Fcategories&post=57072"},{"taxonomy":"post_tag","embeddable":true,"href":"https:\/\/pmza.sk\/index.php?rest_route=%2Fwp%2Fv2%2Ftags&post=57072"}],"curies":[{"name":"wp","href":"https:\/\/api.w.org\/{rel}","templated":true}]}}