{"id":5713,"date":"2012-06-07T11:52:35","date_gmt":"2012-06-07T09:52:35","guid":{"rendered":"https:\/\/pmza.sk.sk\/?p=5713"},"modified":"2012-06-07T11:52:35","modified_gmt":"2012-06-07T09:52:35","slug":"festival-drotarstva-otvori-kohutik-jaraby","status":"publish","type":"post","link":"https:\/\/pmza.sk\/?p=5713","title":{"rendered":"Festival drot\u00e1rstva otvor\u00ed Koh\u00fatik jarab\u00fd"},"content":{"rendered":"<p><strong><\/strong><a href=\"https:\/\/pmza.sk\/wp-content\/uploads\/2012\/06\/festival-drotarstva-2011-1.jpg\"><img fetchpriority=\"high\" decoding=\"async\" class=\"alignleft size-full wp-image-5714\" style=\"margin: 4px; border: 2px solid black;\" title=\"festival drotarstva 2011 1\" src=\"https:\/\/pmza.sk\/wp-content\/uploads\/2012\/06\/festival-drotarstva-2011-1.jpg\" alt=\"\" width=\"325\" height=\"220\" \/><\/a><\/p>\n<p>Vernis\u00e1\u017e v\u00fdstavy pod n\u00e1zvom <strong>Koh\u00fatik jarab\u00fd<\/strong> na \u017eilinskej radnici symbolicky otvor\u00ed v\u00a0piatok 15. j\u00fana 2012 medzin\u00e1rodn\u00fd <strong>Festival drot\u00e1rstva 2012 a\u00a0XXII. ro\u010dn\u00edk stretnutia drot\u00e1rskych majstrov<\/strong>. \u201e<em>Festival drot\u00e1rstva, jedin\u00fd svojho druhu na Slovensku, umo\u017e\u0148uje vz\u00e1jomn\u00e9 stretnutia, diskusie, v\u00fdmenu poznatkov a sk\u00fasenost\u00ed \u013eud\u00ed, ktor\u00ed sa teoreticky alebo prakticky venuj\u00fa drot\u00e1rskej problematike. Spolu so sprievodn\u00fdmi akciami je to najreprezentat\u00edvnej\u0161ie podujatie v oblasti drot\u00e1rstva na Slovensku a ke\u010f\u017ee drot\u00e1rske remeslo presiahlo hranice Slovenska, m\u00e1 aj medzin\u00e1rodn\u00fd charakter<\/em>,\u201c povedal Boris Schubert, riadite\u013e Pova\u017esk\u00e9ho m\u00fazea v\u00a0\u017diline.<!--more--><\/p>\n<p>V\u00a0sobotu 16. a\u00a0nede\u013eu 17. j\u00fana 2012 Mari\u00e1nske n\u00e1mestie a\u00a0priestory Mestsk\u00e9ho divadla v\u00a0\u017diline o\u017eij\u00fa stretnut\u00edm a\u00a0tvoriv\u00fdmi diel\u0148ami drot\u00e1rskych majstrov pracuj\u00facich s dr\u00f4tom tradi\u010dn\u00fdmi drot\u00e1rskymi technol\u00f3giami. \u201e<em>T\u00e9mou tohoro\u010dn\u00fdch tvoriv\u00fdch dieln\u00ed je \u010darovn\u00fd svet rozpr\u00e1vok a \u00fa\u010dastn\u00edci bud\u00fa ma\u0165 za \u00falohu vytvori\u0165 z dr\u00f4tu svoju ob\u013e\u00faben\u00fa rozpr\u00e1vkov\u00fa bytos\u0165. Pre verejnos\u0165\u00a0 sme pripravili \u0161kolu dr\u00f4tovania a\u00a0detsk\u00fd k\u00fatik, kde sa ve\u013ek\u00ed i\u00a0mal\u00ed n\u00e1v\u0161tevn\u00edci m\u00f4\u017eu nau\u010di\u0165 z\u00e1klady drot\u00e1rskej techniky a zapoji\u0165 sa do dr\u00f4tovania zemegule. V sobotu popoludn\u00ed sa predstavia aj\u00a0 folkl\u00f3rne s\u00fabory z drot\u00e1rskych obc\u00ed regi\u00f3nu, ktor\u00e9 odprezentuj\u00fa zvyky a folkl\u00f3r z drot\u00e1rskeho kraja,\u201c <\/em>uviedla Katar\u00edna Hallonov\u00e1, histori\u010dka drot\u00e1rstva a\u00a0organiz\u00e1torka podujatia. Po\u010das festivalu bude ma\u0165 premi\u00e9ru i jedine\u010dn\u00fd projekt kysuck\u00e9ho drot\u00e1ra Juraja \u0160er\u00edka, ktor\u00fd bude spolu s\u00a0n\u00e1v\u0161tevn\u00edkmi podujatia vyr\u00e1ba\u0165 dr\u00f4ten\u00e9 \u201eSrdce pre Slovensko\u201c. Chce tak sp\u00e1ja\u0165 \u013eud\u00ed dobrej v\u00f4le a\u00a0\u0161\u00edri\u0165 my\u0161lienku lok\u00e1lpatriotizmu vo vz\u0165ahu k\u00a0n\u00e1\u0161mu kult\u00farnemu dedi\u010dstvu. <em>\u201e\u010eal\u0161\u00ed drot\u00e1rsky majster, J\u00e1n Madaj z\u00a0Dlh\u00e9ho Po\u013ea, pris\u013e\u00fabil, \u017ee sa vynasna\u017e\u00ed doviez\u0165 a\u00a0predstavi\u0165 unik\u00e1tny nadrozmern\u00fd drot\u00e1rsky ve\u0161iak a\u00a0najv\u00e4\u010d\u0161iu kro\u0161\u0148u na svete,\u201c<\/em> dodala Katar\u00edna Hallonov\u00e1.<\/p>\n<p>Jednozna\u010dne k najv\u00e4\u010d\u0161\u00edm l\u00e1kadl\u00e1m festivalu bude patri\u0165 obsahovo neobvykl\u00e1 v\u00fdstava Koh\u00fatik jarab\u00fd, in\u0161talovan\u00e1 na radnici v \u017diline. <em>\u201eKe\u010f\u017ee Festival drot\u00e1rstva sa\u00a0 kon\u00e1 v roku 70. v\u00fdro\u010dia zalo\u017eenia Pova\u017esk\u00e9ho m\u00fazea v \u017diline, t\u00e9mu v\u00fdstavy sme ur\u010dili pod\u013ea zna\u010dkovej identity m\u00fazea, ktorou je koh\u00fat ako logo na\u0161ej in\u0161tit\u00facie. Z\u00e1rove\u0148 je to pocta star\u00e9mu drot\u00e1rskemu majstrovi Jozefovi Kerakovi, tvorcovi rozmern\u00fdch dr\u00f4ten\u00fdch fig\u00far do prvej expoz\u00edcie novovznikaj\u00faceho m\u00fazea v\u00a0roku 1942. Jeho koh\u00fat patr\u00ed \u00a0k\u00a0t\u00fdm najvydarenej\u0161\u00edm. V\u00fdstava predstav\u00ed desiatky dr\u00f4ten\u00fdch koh\u00fatov z\u00a0r\u00fak s\u00fa\u010dasn\u00fdch drot\u00e1rskych tvorcov, ktor\u00ed tento mot\u00edv pretavili do r\u00f4znych foriem \u2013 plast\u00edk, obr\u00e1zkov \u010di reli\u00e9fov<\/em>,\u201c pokra\u010duje Katar\u00edna Hallonov\u00e1,\u00a0kur\u00e1torka v\u00fdstavy.<\/p>\n<p><strong>Festival drot\u00e1rstva 2012 a XXII. ro\u010dn\u00edk stretnutia drot\u00e1rskych majstrov <\/strong>sa uskuto\u010dn\u00ed v\u00a0d\u0148och 16. a\u017e 17. j\u00fana 2012 v\u00a0centre \u017diliny. Vernis\u00e1\u017e v\u00fdstavy Koh\u00fatik jarab\u00fd bude v\u00a0piatok 15. j\u00fana 2012 o\u00a015,30 hod. na \u017eilinskej radnici. Organiz\u00e1tormi podujatia s\u00fa \u017dilinsk\u00fd samospr\u00e1vny kraj, Pova\u017esk\u00e9 m\u00fazeum v\u00a0\u017diline, Mesto \u017dilina a\u00a0Mestsk\u00e9 divadlo \u017dilina. Projekt sa uskuto\u010dn\u00ed s\u00a0finan\u010dnou podporou Ministerstva kult\u00fary Slovenskej republiky.<\/p>\n","protected":false},"excerpt":{"rendered":"<p>Vernis\u00e1\u017e v\u00fdstavy pod n\u00e1zvom Koh\u00fatik jarab\u00fd na \u017eilinskej radnici symbolicky otvor\u00ed v\u00a0piatok 15. j\u00fana 2012 medzin\u00e1rodn\u00fd Festival drot\u00e1rstva 2012 a\u00a0XXII. ro\u010dn\u00edk stretnutia drot\u00e1rskych majstrov. \u201eFestival drot\u00e1rstva, jedin\u00fd svojho druhu na Slovensku, umo\u017e\u0148uje vz\u00e1jomn\u00e9 stretnutia, diskusie, v\u00fdmenu poznatkov a sk\u00fasenost\u00ed \u013eud\u00ed, ktor\u00ed sa teoreticky alebo prakticky venuj\u00fa drot\u00e1rskej problematike. Spolu so sprievodn\u00fdmi akciami je to najreprezentat\u00edvnej\u0161ie [&hellip;]<\/p>\n","protected":false},"author":2,"featured_media":0,"comment_status":"closed","ping_status":"closed","sticky":false,"template":"","format":"standard","meta":{"site-sidebar-layout":"default","site-content-layout":"","ast-site-content-layout":"","site-content-style":"default","site-sidebar-style":"default","ast-global-header-display":"","ast-banner-title-visibility":"","ast-main-header-display":"","ast-hfb-above-header-display":"","ast-hfb-below-header-display":"","ast-hfb-mobile-header-display":"","site-post-title":"","ast-breadcrumbs-content":"","ast-featured-img":"","footer-sml-layout":"","theme-transparent-header-meta":"","adv-header-id-meta":"","stick-header-meta":"","header-above-stick-meta":"","header-main-stick-meta":"","header-below-stick-meta":"","astra-migrate-meta-layouts":"default","ast-page-background-enabled":"default","ast-page-background-meta":{"desktop":{"background-color":"var(--ast-global-color-4)","background-image":"","background-repeat":"repeat","background-position":"center center","background-size":"auto","background-attachment":"scroll","background-type":"","background-media":"","overlay-type":"","overlay-color":"","overlay-opacity":"","overlay-gradient":""},"tablet":{"background-color":"","background-image":"","background-repeat":"repeat","background-position":"center center","background-size":"auto","background-attachment":"scroll","background-type":"","background-media":"","overlay-type":"","overlay-color":"","overlay-opacity":"","overlay-gradient":""},"mobile":{"background-color":"","background-image":"","background-repeat":"repeat","background-position":"center center","background-size":"auto","background-attachment":"scroll","background-type":"","background-media":"","overlay-type":"","overlay-color":"","overlay-opacity":"","overlay-gradient":""}},"ast-content-background-meta":{"desktop":{"background-color":"var(--ast-global-color-5)","background-image":"","background-repeat":"repeat","background-position":"center center","background-size":"auto","background-attachment":"scroll","background-type":"","background-media":"","overlay-type":"","overlay-color":"","overlay-opacity":"","overlay-gradient":""},"tablet":{"background-color":"var(--ast-global-color-5)","background-image":"","background-repeat":"repeat","background-position":"center center","background-size":"auto","background-attachment":"scroll","background-type":"","background-media":"","overlay-type":"","overlay-color":"","overlay-opacity":"","overlay-gradient":""},"mobile":{"background-color":"var(--ast-global-color-5)","background-image":"","background-repeat":"repeat","background-position":"center center","background-size":"auto","background-attachment":"scroll","background-type":"","background-media":"","overlay-type":"","overlay-color":"","overlay-opacity":"","overlay-gradient":""}},"footnotes":""},"categories":[32],"tags":[],"class_list":["post-5713","post","type-post","status-publish","format-standard","hentry","category-archiv-2012"],"yoast_head":"<!-- This site is optimized with the Yoast SEO plugin v27.4 - https:\/\/yoast.com\/product\/yoast-seo-wordpress\/ -->\n<title>Festival drot\u00e1rstva otvor\u00ed Koh\u00fatik jarab\u00fd - Pova\u017esk\u00e9 m\u00fazeum<\/title>\n<meta name=\"robots\" content=\"index, follow, max-snippet:-1, max-image-preview:large, max-video-preview:-1\" \/>\n<link rel=\"canonical\" href=\"https:\/\/pmza.sk\/?p=5713\" \/>\n<meta property=\"og:locale\" content=\"sk_SK\" \/>\n<meta property=\"og:type\" content=\"article\" \/>\n<meta property=\"og:title\" content=\"Festival drot\u00e1rstva otvor\u00ed Koh\u00fatik jarab\u00fd - Pova\u017esk\u00e9 m\u00fazeum\" \/>\n<meta property=\"og:description\" content=\"Vernis\u00e1\u017e v\u00fdstavy pod n\u00e1zvom Koh\u00fatik jarab\u00fd na \u017eilinskej radnici symbolicky otvor\u00ed v\u00a0piatok 15. j\u00fana 2012 medzin\u00e1rodn\u00fd Festival drot\u00e1rstva 2012 a\u00a0XXII. ro\u010dn\u00edk stretnutia drot\u00e1rskych majstrov. \u201eFestival drot\u00e1rstva, jedin\u00fd svojho druhu na Slovensku, umo\u017e\u0148uje vz\u00e1jomn\u00e9 stretnutia, diskusie, v\u00fdmenu poznatkov a sk\u00fasenost\u00ed \u013eud\u00ed, ktor\u00ed sa teoreticky alebo prakticky venuj\u00fa drot\u00e1rskej problematike. Spolu so sprievodn\u00fdmi akciami je to najreprezentat\u00edvnej\u0161ie [&hellip;]\" \/>\n<meta property=\"og:url\" content=\"https:\/\/pmza.sk\/?p=5713\" \/>\n<meta property=\"og:site_name\" content=\"Pova\u017esk\u00e9 m\u00fazeum\" \/>\n<meta property=\"article:publisher\" content=\"https:\/\/www.facebook.com\/povazskemuzeum\" \/>\n<meta property=\"article:published_time\" content=\"2012-06-07T09:52:35+00:00\" \/>\n<meta property=\"og:image\" content=\"https:\/\/pmza.sk\/wp-content\/uploads\/2012\/06\/festival-drotarstva-2011-1.jpg\" \/>\n<meta name=\"author\" content=\"Pova\u017esk\u00e9 m\u00fazeum\" \/>\n<meta name=\"twitter:card\" content=\"summary_large_image\" \/>\n<meta name=\"twitter:label1\" content=\"Autor\" \/>\n\t<meta name=\"twitter:data1\" content=\"Pova\u017esk\u00e9 m\u00fazeum\" \/>\n\t<meta name=\"twitter:label2\" content=\"Predpokladan\u00fd \u010das \u010d\u00edtania\" \/>\n\t<meta name=\"twitter:data2\" content=\"3 min\u00faty\" \/>\n<script type=\"application\/ld+json\" class=\"yoast-schema-graph\">{\"@context\":\"https:\\\/\\\/schema.org\",\"@graph\":[{\"@type\":\"Article\",\"@id\":\"https:\\\/\\\/pmza.sk\\\/?p=5713#article\",\"isPartOf\":{\"@id\":\"https:\\\/\\\/pmza.sk\\\/?p=5713\"},\"author\":{\"name\":\"Pova\u017esk\u00e9 m\u00fazeum\",\"@id\":\"https:\\\/\\\/pmza.sk\\\/#\\\/schema\\\/person\\\/595e6a2ce731ea94dcd5d7f50a41ae33\"},\"headline\":\"Festival drot\u00e1rstva otvor\u00ed Koh\u00fatik jarab\u00fd\",\"datePublished\":\"2012-06-07T09:52:35+00:00\",\"mainEntityOfPage\":{\"@id\":\"https:\\\/\\\/pmza.sk\\\/?p=5713\"},\"wordCount\":579,\"publisher\":{\"@id\":\"https:\\\/\\\/pmza.sk\\\/#organization\"},\"image\":{\"@id\":\"https:\\\/\\\/pmza.sk\\\/?p=5713#primaryimage\"},\"thumbnailUrl\":\"http:\\\/\\\/pmza.sk\\\/wp-content\\\/uploads\\\/2012\\\/06\\\/festival-drotarstva-2011-1.jpg\",\"articleSection\":[\"Arch\u00edv 2012\"],\"inLanguage\":\"sk-SK\"},{\"@type\":\"WebPage\",\"@id\":\"https:\\\/\\\/pmza.sk\\\/?p=5713\",\"url\":\"https:\\\/\\\/pmza.sk\\\/?p=5713\",\"name\":\"Festival drot\u00e1rstva otvor\u00ed Koh\u00fatik jarab\u00fd - Pova\u017esk\u00e9 m\u00fazeum\",\"isPartOf\":{\"@id\":\"https:\\\/\\\/pmza.sk\\\/#website\"},\"primaryImageOfPage\":{\"@id\":\"https:\\\/\\\/pmza.sk\\\/?p=5713#primaryimage\"},\"image\":{\"@id\":\"https:\\\/\\\/pmza.sk\\\/?p=5713#primaryimage\"},\"thumbnailUrl\":\"http:\\\/\\\/pmza.sk\\\/wp-content\\\/uploads\\\/2012\\\/06\\\/festival-drotarstva-2011-1.jpg\",\"datePublished\":\"2012-06-07T09:52:35+00:00\",\"breadcrumb\":{\"@id\":\"https:\\\/\\\/pmza.sk\\\/?p=5713#breadcrumb\"},\"inLanguage\":\"sk-SK\",\"potentialAction\":[{\"@type\":\"ReadAction\",\"target\":[\"https:\\\/\\\/pmza.sk\\\/?p=5713\"]}]},{\"@type\":\"ImageObject\",\"inLanguage\":\"sk-SK\",\"@id\":\"https:\\\/\\\/pmza.sk\\\/?p=5713#primaryimage\",\"url\":\"https:\\\/\\\/pmza.sk\\\/wp-content\\\/uploads\\\/2012\\\/06\\\/festival-drotarstva-2011-1.jpg\",\"contentUrl\":\"https:\\\/\\\/pmza.sk\\\/wp-content\\\/uploads\\\/2012\\\/06\\\/festival-drotarstva-2011-1.jpg\",\"width\":640,\"height\":427},{\"@type\":\"BreadcrumbList\",\"@id\":\"https:\\\/\\\/pmza.sk\\\/?p=5713#breadcrumb\",\"itemListElement\":[{\"@type\":\"ListItem\",\"position\":1,\"name\":\"Domovsk\u00e1 str\u00e1nka\",\"item\":\"https:\\\/\\\/pmza.sk\\\/\"},{\"@type\":\"ListItem\",\"position\":2,\"name\":\"Festival drot\u00e1rstva otvor\u00ed Koh\u00fatik jarab\u00fd\"}]},{\"@type\":\"WebSite\",\"@id\":\"https:\\\/\\\/pmza.sk\\\/#website\",\"url\":\"https:\\\/\\\/pmza.sk\\\/\",\"name\":\"Pova\u017esk\u00e9 m\u00fazeum\",\"description\":\"Pova\u017esk\u00e9 m\u00fazeum v \u017diline je region\u00e1lne m\u00fazeum so s\u00eddlom v Budat\u00edne. Jeho expoz\u00edcie s\u00fa zameran\u00e9 na dejiny slovensk\u00e9ho umenia, kult\u00fary a dopravy.\",\"publisher\":{\"@id\":\"https:\\\/\\\/pmza.sk\\\/#organization\"},\"potentialAction\":[{\"@type\":\"SearchAction\",\"target\":{\"@type\":\"EntryPoint\",\"urlTemplate\":\"https:\\\/\\\/pmza.sk\\\/?s={search_term_string}\"},\"query-input\":{\"@type\":\"PropertyValueSpecification\",\"valueRequired\":true,\"valueName\":\"search_term_string\"}}],\"inLanguage\":\"sk-SK\"},{\"@type\":\"Organization\",\"@id\":\"https:\\\/\\\/pmza.sk\\\/#organization\",\"name\":\"Pova\u017esk\u00e9 m\u00fazeum\",\"url\":\"https:\\\/\\\/pmza.sk\\\/\",\"logo\":{\"@type\":\"ImageObject\",\"inLanguage\":\"sk-SK\",\"@id\":\"https:\\\/\\\/pmza.sk\\\/#\\\/schema\\\/logo\\\/image\\\/\",\"url\":\"https:\\\/\\\/pmza.sk\\\/wp-content\\\/uploads\\\/2022\\\/01\\\/logo_PM_horizontal.jpg\",\"contentUrl\":\"https:\\\/\\\/pmza.sk\\\/wp-content\\\/uploads\\\/2022\\\/01\\\/logo_PM_horizontal.jpg\",\"width\":231,\"height\":142,\"caption\":\"Pova\u017esk\u00e9 m\u00fazeum\"},\"image\":{\"@id\":\"https:\\\/\\\/pmza.sk\\\/#\\\/schema\\\/logo\\\/image\\\/\"},\"sameAs\":[\"https:\\\/\\\/www.facebook.com\\\/povazskemuzeum\",\"https:\\\/\\\/www.instagram.com\\\/povazskemuzeum\\\/\"]},{\"@type\":\"Person\",\"@id\":\"https:\\\/\\\/pmza.sk\\\/#\\\/schema\\\/person\\\/595e6a2ce731ea94dcd5d7f50a41ae33\",\"name\":\"Pova\u017esk\u00e9 m\u00fazeum\",\"image\":{\"@type\":\"ImageObject\",\"inLanguage\":\"sk-SK\",\"@id\":\"https:\\\/\\\/secure.gravatar.com\\\/avatar\\\/2bb7f1561282132fb5826dfeccc66c7996d11ee392ac6aaf7ced8a1c2027fbb2?s=96&d=mm&r=g\",\"url\":\"https:\\\/\\\/secure.gravatar.com\\\/avatar\\\/2bb7f1561282132fb5826dfeccc66c7996d11ee392ac6aaf7ced8a1c2027fbb2?s=96&d=mm&r=g\",\"contentUrl\":\"https:\\\/\\\/secure.gravatar.com\\\/avatar\\\/2bb7f1561282132fb5826dfeccc66c7996d11ee392ac6aaf7ced8a1c2027fbb2?s=96&d=mm&r=g\",\"caption\":\"Pova\u017esk\u00e9 m\u00fazeum\"}}]}<\/script>\n<!-- \/ Yoast SEO plugin. -->","yoast_head_json":{"title":"Festival drot\u00e1rstva otvor\u00ed Koh\u00fatik jarab\u00fd - Pova\u017esk\u00e9 m\u00fazeum","robots":{"index":"index","follow":"follow","max-snippet":"max-snippet:-1","max-image-preview":"max-image-preview:large","max-video-preview":"max-video-preview:-1"},"canonical":"https:\/\/pmza.sk\/?p=5713","og_locale":"sk_SK","og_type":"article","og_title":"Festival drot\u00e1rstva otvor\u00ed Koh\u00fatik jarab\u00fd - Pova\u017esk\u00e9 m\u00fazeum","og_description":"Vernis\u00e1\u017e v\u00fdstavy pod n\u00e1zvom Koh\u00fatik jarab\u00fd na \u017eilinskej radnici symbolicky otvor\u00ed v\u00a0piatok 15. j\u00fana 2012 medzin\u00e1rodn\u00fd Festival drot\u00e1rstva 2012 a\u00a0XXII. ro\u010dn\u00edk stretnutia drot\u00e1rskych majstrov. \u201eFestival drot\u00e1rstva, jedin\u00fd svojho druhu na Slovensku, umo\u017e\u0148uje vz\u00e1jomn\u00e9 stretnutia, diskusie, v\u00fdmenu poznatkov a sk\u00fasenost\u00ed \u013eud\u00ed, ktor\u00ed sa teoreticky alebo prakticky venuj\u00fa drot\u00e1rskej problematike. Spolu so sprievodn\u00fdmi akciami je to najreprezentat\u00edvnej\u0161ie [&hellip;]","og_url":"https:\/\/pmza.sk\/?p=5713","og_site_name":"Pova\u017esk\u00e9 m\u00fazeum","article_publisher":"https:\/\/www.facebook.com\/povazskemuzeum","article_published_time":"2012-06-07T09:52:35+00:00","og_image":[{"url":"https:\/\/pmza.sk\/wp-content\/uploads\/2012\/06\/festival-drotarstva-2011-1.jpg","type":"","width":"","height":""}],"author":"Pova\u017esk\u00e9 m\u00fazeum","twitter_card":"summary_large_image","twitter_misc":{"Autor":"Pova\u017esk\u00e9 m\u00fazeum","Predpokladan\u00fd \u010das \u010d\u00edtania":"3 min\u00faty"},"schema":{"@context":"https:\/\/schema.org","@graph":[{"@type":"Article","@id":"https:\/\/pmza.sk\/?p=5713#article","isPartOf":{"@id":"https:\/\/pmza.sk\/?p=5713"},"author":{"name":"Pova\u017esk\u00e9 m\u00fazeum","@id":"https:\/\/pmza.sk\/#\/schema\/person\/595e6a2ce731ea94dcd5d7f50a41ae33"},"headline":"Festival drot\u00e1rstva otvor\u00ed Koh\u00fatik jarab\u00fd","datePublished":"2012-06-07T09:52:35+00:00","mainEntityOfPage":{"@id":"https:\/\/pmza.sk\/?p=5713"},"wordCount":579,"publisher":{"@id":"https:\/\/pmza.sk\/#organization"},"image":{"@id":"https:\/\/pmza.sk\/?p=5713#primaryimage"},"thumbnailUrl":"https:\/\/pmza.sk\/wp-content\/uploads\/2012\/06\/festival-drotarstva-2011-1.jpg","articleSection":["Arch\u00edv 2012"],"inLanguage":"sk-SK"},{"@type":"WebPage","@id":"https:\/\/pmza.sk\/?p=5713","url":"https:\/\/pmza.sk\/?p=5713","name":"Festival drot\u00e1rstva otvor\u00ed Koh\u00fatik jarab\u00fd - Pova\u017esk\u00e9 m\u00fazeum","isPartOf":{"@id":"https:\/\/pmza.sk\/#website"},"primaryImageOfPage":{"@id":"https:\/\/pmza.sk\/?p=5713#primaryimage"},"image":{"@id":"https:\/\/pmza.sk\/?p=5713#primaryimage"},"thumbnailUrl":"https:\/\/pmza.sk\/wp-content\/uploads\/2012\/06\/festival-drotarstva-2011-1.jpg","datePublished":"2012-06-07T09:52:35+00:00","breadcrumb":{"@id":"https:\/\/pmza.sk\/?p=5713#breadcrumb"},"inLanguage":"sk-SK","potentialAction":[{"@type":"ReadAction","target":["https:\/\/pmza.sk\/?p=5713"]}]},{"@type":"ImageObject","inLanguage":"sk-SK","@id":"https:\/\/pmza.sk\/?p=5713#primaryimage","url":"https:\/\/pmza.sk\/wp-content\/uploads\/2012\/06\/festival-drotarstva-2011-1.jpg","contentUrl":"https:\/\/pmza.sk\/wp-content\/uploads\/2012\/06\/festival-drotarstva-2011-1.jpg","width":640,"height":427},{"@type":"BreadcrumbList","@id":"https:\/\/pmza.sk\/?p=5713#breadcrumb","itemListElement":[{"@type":"ListItem","position":1,"name":"Domovsk\u00e1 str\u00e1nka","item":"https:\/\/pmza.sk\/"},{"@type":"ListItem","position":2,"name":"Festival drot\u00e1rstva otvor\u00ed Koh\u00fatik jarab\u00fd"}]},{"@type":"WebSite","@id":"https:\/\/pmza.sk\/#website","url":"https:\/\/pmza.sk\/","name":"Pova\u017esk\u00e9 m\u00fazeum","description":"Pova\u017esk\u00e9 m\u00fazeum v \u017diline je region\u00e1lne m\u00fazeum so s\u00eddlom v Budat\u00edne. Jeho expoz\u00edcie s\u00fa zameran\u00e9 na dejiny slovensk\u00e9ho umenia, kult\u00fary a dopravy.","publisher":{"@id":"https:\/\/pmza.sk\/#organization"},"potentialAction":[{"@type":"SearchAction","target":{"@type":"EntryPoint","urlTemplate":"https:\/\/pmza.sk\/?s={search_term_string}"},"query-input":{"@type":"PropertyValueSpecification","valueRequired":true,"valueName":"search_term_string"}}],"inLanguage":"sk-SK"},{"@type":"Organization","@id":"https:\/\/pmza.sk\/#organization","name":"Pova\u017esk\u00e9 m\u00fazeum","url":"https:\/\/pmza.sk\/","logo":{"@type":"ImageObject","inLanguage":"sk-SK","@id":"https:\/\/pmza.sk\/#\/schema\/logo\/image\/","url":"https:\/\/pmza.sk\/wp-content\/uploads\/2022\/01\/logo_PM_horizontal.jpg","contentUrl":"https:\/\/pmza.sk\/wp-content\/uploads\/2022\/01\/logo_PM_horizontal.jpg","width":231,"height":142,"caption":"Pova\u017esk\u00e9 m\u00fazeum"},"image":{"@id":"https:\/\/pmza.sk\/#\/schema\/logo\/image\/"},"sameAs":["https:\/\/www.facebook.com\/povazskemuzeum","https:\/\/www.instagram.com\/povazskemuzeum\/"]},{"@type":"Person","@id":"https:\/\/pmza.sk\/#\/schema\/person\/595e6a2ce731ea94dcd5d7f50a41ae33","name":"Pova\u017esk\u00e9 m\u00fazeum","image":{"@type":"ImageObject","inLanguage":"sk-SK","@id":"https:\/\/secure.gravatar.com\/avatar\/2bb7f1561282132fb5826dfeccc66c7996d11ee392ac6aaf7ced8a1c2027fbb2?s=96&d=mm&r=g","url":"https:\/\/secure.gravatar.com\/avatar\/2bb7f1561282132fb5826dfeccc66c7996d11ee392ac6aaf7ced8a1c2027fbb2?s=96&d=mm&r=g","contentUrl":"https:\/\/secure.gravatar.com\/avatar\/2bb7f1561282132fb5826dfeccc66c7996d11ee392ac6aaf7ced8a1c2027fbb2?s=96&d=mm&r=g","caption":"Pova\u017esk\u00e9 m\u00fazeum"}}]}},"_links":{"self":[{"href":"https:\/\/pmza.sk\/index.php?rest_route=\/wp\/v2\/posts\/5713","targetHints":{"allow":["GET"]}}],"collection":[{"href":"https:\/\/pmza.sk\/index.php?rest_route=\/wp\/v2\/posts"}],"about":[{"href":"https:\/\/pmza.sk\/index.php?rest_route=\/wp\/v2\/types\/post"}],"author":[{"embeddable":true,"href":"https:\/\/pmza.sk\/index.php?rest_route=\/wp\/v2\/users\/2"}],"replies":[{"embeddable":true,"href":"https:\/\/pmza.sk\/index.php?rest_route=%2Fwp%2Fv2%2Fcomments&post=5713"}],"version-history":[{"count":0,"href":"https:\/\/pmza.sk\/index.php?rest_route=\/wp\/v2\/posts\/5713\/revisions"}],"wp:attachment":[{"href":"https:\/\/pmza.sk\/index.php?rest_route=%2Fwp%2Fv2%2Fmedia&parent=5713"}],"wp:term":[{"taxonomy":"category","embeddable":true,"href":"https:\/\/pmza.sk\/index.php?rest_route=%2Fwp%2Fv2%2Fcategories&post=5713"},{"taxonomy":"post_tag","embeddable":true,"href":"https:\/\/pmza.sk\/index.php?rest_route=%2Fwp%2Fv2%2Ftags&post=5713"}],"curies":[{"name":"wp","href":"https:\/\/api.w.org\/{rel}","templated":true}]}}