{"id":57149,"date":"2023-07-03T08:07:22","date_gmt":"2023-07-03T06:07:22","guid":{"rendered":"https:\/\/pmza.sk\/?p=57149"},"modified":"2023-07-24T06:53:17","modified_gmt":"2023-07-24T04:53:17","slug":"dracie-dni-3","status":"publish","type":"post","link":"https:\/\/pmza.sk\/?p=57149","title":{"rendered":"Dra\u010die dni"},"content":{"rendered":"<p><strong>Vst\u00fapte do sveta rozpr\u00e1vok s\u00a0festivalom Dra\u010die dni!<\/strong><\/p>\n<p><em>Dra\u010die dni s\u00fa origin\u00e1lny rozpr\u00e1vkov\u00fd festival pre cel\u00fa rodinu. Pr\u00edbehy tu v\u0161ak nie s\u00fa iba na pozeranie, ale sami sa st\u00e1vate ich s\u00fa\u010das\u0165ou. Vst\u00fapte s\u00a0nami do sveta drakov, princezien a\u00a0\u010darov. Te\u0161\u00edme sa na v\u00e1s u\u017e 22. a\u00a023. j\u00fala na Budat\u00ednskom hrade.<\/em><\/p>\n<p>Poz\u00fdvame za\u017ei\u0165 pr\u00edbeh o kr\u00e1\u013eovskej svadbe, po\u010das ktor\u00e9ho n\u00e1s spolo\u010dne \u010dak\u00e1 mno\u017estvo smiechu aj \u00faskal\u00ed. Mal\u00fd dr\u00e1\u010dik Arno\u0161t sa nau\u010d\u00ed nov\u00fdm schopnostiam a mlad\u00e9mu kr\u00e1\u013eovsk\u00e9mu p\u00e1ru medzi\u010dasom poriadne zamie\u0161a pl\u00e1nmi bosorka. Ne\u0161ikovn\u00fdm sledom udalost\u00ed toti\u017e padne na princezn\u00fa kliatba, a to rovno uprostred svadobn\u00fdch pr\u00edprav.<\/p>\n<p>Te\u0161i\u0165 sa v\u0161ak m\u00f4\u017eete aj na celkom nov\u00fd \u0161t\u00fdl z\u00e1\u017eitku. Dra\u010die dni toti\u017e nie s\u00fa iba na pozeranie. Aby sme spolo\u010dne bosorkinu kliatbu zlomili, mus\u00edme sa vybra\u0165 na rozpr\u00e1vkov\u00fa p\u00e1traciu v\u00fdpravu. Bude vy\u017eadova\u0165 odvahu aj um v\u0161etk\u00fdch det\u00ed, ktor\u00e9 v r\u00e1mci pr\u00edbehu postupne nav\u0161t\u00edvia p\u00e4\u0165 kr\u00e1\u013eovsk\u00fdch komn\u00e1t. A po \u010dom bud\u00fa v komnat\u00e1ch vlastne p\u00e1tra\u0165? Predsa po \u010darovnom zakl\u00ednadle! Splnen\u00edm hrav\u00fdch \u00faloh z\u00edskaj\u00fa detsk\u00ed n\u00e1v\u0161tevn\u00edci v ka\u017edej komnate jednu \u010das\u0165 zakl\u00ednadla. Ka\u017ed\u00e9 z det\u00ed, ktor\u00e9 pom\u00f4\u017ee zachr\u00e1ni\u0165 princezn\u00fa, ocen\u00edme R\u00e1dom dra\u010dieho kr\u00e1\u013eovstva.<\/p>\n<p>Pr\u00edbehom v\u00e1s preved\u00fa sk\u00fasen\u00ed herci, ktor\u00fdch pozn\u00e1te z divadla aj telev\u00edznych obrazoviek. V hlavn\u00fdch \u00faloh\u00e1ch sa m\u00f4\u017eete te\u0161i\u0165 na Marka Igondu, Anik\u00f3 Vargov\u00fa, M\u00e1ria Zeumera, Ivanu Kolo\u0161ov\u00fa a Davida Kaka\u0161a.<\/p>\n<p>Ste pripraven\u00ed odd\u00fdchnu\u0165 si od reality a vst\u00fapi\u0165 do sveta rozpr\u00e1vok?<\/p>\n<p><em>Program a\u00a0vstupenky n\u00e1jdete na webe: <a href=\"http:\/\/www.DracieDni.sk\"><strong>www.DracieDni.sk<\/strong><\/a><\/em><\/p>\n<div class=\"wp-block-image\"><img fetchpriority=\"high\" decoding=\"async\" class=\"alignnone size-medium wp-image-57155\" src=\"https:\/\/pmza.sk\/wp-content\/uploads\/2023\/07\/dd23_budatin_plagat-254x360.jpg\" alt=\"\" width=\"254\" height=\"360\" srcset=\"https:\/\/pmza.sk\/wp-content\/uploads\/2023\/07\/dd23_budatin_plagat-254x360.jpg 254w, https:\/\/pmza.sk\/wp-content\/uploads\/2023\/07\/dd23_budatin_plagat-519x736.jpg 519w, https:\/\/pmza.sk\/wp-content\/uploads\/2023\/07\/dd23_budatin_plagat-768x1090.jpg 768w, https:\/\/pmza.sk\/wp-content\/uploads\/2023\/07\/dd23_budatin_plagat-1083x1536.jpg 1083w, https:\/\/pmza.sk\/wp-content\/uploads\/2023\/07\/dd23_budatin_plagat-1444x2048.jpg 1444w, https:\/\/pmza.sk\/wp-content\/uploads\/2023\/07\/dd23_budatin_plagat-600x851.jpg 600w, https:\/\/pmza.sk\/wp-content\/uploads\/2023\/07\/dd23_budatin_plagat.jpg 1748w\" sizes=\"(max-width: 254px) 100vw, 254px\" \/><\/div>\n<div>Plag\u00e1t v plnej ve\u013ekosti <a href=\"https:\/\/pmza.sk\/wp-content\/uploads\/2023\/07\/dd23_budatin_plagat.pdf\">TU<\/a><\/div>\n","protected":false},"excerpt":{"rendered":"<p>Vst\u00fapte do sveta rozpr\u00e1vok s\u00a0festivalom Dra\u010die dni! Dra\u010die dni s\u00fa origin\u00e1lny rozpr\u00e1vkov\u00fd festival pre cel\u00fa rodinu. Pr\u00edbehy tu v\u0161ak nie s\u00fa iba na pozeranie, ale sami sa st\u00e1vate ich s\u00fa\u010das\u0165ou. Vst\u00fapte s\u00a0nami do sveta drakov, princezien a\u00a0\u010darov. Te\u0161\u00edme sa na v\u00e1s u\u017e 22. a\u00a023. j\u00fala na Budat\u00ednskom hrade. Poz\u00fdvame za\u017ei\u0165 pr\u00edbeh o kr\u00e1\u013eovskej svadbe, po\u010das [&hellip;]<\/p>\n","protected":false},"author":2,"featured_media":57150,"comment_status":"open","ping_status":"open","sticky":false,"template":"","format":"standard","meta":{"site-sidebar-layout":"default","site-content-layout":"default","ast-site-content-layout":"","site-content-style":"default","site-sidebar-style":"default","ast-global-header-display":"","ast-banner-title-visibility":"","ast-main-header-display":"","ast-hfb-above-header-display":"","ast-hfb-below-header-display":"","ast-hfb-mobile-header-display":"","site-post-title":"","ast-breadcrumbs-content":"","ast-featured-img":"","footer-sml-layout":"","theme-transparent-header-meta":"default","adv-header-id-meta":"","stick-header-meta":"default","header-above-stick-meta":"","header-main-stick-meta":"","header-below-stick-meta":"","astra-migrate-meta-layouts":"default","ast-page-background-enabled":"default","ast-page-background-meta":{"desktop":{"background-color":"var(--ast-global-color-4)","background-image":"","background-repeat":"repeat","background-position":"center center","background-size":"auto","background-attachment":"scroll","background-type":"","background-media":"","overlay-type":"","overlay-color":"","overlay-opacity":"","overlay-gradient":""},"tablet":{"background-color":"","background-image":"","background-repeat":"repeat","background-position":"center center","background-size":"auto","background-attachment":"scroll","background-type":"","background-media":"","overlay-type":"","overlay-color":"","overlay-opacity":"","overlay-gradient":""},"mobile":{"background-color":"","background-image":"","background-repeat":"repeat","background-position":"center center","background-size":"auto","background-attachment":"scroll","background-type":"","background-media":"","overlay-type":"","overlay-color":"","overlay-opacity":"","overlay-gradient":""}},"ast-content-background-meta":{"desktop":{"background-color":"var(--ast-global-color-5)","background-image":"","background-repeat":"repeat","background-position":"center center","background-size":"auto","background-attachment":"scroll","background-type":"","background-media":"","overlay-type":"","overlay-color":"","overlay-opacity":"","overlay-gradient":""},"tablet":{"background-color":"var(--ast-global-color-5)","background-image":"","background-repeat":"repeat","background-position":"center center","background-size":"auto","background-attachment":"scroll","background-type":"","background-media":"","overlay-type":"","overlay-color":"","overlay-opacity":"","overlay-gradient":""},"mobile":{"background-color":"var(--ast-global-color-5)","background-image":"","background-repeat":"repeat","background-position":"center center","background-size":"auto","background-attachment":"scroll","background-type":"","background-media":"","overlay-type":"","overlay-color":"","overlay-opacity":"","overlay-gradient":""}},"footnotes":""},"categories":[71],"tags":[],"class_list":["post-57149","post","type-post","status-publish","format-standard","has-post-thumbnail","hentry","category-podujatia"],"yoast_head":"<!-- This site is optimized with the Yoast SEO plugin v27.4 - https:\/\/yoast.com\/product\/yoast-seo-wordpress\/ -->\n<title>Dra\u010die dni - Pova\u017esk\u00e9 m\u00fazeum<\/title>\n<meta name=\"robots\" content=\"index, follow, max-snippet:-1, max-image-preview:large, max-video-preview:-1\" \/>\n<link rel=\"canonical\" href=\"https:\/\/pmza.sk\/?p=57149\" \/>\n<meta property=\"og:locale\" content=\"sk_SK\" \/>\n<meta property=\"og:type\" content=\"article\" \/>\n<meta property=\"og:title\" content=\"Dra\u010die dni - Pova\u017esk\u00e9 m\u00fazeum\" \/>\n<meta property=\"og:description\" content=\"Vst\u00fapte do sveta rozpr\u00e1vok s\u00a0festivalom Dra\u010die dni! Dra\u010die dni s\u00fa origin\u00e1lny rozpr\u00e1vkov\u00fd festival pre cel\u00fa rodinu. Pr\u00edbehy tu v\u0161ak nie s\u00fa iba na pozeranie, ale sami sa st\u00e1vate ich s\u00fa\u010das\u0165ou. Vst\u00fapte s\u00a0nami do sveta drakov, princezien a\u00a0\u010darov. Te\u0161\u00edme sa na v\u00e1s u\u017e 22. a\u00a023. j\u00fala na Budat\u00ednskom hrade. Poz\u00fdvame za\u017ei\u0165 pr\u00edbeh o kr\u00e1\u013eovskej svadbe, po\u010das [&hellip;]\" \/>\n<meta property=\"og:url\" content=\"https:\/\/pmza.sk\/?p=57149\" \/>\n<meta property=\"og:site_name\" content=\"Pova\u017esk\u00e9 m\u00fazeum\" \/>\n<meta property=\"article:publisher\" content=\"https:\/\/www.facebook.com\/povazskemuzeum\" \/>\n<meta property=\"article:published_time\" content=\"2023-07-03T06:07:22+00:00\" \/>\n<meta property=\"article:modified_time\" content=\"2023-07-24T04:53:17+00:00\" \/>\n<meta property=\"og:image\" content=\"https:\/\/pmza.sk\/wp-content\/uploads\/2023\/07\/dd_budatin_stvorec.jpg\" \/>\n\t<meta property=\"og:image:width\" content=\"2000\" \/>\n\t<meta property=\"og:image:height\" content=\"2000\" \/>\n\t<meta property=\"og:image:type\" content=\"image\/jpeg\" \/>\n<meta name=\"author\" content=\"Pova\u017esk\u00e9 m\u00fazeum\" \/>\n<meta name=\"twitter:card\" content=\"summary_large_image\" \/>\n<meta name=\"twitter:label1\" content=\"Autor\" \/>\n\t<meta name=\"twitter:data1\" content=\"Pova\u017esk\u00e9 m\u00fazeum\" \/>\n\t<meta name=\"twitter:label2\" content=\"Predpokladan\u00fd \u010das \u010d\u00edtania\" \/>\n\t<meta name=\"twitter:data2\" content=\"2 min\u00faty\" \/>\n<script type=\"application\/ld+json\" class=\"yoast-schema-graph\">{\"@context\":\"https:\\\/\\\/schema.org\",\"@graph\":[{\"@type\":\"Article\",\"@id\":\"https:\\\/\\\/pmza.sk\\\/?p=57149#article\",\"isPartOf\":{\"@id\":\"https:\\\/\\\/pmza.sk\\\/?p=57149\"},\"author\":{\"name\":\"Pova\u017esk\u00e9 m\u00fazeum\",\"@id\":\"https:\\\/\\\/pmza.sk\\\/#\\\/schema\\\/person\\\/595e6a2ce731ea94dcd5d7f50a41ae33\"},\"headline\":\"Dra\u010die dni\",\"datePublished\":\"2023-07-03T06:07:22+00:00\",\"dateModified\":\"2023-07-24T04:53:17+00:00\",\"mainEntityOfPage\":{\"@id\":\"https:\\\/\\\/pmza.sk\\\/?p=57149\"},\"wordCount\":332,\"commentCount\":0,\"publisher\":{\"@id\":\"https:\\\/\\\/pmza.sk\\\/#organization\"},\"image\":{\"@id\":\"https:\\\/\\\/pmza.sk\\\/?p=57149#primaryimage\"},\"thumbnailUrl\":\"https:\\\/\\\/pmza.sk\\\/wp-content\\\/uploads\\\/2023\\\/07\\\/dd_budatin_stvorec.jpg\",\"articleSection\":[\"Podujatia\"],\"inLanguage\":\"sk-SK\"},{\"@type\":\"WebPage\",\"@id\":\"https:\\\/\\\/pmza.sk\\\/?p=57149\",\"url\":\"https:\\\/\\\/pmza.sk\\\/?p=57149\",\"name\":\"Dra\u010die dni - Pova\u017esk\u00e9 m\u00fazeum\",\"isPartOf\":{\"@id\":\"https:\\\/\\\/pmza.sk\\\/#website\"},\"primaryImageOfPage\":{\"@id\":\"https:\\\/\\\/pmza.sk\\\/?p=57149#primaryimage\"},\"image\":{\"@id\":\"https:\\\/\\\/pmza.sk\\\/?p=57149#primaryimage\"},\"thumbnailUrl\":\"https:\\\/\\\/pmza.sk\\\/wp-content\\\/uploads\\\/2023\\\/07\\\/dd_budatin_stvorec.jpg\",\"datePublished\":\"2023-07-03T06:07:22+00:00\",\"dateModified\":\"2023-07-24T04:53:17+00:00\",\"breadcrumb\":{\"@id\":\"https:\\\/\\\/pmza.sk\\\/?p=57149#breadcrumb\"},\"inLanguage\":\"sk-SK\",\"potentialAction\":[{\"@type\":\"ReadAction\",\"target\":[\"https:\\\/\\\/pmza.sk\\\/?p=57149\"]}]},{\"@type\":\"ImageObject\",\"inLanguage\":\"sk-SK\",\"@id\":\"https:\\\/\\\/pmza.sk\\\/?p=57149#primaryimage\",\"url\":\"https:\\\/\\\/pmza.sk\\\/wp-content\\\/uploads\\\/2023\\\/07\\\/dd_budatin_stvorec.jpg\",\"contentUrl\":\"https:\\\/\\\/pmza.sk\\\/wp-content\\\/uploads\\\/2023\\\/07\\\/dd_budatin_stvorec.jpg\",\"width\":2000,\"height\":2000},{\"@type\":\"BreadcrumbList\",\"@id\":\"https:\\\/\\\/pmza.sk\\\/?p=57149#breadcrumb\",\"itemListElement\":[{\"@type\":\"ListItem\",\"position\":1,\"name\":\"Domovsk\u00e1 str\u00e1nka\",\"item\":\"https:\\\/\\\/pmza.sk\\\/\"},{\"@type\":\"ListItem\",\"position\":2,\"name\":\"Dra\u010die dni\"}]},{\"@type\":\"WebSite\",\"@id\":\"https:\\\/\\\/pmza.sk\\\/#website\",\"url\":\"https:\\\/\\\/pmza.sk\\\/\",\"name\":\"Pova\u017esk\u00e9 m\u00fazeum\",\"description\":\"Pova\u017esk\u00e9 m\u00fazeum v \u017diline je region\u00e1lne m\u00fazeum so s\u00eddlom v Budat\u00edne. Jeho expoz\u00edcie s\u00fa zameran\u00e9 na dejiny slovensk\u00e9ho umenia, kult\u00fary a dopravy.\",\"publisher\":{\"@id\":\"https:\\\/\\\/pmza.sk\\\/#organization\"},\"potentialAction\":[{\"@type\":\"SearchAction\",\"target\":{\"@type\":\"EntryPoint\",\"urlTemplate\":\"https:\\\/\\\/pmza.sk\\\/?s={search_term_string}\"},\"query-input\":{\"@type\":\"PropertyValueSpecification\",\"valueRequired\":true,\"valueName\":\"search_term_string\"}}],\"inLanguage\":\"sk-SK\"},{\"@type\":\"Organization\",\"@id\":\"https:\\\/\\\/pmza.sk\\\/#organization\",\"name\":\"Pova\u017esk\u00e9 m\u00fazeum\",\"url\":\"https:\\\/\\\/pmza.sk\\\/\",\"logo\":{\"@type\":\"ImageObject\",\"inLanguage\":\"sk-SK\",\"@id\":\"https:\\\/\\\/pmza.sk\\\/#\\\/schema\\\/logo\\\/image\\\/\",\"url\":\"https:\\\/\\\/pmza.sk\\\/wp-content\\\/uploads\\\/2022\\\/01\\\/logo_PM_horizontal.jpg\",\"contentUrl\":\"https:\\\/\\\/pmza.sk\\\/wp-content\\\/uploads\\\/2022\\\/01\\\/logo_PM_horizontal.jpg\",\"width\":231,\"height\":142,\"caption\":\"Pova\u017esk\u00e9 m\u00fazeum\"},\"image\":{\"@id\":\"https:\\\/\\\/pmza.sk\\\/#\\\/schema\\\/logo\\\/image\\\/\"},\"sameAs\":[\"https:\\\/\\\/www.facebook.com\\\/povazskemuzeum\",\"https:\\\/\\\/www.instagram.com\\\/povazskemuzeum\\\/\"]},{\"@type\":\"Person\",\"@id\":\"https:\\\/\\\/pmza.sk\\\/#\\\/schema\\\/person\\\/595e6a2ce731ea94dcd5d7f50a41ae33\",\"name\":\"Pova\u017esk\u00e9 m\u00fazeum\",\"image\":{\"@type\":\"ImageObject\",\"inLanguage\":\"sk-SK\",\"@id\":\"https:\\\/\\\/secure.gravatar.com\\\/avatar\\\/2bb7f1561282132fb5826dfeccc66c7996d11ee392ac6aaf7ced8a1c2027fbb2?s=96&d=mm&r=g\",\"url\":\"https:\\\/\\\/secure.gravatar.com\\\/avatar\\\/2bb7f1561282132fb5826dfeccc66c7996d11ee392ac6aaf7ced8a1c2027fbb2?s=96&d=mm&r=g\",\"contentUrl\":\"https:\\\/\\\/secure.gravatar.com\\\/avatar\\\/2bb7f1561282132fb5826dfeccc66c7996d11ee392ac6aaf7ced8a1c2027fbb2?s=96&d=mm&r=g\",\"caption\":\"Pova\u017esk\u00e9 m\u00fazeum\"}}]}<\/script>\n<!-- \/ Yoast SEO plugin. -->","yoast_head_json":{"title":"Dra\u010die dni - Pova\u017esk\u00e9 m\u00fazeum","robots":{"index":"index","follow":"follow","max-snippet":"max-snippet:-1","max-image-preview":"max-image-preview:large","max-video-preview":"max-video-preview:-1"},"canonical":"https:\/\/pmza.sk\/?p=57149","og_locale":"sk_SK","og_type":"article","og_title":"Dra\u010die dni - Pova\u017esk\u00e9 m\u00fazeum","og_description":"Vst\u00fapte do sveta rozpr\u00e1vok s\u00a0festivalom Dra\u010die dni! Dra\u010die dni s\u00fa origin\u00e1lny rozpr\u00e1vkov\u00fd festival pre cel\u00fa rodinu. Pr\u00edbehy tu v\u0161ak nie s\u00fa iba na pozeranie, ale sami sa st\u00e1vate ich s\u00fa\u010das\u0165ou. Vst\u00fapte s\u00a0nami do sveta drakov, princezien a\u00a0\u010darov. Te\u0161\u00edme sa na v\u00e1s u\u017e 22. a\u00a023. j\u00fala na Budat\u00ednskom hrade. Poz\u00fdvame za\u017ei\u0165 pr\u00edbeh o kr\u00e1\u013eovskej svadbe, po\u010das [&hellip;]","og_url":"https:\/\/pmza.sk\/?p=57149","og_site_name":"Pova\u017esk\u00e9 m\u00fazeum","article_publisher":"https:\/\/www.facebook.com\/povazskemuzeum","article_published_time":"2023-07-03T06:07:22+00:00","article_modified_time":"2023-07-24T04:53:17+00:00","og_image":[{"width":2000,"height":2000,"url":"https:\/\/pmza.sk\/wp-content\/uploads\/2023\/07\/dd_budatin_stvorec.jpg","type":"image\/jpeg"}],"author":"Pova\u017esk\u00e9 m\u00fazeum","twitter_card":"summary_large_image","twitter_misc":{"Autor":"Pova\u017esk\u00e9 m\u00fazeum","Predpokladan\u00fd \u010das \u010d\u00edtania":"2 min\u00faty"},"schema":{"@context":"https:\/\/schema.org","@graph":[{"@type":"Article","@id":"https:\/\/pmza.sk\/?p=57149#article","isPartOf":{"@id":"https:\/\/pmza.sk\/?p=57149"},"author":{"name":"Pova\u017esk\u00e9 m\u00fazeum","@id":"https:\/\/pmza.sk\/#\/schema\/person\/595e6a2ce731ea94dcd5d7f50a41ae33"},"headline":"Dra\u010die dni","datePublished":"2023-07-03T06:07:22+00:00","dateModified":"2023-07-24T04:53:17+00:00","mainEntityOfPage":{"@id":"https:\/\/pmza.sk\/?p=57149"},"wordCount":332,"commentCount":0,"publisher":{"@id":"https:\/\/pmza.sk\/#organization"},"image":{"@id":"https:\/\/pmza.sk\/?p=57149#primaryimage"},"thumbnailUrl":"https:\/\/pmza.sk\/wp-content\/uploads\/2023\/07\/dd_budatin_stvorec.jpg","articleSection":["Podujatia"],"inLanguage":"sk-SK"},{"@type":"WebPage","@id":"https:\/\/pmza.sk\/?p=57149","url":"https:\/\/pmza.sk\/?p=57149","name":"Dra\u010die dni - Pova\u017esk\u00e9 m\u00fazeum","isPartOf":{"@id":"https:\/\/pmza.sk\/#website"},"primaryImageOfPage":{"@id":"https:\/\/pmza.sk\/?p=57149#primaryimage"},"image":{"@id":"https:\/\/pmza.sk\/?p=57149#primaryimage"},"thumbnailUrl":"https:\/\/pmza.sk\/wp-content\/uploads\/2023\/07\/dd_budatin_stvorec.jpg","datePublished":"2023-07-03T06:07:22+00:00","dateModified":"2023-07-24T04:53:17+00:00","breadcrumb":{"@id":"https:\/\/pmza.sk\/?p=57149#breadcrumb"},"inLanguage":"sk-SK","potentialAction":[{"@type":"ReadAction","target":["https:\/\/pmza.sk\/?p=57149"]}]},{"@type":"ImageObject","inLanguage":"sk-SK","@id":"https:\/\/pmza.sk\/?p=57149#primaryimage","url":"https:\/\/pmza.sk\/wp-content\/uploads\/2023\/07\/dd_budatin_stvorec.jpg","contentUrl":"https:\/\/pmza.sk\/wp-content\/uploads\/2023\/07\/dd_budatin_stvorec.jpg","width":2000,"height":2000},{"@type":"BreadcrumbList","@id":"https:\/\/pmza.sk\/?p=57149#breadcrumb","itemListElement":[{"@type":"ListItem","position":1,"name":"Domovsk\u00e1 str\u00e1nka","item":"https:\/\/pmza.sk\/"},{"@type":"ListItem","position":2,"name":"Dra\u010die dni"}]},{"@type":"WebSite","@id":"https:\/\/pmza.sk\/#website","url":"https:\/\/pmza.sk\/","name":"Pova\u017esk\u00e9 m\u00fazeum","description":"Pova\u017esk\u00e9 m\u00fazeum v \u017diline je region\u00e1lne m\u00fazeum so s\u00eddlom v Budat\u00edne. Jeho expoz\u00edcie s\u00fa zameran\u00e9 na dejiny slovensk\u00e9ho umenia, kult\u00fary a dopravy.","publisher":{"@id":"https:\/\/pmza.sk\/#organization"},"potentialAction":[{"@type":"SearchAction","target":{"@type":"EntryPoint","urlTemplate":"https:\/\/pmza.sk\/?s={search_term_string}"},"query-input":{"@type":"PropertyValueSpecification","valueRequired":true,"valueName":"search_term_string"}}],"inLanguage":"sk-SK"},{"@type":"Organization","@id":"https:\/\/pmza.sk\/#organization","name":"Pova\u017esk\u00e9 m\u00fazeum","url":"https:\/\/pmza.sk\/","logo":{"@type":"ImageObject","inLanguage":"sk-SK","@id":"https:\/\/pmza.sk\/#\/schema\/logo\/image\/","url":"https:\/\/pmza.sk\/wp-content\/uploads\/2022\/01\/logo_PM_horizontal.jpg","contentUrl":"https:\/\/pmza.sk\/wp-content\/uploads\/2022\/01\/logo_PM_horizontal.jpg","width":231,"height":142,"caption":"Pova\u017esk\u00e9 m\u00fazeum"},"image":{"@id":"https:\/\/pmza.sk\/#\/schema\/logo\/image\/"},"sameAs":["https:\/\/www.facebook.com\/povazskemuzeum","https:\/\/www.instagram.com\/povazskemuzeum\/"]},{"@type":"Person","@id":"https:\/\/pmza.sk\/#\/schema\/person\/595e6a2ce731ea94dcd5d7f50a41ae33","name":"Pova\u017esk\u00e9 m\u00fazeum","image":{"@type":"ImageObject","inLanguage":"sk-SK","@id":"https:\/\/secure.gravatar.com\/avatar\/2bb7f1561282132fb5826dfeccc66c7996d11ee392ac6aaf7ced8a1c2027fbb2?s=96&d=mm&r=g","url":"https:\/\/secure.gravatar.com\/avatar\/2bb7f1561282132fb5826dfeccc66c7996d11ee392ac6aaf7ced8a1c2027fbb2?s=96&d=mm&r=g","contentUrl":"https:\/\/secure.gravatar.com\/avatar\/2bb7f1561282132fb5826dfeccc66c7996d11ee392ac6aaf7ced8a1c2027fbb2?s=96&d=mm&r=g","caption":"Pova\u017esk\u00e9 m\u00fazeum"}}]}},"_links":{"self":[{"href":"https:\/\/pmza.sk\/index.php?rest_route=\/wp\/v2\/posts\/57149","targetHints":{"allow":["GET"]}}],"collection":[{"href":"https:\/\/pmza.sk\/index.php?rest_route=\/wp\/v2\/posts"}],"about":[{"href":"https:\/\/pmza.sk\/index.php?rest_route=\/wp\/v2\/types\/post"}],"author":[{"embeddable":true,"href":"https:\/\/pmza.sk\/index.php?rest_route=\/wp\/v2\/users\/2"}],"replies":[{"embeddable":true,"href":"https:\/\/pmza.sk\/index.php?rest_route=%2Fwp%2Fv2%2Fcomments&post=57149"}],"version-history":[{"count":0,"href":"https:\/\/pmza.sk\/index.php?rest_route=\/wp\/v2\/posts\/57149\/revisions"}],"wp:featuredmedia":[{"embeddable":true,"href":"https:\/\/pmza.sk\/index.php?rest_route=\/wp\/v2\/media\/57150"}],"wp:attachment":[{"href":"https:\/\/pmza.sk\/index.php?rest_route=%2Fwp%2Fv2%2Fmedia&parent=57149"}],"wp:term":[{"taxonomy":"category","embeddable":true,"href":"https:\/\/pmza.sk\/index.php?rest_route=%2Fwp%2Fv2%2Fcategories&post=57149"},{"taxonomy":"post_tag","embeddable":true,"href":"https:\/\/pmza.sk\/index.php?rest_route=%2Fwp%2Fv2%2Ftags&post=57149"}],"curies":[{"name":"wp","href":"https:\/\/api.w.org\/{rel}","templated":true}]}}