{"id":57168,"date":"2023-07-04T11:37:15","date_gmt":"2023-07-04T09:37:15","guid":{"rendered":"https:\/\/pmza.sk\/?p=57168"},"modified":"2023-08-11T09:16:37","modified_gmt":"2023-08-11T07:16:37","slug":"in-persona-christi-restaurovanie-cirkevnych-textilii-i-a-ii-etapa","status":"publish","type":"post","link":"https:\/\/pmza.sk\/?p=57168","title":{"rendered":"In persona Christi (Re\u0161taurovanie cirkevn\u00fdch text\u00edli\u00ed \u2013 I. a II. etapa)"},"content":{"rendered":"<p>U\u017e nieko\u013eko rokov sa v Pova\u017eskom m\u00fazeu viac-menej \u00faspe\u0161ne uch\u00e1dzame o\u00a0dot\u00e1cie z\u00a0Fondu na podporu umenia. Aj tento rok sme z\u00edskali finan\u010dn\u00fa podporu na re\u0161taurovanie cirkevn\u00fdch text\u00edli\u00ed pod n\u00e1zvom <em>In persona Christi<\/em>. Vzh\u013eadom na v\u00fd\u0161ku pridelenej sumy sme projekt rozdelili na nieko\u013eko et\u00e1p. V\u00a0r\u00e1mci I. etapy sme vybrali na odborn\u00e9 o\u0161etrenie modr\u00fa kazulu poch\u00e1dzaj\u00facu z\u00a019. storo\u010dia.<\/p>\n<p>N\u00e1zov projektu pramen\u00ed z\u00a0my\u0161lienky, \u017ee duchovn\u00fd, odet\u00fd v\u00a0liturgickom odeve, kon\u00e1 <em>In persona Christi <\/em>(v\u00a0osobe Krista). Kazula, naz\u00fdvan\u00e1 tie\u017e orn\u00e1t, je vrchn\u00fd bohoslu\u017eobn\u00fd odev k\u0148aza. V\u00a0cirkevn\u00fdch odevoch sa nach\u00e1dzaj\u00fa odkazy nielen na n\u00e1bo\u017eenstvo, ale aj na umenie, remeslo, hist\u00f3riu a\u00a0spolo\u010dnos\u0165. S\u00fa to cenn\u00e9 umelecko-historick\u00e9 artefakty, ktor\u00e9 v\u00a0spojitosti s\u00a0ich liturgickou funk\u010dnos\u0165ou odr\u00e1\u017eaj\u00fa obraz doby, v\u00a0ktorej vznikli. Z\u00a0umeleck\u00e9ho h\u013eadiska s\u00fa sakr\u00e1lne text\u00edlie svoj\u00edm v\u00fdtvarn\u00fdm spracovan\u00edm d\u00f4le\u017eit\u00fdm zdrojom inform\u00e1ci\u00ed, ke\u010f\u017ee s\u00fa pln\u00e9 symbolov, \u010di u\u017e ide o\u00a0farbu alebo zobrazen\u00fd mot\u00edv. Modr\u00e1 farba sa nepoklad\u00e1 za ofici\u00e1lnu liturgick\u00fa farbu, av\u0161ak m\u00f4\u017ee sa pou\u017e\u00edva\u0165 na sviatky Panny M\u00e1rie, preto sa modr\u00fd orn\u00e1t \u010dasto naz\u00fdva aj mari\u00e1nsky.<\/p>\n<p>Kazula bola v priebehu leta 2022 prevezen\u00e1 do re\u0161taur\u00e1torskej dielne doc. Mgr. art. Sylvie Birku\u0161ovej v Bratislave. Po\u010das svojho ,,re\u0161taur\u00e1torsk\u00e9ho pobytu\u201c si spom\u00ednan\u00fd zbierkov\u00fd predmet pre\u0161iel viacer\u00fdmi \u00fakonmi. Najprv bolo potrebn\u00e9 vykona\u0165 such\u00e9 \u010distenie a odstra\u0148ovanie ne\u010dist\u00f4t (mikroods\u00e1vanie pomocou \u0161tetcovej n\u00e1sadky a chirurgickej ods\u00e1va\u010dky, lok\u00e1lne \u010distenie \u0161kv\u0155n r\u00f4zneho charakteru). Potom nasledovalo mokr\u00e9 \u010distenie (vlh\u010denie text\u00edlie s priebe\u017en\u00fdm ods\u00e1van\u00edm vlhkosti, jej vyrovn\u00e1vanie a tvarovanie). Po zabezpe\u010den\u00ed a pr\u00edprave materi\u00e1lu za\u010dalo samotn\u00e9 re\u0161taurovanie (podlo\u017eenie trhl\u00edn a ich fixovanie, doplnenie ch\u00fdbaj\u00facich \u010dast\u00ed). V\u0161etky spomenut\u00e9 pr\u00e1ce sa dokumentuj\u00fa a zaznamen\u00e1vaj\u00fa v r\u00e1mci re\u0161taur\u00e1torskej dokument\u00e1cie. Po ukon\u010den\u00ed tohto procesu sa modr\u00e1 kazula vr\u00e1tila v m\u00e1ji tohto roka sp\u00e4\u0165 do Pova\u017esk\u00e9ho m\u00fazea. N\u00e1v\u0161tevn\u00edci si ju m\u00f4\u017eu pozrie\u0165 v kaplnke Budat\u00ednskeho hradu.<\/p>\n<p>1. etapa projektu je \u00faspe\u0161ne zrealizovan\u00e1, zatia\u013e \u010do II. etapa sa za\u010dala v j\u00fali tohto roka. V r\u00e1mci tejto etapy sa bud\u00fa re\u0161taurova\u0165 a odborne o\u0161etrova\u0165 \u010fal\u0161ie zbierkov\u00e9 predmety \u2013 modr\u00e1 sakr\u00e1lna s\u00faprava (\u0161t\u00f3la \u2013 2 ks, v\u00e9lum), biela sakr\u00e1lna s\u00faprava (kazula, \u0161t\u00f3la, v\u00e9lum, prikr\u00fdvka na kalich) a \u010derven\u00e1 sakr\u00e1lna s\u00faprava (kazula, \u0161t\u00f3la, v\u00e9lum). V\u00fdsledn\u00fa pr\u00e1cu \u0161ikovnej re\u0161taur\u00e1torky historick\u00e9ho odevu doc. Mgr. art. Sylvie Birku\u0161ovej n\u00e1v\u0161tevn\u00edci uvidia na bud\u00faci rok, ke\u010f sa u\u017e zre\u0161taurovan\u00e9 zbierkov\u00e9 predmety vr\u00e1tia sp\u00e4\u0165 do m\u00fazea.<\/p>\n<p>text: Mgr. Dominika Hlob\u00edkov\u00e1<\/p>\n<p>foto: Anna Kuchar\u010d\u00edkov\u00e1 a Mgr. art. Sylvia Birku\u0161ov\u00e1<\/p>\n<p>Projekt z verejn\u00fdch zdrojov podporil Fond na podporu umenia.<\/p>\n<div class=\"wp-block-image\"><img fetchpriority=\"high\" decoding=\"async\" class=\"alignnone wp-image-57169\" src=\"https:\/\/pmza.sk\/wp-content\/uploads\/2023\/07\/FPU_logo1_modre-480x360.jpg\" alt=\"\" width=\"310\" height=\"232\" srcset=\"https:\/\/pmza.sk\/wp-content\/uploads\/2023\/07\/FPU_logo1_modre-480x360.jpg 480w, https:\/\/pmza.sk\/wp-content\/uploads\/2023\/07\/FPU_logo1_modre-982x736.jpg 982w, https:\/\/pmza.sk\/wp-content\/uploads\/2023\/07\/FPU_logo1_modre-768x576.jpg 768w, https:\/\/pmza.sk\/wp-content\/uploads\/2023\/07\/FPU_logo1_modre-1536x1152.jpg 1536w, https:\/\/pmza.sk\/wp-content\/uploads\/2023\/07\/FPU_logo1_modre-2048x1536.jpg 2048w, https:\/\/pmza.sk\/wp-content\/uploads\/2023\/07\/FPU_logo1_modre-600x450.jpg 600w\" sizes=\"(max-width: 310px) 100vw, 310px\" \/><\/div>\n<div><\/div>\n<div>\n<div class=\"wp-block-image\"><\/div>\n<div class=\"wp-block-image\"><\/div>\n<p><img decoding=\"async\" class=\"size-medium wp-image-57172\" src=\"https:\/\/pmza.sk\/wp-content\/uploads\/2023\/07\/modra-kazula-pred-restaurovanim-289x360.jpg\" alt=\"\" width=\"289\" height=\"360\" srcset=\"https:\/\/pmza.sk\/wp-content\/uploads\/2023\/07\/modra-kazula-pred-restaurovanim-289x360.jpg 289w, https:\/\/pmza.sk\/wp-content\/uploads\/2023\/07\/modra-kazula-pred-restaurovanim-591x736.jpg 591w, https:\/\/pmza.sk\/wp-content\/uploads\/2023\/07\/modra-kazula-pred-restaurovanim-768x956.jpg 768w, https:\/\/pmza.sk\/wp-content\/uploads\/2023\/07\/modra-kazula-pred-restaurovanim-1234x1536.jpg 1234w, https:\/\/pmza.sk\/wp-content\/uploads\/2023\/07\/modra-kazula-pred-restaurovanim-1645x2048.jpg 1645w, https:\/\/pmza.sk\/wp-content\/uploads\/2023\/07\/modra-kazula-pred-restaurovanim-600x747.jpg 600w\" sizes=\"(max-width: 289px) 100vw, 289px\" \/><\/p>\n<p>modr\u00e1 kazula pred re\u0161taurovan\u00edm<\/p>\n<\/div>\n<div>\n<p><img decoding=\"async\" class=\"size-medium wp-image-57173\" src=\"https:\/\/pmza.sk\/wp-content\/uploads\/2023\/07\/priebeh-restaurovania-modrej-kazuly-479x360.jpg\" alt=\"\" width=\"479\" height=\"360\" srcset=\"https:\/\/pmza.sk\/wp-content\/uploads\/2023\/07\/priebeh-restaurovania-modrej-kazuly-479x360.jpg 479w, https:\/\/pmza.sk\/wp-content\/uploads\/2023\/07\/priebeh-restaurovania-modrej-kazuly-980x736.jpg 980w, https:\/\/pmza.sk\/wp-content\/uploads\/2023\/07\/priebeh-restaurovania-modrej-kazuly-768x577.jpg 768w, https:\/\/pmza.sk\/wp-content\/uploads\/2023\/07\/priebeh-restaurovania-modrej-kazuly-600x451.jpg 600w, https:\/\/pmza.sk\/wp-content\/uploads\/2023\/07\/priebeh-restaurovania-modrej-kazuly.jpg 1158w\" sizes=\"(max-width: 479px) 100vw, 479px\" \/><\/p>\n<p>priebeh re\u0161taurovania modrej kazuly<\/p>\n<\/div>\n<div>\n<p><img loading=\"lazy\" decoding=\"async\" class=\"size-medium wp-image-57174\" src=\"https:\/\/pmza.sk\/wp-content\/uploads\/2023\/07\/modra-kazula-po-restaurovani-1-270x360.jpg\" alt=\"\" width=\"270\" height=\"360\" srcset=\"https:\/\/pmza.sk\/wp-content\/uploads\/2023\/07\/modra-kazula-po-restaurovani-1-270x360.jpg 270w, https:\/\/pmza.sk\/wp-content\/uploads\/2023\/07\/modra-kazula-po-restaurovani-1-553x736.jpg 553w, https:\/\/pmza.sk\/wp-content\/uploads\/2023\/07\/modra-kazula-po-restaurovani-1-768x1023.jpg 768w, https:\/\/pmza.sk\/wp-content\/uploads\/2023\/07\/modra-kazula-po-restaurovani-1-1153x1536.jpg 1153w, https:\/\/pmza.sk\/wp-content\/uploads\/2023\/07\/modra-kazula-po-restaurovani-1-600x799.jpg 600w, https:\/\/pmza.sk\/wp-content\/uploads\/2023\/07\/modra-kazula-po-restaurovani-1.jpg 1247w\" sizes=\"(max-width: 270px) 100vw, 270px\" \/><\/p>\n<p>modr\u00e1 kazula po re\u0161taurovan\u00ed<\/p>\n<\/div>\n<div>\n<p><img loading=\"lazy\" decoding=\"async\" class=\"size-medium wp-image-57175\" src=\"https:\/\/pmza.sk\/wp-content\/uploads\/2023\/07\/modra-stola-pred-restaurovanim-438x360.jpg\" alt=\"\" width=\"438\" height=\"360\" srcset=\"https:\/\/pmza.sk\/wp-content\/uploads\/2023\/07\/modra-stola-pred-restaurovanim-438x360.jpg 438w, https:\/\/pmza.sk\/wp-content\/uploads\/2023\/07\/modra-stola-pred-restaurovanim-896x736.jpg 896w, https:\/\/pmza.sk\/wp-content\/uploads\/2023\/07\/modra-stola-pred-restaurovanim-768x631.jpg 768w, https:\/\/pmza.sk\/wp-content\/uploads\/2023\/07\/modra-stola-pred-restaurovanim-1536x1262.jpg 1536w, https:\/\/pmza.sk\/wp-content\/uploads\/2023\/07\/modra-stola-pred-restaurovanim-600x493.jpg 600w, https:\/\/pmza.sk\/wp-content\/uploads\/2023\/07\/modra-stola-pred-restaurovanim.jpg 1920w\" sizes=\"(max-width: 438px) 100vw, 438px\" \/><\/p>\n<p>modr\u00e1 \u0161t\u00f3la pred re\u0161taurovan\u00edm<\/p>\n<\/div>\n<div>\n<p><img loading=\"lazy\" decoding=\"async\" class=\"size-medium wp-image-57176\" src=\"https:\/\/pmza.sk\/wp-content\/uploads\/2023\/07\/biela-kazula-pred-restaurovanim-240x360.jpg\" alt=\"\" width=\"240\" height=\"360\" srcset=\"https:\/\/pmza.sk\/wp-content\/uploads\/2023\/07\/biela-kazula-pred-restaurovanim-240x360.jpg 240w, https:\/\/pmza.sk\/wp-content\/uploads\/2023\/07\/biela-kazula-pred-restaurovanim-491x736.jpg 491w, https:\/\/pmza.sk\/wp-content\/uploads\/2023\/07\/biela-kazula-pred-restaurovanim-768x1152.jpg 768w, https:\/\/pmza.sk\/wp-content\/uploads\/2023\/07\/biela-kazula-pred-restaurovanim-1024x1536.jpg 1024w, https:\/\/pmza.sk\/wp-content\/uploads\/2023\/07\/biela-kazula-pred-restaurovanim-1365x2048.jpg 1365w, https:\/\/pmza.sk\/wp-content\/uploads\/2023\/07\/biela-kazula-pred-restaurovanim-600x900.jpg 600w, https:\/\/pmza.sk\/wp-content\/uploads\/2023\/07\/biela-kazula-pred-restaurovanim-scaled.jpg 1707w\" sizes=\"(max-width: 240px) 100vw, 240px\" \/><\/p>\n<p>biela kazula pred re\u0161taurovan\u00edm<\/p>\n<\/div>\n<div>\n<p><img loading=\"lazy\" decoding=\"async\" class=\"size-medium wp-image-57177\" src=\"https:\/\/pmza.sk\/wp-content\/uploads\/2023\/07\/cervena-kazula-pred-restaurovanim-1-254x360.jpg\" alt=\"\" width=\"254\" height=\"360\" srcset=\"https:\/\/pmza.sk\/wp-content\/uploads\/2023\/07\/cervena-kazula-pred-restaurovanim-1-254x360.jpg 254w, https:\/\/pmza.sk\/wp-content\/uploads\/2023\/07\/cervena-kazula-pred-restaurovanim-1-520x736.jpg 520w, https:\/\/pmza.sk\/wp-content\/uploads\/2023\/07\/cervena-kazula-pred-restaurovanim-1-768x1088.jpg 768w, https:\/\/pmza.sk\/wp-content\/uploads\/2023\/07\/cervena-kazula-pred-restaurovanim-1-1084x1536.jpg 1084w, https:\/\/pmza.sk\/wp-content\/uploads\/2023\/07\/cervena-kazula-pred-restaurovanim-1-1446x2048.jpg 1446w, https:\/\/pmza.sk\/wp-content\/uploads\/2023\/07\/cervena-kazula-pred-restaurovanim-1-600x850.jpg 600w, https:\/\/pmza.sk\/wp-content\/uploads\/2023\/07\/cervena-kazula-pred-restaurovanim-1-scaled.jpg 1807w\" sizes=\"(max-width: 254px) 100vw, 254px\" \/><\/p>\n<p>\u010derven\u00e1 kazula pred re\u0161taurovan\u00edm<\/p>\n<\/div>\n<div>\n<div class=\"wp-block-image\">\n<p><img loading=\"lazy\" decoding=\"async\" class=\"size-medium wp-image-57178\" src=\"https:\/\/pmza.sk\/wp-content\/uploads\/2023\/07\/cervene-velum-pred-restaurovanim-359x360.jpg\" alt=\"\" width=\"359\" height=\"360\" srcset=\"https:\/\/pmza.sk\/wp-content\/uploads\/2023\/07\/cervene-velum-pred-restaurovanim-359x360.jpg 359w, https:\/\/pmza.sk\/wp-content\/uploads\/2023\/07\/cervene-velum-pred-restaurovanim-735x736.jpg 735w, https:\/\/pmza.sk\/wp-content\/uploads\/2023\/07\/cervene-velum-pred-restaurovanim-768x769.jpg 768w, https:\/\/pmza.sk\/wp-content\/uploads\/2023\/07\/cervene-velum-pred-restaurovanim-1534x1536.jpg 1534w, https:\/\/pmza.sk\/wp-content\/uploads\/2023\/07\/cervene-velum-pred-restaurovanim-300x300.jpg 300w, https:\/\/pmza.sk\/wp-content\/uploads\/2023\/07\/cervene-velum-pred-restaurovanim-600x601.jpg 600w, https:\/\/pmza.sk\/wp-content\/uploads\/2023\/07\/cervene-velum-pred-restaurovanim-100x100.jpg 100w, https:\/\/pmza.sk\/wp-content\/uploads\/2023\/07\/cervene-velum-pred-restaurovanim.jpg 1920w\" sizes=\"(max-width: 359px) 100vw, 359px\" \/><\/p>\n<p>\u010derven\u00e9 v\u00e9lum pred re\u0161taurovan\u00edm<\/p>\n<\/div>\n<\/div>\n<div><\/div>\n","protected":false},"excerpt":{"rendered":"<p>U\u017e nieko\u013eko rokov sa v Pova\u017eskom m\u00fazeu viac-menej \u00faspe\u0161ne uch\u00e1dzame o\u00a0dot\u00e1cie z\u00a0Fondu na podporu umenia. Aj tento rok sme z\u00edskali finan\u010dn\u00fa podporu na re\u0161taurovanie cirkevn\u00fdch text\u00edli\u00ed pod n\u00e1zvom In persona Christi. Vzh\u013eadom na v\u00fd\u0161ku pridelenej sumy sme projekt rozdelili na nieko\u013eko et\u00e1p. V\u00a0r\u00e1mci I. etapy sme vybrali na odborn\u00e9 o\u0161etrenie modr\u00fa kazulu poch\u00e1dzaj\u00facu z\u00a019. storo\u010dia. [&hellip;]<\/p>\n","protected":false},"author":2,"featured_media":57171,"comment_status":"open","ping_status":"open","sticky":false,"template":"","format":"standard","meta":{"site-sidebar-layout":"default","site-content-layout":"default","ast-site-content-layout":"","site-content-style":"default","site-sidebar-style":"default","ast-global-header-display":"","ast-banner-title-visibility":"","ast-main-header-display":"","ast-hfb-above-header-display":"","ast-hfb-below-header-display":"","ast-hfb-mobile-header-display":"","site-post-title":"","ast-breadcrumbs-content":"","ast-featured-img":"","footer-sml-layout":"","theme-transparent-header-meta":"default","adv-header-id-meta":"","stick-header-meta":"default","header-above-stick-meta":"","header-main-stick-meta":"","header-below-stick-meta":"","astra-migrate-meta-layouts":"default","ast-page-background-enabled":"default","ast-page-background-meta":{"desktop":{"background-color":"var(--ast-global-color-4)","background-image":"","background-repeat":"repeat","background-position":"center center","background-size":"auto","background-attachment":"scroll","background-type":"","background-media":"","overlay-type":"","overlay-color":"","overlay-opacity":"","overlay-gradient":""},"tablet":{"background-color":"","background-image":"","background-repeat":"repeat","background-position":"center center","background-size":"auto","background-attachment":"scroll","background-type":"","background-media":"","overlay-type":"","overlay-color":"","overlay-opacity":"","overlay-gradient":""},"mobile":{"background-color":"","background-image":"","background-repeat":"repeat","background-position":"center center","background-size":"auto","background-attachment":"scroll","background-type":"","background-media":"","overlay-type":"","overlay-color":"","overlay-opacity":"","overlay-gradient":""}},"ast-content-background-meta":{"desktop":{"background-color":"var(--ast-global-color-5)","background-image":"","background-repeat":"repeat","background-position":"center center","background-size":"auto","background-attachment":"scroll","background-type":"","background-media":"","overlay-type":"","overlay-color":"","overlay-opacity":"","overlay-gradient":""},"tablet":{"background-color":"var(--ast-global-color-5)","background-image":"","background-repeat":"repeat","background-position":"center center","background-size":"auto","background-attachment":"scroll","background-type":"","background-media":"","overlay-type":"","overlay-color":"","overlay-opacity":"","overlay-gradient":""},"mobile":{"background-color":"var(--ast-global-color-5)","background-image":"","background-repeat":"repeat","background-position":"center center","background-size":"auto","background-attachment":"scroll","background-type":"","background-media":"","overlay-type":"","overlay-color":"","overlay-opacity":"","overlay-gradient":""}},"footnotes":""},"categories":[31],"tags":[],"class_list":["post-57168","post","type-post","status-publish","format-standard","has-post-thumbnail","hentry","category-aktuality"],"yoast_head":"<!-- This site is optimized with the Yoast SEO plugin v27.4 - https:\/\/yoast.com\/product\/yoast-seo-wordpress\/ -->\n<title>In persona Christi (Re\u0161taurovanie cirkevn\u00fdch text\u00edli\u00ed \u2013 I. a II. etapa) - Pova\u017esk\u00e9 m\u00fazeum<\/title>\n<meta name=\"robots\" content=\"index, follow, max-snippet:-1, max-image-preview:large, max-video-preview:-1\" \/>\n<link rel=\"canonical\" href=\"https:\/\/pmza.sk\/?p=57168\" \/>\n<meta property=\"og:locale\" content=\"sk_SK\" \/>\n<meta property=\"og:type\" content=\"article\" \/>\n<meta property=\"og:title\" content=\"In persona Christi (Re\u0161taurovanie cirkevn\u00fdch text\u00edli\u00ed \u2013 I. a II. etapa) - Pova\u017esk\u00e9 m\u00fazeum\" \/>\n<meta property=\"og:description\" content=\"U\u017e nieko\u013eko rokov sa v Pova\u017eskom m\u00fazeu viac-menej \u00faspe\u0161ne uch\u00e1dzame o\u00a0dot\u00e1cie z\u00a0Fondu na podporu umenia. Aj tento rok sme z\u00edskali finan\u010dn\u00fa podporu na re\u0161taurovanie cirkevn\u00fdch text\u00edli\u00ed pod n\u00e1zvom In persona Christi. Vzh\u013eadom na v\u00fd\u0161ku pridelenej sumy sme projekt rozdelili na nieko\u013eko et\u00e1p. V\u00a0r\u00e1mci I. etapy sme vybrali na odborn\u00e9 o\u0161etrenie modr\u00fa kazulu poch\u00e1dzaj\u00facu z\u00a019. storo\u010dia. [&hellip;]\" \/>\n<meta property=\"og:url\" content=\"https:\/\/pmza.sk\/?p=57168\" \/>\n<meta property=\"og:site_name\" content=\"Pova\u017esk\u00e9 m\u00fazeum\" \/>\n<meta property=\"article:publisher\" content=\"https:\/\/www.facebook.com\/povazskemuzeum\" \/>\n<meta property=\"article:published_time\" content=\"2023-07-04T09:37:15+00:00\" \/>\n<meta property=\"article:modified_time\" content=\"2023-08-11T07:16:37+00:00\" \/>\n<meta property=\"og:image\" content=\"https:\/\/pmza.sk\/wp-content\/uploads\/2023\/07\/modra-kazula-po-restaurovani.jpg\" \/>\n\t<meta property=\"og:image:width\" content=\"1247\" \/>\n\t<meta property=\"og:image:height\" content=\"1661\" \/>\n\t<meta property=\"og:image:type\" content=\"image\/jpeg\" \/>\n<meta name=\"author\" content=\"Pova\u017esk\u00e9 m\u00fazeum\" \/>\n<meta name=\"twitter:card\" content=\"summary_large_image\" \/>\n<meta name=\"twitter:label1\" content=\"Autor\" \/>\n\t<meta name=\"twitter:data1\" content=\"Pova\u017esk\u00e9 m\u00fazeum\" \/>\n\t<meta name=\"twitter:label2\" content=\"Predpokladan\u00fd \u010das \u010d\u00edtania\" \/>\n\t<meta name=\"twitter:data2\" content=\"3 min\u00faty\" \/>\n<script type=\"application\/ld+json\" class=\"yoast-schema-graph\">{\"@context\":\"https:\\\/\\\/schema.org\",\"@graph\":[{\"@type\":\"Article\",\"@id\":\"https:\\\/\\\/pmza.sk\\\/?p=57168#article\",\"isPartOf\":{\"@id\":\"https:\\\/\\\/pmza.sk\\\/?p=57168\"},\"author\":{\"name\":\"Pova\u017esk\u00e9 m\u00fazeum\",\"@id\":\"https:\\\/\\\/pmza.sk\\\/#\\\/schema\\\/person\\\/595e6a2ce731ea94dcd5d7f50a41ae33\"},\"headline\":\"In persona Christi (Re\u0161taurovanie cirkevn\u00fdch text\u00edli\u00ed \u2013 I. a II. etapa)\",\"datePublished\":\"2023-07-04T09:37:15+00:00\",\"dateModified\":\"2023-08-11T07:16:37+00:00\",\"mainEntityOfPage\":{\"@id\":\"https:\\\/\\\/pmza.sk\\\/?p=57168\"},\"wordCount\":583,\"commentCount\":0,\"publisher\":{\"@id\":\"https:\\\/\\\/pmza.sk\\\/#organization\"},\"image\":{\"@id\":\"https:\\\/\\\/pmza.sk\\\/?p=57168#primaryimage\"},\"thumbnailUrl\":\"https:\\\/\\\/pmza.sk\\\/wp-content\\\/uploads\\\/2023\\\/07\\\/modra-kazula-po-restaurovani.jpg\",\"articleSection\":[\"Aktuality\"],\"inLanguage\":\"sk-SK\"},{\"@type\":\"WebPage\",\"@id\":\"https:\\\/\\\/pmza.sk\\\/?p=57168\",\"url\":\"https:\\\/\\\/pmza.sk\\\/?p=57168\",\"name\":\"In persona Christi (Re\u0161taurovanie cirkevn\u00fdch text\u00edli\u00ed \u2013 I. a II. etapa) - Pova\u017esk\u00e9 m\u00fazeum\",\"isPartOf\":{\"@id\":\"https:\\\/\\\/pmza.sk\\\/#website\"},\"primaryImageOfPage\":{\"@id\":\"https:\\\/\\\/pmza.sk\\\/?p=57168#primaryimage\"},\"image\":{\"@id\":\"https:\\\/\\\/pmza.sk\\\/?p=57168#primaryimage\"},\"thumbnailUrl\":\"https:\\\/\\\/pmza.sk\\\/wp-content\\\/uploads\\\/2023\\\/07\\\/modra-kazula-po-restaurovani.jpg\",\"datePublished\":\"2023-07-04T09:37:15+00:00\",\"dateModified\":\"2023-08-11T07:16:37+00:00\",\"breadcrumb\":{\"@id\":\"https:\\\/\\\/pmza.sk\\\/?p=57168#breadcrumb\"},\"inLanguage\":\"sk-SK\",\"potentialAction\":[{\"@type\":\"ReadAction\",\"target\":[\"https:\\\/\\\/pmza.sk\\\/?p=57168\"]}]},{\"@type\":\"ImageObject\",\"inLanguage\":\"sk-SK\",\"@id\":\"https:\\\/\\\/pmza.sk\\\/?p=57168#primaryimage\",\"url\":\"https:\\\/\\\/pmza.sk\\\/wp-content\\\/uploads\\\/2023\\\/07\\\/modra-kazula-po-restaurovani.jpg\",\"contentUrl\":\"https:\\\/\\\/pmza.sk\\\/wp-content\\\/uploads\\\/2023\\\/07\\\/modra-kazula-po-restaurovani.jpg\",\"width\":1247,\"height\":1661},{\"@type\":\"BreadcrumbList\",\"@id\":\"https:\\\/\\\/pmza.sk\\\/?p=57168#breadcrumb\",\"itemListElement\":[{\"@type\":\"ListItem\",\"position\":1,\"name\":\"Domovsk\u00e1 str\u00e1nka\",\"item\":\"https:\\\/\\\/pmza.sk\\\/\"},{\"@type\":\"ListItem\",\"position\":2,\"name\":\"In persona Christi (Re\u0161taurovanie cirkevn\u00fdch text\u00edli\u00ed \u2013 I. a II. etapa)\"}]},{\"@type\":\"WebSite\",\"@id\":\"https:\\\/\\\/pmza.sk\\\/#website\",\"url\":\"https:\\\/\\\/pmza.sk\\\/\",\"name\":\"Pova\u017esk\u00e9 m\u00fazeum\",\"description\":\"Pova\u017esk\u00e9 m\u00fazeum v \u017diline je region\u00e1lne m\u00fazeum so s\u00eddlom v Budat\u00edne. Jeho expoz\u00edcie s\u00fa zameran\u00e9 na dejiny slovensk\u00e9ho umenia, kult\u00fary a dopravy.\",\"publisher\":{\"@id\":\"https:\\\/\\\/pmza.sk\\\/#organization\"},\"potentialAction\":[{\"@type\":\"SearchAction\",\"target\":{\"@type\":\"EntryPoint\",\"urlTemplate\":\"https:\\\/\\\/pmza.sk\\\/?s={search_term_string}\"},\"query-input\":{\"@type\":\"PropertyValueSpecification\",\"valueRequired\":true,\"valueName\":\"search_term_string\"}}],\"inLanguage\":\"sk-SK\"},{\"@type\":\"Organization\",\"@id\":\"https:\\\/\\\/pmza.sk\\\/#organization\",\"name\":\"Pova\u017esk\u00e9 m\u00fazeum\",\"url\":\"https:\\\/\\\/pmza.sk\\\/\",\"logo\":{\"@type\":\"ImageObject\",\"inLanguage\":\"sk-SK\",\"@id\":\"https:\\\/\\\/pmza.sk\\\/#\\\/schema\\\/logo\\\/image\\\/\",\"url\":\"https:\\\/\\\/pmza.sk\\\/wp-content\\\/uploads\\\/2022\\\/01\\\/logo_PM_horizontal.jpg\",\"contentUrl\":\"https:\\\/\\\/pmza.sk\\\/wp-content\\\/uploads\\\/2022\\\/01\\\/logo_PM_horizontal.jpg\",\"width\":231,\"height\":142,\"caption\":\"Pova\u017esk\u00e9 m\u00fazeum\"},\"image\":{\"@id\":\"https:\\\/\\\/pmza.sk\\\/#\\\/schema\\\/logo\\\/image\\\/\"},\"sameAs\":[\"https:\\\/\\\/www.facebook.com\\\/povazskemuzeum\",\"https:\\\/\\\/www.instagram.com\\\/povazskemuzeum\\\/\"]},{\"@type\":\"Person\",\"@id\":\"https:\\\/\\\/pmza.sk\\\/#\\\/schema\\\/person\\\/595e6a2ce731ea94dcd5d7f50a41ae33\",\"name\":\"Pova\u017esk\u00e9 m\u00fazeum\",\"image\":{\"@type\":\"ImageObject\",\"inLanguage\":\"sk-SK\",\"@id\":\"https:\\\/\\\/secure.gravatar.com\\\/avatar\\\/2bb7f1561282132fb5826dfeccc66c7996d11ee392ac6aaf7ced8a1c2027fbb2?s=96&d=mm&r=g\",\"url\":\"https:\\\/\\\/secure.gravatar.com\\\/avatar\\\/2bb7f1561282132fb5826dfeccc66c7996d11ee392ac6aaf7ced8a1c2027fbb2?s=96&d=mm&r=g\",\"contentUrl\":\"https:\\\/\\\/secure.gravatar.com\\\/avatar\\\/2bb7f1561282132fb5826dfeccc66c7996d11ee392ac6aaf7ced8a1c2027fbb2?s=96&d=mm&r=g\",\"caption\":\"Pova\u017esk\u00e9 m\u00fazeum\"}}]}<\/script>\n<!-- \/ Yoast SEO plugin. -->","yoast_head_json":{"title":"In persona Christi (Re\u0161taurovanie cirkevn\u00fdch text\u00edli\u00ed \u2013 I. a II. etapa) - Pova\u017esk\u00e9 m\u00fazeum","robots":{"index":"index","follow":"follow","max-snippet":"max-snippet:-1","max-image-preview":"max-image-preview:large","max-video-preview":"max-video-preview:-1"},"canonical":"https:\/\/pmza.sk\/?p=57168","og_locale":"sk_SK","og_type":"article","og_title":"In persona Christi (Re\u0161taurovanie cirkevn\u00fdch text\u00edli\u00ed \u2013 I. a II. etapa) - Pova\u017esk\u00e9 m\u00fazeum","og_description":"U\u017e nieko\u013eko rokov sa v Pova\u017eskom m\u00fazeu viac-menej \u00faspe\u0161ne uch\u00e1dzame o\u00a0dot\u00e1cie z\u00a0Fondu na podporu umenia. Aj tento rok sme z\u00edskali finan\u010dn\u00fa podporu na re\u0161taurovanie cirkevn\u00fdch text\u00edli\u00ed pod n\u00e1zvom In persona Christi. Vzh\u013eadom na v\u00fd\u0161ku pridelenej sumy sme projekt rozdelili na nieko\u013eko et\u00e1p. V\u00a0r\u00e1mci I. etapy sme vybrali na odborn\u00e9 o\u0161etrenie modr\u00fa kazulu poch\u00e1dzaj\u00facu z\u00a019. storo\u010dia. [&hellip;]","og_url":"https:\/\/pmza.sk\/?p=57168","og_site_name":"Pova\u017esk\u00e9 m\u00fazeum","article_publisher":"https:\/\/www.facebook.com\/povazskemuzeum","article_published_time":"2023-07-04T09:37:15+00:00","article_modified_time":"2023-08-11T07:16:37+00:00","og_image":[{"width":1247,"height":1661,"url":"https:\/\/pmza.sk\/wp-content\/uploads\/2023\/07\/modra-kazula-po-restaurovani.jpg","type":"image\/jpeg"}],"author":"Pova\u017esk\u00e9 m\u00fazeum","twitter_card":"summary_large_image","twitter_misc":{"Autor":"Pova\u017esk\u00e9 m\u00fazeum","Predpokladan\u00fd \u010das \u010d\u00edtania":"3 min\u00faty"},"schema":{"@context":"https:\/\/schema.org","@graph":[{"@type":"Article","@id":"https:\/\/pmza.sk\/?p=57168#article","isPartOf":{"@id":"https:\/\/pmza.sk\/?p=57168"},"author":{"name":"Pova\u017esk\u00e9 m\u00fazeum","@id":"https:\/\/pmza.sk\/#\/schema\/person\/595e6a2ce731ea94dcd5d7f50a41ae33"},"headline":"In persona Christi (Re\u0161taurovanie cirkevn\u00fdch text\u00edli\u00ed \u2013 I. a II. etapa)","datePublished":"2023-07-04T09:37:15+00:00","dateModified":"2023-08-11T07:16:37+00:00","mainEntityOfPage":{"@id":"https:\/\/pmza.sk\/?p=57168"},"wordCount":583,"commentCount":0,"publisher":{"@id":"https:\/\/pmza.sk\/#organization"},"image":{"@id":"https:\/\/pmza.sk\/?p=57168#primaryimage"},"thumbnailUrl":"https:\/\/pmza.sk\/wp-content\/uploads\/2023\/07\/modra-kazula-po-restaurovani.jpg","articleSection":["Aktuality"],"inLanguage":"sk-SK"},{"@type":"WebPage","@id":"https:\/\/pmza.sk\/?p=57168","url":"https:\/\/pmza.sk\/?p=57168","name":"In persona Christi (Re\u0161taurovanie cirkevn\u00fdch text\u00edli\u00ed \u2013 I. a II. etapa) - Pova\u017esk\u00e9 m\u00fazeum","isPartOf":{"@id":"https:\/\/pmza.sk\/#website"},"primaryImageOfPage":{"@id":"https:\/\/pmza.sk\/?p=57168#primaryimage"},"image":{"@id":"https:\/\/pmza.sk\/?p=57168#primaryimage"},"thumbnailUrl":"https:\/\/pmza.sk\/wp-content\/uploads\/2023\/07\/modra-kazula-po-restaurovani.jpg","datePublished":"2023-07-04T09:37:15+00:00","dateModified":"2023-08-11T07:16:37+00:00","breadcrumb":{"@id":"https:\/\/pmza.sk\/?p=57168#breadcrumb"},"inLanguage":"sk-SK","potentialAction":[{"@type":"ReadAction","target":["https:\/\/pmza.sk\/?p=57168"]}]},{"@type":"ImageObject","inLanguage":"sk-SK","@id":"https:\/\/pmza.sk\/?p=57168#primaryimage","url":"https:\/\/pmza.sk\/wp-content\/uploads\/2023\/07\/modra-kazula-po-restaurovani.jpg","contentUrl":"https:\/\/pmza.sk\/wp-content\/uploads\/2023\/07\/modra-kazula-po-restaurovani.jpg","width":1247,"height":1661},{"@type":"BreadcrumbList","@id":"https:\/\/pmza.sk\/?p=57168#breadcrumb","itemListElement":[{"@type":"ListItem","position":1,"name":"Domovsk\u00e1 str\u00e1nka","item":"https:\/\/pmza.sk\/"},{"@type":"ListItem","position":2,"name":"In persona Christi (Re\u0161taurovanie cirkevn\u00fdch text\u00edli\u00ed \u2013 I. a II. etapa)"}]},{"@type":"WebSite","@id":"https:\/\/pmza.sk\/#website","url":"https:\/\/pmza.sk\/","name":"Pova\u017esk\u00e9 m\u00fazeum","description":"Pova\u017esk\u00e9 m\u00fazeum v \u017diline je region\u00e1lne m\u00fazeum so s\u00eddlom v Budat\u00edne. Jeho expoz\u00edcie s\u00fa zameran\u00e9 na dejiny slovensk\u00e9ho umenia, kult\u00fary a dopravy.","publisher":{"@id":"https:\/\/pmza.sk\/#organization"},"potentialAction":[{"@type":"SearchAction","target":{"@type":"EntryPoint","urlTemplate":"https:\/\/pmza.sk\/?s={search_term_string}"},"query-input":{"@type":"PropertyValueSpecification","valueRequired":true,"valueName":"search_term_string"}}],"inLanguage":"sk-SK"},{"@type":"Organization","@id":"https:\/\/pmza.sk\/#organization","name":"Pova\u017esk\u00e9 m\u00fazeum","url":"https:\/\/pmza.sk\/","logo":{"@type":"ImageObject","inLanguage":"sk-SK","@id":"https:\/\/pmza.sk\/#\/schema\/logo\/image\/","url":"https:\/\/pmza.sk\/wp-content\/uploads\/2022\/01\/logo_PM_horizontal.jpg","contentUrl":"https:\/\/pmza.sk\/wp-content\/uploads\/2022\/01\/logo_PM_horizontal.jpg","width":231,"height":142,"caption":"Pova\u017esk\u00e9 m\u00fazeum"},"image":{"@id":"https:\/\/pmza.sk\/#\/schema\/logo\/image\/"},"sameAs":["https:\/\/www.facebook.com\/povazskemuzeum","https:\/\/www.instagram.com\/povazskemuzeum\/"]},{"@type":"Person","@id":"https:\/\/pmza.sk\/#\/schema\/person\/595e6a2ce731ea94dcd5d7f50a41ae33","name":"Pova\u017esk\u00e9 m\u00fazeum","image":{"@type":"ImageObject","inLanguage":"sk-SK","@id":"https:\/\/secure.gravatar.com\/avatar\/2bb7f1561282132fb5826dfeccc66c7996d11ee392ac6aaf7ced8a1c2027fbb2?s=96&d=mm&r=g","url":"https:\/\/secure.gravatar.com\/avatar\/2bb7f1561282132fb5826dfeccc66c7996d11ee392ac6aaf7ced8a1c2027fbb2?s=96&d=mm&r=g","contentUrl":"https:\/\/secure.gravatar.com\/avatar\/2bb7f1561282132fb5826dfeccc66c7996d11ee392ac6aaf7ced8a1c2027fbb2?s=96&d=mm&r=g","caption":"Pova\u017esk\u00e9 m\u00fazeum"}}]}},"_links":{"self":[{"href":"https:\/\/pmza.sk\/index.php?rest_route=\/wp\/v2\/posts\/57168","targetHints":{"allow":["GET"]}}],"collection":[{"href":"https:\/\/pmza.sk\/index.php?rest_route=\/wp\/v2\/posts"}],"about":[{"href":"https:\/\/pmza.sk\/index.php?rest_route=\/wp\/v2\/types\/post"}],"author":[{"embeddable":true,"href":"https:\/\/pmza.sk\/index.php?rest_route=\/wp\/v2\/users\/2"}],"replies":[{"embeddable":true,"href":"https:\/\/pmza.sk\/index.php?rest_route=%2Fwp%2Fv2%2Fcomments&post=57168"}],"version-history":[{"count":0,"href":"https:\/\/pmza.sk\/index.php?rest_route=\/wp\/v2\/posts\/57168\/revisions"}],"wp:featuredmedia":[{"embeddable":true,"href":"https:\/\/pmza.sk\/index.php?rest_route=\/wp\/v2\/media\/57171"}],"wp:attachment":[{"href":"https:\/\/pmza.sk\/index.php?rest_route=%2Fwp%2Fv2%2Fmedia&parent=57168"}],"wp:term":[{"taxonomy":"category","embeddable":true,"href":"https:\/\/pmza.sk\/index.php?rest_route=%2Fwp%2Fv2%2Fcategories&post=57168"},{"taxonomy":"post_tag","embeddable":true,"href":"https:\/\/pmza.sk\/index.php?rest_route=%2Fwp%2Fv2%2Ftags&post=57168"}],"curies":[{"name":"wp","href":"https:\/\/api.w.org\/{rel}","templated":true}]}}