{"id":57245,"date":"2023-07-06T08:36:41","date_gmt":"2023-07-06T06:36:41","guid":{"rendered":"https:\/\/pmza.sk\/?p=57245"},"modified":"2023-08-11T09:15:19","modified_gmt":"2023-08-11T07:15:19","slug":"poklad-kovacskych-nastrojov-z-vrsatskeho-podhradia-je-zbierkovym-predmetom-mesiaca-jul","status":"publish","type":"post","link":"https:\/\/pmza.sk\/?p=57245","title":{"rendered":"Poklad kov\u00e1\u010dskych n\u00e1strojov z Vr\u0161atsk\u00e9ho Podhradia je zbierkov\u00fdm predmetom mesiaca j\u00fal"},"content":{"rendered":"<p>Vr\u0161atsk\u00e9 Podhradie le\u017e\u00ed v\u00a0Bielych Karpatoch na \u00fap\u00e4t\u00ed Vr\u0161atsk\u00fdch bradiel. Najstar\u0161ie os\u00eddlenie dokladaj\u00fa pamiatky lu\u017eickej kult\u00fary z\u00a0mlad\u0161ej doby bronzovej a\u017e star\u0161ej doby \u017eeleznej, a\u00a0tie\u017e n\u00e1lezy p\u00fachovskej kult\u00fary z\u00a0neskorolat\u00e9nskeho obdobia. Nesk\u00f4r sa tu us\u00eddlili Slovania. Na pomerne roz\u013eahlej ploche slovansk\u00e9ho s\u00eddliska sa na\u0161lo mno\u017estvo fragmentov slovanskej keramiky zdobenej typickou vlnovkou a\u00a0dva mlecie kamene.<\/p>\n<p>K\u00a0najzauj\u00edmavej\u0161\u00edm a\u00a0unik\u00e1tnym n\u00e1lezom patr\u00ed <strong>poklad kov\u00e1\u010dskych n\u00e1strojov a\u00a0v\u00fdrobkov zo \u017eeleza.<\/strong> Prv\u00e1 \u010das\u0165 predmetov bola objaven\u00e1 pri \u00faprav\u00e1ch ter\u00e9nu a\u00a0v\u00fdstavbe rekrea\u010dn\u00e9ho strediska Stroj\u00e1rskych a\u00a0metalurgick\u00fdch z\u00e1vodov v\u00a0marci 1965. Pri vyhlbovan\u00ed kanaliza\u010dnej ryhy buldoz\u00e9r vyhrnul dve sekery, \u0161tyri kov\u00e1\u010dske klie\u0161te, styk, n\u00e1kovu, obojru\u010dn\u00fd n\u00f4\u017e, dve dl\u00e1ta, fragment sekery, n\u00e1kovu s\u00a0priebojn\u00edkom a\u00a0vy\u0165ahova\u010dom dr\u00f4tu, \u010derieslo, mal\u00fa symetrick\u00fa radlicu, motyku, kl\u010dovnicu. Na z\u00e1klade tohto n\u00e1lezu sa v\u00a0auguste 1965 uskuto\u010dnil zis\u0165ovac\u00ed v\u00fdskum, pri\u010dom sa objavili \u010fal\u0161ie artefakty poch\u00e1dzaj\u00face z\u00a0tohto hromadn\u00e9ho n\u00e1lezu: sekera, obojru\u010dn\u00fd n\u00f4\u017e, kr\u00e1tka kosa a\u00a0\u010diasto\u010dne spracovan\u00e1 sekerovit\u00e1 hrivna. Objaven\u00e9 predmety boli podroben\u00e9 metalografick\u00e9mu rozboru, ktor\u00fd preuk\u00e1zal niektor\u00e9 technologick\u00e9 postupy pou\u017e\u00edvan\u00e9 pri ich v\u00fdrobe vo ve\u013ekomoravskom obdob\u00ed. Napr\u00edklad navarovanie tvrd\u0161ej na uhl\u00edk bohatej \u010dasti \u017eeleza na funk\u010dn\u00fa \u010das\u0165 n\u00e1stroja, vykovanie sekery z\u00a0nieko\u013ek\u00fdch pl\u00e1tov po zohriat\u00ed na vysok\u00fa teplotu a\u00a0n\u00e1sledn\u00e9 prudk\u00e9 ochladenie. Niektor\u00e9 men\u0161ie predmety boli dokovan\u00e9 pri n\u00edzkych teplot\u00e1ch. Oba s\u00fabory artefaktov nepochybne tvoril jeden celok. Na mieste n\u00e1lezu boli objaven\u00e9 aj pozostatky objektu, pravdepodobne kov\u00e1\u010dskej dielne.<\/p>\n<p>Cel\u00fd hromadn\u00fd n\u00e1lez je s\u00fa\u010das\u0165ou zbierkov\u00e9ho fondu Pova\u017esk\u00e9ho m\u00fazea a m\u00f4\u017eeme ho datova\u0165 na koniec 9. a\u00a0za\u010diatok 10. storo\u010dia.<\/p>\n<p>O\u00a0v\u00fdzname depotu kov\u00e1\u010dskych n\u00e1strojov z\u00a0Vr\u0161atsk\u00e9ho Podhradia sved\u010d\u00ed tie\u017e jeho zaradenie a\u00a0prezent\u00e1cia v\u00a0r\u00e1mci prest\u00ed\u017enej medzin\u00e1rodnej putovnej v\u00fdstavy <em>Velk\u00e1 Morava a\u00a0po\u010d\u00e1tky k\u0159es\u0165anstv\u00ed,<\/em> na ktorej spolupracovalo aj Pova\u017esk\u00e9 m\u00fazeum. Unik\u00e1tne expon\u00e1ty z\u00a0ve\u013ekomoravsk\u00e9ho obdobia, ktor\u00e9 boli objaven\u00e9 po\u010das archeologick\u00fdch v\u00fdskumov v\u00a0\u010cech\u00e1ch, na Morave, Slovensku, Rak\u00fasku a\u00a0Po\u013esku boli vystaven\u00e9 v\u00a0Brne, Prahe a\u00a0Bratislave, po\u010das trvania v\u00fdstavy v\u00a0rokoch 2014 a\u00a02015.<\/p>\n<p>Zbierkov\u00fd predmet mesiaca m\u00f4\u017eete vidie\u0165 v infopulte Budat\u00ednskeho hradu v \u010dase otv\u00e1rac\u00edch hod\u00edn.<\/p>\n<p>Text: Mgr. Andrea Slan\u00e1, PhD.<\/p>\n","protected":false},"excerpt":{"rendered":"<p>Vr\u0161atsk\u00e9 Podhradie le\u017e\u00ed v\u00a0Bielych Karpatoch na \u00fap\u00e4t\u00ed Vr\u0161atsk\u00fdch bradiel. Najstar\u0161ie os\u00eddlenie dokladaj\u00fa pamiatky lu\u017eickej kult\u00fary z\u00a0mlad\u0161ej doby bronzovej a\u017e star\u0161ej doby \u017eeleznej, a\u00a0tie\u017e n\u00e1lezy p\u00fachovskej kult\u00fary z\u00a0neskorolat\u00e9nskeho obdobia. Nesk\u00f4r sa tu us\u00eddlili Slovania. Na pomerne roz\u013eahlej ploche slovansk\u00e9ho s\u00eddliska sa na\u0161lo mno\u017estvo fragmentov slovanskej keramiky zdobenej typickou vlnovkou a\u00a0dva mlecie kamene. K\u00a0najzauj\u00edmavej\u0161\u00edm a\u00a0unik\u00e1tnym n\u00e1lezom patr\u00ed [&hellip;]<\/p>\n","protected":false},"author":2,"featured_media":57246,"comment_status":"open","ping_status":"open","sticky":false,"template":"","format":"standard","meta":{"site-sidebar-layout":"default","site-content-layout":"default","ast-site-content-layout":"","site-content-style":"default","site-sidebar-style":"default","ast-global-header-display":"","ast-banner-title-visibility":"","ast-main-header-display":"","ast-hfb-above-header-display":"","ast-hfb-below-header-display":"","ast-hfb-mobile-header-display":"","site-post-title":"","ast-breadcrumbs-content":"","ast-featured-img":"","footer-sml-layout":"","theme-transparent-header-meta":"default","adv-header-id-meta":"","stick-header-meta":"default","header-above-stick-meta":"","header-main-stick-meta":"","header-below-stick-meta":"","astra-migrate-meta-layouts":"default","ast-page-background-enabled":"default","ast-page-background-meta":{"desktop":{"background-color":"var(--ast-global-color-4)","background-image":"","background-repeat":"repeat","background-position":"center center","background-size":"auto","background-attachment":"scroll","background-type":"","background-media":"","overlay-type":"","overlay-color":"","overlay-opacity":"","overlay-gradient":""},"tablet":{"background-color":"","background-image":"","background-repeat":"repeat","background-position":"center center","background-size":"auto","background-attachment":"scroll","background-type":"","background-media":"","overlay-type":"","overlay-color":"","overlay-opacity":"","overlay-gradient":""},"mobile":{"background-color":"","background-image":"","background-repeat":"repeat","background-position":"center center","background-size":"auto","background-attachment":"scroll","background-type":"","background-media":"","overlay-type":"","overlay-color":"","overlay-opacity":"","overlay-gradient":""}},"ast-content-background-meta":{"desktop":{"background-color":"var(--ast-global-color-5)","background-image":"","background-repeat":"repeat","background-position":"center center","background-size":"auto","background-attachment":"scroll","background-type":"","background-media":"","overlay-type":"","overlay-color":"","overlay-opacity":"","overlay-gradient":""},"tablet":{"background-color":"var(--ast-global-color-5)","background-image":"","background-repeat":"repeat","background-position":"center center","background-size":"auto","background-attachment":"scroll","background-type":"","background-media":"","overlay-type":"","overlay-color":"","overlay-opacity":"","overlay-gradient":""},"mobile":{"background-color":"var(--ast-global-color-5)","background-image":"","background-repeat":"repeat","background-position":"center center","background-size":"auto","background-attachment":"scroll","background-type":"","background-media":"","overlay-type":"","overlay-color":"","overlay-opacity":"","overlay-gradient":""}},"footnotes":""},"categories":[31],"tags":[],"class_list":["post-57245","post","type-post","status-publish","format-standard","has-post-thumbnail","hentry","category-aktuality"],"yoast_head":"<!-- This site is optimized with the Yoast SEO plugin v27.4 - https:\/\/yoast.com\/product\/yoast-seo-wordpress\/ -->\n<title>Poklad kov\u00e1\u010dskych n\u00e1strojov z Vr\u0161atsk\u00e9ho Podhradia je zbierkov\u00fdm predmetom mesiaca j\u00fal - Pova\u017esk\u00e9 m\u00fazeum<\/title>\n<meta name=\"robots\" content=\"index, follow, max-snippet:-1, max-image-preview:large, max-video-preview:-1\" \/>\n<link rel=\"canonical\" href=\"https:\/\/pmza.sk\/?p=57245\" \/>\n<meta property=\"og:locale\" content=\"sk_SK\" \/>\n<meta property=\"og:type\" content=\"article\" \/>\n<meta property=\"og:title\" content=\"Poklad kov\u00e1\u010dskych n\u00e1strojov z Vr\u0161atsk\u00e9ho Podhradia je zbierkov\u00fdm predmetom mesiaca j\u00fal - Pova\u017esk\u00e9 m\u00fazeum\" \/>\n<meta property=\"og:description\" content=\"Vr\u0161atsk\u00e9 Podhradie le\u017e\u00ed v\u00a0Bielych Karpatoch na \u00fap\u00e4t\u00ed Vr\u0161atsk\u00fdch bradiel. Najstar\u0161ie os\u00eddlenie dokladaj\u00fa pamiatky lu\u017eickej kult\u00fary z\u00a0mlad\u0161ej doby bronzovej a\u017e star\u0161ej doby \u017eeleznej, a\u00a0tie\u017e n\u00e1lezy p\u00fachovskej kult\u00fary z\u00a0neskorolat\u00e9nskeho obdobia. Nesk\u00f4r sa tu us\u00eddlili Slovania. Na pomerne roz\u013eahlej ploche slovansk\u00e9ho s\u00eddliska sa na\u0161lo mno\u017estvo fragmentov slovanskej keramiky zdobenej typickou vlnovkou a\u00a0dva mlecie kamene. K\u00a0najzauj\u00edmavej\u0161\u00edm a\u00a0unik\u00e1tnym n\u00e1lezom patr\u00ed [&hellip;]\" \/>\n<meta property=\"og:url\" content=\"https:\/\/pmza.sk\/?p=57245\" \/>\n<meta property=\"og:site_name\" content=\"Pova\u017esk\u00e9 m\u00fazeum\" \/>\n<meta property=\"article:publisher\" content=\"https:\/\/www.facebook.com\/povazskemuzeum\" \/>\n<meta property=\"article:published_time\" content=\"2023-07-06T06:36:41+00:00\" \/>\n<meta property=\"article:modified_time\" content=\"2023-08-11T07:15:19+00:00\" \/>\n<meta property=\"og:image\" content=\"https:\/\/pmza.sk\/wp-content\/uploads\/2023\/07\/ZPM-jul-scaled.jpg\" \/>\n\t<meta property=\"og:image:width\" content=\"2560\" \/>\n\t<meta property=\"og:image:height\" content=\"1707\" \/>\n\t<meta property=\"og:image:type\" content=\"image\/jpeg\" \/>\n<meta name=\"author\" content=\"Pova\u017esk\u00e9 m\u00fazeum\" \/>\n<meta name=\"twitter:card\" content=\"summary_large_image\" \/>\n<meta name=\"twitter:label1\" content=\"Autor\" \/>\n\t<meta name=\"twitter:data1\" content=\"Pova\u017esk\u00e9 m\u00fazeum\" \/>\n\t<meta name=\"twitter:label2\" content=\"Predpokladan\u00fd \u010das \u010d\u00edtania\" \/>\n\t<meta name=\"twitter:data2\" content=\"2 min\u00faty\" \/>\n<script type=\"application\/ld+json\" class=\"yoast-schema-graph\">{\"@context\":\"https:\\\/\\\/schema.org\",\"@graph\":[{\"@type\":\"Article\",\"@id\":\"https:\\\/\\\/pmza.sk\\\/?p=57245#article\",\"isPartOf\":{\"@id\":\"https:\\\/\\\/pmza.sk\\\/?p=57245\"},\"author\":{\"name\":\"Pova\u017esk\u00e9 m\u00fazeum\",\"@id\":\"https:\\\/\\\/pmza.sk\\\/#\\\/schema\\\/person\\\/595e6a2ce731ea94dcd5d7f50a41ae33\"},\"headline\":\"Poklad kov\u00e1\u010dskych n\u00e1strojov z Vr\u0161atsk\u00e9ho Podhradia je zbierkov\u00fdm predmetom mesiaca j\u00fal\",\"datePublished\":\"2023-07-06T06:36:41+00:00\",\"dateModified\":\"2023-08-11T07:15:19+00:00\",\"mainEntityOfPage\":{\"@id\":\"https:\\\/\\\/pmza.sk\\\/?p=57245\"},\"wordCount\":459,\"commentCount\":0,\"publisher\":{\"@id\":\"https:\\\/\\\/pmza.sk\\\/#organization\"},\"image\":{\"@id\":\"https:\\\/\\\/pmza.sk\\\/?p=57245#primaryimage\"},\"thumbnailUrl\":\"https:\\\/\\\/pmza.sk\\\/wp-content\\\/uploads\\\/2023\\\/07\\\/ZPM-jul-scaled.jpg\",\"articleSection\":[\"Aktuality\"],\"inLanguage\":\"sk-SK\"},{\"@type\":\"WebPage\",\"@id\":\"https:\\\/\\\/pmza.sk\\\/?p=57245\",\"url\":\"https:\\\/\\\/pmza.sk\\\/?p=57245\",\"name\":\"Poklad kov\u00e1\u010dskych n\u00e1strojov z Vr\u0161atsk\u00e9ho Podhradia je zbierkov\u00fdm predmetom mesiaca j\u00fal - Pova\u017esk\u00e9 m\u00fazeum\",\"isPartOf\":{\"@id\":\"https:\\\/\\\/pmza.sk\\\/#website\"},\"primaryImageOfPage\":{\"@id\":\"https:\\\/\\\/pmza.sk\\\/?p=57245#primaryimage\"},\"image\":{\"@id\":\"https:\\\/\\\/pmza.sk\\\/?p=57245#primaryimage\"},\"thumbnailUrl\":\"https:\\\/\\\/pmza.sk\\\/wp-content\\\/uploads\\\/2023\\\/07\\\/ZPM-jul-scaled.jpg\",\"datePublished\":\"2023-07-06T06:36:41+00:00\",\"dateModified\":\"2023-08-11T07:15:19+00:00\",\"breadcrumb\":{\"@id\":\"https:\\\/\\\/pmza.sk\\\/?p=57245#breadcrumb\"},\"inLanguage\":\"sk-SK\",\"potentialAction\":[{\"@type\":\"ReadAction\",\"target\":[\"https:\\\/\\\/pmza.sk\\\/?p=57245\"]}]},{\"@type\":\"ImageObject\",\"inLanguage\":\"sk-SK\",\"@id\":\"https:\\\/\\\/pmza.sk\\\/?p=57245#primaryimage\",\"url\":\"https:\\\/\\\/pmza.sk\\\/wp-content\\\/uploads\\\/2023\\\/07\\\/ZPM-jul-scaled.jpg\",\"contentUrl\":\"https:\\\/\\\/pmza.sk\\\/wp-content\\\/uploads\\\/2023\\\/07\\\/ZPM-jul-scaled.jpg\",\"width\":2560,\"height\":1707},{\"@type\":\"BreadcrumbList\",\"@id\":\"https:\\\/\\\/pmza.sk\\\/?p=57245#breadcrumb\",\"itemListElement\":[{\"@type\":\"ListItem\",\"position\":1,\"name\":\"Domovsk\u00e1 str\u00e1nka\",\"item\":\"https:\\\/\\\/pmza.sk\\\/\"},{\"@type\":\"ListItem\",\"position\":2,\"name\":\"Poklad kov\u00e1\u010dskych n\u00e1strojov z Vr\u0161atsk\u00e9ho Podhradia je zbierkov\u00fdm predmetom mesiaca j\u00fal\"}]},{\"@type\":\"WebSite\",\"@id\":\"https:\\\/\\\/pmza.sk\\\/#website\",\"url\":\"https:\\\/\\\/pmza.sk\\\/\",\"name\":\"Pova\u017esk\u00e9 m\u00fazeum\",\"description\":\"Pova\u017esk\u00e9 m\u00fazeum v \u017diline je region\u00e1lne m\u00fazeum so s\u00eddlom v Budat\u00edne. Jeho expoz\u00edcie s\u00fa zameran\u00e9 na dejiny slovensk\u00e9ho umenia, kult\u00fary a dopravy.\",\"publisher\":{\"@id\":\"https:\\\/\\\/pmza.sk\\\/#organization\"},\"potentialAction\":[{\"@type\":\"SearchAction\",\"target\":{\"@type\":\"EntryPoint\",\"urlTemplate\":\"https:\\\/\\\/pmza.sk\\\/?s={search_term_string}\"},\"query-input\":{\"@type\":\"PropertyValueSpecification\",\"valueRequired\":true,\"valueName\":\"search_term_string\"}}],\"inLanguage\":\"sk-SK\"},{\"@type\":\"Organization\",\"@id\":\"https:\\\/\\\/pmza.sk\\\/#organization\",\"name\":\"Pova\u017esk\u00e9 m\u00fazeum\",\"url\":\"https:\\\/\\\/pmza.sk\\\/\",\"logo\":{\"@type\":\"ImageObject\",\"inLanguage\":\"sk-SK\",\"@id\":\"https:\\\/\\\/pmza.sk\\\/#\\\/schema\\\/logo\\\/image\\\/\",\"url\":\"https:\\\/\\\/pmza.sk\\\/wp-content\\\/uploads\\\/2022\\\/01\\\/logo_PM_horizontal.jpg\",\"contentUrl\":\"https:\\\/\\\/pmza.sk\\\/wp-content\\\/uploads\\\/2022\\\/01\\\/logo_PM_horizontal.jpg\",\"width\":231,\"height\":142,\"caption\":\"Pova\u017esk\u00e9 m\u00fazeum\"},\"image\":{\"@id\":\"https:\\\/\\\/pmza.sk\\\/#\\\/schema\\\/logo\\\/image\\\/\"},\"sameAs\":[\"https:\\\/\\\/www.facebook.com\\\/povazskemuzeum\",\"https:\\\/\\\/www.instagram.com\\\/povazskemuzeum\\\/\"]},{\"@type\":\"Person\",\"@id\":\"https:\\\/\\\/pmza.sk\\\/#\\\/schema\\\/person\\\/595e6a2ce731ea94dcd5d7f50a41ae33\",\"name\":\"Pova\u017esk\u00e9 m\u00fazeum\",\"image\":{\"@type\":\"ImageObject\",\"inLanguage\":\"sk-SK\",\"@id\":\"https:\\\/\\\/secure.gravatar.com\\\/avatar\\\/2bb7f1561282132fb5826dfeccc66c7996d11ee392ac6aaf7ced8a1c2027fbb2?s=96&d=mm&r=g\",\"url\":\"https:\\\/\\\/secure.gravatar.com\\\/avatar\\\/2bb7f1561282132fb5826dfeccc66c7996d11ee392ac6aaf7ced8a1c2027fbb2?s=96&d=mm&r=g\",\"contentUrl\":\"https:\\\/\\\/secure.gravatar.com\\\/avatar\\\/2bb7f1561282132fb5826dfeccc66c7996d11ee392ac6aaf7ced8a1c2027fbb2?s=96&d=mm&r=g\",\"caption\":\"Pova\u017esk\u00e9 m\u00fazeum\"}}]}<\/script>\n<!-- \/ Yoast SEO plugin. -->","yoast_head_json":{"title":"Poklad kov\u00e1\u010dskych n\u00e1strojov z Vr\u0161atsk\u00e9ho Podhradia je zbierkov\u00fdm predmetom mesiaca j\u00fal - Pova\u017esk\u00e9 m\u00fazeum","robots":{"index":"index","follow":"follow","max-snippet":"max-snippet:-1","max-image-preview":"max-image-preview:large","max-video-preview":"max-video-preview:-1"},"canonical":"https:\/\/pmza.sk\/?p=57245","og_locale":"sk_SK","og_type":"article","og_title":"Poklad kov\u00e1\u010dskych n\u00e1strojov z Vr\u0161atsk\u00e9ho Podhradia je zbierkov\u00fdm predmetom mesiaca j\u00fal - Pova\u017esk\u00e9 m\u00fazeum","og_description":"Vr\u0161atsk\u00e9 Podhradie le\u017e\u00ed v\u00a0Bielych Karpatoch na \u00fap\u00e4t\u00ed Vr\u0161atsk\u00fdch bradiel. Najstar\u0161ie os\u00eddlenie dokladaj\u00fa pamiatky lu\u017eickej kult\u00fary z\u00a0mlad\u0161ej doby bronzovej a\u017e star\u0161ej doby \u017eeleznej, a\u00a0tie\u017e n\u00e1lezy p\u00fachovskej kult\u00fary z\u00a0neskorolat\u00e9nskeho obdobia. Nesk\u00f4r sa tu us\u00eddlili Slovania. Na pomerne roz\u013eahlej ploche slovansk\u00e9ho s\u00eddliska sa na\u0161lo mno\u017estvo fragmentov slovanskej keramiky zdobenej typickou vlnovkou a\u00a0dva mlecie kamene. K\u00a0najzauj\u00edmavej\u0161\u00edm a\u00a0unik\u00e1tnym n\u00e1lezom patr\u00ed [&hellip;]","og_url":"https:\/\/pmza.sk\/?p=57245","og_site_name":"Pova\u017esk\u00e9 m\u00fazeum","article_publisher":"https:\/\/www.facebook.com\/povazskemuzeum","article_published_time":"2023-07-06T06:36:41+00:00","article_modified_time":"2023-08-11T07:15:19+00:00","og_image":[{"width":2560,"height":1707,"url":"https:\/\/pmza.sk\/wp-content\/uploads\/2023\/07\/ZPM-jul-scaled.jpg","type":"image\/jpeg"}],"author":"Pova\u017esk\u00e9 m\u00fazeum","twitter_card":"summary_large_image","twitter_misc":{"Autor":"Pova\u017esk\u00e9 m\u00fazeum","Predpokladan\u00fd \u010das \u010d\u00edtania":"2 min\u00faty"},"schema":{"@context":"https:\/\/schema.org","@graph":[{"@type":"Article","@id":"https:\/\/pmza.sk\/?p=57245#article","isPartOf":{"@id":"https:\/\/pmza.sk\/?p=57245"},"author":{"name":"Pova\u017esk\u00e9 m\u00fazeum","@id":"https:\/\/pmza.sk\/#\/schema\/person\/595e6a2ce731ea94dcd5d7f50a41ae33"},"headline":"Poklad kov\u00e1\u010dskych n\u00e1strojov z Vr\u0161atsk\u00e9ho Podhradia je zbierkov\u00fdm predmetom mesiaca j\u00fal","datePublished":"2023-07-06T06:36:41+00:00","dateModified":"2023-08-11T07:15:19+00:00","mainEntityOfPage":{"@id":"https:\/\/pmza.sk\/?p=57245"},"wordCount":459,"commentCount":0,"publisher":{"@id":"https:\/\/pmza.sk\/#organization"},"image":{"@id":"https:\/\/pmza.sk\/?p=57245#primaryimage"},"thumbnailUrl":"https:\/\/pmza.sk\/wp-content\/uploads\/2023\/07\/ZPM-jul-scaled.jpg","articleSection":["Aktuality"],"inLanguage":"sk-SK"},{"@type":"WebPage","@id":"https:\/\/pmza.sk\/?p=57245","url":"https:\/\/pmza.sk\/?p=57245","name":"Poklad kov\u00e1\u010dskych n\u00e1strojov z Vr\u0161atsk\u00e9ho Podhradia je zbierkov\u00fdm predmetom mesiaca j\u00fal - Pova\u017esk\u00e9 m\u00fazeum","isPartOf":{"@id":"https:\/\/pmza.sk\/#website"},"primaryImageOfPage":{"@id":"https:\/\/pmza.sk\/?p=57245#primaryimage"},"image":{"@id":"https:\/\/pmza.sk\/?p=57245#primaryimage"},"thumbnailUrl":"https:\/\/pmza.sk\/wp-content\/uploads\/2023\/07\/ZPM-jul-scaled.jpg","datePublished":"2023-07-06T06:36:41+00:00","dateModified":"2023-08-11T07:15:19+00:00","breadcrumb":{"@id":"https:\/\/pmza.sk\/?p=57245#breadcrumb"},"inLanguage":"sk-SK","potentialAction":[{"@type":"ReadAction","target":["https:\/\/pmza.sk\/?p=57245"]}]},{"@type":"ImageObject","inLanguage":"sk-SK","@id":"https:\/\/pmza.sk\/?p=57245#primaryimage","url":"https:\/\/pmza.sk\/wp-content\/uploads\/2023\/07\/ZPM-jul-scaled.jpg","contentUrl":"https:\/\/pmza.sk\/wp-content\/uploads\/2023\/07\/ZPM-jul-scaled.jpg","width":2560,"height":1707},{"@type":"BreadcrumbList","@id":"https:\/\/pmza.sk\/?p=57245#breadcrumb","itemListElement":[{"@type":"ListItem","position":1,"name":"Domovsk\u00e1 str\u00e1nka","item":"https:\/\/pmza.sk\/"},{"@type":"ListItem","position":2,"name":"Poklad kov\u00e1\u010dskych n\u00e1strojov z Vr\u0161atsk\u00e9ho Podhradia je zbierkov\u00fdm predmetom mesiaca j\u00fal"}]},{"@type":"WebSite","@id":"https:\/\/pmza.sk\/#website","url":"https:\/\/pmza.sk\/","name":"Pova\u017esk\u00e9 m\u00fazeum","description":"Pova\u017esk\u00e9 m\u00fazeum v \u017diline je region\u00e1lne m\u00fazeum so s\u00eddlom v Budat\u00edne. Jeho expoz\u00edcie s\u00fa zameran\u00e9 na dejiny slovensk\u00e9ho umenia, kult\u00fary a dopravy.","publisher":{"@id":"https:\/\/pmza.sk\/#organization"},"potentialAction":[{"@type":"SearchAction","target":{"@type":"EntryPoint","urlTemplate":"https:\/\/pmza.sk\/?s={search_term_string}"},"query-input":{"@type":"PropertyValueSpecification","valueRequired":true,"valueName":"search_term_string"}}],"inLanguage":"sk-SK"},{"@type":"Organization","@id":"https:\/\/pmza.sk\/#organization","name":"Pova\u017esk\u00e9 m\u00fazeum","url":"https:\/\/pmza.sk\/","logo":{"@type":"ImageObject","inLanguage":"sk-SK","@id":"https:\/\/pmza.sk\/#\/schema\/logo\/image\/","url":"https:\/\/pmza.sk\/wp-content\/uploads\/2022\/01\/logo_PM_horizontal.jpg","contentUrl":"https:\/\/pmza.sk\/wp-content\/uploads\/2022\/01\/logo_PM_horizontal.jpg","width":231,"height":142,"caption":"Pova\u017esk\u00e9 m\u00fazeum"},"image":{"@id":"https:\/\/pmza.sk\/#\/schema\/logo\/image\/"},"sameAs":["https:\/\/www.facebook.com\/povazskemuzeum","https:\/\/www.instagram.com\/povazskemuzeum\/"]},{"@type":"Person","@id":"https:\/\/pmza.sk\/#\/schema\/person\/595e6a2ce731ea94dcd5d7f50a41ae33","name":"Pova\u017esk\u00e9 m\u00fazeum","image":{"@type":"ImageObject","inLanguage":"sk-SK","@id":"https:\/\/secure.gravatar.com\/avatar\/2bb7f1561282132fb5826dfeccc66c7996d11ee392ac6aaf7ced8a1c2027fbb2?s=96&d=mm&r=g","url":"https:\/\/secure.gravatar.com\/avatar\/2bb7f1561282132fb5826dfeccc66c7996d11ee392ac6aaf7ced8a1c2027fbb2?s=96&d=mm&r=g","contentUrl":"https:\/\/secure.gravatar.com\/avatar\/2bb7f1561282132fb5826dfeccc66c7996d11ee392ac6aaf7ced8a1c2027fbb2?s=96&d=mm&r=g","caption":"Pova\u017esk\u00e9 m\u00fazeum"}}]}},"_links":{"self":[{"href":"https:\/\/pmza.sk\/index.php?rest_route=\/wp\/v2\/posts\/57245","targetHints":{"allow":["GET"]}}],"collection":[{"href":"https:\/\/pmza.sk\/index.php?rest_route=\/wp\/v2\/posts"}],"about":[{"href":"https:\/\/pmza.sk\/index.php?rest_route=\/wp\/v2\/types\/post"}],"author":[{"embeddable":true,"href":"https:\/\/pmza.sk\/index.php?rest_route=\/wp\/v2\/users\/2"}],"replies":[{"embeddable":true,"href":"https:\/\/pmza.sk\/index.php?rest_route=%2Fwp%2Fv2%2Fcomments&post=57245"}],"version-history":[{"count":0,"href":"https:\/\/pmza.sk\/index.php?rest_route=\/wp\/v2\/posts\/57245\/revisions"}],"wp:featuredmedia":[{"embeddable":true,"href":"https:\/\/pmza.sk\/index.php?rest_route=\/wp\/v2\/media\/57246"}],"wp:attachment":[{"href":"https:\/\/pmza.sk\/index.php?rest_route=%2Fwp%2Fv2%2Fmedia&parent=57245"}],"wp:term":[{"taxonomy":"category","embeddable":true,"href":"https:\/\/pmza.sk\/index.php?rest_route=%2Fwp%2Fv2%2Fcategories&post=57245"},{"taxonomy":"post_tag","embeddable":true,"href":"https:\/\/pmza.sk\/index.php?rest_route=%2Fwp%2Fv2%2Ftags&post=57245"}],"curies":[{"name":"wp","href":"https:\/\/api.w.org\/{rel}","templated":true}]}}