{"id":573,"date":"2010-06-10T14:20:48","date_gmt":"2010-06-10T12:20:48","guid":{"rendered":"https:\/\/pmza.sk.sk\/info\/?p=573"},"modified":"2010-06-10T14:20:48","modified_gmt":"2010-06-10T12:20:48","slug":"o-hradnu-skolu-je-opat-velky-zaujem","status":"publish","type":"post","link":"https:\/\/pmza.sk\/?p=573","title":{"rendered":"O hradn\u00fa \u0161kolu je op\u00e4\u0165 ve\u013ek\u00fd z\u00e1ujem"},"content":{"rendered":"<p style=\"text-align: justify;\"><a href=\"https:\/\/pmza.sk\/wp-content\/uploads\/2010\/06\/hradna-skola-1.jpg\"><img fetchpriority=\"high\" decoding=\"async\" class=\"alignleft size-medium wp-image-773\" style=\"margin-left: 10px; margin-right: 10px; border: black 2px solid;\" title=\"hradna skola\" src=\"https:\/\/pmza.sk.sk\/wp-content\/uploads\/2010\/06\/hradna-skola-300x225.jpg\" alt=\"\" width=\"300\" height=\"225\" \/><\/a>J\u00fanov\u00e9 utorky na hrade Stre\u010dno u\u017e \u0161iestu sez\u00f3nu bud\u00fa okrem n\u00e1v\u0161tevn\u00edkov hradu patri\u0165 predov\u0161etk\u00fdm \u017eiakom z\u00e1kladn\u00fdch \u0161k\u00f4l. Projekt <strong>Hradn\u00e1 \u0161kola <\/strong>alebo<strong> M\u00fazeum de\u0165om, deti m\u00fazeu <\/strong>sa te\u0161\u00ed ve\u013ekej ob\u013eube a ka\u017edoro\u010dne ho absolvuje viac ako p\u00e4\u0165sto det\u00ed z r\u00f4znych k\u00fatov Slovenska. \u201c<em>Hlavn\u00fdm cie\u013eom Hradnej \u0161koly je sprostredkova\u0165 hravou a interakt\u00edvnou formou zauj\u00edmav\u00e9 inform\u00e1cie o dejin\u00e1ch a t\u00fdm vtiahnu\u0165 deti do minulosti r\u00f4znymi ind\u00edciami \u010di odkazmi na d\u00f4le\u017eit\u00e9 historick\u00e9 m\u00ed\u013eniky sp\u00e4t\u00e9 s hradom<\/em>. <em>Te\u0161\u00ed n\u00e1s, \u017ee aj tento rok si za cie\u013e svojho \u0161kolsk\u00e9ho v\u00fdletu vybrali pr\u00e1ve Hradn\u00fa \u0161kolu \u0161koly, ktor\u00e9 sa jej z\u00fa\u010dastnili nieko\u013ekokr\u00e1t. V\u010faka patr\u00ed najm\u00e4 odborn\u00fdm zamestnancom m\u00fazea za to, \u017ee \u0161peci\u00e1lne na toto podujatie si pripravuj\u00fa program s netradi\u010dn\u00fdmi t\u00e9amami<\/em> \u010di <em>expon\u00e1tmi,<\/em>\u201d uviedla Anna Mar\u0161alov\u00e1, marketingov\u00e1 pracovn\u00ed\u010dka Pova\u017esk\u00e9ho m\u00fazea v \u017diline. <!--more-->\u00dastrednou t\u00e9mou Hradnej \u0161koly 2010\u00a0 bud\u00fa zabudnut\u00e9 hry. Deti sa dozvedia ako sa kedysi hrali ich predkovia, ak\u00e9 mali hra\u010dky alebo ako pri hr\u00e1ch fantaz\u00edrovali. Niektor\u00e9\u00a0 hry si vysk\u00fa\u0161aj\u00fa a ods\u00fa\u0165a\u017eia. Arbitrami tejto \u010dasti podujatia bude uhorsk\u00fd palat\u00edn Franti\u0161ek Ve\u0161el\u00e9ni a jeho man\u017eelka \u017dofia Bosniakov\u00e1, ktor\u00ed odovzdaj\u00fa ka\u017edej triede svoj certifik\u00e1t. \u010eal\u0161\u00edmi atrakciami bude archeologick\u00fd workshop, geologick\u00e1 a zoologick\u00e1 zast\u00e1vka. Nebezpe\u010dn\u00fd cestn\u00fd \u00fasek pod hradom Stre\u010dnom bude de\u0165om predstaven\u00fd historikom dopravy m\u00fazea v kontexte v\u00fdstavy Cesta okolo Stre\u010dna nebezpe\u010dn\u00e1, nain\u0161talovanej v Severnej ve\u017ei hradu. &#8222;<em>Na z\u00e1ver si \u0161kol\u00e1ci vysk\u00fa\u0161aj\u00fa remesl\u00e1 s\u00favisiace so stredovek\u00fdm hradom ako je napr\u00edklad hrn\u010diarstvo alebo remeslo via\u017e\u00face sa k \u0161pecializ\u00e1cii n\u00e1\u0161ho m\u00fazea &#8211; drot\u00e1stvo. Aj t\u00fdmto sp\u00f4sobom sa sna\u017e\u00edme roz\u0161\u00edri\u0165 obzory \u017eiakov o inform\u00e1cie, ktor\u00e9 s\u00fa na\u010drtnut\u00e9 v u\u010debn\u00fdch osnov\u00e1ch spolo\u010densko-vedn\u00fdch predmetov a t\u00fdm preh\u013abi\u0165 \u00factu mladej gener\u00e1cie k trad\u00edci\u00e1m a vlastn\u00fdm kore\u0148om<\/em>,\u201c dodala Katar\u00edna Rep\u00e1\u0148ov\u00e1, spr\u00e1vky\u0148a hradu Stre\u010dno. Hradn\u00e1 \u0161kola bude prebieha\u0165 v d\u0148och 1., 8. a 15. j\u00fana 2010. Z\u00e1ujemcovia o posledn\u00e9 vo\u013en\u00e9 term\u00edny sa m\u00f4\u017eu informova\u0165 na tel: 041\/500 15 11. Organiz\u00e1torom podujatia je \u017dilinsk\u00fd samospr\u00e1vny kraj a Pova\u017esk\u00e9 m\u00fazeum v \u017diline.<\/p>\n","protected":false},"excerpt":{"rendered":"<p>J\u00fanov\u00e9 utorky na hrade Stre\u010dno u\u017e \u0161iestu sez\u00f3nu bud\u00fa okrem n\u00e1v\u0161tevn\u00edkov hradu patri\u0165 predov\u0161etk\u00fdm \u017eiakom z\u00e1kladn\u00fdch \u0161k\u00f4l. Projekt Hradn\u00e1 \u0161kola alebo M\u00fazeum de\u0165om, deti m\u00fazeu sa te\u0161\u00ed ve\u013ekej ob\u013eube a ka\u017edoro\u010dne ho absolvuje viac ako p\u00e4\u0165sto det\u00ed z r\u00f4znych k\u00fatov Slovenska. \u201cHlavn\u00fdm cie\u013eom Hradnej \u0161koly je sprostredkova\u0165 hravou a interakt\u00edvnou formou zauj\u00edmav\u00e9 inform\u00e1cie o dejin\u00e1ch [&hellip;]<\/p>\n","protected":false},"author":2,"featured_media":0,"comment_status":"closed","ping_status":"closed","sticky":false,"template":"","format":"standard","meta":{"site-sidebar-layout":"default","site-content-layout":"","ast-site-content-layout":"","site-content-style":"default","site-sidebar-style":"default","ast-global-header-display":"","ast-banner-title-visibility":"","ast-main-header-display":"","ast-hfb-above-header-display":"","ast-hfb-below-header-display":"","ast-hfb-mobile-header-display":"","site-post-title":"","ast-breadcrumbs-content":"","ast-featured-img":"","footer-sml-layout":"","theme-transparent-header-meta":"","adv-header-id-meta":"","stick-header-meta":"","header-above-stick-meta":"","header-main-stick-meta":"","header-below-stick-meta":"","astra-migrate-meta-layouts":"default","ast-page-background-enabled":"default","ast-page-background-meta":{"desktop":{"background-color":"var(--ast-global-color-4)","background-image":"","background-repeat":"repeat","background-position":"center center","background-size":"auto","background-attachment":"scroll","background-type":"","background-media":"","overlay-type":"","overlay-color":"","overlay-opacity":"","overlay-gradient":""},"tablet":{"background-color":"","background-image":"","background-repeat":"repeat","background-position":"center center","background-size":"auto","background-attachment":"scroll","background-type":"","background-media":"","overlay-type":"","overlay-color":"","overlay-opacity":"","overlay-gradient":""},"mobile":{"background-color":"","background-image":"","background-repeat":"repeat","background-position":"center center","background-size":"auto","background-attachment":"scroll","background-type":"","background-media":"","overlay-type":"","overlay-color":"","overlay-opacity":"","overlay-gradient":""}},"ast-content-background-meta":{"desktop":{"background-color":"var(--ast-global-color-5)","background-image":"","background-repeat":"repeat","background-position":"center center","background-size":"auto","background-attachment":"scroll","background-type":"","background-media":"","overlay-type":"","overlay-color":"","overlay-opacity":"","overlay-gradient":""},"tablet":{"background-color":"var(--ast-global-color-5)","background-image":"","background-repeat":"repeat","background-position":"center center","background-size":"auto","background-attachment":"scroll","background-type":"","background-media":"","overlay-type":"","overlay-color":"","overlay-opacity":"","overlay-gradient":""},"mobile":{"background-color":"var(--ast-global-color-5)","background-image":"","background-repeat":"repeat","background-position":"center center","background-size":"auto","background-attachment":"scroll","background-type":"","background-media":"","overlay-type":"","overlay-color":"","overlay-opacity":"","overlay-gradient":""}},"footnotes":""},"categories":[29],"tags":[],"class_list":["post-573","post","type-post","status-publish","format-standard","hentry","category-archiv-2010"],"yoast_head":"<!-- This site is optimized with the Yoast SEO plugin v27.4 - https:\/\/yoast.com\/product\/yoast-seo-wordpress\/ -->\n<title>O hradn\u00fa \u0161kolu je op\u00e4\u0165 ve\u013ek\u00fd z\u00e1ujem - Pova\u017esk\u00e9 m\u00fazeum<\/title>\n<meta name=\"robots\" content=\"index, follow, max-snippet:-1, max-image-preview:large, max-video-preview:-1\" \/>\n<link rel=\"canonical\" href=\"https:\/\/pmza.sk\/?p=573\" \/>\n<meta property=\"og:locale\" content=\"sk_SK\" \/>\n<meta property=\"og:type\" content=\"article\" \/>\n<meta property=\"og:title\" content=\"O hradn\u00fa \u0161kolu je op\u00e4\u0165 ve\u013ek\u00fd z\u00e1ujem - Pova\u017esk\u00e9 m\u00fazeum\" \/>\n<meta property=\"og:description\" content=\"J\u00fanov\u00e9 utorky na hrade Stre\u010dno u\u017e \u0161iestu sez\u00f3nu bud\u00fa okrem n\u00e1v\u0161tevn\u00edkov hradu patri\u0165 predov\u0161etk\u00fdm \u017eiakom z\u00e1kladn\u00fdch \u0161k\u00f4l. Projekt Hradn\u00e1 \u0161kola alebo M\u00fazeum de\u0165om, deti m\u00fazeu sa te\u0161\u00ed ve\u013ekej ob\u013eube a ka\u017edoro\u010dne ho absolvuje viac ako p\u00e4\u0165sto det\u00ed z r\u00f4znych k\u00fatov Slovenska. \u201cHlavn\u00fdm cie\u013eom Hradnej \u0161koly je sprostredkova\u0165 hravou a interakt\u00edvnou formou zauj\u00edmav\u00e9 inform\u00e1cie o dejin\u00e1ch [&hellip;]\" \/>\n<meta property=\"og:url\" content=\"https:\/\/pmza.sk\/?p=573\" \/>\n<meta property=\"og:site_name\" content=\"Pova\u017esk\u00e9 m\u00fazeum\" \/>\n<meta property=\"article:publisher\" content=\"https:\/\/www.facebook.com\/povazskemuzeum\" \/>\n<meta property=\"article:published_time\" content=\"2010-06-10T12:20:48+00:00\" \/>\n<meta property=\"og:image\" content=\"https:\/\/pmza.sk.sk\/wp-content\/uploads\/2010\/06\/hradna-skola-300x225.jpg\" \/>\n<meta name=\"author\" content=\"Pova\u017esk\u00e9 m\u00fazeum\" \/>\n<meta name=\"twitter:card\" content=\"summary_large_image\" \/>\n<meta name=\"twitter:label1\" content=\"Autor\" \/>\n\t<meta name=\"twitter:data1\" content=\"Pova\u017esk\u00e9 m\u00fazeum\" \/>\n\t<meta name=\"twitter:label2\" content=\"Predpokladan\u00fd \u010das \u010d\u00edtania\" \/>\n\t<meta name=\"twitter:data2\" content=\"2 min\u00faty\" \/>\n<script type=\"application\/ld+json\" class=\"yoast-schema-graph\">{\"@context\":\"https:\\\/\\\/schema.org\",\"@graph\":[{\"@type\":\"Article\",\"@id\":\"https:\\\/\\\/pmza.sk\\\/?p=573#article\",\"isPartOf\":{\"@id\":\"https:\\\/\\\/pmza.sk\\\/?p=573\"},\"author\":{\"name\":\"Pova\u017esk\u00e9 m\u00fazeum\",\"@id\":\"https:\\\/\\\/pmza.sk\\\/#\\\/schema\\\/person\\\/595e6a2ce731ea94dcd5d7f50a41ae33\"},\"headline\":\"O hradn\u00fa \u0161kolu je op\u00e4\u0165 ve\u013ek\u00fd z\u00e1ujem\",\"datePublished\":\"2010-06-10T12:20:48+00:00\",\"mainEntityOfPage\":{\"@id\":\"https:\\\/\\\/pmza.sk\\\/?p=573\"},\"wordCount\":428,\"publisher\":{\"@id\":\"https:\\\/\\\/pmza.sk\\\/#organization\"},\"image\":{\"@id\":\"https:\\\/\\\/pmza.sk\\\/?p=573#primaryimage\"},\"thumbnailUrl\":\"http:\\\/\\\/pmza.sk.sk\\\/wp-content\\\/uploads\\\/2010\\\/06\\\/hradna-skola-300x225.jpg\",\"articleSection\":[\"Arch\u00edv 2010\"],\"inLanguage\":\"sk-SK\"},{\"@type\":\"WebPage\",\"@id\":\"https:\\\/\\\/pmza.sk\\\/?p=573\",\"url\":\"https:\\\/\\\/pmza.sk\\\/?p=573\",\"name\":\"O hradn\u00fa \u0161kolu je op\u00e4\u0165 ve\u013ek\u00fd z\u00e1ujem - Pova\u017esk\u00e9 m\u00fazeum\",\"isPartOf\":{\"@id\":\"https:\\\/\\\/pmza.sk\\\/#website\"},\"primaryImageOfPage\":{\"@id\":\"https:\\\/\\\/pmza.sk\\\/?p=573#primaryimage\"},\"image\":{\"@id\":\"https:\\\/\\\/pmza.sk\\\/?p=573#primaryimage\"},\"thumbnailUrl\":\"http:\\\/\\\/pmza.sk.sk\\\/wp-content\\\/uploads\\\/2010\\\/06\\\/hradna-skola-300x225.jpg\",\"datePublished\":\"2010-06-10T12:20:48+00:00\",\"breadcrumb\":{\"@id\":\"https:\\\/\\\/pmza.sk\\\/?p=573#breadcrumb\"},\"inLanguage\":\"sk-SK\",\"potentialAction\":[{\"@type\":\"ReadAction\",\"target\":[\"https:\\\/\\\/pmza.sk\\\/?p=573\"]}]},{\"@type\":\"ImageObject\",\"inLanguage\":\"sk-SK\",\"@id\":\"https:\\\/\\\/pmza.sk\\\/?p=573#primaryimage\",\"url\":\"http:\\\/\\\/pmza.sk.sk\\\/wp-content\\\/uploads\\\/2010\\\/06\\\/hradna-skola-300x225.jpg\",\"contentUrl\":\"http:\\\/\\\/pmza.sk.sk\\\/wp-content\\\/uploads\\\/2010\\\/06\\\/hradna-skola-300x225.jpg\"},{\"@type\":\"BreadcrumbList\",\"@id\":\"https:\\\/\\\/pmza.sk\\\/?p=573#breadcrumb\",\"itemListElement\":[{\"@type\":\"ListItem\",\"position\":1,\"name\":\"Domovsk\u00e1 str\u00e1nka\",\"item\":\"https:\\\/\\\/pmza.sk\\\/\"},{\"@type\":\"ListItem\",\"position\":2,\"name\":\"O hradn\u00fa \u0161kolu je op\u00e4\u0165 ve\u013ek\u00fd z\u00e1ujem\"}]},{\"@type\":\"WebSite\",\"@id\":\"https:\\\/\\\/pmza.sk\\\/#website\",\"url\":\"https:\\\/\\\/pmza.sk\\\/\",\"name\":\"Pova\u017esk\u00e9 m\u00fazeum\",\"description\":\"Pova\u017esk\u00e9 m\u00fazeum v \u017diline je region\u00e1lne m\u00fazeum so s\u00eddlom v Budat\u00edne. Jeho expoz\u00edcie s\u00fa zameran\u00e9 na dejiny slovensk\u00e9ho umenia, kult\u00fary a dopravy.\",\"publisher\":{\"@id\":\"https:\\\/\\\/pmza.sk\\\/#organization\"},\"potentialAction\":[{\"@type\":\"SearchAction\",\"target\":{\"@type\":\"EntryPoint\",\"urlTemplate\":\"https:\\\/\\\/pmza.sk\\\/?s={search_term_string}\"},\"query-input\":{\"@type\":\"PropertyValueSpecification\",\"valueRequired\":true,\"valueName\":\"search_term_string\"}}],\"inLanguage\":\"sk-SK\"},{\"@type\":\"Organization\",\"@id\":\"https:\\\/\\\/pmza.sk\\\/#organization\",\"name\":\"Pova\u017esk\u00e9 m\u00fazeum\",\"url\":\"https:\\\/\\\/pmza.sk\\\/\",\"logo\":{\"@type\":\"ImageObject\",\"inLanguage\":\"sk-SK\",\"@id\":\"https:\\\/\\\/pmza.sk\\\/#\\\/schema\\\/logo\\\/image\\\/\",\"url\":\"https:\\\/\\\/pmza.sk\\\/wp-content\\\/uploads\\\/2022\\\/01\\\/logo_PM_horizontal.jpg\",\"contentUrl\":\"https:\\\/\\\/pmza.sk\\\/wp-content\\\/uploads\\\/2022\\\/01\\\/logo_PM_horizontal.jpg\",\"width\":231,\"height\":142,\"caption\":\"Pova\u017esk\u00e9 m\u00fazeum\"},\"image\":{\"@id\":\"https:\\\/\\\/pmza.sk\\\/#\\\/schema\\\/logo\\\/image\\\/\"},\"sameAs\":[\"https:\\\/\\\/www.facebook.com\\\/povazskemuzeum\",\"https:\\\/\\\/www.instagram.com\\\/povazskemuzeum\\\/\"]},{\"@type\":\"Person\",\"@id\":\"https:\\\/\\\/pmza.sk\\\/#\\\/schema\\\/person\\\/595e6a2ce731ea94dcd5d7f50a41ae33\",\"name\":\"Pova\u017esk\u00e9 m\u00fazeum\",\"image\":{\"@type\":\"ImageObject\",\"inLanguage\":\"sk-SK\",\"@id\":\"https:\\\/\\\/secure.gravatar.com\\\/avatar\\\/2bb7f1561282132fb5826dfeccc66c7996d11ee392ac6aaf7ced8a1c2027fbb2?s=96&d=mm&r=g\",\"url\":\"https:\\\/\\\/secure.gravatar.com\\\/avatar\\\/2bb7f1561282132fb5826dfeccc66c7996d11ee392ac6aaf7ced8a1c2027fbb2?s=96&d=mm&r=g\",\"contentUrl\":\"https:\\\/\\\/secure.gravatar.com\\\/avatar\\\/2bb7f1561282132fb5826dfeccc66c7996d11ee392ac6aaf7ced8a1c2027fbb2?s=96&d=mm&r=g\",\"caption\":\"Pova\u017esk\u00e9 m\u00fazeum\"}}]}<\/script>\n<!-- \/ Yoast SEO plugin. -->","yoast_head_json":{"title":"O hradn\u00fa \u0161kolu je op\u00e4\u0165 ve\u013ek\u00fd z\u00e1ujem - Pova\u017esk\u00e9 m\u00fazeum","robots":{"index":"index","follow":"follow","max-snippet":"max-snippet:-1","max-image-preview":"max-image-preview:large","max-video-preview":"max-video-preview:-1"},"canonical":"https:\/\/pmza.sk\/?p=573","og_locale":"sk_SK","og_type":"article","og_title":"O hradn\u00fa \u0161kolu je op\u00e4\u0165 ve\u013ek\u00fd z\u00e1ujem - Pova\u017esk\u00e9 m\u00fazeum","og_description":"J\u00fanov\u00e9 utorky na hrade Stre\u010dno u\u017e \u0161iestu sez\u00f3nu bud\u00fa okrem n\u00e1v\u0161tevn\u00edkov hradu patri\u0165 predov\u0161etk\u00fdm \u017eiakom z\u00e1kladn\u00fdch \u0161k\u00f4l. Projekt Hradn\u00e1 \u0161kola alebo M\u00fazeum de\u0165om, deti m\u00fazeu sa te\u0161\u00ed ve\u013ekej ob\u013eube a ka\u017edoro\u010dne ho absolvuje viac ako p\u00e4\u0165sto det\u00ed z r\u00f4znych k\u00fatov Slovenska. \u201cHlavn\u00fdm cie\u013eom Hradnej \u0161koly je sprostredkova\u0165 hravou a interakt\u00edvnou formou zauj\u00edmav\u00e9 inform\u00e1cie o dejin\u00e1ch [&hellip;]","og_url":"https:\/\/pmza.sk\/?p=573","og_site_name":"Pova\u017esk\u00e9 m\u00fazeum","article_publisher":"https:\/\/www.facebook.com\/povazskemuzeum","article_published_time":"2010-06-10T12:20:48+00:00","og_image":[{"url":"https:\/\/pmza.sk.sk\/wp-content\/uploads\/2010\/06\/hradna-skola-300x225.jpg","type":"","width":"","height":""}],"author":"Pova\u017esk\u00e9 m\u00fazeum","twitter_card":"summary_large_image","twitter_misc":{"Autor":"Pova\u017esk\u00e9 m\u00fazeum","Predpokladan\u00fd \u010das \u010d\u00edtania":"2 min\u00faty"},"schema":{"@context":"https:\/\/schema.org","@graph":[{"@type":"Article","@id":"https:\/\/pmza.sk\/?p=573#article","isPartOf":{"@id":"https:\/\/pmza.sk\/?p=573"},"author":{"name":"Pova\u017esk\u00e9 m\u00fazeum","@id":"https:\/\/pmza.sk\/#\/schema\/person\/595e6a2ce731ea94dcd5d7f50a41ae33"},"headline":"O hradn\u00fa \u0161kolu je op\u00e4\u0165 ve\u013ek\u00fd z\u00e1ujem","datePublished":"2010-06-10T12:20:48+00:00","mainEntityOfPage":{"@id":"https:\/\/pmza.sk\/?p=573"},"wordCount":428,"publisher":{"@id":"https:\/\/pmza.sk\/#organization"},"image":{"@id":"https:\/\/pmza.sk\/?p=573#primaryimage"},"thumbnailUrl":"https:\/\/pmza.sk.sk\/wp-content\/uploads\/2010\/06\/hradna-skola-300x225.jpg","articleSection":["Arch\u00edv 2010"],"inLanguage":"sk-SK"},{"@type":"WebPage","@id":"https:\/\/pmza.sk\/?p=573","url":"https:\/\/pmza.sk\/?p=573","name":"O hradn\u00fa \u0161kolu je op\u00e4\u0165 ve\u013ek\u00fd z\u00e1ujem - Pova\u017esk\u00e9 m\u00fazeum","isPartOf":{"@id":"https:\/\/pmza.sk\/#website"},"primaryImageOfPage":{"@id":"https:\/\/pmza.sk\/?p=573#primaryimage"},"image":{"@id":"https:\/\/pmza.sk\/?p=573#primaryimage"},"thumbnailUrl":"https:\/\/pmza.sk.sk\/wp-content\/uploads\/2010\/06\/hradna-skola-300x225.jpg","datePublished":"2010-06-10T12:20:48+00:00","breadcrumb":{"@id":"https:\/\/pmza.sk\/?p=573#breadcrumb"},"inLanguage":"sk-SK","potentialAction":[{"@type":"ReadAction","target":["https:\/\/pmza.sk\/?p=573"]}]},{"@type":"ImageObject","inLanguage":"sk-SK","@id":"https:\/\/pmza.sk\/?p=573#primaryimage","url":"https:\/\/pmza.sk.sk\/wp-content\/uploads\/2010\/06\/hradna-skola-300x225.jpg","contentUrl":"https:\/\/pmza.sk.sk\/wp-content\/uploads\/2010\/06\/hradna-skola-300x225.jpg"},{"@type":"BreadcrumbList","@id":"https:\/\/pmza.sk\/?p=573#breadcrumb","itemListElement":[{"@type":"ListItem","position":1,"name":"Domovsk\u00e1 str\u00e1nka","item":"https:\/\/pmza.sk\/"},{"@type":"ListItem","position":2,"name":"O hradn\u00fa \u0161kolu je op\u00e4\u0165 ve\u013ek\u00fd z\u00e1ujem"}]},{"@type":"WebSite","@id":"https:\/\/pmza.sk\/#website","url":"https:\/\/pmza.sk\/","name":"Pova\u017esk\u00e9 m\u00fazeum","description":"Pova\u017esk\u00e9 m\u00fazeum v \u017diline je region\u00e1lne m\u00fazeum so s\u00eddlom v Budat\u00edne. Jeho expoz\u00edcie s\u00fa zameran\u00e9 na dejiny slovensk\u00e9ho umenia, kult\u00fary a dopravy.","publisher":{"@id":"https:\/\/pmza.sk\/#organization"},"potentialAction":[{"@type":"SearchAction","target":{"@type":"EntryPoint","urlTemplate":"https:\/\/pmza.sk\/?s={search_term_string}"},"query-input":{"@type":"PropertyValueSpecification","valueRequired":true,"valueName":"search_term_string"}}],"inLanguage":"sk-SK"},{"@type":"Organization","@id":"https:\/\/pmza.sk\/#organization","name":"Pova\u017esk\u00e9 m\u00fazeum","url":"https:\/\/pmza.sk\/","logo":{"@type":"ImageObject","inLanguage":"sk-SK","@id":"https:\/\/pmza.sk\/#\/schema\/logo\/image\/","url":"https:\/\/pmza.sk\/wp-content\/uploads\/2022\/01\/logo_PM_horizontal.jpg","contentUrl":"https:\/\/pmza.sk\/wp-content\/uploads\/2022\/01\/logo_PM_horizontal.jpg","width":231,"height":142,"caption":"Pova\u017esk\u00e9 m\u00fazeum"},"image":{"@id":"https:\/\/pmza.sk\/#\/schema\/logo\/image\/"},"sameAs":["https:\/\/www.facebook.com\/povazskemuzeum","https:\/\/www.instagram.com\/povazskemuzeum\/"]},{"@type":"Person","@id":"https:\/\/pmza.sk\/#\/schema\/person\/595e6a2ce731ea94dcd5d7f50a41ae33","name":"Pova\u017esk\u00e9 m\u00fazeum","image":{"@type":"ImageObject","inLanguage":"sk-SK","@id":"https:\/\/secure.gravatar.com\/avatar\/2bb7f1561282132fb5826dfeccc66c7996d11ee392ac6aaf7ced8a1c2027fbb2?s=96&d=mm&r=g","url":"https:\/\/secure.gravatar.com\/avatar\/2bb7f1561282132fb5826dfeccc66c7996d11ee392ac6aaf7ced8a1c2027fbb2?s=96&d=mm&r=g","contentUrl":"https:\/\/secure.gravatar.com\/avatar\/2bb7f1561282132fb5826dfeccc66c7996d11ee392ac6aaf7ced8a1c2027fbb2?s=96&d=mm&r=g","caption":"Pova\u017esk\u00e9 m\u00fazeum"}}]}},"_links":{"self":[{"href":"https:\/\/pmza.sk\/index.php?rest_route=\/wp\/v2\/posts\/573","targetHints":{"allow":["GET"]}}],"collection":[{"href":"https:\/\/pmza.sk\/index.php?rest_route=\/wp\/v2\/posts"}],"about":[{"href":"https:\/\/pmza.sk\/index.php?rest_route=\/wp\/v2\/types\/post"}],"author":[{"embeddable":true,"href":"https:\/\/pmza.sk\/index.php?rest_route=\/wp\/v2\/users\/2"}],"replies":[{"embeddable":true,"href":"https:\/\/pmza.sk\/index.php?rest_route=%2Fwp%2Fv2%2Fcomments&post=573"}],"version-history":[{"count":0,"href":"https:\/\/pmza.sk\/index.php?rest_route=\/wp\/v2\/posts\/573\/revisions"}],"wp:attachment":[{"href":"https:\/\/pmza.sk\/index.php?rest_route=%2Fwp%2Fv2%2Fmedia&parent=573"}],"wp:term":[{"taxonomy":"category","embeddable":true,"href":"https:\/\/pmza.sk\/index.php?rest_route=%2Fwp%2Fv2%2Fcategories&post=573"},{"taxonomy":"post_tag","embeddable":true,"href":"https:\/\/pmza.sk\/index.php?rest_route=%2Fwp%2Fv2%2Ftags&post=573"}],"curies":[{"name":"wp","href":"https:\/\/api.w.org\/{rel}","templated":true}]}}