{"id":57447,"date":"2023-07-10T13:58:47","date_gmt":"2023-07-10T11:58:47","guid":{"rendered":"https:\/\/pmza.sk\/?p=57447"},"modified":"2023-08-18T12:24:58","modified_gmt":"2023-08-18T10:24:58","slug":"slovensko-v-statnej-symbolike","status":"publish","type":"post","link":"https:\/\/pmza.sk\/?p=57447","title":{"rendered":"Slovensko v \u0161t\u00e1tnej symbolike"},"content":{"rendered":"<p>\u0160t\u00e1tne symboly s\u00fa, spolu s \u00fastavou, jedn\u00fdm zo z\u00e1kladn\u00fdch pilierov \u0161t\u00e1tnosti. \u0160t\u00e1tny znak, \u0161t\u00e1tna vlajka, \u0161t\u00e1tna pe\u010da\u0165 a \u0161t\u00e1tna hymna zhmot\u0148uj\u00fa samotn\u00fa identitu \u0161t\u00e1tu, preto sa na nich via\u017ee osobitn\u00e1 \u00facta a pr\u00e1vna ochrana. Aj \u0161t\u00e1tne symboly Slovenskej republiky s\u00fa, vzh\u013eadom na ich z\u00e1sadn\u00fd v\u00fdznam pre \u0161t\u00e1t, kodifikovan\u00e9 priamo \u00dastavou Slovenskej republiky. Bola prijat\u00e1\u00a0 a sl\u00e1vnostne podp\u00edsan\u00e1 1. septembra 1992 na Bratislavskom hrade.\u00a0 30-ro\u010dn\u00e9 v\u00fdro\u010die tejto v\u00fdznamnej udalosti sa v\u00a0roku 2022 stalo tie\u017e pr\u00edle\u017eitos\u0165ou na pripomenutie si p\u00f4vodu a\u00a0v\u00fdvoja na\u0161ej \u0161t\u00e1tnej symboliky formou rozsiahlej v\u00fdstavy <strong>Slovensko v\u00a0\u0161t\u00e1tnej symbolike<\/strong>. Bola in\u0161talovan\u00e1 na Bratislavskom hrade a\u00a0nesk\u00f4r vo viacer\u00fdch mest\u00e1ch na Slovensku.<\/p>\n<p>Ministerstvo vn\u00fatra Slovenskej republiky, \u0160t\u00e1tny arch\u00edv v\u00a0\u017diline so s\u00eddlom v\u00a0Byt\u010di v\u00a0spolupr\u00e1ci s\u00a0Pova\u017esk\u00fdm m\u00fazeom spr\u00edstupn\u00ed t\u00fato jedine\u010dn\u00fa v\u00fdstavu aj v\u00a0Sob\u00e1\u0161nom pal\u00e1ci v Byt\u010di.<\/p>\n<p>Putovn\u00e1 v\u00fdstava Ministerstva vn\u00fatra Slovenskej republiky dokumentuje p\u00f4vod a v\u00fdvoj \u0161t\u00e1tneho znaku SR od najstar\u0161\u00edch \u010dias do s\u00fa\u010dasnosti. Na jednom mieste prin\u00e1\u0161a viac ako 800 vz\u00e1cnych, na Slovensku po prv\u00fdkr\u00e1t vystavovan\u00fdch obrazov\u00fdch a textov\u00fdch expon\u00e1tov, vyobrazen\u00ed heraldick\u00fdch arch\u00edvnych dokumentov a muze\u00e1lnych prame\u0148ov via\u017eucich sa k\u00a0na\u0161ej \u0161t\u00e1tnej symbolike.\u00a0Dokumentuj\u00fa zlo\u017eit\u00fa, 1 100 rokov trvaj\u00facu cestu, pokia\u013e sa z byzantsk\u00e9ho cirkevn\u00e9ho a uhorsk\u00e9ho panovn\u00edckeho symbolu stal symbol \u00fazemia dne\u0161n\u00e9ho Slovenska. Od roku 1918 sa tento, vtedy u\u017e\u00a0 medzin\u00e1rodne re\u0161pektovan\u00fd znak Slovenska, stal s\u00fa\u010das\u0165ou \u0161t\u00e1tneho znaku \u010ceskoslovenska, od roku 1993 je dvojit\u00fd kr\u00ed\u017e na trojvr\u0161\u00ed \u0161t\u00e1tnym znakom samostatnej Slovenskej republiky a hlavn\u00fdm znamen\u00edm na jej vlajke.<\/p>\n<p>Autorom v\u00fdstavy je herold Slovenska, renomovan\u00fd heraldik, archiv\u00e1r, historik a spolutvorca \u0161t\u00e1tneho znaku Slovenskej republiky PhDr. Ladislav Vrtel.<\/p>\n<p>Prehliadka v\u00fdstavy n\u00e1v\u0161tevn\u00edka presved\u010d\u00ed o\u00a0tom, \u017ee p\u00f4vod a\u00a0zlo\u017eit\u00fd v\u00fdvoj slovensk\u00e9ho znaku predstavuje mimoriadne zauj\u00edmav\u00fd, miestami a\u017e vzru\u0161uj\u00faci pr\u00edbeh.<\/p>\n<p>Sl\u00e1vnostn\u00e9 otvorenie v\u00fdstavy Slovensko v \u0161t\u00e1tnej symbolike sa uskuto\u010dn\u00ed v utorok 11. 7. o 10.00, v\u00fdstava je pre n\u00e1v\u0161tevn\u00edkov pr\u00edstupn\u00e1 do 24. 8.<\/p>\n<div class=\"wp-block-image\"><img fetchpriority=\"high\" decoding=\"async\" class=\"alignnone size-medium wp-image-57449\" src=\"https:\/\/pmza.sk\/wp-content\/uploads\/2023\/07\/Statna_symbolika_K1-255x360.jpg\" alt=\"\" width=\"255\" height=\"360\" srcset=\"https:\/\/pmza.sk\/wp-content\/uploads\/2023\/07\/Statna_symbolika_K1-255x360.jpg 255w, https:\/\/pmza.sk\/wp-content\/uploads\/2023\/07\/Statna_symbolika_K1-520x736.jpg 520w, https:\/\/pmza.sk\/wp-content\/uploads\/2023\/07\/Statna_symbolika_K1-768x1086.jpg 768w, https:\/\/pmza.sk\/wp-content\/uploads\/2023\/07\/Statna_symbolika_K1-1086x1536.jpg 1086w, https:\/\/pmza.sk\/wp-content\/uploads\/2023\/07\/Statna_symbolika_K1-1448x2048.jpg 1448w, https:\/\/pmza.sk\/wp-content\/uploads\/2023\/07\/Statna_symbolika_K1-600x849.jpg 600w, https:\/\/pmza.sk\/wp-content\/uploads\/2023\/07\/Statna_symbolika_K1-scaled.jpg 1810w\" sizes=\"(max-width: 255px) 100vw, 255px\" \/><\/div>\n<div><\/div>\n<div>Plag\u00e1t v plnej ve\u013ekosti <a href=\"https:\/\/pmza.sk\/wp-content\/uploads\/2023\/07\/Statna_symbolika_K1.pdf\">TU<\/a><\/div>\n<p>&nbsp;<\/p>\n","protected":false},"excerpt":{"rendered":"<p>\u0160t\u00e1tne symboly s\u00fa, spolu s \u00fastavou, jedn\u00fdm zo z\u00e1kladn\u00fdch pilierov \u0161t\u00e1tnosti. \u0160t\u00e1tny znak, \u0161t\u00e1tna vlajka, \u0161t\u00e1tna pe\u010da\u0165 a \u0161t\u00e1tna hymna zhmot\u0148uj\u00fa samotn\u00fa identitu \u0161t\u00e1tu, preto sa na nich via\u017ee osobitn\u00e1 \u00facta a pr\u00e1vna ochrana. Aj \u0161t\u00e1tne symboly Slovenskej republiky s\u00fa, vzh\u013eadom na ich z\u00e1sadn\u00fd v\u00fdznam pre \u0161t\u00e1t, kodifikovan\u00e9 priamo \u00dastavou Slovenskej republiky. Bola prijat\u00e1\u00a0 a [&hellip;]<\/p>\n","protected":false},"author":2,"featured_media":57448,"comment_status":"open","ping_status":"open","sticky":false,"template":"","format":"standard","meta":{"site-sidebar-layout":"default","site-content-layout":"default","ast-site-content-layout":"","site-content-style":"default","site-sidebar-style":"default","ast-global-header-display":"","ast-banner-title-visibility":"","ast-main-header-display":"","ast-hfb-above-header-display":"","ast-hfb-below-header-display":"","ast-hfb-mobile-header-display":"","site-post-title":"","ast-breadcrumbs-content":"","ast-featured-img":"","footer-sml-layout":"","theme-transparent-header-meta":"default","adv-header-id-meta":"","stick-header-meta":"default","header-above-stick-meta":"","header-main-stick-meta":"","header-below-stick-meta":"","astra-migrate-meta-layouts":"default","ast-page-background-enabled":"default","ast-page-background-meta":{"desktop":{"background-color":"var(--ast-global-color-4)","background-image":"","background-repeat":"repeat","background-position":"center center","background-size":"auto","background-attachment":"scroll","background-type":"","background-media":"","overlay-type":"","overlay-color":"","overlay-opacity":"","overlay-gradient":""},"tablet":{"background-color":"","background-image":"","background-repeat":"repeat","background-position":"center center","background-size":"auto","background-attachment":"scroll","background-type":"","background-media":"","overlay-type":"","overlay-color":"","overlay-opacity":"","overlay-gradient":""},"mobile":{"background-color":"","background-image":"","background-repeat":"repeat","background-position":"center center","background-size":"auto","background-attachment":"scroll","background-type":"","background-media":"","overlay-type":"","overlay-color":"","overlay-opacity":"","overlay-gradient":""}},"ast-content-background-meta":{"desktop":{"background-color":"var(--ast-global-color-5)","background-image":"","background-repeat":"repeat","background-position":"center center","background-size":"auto","background-attachment":"scroll","background-type":"","background-media":"","overlay-type":"","overlay-color":"","overlay-opacity":"","overlay-gradient":""},"tablet":{"background-color":"var(--ast-global-color-5)","background-image":"","background-repeat":"repeat","background-position":"center center","background-size":"auto","background-attachment":"scroll","background-type":"","background-media":"","overlay-type":"","overlay-color":"","overlay-opacity":"","overlay-gradient":""},"mobile":{"background-color":"var(--ast-global-color-5)","background-image":"","background-repeat":"repeat","background-position":"center center","background-size":"auto","background-attachment":"scroll","background-type":"","background-media":"","overlay-type":"","overlay-color":"","overlay-opacity":"","overlay-gradient":""}},"footnotes":""},"categories":[72],"tags":[],"class_list":["post-57447","post","type-post","status-publish","format-standard","has-post-thumbnail","hentry","category-vystavy"],"yoast_head":"<!-- This site is optimized with the Yoast SEO plugin v27.4 - https:\/\/yoast.com\/product\/yoast-seo-wordpress\/ -->\n<title>Slovensko v \u0161t\u00e1tnej symbolike - Pova\u017esk\u00e9 m\u00fazeum<\/title>\n<meta name=\"robots\" content=\"index, follow, max-snippet:-1, max-image-preview:large, max-video-preview:-1\" \/>\n<link rel=\"canonical\" href=\"https:\/\/pmza.sk\/?p=57447\" \/>\n<meta property=\"og:locale\" content=\"sk_SK\" \/>\n<meta property=\"og:type\" content=\"article\" \/>\n<meta property=\"og:title\" content=\"Slovensko v \u0161t\u00e1tnej symbolike - Pova\u017esk\u00e9 m\u00fazeum\" \/>\n<meta property=\"og:description\" content=\"\u0160t\u00e1tne symboly s\u00fa, spolu s \u00fastavou, jedn\u00fdm zo z\u00e1kladn\u00fdch pilierov \u0161t\u00e1tnosti. \u0160t\u00e1tny znak, \u0161t\u00e1tna vlajka, \u0161t\u00e1tna pe\u010da\u0165 a \u0161t\u00e1tna hymna zhmot\u0148uj\u00fa samotn\u00fa identitu \u0161t\u00e1tu, preto sa na nich via\u017ee osobitn\u00e1 \u00facta a pr\u00e1vna ochrana. Aj \u0161t\u00e1tne symboly Slovenskej republiky s\u00fa, vzh\u013eadom na ich z\u00e1sadn\u00fd v\u00fdznam pre \u0161t\u00e1t, kodifikovan\u00e9 priamo \u00dastavou Slovenskej republiky. Bola prijat\u00e1\u00a0 a [&hellip;]\" \/>\n<meta property=\"og:url\" content=\"https:\/\/pmza.sk\/?p=57447\" \/>\n<meta property=\"og:site_name\" content=\"Pova\u017esk\u00e9 m\u00fazeum\" \/>\n<meta property=\"article:publisher\" content=\"https:\/\/www.facebook.com\/povazskemuzeum\" \/>\n<meta property=\"article:published_time\" content=\"2023-07-10T11:58:47+00:00\" \/>\n<meta property=\"article:modified_time\" content=\"2023-08-18T10:24:58+00:00\" \/>\n<meta property=\"og:image\" content=\"https:\/\/pmza.sk\/wp-content\/uploads\/2023\/07\/Statna_symbolika_web-scaled.jpg\" \/>\n\t<meta property=\"og:image:width\" content=\"2560\" \/>\n\t<meta property=\"og:image:height\" content=\"2560\" \/>\n\t<meta property=\"og:image:type\" content=\"image\/jpeg\" \/>\n<meta name=\"author\" content=\"Pova\u017esk\u00e9 m\u00fazeum\" \/>\n<meta name=\"twitter:card\" content=\"summary_large_image\" \/>\n<meta name=\"twitter:label1\" content=\"Autor\" \/>\n\t<meta name=\"twitter:data1\" content=\"Pova\u017esk\u00e9 m\u00fazeum\" \/>\n\t<meta name=\"twitter:label2\" content=\"Predpokladan\u00fd \u010das \u010d\u00edtania\" \/>\n\t<meta name=\"twitter:data2\" content=\"2 min\u00faty\" \/>\n<script type=\"application\/ld+json\" class=\"yoast-schema-graph\">{\"@context\":\"https:\\\/\\\/schema.org\",\"@graph\":[{\"@type\":\"Article\",\"@id\":\"https:\\\/\\\/pmza.sk\\\/?p=57447#article\",\"isPartOf\":{\"@id\":\"https:\\\/\\\/pmza.sk\\\/?p=57447\"},\"author\":{\"name\":\"Pova\u017esk\u00e9 m\u00fazeum\",\"@id\":\"https:\\\/\\\/pmza.sk\\\/#\\\/schema\\\/person\\\/595e6a2ce731ea94dcd5d7f50a41ae33\"},\"headline\":\"Slovensko v \u0161t\u00e1tnej symbolike\",\"datePublished\":\"2023-07-10T11:58:47+00:00\",\"dateModified\":\"2023-08-18T10:24:58+00:00\",\"mainEntityOfPage\":{\"@id\":\"https:\\\/\\\/pmza.sk\\\/?p=57447\"},\"wordCount\":411,\"commentCount\":0,\"publisher\":{\"@id\":\"https:\\\/\\\/pmza.sk\\\/#organization\"},\"image\":{\"@id\":\"https:\\\/\\\/pmza.sk\\\/?p=57447#primaryimage\"},\"thumbnailUrl\":\"https:\\\/\\\/pmza.sk\\\/wp-content\\\/uploads\\\/2023\\\/07\\\/Statna_symbolika_web-scaled.jpg\",\"articleSection\":[\"V\u00fdstavy\"],\"inLanguage\":\"sk-SK\"},{\"@type\":\"WebPage\",\"@id\":\"https:\\\/\\\/pmza.sk\\\/?p=57447\",\"url\":\"https:\\\/\\\/pmza.sk\\\/?p=57447\",\"name\":\"Slovensko v \u0161t\u00e1tnej symbolike - Pova\u017esk\u00e9 m\u00fazeum\",\"isPartOf\":{\"@id\":\"https:\\\/\\\/pmza.sk\\\/#website\"},\"primaryImageOfPage\":{\"@id\":\"https:\\\/\\\/pmza.sk\\\/?p=57447#primaryimage\"},\"image\":{\"@id\":\"https:\\\/\\\/pmza.sk\\\/?p=57447#primaryimage\"},\"thumbnailUrl\":\"https:\\\/\\\/pmza.sk\\\/wp-content\\\/uploads\\\/2023\\\/07\\\/Statna_symbolika_web-scaled.jpg\",\"datePublished\":\"2023-07-10T11:58:47+00:00\",\"dateModified\":\"2023-08-18T10:24:58+00:00\",\"breadcrumb\":{\"@id\":\"https:\\\/\\\/pmza.sk\\\/?p=57447#breadcrumb\"},\"inLanguage\":\"sk-SK\",\"potentialAction\":[{\"@type\":\"ReadAction\",\"target\":[\"https:\\\/\\\/pmza.sk\\\/?p=57447\"]}]},{\"@type\":\"ImageObject\",\"inLanguage\":\"sk-SK\",\"@id\":\"https:\\\/\\\/pmza.sk\\\/?p=57447#primaryimage\",\"url\":\"https:\\\/\\\/pmza.sk\\\/wp-content\\\/uploads\\\/2023\\\/07\\\/Statna_symbolika_web-scaled.jpg\",\"contentUrl\":\"https:\\\/\\\/pmza.sk\\\/wp-content\\\/uploads\\\/2023\\\/07\\\/Statna_symbolika_web-scaled.jpg\",\"width\":2560,\"height\":2560},{\"@type\":\"BreadcrumbList\",\"@id\":\"https:\\\/\\\/pmza.sk\\\/?p=57447#breadcrumb\",\"itemListElement\":[{\"@type\":\"ListItem\",\"position\":1,\"name\":\"Domovsk\u00e1 str\u00e1nka\",\"item\":\"https:\\\/\\\/pmza.sk\\\/\"},{\"@type\":\"ListItem\",\"position\":2,\"name\":\"Slovensko v \u0161t\u00e1tnej symbolike\"}]},{\"@type\":\"WebSite\",\"@id\":\"https:\\\/\\\/pmza.sk\\\/#website\",\"url\":\"https:\\\/\\\/pmza.sk\\\/\",\"name\":\"Pova\u017esk\u00e9 m\u00fazeum\",\"description\":\"Pova\u017esk\u00e9 m\u00fazeum v \u017diline je region\u00e1lne m\u00fazeum so s\u00eddlom v Budat\u00edne. Jeho expoz\u00edcie s\u00fa zameran\u00e9 na dejiny slovensk\u00e9ho umenia, kult\u00fary a dopravy.\",\"publisher\":{\"@id\":\"https:\\\/\\\/pmza.sk\\\/#organization\"},\"potentialAction\":[{\"@type\":\"SearchAction\",\"target\":{\"@type\":\"EntryPoint\",\"urlTemplate\":\"https:\\\/\\\/pmza.sk\\\/?s={search_term_string}\"},\"query-input\":{\"@type\":\"PropertyValueSpecification\",\"valueRequired\":true,\"valueName\":\"search_term_string\"}}],\"inLanguage\":\"sk-SK\"},{\"@type\":\"Organization\",\"@id\":\"https:\\\/\\\/pmza.sk\\\/#organization\",\"name\":\"Pova\u017esk\u00e9 m\u00fazeum\",\"url\":\"https:\\\/\\\/pmza.sk\\\/\",\"logo\":{\"@type\":\"ImageObject\",\"inLanguage\":\"sk-SK\",\"@id\":\"https:\\\/\\\/pmza.sk\\\/#\\\/schema\\\/logo\\\/image\\\/\",\"url\":\"https:\\\/\\\/pmza.sk\\\/wp-content\\\/uploads\\\/2022\\\/01\\\/logo_PM_horizontal.jpg\",\"contentUrl\":\"https:\\\/\\\/pmza.sk\\\/wp-content\\\/uploads\\\/2022\\\/01\\\/logo_PM_horizontal.jpg\",\"width\":231,\"height\":142,\"caption\":\"Pova\u017esk\u00e9 m\u00fazeum\"},\"image\":{\"@id\":\"https:\\\/\\\/pmza.sk\\\/#\\\/schema\\\/logo\\\/image\\\/\"},\"sameAs\":[\"https:\\\/\\\/www.facebook.com\\\/povazskemuzeum\",\"https:\\\/\\\/www.instagram.com\\\/povazskemuzeum\\\/\"]},{\"@type\":\"Person\",\"@id\":\"https:\\\/\\\/pmza.sk\\\/#\\\/schema\\\/person\\\/595e6a2ce731ea94dcd5d7f50a41ae33\",\"name\":\"Pova\u017esk\u00e9 m\u00fazeum\",\"image\":{\"@type\":\"ImageObject\",\"inLanguage\":\"sk-SK\",\"@id\":\"https:\\\/\\\/secure.gravatar.com\\\/avatar\\\/2bb7f1561282132fb5826dfeccc66c7996d11ee392ac6aaf7ced8a1c2027fbb2?s=96&d=mm&r=g\",\"url\":\"https:\\\/\\\/secure.gravatar.com\\\/avatar\\\/2bb7f1561282132fb5826dfeccc66c7996d11ee392ac6aaf7ced8a1c2027fbb2?s=96&d=mm&r=g\",\"contentUrl\":\"https:\\\/\\\/secure.gravatar.com\\\/avatar\\\/2bb7f1561282132fb5826dfeccc66c7996d11ee392ac6aaf7ced8a1c2027fbb2?s=96&d=mm&r=g\",\"caption\":\"Pova\u017esk\u00e9 m\u00fazeum\"}}]}<\/script>\n<!-- \/ Yoast SEO plugin. -->","yoast_head_json":{"title":"Slovensko v \u0161t\u00e1tnej symbolike - Pova\u017esk\u00e9 m\u00fazeum","robots":{"index":"index","follow":"follow","max-snippet":"max-snippet:-1","max-image-preview":"max-image-preview:large","max-video-preview":"max-video-preview:-1"},"canonical":"https:\/\/pmza.sk\/?p=57447","og_locale":"sk_SK","og_type":"article","og_title":"Slovensko v \u0161t\u00e1tnej symbolike - Pova\u017esk\u00e9 m\u00fazeum","og_description":"\u0160t\u00e1tne symboly s\u00fa, spolu s \u00fastavou, jedn\u00fdm zo z\u00e1kladn\u00fdch pilierov \u0161t\u00e1tnosti. \u0160t\u00e1tny znak, \u0161t\u00e1tna vlajka, \u0161t\u00e1tna pe\u010da\u0165 a \u0161t\u00e1tna hymna zhmot\u0148uj\u00fa samotn\u00fa identitu \u0161t\u00e1tu, preto sa na nich via\u017ee osobitn\u00e1 \u00facta a pr\u00e1vna ochrana. Aj \u0161t\u00e1tne symboly Slovenskej republiky s\u00fa, vzh\u013eadom na ich z\u00e1sadn\u00fd v\u00fdznam pre \u0161t\u00e1t, kodifikovan\u00e9 priamo \u00dastavou Slovenskej republiky. Bola prijat\u00e1\u00a0 a [&hellip;]","og_url":"https:\/\/pmza.sk\/?p=57447","og_site_name":"Pova\u017esk\u00e9 m\u00fazeum","article_publisher":"https:\/\/www.facebook.com\/povazskemuzeum","article_published_time":"2023-07-10T11:58:47+00:00","article_modified_time":"2023-08-18T10:24:58+00:00","og_image":[{"width":2560,"height":2560,"url":"https:\/\/pmza.sk\/wp-content\/uploads\/2023\/07\/Statna_symbolika_web-scaled.jpg","type":"image\/jpeg"}],"author":"Pova\u017esk\u00e9 m\u00fazeum","twitter_card":"summary_large_image","twitter_misc":{"Autor":"Pova\u017esk\u00e9 m\u00fazeum","Predpokladan\u00fd \u010das \u010d\u00edtania":"2 min\u00faty"},"schema":{"@context":"https:\/\/schema.org","@graph":[{"@type":"Article","@id":"https:\/\/pmza.sk\/?p=57447#article","isPartOf":{"@id":"https:\/\/pmza.sk\/?p=57447"},"author":{"name":"Pova\u017esk\u00e9 m\u00fazeum","@id":"https:\/\/pmza.sk\/#\/schema\/person\/595e6a2ce731ea94dcd5d7f50a41ae33"},"headline":"Slovensko v \u0161t\u00e1tnej symbolike","datePublished":"2023-07-10T11:58:47+00:00","dateModified":"2023-08-18T10:24:58+00:00","mainEntityOfPage":{"@id":"https:\/\/pmza.sk\/?p=57447"},"wordCount":411,"commentCount":0,"publisher":{"@id":"https:\/\/pmza.sk\/#organization"},"image":{"@id":"https:\/\/pmza.sk\/?p=57447#primaryimage"},"thumbnailUrl":"https:\/\/pmza.sk\/wp-content\/uploads\/2023\/07\/Statna_symbolika_web-scaled.jpg","articleSection":["V\u00fdstavy"],"inLanguage":"sk-SK"},{"@type":"WebPage","@id":"https:\/\/pmza.sk\/?p=57447","url":"https:\/\/pmza.sk\/?p=57447","name":"Slovensko v \u0161t\u00e1tnej symbolike - Pova\u017esk\u00e9 m\u00fazeum","isPartOf":{"@id":"https:\/\/pmza.sk\/#website"},"primaryImageOfPage":{"@id":"https:\/\/pmza.sk\/?p=57447#primaryimage"},"image":{"@id":"https:\/\/pmza.sk\/?p=57447#primaryimage"},"thumbnailUrl":"https:\/\/pmza.sk\/wp-content\/uploads\/2023\/07\/Statna_symbolika_web-scaled.jpg","datePublished":"2023-07-10T11:58:47+00:00","dateModified":"2023-08-18T10:24:58+00:00","breadcrumb":{"@id":"https:\/\/pmza.sk\/?p=57447#breadcrumb"},"inLanguage":"sk-SK","potentialAction":[{"@type":"ReadAction","target":["https:\/\/pmza.sk\/?p=57447"]}]},{"@type":"ImageObject","inLanguage":"sk-SK","@id":"https:\/\/pmza.sk\/?p=57447#primaryimage","url":"https:\/\/pmza.sk\/wp-content\/uploads\/2023\/07\/Statna_symbolika_web-scaled.jpg","contentUrl":"https:\/\/pmza.sk\/wp-content\/uploads\/2023\/07\/Statna_symbolika_web-scaled.jpg","width":2560,"height":2560},{"@type":"BreadcrumbList","@id":"https:\/\/pmza.sk\/?p=57447#breadcrumb","itemListElement":[{"@type":"ListItem","position":1,"name":"Domovsk\u00e1 str\u00e1nka","item":"https:\/\/pmza.sk\/"},{"@type":"ListItem","position":2,"name":"Slovensko v \u0161t\u00e1tnej symbolike"}]},{"@type":"WebSite","@id":"https:\/\/pmza.sk\/#website","url":"https:\/\/pmza.sk\/","name":"Pova\u017esk\u00e9 m\u00fazeum","description":"Pova\u017esk\u00e9 m\u00fazeum v \u017diline je region\u00e1lne m\u00fazeum so s\u00eddlom v Budat\u00edne. Jeho expoz\u00edcie s\u00fa zameran\u00e9 na dejiny slovensk\u00e9ho umenia, kult\u00fary a dopravy.","publisher":{"@id":"https:\/\/pmza.sk\/#organization"},"potentialAction":[{"@type":"SearchAction","target":{"@type":"EntryPoint","urlTemplate":"https:\/\/pmza.sk\/?s={search_term_string}"},"query-input":{"@type":"PropertyValueSpecification","valueRequired":true,"valueName":"search_term_string"}}],"inLanguage":"sk-SK"},{"@type":"Organization","@id":"https:\/\/pmza.sk\/#organization","name":"Pova\u017esk\u00e9 m\u00fazeum","url":"https:\/\/pmza.sk\/","logo":{"@type":"ImageObject","inLanguage":"sk-SK","@id":"https:\/\/pmza.sk\/#\/schema\/logo\/image\/","url":"https:\/\/pmza.sk\/wp-content\/uploads\/2022\/01\/logo_PM_horizontal.jpg","contentUrl":"https:\/\/pmza.sk\/wp-content\/uploads\/2022\/01\/logo_PM_horizontal.jpg","width":231,"height":142,"caption":"Pova\u017esk\u00e9 m\u00fazeum"},"image":{"@id":"https:\/\/pmza.sk\/#\/schema\/logo\/image\/"},"sameAs":["https:\/\/www.facebook.com\/povazskemuzeum","https:\/\/www.instagram.com\/povazskemuzeum\/"]},{"@type":"Person","@id":"https:\/\/pmza.sk\/#\/schema\/person\/595e6a2ce731ea94dcd5d7f50a41ae33","name":"Pova\u017esk\u00e9 m\u00fazeum","image":{"@type":"ImageObject","inLanguage":"sk-SK","@id":"https:\/\/secure.gravatar.com\/avatar\/2bb7f1561282132fb5826dfeccc66c7996d11ee392ac6aaf7ced8a1c2027fbb2?s=96&d=mm&r=g","url":"https:\/\/secure.gravatar.com\/avatar\/2bb7f1561282132fb5826dfeccc66c7996d11ee392ac6aaf7ced8a1c2027fbb2?s=96&d=mm&r=g","contentUrl":"https:\/\/secure.gravatar.com\/avatar\/2bb7f1561282132fb5826dfeccc66c7996d11ee392ac6aaf7ced8a1c2027fbb2?s=96&d=mm&r=g","caption":"Pova\u017esk\u00e9 m\u00fazeum"}}]}},"_links":{"self":[{"href":"https:\/\/pmza.sk\/index.php?rest_route=\/wp\/v2\/posts\/57447","targetHints":{"allow":["GET"]}}],"collection":[{"href":"https:\/\/pmza.sk\/index.php?rest_route=\/wp\/v2\/posts"}],"about":[{"href":"https:\/\/pmza.sk\/index.php?rest_route=\/wp\/v2\/types\/post"}],"author":[{"embeddable":true,"href":"https:\/\/pmza.sk\/index.php?rest_route=\/wp\/v2\/users\/2"}],"replies":[{"embeddable":true,"href":"https:\/\/pmza.sk\/index.php?rest_route=%2Fwp%2Fv2%2Fcomments&post=57447"}],"version-history":[{"count":0,"href":"https:\/\/pmza.sk\/index.php?rest_route=\/wp\/v2\/posts\/57447\/revisions"}],"wp:featuredmedia":[{"embeddable":true,"href":"https:\/\/pmza.sk\/index.php?rest_route=\/wp\/v2\/media\/57448"}],"wp:attachment":[{"href":"https:\/\/pmza.sk\/index.php?rest_route=%2Fwp%2Fv2%2Fmedia&parent=57447"}],"wp:term":[{"taxonomy":"category","embeddable":true,"href":"https:\/\/pmza.sk\/index.php?rest_route=%2Fwp%2Fv2%2Fcategories&post=57447"},{"taxonomy":"post_tag","embeddable":true,"href":"https:\/\/pmza.sk\/index.php?rest_route=%2Fwp%2Fv2%2Ftags&post=57447"}],"curies":[{"name":"wp","href":"https:\/\/api.w.org\/{rel}","templated":true}]}}