{"id":57484,"date":"2023-07-11T08:30:36","date_gmt":"2023-07-11T06:30:36","guid":{"rendered":"https:\/\/pmza.sk\/?p=57484"},"modified":"2023-08-11T09:12:02","modified_gmt":"2023-08-11T07:12:02","slug":"ako-pokracuje-vyskum-kastiela-v-bytci","status":"publish","type":"post","link":"https:\/\/pmza.sk\/?p=57484","title":{"rendered":"Ako pokra\u010duje archeologick\u00fd v\u00fdskum ka\u0161tie\u013ea v Byt\u010di?"},"content":{"rendered":"<p>V roku 2023 pokra\u010duje tretia sez\u00f3na archeologick\u00e9ho v\u00fdskumu ka\u0161tie\u013ea v Byt\u010di. V tejto sez\u00f3ne sa archeol\u00f3govia zamerali na bezprostredn\u00e9 okolie ka\u0161tie\u013ea. Sk\u00famaj\u00fa priestor predpokladan\u00e9ho padacieho mosta pred vstupnou ve\u017eovou br\u00e1nou, kde odkryli zosilnen\u00e9 z\u00e1kladov\u00e9 murivo severn\u00e9ho kr\u00eddla ka\u0161tie\u013ea. Toto murivo z ve\u013ek\u00fdch pieskovcov\u00fdch blokov zrejme tvorilo nosn\u00fa kon\u0161trukciu padacieho mosta, ktor\u00fd postavili pravdepodobne u\u017e Turzovci. V mlad\u0161om obdob\u00ed bol padac\u00ed most azda nahraden\u00fd pevn\u00fdm mostom. Archeol\u00f3govia predpokladaj\u00fa, \u017ee kon\u0161trukciu pevn\u00e9ho mosta tvorili m\u00fary pristaven\u00e9 k pieskovcov\u00fdm blokom s\u00favisiacim s p\u00f4vodn\u00fdm mostom. Z\u00e1rove\u0148 sa domnievaj\u00fa, \u017ee tento nov\u0161\u00ed most bol postaven\u00fd do priestoru suchej priekopy pod padac\u00edm mostom najsk\u00f4r v 18. storo\u010d\u00ed. Z\u00e1syp priekopy je ve\u013emi rozmanit\u00fd, vyskytuj\u00fa sa v \u0148om po\u010detn\u00e9 zlomky z keramick\u00fdch n\u00e1dob r\u00f4zneho druhu, kachl\u00edc z kach\u013eov\u00fdch pec\u00ed, na\u0161li sa taktie\u017e fragmenty fajok a p\u00edsac\u00edch potrieb, r\u00f4zne kovania, zlomky sklenen\u00fdch n\u00e1dob, mince a pod.<\/p>\n<p>Pri ju\u017enom kr\u00eddle ka\u0161tie\u013ea bola odkryt\u00e1 odpadov\u00e1 n\u00e1dr\u017e. T\u00e1 pravdepodobne vznikla na mieste star\u0161ej stavby, ktor\u00fa zatia\u013e nemo\u017eno identifikova\u0165. N\u00e1dr\u017e m\u00e1 obd\u013a\u017enikovit\u00fd p\u00f4dorys s\u00a0kan\u00e1lom na odvod odpadu, ktor\u00fd nadv\u00e4zoval na \u0161achtu veden\u00fa v hmote\u00a0obvodov\u00e9ho muriva ju\u017enej steny ka\u0161tie\u013ea. Star\u0161ie stavby pod neskor\u0161ou n\u00e1dr\u017eou pravdepodobne poch\u00e1dzaj\u00fa e\u0161te z\u00a0predturzovskej f\u00e1zy byt\u010dianskeho hradu.<\/p>\n<p>Archeologick\u00fd v\u00fdskum bude \u010falej pokra\u010dova\u0165. V doteraz otvoren\u00fdch \u00f4smich sond\u00e1ch sa archeol\u00f3govia pok\u00fa\u0161aj\u00fa overi\u0165 niektor\u00e9 historick\u00e9 \u00fadaje z list\u00edn a star\u00fdch zobrazen\u00ed. O nov\u00fdch zisteniach v\u00e1s budeme informova\u0165 prostredn\u00edctvom soci\u00e1lnych siet\u00ed, a v z\u00e1vere archeologick\u00e9ho v\u00fdskumu sa o v\u00fdsledkoch v\u0161etk\u00fdch troch sez\u00f3n dozviete na predn\u00e1\u0161ke, ktor\u00e1 sa uskuto\u010dn\u00ed v Sob\u00e1\u0161nom pal\u00e1ci koncom augusta, pr\u00edpadne na za\u010diatku septembra. O\u00a0term\u00edne konania v\u00e1s budeme v\u010das informova\u0165.<\/p>\n<p>Text: PhDr. Zuzana Stanekov\u00e1, archeologi\u010dka Pova\u017esk\u00e9ho m\u00fazea<\/p>\n<div class=\"wp-block-image\">\n<div class=\"wp-block-image\"><img fetchpriority=\"high\" decoding=\"async\" class=\"alignnone size-medium wp-image-57485\" src=\"https:\/\/pmza.sk\/wp-content\/uploads\/2023\/07\/01-475x360.jpg\" alt=\"Muriv\u00e1 kon\u0161trukci\u00ed mostov v sonde 3\" width=\"475\" height=\"360\" srcset=\"https:\/\/pmza.sk\/wp-content\/uploads\/2023\/07\/01-475x360.jpg 475w, https:\/\/pmza.sk\/wp-content\/uploads\/2023\/07\/01-972x736.jpg 972w, https:\/\/pmza.sk\/wp-content\/uploads\/2023\/07\/01-768x582.jpg 768w, https:\/\/pmza.sk\/wp-content\/uploads\/2023\/07\/01-1536x1164.jpg 1536w, https:\/\/pmza.sk\/wp-content\/uploads\/2023\/07\/01-2048x1552.jpg 2048w, https:\/\/pmza.sk\/wp-content\/uploads\/2023\/07\/01-600x455.jpg 600w\" sizes=\"(max-width: 475px) 100vw, 475px\" \/><\/div>\n<\/div>\n<div class=\"wp-block-image\">Muriv\u00e1 kon\u0161trukci\u00ed mostov v sonde 3<\/div>\n<p><img decoding=\"async\" class=\"size-medium wp-image-57486\" src=\"https:\/\/pmza.sk\/wp-content\/uploads\/2023\/07\/02-475x360.jpg\" alt=\"Odpadov\u00e1 n\u00e1dr\u017e v sonde 5\" width=\"475\" height=\"360\" srcset=\"https:\/\/pmza.sk\/wp-content\/uploads\/2023\/07\/02-475x360.jpg 475w, https:\/\/pmza.sk\/wp-content\/uploads\/2023\/07\/02-972x736.jpg 972w, https:\/\/pmza.sk\/wp-content\/uploads\/2023\/07\/02-768x582.jpg 768w, https:\/\/pmza.sk\/wp-content\/uploads\/2023\/07\/02-1536x1164.jpg 1536w, https:\/\/pmza.sk\/wp-content\/uploads\/2023\/07\/02-2048x1552.jpg 2048w, https:\/\/pmza.sk\/wp-content\/uploads\/2023\/07\/02-600x455.jpg 600w\" sizes=\"(max-width: 475px) 100vw, 475px\" \/><\/p>\n<p>Odpadov\u00e1 n\u00e1dr\u017e v sonde 5<\/p>\n<p><img decoding=\"async\" class=\"size-medium wp-image-57487\" src=\"https:\/\/pmza.sk\/wp-content\/uploads\/2023\/07\/03-273x360.jpg\" alt=\"\u010cas\u0165 misy s ma\u013eovan\u00fdm v\u00fdjavom vt\u00e1kov\" width=\"273\" height=\"360\" srcset=\"https:\/\/pmza.sk\/wp-content\/uploads\/2023\/07\/03-273x360.jpg 273w, https:\/\/pmza.sk\/wp-content\/uploads\/2023\/07\/03-558x736.jpg 558w, https:\/\/pmza.sk\/wp-content\/uploads\/2023\/07\/03-768x1014.jpg 768w, https:\/\/pmza.sk\/wp-content\/uploads\/2023\/07\/03-1164x1536.jpg 1164w, https:\/\/pmza.sk\/wp-content\/uploads\/2023\/07\/03-1552x2048.jpg 1552w, https:\/\/pmza.sk\/wp-content\/uploads\/2023\/07\/03-600x792.jpg 600w, https:\/\/pmza.sk\/wp-content\/uploads\/2023\/07\/03.jpg 1600w\" sizes=\"(max-width: 273px) 100vw, 273px\" \/><\/p>\n<p>\u010cas\u0165 misy s ma\u013eovan\u00fdm v\u00fdjavom vt\u00e1kov<\/p>\n<p><img loading=\"lazy\" decoding=\"async\" class=\"size-medium wp-image-57488\" src=\"https:\/\/pmza.sk\/wp-content\/uploads\/2023\/07\/04-273x360.jpg\" alt=\"Fragmenty fajok\" width=\"273\" height=\"360\" srcset=\"https:\/\/pmza.sk\/wp-content\/uploads\/2023\/07\/04-273x360.jpg 273w, https:\/\/pmza.sk\/wp-content\/uploads\/2023\/07\/04-558x736.jpg 558w, https:\/\/pmza.sk\/wp-content\/uploads\/2023\/07\/04-768x1014.jpg 768w, https:\/\/pmza.sk\/wp-content\/uploads\/2023\/07\/04-1164x1536.jpg 1164w, https:\/\/pmza.sk\/wp-content\/uploads\/2023\/07\/04-1552x2048.jpg 1552w, https:\/\/pmza.sk\/wp-content\/uploads\/2023\/07\/04-600x792.jpg 600w, https:\/\/pmza.sk\/wp-content\/uploads\/2023\/07\/04-rotated.jpg 1600w\" sizes=\"(max-width: 273px) 100vw, 273px\" \/><\/p>\n<p>Fragmenty fajok<\/p>\n<p><img loading=\"lazy\" decoding=\"async\" class=\"size-medium wp-image-57489\" src=\"https:\/\/pmza.sk\/wp-content\/uploads\/2023\/07\/05-391x360.jpg\" alt=\"Meden\u00fd prste\u0148 s o\u010dkami\" width=\"391\" height=\"360\" srcset=\"https:\/\/pmza.sk\/wp-content\/uploads\/2023\/07\/05-391x360.jpg 391w, https:\/\/pmza.sk\/wp-content\/uploads\/2023\/07\/05-800x736.jpg 800w, https:\/\/pmza.sk\/wp-content\/uploads\/2023\/07\/05-768x706.jpg 768w, https:\/\/pmza.sk\/wp-content\/uploads\/2023\/07\/05-600x552.jpg 600w, https:\/\/pmza.sk\/wp-content\/uploads\/2023\/07\/05.bmp 1097w\" sizes=\"(max-width: 391px) 100vw, 391px\" \/><\/p>\n<p>Meden\u00fd prste\u0148 s o\u010dkami<\/p>\n<p><img loading=\"lazy\" decoding=\"async\" class=\"size-medium wp-image-57490\" src=\"https:\/\/pmza.sk\/wp-content\/uploads\/2023\/07\/06-422x360.jpg\" alt=\"P\u00edsacie potreby \u2013 \u010dasti pier\" width=\"422\" height=\"360\" srcset=\"https:\/\/pmza.sk\/wp-content\/uploads\/2023\/07\/06-422x360.jpg 422w, https:\/\/pmza.sk\/wp-content\/uploads\/2023\/07\/06-863x736.jpg 863w, https:\/\/pmza.sk\/wp-content\/uploads\/2023\/07\/06-768x655.jpg 768w, https:\/\/pmza.sk\/wp-content\/uploads\/2023\/07\/06-1536x1311.jpg 1536w, https:\/\/pmza.sk\/wp-content\/uploads\/2023\/07\/06-600x512.jpg 600w, https:\/\/pmza.sk\/wp-content\/uploads\/2023\/07\/06.bmp 1718w\" sizes=\"(max-width: 422px) 100vw, 422px\" \/><\/p>\n<p>P\u00edsacie potreby \u2013 \u010dasti pier<\/p>\n<p><img loading=\"lazy\" decoding=\"async\" class=\"size-medium wp-image-57491\" src=\"https:\/\/pmza.sk\/wp-content\/uploads\/2023\/07\/07-475x360.jpg\" alt=\"Renesan\u010dn\u00e1 kachlica\" width=\"475\" height=\"360\" srcset=\"https:\/\/pmza.sk\/wp-content\/uploads\/2023\/07\/07-475x360.jpg 475w, https:\/\/pmza.sk\/wp-content\/uploads\/2023\/07\/07-972x736.jpg 972w, https:\/\/pmza.sk\/wp-content\/uploads\/2023\/07\/07-768x582.jpg 768w, https:\/\/pmza.sk\/wp-content\/uploads\/2023\/07\/07-1536x1164.jpg 1536w, https:\/\/pmza.sk\/wp-content\/uploads\/2023\/07\/07-2048x1552.jpg 2048w, https:\/\/pmza.sk\/wp-content\/uploads\/2023\/07\/07-600x455.jpg 600w\" sizes=\"(max-width: 475px) 100vw, 475px\" \/><\/p>\n<p>Renesan\u010dn\u00e1 kachlica<\/p>\n<p><img loading=\"lazy\" decoding=\"async\" class=\"size-medium wp-image-57492\" src=\"https:\/\/pmza.sk\/wp-content\/uploads\/2023\/07\/08-387x360.jpg\" alt=\"Zvieracia, zrejme psia eviden\u010dn\u00e1 zn\u00e1mka s textom Trencs\u00e9n V. M. Bytcsei J. R. 190-7\" width=\"387\" height=\"360\" srcset=\"https:\/\/pmza.sk\/wp-content\/uploads\/2023\/07\/08-387x360.jpg 387w, https:\/\/pmza.sk\/wp-content\/uploads\/2023\/07\/08-792x736.jpg 792w, https:\/\/pmza.sk\/wp-content\/uploads\/2023\/07\/08-768x714.jpg 768w, https:\/\/pmza.sk\/wp-content\/uploads\/2023\/07\/08-600x558.jpg 600w, https:\/\/pmza.sk\/wp-content\/uploads\/2023\/07\/08.bmp 1023w\" sizes=\"(max-width: 387px) 100vw, 387px\" \/><\/p>\n<p>Zvieracia, zrejme psia eviden\u010dn\u00e1 zn\u00e1mka s textom Trencs\u00e9n V. M. Bytcsei J. R. 190-7<\/p>\n","protected":false},"excerpt":{"rendered":"<p>V roku 2023 pokra\u010duje tretia sez\u00f3na archeologick\u00e9ho v\u00fdskumu ka\u0161tie\u013ea v Byt\u010di. V tejto sez\u00f3ne sa archeol\u00f3govia zamerali na bezprostredn\u00e9 okolie ka\u0161tie\u013ea. Sk\u00famaj\u00fa priestor predpokladan\u00e9ho padacieho mosta pred vstupnou ve\u017eovou br\u00e1nou, kde odkryli zosilnen\u00e9 z\u00e1kladov\u00e9 murivo severn\u00e9ho kr\u00eddla ka\u0161tie\u013ea. Toto murivo z ve\u013ek\u00fdch pieskovcov\u00fdch blokov zrejme tvorilo nosn\u00fa kon\u0161trukciu padacieho mosta, ktor\u00fd postavili pravdepodobne u\u017e Turzovci. [&hellip;]<\/p>\n","protected":false},"author":2,"featured_media":57486,"comment_status":"open","ping_status":"open","sticky":false,"template":"","format":"standard","meta":{"site-sidebar-layout":"default","site-content-layout":"default","ast-site-content-layout":"","site-content-style":"default","site-sidebar-style":"default","ast-global-header-display":"","ast-banner-title-visibility":"","ast-main-header-display":"","ast-hfb-above-header-display":"","ast-hfb-below-header-display":"","ast-hfb-mobile-header-display":"","site-post-title":"","ast-breadcrumbs-content":"","ast-featured-img":"","footer-sml-layout":"","theme-transparent-header-meta":"default","adv-header-id-meta":"","stick-header-meta":"default","header-above-stick-meta":"","header-main-stick-meta":"","header-below-stick-meta":"","astra-migrate-meta-layouts":"default","ast-page-background-enabled":"default","ast-page-background-meta":{"desktop":{"background-color":"var(--ast-global-color-4)","background-image":"","background-repeat":"repeat","background-position":"center center","background-size":"auto","background-attachment":"scroll","background-type":"","background-media":"","overlay-type":"","overlay-color":"","overlay-opacity":"","overlay-gradient":""},"tablet":{"background-color":"","background-image":"","background-repeat":"repeat","background-position":"center center","background-size":"auto","background-attachment":"scroll","background-type":"","background-media":"","overlay-type":"","overlay-color":"","overlay-opacity":"","overlay-gradient":""},"mobile":{"background-color":"","background-image":"","background-repeat":"repeat","background-position":"center center","background-size":"auto","background-attachment":"scroll","background-type":"","background-media":"","overlay-type":"","overlay-color":"","overlay-opacity":"","overlay-gradient":""}},"ast-content-background-meta":{"desktop":{"background-color":"var(--ast-global-color-5)","background-image":"","background-repeat":"repeat","background-position":"center center","background-size":"auto","background-attachment":"scroll","background-type":"","background-media":"","overlay-type":"","overlay-color":"","overlay-opacity":"","overlay-gradient":""},"tablet":{"background-color":"var(--ast-global-color-5)","background-image":"","background-repeat":"repeat","background-position":"center center","background-size":"auto","background-attachment":"scroll","background-type":"","background-media":"","overlay-type":"","overlay-color":"","overlay-opacity":"","overlay-gradient":""},"mobile":{"background-color":"var(--ast-global-color-5)","background-image":"","background-repeat":"repeat","background-position":"center center","background-size":"auto","background-attachment":"scroll","background-type":"","background-media":"","overlay-type":"","overlay-color":"","overlay-opacity":"","overlay-gradient":""}},"footnotes":""},"categories":[31],"tags":[],"class_list":["post-57484","post","type-post","status-publish","format-standard","has-post-thumbnail","hentry","category-aktuality"],"yoast_head":"<!-- This site is optimized with the Yoast SEO plugin v27.4 - https:\/\/yoast.com\/product\/yoast-seo-wordpress\/ -->\n<title>Ako pokra\u010duje archeologick\u00fd v\u00fdskum ka\u0161tie\u013ea v Byt\u010di? - Pova\u017esk\u00e9 m\u00fazeum<\/title>\n<meta name=\"robots\" content=\"index, follow, max-snippet:-1, max-image-preview:large, max-video-preview:-1\" \/>\n<link rel=\"canonical\" href=\"https:\/\/pmza.sk\/?p=57484\" \/>\n<meta property=\"og:locale\" content=\"sk_SK\" \/>\n<meta property=\"og:type\" content=\"article\" \/>\n<meta property=\"og:title\" content=\"Ako pokra\u010duje archeologick\u00fd v\u00fdskum ka\u0161tie\u013ea v Byt\u010di? - Pova\u017esk\u00e9 m\u00fazeum\" \/>\n<meta property=\"og:description\" content=\"V roku 2023 pokra\u010duje tretia sez\u00f3na archeologick\u00e9ho v\u00fdskumu ka\u0161tie\u013ea v Byt\u010di. V tejto sez\u00f3ne sa archeol\u00f3govia zamerali na bezprostredn\u00e9 okolie ka\u0161tie\u013ea. Sk\u00famaj\u00fa priestor predpokladan\u00e9ho padacieho mosta pred vstupnou ve\u017eovou br\u00e1nou, kde odkryli zosilnen\u00e9 z\u00e1kladov\u00e9 murivo severn\u00e9ho kr\u00eddla ka\u0161tie\u013ea. Toto murivo z ve\u013ek\u00fdch pieskovcov\u00fdch blokov zrejme tvorilo nosn\u00fa kon\u0161trukciu padacieho mosta, ktor\u00fd postavili pravdepodobne u\u017e Turzovci. [&hellip;]\" \/>\n<meta property=\"og:url\" content=\"https:\/\/pmza.sk\/?p=57484\" \/>\n<meta property=\"og:site_name\" content=\"Pova\u017esk\u00e9 m\u00fazeum\" \/>\n<meta property=\"article:publisher\" content=\"https:\/\/www.facebook.com\/povazskemuzeum\" \/>\n<meta property=\"article:published_time\" content=\"2023-07-11T06:30:36+00:00\" \/>\n<meta property=\"article:modified_time\" content=\"2023-08-11T07:12:02+00:00\" \/>\n<meta property=\"og:image\" content=\"https:\/\/pmza.sk\/wp-content\/uploads\/2023\/07\/02-972x736.jpg\" \/>\n\t<meta property=\"og:image:width\" content=\"972\" \/>\n\t<meta property=\"og:image:height\" content=\"736\" \/>\n\t<meta property=\"og:image:type\" content=\"image\/jpeg\" \/>\n<meta name=\"author\" content=\"Pova\u017esk\u00e9 m\u00fazeum\" \/>\n<meta name=\"twitter:card\" content=\"summary_large_image\" \/>\n<meta name=\"twitter:label1\" content=\"Autor\" \/>\n\t<meta name=\"twitter:data1\" content=\"Pova\u017esk\u00e9 m\u00fazeum\" \/>\n\t<meta name=\"twitter:label2\" content=\"Predpokladan\u00fd \u010das \u010d\u00edtania\" \/>\n\t<meta name=\"twitter:data2\" content=\"2 min\u00faty\" \/>\n<script type=\"application\/ld+json\" class=\"yoast-schema-graph\">{\"@context\":\"https:\\\/\\\/schema.org\",\"@graph\":[{\"@type\":\"Article\",\"@id\":\"https:\\\/\\\/pmza.sk\\\/?p=57484#article\",\"isPartOf\":{\"@id\":\"https:\\\/\\\/pmza.sk\\\/?p=57484\"},\"author\":{\"name\":\"Pova\u017esk\u00e9 m\u00fazeum\",\"@id\":\"https:\\\/\\\/pmza.sk\\\/#\\\/schema\\\/person\\\/595e6a2ce731ea94dcd5d7f50a41ae33\"},\"headline\":\"Ako pokra\u010duje archeologick\u00fd v\u00fdskum ka\u0161tie\u013ea v Byt\u010di?\",\"datePublished\":\"2023-07-11T06:30:36+00:00\",\"dateModified\":\"2023-08-11T07:12:02+00:00\",\"mainEntityOfPage\":{\"@id\":\"https:\\\/\\\/pmza.sk\\\/?p=57484\"},\"wordCount\":432,\"commentCount\":0,\"publisher\":{\"@id\":\"https:\\\/\\\/pmza.sk\\\/#organization\"},\"image\":{\"@id\":\"https:\\\/\\\/pmza.sk\\\/?p=57484#primaryimage\"},\"thumbnailUrl\":\"https:\\\/\\\/pmza.sk\\\/wp-content\\\/uploads\\\/2023\\\/07\\\/02.jpg\",\"articleSection\":[\"Aktuality\"],\"inLanguage\":\"sk-SK\"},{\"@type\":\"WebPage\",\"@id\":\"https:\\\/\\\/pmza.sk\\\/?p=57484\",\"url\":\"https:\\\/\\\/pmza.sk\\\/?p=57484\",\"name\":\"Ako pokra\u010duje archeologick\u00fd v\u00fdskum ka\u0161tie\u013ea v Byt\u010di? - Pova\u017esk\u00e9 m\u00fazeum\",\"isPartOf\":{\"@id\":\"https:\\\/\\\/pmza.sk\\\/#website\"},\"primaryImageOfPage\":{\"@id\":\"https:\\\/\\\/pmza.sk\\\/?p=57484#primaryimage\"},\"image\":{\"@id\":\"https:\\\/\\\/pmza.sk\\\/?p=57484#primaryimage\"},\"thumbnailUrl\":\"https:\\\/\\\/pmza.sk\\\/wp-content\\\/uploads\\\/2023\\\/07\\\/02.jpg\",\"datePublished\":\"2023-07-11T06:30:36+00:00\",\"dateModified\":\"2023-08-11T07:12:02+00:00\",\"breadcrumb\":{\"@id\":\"https:\\\/\\\/pmza.sk\\\/?p=57484#breadcrumb\"},\"inLanguage\":\"sk-SK\",\"potentialAction\":[{\"@type\":\"ReadAction\",\"target\":[\"https:\\\/\\\/pmza.sk\\\/?p=57484\"]}]},{\"@type\":\"ImageObject\",\"inLanguage\":\"sk-SK\",\"@id\":\"https:\\\/\\\/pmza.sk\\\/?p=57484#primaryimage\",\"url\":\"https:\\\/\\\/pmza.sk\\\/wp-content\\\/uploads\\\/2023\\\/07\\\/02.jpg\",\"contentUrl\":\"https:\\\/\\\/pmza.sk\\\/wp-content\\\/uploads\\\/2023\\\/07\\\/02.jpg\",\"width\":2112,\"height\":1600,\"caption\":\"Odpadov\u00e1 n\u00e1dr\u017e v sonde 5\"},{\"@type\":\"BreadcrumbList\",\"@id\":\"https:\\\/\\\/pmza.sk\\\/?p=57484#breadcrumb\",\"itemListElement\":[{\"@type\":\"ListItem\",\"position\":1,\"name\":\"Domovsk\u00e1 str\u00e1nka\",\"item\":\"https:\\\/\\\/pmza.sk\\\/\"},{\"@type\":\"ListItem\",\"position\":2,\"name\":\"Ako pokra\u010duje archeologick\u00fd v\u00fdskum ka\u0161tie\u013ea v Byt\u010di?\"}]},{\"@type\":\"WebSite\",\"@id\":\"https:\\\/\\\/pmza.sk\\\/#website\",\"url\":\"https:\\\/\\\/pmza.sk\\\/\",\"name\":\"Pova\u017esk\u00e9 m\u00fazeum\",\"description\":\"Pova\u017esk\u00e9 m\u00fazeum v \u017diline je region\u00e1lne m\u00fazeum so s\u00eddlom v Budat\u00edne. Jeho expoz\u00edcie s\u00fa zameran\u00e9 na dejiny slovensk\u00e9ho umenia, kult\u00fary a dopravy.\",\"publisher\":{\"@id\":\"https:\\\/\\\/pmza.sk\\\/#organization\"},\"potentialAction\":[{\"@type\":\"SearchAction\",\"target\":{\"@type\":\"EntryPoint\",\"urlTemplate\":\"https:\\\/\\\/pmza.sk\\\/?s={search_term_string}\"},\"query-input\":{\"@type\":\"PropertyValueSpecification\",\"valueRequired\":true,\"valueName\":\"search_term_string\"}}],\"inLanguage\":\"sk-SK\"},{\"@type\":\"Organization\",\"@id\":\"https:\\\/\\\/pmza.sk\\\/#organization\",\"name\":\"Pova\u017esk\u00e9 m\u00fazeum\",\"url\":\"https:\\\/\\\/pmza.sk\\\/\",\"logo\":{\"@type\":\"ImageObject\",\"inLanguage\":\"sk-SK\",\"@id\":\"https:\\\/\\\/pmza.sk\\\/#\\\/schema\\\/logo\\\/image\\\/\",\"url\":\"https:\\\/\\\/pmza.sk\\\/wp-content\\\/uploads\\\/2022\\\/01\\\/logo_PM_horizontal.jpg\",\"contentUrl\":\"https:\\\/\\\/pmza.sk\\\/wp-content\\\/uploads\\\/2022\\\/01\\\/logo_PM_horizontal.jpg\",\"width\":231,\"height\":142,\"caption\":\"Pova\u017esk\u00e9 m\u00fazeum\"},\"image\":{\"@id\":\"https:\\\/\\\/pmza.sk\\\/#\\\/schema\\\/logo\\\/image\\\/\"},\"sameAs\":[\"https:\\\/\\\/www.facebook.com\\\/povazskemuzeum\",\"https:\\\/\\\/www.instagram.com\\\/povazskemuzeum\\\/\"]},{\"@type\":\"Person\",\"@id\":\"https:\\\/\\\/pmza.sk\\\/#\\\/schema\\\/person\\\/595e6a2ce731ea94dcd5d7f50a41ae33\",\"name\":\"Pova\u017esk\u00e9 m\u00fazeum\",\"image\":{\"@type\":\"ImageObject\",\"inLanguage\":\"sk-SK\",\"@id\":\"https:\\\/\\\/secure.gravatar.com\\\/avatar\\\/2bb7f1561282132fb5826dfeccc66c7996d11ee392ac6aaf7ced8a1c2027fbb2?s=96&d=mm&r=g\",\"url\":\"https:\\\/\\\/secure.gravatar.com\\\/avatar\\\/2bb7f1561282132fb5826dfeccc66c7996d11ee392ac6aaf7ced8a1c2027fbb2?s=96&d=mm&r=g\",\"contentUrl\":\"https:\\\/\\\/secure.gravatar.com\\\/avatar\\\/2bb7f1561282132fb5826dfeccc66c7996d11ee392ac6aaf7ced8a1c2027fbb2?s=96&d=mm&r=g\",\"caption\":\"Pova\u017esk\u00e9 m\u00fazeum\"}}]}<\/script>\n<!-- \/ Yoast SEO plugin. -->","yoast_head_json":{"title":"Ako pokra\u010duje archeologick\u00fd v\u00fdskum ka\u0161tie\u013ea v Byt\u010di? - Pova\u017esk\u00e9 m\u00fazeum","robots":{"index":"index","follow":"follow","max-snippet":"max-snippet:-1","max-image-preview":"max-image-preview:large","max-video-preview":"max-video-preview:-1"},"canonical":"https:\/\/pmza.sk\/?p=57484","og_locale":"sk_SK","og_type":"article","og_title":"Ako pokra\u010duje archeologick\u00fd v\u00fdskum ka\u0161tie\u013ea v Byt\u010di? - Pova\u017esk\u00e9 m\u00fazeum","og_description":"V roku 2023 pokra\u010duje tretia sez\u00f3na archeologick\u00e9ho v\u00fdskumu ka\u0161tie\u013ea v Byt\u010di. V tejto sez\u00f3ne sa archeol\u00f3govia zamerali na bezprostredn\u00e9 okolie ka\u0161tie\u013ea. Sk\u00famaj\u00fa priestor predpokladan\u00e9ho padacieho mosta pred vstupnou ve\u017eovou br\u00e1nou, kde odkryli zosilnen\u00e9 z\u00e1kladov\u00e9 murivo severn\u00e9ho kr\u00eddla ka\u0161tie\u013ea. Toto murivo z ve\u013ek\u00fdch pieskovcov\u00fdch blokov zrejme tvorilo nosn\u00fa kon\u0161trukciu padacieho mosta, ktor\u00fd postavili pravdepodobne u\u017e Turzovci. [&hellip;]","og_url":"https:\/\/pmza.sk\/?p=57484","og_site_name":"Pova\u017esk\u00e9 m\u00fazeum","article_publisher":"https:\/\/www.facebook.com\/povazskemuzeum","article_published_time":"2023-07-11T06:30:36+00:00","article_modified_time":"2023-08-11T07:12:02+00:00","og_image":[{"width":972,"height":736,"url":"https:\/\/pmza.sk\/wp-content\/uploads\/2023\/07\/02-972x736.jpg","type":"image\/jpeg"}],"author":"Pova\u017esk\u00e9 m\u00fazeum","twitter_card":"summary_large_image","twitter_misc":{"Autor":"Pova\u017esk\u00e9 m\u00fazeum","Predpokladan\u00fd \u010das \u010d\u00edtania":"2 min\u00faty"},"schema":{"@context":"https:\/\/schema.org","@graph":[{"@type":"Article","@id":"https:\/\/pmza.sk\/?p=57484#article","isPartOf":{"@id":"https:\/\/pmza.sk\/?p=57484"},"author":{"name":"Pova\u017esk\u00e9 m\u00fazeum","@id":"https:\/\/pmza.sk\/#\/schema\/person\/595e6a2ce731ea94dcd5d7f50a41ae33"},"headline":"Ako pokra\u010duje archeologick\u00fd v\u00fdskum ka\u0161tie\u013ea v Byt\u010di?","datePublished":"2023-07-11T06:30:36+00:00","dateModified":"2023-08-11T07:12:02+00:00","mainEntityOfPage":{"@id":"https:\/\/pmza.sk\/?p=57484"},"wordCount":432,"commentCount":0,"publisher":{"@id":"https:\/\/pmza.sk\/#organization"},"image":{"@id":"https:\/\/pmza.sk\/?p=57484#primaryimage"},"thumbnailUrl":"https:\/\/pmza.sk\/wp-content\/uploads\/2023\/07\/02.jpg","articleSection":["Aktuality"],"inLanguage":"sk-SK"},{"@type":"WebPage","@id":"https:\/\/pmza.sk\/?p=57484","url":"https:\/\/pmza.sk\/?p=57484","name":"Ako pokra\u010duje archeologick\u00fd v\u00fdskum ka\u0161tie\u013ea v Byt\u010di? - Pova\u017esk\u00e9 m\u00fazeum","isPartOf":{"@id":"https:\/\/pmza.sk\/#website"},"primaryImageOfPage":{"@id":"https:\/\/pmza.sk\/?p=57484#primaryimage"},"image":{"@id":"https:\/\/pmza.sk\/?p=57484#primaryimage"},"thumbnailUrl":"https:\/\/pmza.sk\/wp-content\/uploads\/2023\/07\/02.jpg","datePublished":"2023-07-11T06:30:36+00:00","dateModified":"2023-08-11T07:12:02+00:00","breadcrumb":{"@id":"https:\/\/pmza.sk\/?p=57484#breadcrumb"},"inLanguage":"sk-SK","potentialAction":[{"@type":"ReadAction","target":["https:\/\/pmza.sk\/?p=57484"]}]},{"@type":"ImageObject","inLanguage":"sk-SK","@id":"https:\/\/pmza.sk\/?p=57484#primaryimage","url":"https:\/\/pmza.sk\/wp-content\/uploads\/2023\/07\/02.jpg","contentUrl":"https:\/\/pmza.sk\/wp-content\/uploads\/2023\/07\/02.jpg","width":2112,"height":1600,"caption":"Odpadov\u00e1 n\u00e1dr\u017e v sonde 5"},{"@type":"BreadcrumbList","@id":"https:\/\/pmza.sk\/?p=57484#breadcrumb","itemListElement":[{"@type":"ListItem","position":1,"name":"Domovsk\u00e1 str\u00e1nka","item":"https:\/\/pmza.sk\/"},{"@type":"ListItem","position":2,"name":"Ako pokra\u010duje archeologick\u00fd v\u00fdskum ka\u0161tie\u013ea v Byt\u010di?"}]},{"@type":"WebSite","@id":"https:\/\/pmza.sk\/#website","url":"https:\/\/pmza.sk\/","name":"Pova\u017esk\u00e9 m\u00fazeum","description":"Pova\u017esk\u00e9 m\u00fazeum v \u017diline je region\u00e1lne m\u00fazeum so s\u00eddlom v Budat\u00edne. Jeho expoz\u00edcie s\u00fa zameran\u00e9 na dejiny slovensk\u00e9ho umenia, kult\u00fary a dopravy.","publisher":{"@id":"https:\/\/pmza.sk\/#organization"},"potentialAction":[{"@type":"SearchAction","target":{"@type":"EntryPoint","urlTemplate":"https:\/\/pmza.sk\/?s={search_term_string}"},"query-input":{"@type":"PropertyValueSpecification","valueRequired":true,"valueName":"search_term_string"}}],"inLanguage":"sk-SK"},{"@type":"Organization","@id":"https:\/\/pmza.sk\/#organization","name":"Pova\u017esk\u00e9 m\u00fazeum","url":"https:\/\/pmza.sk\/","logo":{"@type":"ImageObject","inLanguage":"sk-SK","@id":"https:\/\/pmza.sk\/#\/schema\/logo\/image\/","url":"https:\/\/pmza.sk\/wp-content\/uploads\/2022\/01\/logo_PM_horizontal.jpg","contentUrl":"https:\/\/pmza.sk\/wp-content\/uploads\/2022\/01\/logo_PM_horizontal.jpg","width":231,"height":142,"caption":"Pova\u017esk\u00e9 m\u00fazeum"},"image":{"@id":"https:\/\/pmza.sk\/#\/schema\/logo\/image\/"},"sameAs":["https:\/\/www.facebook.com\/povazskemuzeum","https:\/\/www.instagram.com\/povazskemuzeum\/"]},{"@type":"Person","@id":"https:\/\/pmza.sk\/#\/schema\/person\/595e6a2ce731ea94dcd5d7f50a41ae33","name":"Pova\u017esk\u00e9 m\u00fazeum","image":{"@type":"ImageObject","inLanguage":"sk-SK","@id":"https:\/\/secure.gravatar.com\/avatar\/2bb7f1561282132fb5826dfeccc66c7996d11ee392ac6aaf7ced8a1c2027fbb2?s=96&d=mm&r=g","url":"https:\/\/secure.gravatar.com\/avatar\/2bb7f1561282132fb5826dfeccc66c7996d11ee392ac6aaf7ced8a1c2027fbb2?s=96&d=mm&r=g","contentUrl":"https:\/\/secure.gravatar.com\/avatar\/2bb7f1561282132fb5826dfeccc66c7996d11ee392ac6aaf7ced8a1c2027fbb2?s=96&d=mm&r=g","caption":"Pova\u017esk\u00e9 m\u00fazeum"}}]}},"_links":{"self":[{"href":"https:\/\/pmza.sk\/index.php?rest_route=\/wp\/v2\/posts\/57484","targetHints":{"allow":["GET"]}}],"collection":[{"href":"https:\/\/pmza.sk\/index.php?rest_route=\/wp\/v2\/posts"}],"about":[{"href":"https:\/\/pmza.sk\/index.php?rest_route=\/wp\/v2\/types\/post"}],"author":[{"embeddable":true,"href":"https:\/\/pmza.sk\/index.php?rest_route=\/wp\/v2\/users\/2"}],"replies":[{"embeddable":true,"href":"https:\/\/pmza.sk\/index.php?rest_route=%2Fwp%2Fv2%2Fcomments&post=57484"}],"version-history":[{"count":0,"href":"https:\/\/pmza.sk\/index.php?rest_route=\/wp\/v2\/posts\/57484\/revisions"}],"wp:featuredmedia":[{"embeddable":true,"href":"https:\/\/pmza.sk\/index.php?rest_route=\/wp\/v2\/media\/57486"}],"wp:attachment":[{"href":"https:\/\/pmza.sk\/index.php?rest_route=%2Fwp%2Fv2%2Fmedia&parent=57484"}],"wp:term":[{"taxonomy":"category","embeddable":true,"href":"https:\/\/pmza.sk\/index.php?rest_route=%2Fwp%2Fv2%2Fcategories&post=57484"},{"taxonomy":"post_tag","embeddable":true,"href":"https:\/\/pmza.sk\/index.php?rest_route=%2Fwp%2Fv2%2Ftags&post=57484"}],"curies":[{"name":"wp","href":"https:\/\/api.w.org\/{rel}","templated":true}]}}