{"id":57586,"date":"2023-07-18T08:13:51","date_gmt":"2023-07-18T06:13:51","guid":{"rendered":"https:\/\/pmza.sk\/?p=57586"},"modified":"2023-08-14T06:57:01","modified_gmt":"2023-08-14T04:57:01","slug":"rajecka-anca-4","status":"publish","type":"post","link":"https:\/\/pmza.sk\/?p=57586","title":{"rendered":"Rajeck\u00e1 An\u010da"},"content":{"rendered":"\t\t<div data-elementor-type=\"wp-post\" data-elementor-id=\"57586\" class=\"elementor elementor-57586\">\n\t\t\t\t\t\t<section class=\"elementor-section elementor-top-section elementor-element elementor-element-78d7b494 elementor-section-boxed elementor-section-height-default elementor-section-height-default\" data-id=\"78d7b494\" data-element_type=\"section\">\n\t\t\t\t\t\t<div class=\"elementor-container elementor-column-gap-default\">\n\t\t\t\t\t<div class=\"elementor-column elementor-col-100 elementor-top-column elementor-element elementor-element-753c05ef\" data-id=\"753c05ef\" data-element_type=\"column\">\n\t\t\t<div class=\"elementor-widget-wrap elementor-element-populated\">\n\t\t\t\t\t\t<div class=\"elementor-element elementor-element-4d0b69f elementor-widget elementor-widget-text-editor\" data-id=\"4d0b69f\" data-element_type=\"widget\" data-widget_type=\"text-editor.default\">\n\t\t\t\t<div class=\"elementor-widget-container\">\n\t\t\t\t\t\t\t\t\t<p style=\"font-size: 15px; font-style: normal; font-weight: 400;\">Pova\u017esk\u00e9 m\u00fazeum v spolupr\u00e1ci so Spolo\u010dnos\u0165ou Pova\u017eskej dr\u00e1hy \u017dilina aj tento rok organizuj\u00fa ob\u013e\u00faben\u00e9 podujatie Rajeck\u00e1 An\u010da. Nenechajte si ujs\u0165 jedine\u010dn\u00fa pr\u00edle\u017eitos\u0165 previez\u0165 sa historick\u00fdmi voz\u0148ami M131.1443 a M 152.0160, ktor\u00e9 bud\u00fa prem\u00e1va\u0165\u00a0<span style=\"font-size: 15px; font-weight: bold;\">12. a\u00a013. augusta<\/span>\u00a0dvakr\u00e1t denne zo \u017diliny do Rajca a\u00a0sp\u00e4\u0165. Atmosf\u00e9ru vo vlaku skvele doplnia zamestnanci Pova\u017esk\u00e9ho m\u00fazea v dobov\u00fdch kost\u00fdmoch.<\/p><p style=\"font-size: 15px; font-style: normal; font-weight: 400;\">Na zast\u00e1vke v Rajeck\u00fdch Tepliciach na v\u00e1s \u010dak\u00e1 prehliadka M\u00fazea dopravy s r\u00f4znymi interakt\u00edvnymi prvkami. Najmen\u0161\u00edch \u00fa\u010dastn\u00edkov pote\u0161ia tvoriv\u00e9 dielne na per\u00f3ne.\u00a0<em style=\"font-size: 15px;\">\u201eTento rok sme pripravili \u0161peci\u00e1lny bonus v\u00a0podobe zv\u00fdhodnen\u00e9ho bal\u00edka, ktor\u00fd obsahuje okrem samotnej jazdy aj vstup do M\u00fazea dopravy. Bude mo\u017en\u00e9 ho k\u00fapi\u0165 len v\u00a0predpredaji na\u00a0<\/em><a style=\"font-size: 15px;\" href=\"http:\/\/www.pmza.sk\/\"><em style=\"font-size: 15px;\">www.pmza.sk<\/em><\/a><em style=\"font-size: 15px;\">. Cestuj\u00faci tak dostane komplexn\u00fa slu\u017ebu vr\u00e1tane miesta vo vozni a\u00a0tie\u017e program v\u00a0Rajeck\u00fdch Tepliciach. Samozrejme, nechali sme aj mo\u017enos\u0165 k\u00fapy jednosmern\u00e9ho l\u00edstka hotovos\u0165ou priamo vo vlaku a\u00a0individu\u00e1lne tr\u00e1venie vo\u013en\u00e9ho \u010dasu so z\u013eavou na vstup do m\u00fazea,\u201c<\/em>\u00a0pribli\u017euje historik dopravy Peter \u0160imko.<\/p><p style=\"font-size: 15px; font-style: normal; font-weight: 400;\"><span style=\"font-size: 15px; font-weight: bold;\">Oby\u010dajn\u00e9 cestovn\u00e9<\/span><\/p><ul style=\"font-size: 15px; font-style: normal; font-weight: 400;\"><li style=\"font-size: 15px;\">jednosmern\u00fd l\u00edstok: z\u00e1kladn\u00fd 4 \u20ac, z\u013eavnen\u00fd 2 \u20ac (deti do 3 rokov zadarmo)<\/li><li style=\"font-size: 15px;\">z\u013eava na prehliadku do M\u00fazea dopravy, tvoriv\u00e9 dielne pre deti<\/li><li style=\"font-size: 15px;\">platba v\u00a0hotovosti pri n\u00e1stupe bez rezerv\u00e1cie miesta<\/li><\/ul><p style=\"font-size: 15px; font-style: normal; font-weight: 400;\"><span style=\"font-size: 15px; font-weight: bold;\">Zv\u00fdhodnen\u00fd bal\u00edk &#8211; mo\u017eno zak\u00fapi\u0165 len v predpredaji tu:<\/span><\/p>\t\t\t\t\t\t\t\t<\/div>\n\t\t\t\t<\/div>\n\t\t\t\t<section class=\"elementor-section elementor-inner-section elementor-element elementor-element-e386662 elementor-section-boxed elementor-section-height-default elementor-section-height-default\" data-id=\"e386662\" data-element_type=\"section\">\n\t\t\t\t\t\t<div class=\"elementor-container elementor-column-gap-default\">\n\t\t\t\t\t<div class=\"elementor-column elementor-col-50 elementor-inner-column elementor-element elementor-element-99a8428\" data-id=\"99a8428\" data-element_type=\"column\">\n\t\t\t<div class=\"elementor-widget-wrap elementor-element-populated\">\n\t\t\t\t\t\t<div class=\"elementor-element elementor-element-d8308f4 elementor-align-center elementor-widget elementor-widget-button\" data-id=\"d8308f4\" data-element_type=\"widget\" data-widget_type=\"button.default\">\n\t\t\t\t<div class=\"elementor-widget-container\">\n\t\t\t\t\t\t\t\t\t<div class=\"elementor-button-wrapper\">\n\t\t\t\t\t<a class=\"elementor-button elementor-button-link elementor-size-xl\" href=\"https:\/\/pmza.sk\/produkt\/rajecka-anca-2023-zvyhodneny-listok-zakladny\/\" target=\"_blank\">\n\t\t\t\t\t\t<span class=\"elementor-button-content-wrapper\">\n\t\t\t\t\t\t\t\t\t<span class=\"elementor-button-text\">Z\u00c1KLADN\u00dd (10 \u20ac)<\/span>\n\t\t\t\t\t<\/span>\n\t\t\t\t\t<\/a>\n\t\t\t\t<\/div>\n\t\t\t\t\t\t\t\t<\/div>\n\t\t\t\t<\/div>\n\t\t\t\t\t<\/div>\n\t\t<\/div>\n\t\t\t\t<div class=\"elementor-column elementor-col-50 elementor-inner-column elementor-element elementor-element-c538297\" data-id=\"c538297\" data-element_type=\"column\">\n\t\t\t<div class=\"elementor-widget-wrap elementor-element-populated\">\n\t\t\t\t\t\t<div class=\"elementor-element elementor-element-4bb733e elementor-align-center elementor-widget elementor-widget-button\" data-id=\"4bb733e\" data-element_type=\"widget\" data-widget_type=\"button.default\">\n\t\t\t\t<div class=\"elementor-widget-container\">\n\t\t\t\t\t\t\t\t\t<div class=\"elementor-button-wrapper\">\n\t\t\t\t\t<a class=\"elementor-button elementor-button-link elementor-size-xl\" href=\"https:\/\/pmza.sk\/produkt\/rajecka-anca-2023-zvyhodneny-balik-zlavneny\/\" target=\"_blank\">\n\t\t\t\t\t\t<span class=\"elementor-button-content-wrapper\">\n\t\t\t\t\t\t\t\t\t<span class=\"elementor-button-text\">Z\u013dAVNEN\u00dd - pre deti 3 - 18 rokov (5 \u20ac)<\/span>\n\t\t\t\t\t<\/span>\n\t\t\t\t\t<\/a>\n\t\t\t\t<\/div>\n\t\t\t\t\t\t\t\t<\/div>\n\t\t\t\t<\/div>\n\t\t\t\t\t<\/div>\n\t\t<\/div>\n\t\t\t\t\t<\/div>\n\t\t<\/section>\n\t\t\t\t<div class=\"elementor-element elementor-element-39fd0549 elementor-widget elementor-widget-text-editor\" data-id=\"39fd0549\" data-element_type=\"widget\" data-widget_type=\"text-editor.default\">\n\t\t\t\t<div class=\"elementor-widget-container\">\n\t\t\t\t\t\t\t\t\t<ul><li>v cene:<strong><br \/><\/strong><\/li><li>spiato\u010dn\u00fd l\u00edstok \u017dilina \u2013 Rajeck\u00e9 Teplice:<\/li><li>vstup do M\u00fazea dopravy<\/li><li>tvoriv\u00e9 dielne pre deti<\/li><\/ul><p>Deti do 3 rokov zadarmo<\/p><p><span style=\"color: #800000;\">Pri objedn\u00e1vke cez e-shop vlo\u017ete do ko\u0161\u00edka po\u017eadovan\u00fd po\u010det z\u00e1kladn\u00fdch a z\u013eavnen\u00fdch l\u00edstkov. Kliknite na &#8222;skontrolova\u0165 a objedna\u0165&#8220;. Na \u010fal\u0161ej str\u00e1nke vypl\u0148te \u00fadaje o v\u00e1s, potvr\u010fte s\u00fahlas s obchodn\u00fdmi podmienkami a kliknite na &#8222;Objedna\u0165 s povinnos\u0165ou platby&#8220;. Budete presmerovan\u00ed do banky (24-pay), kde uskuto\u010dn\u00edte online platbu prostredn\u00edctvom va\u0161ej platobnej karty alebo prevodom z v\u00e1\u0161ho \u00fa\u010dtu. <span style=\"color: #ff0000;\"><strong>Sprievodcovi vo vlaku sta\u010d\u00ed uk\u00e1za\u0165 potvrdenie objedn\u00e1vky (fakt\u00faru), ktor\u00e1 V\u00e1m pr\u00edde na e-mail.\u00a0 \u00a0<\/strong><\/span><\/span><span style=\"color: #ff0000;\"><strong>\u00a0<\/strong><\/span><\/p><p><span style=\"color: #0000ff;\"><strong>Cestuj\u00faci so zak\u00fapen\u00fdm zv\u00fdhodnen\u00fdm bal\u00edkom bud\u00fa vo vlaku prepraven\u00ed prednostne.<\/strong><\/span> Vlaky nie s\u00fa miestenkov\u00e9, cestuj\u00faci so zv\u00fdhodnen\u00fdm bal\u00edkom m\u00e1 pr\u00e1vo vyu\u017ei\u0165 jeden spoj v jednom a jeden v opa\u010dnom smere. Kapacita je dostato\u010dn\u00e1 (a\u017e 200 miest \/ spoj!).\u00a0<\/p><p><strong>Cestovn\u00fd poriadok<\/strong><\/p>\t\t\t\t\t\t\t\t<\/div>\n\t\t\t\t<\/div>\n\t\t\t\t<section class=\"elementor-section elementor-inner-section elementor-element elementor-element-f41f21f elementor-section-boxed elementor-section-height-default elementor-section-height-default\" data-id=\"f41f21f\" data-element_type=\"section\">\n\t\t\t\t\t\t<div class=\"elementor-container elementor-column-gap-default\">\n\t\t\t\t\t<div class=\"elementor-column elementor-col-50 elementor-inner-column elementor-element elementor-element-aeae058\" data-id=\"aeae058\" data-element_type=\"column\">\n\t\t\t<div class=\"elementor-widget-wrap elementor-element-populated\">\n\t\t\t\t\t\t<div class=\"elementor-element elementor-element-e11ba31 elementor-widget elementor-widget-text-editor\" data-id=\"e11ba31\" data-element_type=\"widget\" data-widget_type=\"text-editor.default\">\n\t\t\t\t<div class=\"elementor-widget-container\">\n\t\t\t\t\t\t\t\t\t<p><strong>smer \u017dilina \u2013 Rajec<\/strong><\/p>\n<p>\u017dilina &nbsp;&nbsp;&nbsp;&nbsp;&nbsp;&nbsp;&nbsp;&nbsp;&nbsp;&nbsp;&nbsp;&nbsp;&nbsp;&nbsp;&nbsp;&nbsp;&nbsp;&nbsp;&nbsp;&nbsp;&nbsp;&nbsp;&nbsp;&nbsp;&nbsp; 9.35&nbsp;&nbsp; 13.35<br>\u017dilina-Z\u00e1rie\u010die&nbsp;&nbsp;&nbsp;&nbsp;&nbsp;&nbsp;&nbsp;&nbsp;&nbsp;&nbsp; 9.41&nbsp;&nbsp;&nbsp; 13.41<br>\u017dilina-Solinky&nbsp;&nbsp;&nbsp;&nbsp;&nbsp;&nbsp;&nbsp;&nbsp;&nbsp;&nbsp;&nbsp; 9.46&nbsp;&nbsp;&nbsp;&nbsp; 13.46<br>Byt\u010dica &nbsp;&nbsp;&nbsp;&nbsp;&nbsp;&nbsp;&nbsp;&nbsp; &nbsp; &nbsp; &nbsp; &nbsp; &nbsp; &nbsp; &nbsp; 9.49&nbsp;&nbsp;&nbsp;&nbsp; 13.49<br>Lietavsk\u00e1 L\u00fa\u010dka&nbsp;&nbsp;&nbsp;&nbsp;&nbsp;&nbsp;&nbsp; 9.54&nbsp;&nbsp; 13.54<br>Por\u00fabka&nbsp; &nbsp; &nbsp; &nbsp; &nbsp; &nbsp; &nbsp; &nbsp; &nbsp; &nbsp; &nbsp;9.59&nbsp;&nbsp;&nbsp; 13.59<br>Poluvsie&nbsp;&nbsp;&nbsp;&nbsp;&nbsp;&nbsp;&nbsp;&nbsp;&nbsp;&nbsp;&nbsp;&nbsp;&nbsp;&nbsp;&nbsp;&nbsp;&nbsp;&nbsp;&nbsp;&nbsp; 10.04&nbsp;&nbsp;&nbsp; 14.04<br>Rajeck\u00e9 Teplice&nbsp;&nbsp;&nbsp;&nbsp;&nbsp;&nbsp;&nbsp; 10.08&nbsp;&nbsp;&nbsp; 14.08<br>Rajeck\u00e9 Teplice&nbsp; &nbsp; &nbsp; &nbsp; 10.14&nbsp;&nbsp;&nbsp; 14.14<br>Konsk\u00e1 pri Rajci&nbsp; &nbsp; &nbsp; &nbsp;10.16&nbsp;&nbsp; 14.16<br>Zby\u0148ov &nbsp;&nbsp;&nbsp;&nbsp;&nbsp;&nbsp;&nbsp;&nbsp;&nbsp; &nbsp;&nbsp;&nbsp;&nbsp;&nbsp;&nbsp;&nbsp;&nbsp;&nbsp;&nbsp; 10.19&nbsp;&nbsp;&nbsp; 14.19<br>K\u013ea\u010de&nbsp;&nbsp;&nbsp;&nbsp;&nbsp;&nbsp;&nbsp;&nbsp;&nbsp;&nbsp;&nbsp;&nbsp;&nbsp;&nbsp;&nbsp;&nbsp;&nbsp;&nbsp;&nbsp;&nbsp;&nbsp;&nbsp;&nbsp;&nbsp; 10.22 &nbsp;&nbsp;&nbsp;14.22<br>Rajec&nbsp;&nbsp;&nbsp;&nbsp;&nbsp;&nbsp;&nbsp;&nbsp;&nbsp;&nbsp;&nbsp;&nbsp;&nbsp;&nbsp; &nbsp;&nbsp;&nbsp;&nbsp;&nbsp;&nbsp;&nbsp;&nbsp;&nbsp;&nbsp; 10.25&nbsp;&nbsp;&nbsp; 14.25<\/p>\t\t\t\t\t\t\t\t<\/div>\n\t\t\t\t<\/div>\n\t\t\t\t\t<\/div>\n\t\t<\/div>\n\t\t\t\t<div class=\"elementor-column elementor-col-50 elementor-inner-column elementor-element elementor-element-d4f0c91\" data-id=\"d4f0c91\" data-element_type=\"column\">\n\t\t\t<div class=\"elementor-widget-wrap elementor-element-populated\">\n\t\t\t\t\t\t<div class=\"elementor-element elementor-element-f2a2b88 elementor-widget elementor-widget-text-editor\" data-id=\"f2a2b88\" data-element_type=\"widget\" data-widget_type=\"text-editor.default\">\n\t\t\t\t<div class=\"elementor-widget-container\">\n\t\t\t\t\t\t\t\t\t<p><strong>smer Rajec \u2013 \u017dilina<\/strong><\/p><p>Rajec\u00a0\u00a0\u00a0\u00a0\u00a0\u00a0\u00a0\u00a0\u00a0\u00a0\u00a0\u00a0\u00a0\u00a0\u00a0\u00a0\u00a0\u00a0\u00a0\u00a0\u00a0\u00a0\u00a0\u00a0\u00a0 11.35\u00a0\u00a0\u00a0\u00a0 15.35<br \/>K\u013ea\u010de\u00a0\u00a0\u00a0\u00a0\u00a0\u00a0\u00a0\u00a0\u00a0\u00a0\u00a0\u00a0\u00a0\u00a0\u00a0\u00a0\u00a0\u00a0\u00a0\u00a0\u00a0\u00a0\u00a0\u00a0\u00a0 11.38\u00a0\u00a0\u00a0\u00a0 15.38<br \/>Zby\u0148ov\u00a0\u00a0\u00a0\u00a0\u00a0\u00a0\u00a0\u00a0\u00a0\u00a0\u00a0\u00a0\u00a0\u00a0\u00a0\u00a0\u00a0\u00a0\u00a0\u00a0\u00a0\u00a0 11.41\u00a0\u00a0\u00a0\u00a0 15.41<br \/>Konsk\u00e1 pri Rajci\u00a0\u00a0\u00a0\u00a0\u00a0 11.44\u00a0\u00a0 15.44<br \/>Rajeck\u00e9 Teplice\u00a0\u00a0\u00a0\u00a0\u00a0\u00a0\u00a0 11.46\u00a0\u00a0 15.46<br \/>Rajeck\u00e9 Teplice\u00a0\u00a0\u00a0\u00a0\u00a0\u00a0\u00a0 11.50\u00a0\u00a0\u00a0 15.50<br \/>Poluvsie\u00a0\u00a0\u00a0\u00a0\u00a0\u00a0\u00a0\u00a0\u00a0\u00a0\u00a0\u00a0\u00a0\u00a0\u00a0\u00a0\u00a0\u00a0\u00a0\u00a0 11.53\u00a0\u00a0\u00a0 15.53<br \/>Por\u00fabka\u00a0\u00a0\u00a0\u00a0\u00a0\u00a0\u00a0\u00a0\u00a0\u00a0\u00a0\u00a0\u00a0\u00a0\u00a0\u00a0\u00a0\u00a0\u00a0\u00a0 11.58\u00a0\u00a0\u00a0\u00a0 15.58<br \/>Lietavsk\u00e1 L\u00fa\u010dka\u00a0\u00a0\u00a0\u00a0\u00a0\u00a0 12.03\u00a0\u00a0 16.03<br \/>Byt\u010dica\u00a0\u00a0\u00a0\u00a0\u00a0\u00a0\u00a0\u00a0\u00a0\u00a0\u00a0\u00a0\u00a0\u00a0\u00a0\u00a0\u00a0\u00a0\u00a0\u00a0\u00a0\u00a0 12.07\u00a0\u00a0\u00a0\u00a0 16.07<br \/>\u017dilina-Solinky\u00a0\u00a0\u00a0\u00a0\u00a0\u00a0\u00a0\u00a0\u00a0\u00a0 12.10\u00a0\u00a0\u00a0 16.10<br \/>\u017dilina-Z\u00e1rie\u010die\u00a0\u00a0\u00a0\u00a0\u00a0\u00a0\u00a0\u00a0\u00a0 12.15\u00a0\u00a0\u00a0 16.15<br \/>\u017dilina\u00a0\u00a0\u00a0\u00a0\u00a0\u00a0\u00a0\u00a0\u00a0\u00a0\u00a0\u00a0\u00a0\u00a0\u00a0\u00a0\u00a0\u00a0\u00a0\u00a0\u00a0\u00a0\u00a0\u00a0\u00a0 12.20\u00a0\u00a0\u00a0\u00a0 16.20<\/p>\t\t\t\t\t\t\t\t<\/div>\n\t\t\t\t<\/div>\n\t\t\t\t\t<\/div>\n\t\t<\/div>\n\t\t\t\t\t<\/div>\n\t\t<\/section>\n\t\t\t\t<div class=\"elementor-element elementor-element-23ced96 elementor-widget elementor-widget-text-editor\" data-id=\"23ced96\" data-element_type=\"widget\" data-widget_type=\"text-editor.default\">\n\t\t\t\t<div class=\"elementor-widget-container\">\n\t\t\t\t\t\t\t\t\t<p>P\u00f4vodne avizovan\u00e1 jazda na historickom ko\u010di sa neuskuto\u010dn\u00ed. \u010eakujeme za pochopenie.<span style=\"font-size: 15px;\">\u00a0<\/span><\/p><p><span style=\"font-size: 15px;\">Plag\u00e1t tu:<\/span><\/p><p><span style=\"font-size: 15px;\">\u00a0<\/span><img fetchpriority=\"high\" decoding=\"async\" class=\"alignnone wp-image-57784 size-large\" style=\"font-style: inherit; font-weight: inherit;\" src=\"https:\/\/pmza.sk\/wp-content\/uploads\/2023\/08\/Rajecka_Anca_K5-520x736.jpg\" alt=\"\" width=\"520\" height=\"736\" srcset=\"https:\/\/pmza.sk\/wp-content\/uploads\/2023\/08\/Rajecka_Anca_K5-520x736.jpg 520w, https:\/\/pmza.sk\/wp-content\/uploads\/2023\/08\/Rajecka_Anca_K5-255x360.jpg 255w, https:\/\/pmza.sk\/wp-content\/uploads\/2023\/08\/Rajecka_Anca_K5-768x1086.jpg 768w, https:\/\/pmza.sk\/wp-content\/uploads\/2023\/08\/Rajecka_Anca_K5-1086x1536.jpg 1086w, https:\/\/pmza.sk\/wp-content\/uploads\/2023\/08\/Rajecka_Anca_K5-1448x2048.jpg 1448w, https:\/\/pmza.sk\/wp-content\/uploads\/2023\/08\/Rajecka_Anca_K5-600x849.jpg 600w, https:\/\/pmza.sk\/wp-content\/uploads\/2023\/08\/Rajecka_Anca_K5-scaled.jpg 1810w\" sizes=\"(max-width: 520px) 100vw, 520px\" \/><\/p>\t\t\t\t\t\t\t\t<\/div>\n\t\t\t\t<\/div>\n\t\t\t\t\t<\/div>\n\t\t<\/div>\n\t\t\t\t\t<\/div>\n\t\t<\/section>\n\t\t\t\t<\/div>\n\t\t","protected":false},"excerpt":{"rendered":"<p>Pova\u017esk\u00e9 m\u00fazeum v spolupr\u00e1ci so Spolo\u010dnos\u0165ou Pova\u017eskej dr\u00e1hy \u017dilina aj tento rok organizuj\u00fa ob\u013e\u00faben\u00e9 podujatie Rajeck\u00e1 An\u010da. Nenechajte si ujs\u0165 jedine\u010dn\u00fa pr\u00edle\u017eitos\u0165 previez\u0165 sa historick\u00fdmi voz\u0148ami M131.1443 a M 152.0160, ktor\u00e9 bud\u00fa prem\u00e1va\u0165\u00a012. a\u00a013. augusta\u00a0dvakr\u00e1t denne zo \u017diliny do Rajca a\u00a0sp\u00e4\u0165. Atmosf\u00e9ru vo vlaku skvele doplnia zamestnanci Pova\u017esk\u00e9ho m\u00fazea v dobov\u00fdch kost\u00fdmoch. Na zast\u00e1vke v [&hellip;]<\/p>\n","protected":false},"author":2,"featured_media":57600,"comment_status":"open","ping_status":"open","sticky":false,"template":"","format":"standard","meta":{"site-sidebar-layout":"default","site-content-layout":"default","ast-site-content-layout":"","site-content-style":"default","site-sidebar-style":"default","ast-global-header-display":"","ast-banner-title-visibility":"","ast-main-header-display":"","ast-hfb-above-header-display":"","ast-hfb-below-header-display":"","ast-hfb-mobile-header-display":"","site-post-title":"","ast-breadcrumbs-content":"","ast-featured-img":"","footer-sml-layout":"","theme-transparent-header-meta":"default","adv-header-id-meta":"","stick-header-meta":"default","header-above-stick-meta":"","header-main-stick-meta":"","header-below-stick-meta":"","astra-migrate-meta-layouts":"default","ast-page-background-enabled":"default","ast-page-background-meta":{"desktop":{"background-color":"var(--ast-global-color-4)","background-image":"","background-repeat":"repeat","background-position":"center center","background-size":"auto","background-attachment":"scroll","background-type":"","background-media":"","overlay-type":"","overlay-color":"","overlay-opacity":"","overlay-gradient":""},"tablet":{"background-color":"","background-image":"","background-repeat":"repeat","background-position":"center center","background-size":"auto","background-attachment":"scroll","background-type":"","background-media":"","overlay-type":"","overlay-color":"","overlay-opacity":"","overlay-gradient":""},"mobile":{"background-color":"","background-image":"","background-repeat":"repeat","background-position":"center center","background-size":"auto","background-attachment":"scroll","background-type":"","background-media":"","overlay-type":"","overlay-color":"","overlay-opacity":"","overlay-gradient":""}},"ast-content-background-meta":{"desktop":{"background-color":"var(--ast-global-color-5)","background-image":"","background-repeat":"repeat","background-position":"center center","background-size":"auto","background-attachment":"scroll","background-type":"","background-media":"","overlay-type":"","overlay-color":"","overlay-opacity":"","overlay-gradient":""},"tablet":{"background-color":"var(--ast-global-color-5)","background-image":"","background-repeat":"repeat","background-position":"center center","background-size":"auto","background-attachment":"scroll","background-type":"","background-media":"","overlay-type":"","overlay-color":"","overlay-opacity":"","overlay-gradient":""},"mobile":{"background-color":"var(--ast-global-color-5)","background-image":"","background-repeat":"repeat","background-position":"center center","background-size":"auto","background-attachment":"scroll","background-type":"","background-media":"","overlay-type":"","overlay-color":"","overlay-opacity":"","overlay-gradient":""}},"footnotes":""},"categories":[71],"tags":[],"class_list":["post-57586","post","type-post","status-publish","format-standard","has-post-thumbnail","hentry","category-podujatia"],"yoast_head":"<!-- This site is optimized with the Yoast SEO plugin v27.4 - https:\/\/yoast.com\/product\/yoast-seo-wordpress\/ -->\n<title>Rajeck\u00e1 An\u010da - Pova\u017esk\u00e9 m\u00fazeum<\/title>\n<meta name=\"robots\" content=\"index, follow, max-snippet:-1, max-image-preview:large, max-video-preview:-1\" \/>\n<link rel=\"canonical\" href=\"https:\/\/pmza.sk\/?p=57586\" \/>\n<meta property=\"og:locale\" content=\"sk_SK\" \/>\n<meta property=\"og:type\" content=\"article\" \/>\n<meta property=\"og:title\" content=\"Rajeck\u00e1 An\u010da - Pova\u017esk\u00e9 m\u00fazeum\" \/>\n<meta property=\"og:description\" content=\"Pova\u017esk\u00e9 m\u00fazeum v spolupr\u00e1ci so Spolo\u010dnos\u0165ou Pova\u017eskej dr\u00e1hy \u017dilina aj tento rok organizuj\u00fa ob\u013e\u00faben\u00e9 podujatie Rajeck\u00e1 An\u010da. Nenechajte si ujs\u0165 jedine\u010dn\u00fa pr\u00edle\u017eitos\u0165 previez\u0165 sa historick\u00fdmi voz\u0148ami M131.1443 a M 152.0160, ktor\u00e9 bud\u00fa prem\u00e1va\u0165\u00a012. a\u00a013. augusta\u00a0dvakr\u00e1t denne zo \u017diliny do Rajca a\u00a0sp\u00e4\u0165. Atmosf\u00e9ru vo vlaku skvele doplnia zamestnanci Pova\u017esk\u00e9ho m\u00fazea v dobov\u00fdch kost\u00fdmoch. Na zast\u00e1vke v [&hellip;]\" \/>\n<meta property=\"og:url\" content=\"https:\/\/pmza.sk\/?p=57586\" \/>\n<meta property=\"og:site_name\" content=\"Pova\u017esk\u00e9 m\u00fazeum\" \/>\n<meta property=\"article:publisher\" content=\"https:\/\/www.facebook.com\/povazskemuzeum\" \/>\n<meta property=\"article:published_time\" content=\"2023-07-18T06:13:51+00:00\" \/>\n<meta property=\"article:modified_time\" content=\"2023-08-14T04:57:01+00:00\" \/>\n<meta property=\"og:image\" content=\"https:\/\/pmza.sk\/wp-content\/uploads\/2023\/07\/Rajecka_Anca_web-scaled.jpg\" \/>\n\t<meta property=\"og:image:width\" content=\"2560\" \/>\n\t<meta property=\"og:image:height\" content=\"2560\" \/>\n\t<meta property=\"og:image:type\" content=\"image\/jpeg\" \/>\n<meta name=\"author\" content=\"Pova\u017esk\u00e9 m\u00fazeum\" \/>\n<meta name=\"twitter:card\" content=\"summary_large_image\" \/>\n<meta name=\"twitter:label1\" content=\"Autor\" \/>\n\t<meta name=\"twitter:data1\" content=\"Pova\u017esk\u00e9 m\u00fazeum\" \/>\n\t<meta name=\"twitter:label2\" content=\"Predpokladan\u00fd \u010das \u010d\u00edtania\" \/>\n\t<meta name=\"twitter:data2\" content=\"3 min\u00faty\" \/>\n<script type=\"application\/ld+json\" class=\"yoast-schema-graph\">{\"@context\":\"https:\\\/\\\/schema.org\",\"@graph\":[{\"@type\":\"Article\",\"@id\":\"https:\\\/\\\/pmza.sk\\\/?p=57586#article\",\"isPartOf\":{\"@id\":\"https:\\\/\\\/pmza.sk\\\/?p=57586\"},\"author\":{\"name\":\"Pova\u017esk\u00e9 m\u00fazeum\",\"@id\":\"https:\\\/\\\/pmza.sk\\\/#\\\/schema\\\/person\\\/595e6a2ce731ea94dcd5d7f50a41ae33\"},\"headline\":\"Rajeck\u00e1 An\u010da\",\"datePublished\":\"2023-07-18T06:13:51+00:00\",\"dateModified\":\"2023-08-14T04:57:01+00:00\",\"mainEntityOfPage\":{\"@id\":\"https:\\\/\\\/pmza.sk\\\/?p=57586\"},\"wordCount\":510,\"commentCount\":18,\"publisher\":{\"@id\":\"https:\\\/\\\/pmza.sk\\\/#organization\"},\"image\":{\"@id\":\"https:\\\/\\\/pmza.sk\\\/?p=57586#primaryimage\"},\"thumbnailUrl\":\"https:\\\/\\\/pmza.sk\\\/wp-content\\\/uploads\\\/2023\\\/07\\\/Rajecka_Anca_web-scaled.jpg\",\"articleSection\":[\"Podujatia\"],\"inLanguage\":\"sk-SK\"},{\"@type\":\"WebPage\",\"@id\":\"https:\\\/\\\/pmza.sk\\\/?p=57586\",\"url\":\"https:\\\/\\\/pmza.sk\\\/?p=57586\",\"name\":\"Rajeck\u00e1 An\u010da - Pova\u017esk\u00e9 m\u00fazeum\",\"isPartOf\":{\"@id\":\"https:\\\/\\\/pmza.sk\\\/#website\"},\"primaryImageOfPage\":{\"@id\":\"https:\\\/\\\/pmza.sk\\\/?p=57586#primaryimage\"},\"image\":{\"@id\":\"https:\\\/\\\/pmza.sk\\\/?p=57586#primaryimage\"},\"thumbnailUrl\":\"https:\\\/\\\/pmza.sk\\\/wp-content\\\/uploads\\\/2023\\\/07\\\/Rajecka_Anca_web-scaled.jpg\",\"datePublished\":\"2023-07-18T06:13:51+00:00\",\"dateModified\":\"2023-08-14T04:57:01+00:00\",\"breadcrumb\":{\"@id\":\"https:\\\/\\\/pmza.sk\\\/?p=57586#breadcrumb\"},\"inLanguage\":\"sk-SK\",\"potentialAction\":[{\"@type\":\"ReadAction\",\"target\":[\"https:\\\/\\\/pmza.sk\\\/?p=57586\"]}]},{\"@type\":\"ImageObject\",\"inLanguage\":\"sk-SK\",\"@id\":\"https:\\\/\\\/pmza.sk\\\/?p=57586#primaryimage\",\"url\":\"https:\\\/\\\/pmza.sk\\\/wp-content\\\/uploads\\\/2023\\\/07\\\/Rajecka_Anca_web-scaled.jpg\",\"contentUrl\":\"https:\\\/\\\/pmza.sk\\\/wp-content\\\/uploads\\\/2023\\\/07\\\/Rajecka_Anca_web-scaled.jpg\",\"width\":2560,\"height\":2560},{\"@type\":\"BreadcrumbList\",\"@id\":\"https:\\\/\\\/pmza.sk\\\/?p=57586#breadcrumb\",\"itemListElement\":[{\"@type\":\"ListItem\",\"position\":1,\"name\":\"Domovsk\u00e1 str\u00e1nka\",\"item\":\"https:\\\/\\\/pmza.sk\\\/\"},{\"@type\":\"ListItem\",\"position\":2,\"name\":\"Rajeck\u00e1 An\u010da\"}]},{\"@type\":\"WebSite\",\"@id\":\"https:\\\/\\\/pmza.sk\\\/#website\",\"url\":\"https:\\\/\\\/pmza.sk\\\/\",\"name\":\"Pova\u017esk\u00e9 m\u00fazeum\",\"description\":\"Pova\u017esk\u00e9 m\u00fazeum v \u017diline je region\u00e1lne m\u00fazeum so s\u00eddlom v Budat\u00edne. Jeho expoz\u00edcie s\u00fa zameran\u00e9 na dejiny slovensk\u00e9ho umenia, kult\u00fary a dopravy.\",\"publisher\":{\"@id\":\"https:\\\/\\\/pmza.sk\\\/#organization\"},\"potentialAction\":[{\"@type\":\"SearchAction\",\"target\":{\"@type\":\"EntryPoint\",\"urlTemplate\":\"https:\\\/\\\/pmza.sk\\\/?s={search_term_string}\"},\"query-input\":{\"@type\":\"PropertyValueSpecification\",\"valueRequired\":true,\"valueName\":\"search_term_string\"}}],\"inLanguage\":\"sk-SK\"},{\"@type\":\"Organization\",\"@id\":\"https:\\\/\\\/pmza.sk\\\/#organization\",\"name\":\"Pova\u017esk\u00e9 m\u00fazeum\",\"url\":\"https:\\\/\\\/pmza.sk\\\/\",\"logo\":{\"@type\":\"ImageObject\",\"inLanguage\":\"sk-SK\",\"@id\":\"https:\\\/\\\/pmza.sk\\\/#\\\/schema\\\/logo\\\/image\\\/\",\"url\":\"https:\\\/\\\/pmza.sk\\\/wp-content\\\/uploads\\\/2022\\\/01\\\/logo_PM_horizontal.jpg\",\"contentUrl\":\"https:\\\/\\\/pmza.sk\\\/wp-content\\\/uploads\\\/2022\\\/01\\\/logo_PM_horizontal.jpg\",\"width\":231,\"height\":142,\"caption\":\"Pova\u017esk\u00e9 m\u00fazeum\"},\"image\":{\"@id\":\"https:\\\/\\\/pmza.sk\\\/#\\\/schema\\\/logo\\\/image\\\/\"},\"sameAs\":[\"https:\\\/\\\/www.facebook.com\\\/povazskemuzeum\",\"https:\\\/\\\/www.instagram.com\\\/povazskemuzeum\\\/\"]},{\"@type\":\"Person\",\"@id\":\"https:\\\/\\\/pmza.sk\\\/#\\\/schema\\\/person\\\/595e6a2ce731ea94dcd5d7f50a41ae33\",\"name\":\"Pova\u017esk\u00e9 m\u00fazeum\",\"image\":{\"@type\":\"ImageObject\",\"inLanguage\":\"sk-SK\",\"@id\":\"https:\\\/\\\/secure.gravatar.com\\\/avatar\\\/2bb7f1561282132fb5826dfeccc66c7996d11ee392ac6aaf7ced8a1c2027fbb2?s=96&d=mm&r=g\",\"url\":\"https:\\\/\\\/secure.gravatar.com\\\/avatar\\\/2bb7f1561282132fb5826dfeccc66c7996d11ee392ac6aaf7ced8a1c2027fbb2?s=96&d=mm&r=g\",\"contentUrl\":\"https:\\\/\\\/secure.gravatar.com\\\/avatar\\\/2bb7f1561282132fb5826dfeccc66c7996d11ee392ac6aaf7ced8a1c2027fbb2?s=96&d=mm&r=g\",\"caption\":\"Pova\u017esk\u00e9 m\u00fazeum\"}}]}<\/script>\n<!-- \/ Yoast SEO plugin. -->","yoast_head_json":{"title":"Rajeck\u00e1 An\u010da - Pova\u017esk\u00e9 m\u00fazeum","robots":{"index":"index","follow":"follow","max-snippet":"max-snippet:-1","max-image-preview":"max-image-preview:large","max-video-preview":"max-video-preview:-1"},"canonical":"https:\/\/pmza.sk\/?p=57586","og_locale":"sk_SK","og_type":"article","og_title":"Rajeck\u00e1 An\u010da - Pova\u017esk\u00e9 m\u00fazeum","og_description":"Pova\u017esk\u00e9 m\u00fazeum v spolupr\u00e1ci so Spolo\u010dnos\u0165ou Pova\u017eskej dr\u00e1hy \u017dilina aj tento rok organizuj\u00fa ob\u013e\u00faben\u00e9 podujatie Rajeck\u00e1 An\u010da. Nenechajte si ujs\u0165 jedine\u010dn\u00fa pr\u00edle\u017eitos\u0165 previez\u0165 sa historick\u00fdmi voz\u0148ami M131.1443 a M 152.0160, ktor\u00e9 bud\u00fa prem\u00e1va\u0165\u00a012. a\u00a013. augusta\u00a0dvakr\u00e1t denne zo \u017diliny do Rajca a\u00a0sp\u00e4\u0165. Atmosf\u00e9ru vo vlaku skvele doplnia zamestnanci Pova\u017esk\u00e9ho m\u00fazea v dobov\u00fdch kost\u00fdmoch. Na zast\u00e1vke v [&hellip;]","og_url":"https:\/\/pmza.sk\/?p=57586","og_site_name":"Pova\u017esk\u00e9 m\u00fazeum","article_publisher":"https:\/\/www.facebook.com\/povazskemuzeum","article_published_time":"2023-07-18T06:13:51+00:00","article_modified_time":"2023-08-14T04:57:01+00:00","og_image":[{"width":2560,"height":2560,"url":"https:\/\/pmza.sk\/wp-content\/uploads\/2023\/07\/Rajecka_Anca_web-scaled.jpg","type":"image\/jpeg"}],"author":"Pova\u017esk\u00e9 m\u00fazeum","twitter_card":"summary_large_image","twitter_misc":{"Autor":"Pova\u017esk\u00e9 m\u00fazeum","Predpokladan\u00fd \u010das \u010d\u00edtania":"3 min\u00faty"},"schema":{"@context":"https:\/\/schema.org","@graph":[{"@type":"Article","@id":"https:\/\/pmza.sk\/?p=57586#article","isPartOf":{"@id":"https:\/\/pmza.sk\/?p=57586"},"author":{"name":"Pova\u017esk\u00e9 m\u00fazeum","@id":"https:\/\/pmza.sk\/#\/schema\/person\/595e6a2ce731ea94dcd5d7f50a41ae33"},"headline":"Rajeck\u00e1 An\u010da","datePublished":"2023-07-18T06:13:51+00:00","dateModified":"2023-08-14T04:57:01+00:00","mainEntityOfPage":{"@id":"https:\/\/pmza.sk\/?p=57586"},"wordCount":510,"commentCount":18,"publisher":{"@id":"https:\/\/pmza.sk\/#organization"},"image":{"@id":"https:\/\/pmza.sk\/?p=57586#primaryimage"},"thumbnailUrl":"https:\/\/pmza.sk\/wp-content\/uploads\/2023\/07\/Rajecka_Anca_web-scaled.jpg","articleSection":["Podujatia"],"inLanguage":"sk-SK"},{"@type":"WebPage","@id":"https:\/\/pmza.sk\/?p=57586","url":"https:\/\/pmza.sk\/?p=57586","name":"Rajeck\u00e1 An\u010da - Pova\u017esk\u00e9 m\u00fazeum","isPartOf":{"@id":"https:\/\/pmza.sk\/#website"},"primaryImageOfPage":{"@id":"https:\/\/pmza.sk\/?p=57586#primaryimage"},"image":{"@id":"https:\/\/pmza.sk\/?p=57586#primaryimage"},"thumbnailUrl":"https:\/\/pmza.sk\/wp-content\/uploads\/2023\/07\/Rajecka_Anca_web-scaled.jpg","datePublished":"2023-07-18T06:13:51+00:00","dateModified":"2023-08-14T04:57:01+00:00","breadcrumb":{"@id":"https:\/\/pmza.sk\/?p=57586#breadcrumb"},"inLanguage":"sk-SK","potentialAction":[{"@type":"ReadAction","target":["https:\/\/pmza.sk\/?p=57586"]}]},{"@type":"ImageObject","inLanguage":"sk-SK","@id":"https:\/\/pmza.sk\/?p=57586#primaryimage","url":"https:\/\/pmza.sk\/wp-content\/uploads\/2023\/07\/Rajecka_Anca_web-scaled.jpg","contentUrl":"https:\/\/pmza.sk\/wp-content\/uploads\/2023\/07\/Rajecka_Anca_web-scaled.jpg","width":2560,"height":2560},{"@type":"BreadcrumbList","@id":"https:\/\/pmza.sk\/?p=57586#breadcrumb","itemListElement":[{"@type":"ListItem","position":1,"name":"Domovsk\u00e1 str\u00e1nka","item":"https:\/\/pmza.sk\/"},{"@type":"ListItem","position":2,"name":"Rajeck\u00e1 An\u010da"}]},{"@type":"WebSite","@id":"https:\/\/pmza.sk\/#website","url":"https:\/\/pmza.sk\/","name":"Pova\u017esk\u00e9 m\u00fazeum","description":"Pova\u017esk\u00e9 m\u00fazeum v \u017diline je region\u00e1lne m\u00fazeum so s\u00eddlom v Budat\u00edne. Jeho expoz\u00edcie s\u00fa zameran\u00e9 na dejiny slovensk\u00e9ho umenia, kult\u00fary a dopravy.","publisher":{"@id":"https:\/\/pmza.sk\/#organization"},"potentialAction":[{"@type":"SearchAction","target":{"@type":"EntryPoint","urlTemplate":"https:\/\/pmza.sk\/?s={search_term_string}"},"query-input":{"@type":"PropertyValueSpecification","valueRequired":true,"valueName":"search_term_string"}}],"inLanguage":"sk-SK"},{"@type":"Organization","@id":"https:\/\/pmza.sk\/#organization","name":"Pova\u017esk\u00e9 m\u00fazeum","url":"https:\/\/pmza.sk\/","logo":{"@type":"ImageObject","inLanguage":"sk-SK","@id":"https:\/\/pmza.sk\/#\/schema\/logo\/image\/","url":"https:\/\/pmza.sk\/wp-content\/uploads\/2022\/01\/logo_PM_horizontal.jpg","contentUrl":"https:\/\/pmza.sk\/wp-content\/uploads\/2022\/01\/logo_PM_horizontal.jpg","width":231,"height":142,"caption":"Pova\u017esk\u00e9 m\u00fazeum"},"image":{"@id":"https:\/\/pmza.sk\/#\/schema\/logo\/image\/"},"sameAs":["https:\/\/www.facebook.com\/povazskemuzeum","https:\/\/www.instagram.com\/povazskemuzeum\/"]},{"@type":"Person","@id":"https:\/\/pmza.sk\/#\/schema\/person\/595e6a2ce731ea94dcd5d7f50a41ae33","name":"Pova\u017esk\u00e9 m\u00fazeum","image":{"@type":"ImageObject","inLanguage":"sk-SK","@id":"https:\/\/secure.gravatar.com\/avatar\/2bb7f1561282132fb5826dfeccc66c7996d11ee392ac6aaf7ced8a1c2027fbb2?s=96&d=mm&r=g","url":"https:\/\/secure.gravatar.com\/avatar\/2bb7f1561282132fb5826dfeccc66c7996d11ee392ac6aaf7ced8a1c2027fbb2?s=96&d=mm&r=g","contentUrl":"https:\/\/secure.gravatar.com\/avatar\/2bb7f1561282132fb5826dfeccc66c7996d11ee392ac6aaf7ced8a1c2027fbb2?s=96&d=mm&r=g","caption":"Pova\u017esk\u00e9 m\u00fazeum"}}]}},"_links":{"self":[{"href":"https:\/\/pmza.sk\/index.php?rest_route=\/wp\/v2\/posts\/57586","targetHints":{"allow":["GET"]}}],"collection":[{"href":"https:\/\/pmza.sk\/index.php?rest_route=\/wp\/v2\/posts"}],"about":[{"href":"https:\/\/pmza.sk\/index.php?rest_route=\/wp\/v2\/types\/post"}],"author":[{"embeddable":true,"href":"https:\/\/pmza.sk\/index.php?rest_route=\/wp\/v2\/users\/2"}],"replies":[{"embeddable":true,"href":"https:\/\/pmza.sk\/index.php?rest_route=%2Fwp%2Fv2%2Fcomments&post=57586"}],"version-history":[{"count":0,"href":"https:\/\/pmza.sk\/index.php?rest_route=\/wp\/v2\/posts\/57586\/revisions"}],"wp:featuredmedia":[{"embeddable":true,"href":"https:\/\/pmza.sk\/index.php?rest_route=\/wp\/v2\/media\/57600"}],"wp:attachment":[{"href":"https:\/\/pmza.sk\/index.php?rest_route=%2Fwp%2Fv2%2Fmedia&parent=57586"}],"wp:term":[{"taxonomy":"category","embeddable":true,"href":"https:\/\/pmza.sk\/index.php?rest_route=%2Fwp%2Fv2%2Fcategories&post=57586"},{"taxonomy":"post_tag","embeddable":true,"href":"https:\/\/pmza.sk\/index.php?rest_route=%2Fwp%2Fv2%2Ftags&post=57586"}],"curies":[{"name":"wp","href":"https:\/\/api.w.org\/{rel}","templated":true}]}}