{"id":57676,"date":"2023-07-20T12:42:55","date_gmt":"2023-07-20T10:42:55","guid":{"rendered":"https:\/\/pmza.sk\/?p=57676"},"modified":"2025-03-03T08:46:48","modified_gmt":"2025-03-03T07:46:48","slug":"co-drot-spojil-cas-nerozdeli","status":"publish","type":"post","link":"https:\/\/pmza.sk\/?p=57676","title":{"rendered":"\u010co dr\u00f4t spojil, \u010das nerozdel\u00ed&#8230;"},"content":{"rendered":"<p>V Drot\u00e1rskom pavil\u00f3ne v are\u00e1li Budat\u00ednskeho hradu je od za\u010diatku augusta pr\u00edstupn\u00e1 v\u00fdstava s n\u00e1zvom \u010co dr\u00f4t spojil, \u010das nerozdel\u00ed&#8230; Jej autorkami s\u00fa etnologi\u010dka Katar\u00edna Kendrov\u00e1 a histori\u010dka Katar\u00edna Hallonov\u00e1 z drot\u00e1rskeho oddelenia Pova\u017esk\u00e9ho m\u00fazea. Typick\u00e9 slovensk\u00e9 remeslo zap\u00edsan\u00e9 aj v UNESCO je tentokr\u00e1t pribl\u00ed\u017een\u00e9 naozaj netradi\u010dn\u00fdm sp\u00f4sobom. <em>\u201e<\/em><em>Zamerali sme sa na jeho prvotn\u00fa vandrovn\u00fa formu, ke\u010f drot\u00e1ri putovali po celej krajine a venovali sa najm\u00e4 oprav\u00e1m predmetov ka\u017edodennej potreby, pou\u017e\u00edvan\u00fdmi obyvate\u013emi vidieka. Ich neust\u00e1ly boj o zabezpe\u010denie existencie si vy\u017eadoval a\u017e neuverite\u013ene \u0161irok\u00fa \u0161k\u00e1lu r\u00f4znorod\u00fdch pom\u00f4cok, riadov a n\u00e1strojov, ktor\u00e9 r\u00fdchlo opotrebovali, ale na k\u00fapu nov\u00fdch nemali dostatok financi\u00ed. A\u00a0pr\u00e1ve v\u010faka drot\u00e1rom dostali po\u0161koden\u00e9 predmety \u0161ancu na op\u00e4tovn\u00e9 vyu\u017eitie. Na gazdovstv\u00e1ch a\u00a0v dom\u00e1cnostiach sn\u00e1\u010f ani neexistovala pom\u00f4cka, ktor\u00fa by sa nepok\u00fasili obnovi\u0165, alebo svojou pr\u00e1cou nein\u0161pirovali k\u00a0podom\u00e1ckym oprav\u00e1m samotn\u00fdch gazdov,\u201c<\/em> vysvet\u013euje Katar\u00edna Kendrov\u00e1. <em>\u00a0<\/em><\/p>\n<p><em>\u00a0<\/em>V\u00fdstava je koncipovan\u00e1 tak, aby pribl\u00ed\u017eila najm\u00e4 tri z\u00e1kladn\u00e9 oblasti \u017eivota \u010dloveka s\u00favisiace s\u00a0pr\u00edpravou stravy a stolovan\u00edm, s pr\u00e1cou ro\u013en\u00edka na poli a gazdovstve a so\u00a0spracovan\u00edm textiln\u00fdch vl\u00e1kien nevyhnutn\u00fdch k\u00a0v\u00fdrobe odevu. N\u00e1v\u0161tevn\u00edci tak m\u00f4\u017eu na jednom mieste vidie\u0165 takmer 100 typov expon\u00e1tov najrozmanitej\u0161\u00edch funkci\u00ed,\u00a0tvarov a\u00a0materi\u00e1lov, ak\u00fdmi s\u00fa hlina, drevo, pr\u00fatie, rohovina, plech, sklo, porcel\u00e1n \u010di kamenina, v\u0161etky opravovan\u00e9 dr\u00f4tom alebo plechom, v\u00a0celkovom po\u010dte viac ako 200 kusov<em>. \u201eNa v\u00fdstave prevl\u00e1da najm\u00e4 drot\u00e1rmi opravovan\u00fd keramick\u00fd riad, na ktor\u00fd sa prvotne a\u00a0v\u00a0najv\u00e4\u010d\u0161ej miere orientovali.\u00a0 Bohato s\u00fa zast\u00fapen\u00e9 aj obnoven\u00e9 plechov\u00e9 a dreven\u00e9 n\u00e1doby,\u00a0kuchynsk\u00e9 \u010di sala\u0161n\u00edcke pom\u00f4cky, ak\u00fdmi s\u00fa hrnce, sitk\u00e1, pra\u017ei\u010de na k\u00e1vu, rajni\u010dky, kotly a\u00a0kotl\u00edky, vahany, gelety, koryt\u00e1 a\u00a0kor\u00fdtka, maselnice, ba\u010dovsk\u00e9 varechy, formy na syr a\u00a0pern\u00edky, so\u013eni\u010dky i\u00a0\u010drp\u00e1ky. Zauj\u00edmav\u00e9 drot\u00e1rske opravy m\u00f4\u017eu z\u00e1ujemcovia o\u00a0problematiku vidie\u0165 aj na po\u013enohospod\u00e1rskom n\u00e1rad\u00ed, napr\u00edklad na lopat\u00e1ch \u2013 veja\u010dk\u00e1ch, vidl\u00e1ch, kos\u00e1ch a\u00a0kos\u00e1koch, hrabliach, oseln\u00edkoch, ko\u0161och \u010di cepoch. Z\u00e1sahom drot\u00e1rov sa nevyhli ani kolovr\u00e1tky, praslice, krample, nahrievacie \u017eehli\u010dky a\u00a0mnoh\u00e9 \u010fal\u0161ie starobyl\u00e9 predmety. K\u00a0vz\u00e1cnym expon\u00e1tom\u00a0 patr\u00ed aj prec\u00edzne a jemne opletan\u00e9 sklo, porcel\u00e1n a fajky z\u00a0morskej peny,\u201c <\/em>dop\u013a\u0148a K. Kendrov\u00e1.<\/p>\n<p>V\u00fdstava je obohaten\u00e1 o odborn\u00e9 texty s\u00a0fotografiami a tie\u017e detailn\u00e9 opisy \u0161pecifick\u00fdch drot\u00e1rskych oprav\u00e1rensk\u00fdch techn\u00edk. N\u00e1v\u0161tevn\u00edci uvidia techniky z\u00e1kladn\u00e9, ak\u00fdmi bolo opletanie do dr\u00f4ten\u00fdch siet\u00ed, flekovanie, haftovanie, sp\u00e1jkovanie, ale tie\u017e \u00a0jednoduch\u0161ie, ktor\u00e9 spo\u010d\u00edvali v\u00a0stiahnut\u00ed po\u0161koden\u00fdch \u010dast\u00ed predmetov dr\u00f4tenou slu\u010dkou alebo p\u00e1sikom plechu.<\/p>\n<p>V\u0161etky prezentovan\u00e9 expon\u00e1ty poch\u00e1dzaj\u00fa zo zbierkov\u00fdch fondov Pova\u017esk\u00e9ho m\u00fazea a\u00a0Slovensk\u00e9ho n\u00e1rodn\u00e9ho m\u00fazea v\u00a0Martine.<\/p>\n<p>V\u00fdstava je pr\u00edstupn\u00e1 po\u010das prehliadky Drot\u00e1rskeho pavil\u00f3nu od utorka do nedele od 9.00 do 16.30 do 28. febru\u00e1ra 2025.<\/p>\n<div class=\"wp-block-image\">\n<div class=\"wp-block-image\"><img fetchpriority=\"high\" decoding=\"async\" class=\"wpa-warning wpa-image-missing-alt alignnone size-medium wp-image-66960\" src=\"https:\/\/pmza.sk\/wp-content\/uploads\/2023\/07\/Co_drot_spojil_Predlzene-255x360.jpg\" alt=\"\" width=\"255\" height=\"360\" data-warning=\"Missing alt text\" srcset=\"https:\/\/pmza.sk\/wp-content\/uploads\/2023\/07\/Co_drot_spojil_Predlzene-255x360.jpg 255w, https:\/\/pmza.sk\/wp-content\/uploads\/2023\/07\/Co_drot_spojil_Predlzene-520x736.jpg 520w, https:\/\/pmza.sk\/wp-content\/uploads\/2023\/07\/Co_drot_spojil_Predlzene-768x1086.jpg 768w, https:\/\/pmza.sk\/wp-content\/uploads\/2023\/07\/Co_drot_spojil_Predlzene-1086x1536.jpg 1086w, https:\/\/pmza.sk\/wp-content\/uploads\/2023\/07\/Co_drot_spojil_Predlzene-1448x2048.jpg 1448w, https:\/\/pmza.sk\/wp-content\/uploads\/2023\/07\/Co_drot_spojil_Predlzene-600x849.jpg 600w, https:\/\/pmza.sk\/wp-content\/uploads\/2023\/07\/Co_drot_spojil_Predlzene-scaled.jpg 1810w\" sizes=\"(max-width: 255px) 100vw, 255px\" \/><\/div>\n<\/div>\n<div>Plag\u00e1t v plnej ve\u013ekosti <a href=\"https:\/\/pmza.sk\/wp-content\/uploads\/2023\/07\/Co_drot_spojil_Predlzene.pdf\">TU<\/a><\/div>\n","protected":false},"excerpt":{"rendered":"<p>V Drot\u00e1rskom pavil\u00f3ne v are\u00e1li Budat\u00ednskeho hradu je od za\u010diatku augusta pr\u00edstupn\u00e1 v\u00fdstava s n\u00e1zvom \u010co dr\u00f4t spojil, \u010das nerozdel\u00ed&#8230; Jej autorkami s\u00fa etnologi\u010dka Katar\u00edna Kendrov\u00e1 a histori\u010dka Katar\u00edna Hallonov\u00e1 z drot\u00e1rskeho oddelenia Pova\u017esk\u00e9ho m\u00fazea. Typick\u00e9 slovensk\u00e9 remeslo zap\u00edsan\u00e9 aj v UNESCO je tentokr\u00e1t pribl\u00ed\u017een\u00e9 naozaj netradi\u010dn\u00fdm sp\u00f4sobom. \u201eZamerali sme sa na jeho prvotn\u00fa vandrovn\u00fa [&hellip;]<\/p>\n","protected":false},"author":2,"featured_media":66962,"comment_status":"closed","ping_status":"closed","sticky":false,"template":"","format":"standard","meta":{"site-sidebar-layout":"default","site-content-layout":"default","ast-site-content-layout":"default","site-content-style":"default","site-sidebar-style":"default","ast-global-header-display":"","ast-banner-title-visibility":"","ast-main-header-display":"","ast-hfb-above-header-display":"","ast-hfb-below-header-display":"","ast-hfb-mobile-header-display":"","site-post-title":"","ast-breadcrumbs-content":"","ast-featured-img":"","footer-sml-layout":"","theme-transparent-header-meta":"default","adv-header-id-meta":"","stick-header-meta":"default","header-above-stick-meta":"","header-main-stick-meta":"","header-below-stick-meta":"","astra-migrate-meta-layouts":"set","ast-page-background-enabled":"default","ast-page-background-meta":{"desktop":{"background-color":"var(--ast-global-color-4)","background-image":"","background-repeat":"repeat","background-position":"center center","background-size":"auto","background-attachment":"scroll","background-type":"","background-media":"","overlay-type":"","overlay-color":"","overlay-opacity":"","overlay-gradient":""},"tablet":{"background-color":"","background-image":"","background-repeat":"repeat","background-position":"center center","background-size":"auto","background-attachment":"scroll","background-type":"","background-media":"","overlay-type":"","overlay-color":"","overlay-opacity":"","overlay-gradient":""},"mobile":{"background-color":"","background-image":"","background-repeat":"repeat","background-position":"center center","background-size":"auto","background-attachment":"scroll","background-type":"","background-media":"","overlay-type":"","overlay-color":"","overlay-opacity":"","overlay-gradient":""}},"ast-content-background-meta":{"desktop":{"background-color":"var(--ast-global-color-5)","background-image":"","background-repeat":"repeat","background-position":"center center","background-size":"auto","background-attachment":"scroll","background-type":"","background-media":"","overlay-type":"","overlay-color":"","overlay-opacity":"","overlay-gradient":""},"tablet":{"background-color":"var(--ast-global-color-5)","background-image":"","background-repeat":"repeat","background-position":"center center","background-size":"auto","background-attachment":"scroll","background-type":"","background-media":"","overlay-type":"","overlay-color":"","overlay-opacity":"","overlay-gradient":""},"mobile":{"background-color":"var(--ast-global-color-5)","background-image":"","background-repeat":"repeat","background-position":"center center","background-size":"auto","background-attachment":"scroll","background-type":"","background-media":"","overlay-type":"","overlay-color":"","overlay-opacity":"","overlay-gradient":""}},"footnotes":""},"categories":[72],"tags":[],"class_list":["post-57676","post","type-post","status-publish","format-standard","has-post-thumbnail","hentry","category-vystavy"],"yoast_head":"<!-- This site is optimized with the Yoast SEO plugin v27.4 - https:\/\/yoast.com\/product\/yoast-seo-wordpress\/ -->\n<title>\u010co dr\u00f4t spojil, \u010das nerozdel\u00ed... - Pova\u017esk\u00e9 m\u00fazeum<\/title>\n<meta name=\"robots\" content=\"index, follow, max-snippet:-1, max-image-preview:large, max-video-preview:-1\" \/>\n<link rel=\"canonical\" href=\"https:\/\/pmza.sk\/?p=57676\" \/>\n<meta property=\"og:locale\" content=\"sk_SK\" \/>\n<meta property=\"og:type\" content=\"article\" \/>\n<meta property=\"og:title\" content=\"\u010co dr\u00f4t spojil, \u010das nerozdel\u00ed... - Pova\u017esk\u00e9 m\u00fazeum\" \/>\n<meta property=\"og:description\" content=\"V Drot\u00e1rskom pavil\u00f3ne v are\u00e1li Budat\u00ednskeho hradu je od za\u010diatku augusta pr\u00edstupn\u00e1 v\u00fdstava s n\u00e1zvom \u010co dr\u00f4t spojil, \u010das nerozdel\u00ed&#8230; Jej autorkami s\u00fa etnologi\u010dka Katar\u00edna Kendrov\u00e1 a histori\u010dka Katar\u00edna Hallonov\u00e1 z drot\u00e1rskeho oddelenia Pova\u017esk\u00e9ho m\u00fazea. Typick\u00e9 slovensk\u00e9 remeslo zap\u00edsan\u00e9 aj v UNESCO je tentokr\u00e1t pribl\u00ed\u017een\u00e9 naozaj netradi\u010dn\u00fdm sp\u00f4sobom. \u201eZamerali sme sa na jeho prvotn\u00fa vandrovn\u00fa [&hellip;]\" \/>\n<meta property=\"og:url\" content=\"https:\/\/pmza.sk\/?p=57676\" \/>\n<meta property=\"og:site_name\" content=\"Pova\u017esk\u00e9 m\u00fazeum\" \/>\n<meta property=\"article:publisher\" content=\"https:\/\/www.facebook.com\/povazskemuzeum\" \/>\n<meta property=\"article:published_time\" content=\"2023-07-20T10:42:55+00:00\" \/>\n<meta property=\"article:modified_time\" content=\"2025-03-03T07:46:48+00:00\" \/>\n<meta property=\"og:image\" content=\"https:\/\/pmza.sk\/wp-content\/uploads\/2023\/07\/Co_drot_spojil_web_predlzene-scaled.jpg\" \/>\n\t<meta property=\"og:image:width\" content=\"2560\" \/>\n\t<meta property=\"og:image:height\" content=\"2560\" \/>\n\t<meta property=\"og:image:type\" content=\"image\/jpeg\" \/>\n<meta name=\"author\" content=\"Pova\u017esk\u00e9 m\u00fazeum\" \/>\n<meta name=\"twitter:card\" content=\"summary_large_image\" \/>\n<meta name=\"twitter:label1\" content=\"Autor\" \/>\n\t<meta name=\"twitter:data1\" content=\"Pova\u017esk\u00e9 m\u00fazeum\" \/>\n\t<meta name=\"twitter:label2\" content=\"Predpokladan\u00fd \u010das \u010d\u00edtania\" \/>\n\t<meta name=\"twitter:data2\" content=\"3 min\u00faty\" \/>\n<script type=\"application\/ld+json\" class=\"yoast-schema-graph\">{\"@context\":\"https:\\\/\\\/schema.org\",\"@graph\":[{\"@type\":\"Article\",\"@id\":\"https:\\\/\\\/pmza.sk\\\/?p=57676#article\",\"isPartOf\":{\"@id\":\"https:\\\/\\\/pmza.sk\\\/?p=57676\"},\"author\":{\"name\":\"Pova\u017esk\u00e9 m\u00fazeum\",\"@id\":\"https:\\\/\\\/pmza.sk\\\/#\\\/schema\\\/person\\\/595e6a2ce731ea94dcd5d7f50a41ae33\"},\"headline\":\"\u010co dr\u00f4t spojil, \u010das nerozdel\u00ed&#8230;\",\"datePublished\":\"2023-07-20T10:42:55+00:00\",\"dateModified\":\"2025-03-03T07:46:48+00:00\",\"mainEntityOfPage\":{\"@id\":\"https:\\\/\\\/pmza.sk\\\/?p=57676\"},\"wordCount\":581,\"publisher\":{\"@id\":\"https:\\\/\\\/pmza.sk\\\/#organization\"},\"image\":{\"@id\":\"https:\\\/\\\/pmza.sk\\\/?p=57676#primaryimage\"},\"thumbnailUrl\":\"https:\\\/\\\/pmza.sk\\\/wp-content\\\/uploads\\\/2023\\\/07\\\/Co_drot_spojil_web_predlzene-scaled.jpg\",\"articleSection\":[\"V\u00fdstavy\"],\"inLanguage\":\"sk-SK\"},{\"@type\":\"WebPage\",\"@id\":\"https:\\\/\\\/pmza.sk\\\/?p=57676\",\"url\":\"https:\\\/\\\/pmza.sk\\\/?p=57676\",\"name\":\"\u010co dr\u00f4t spojil, \u010das nerozdel\u00ed... - Pova\u017esk\u00e9 m\u00fazeum\",\"isPartOf\":{\"@id\":\"https:\\\/\\\/pmza.sk\\\/#website\"},\"primaryImageOfPage\":{\"@id\":\"https:\\\/\\\/pmza.sk\\\/?p=57676#primaryimage\"},\"image\":{\"@id\":\"https:\\\/\\\/pmza.sk\\\/?p=57676#primaryimage\"},\"thumbnailUrl\":\"https:\\\/\\\/pmza.sk\\\/wp-content\\\/uploads\\\/2023\\\/07\\\/Co_drot_spojil_web_predlzene-scaled.jpg\",\"datePublished\":\"2023-07-20T10:42:55+00:00\",\"dateModified\":\"2025-03-03T07:46:48+00:00\",\"breadcrumb\":{\"@id\":\"https:\\\/\\\/pmza.sk\\\/?p=57676#breadcrumb\"},\"inLanguage\":\"sk-SK\",\"potentialAction\":[{\"@type\":\"ReadAction\",\"target\":[\"https:\\\/\\\/pmza.sk\\\/?p=57676\"]}]},{\"@type\":\"ImageObject\",\"inLanguage\":\"sk-SK\",\"@id\":\"https:\\\/\\\/pmza.sk\\\/?p=57676#primaryimage\",\"url\":\"https:\\\/\\\/pmza.sk\\\/wp-content\\\/uploads\\\/2023\\\/07\\\/Co_drot_spojil_web_predlzene-scaled.jpg\",\"contentUrl\":\"https:\\\/\\\/pmza.sk\\\/wp-content\\\/uploads\\\/2023\\\/07\\\/Co_drot_spojil_web_predlzene-scaled.jpg\",\"width\":2560,\"height\":2560},{\"@type\":\"BreadcrumbList\",\"@id\":\"https:\\\/\\\/pmza.sk\\\/?p=57676#breadcrumb\",\"itemListElement\":[{\"@type\":\"ListItem\",\"position\":1,\"name\":\"Domovsk\u00e1 str\u00e1nka\",\"item\":\"https:\\\/\\\/pmza.sk\\\/\"},{\"@type\":\"ListItem\",\"position\":2,\"name\":\"\u010co dr\u00f4t spojil, \u010das nerozdel\u00ed&#8230;\"}]},{\"@type\":\"WebSite\",\"@id\":\"https:\\\/\\\/pmza.sk\\\/#website\",\"url\":\"https:\\\/\\\/pmza.sk\\\/\",\"name\":\"Pova\u017esk\u00e9 m\u00fazeum\",\"description\":\"Pova\u017esk\u00e9 m\u00fazeum v \u017diline je region\u00e1lne m\u00fazeum so s\u00eddlom v Budat\u00edne. Jeho expoz\u00edcie s\u00fa zameran\u00e9 na dejiny slovensk\u00e9ho umenia, kult\u00fary a dopravy.\",\"publisher\":{\"@id\":\"https:\\\/\\\/pmza.sk\\\/#organization\"},\"potentialAction\":[{\"@type\":\"SearchAction\",\"target\":{\"@type\":\"EntryPoint\",\"urlTemplate\":\"https:\\\/\\\/pmza.sk\\\/?s={search_term_string}\"},\"query-input\":{\"@type\":\"PropertyValueSpecification\",\"valueRequired\":true,\"valueName\":\"search_term_string\"}}],\"inLanguage\":\"sk-SK\"},{\"@type\":\"Organization\",\"@id\":\"https:\\\/\\\/pmza.sk\\\/#organization\",\"name\":\"Pova\u017esk\u00e9 m\u00fazeum\",\"url\":\"https:\\\/\\\/pmza.sk\\\/\",\"logo\":{\"@type\":\"ImageObject\",\"inLanguage\":\"sk-SK\",\"@id\":\"https:\\\/\\\/pmza.sk\\\/#\\\/schema\\\/logo\\\/image\\\/\",\"url\":\"https:\\\/\\\/pmza.sk\\\/wp-content\\\/uploads\\\/2022\\\/01\\\/logo_PM_horizontal.jpg\",\"contentUrl\":\"https:\\\/\\\/pmza.sk\\\/wp-content\\\/uploads\\\/2022\\\/01\\\/logo_PM_horizontal.jpg\",\"width\":231,\"height\":142,\"caption\":\"Pova\u017esk\u00e9 m\u00fazeum\"},\"image\":{\"@id\":\"https:\\\/\\\/pmza.sk\\\/#\\\/schema\\\/logo\\\/image\\\/\"},\"sameAs\":[\"https:\\\/\\\/www.facebook.com\\\/povazskemuzeum\",\"https:\\\/\\\/www.instagram.com\\\/povazskemuzeum\\\/\"]},{\"@type\":\"Person\",\"@id\":\"https:\\\/\\\/pmza.sk\\\/#\\\/schema\\\/person\\\/595e6a2ce731ea94dcd5d7f50a41ae33\",\"name\":\"Pova\u017esk\u00e9 m\u00fazeum\",\"image\":{\"@type\":\"ImageObject\",\"inLanguage\":\"sk-SK\",\"@id\":\"https:\\\/\\\/secure.gravatar.com\\\/avatar\\\/2bb7f1561282132fb5826dfeccc66c7996d11ee392ac6aaf7ced8a1c2027fbb2?s=96&d=mm&r=g\",\"url\":\"https:\\\/\\\/secure.gravatar.com\\\/avatar\\\/2bb7f1561282132fb5826dfeccc66c7996d11ee392ac6aaf7ced8a1c2027fbb2?s=96&d=mm&r=g\",\"contentUrl\":\"https:\\\/\\\/secure.gravatar.com\\\/avatar\\\/2bb7f1561282132fb5826dfeccc66c7996d11ee392ac6aaf7ced8a1c2027fbb2?s=96&d=mm&r=g\",\"caption\":\"Pova\u017esk\u00e9 m\u00fazeum\"}}]}<\/script>\n<!-- \/ Yoast SEO plugin. -->","yoast_head_json":{"title":"\u010co dr\u00f4t spojil, \u010das nerozdel\u00ed... - Pova\u017esk\u00e9 m\u00fazeum","robots":{"index":"index","follow":"follow","max-snippet":"max-snippet:-1","max-image-preview":"max-image-preview:large","max-video-preview":"max-video-preview:-1"},"canonical":"https:\/\/pmza.sk\/?p=57676","og_locale":"sk_SK","og_type":"article","og_title":"\u010co dr\u00f4t spojil, \u010das nerozdel\u00ed... - Pova\u017esk\u00e9 m\u00fazeum","og_description":"V Drot\u00e1rskom pavil\u00f3ne v are\u00e1li Budat\u00ednskeho hradu je od za\u010diatku augusta pr\u00edstupn\u00e1 v\u00fdstava s n\u00e1zvom \u010co dr\u00f4t spojil, \u010das nerozdel\u00ed&#8230; Jej autorkami s\u00fa etnologi\u010dka Katar\u00edna Kendrov\u00e1 a histori\u010dka Katar\u00edna Hallonov\u00e1 z drot\u00e1rskeho oddelenia Pova\u017esk\u00e9ho m\u00fazea. Typick\u00e9 slovensk\u00e9 remeslo zap\u00edsan\u00e9 aj v UNESCO je tentokr\u00e1t pribl\u00ed\u017een\u00e9 naozaj netradi\u010dn\u00fdm sp\u00f4sobom. \u201eZamerali sme sa na jeho prvotn\u00fa vandrovn\u00fa [&hellip;]","og_url":"https:\/\/pmza.sk\/?p=57676","og_site_name":"Pova\u017esk\u00e9 m\u00fazeum","article_publisher":"https:\/\/www.facebook.com\/povazskemuzeum","article_published_time":"2023-07-20T10:42:55+00:00","article_modified_time":"2025-03-03T07:46:48+00:00","og_image":[{"width":2560,"height":2560,"url":"https:\/\/pmza.sk\/wp-content\/uploads\/2023\/07\/Co_drot_spojil_web_predlzene-scaled.jpg","type":"image\/jpeg"}],"author":"Pova\u017esk\u00e9 m\u00fazeum","twitter_card":"summary_large_image","twitter_misc":{"Autor":"Pova\u017esk\u00e9 m\u00fazeum","Predpokladan\u00fd \u010das \u010d\u00edtania":"3 min\u00faty"},"schema":{"@context":"https:\/\/schema.org","@graph":[{"@type":"Article","@id":"https:\/\/pmza.sk\/?p=57676#article","isPartOf":{"@id":"https:\/\/pmza.sk\/?p=57676"},"author":{"name":"Pova\u017esk\u00e9 m\u00fazeum","@id":"https:\/\/pmza.sk\/#\/schema\/person\/595e6a2ce731ea94dcd5d7f50a41ae33"},"headline":"\u010co dr\u00f4t spojil, \u010das nerozdel\u00ed&#8230;","datePublished":"2023-07-20T10:42:55+00:00","dateModified":"2025-03-03T07:46:48+00:00","mainEntityOfPage":{"@id":"https:\/\/pmza.sk\/?p=57676"},"wordCount":581,"publisher":{"@id":"https:\/\/pmza.sk\/#organization"},"image":{"@id":"https:\/\/pmza.sk\/?p=57676#primaryimage"},"thumbnailUrl":"https:\/\/pmza.sk\/wp-content\/uploads\/2023\/07\/Co_drot_spojil_web_predlzene-scaled.jpg","articleSection":["V\u00fdstavy"],"inLanguage":"sk-SK"},{"@type":"WebPage","@id":"https:\/\/pmza.sk\/?p=57676","url":"https:\/\/pmza.sk\/?p=57676","name":"\u010co dr\u00f4t spojil, \u010das nerozdel\u00ed... - Pova\u017esk\u00e9 m\u00fazeum","isPartOf":{"@id":"https:\/\/pmza.sk\/#website"},"primaryImageOfPage":{"@id":"https:\/\/pmza.sk\/?p=57676#primaryimage"},"image":{"@id":"https:\/\/pmza.sk\/?p=57676#primaryimage"},"thumbnailUrl":"https:\/\/pmza.sk\/wp-content\/uploads\/2023\/07\/Co_drot_spojil_web_predlzene-scaled.jpg","datePublished":"2023-07-20T10:42:55+00:00","dateModified":"2025-03-03T07:46:48+00:00","breadcrumb":{"@id":"https:\/\/pmza.sk\/?p=57676#breadcrumb"},"inLanguage":"sk-SK","potentialAction":[{"@type":"ReadAction","target":["https:\/\/pmza.sk\/?p=57676"]}]},{"@type":"ImageObject","inLanguage":"sk-SK","@id":"https:\/\/pmza.sk\/?p=57676#primaryimage","url":"https:\/\/pmza.sk\/wp-content\/uploads\/2023\/07\/Co_drot_spojil_web_predlzene-scaled.jpg","contentUrl":"https:\/\/pmza.sk\/wp-content\/uploads\/2023\/07\/Co_drot_spojil_web_predlzene-scaled.jpg","width":2560,"height":2560},{"@type":"BreadcrumbList","@id":"https:\/\/pmza.sk\/?p=57676#breadcrumb","itemListElement":[{"@type":"ListItem","position":1,"name":"Domovsk\u00e1 str\u00e1nka","item":"https:\/\/pmza.sk\/"},{"@type":"ListItem","position":2,"name":"\u010co dr\u00f4t spojil, \u010das nerozdel\u00ed&#8230;"}]},{"@type":"WebSite","@id":"https:\/\/pmza.sk\/#website","url":"https:\/\/pmza.sk\/","name":"Pova\u017esk\u00e9 m\u00fazeum","description":"Pova\u017esk\u00e9 m\u00fazeum v \u017diline je region\u00e1lne m\u00fazeum so s\u00eddlom v Budat\u00edne. Jeho expoz\u00edcie s\u00fa zameran\u00e9 na dejiny slovensk\u00e9ho umenia, kult\u00fary a dopravy.","publisher":{"@id":"https:\/\/pmza.sk\/#organization"},"potentialAction":[{"@type":"SearchAction","target":{"@type":"EntryPoint","urlTemplate":"https:\/\/pmza.sk\/?s={search_term_string}"},"query-input":{"@type":"PropertyValueSpecification","valueRequired":true,"valueName":"search_term_string"}}],"inLanguage":"sk-SK"},{"@type":"Organization","@id":"https:\/\/pmza.sk\/#organization","name":"Pova\u017esk\u00e9 m\u00fazeum","url":"https:\/\/pmza.sk\/","logo":{"@type":"ImageObject","inLanguage":"sk-SK","@id":"https:\/\/pmza.sk\/#\/schema\/logo\/image\/","url":"https:\/\/pmza.sk\/wp-content\/uploads\/2022\/01\/logo_PM_horizontal.jpg","contentUrl":"https:\/\/pmza.sk\/wp-content\/uploads\/2022\/01\/logo_PM_horizontal.jpg","width":231,"height":142,"caption":"Pova\u017esk\u00e9 m\u00fazeum"},"image":{"@id":"https:\/\/pmza.sk\/#\/schema\/logo\/image\/"},"sameAs":["https:\/\/www.facebook.com\/povazskemuzeum","https:\/\/www.instagram.com\/povazskemuzeum\/"]},{"@type":"Person","@id":"https:\/\/pmza.sk\/#\/schema\/person\/595e6a2ce731ea94dcd5d7f50a41ae33","name":"Pova\u017esk\u00e9 m\u00fazeum","image":{"@type":"ImageObject","inLanguage":"sk-SK","@id":"https:\/\/secure.gravatar.com\/avatar\/2bb7f1561282132fb5826dfeccc66c7996d11ee392ac6aaf7ced8a1c2027fbb2?s=96&d=mm&r=g","url":"https:\/\/secure.gravatar.com\/avatar\/2bb7f1561282132fb5826dfeccc66c7996d11ee392ac6aaf7ced8a1c2027fbb2?s=96&d=mm&r=g","contentUrl":"https:\/\/secure.gravatar.com\/avatar\/2bb7f1561282132fb5826dfeccc66c7996d11ee392ac6aaf7ced8a1c2027fbb2?s=96&d=mm&r=g","caption":"Pova\u017esk\u00e9 m\u00fazeum"}}]}},"_links":{"self":[{"href":"https:\/\/pmza.sk\/index.php?rest_route=\/wp\/v2\/posts\/57676","targetHints":{"allow":["GET"]}}],"collection":[{"href":"https:\/\/pmza.sk\/index.php?rest_route=\/wp\/v2\/posts"}],"about":[{"href":"https:\/\/pmza.sk\/index.php?rest_route=\/wp\/v2\/types\/post"}],"author":[{"embeddable":true,"href":"https:\/\/pmza.sk\/index.php?rest_route=\/wp\/v2\/users\/2"}],"replies":[{"embeddable":true,"href":"https:\/\/pmza.sk\/index.php?rest_route=%2Fwp%2Fv2%2Fcomments&post=57676"}],"version-history":[{"count":0,"href":"https:\/\/pmza.sk\/index.php?rest_route=\/wp\/v2\/posts\/57676\/revisions"}],"wp:featuredmedia":[{"embeddable":true,"href":"https:\/\/pmza.sk\/index.php?rest_route=\/wp\/v2\/media\/66962"}],"wp:attachment":[{"href":"https:\/\/pmza.sk\/index.php?rest_route=%2Fwp%2Fv2%2Fmedia&parent=57676"}],"wp:term":[{"taxonomy":"category","embeddable":true,"href":"https:\/\/pmza.sk\/index.php?rest_route=%2Fwp%2Fv2%2Fcategories&post=57676"},{"taxonomy":"post_tag","embeddable":true,"href":"https:\/\/pmza.sk\/index.php?rest_route=%2Fwp%2Fv2%2Ftags&post=57676"}],"curies":[{"name":"wp","href":"https:\/\/api.w.org\/{rel}","templated":true}]}}