{"id":580,"date":"2010-06-10T14:26:19","date_gmt":"2010-06-10T12:26:19","guid":{"rendered":"https:\/\/pmza.sk.sk\/info\/?p=580"},"modified":"2010-06-10T14:26:19","modified_gmt":"2010-06-10T12:26:19","slug":"expozicia-janosika-obohatena-o-zaujimavu-vystavu-plastik","status":"publish","type":"post","link":"https:\/\/pmza.sk\/?p=580","title":{"rendered":"Expoz\u00edcia J\u00e1no\u0161\u00edka obohaten\u00e1 o zauj\u00edmav\u00fa v\u00fdstavu plast\u00edk"},"content":{"rendered":"<p style=\"text-align: justify;\"><a href=\"https:\/\/pmza.sk\/wp-content\/uploads\/2010\/06\/janosik-1.jpg\"><img fetchpriority=\"high\" decoding=\"async\" class=\"alignleft size-medium wp-image-770\" style=\"margin-left: 10px; margin-right: 10px; border: black 2px solid;\" title=\"janosik\" src=\"https:\/\/pmza.sk.sk\/wp-content\/uploads\/2010\/06\/janosik-200x300.jpg\" alt=\"\" width=\"200\" height=\"300\" \/><\/a>U\u017e od 1. j\u00fana 2010 maj\u00fa\u00a0 n\u00e1v\u0161tevn\u00edci expoz\u00edcie J\u00e1no\u0161\u00edk a Terchov\u00e1 v\u00a0Terchovej mo\u017enos\u0165\u00a0 bli\u017e\u0161ie sa zozn\u00e1mi\u0165 s\u00a0fenom\u00e9nom rezb\u00e1rstva Terchovskej doliny. &#8222;Ned\u00e1vno zrevitalizovan\u00e1 expoz\u00edcia prezentuje z\u00e1kladn\u00e9 historick\u00e9 fakty najm\u00e4 zo \u017eivota Juraja J\u00e1no\u0161\u00edka. Odraz j\u00e1no\u0161\u00edkovskej tematiky v mnoh\u00fdch oblastiach \u013eudovej kult\u00fary, \u0161pecifick\u00fd hudobn\u00fd folkl\u00f3r obce, v\u00fdro\u010dn\u00e9 zvyky \u010di tradi\u010dn\u00e9 zamestnania a odev n\u00e1v\u0161tevn\u00edkom pribli\u017euje bohat\u00e1 kolekcia plast\u00edk, obrazov, malieb, hudobn\u00fdch n\u00e1strojom, \u013eudov\u00fdch krojov, sala\u0161n\u00edckeho riadu, dobov\u00fdch fotografi\u00ed a mnoho \u010fal\u0161\u00edch artefaktov. Dominantou muze\u00e1lnej expoz\u00edcie s\u00fa zauj\u00edmav\u00e9 repliky prie\u010delia terchovskej drevenice, pr\u00edstre\u0161ku na dojenie oviec, tzv. strungy a\u00a0vern\u00e1 replika terchovskej izby s\u00a0mohutnou pecou, zariaden\u00e1 dobov\u00fdm n\u00e1bytkom.\u00a0 <!--more--><em>,,Na\u0161\u00edm cie\u013eom je ka\u017edoro\u010dne obohati\u0165 expozi\u010dn\u00e9 priestory o \u0161pecifik\u00e1 terchovskej doliny. T\u00fato sez\u00f3nu sme sa zamerali na dreven\u00e9 plastiky,&#8220; <\/em>zd\u00f4raznil Boris Schubert, riadite\u013e Pova\u017esk\u00e9ho m\u00fazea v\u00a0\u017diline.V\u00fdstava pod n\u00e1zvom <strong>\u010co odkrylo drevo<\/strong> pon\u00faka viac ako dvadsa\u0165 dreven\u00fdch plast\u00edk a reli\u00e9fov z etnologick\u00e9ho zbierkov\u00e9ho fondu m\u00fazea, ktor\u00fdch autormi s\u00fa terchovsk\u00ed rod\u00e1ci &#8211;\u00a0 Vincent Mich\u00e1lek, Adam Vallo, Viliam Me\u0161ko a Miroslav D\u00e1vid\u00edk. Dop\u013a\u0148aj\u00fa ju plastiky terchovsk\u00fdch muzikantov z\u00a0r\u00fak s\u00fa\u010dasn\u00e9ho terchovsk\u00e9ho rezb\u00e1ra J\u00e1na Marto\u0161a. \u201e<em>Rezb\u00e1ri h\u013eadali n\u00e1mety pre svoju tvorbu vo vlastnom \u017eivote \u010di v\u00a0\u017eivote dediny, v\u00a0okolitej pr\u00edrode, tradi\u010dn\u00fdch zamestnaniach alebo v\u00a0n\u00e1bo\u017eenstve. Opracovanie dreva do ur\u010dit\u00e9ho tvaru bolo n\u00e1ro\u010dnou pr\u00e1cou, ktor\u00e1 si vy\u017eadovala nielen talent a cit, ale aj fyzick\u00fa silu, preto boli v\u00a0minulosti tvorcami \u013eudov\u00fdch drevorezieb v\u00fdlu\u010dne mu\u017ei,<\/em>\u201c upresnila Katar\u00edna Kendrov\u00e1, etnologi\u010dka Pova\u017esk\u00e9ho m\u00fazea v\u00a0\u017diline. Rezb\u00e1rsky dek\u00f3r remeseln\u00edci uplat\u0148ovali nielen na dreven\u00fdch plastik\u00e1ch, ale tie\u017e na predmetoch dennej potreby a na stavebn\u00fdch prvkoch -br\u00e1nach, \u0161t\u00edtoch, pavla\u010diach, okn\u00e1ch alebo dver\u00e1ch.<br \/>\nV\u00fdstava terchovsk\u00fdch dreven\u00fdch plast\u00edk bude s\u00fa\u010das\u0165ou Medzin\u00e1rodn\u00e9ho folkl\u00f3rneho festivalu J\u00e1no\u0161\u00edkove dni v\u00a0Terchovej 2010. Organiz\u00e1torom v\u00fdstavy, ktor\u00e1 je nain\u0161talovan\u00e1 v\u00a0Expoz\u00edcii J\u00e1no\u0161\u00edk a Terchov\u00e1 v\u00a0Terchovej do konca augusta 2010\u00a0 je \u017dilinsk\u00fd samospr\u00e1vny kraj a Pova\u017esk\u00e9 m\u00fazeum v\u00a0\u017diline.<\/p>\n","protected":false},"excerpt":{"rendered":"<p>U\u017e od 1. j\u00fana 2010 maj\u00fa\u00a0 n\u00e1v\u0161tevn\u00edci expoz\u00edcie J\u00e1no\u0161\u00edk a Terchov\u00e1 v\u00a0Terchovej mo\u017enos\u0165\u00a0 bli\u017e\u0161ie sa zozn\u00e1mi\u0165 s\u00a0fenom\u00e9nom rezb\u00e1rstva Terchovskej doliny. &#8222;Ned\u00e1vno zrevitalizovan\u00e1 expoz\u00edcia prezentuje z\u00e1kladn\u00e9 historick\u00e9 fakty najm\u00e4 zo \u017eivota Juraja J\u00e1no\u0161\u00edka. Odraz j\u00e1no\u0161\u00edkovskej tematiky v mnoh\u00fdch oblastiach \u013eudovej kult\u00fary, \u0161pecifick\u00fd hudobn\u00fd folkl\u00f3r obce, v\u00fdro\u010dn\u00e9 zvyky \u010di tradi\u010dn\u00e9 zamestnania a odev n\u00e1v\u0161tevn\u00edkom pribli\u017euje bohat\u00e1 kolekcia [&hellip;]<\/p>\n","protected":false},"author":2,"featured_media":0,"comment_status":"closed","ping_status":"closed","sticky":false,"template":"","format":"standard","meta":{"site-sidebar-layout":"default","site-content-layout":"","ast-site-content-layout":"","site-content-style":"default","site-sidebar-style":"default","ast-global-header-display":"","ast-banner-title-visibility":"","ast-main-header-display":"","ast-hfb-above-header-display":"","ast-hfb-below-header-display":"","ast-hfb-mobile-header-display":"","site-post-title":"","ast-breadcrumbs-content":"","ast-featured-img":"","footer-sml-layout":"","theme-transparent-header-meta":"","adv-header-id-meta":"","stick-header-meta":"","header-above-stick-meta":"","header-main-stick-meta":"","header-below-stick-meta":"","astra-migrate-meta-layouts":"default","ast-page-background-enabled":"default","ast-page-background-meta":{"desktop":{"background-color":"var(--ast-global-color-4)","background-image":"","background-repeat":"repeat","background-position":"center center","background-size":"auto","background-attachment":"scroll","background-type":"","background-media":"","overlay-type":"","overlay-color":"","overlay-opacity":"","overlay-gradient":""},"tablet":{"background-color":"","background-image":"","background-repeat":"repeat","background-position":"center center","background-size":"auto","background-attachment":"scroll","background-type":"","background-media":"","overlay-type":"","overlay-color":"","overlay-opacity":"","overlay-gradient":""},"mobile":{"background-color":"","background-image":"","background-repeat":"repeat","background-position":"center center","background-size":"auto","background-attachment":"scroll","background-type":"","background-media":"","overlay-type":"","overlay-color":"","overlay-opacity":"","overlay-gradient":""}},"ast-content-background-meta":{"desktop":{"background-color":"var(--ast-global-color-5)","background-image":"","background-repeat":"repeat","background-position":"center center","background-size":"auto","background-attachment":"scroll","background-type":"","background-media":"","overlay-type":"","overlay-color":"","overlay-opacity":"","overlay-gradient":""},"tablet":{"background-color":"var(--ast-global-color-5)","background-image":"","background-repeat":"repeat","background-position":"center center","background-size":"auto","background-attachment":"scroll","background-type":"","background-media":"","overlay-type":"","overlay-color":"","overlay-opacity":"","overlay-gradient":""},"mobile":{"background-color":"var(--ast-global-color-5)","background-image":"","background-repeat":"repeat","background-position":"center center","background-size":"auto","background-attachment":"scroll","background-type":"","background-media":"","overlay-type":"","overlay-color":"","overlay-opacity":"","overlay-gradient":""}},"footnotes":""},"categories":[29],"tags":[],"class_list":["post-580","post","type-post","status-publish","format-standard","hentry","category-archiv-2010"],"yoast_head":"<!-- This site is optimized with the Yoast SEO plugin v27.4 - https:\/\/yoast.com\/product\/yoast-seo-wordpress\/ -->\n<title>Expoz\u00edcia J\u00e1no\u0161\u00edka obohaten\u00e1 o zauj\u00edmav\u00fa v\u00fdstavu plast\u00edk - Pova\u017esk\u00e9 m\u00fazeum<\/title>\n<meta name=\"robots\" content=\"index, follow, max-snippet:-1, max-image-preview:large, max-video-preview:-1\" \/>\n<link rel=\"canonical\" href=\"https:\/\/pmza.sk\/?p=580\" \/>\n<meta property=\"og:locale\" content=\"sk_SK\" \/>\n<meta property=\"og:type\" content=\"article\" \/>\n<meta property=\"og:title\" content=\"Expoz\u00edcia J\u00e1no\u0161\u00edka obohaten\u00e1 o zauj\u00edmav\u00fa v\u00fdstavu plast\u00edk - Pova\u017esk\u00e9 m\u00fazeum\" \/>\n<meta property=\"og:description\" content=\"U\u017e od 1. j\u00fana 2010 maj\u00fa\u00a0 n\u00e1v\u0161tevn\u00edci expoz\u00edcie J\u00e1no\u0161\u00edk a Terchov\u00e1 v\u00a0Terchovej mo\u017enos\u0165\u00a0 bli\u017e\u0161ie sa zozn\u00e1mi\u0165 s\u00a0fenom\u00e9nom rezb\u00e1rstva Terchovskej doliny. &#8222;Ned\u00e1vno zrevitalizovan\u00e1 expoz\u00edcia prezentuje z\u00e1kladn\u00e9 historick\u00e9 fakty najm\u00e4 zo \u017eivota Juraja J\u00e1no\u0161\u00edka. Odraz j\u00e1no\u0161\u00edkovskej tematiky v mnoh\u00fdch oblastiach \u013eudovej kult\u00fary, \u0161pecifick\u00fd hudobn\u00fd folkl\u00f3r obce, v\u00fdro\u010dn\u00e9 zvyky \u010di tradi\u010dn\u00e9 zamestnania a odev n\u00e1v\u0161tevn\u00edkom pribli\u017euje bohat\u00e1 kolekcia [&hellip;]\" \/>\n<meta property=\"og:url\" content=\"https:\/\/pmza.sk\/?p=580\" \/>\n<meta property=\"og:site_name\" content=\"Pova\u017esk\u00e9 m\u00fazeum\" \/>\n<meta property=\"article:publisher\" content=\"https:\/\/www.facebook.com\/povazskemuzeum\" \/>\n<meta property=\"article:published_time\" content=\"2010-06-10T12:26:19+00:00\" \/>\n<meta property=\"og:image\" content=\"https:\/\/pmza.sk.sk\/wp-content\/uploads\/2010\/06\/janosik-200x300.jpg\" \/>\n<meta name=\"author\" content=\"Pova\u017esk\u00e9 m\u00fazeum\" \/>\n<meta name=\"twitter:card\" content=\"summary_large_image\" \/>\n<meta name=\"twitter:label1\" content=\"Autor\" \/>\n\t<meta name=\"twitter:data1\" content=\"Pova\u017esk\u00e9 m\u00fazeum\" \/>\n\t<meta name=\"twitter:label2\" content=\"Predpokladan\u00fd \u010das \u010d\u00edtania\" \/>\n\t<meta name=\"twitter:data2\" content=\"2 min\u00faty\" \/>\n<script type=\"application\/ld+json\" class=\"yoast-schema-graph\">{\"@context\":\"https:\\\/\\\/schema.org\",\"@graph\":[{\"@type\":\"Article\",\"@id\":\"https:\\\/\\\/pmza.sk\\\/?p=580#article\",\"isPartOf\":{\"@id\":\"https:\\\/\\\/pmza.sk\\\/?p=580\"},\"author\":{\"name\":\"Pova\u017esk\u00e9 m\u00fazeum\",\"@id\":\"https:\\\/\\\/pmza.sk\\\/#\\\/schema\\\/person\\\/595e6a2ce731ea94dcd5d7f50a41ae33\"},\"headline\":\"Expoz\u00edcia J\u00e1no\u0161\u00edka obohaten\u00e1 o zauj\u00edmav\u00fa v\u00fdstavu plast\u00edk\",\"datePublished\":\"2010-06-10T12:26:19+00:00\",\"mainEntityOfPage\":{\"@id\":\"https:\\\/\\\/pmza.sk\\\/?p=580\"},\"wordCount\":435,\"publisher\":{\"@id\":\"https:\\\/\\\/pmza.sk\\\/#organization\"},\"image\":{\"@id\":\"https:\\\/\\\/pmza.sk\\\/?p=580#primaryimage\"},\"thumbnailUrl\":\"http:\\\/\\\/pmza.sk.sk\\\/wp-content\\\/uploads\\\/2010\\\/06\\\/janosik-200x300.jpg\",\"articleSection\":[\"Arch\u00edv 2010\"],\"inLanguage\":\"sk-SK\"},{\"@type\":\"WebPage\",\"@id\":\"https:\\\/\\\/pmza.sk\\\/?p=580\",\"url\":\"https:\\\/\\\/pmza.sk\\\/?p=580\",\"name\":\"Expoz\u00edcia J\u00e1no\u0161\u00edka obohaten\u00e1 o zauj\u00edmav\u00fa v\u00fdstavu plast\u00edk - Pova\u017esk\u00e9 m\u00fazeum\",\"isPartOf\":{\"@id\":\"https:\\\/\\\/pmza.sk\\\/#website\"},\"primaryImageOfPage\":{\"@id\":\"https:\\\/\\\/pmza.sk\\\/?p=580#primaryimage\"},\"image\":{\"@id\":\"https:\\\/\\\/pmza.sk\\\/?p=580#primaryimage\"},\"thumbnailUrl\":\"http:\\\/\\\/pmza.sk.sk\\\/wp-content\\\/uploads\\\/2010\\\/06\\\/janosik-200x300.jpg\",\"datePublished\":\"2010-06-10T12:26:19+00:00\",\"breadcrumb\":{\"@id\":\"https:\\\/\\\/pmza.sk\\\/?p=580#breadcrumb\"},\"inLanguage\":\"sk-SK\",\"potentialAction\":[{\"@type\":\"ReadAction\",\"target\":[\"https:\\\/\\\/pmza.sk\\\/?p=580\"]}]},{\"@type\":\"ImageObject\",\"inLanguage\":\"sk-SK\",\"@id\":\"https:\\\/\\\/pmza.sk\\\/?p=580#primaryimage\",\"url\":\"http:\\\/\\\/pmza.sk.sk\\\/wp-content\\\/uploads\\\/2010\\\/06\\\/janosik-200x300.jpg\",\"contentUrl\":\"http:\\\/\\\/pmza.sk.sk\\\/wp-content\\\/uploads\\\/2010\\\/06\\\/janosik-200x300.jpg\"},{\"@type\":\"BreadcrumbList\",\"@id\":\"https:\\\/\\\/pmza.sk\\\/?p=580#breadcrumb\",\"itemListElement\":[{\"@type\":\"ListItem\",\"position\":1,\"name\":\"Domovsk\u00e1 str\u00e1nka\",\"item\":\"https:\\\/\\\/pmza.sk\\\/\"},{\"@type\":\"ListItem\",\"position\":2,\"name\":\"Expoz\u00edcia J\u00e1no\u0161\u00edka obohaten\u00e1 o zauj\u00edmav\u00fa v\u00fdstavu plast\u00edk\"}]},{\"@type\":\"WebSite\",\"@id\":\"https:\\\/\\\/pmza.sk\\\/#website\",\"url\":\"https:\\\/\\\/pmza.sk\\\/\",\"name\":\"Pova\u017esk\u00e9 m\u00fazeum\",\"description\":\"Pova\u017esk\u00e9 m\u00fazeum v \u017diline je region\u00e1lne m\u00fazeum so s\u00eddlom v Budat\u00edne. Jeho expoz\u00edcie s\u00fa zameran\u00e9 na dejiny slovensk\u00e9ho umenia, kult\u00fary a dopravy.\",\"publisher\":{\"@id\":\"https:\\\/\\\/pmza.sk\\\/#organization\"},\"potentialAction\":[{\"@type\":\"SearchAction\",\"target\":{\"@type\":\"EntryPoint\",\"urlTemplate\":\"https:\\\/\\\/pmza.sk\\\/?s={search_term_string}\"},\"query-input\":{\"@type\":\"PropertyValueSpecification\",\"valueRequired\":true,\"valueName\":\"search_term_string\"}}],\"inLanguage\":\"sk-SK\"},{\"@type\":\"Organization\",\"@id\":\"https:\\\/\\\/pmza.sk\\\/#organization\",\"name\":\"Pova\u017esk\u00e9 m\u00fazeum\",\"url\":\"https:\\\/\\\/pmza.sk\\\/\",\"logo\":{\"@type\":\"ImageObject\",\"inLanguage\":\"sk-SK\",\"@id\":\"https:\\\/\\\/pmza.sk\\\/#\\\/schema\\\/logo\\\/image\\\/\",\"url\":\"https:\\\/\\\/pmza.sk\\\/wp-content\\\/uploads\\\/2022\\\/01\\\/logo_PM_horizontal.jpg\",\"contentUrl\":\"https:\\\/\\\/pmza.sk\\\/wp-content\\\/uploads\\\/2022\\\/01\\\/logo_PM_horizontal.jpg\",\"width\":231,\"height\":142,\"caption\":\"Pova\u017esk\u00e9 m\u00fazeum\"},\"image\":{\"@id\":\"https:\\\/\\\/pmza.sk\\\/#\\\/schema\\\/logo\\\/image\\\/\"},\"sameAs\":[\"https:\\\/\\\/www.facebook.com\\\/povazskemuzeum\",\"https:\\\/\\\/www.instagram.com\\\/povazskemuzeum\\\/\"]},{\"@type\":\"Person\",\"@id\":\"https:\\\/\\\/pmza.sk\\\/#\\\/schema\\\/person\\\/595e6a2ce731ea94dcd5d7f50a41ae33\",\"name\":\"Pova\u017esk\u00e9 m\u00fazeum\",\"image\":{\"@type\":\"ImageObject\",\"inLanguage\":\"sk-SK\",\"@id\":\"https:\\\/\\\/secure.gravatar.com\\\/avatar\\\/2bb7f1561282132fb5826dfeccc66c7996d11ee392ac6aaf7ced8a1c2027fbb2?s=96&d=mm&r=g\",\"url\":\"https:\\\/\\\/secure.gravatar.com\\\/avatar\\\/2bb7f1561282132fb5826dfeccc66c7996d11ee392ac6aaf7ced8a1c2027fbb2?s=96&d=mm&r=g\",\"contentUrl\":\"https:\\\/\\\/secure.gravatar.com\\\/avatar\\\/2bb7f1561282132fb5826dfeccc66c7996d11ee392ac6aaf7ced8a1c2027fbb2?s=96&d=mm&r=g\",\"caption\":\"Pova\u017esk\u00e9 m\u00fazeum\"}}]}<\/script>\n<!-- \/ Yoast SEO plugin. -->","yoast_head_json":{"title":"Expoz\u00edcia J\u00e1no\u0161\u00edka obohaten\u00e1 o zauj\u00edmav\u00fa v\u00fdstavu plast\u00edk - Pova\u017esk\u00e9 m\u00fazeum","robots":{"index":"index","follow":"follow","max-snippet":"max-snippet:-1","max-image-preview":"max-image-preview:large","max-video-preview":"max-video-preview:-1"},"canonical":"https:\/\/pmza.sk\/?p=580","og_locale":"sk_SK","og_type":"article","og_title":"Expoz\u00edcia J\u00e1no\u0161\u00edka obohaten\u00e1 o zauj\u00edmav\u00fa v\u00fdstavu plast\u00edk - Pova\u017esk\u00e9 m\u00fazeum","og_description":"U\u017e od 1. j\u00fana 2010 maj\u00fa\u00a0 n\u00e1v\u0161tevn\u00edci expoz\u00edcie J\u00e1no\u0161\u00edk a Terchov\u00e1 v\u00a0Terchovej mo\u017enos\u0165\u00a0 bli\u017e\u0161ie sa zozn\u00e1mi\u0165 s\u00a0fenom\u00e9nom rezb\u00e1rstva Terchovskej doliny. &#8222;Ned\u00e1vno zrevitalizovan\u00e1 expoz\u00edcia prezentuje z\u00e1kladn\u00e9 historick\u00e9 fakty najm\u00e4 zo \u017eivota Juraja J\u00e1no\u0161\u00edka. Odraz j\u00e1no\u0161\u00edkovskej tematiky v mnoh\u00fdch oblastiach \u013eudovej kult\u00fary, \u0161pecifick\u00fd hudobn\u00fd folkl\u00f3r obce, v\u00fdro\u010dn\u00e9 zvyky \u010di tradi\u010dn\u00e9 zamestnania a odev n\u00e1v\u0161tevn\u00edkom pribli\u017euje bohat\u00e1 kolekcia [&hellip;]","og_url":"https:\/\/pmza.sk\/?p=580","og_site_name":"Pova\u017esk\u00e9 m\u00fazeum","article_publisher":"https:\/\/www.facebook.com\/povazskemuzeum","article_published_time":"2010-06-10T12:26:19+00:00","og_image":[{"url":"https:\/\/pmza.sk.sk\/wp-content\/uploads\/2010\/06\/janosik-200x300.jpg","type":"","width":"","height":""}],"author":"Pova\u017esk\u00e9 m\u00fazeum","twitter_card":"summary_large_image","twitter_misc":{"Autor":"Pova\u017esk\u00e9 m\u00fazeum","Predpokladan\u00fd \u010das \u010d\u00edtania":"2 min\u00faty"},"schema":{"@context":"https:\/\/schema.org","@graph":[{"@type":"Article","@id":"https:\/\/pmza.sk\/?p=580#article","isPartOf":{"@id":"https:\/\/pmza.sk\/?p=580"},"author":{"name":"Pova\u017esk\u00e9 m\u00fazeum","@id":"https:\/\/pmza.sk\/#\/schema\/person\/595e6a2ce731ea94dcd5d7f50a41ae33"},"headline":"Expoz\u00edcia J\u00e1no\u0161\u00edka obohaten\u00e1 o zauj\u00edmav\u00fa v\u00fdstavu plast\u00edk","datePublished":"2010-06-10T12:26:19+00:00","mainEntityOfPage":{"@id":"https:\/\/pmza.sk\/?p=580"},"wordCount":435,"publisher":{"@id":"https:\/\/pmza.sk\/#organization"},"image":{"@id":"https:\/\/pmza.sk\/?p=580#primaryimage"},"thumbnailUrl":"https:\/\/pmza.sk.sk\/wp-content\/uploads\/2010\/06\/janosik-200x300.jpg","articleSection":["Arch\u00edv 2010"],"inLanguage":"sk-SK"},{"@type":"WebPage","@id":"https:\/\/pmza.sk\/?p=580","url":"https:\/\/pmza.sk\/?p=580","name":"Expoz\u00edcia J\u00e1no\u0161\u00edka obohaten\u00e1 o zauj\u00edmav\u00fa v\u00fdstavu plast\u00edk - Pova\u017esk\u00e9 m\u00fazeum","isPartOf":{"@id":"https:\/\/pmza.sk\/#website"},"primaryImageOfPage":{"@id":"https:\/\/pmza.sk\/?p=580#primaryimage"},"image":{"@id":"https:\/\/pmza.sk\/?p=580#primaryimage"},"thumbnailUrl":"https:\/\/pmza.sk.sk\/wp-content\/uploads\/2010\/06\/janosik-200x300.jpg","datePublished":"2010-06-10T12:26:19+00:00","breadcrumb":{"@id":"https:\/\/pmza.sk\/?p=580#breadcrumb"},"inLanguage":"sk-SK","potentialAction":[{"@type":"ReadAction","target":["https:\/\/pmza.sk\/?p=580"]}]},{"@type":"ImageObject","inLanguage":"sk-SK","@id":"https:\/\/pmza.sk\/?p=580#primaryimage","url":"https:\/\/pmza.sk.sk\/wp-content\/uploads\/2010\/06\/janosik-200x300.jpg","contentUrl":"https:\/\/pmza.sk.sk\/wp-content\/uploads\/2010\/06\/janosik-200x300.jpg"},{"@type":"BreadcrumbList","@id":"https:\/\/pmza.sk\/?p=580#breadcrumb","itemListElement":[{"@type":"ListItem","position":1,"name":"Domovsk\u00e1 str\u00e1nka","item":"https:\/\/pmza.sk\/"},{"@type":"ListItem","position":2,"name":"Expoz\u00edcia J\u00e1no\u0161\u00edka obohaten\u00e1 o zauj\u00edmav\u00fa v\u00fdstavu plast\u00edk"}]},{"@type":"WebSite","@id":"https:\/\/pmza.sk\/#website","url":"https:\/\/pmza.sk\/","name":"Pova\u017esk\u00e9 m\u00fazeum","description":"Pova\u017esk\u00e9 m\u00fazeum v \u017diline je region\u00e1lne m\u00fazeum so s\u00eddlom v Budat\u00edne. Jeho expoz\u00edcie s\u00fa zameran\u00e9 na dejiny slovensk\u00e9ho umenia, kult\u00fary a dopravy.","publisher":{"@id":"https:\/\/pmza.sk\/#organization"},"potentialAction":[{"@type":"SearchAction","target":{"@type":"EntryPoint","urlTemplate":"https:\/\/pmza.sk\/?s={search_term_string}"},"query-input":{"@type":"PropertyValueSpecification","valueRequired":true,"valueName":"search_term_string"}}],"inLanguage":"sk-SK"},{"@type":"Organization","@id":"https:\/\/pmza.sk\/#organization","name":"Pova\u017esk\u00e9 m\u00fazeum","url":"https:\/\/pmza.sk\/","logo":{"@type":"ImageObject","inLanguage":"sk-SK","@id":"https:\/\/pmza.sk\/#\/schema\/logo\/image\/","url":"https:\/\/pmza.sk\/wp-content\/uploads\/2022\/01\/logo_PM_horizontal.jpg","contentUrl":"https:\/\/pmza.sk\/wp-content\/uploads\/2022\/01\/logo_PM_horizontal.jpg","width":231,"height":142,"caption":"Pova\u017esk\u00e9 m\u00fazeum"},"image":{"@id":"https:\/\/pmza.sk\/#\/schema\/logo\/image\/"},"sameAs":["https:\/\/www.facebook.com\/povazskemuzeum","https:\/\/www.instagram.com\/povazskemuzeum\/"]},{"@type":"Person","@id":"https:\/\/pmza.sk\/#\/schema\/person\/595e6a2ce731ea94dcd5d7f50a41ae33","name":"Pova\u017esk\u00e9 m\u00fazeum","image":{"@type":"ImageObject","inLanguage":"sk-SK","@id":"https:\/\/secure.gravatar.com\/avatar\/2bb7f1561282132fb5826dfeccc66c7996d11ee392ac6aaf7ced8a1c2027fbb2?s=96&d=mm&r=g","url":"https:\/\/secure.gravatar.com\/avatar\/2bb7f1561282132fb5826dfeccc66c7996d11ee392ac6aaf7ced8a1c2027fbb2?s=96&d=mm&r=g","contentUrl":"https:\/\/secure.gravatar.com\/avatar\/2bb7f1561282132fb5826dfeccc66c7996d11ee392ac6aaf7ced8a1c2027fbb2?s=96&d=mm&r=g","caption":"Pova\u017esk\u00e9 m\u00fazeum"}}]}},"_links":{"self":[{"href":"https:\/\/pmza.sk\/index.php?rest_route=\/wp\/v2\/posts\/580","targetHints":{"allow":["GET"]}}],"collection":[{"href":"https:\/\/pmza.sk\/index.php?rest_route=\/wp\/v2\/posts"}],"about":[{"href":"https:\/\/pmza.sk\/index.php?rest_route=\/wp\/v2\/types\/post"}],"author":[{"embeddable":true,"href":"https:\/\/pmza.sk\/index.php?rest_route=\/wp\/v2\/users\/2"}],"replies":[{"embeddable":true,"href":"https:\/\/pmza.sk\/index.php?rest_route=%2Fwp%2Fv2%2Fcomments&post=580"}],"version-history":[{"count":0,"href":"https:\/\/pmza.sk\/index.php?rest_route=\/wp\/v2\/posts\/580\/revisions"}],"wp:attachment":[{"href":"https:\/\/pmza.sk\/index.php?rest_route=%2Fwp%2Fv2%2Fmedia&parent=580"}],"wp:term":[{"taxonomy":"category","embeddable":true,"href":"https:\/\/pmza.sk\/index.php?rest_route=%2Fwp%2Fv2%2Fcategories&post=580"},{"taxonomy":"post_tag","embeddable":true,"href":"https:\/\/pmza.sk\/index.php?rest_route=%2Fwp%2Fv2%2Ftags&post=580"}],"curies":[{"name":"wp","href":"https:\/\/api.w.org\/{rel}","templated":true}]}}