{"id":5800,"date":"2012-06-21T08:21:53","date_gmt":"2012-06-21T06:21:53","guid":{"rendered":"https:\/\/pmza.sk.sk\/?p=5800"},"modified":"2012-06-21T08:21:53","modified_gmt":"2012-06-21T06:21:53","slug":"balonkove-rande-v-severnom-palaci-hradu-strecno","status":"publish","type":"post","link":"https:\/\/pmza.sk\/?p=5800","title":{"rendered":"Bal\u00f3nkov\u00e9 rande v Severnom pal\u00e1ci hradu Stre\u010dno"},"content":{"rendered":"<p><strong> <\/strong><\/p>\n<p><a href=\"https:\/\/pmza.sk\/wp-content\/uploads\/2012\/06\/nase-prve-balonkove-rande.jpg\"><img fetchpriority=\"high\" decoding=\"async\" class=\"alignleft size-medium wp-image-5801\" style=\"margin: 4px; border: 2px solid black;\" title=\"nase prve balonkove rande\" src=\"https:\/\/pmza.sk.sk\/wp-content\/uploads\/2012\/06\/nase-prve-balonkove-rande-224x300.jpg\" alt=\"\" width=\"224\" height=\"300\" \/><\/a>Tohoro\u010dn\u00fd cyklus v\u00fdstav slovensk\u00fdch v\u00fdtvarn\u00edkov na hrade Stre\u010dno pod n\u00e1zvom <strong>Umenie na hrade,<\/strong> otv\u00e1ra <strong>v\u00a0piatok 29. j\u00fana o\u00a018,00h<\/strong> v\u00fdstava z\u00a0tvorby kysuck\u00e9ho rod\u00e1ka, akademick\u00e9ho maliara Petra Galv\u00e1nka, v s\u00fa\u010dasnosti \u017eij\u00faceho v\u00a0Senci. In\u0161tal\u00e1cia, ktor\u00fa autor pomenoval <strong>Kto sa usmeje, du\u0161u si zahreje, <\/strong>predstavuje jedine\u010dn\u00fa kolekciu obrazov, kde ako v\u00fdrazov\u00e9 prostriedky dominuj\u00fa \u017eiv\u00e1 farebnos\u0165, jednoduch\u00e1 l\u00ednia a\u00a0humorn\u00e1 interpret\u00e1cia r\u00f4znych pr\u00edbehov.<\/p>\n<p>Peter Galv\u00e1nek, absolvent Strednej \u0161koly umeleck\u00e9ho priemyslu v\u00a0Bratislave, Akad\u00e9mie v\u00fdtvarn\u00fdch umen\u00ed v\u00a0po\u013eskom Gda\u0148sku v\u00a0odbore ma\u013eby a\u00a0\u00fa\u017eitkovej grafiky, \u00a0je autorom plast\u00edk kysuck\u00fdch cien pre Osobnos\u0165 Kys\u00fac, grafick\u00fdch listov drot\u00e1rskej Ceny Karola Guleja a Ceny Jozefa Kr\u00f3nera.. Svoje diela od roku 1977 a\u017e do roku 2002 pravidelne vystavoval v\u00a0gal\u00e9ri\u00e1ch Slovenska, Po\u013eska a\u00a0\u010ceska.<!--more--><\/p>\n<p>Desa\u0165ro\u010dn\u00fa prezenta\u010dn\u00fa pauzu, po\u010das ktorej sa Peter Galv\u00e1nek venoval pracovn\u00fdm povinnostiam kreat\u00edvneho riadite\u013ea reklamnej agent\u00fary, sa rozhodol ukon\u010di\u0165 pr\u00e1ve v\u00fdstavou v\u00a0Severnom pal\u00e1ci na hrade Stre\u010dno. \u201e <em>Netypick\u00fd v\u00fdstavn\u00fd priestor stredovek\u00e9ho hradu je pre m\u0148a zauj\u00edmavou autorskou v\u00fdzvou, taktie\u017e n\u00e1vratom k\u00a0v\u00fdstavn\u00fdm aktivit\u00e1m a\u00a0ur\u010dit\u00fdm sp\u00f4sobom symbolick\u00fdm n\u00e1vratom do kon\u010d\u00edn bl\u00edzko m\u00f4jho rodiska. Pevne ver\u00edm, \u017ee moje obrazy, ktor\u00e9 sa sna\u017eia l\u00e1skav\u00fdm humorom transformova\u0165 \u013eudsk\u00e9 vlastnosti, \u017eivot oby\u010dajn\u00fdch \u013eud\u00ed na dedine alebo porekadl\u00e1, pote\u0161ia a\u00a0osvie\u017eia n\u00e1v\u0161tevn\u00edkom a\u00a0priaznivcom umenia prehliadku hradu Stre\u010dno<\/em>,\u201c uviedol Peter Galv\u00e1nek.<\/p>\n<p>Galv\u00e1nkov rukopis je v\u00fdnimo\u010dn\u00fd a\u00a0na prv\u00fd poh\u013ead identifikovate\u013en\u00fd. On s\u00e1m ho charakterizuje ako symbolick\u00fd, figur\u00e1lny i krajin\u00e1rsky, ako satiru alebo aj v\u00fdber sk\u00fasenost\u00ed. Histori\u010dka umenia \u013duba Pavlovi\u010dov\u00e1 na margo posolstva v\u00fdtvarn\u00e9ho umenia Petra Galv\u00e1nka dod\u00e1va \u201e <em>Autorova motiv\u00e1cia je st\u00e1le jednozna\u010dn\u00e1 &#8211; bez seba\u013e\u00fabosti a fatalizmu reaguje na \u017eivotn\u00fd okamih a\u00a0 zachov\u00e1va v n\u00e1s chu\u0165 a odvahu vn\u00edma\u0165 nielen jeho v\u00f4\u0148u, ale aj ostne. Pred jeho dielami netreba seba a svet bra\u0165 pr\u00edli\u017e v\u00e1\u017ene. Dok\u00e1\u017eu n\u00e1s dosta\u0165 mimo komplik\u00e1ci\u00ed a pretv\u00e1rky dne\u0161nej doby, jednoducho &#8211; boli ma\u013eovan\u00e9 len a len pre n\u00e1s<\/em>.\u201c<\/p>\n<p>Vernis\u00e1\u017e v\u00fdstavy <strong>Kto sa usmeje, du\u0161u si zahreje<\/strong>, sa uskuto\u010dn\u00ed <strong>v\u00a0piatok 29. j\u00fana 2012<\/strong> <strong>o\u00a018,00 hod<\/strong> v\u00a0Severnom pal\u00e1ci hradu Stre\u010dno. Pre verejnos\u0165 bude pr\u00edstupn\u00e1 do 1. augusta 2012. Organiz\u00e1torom v\u00fdstavy je \u017dilinsk\u00fd samospr\u00e1vny kraj a\u00a0Pova\u017esk\u00e9 m\u00fazeum v\u00a0\u017diline.<\/p>\n","protected":false},"excerpt":{"rendered":"<p>Tohoro\u010dn\u00fd cyklus v\u00fdstav slovensk\u00fdch v\u00fdtvarn\u00edkov na hrade Stre\u010dno pod n\u00e1zvom Umenie na hrade, otv\u00e1ra v\u00a0piatok 29. j\u00fana o\u00a018,00h v\u00fdstava z\u00a0tvorby kysuck\u00e9ho rod\u00e1ka, akademick\u00e9ho maliara Petra Galv\u00e1nka, v s\u00fa\u010dasnosti \u017eij\u00faceho v\u00a0Senci. In\u0161tal\u00e1cia, ktor\u00fa autor pomenoval Kto sa usmeje, du\u0161u si zahreje, predstavuje jedine\u010dn\u00fa kolekciu obrazov, kde ako v\u00fdrazov\u00e9 prostriedky dominuj\u00fa \u017eiv\u00e1 farebnos\u0165, jednoduch\u00e1 l\u00ednia a\u00a0humorn\u00e1 interpret\u00e1cia [&hellip;]<\/p>\n","protected":false},"author":2,"featured_media":0,"comment_status":"closed","ping_status":"closed","sticky":false,"template":"","format":"standard","meta":{"site-sidebar-layout":"default","site-content-layout":"","ast-site-content-layout":"","site-content-style":"default","site-sidebar-style":"default","ast-global-header-display":"","ast-banner-title-visibility":"","ast-main-header-display":"","ast-hfb-above-header-display":"","ast-hfb-below-header-display":"","ast-hfb-mobile-header-display":"","site-post-title":"","ast-breadcrumbs-content":"","ast-featured-img":"","footer-sml-layout":"","theme-transparent-header-meta":"","adv-header-id-meta":"","stick-header-meta":"","header-above-stick-meta":"","header-main-stick-meta":"","header-below-stick-meta":"","astra-migrate-meta-layouts":"default","ast-page-background-enabled":"default","ast-page-background-meta":{"desktop":{"background-color":"var(--ast-global-color-4)","background-image":"","background-repeat":"repeat","background-position":"center center","background-size":"auto","background-attachment":"scroll","background-type":"","background-media":"","overlay-type":"","overlay-color":"","overlay-opacity":"","overlay-gradient":""},"tablet":{"background-color":"","background-image":"","background-repeat":"repeat","background-position":"center center","background-size":"auto","background-attachment":"scroll","background-type":"","background-media":"","overlay-type":"","overlay-color":"","overlay-opacity":"","overlay-gradient":""},"mobile":{"background-color":"","background-image":"","background-repeat":"repeat","background-position":"center center","background-size":"auto","background-attachment":"scroll","background-type":"","background-media":"","overlay-type":"","overlay-color":"","overlay-opacity":"","overlay-gradient":""}},"ast-content-background-meta":{"desktop":{"background-color":"var(--ast-global-color-5)","background-image":"","background-repeat":"repeat","background-position":"center center","background-size":"auto","background-attachment":"scroll","background-type":"","background-media":"","overlay-type":"","overlay-color":"","overlay-opacity":"","overlay-gradient":""},"tablet":{"background-color":"var(--ast-global-color-5)","background-image":"","background-repeat":"repeat","background-position":"center center","background-size":"auto","background-attachment":"scroll","background-type":"","background-media":"","overlay-type":"","overlay-color":"","overlay-opacity":"","overlay-gradient":""},"mobile":{"background-color":"var(--ast-global-color-5)","background-image":"","background-repeat":"repeat","background-position":"center center","background-size":"auto","background-attachment":"scroll","background-type":"","background-media":"","overlay-type":"","overlay-color":"","overlay-opacity":"","overlay-gradient":""}},"footnotes":""},"categories":[32],"tags":[],"class_list":["post-5800","post","type-post","status-publish","format-standard","hentry","category-archiv-2012"],"yoast_head":"<!-- This site is optimized with the Yoast SEO plugin v27.4 - https:\/\/yoast.com\/product\/yoast-seo-wordpress\/ -->\n<title>Bal\u00f3nkov\u00e9 rande v Severnom pal\u00e1ci hradu Stre\u010dno - Pova\u017esk\u00e9 m\u00fazeum<\/title>\n<meta name=\"robots\" content=\"index, follow, max-snippet:-1, max-image-preview:large, max-video-preview:-1\" \/>\n<link rel=\"canonical\" href=\"https:\/\/pmza.sk\/?p=5800\" \/>\n<meta property=\"og:locale\" content=\"sk_SK\" \/>\n<meta property=\"og:type\" content=\"article\" \/>\n<meta property=\"og:title\" content=\"Bal\u00f3nkov\u00e9 rande v Severnom pal\u00e1ci hradu Stre\u010dno - Pova\u017esk\u00e9 m\u00fazeum\" \/>\n<meta property=\"og:description\" content=\"Tohoro\u010dn\u00fd cyklus v\u00fdstav slovensk\u00fdch v\u00fdtvarn\u00edkov na hrade Stre\u010dno pod n\u00e1zvom Umenie na hrade, otv\u00e1ra v\u00a0piatok 29. j\u00fana o\u00a018,00h v\u00fdstava z\u00a0tvorby kysuck\u00e9ho rod\u00e1ka, akademick\u00e9ho maliara Petra Galv\u00e1nka, v s\u00fa\u010dasnosti \u017eij\u00faceho v\u00a0Senci. In\u0161tal\u00e1cia, ktor\u00fa autor pomenoval Kto sa usmeje, du\u0161u si zahreje, predstavuje jedine\u010dn\u00fa kolekciu obrazov, kde ako v\u00fdrazov\u00e9 prostriedky dominuj\u00fa \u017eiv\u00e1 farebnos\u0165, jednoduch\u00e1 l\u00ednia a\u00a0humorn\u00e1 interpret\u00e1cia [&hellip;]\" \/>\n<meta property=\"og:url\" content=\"https:\/\/pmza.sk\/?p=5800\" \/>\n<meta property=\"og:site_name\" content=\"Pova\u017esk\u00e9 m\u00fazeum\" \/>\n<meta property=\"article:publisher\" content=\"https:\/\/www.facebook.com\/povazskemuzeum\" \/>\n<meta property=\"article:published_time\" content=\"2012-06-21T06:21:53+00:00\" \/>\n<meta property=\"og:image\" content=\"https:\/\/pmza.sk.sk\/wp-content\/uploads\/2012\/06\/nase-prve-balonkove-rande-224x300.jpg\" \/>\n<meta name=\"author\" content=\"Pova\u017esk\u00e9 m\u00fazeum\" \/>\n<meta name=\"twitter:card\" content=\"summary_large_image\" \/>\n<meta name=\"twitter:label1\" content=\"Autor\" \/>\n\t<meta name=\"twitter:data1\" content=\"Pova\u017esk\u00e9 m\u00fazeum\" \/>\n\t<meta name=\"twitter:label2\" content=\"Predpokladan\u00fd \u010das \u010d\u00edtania\" \/>\n\t<meta name=\"twitter:data2\" content=\"2 min\u00faty\" \/>\n<script type=\"application\/ld+json\" class=\"yoast-schema-graph\">{\"@context\":\"https:\\\/\\\/schema.org\",\"@graph\":[{\"@type\":\"Article\",\"@id\":\"https:\\\/\\\/pmza.sk\\\/?p=5800#article\",\"isPartOf\":{\"@id\":\"https:\\\/\\\/pmza.sk\\\/?p=5800\"},\"author\":{\"name\":\"Pova\u017esk\u00e9 m\u00fazeum\",\"@id\":\"https:\\\/\\\/pmza.sk\\\/#\\\/schema\\\/person\\\/595e6a2ce731ea94dcd5d7f50a41ae33\"},\"headline\":\"Bal\u00f3nkov\u00e9 rande v Severnom pal\u00e1ci hradu Stre\u010dno\",\"datePublished\":\"2012-06-21T06:21:53+00:00\",\"mainEntityOfPage\":{\"@id\":\"https:\\\/\\\/pmza.sk\\\/?p=5800\"},\"wordCount\":470,\"publisher\":{\"@id\":\"https:\\\/\\\/pmza.sk\\\/#organization\"},\"image\":{\"@id\":\"https:\\\/\\\/pmza.sk\\\/?p=5800#primaryimage\"},\"thumbnailUrl\":\"http:\\\/\\\/pmza.sk.sk\\\/wp-content\\\/uploads\\\/2012\\\/06\\\/nase-prve-balonkove-rande-224x300.jpg\",\"articleSection\":[\"Arch\u00edv 2012\"],\"inLanguage\":\"sk-SK\"},{\"@type\":\"WebPage\",\"@id\":\"https:\\\/\\\/pmza.sk\\\/?p=5800\",\"url\":\"https:\\\/\\\/pmza.sk\\\/?p=5800\",\"name\":\"Bal\u00f3nkov\u00e9 rande v Severnom pal\u00e1ci hradu Stre\u010dno - Pova\u017esk\u00e9 m\u00fazeum\",\"isPartOf\":{\"@id\":\"https:\\\/\\\/pmza.sk\\\/#website\"},\"primaryImageOfPage\":{\"@id\":\"https:\\\/\\\/pmza.sk\\\/?p=5800#primaryimage\"},\"image\":{\"@id\":\"https:\\\/\\\/pmza.sk\\\/?p=5800#primaryimage\"},\"thumbnailUrl\":\"http:\\\/\\\/pmza.sk.sk\\\/wp-content\\\/uploads\\\/2012\\\/06\\\/nase-prve-balonkove-rande-224x300.jpg\",\"datePublished\":\"2012-06-21T06:21:53+00:00\",\"breadcrumb\":{\"@id\":\"https:\\\/\\\/pmza.sk\\\/?p=5800#breadcrumb\"},\"inLanguage\":\"sk-SK\",\"potentialAction\":[{\"@type\":\"ReadAction\",\"target\":[\"https:\\\/\\\/pmza.sk\\\/?p=5800\"]}]},{\"@type\":\"ImageObject\",\"inLanguage\":\"sk-SK\",\"@id\":\"https:\\\/\\\/pmza.sk\\\/?p=5800#primaryimage\",\"url\":\"http:\\\/\\\/pmza.sk.sk\\\/wp-content\\\/uploads\\\/2012\\\/06\\\/nase-prve-balonkove-rande-224x300.jpg\",\"contentUrl\":\"http:\\\/\\\/pmza.sk.sk\\\/wp-content\\\/uploads\\\/2012\\\/06\\\/nase-prve-balonkove-rande-224x300.jpg\"},{\"@type\":\"BreadcrumbList\",\"@id\":\"https:\\\/\\\/pmza.sk\\\/?p=5800#breadcrumb\",\"itemListElement\":[{\"@type\":\"ListItem\",\"position\":1,\"name\":\"Domovsk\u00e1 str\u00e1nka\",\"item\":\"https:\\\/\\\/pmza.sk\\\/\"},{\"@type\":\"ListItem\",\"position\":2,\"name\":\"Bal\u00f3nkov\u00e9 rande v Severnom pal\u00e1ci hradu Stre\u010dno\"}]},{\"@type\":\"WebSite\",\"@id\":\"https:\\\/\\\/pmza.sk\\\/#website\",\"url\":\"https:\\\/\\\/pmza.sk\\\/\",\"name\":\"Pova\u017esk\u00e9 m\u00fazeum\",\"description\":\"Pova\u017esk\u00e9 m\u00fazeum v \u017diline je region\u00e1lne m\u00fazeum so s\u00eddlom v Budat\u00edne. Jeho expoz\u00edcie s\u00fa zameran\u00e9 na dejiny slovensk\u00e9ho umenia, kult\u00fary a dopravy.\",\"publisher\":{\"@id\":\"https:\\\/\\\/pmza.sk\\\/#organization\"},\"potentialAction\":[{\"@type\":\"SearchAction\",\"target\":{\"@type\":\"EntryPoint\",\"urlTemplate\":\"https:\\\/\\\/pmza.sk\\\/?s={search_term_string}\"},\"query-input\":{\"@type\":\"PropertyValueSpecification\",\"valueRequired\":true,\"valueName\":\"search_term_string\"}}],\"inLanguage\":\"sk-SK\"},{\"@type\":\"Organization\",\"@id\":\"https:\\\/\\\/pmza.sk\\\/#organization\",\"name\":\"Pova\u017esk\u00e9 m\u00fazeum\",\"url\":\"https:\\\/\\\/pmza.sk\\\/\",\"logo\":{\"@type\":\"ImageObject\",\"inLanguage\":\"sk-SK\",\"@id\":\"https:\\\/\\\/pmza.sk\\\/#\\\/schema\\\/logo\\\/image\\\/\",\"url\":\"https:\\\/\\\/pmza.sk\\\/wp-content\\\/uploads\\\/2022\\\/01\\\/logo_PM_horizontal.jpg\",\"contentUrl\":\"https:\\\/\\\/pmza.sk\\\/wp-content\\\/uploads\\\/2022\\\/01\\\/logo_PM_horizontal.jpg\",\"width\":231,\"height\":142,\"caption\":\"Pova\u017esk\u00e9 m\u00fazeum\"},\"image\":{\"@id\":\"https:\\\/\\\/pmza.sk\\\/#\\\/schema\\\/logo\\\/image\\\/\"},\"sameAs\":[\"https:\\\/\\\/www.facebook.com\\\/povazskemuzeum\",\"https:\\\/\\\/www.instagram.com\\\/povazskemuzeum\\\/\"]},{\"@type\":\"Person\",\"@id\":\"https:\\\/\\\/pmza.sk\\\/#\\\/schema\\\/person\\\/595e6a2ce731ea94dcd5d7f50a41ae33\",\"name\":\"Pova\u017esk\u00e9 m\u00fazeum\",\"image\":{\"@type\":\"ImageObject\",\"inLanguage\":\"sk-SK\",\"@id\":\"https:\\\/\\\/secure.gravatar.com\\\/avatar\\\/2bb7f1561282132fb5826dfeccc66c7996d11ee392ac6aaf7ced8a1c2027fbb2?s=96&d=mm&r=g\",\"url\":\"https:\\\/\\\/secure.gravatar.com\\\/avatar\\\/2bb7f1561282132fb5826dfeccc66c7996d11ee392ac6aaf7ced8a1c2027fbb2?s=96&d=mm&r=g\",\"contentUrl\":\"https:\\\/\\\/secure.gravatar.com\\\/avatar\\\/2bb7f1561282132fb5826dfeccc66c7996d11ee392ac6aaf7ced8a1c2027fbb2?s=96&d=mm&r=g\",\"caption\":\"Pova\u017esk\u00e9 m\u00fazeum\"}}]}<\/script>\n<!-- \/ Yoast SEO plugin. -->","yoast_head_json":{"title":"Bal\u00f3nkov\u00e9 rande v Severnom pal\u00e1ci hradu Stre\u010dno - Pova\u017esk\u00e9 m\u00fazeum","robots":{"index":"index","follow":"follow","max-snippet":"max-snippet:-1","max-image-preview":"max-image-preview:large","max-video-preview":"max-video-preview:-1"},"canonical":"https:\/\/pmza.sk\/?p=5800","og_locale":"sk_SK","og_type":"article","og_title":"Bal\u00f3nkov\u00e9 rande v Severnom pal\u00e1ci hradu Stre\u010dno - Pova\u017esk\u00e9 m\u00fazeum","og_description":"Tohoro\u010dn\u00fd cyklus v\u00fdstav slovensk\u00fdch v\u00fdtvarn\u00edkov na hrade Stre\u010dno pod n\u00e1zvom Umenie na hrade, otv\u00e1ra v\u00a0piatok 29. j\u00fana o\u00a018,00h v\u00fdstava z\u00a0tvorby kysuck\u00e9ho rod\u00e1ka, akademick\u00e9ho maliara Petra Galv\u00e1nka, v s\u00fa\u010dasnosti \u017eij\u00faceho v\u00a0Senci. In\u0161tal\u00e1cia, ktor\u00fa autor pomenoval Kto sa usmeje, du\u0161u si zahreje, predstavuje jedine\u010dn\u00fa kolekciu obrazov, kde ako v\u00fdrazov\u00e9 prostriedky dominuj\u00fa \u017eiv\u00e1 farebnos\u0165, jednoduch\u00e1 l\u00ednia a\u00a0humorn\u00e1 interpret\u00e1cia [&hellip;]","og_url":"https:\/\/pmza.sk\/?p=5800","og_site_name":"Pova\u017esk\u00e9 m\u00fazeum","article_publisher":"https:\/\/www.facebook.com\/povazskemuzeum","article_published_time":"2012-06-21T06:21:53+00:00","og_image":[{"url":"https:\/\/pmza.sk.sk\/wp-content\/uploads\/2012\/06\/nase-prve-balonkove-rande-224x300.jpg","type":"","width":"","height":""}],"author":"Pova\u017esk\u00e9 m\u00fazeum","twitter_card":"summary_large_image","twitter_misc":{"Autor":"Pova\u017esk\u00e9 m\u00fazeum","Predpokladan\u00fd \u010das \u010d\u00edtania":"2 min\u00faty"},"schema":{"@context":"https:\/\/schema.org","@graph":[{"@type":"Article","@id":"https:\/\/pmza.sk\/?p=5800#article","isPartOf":{"@id":"https:\/\/pmza.sk\/?p=5800"},"author":{"name":"Pova\u017esk\u00e9 m\u00fazeum","@id":"https:\/\/pmza.sk\/#\/schema\/person\/595e6a2ce731ea94dcd5d7f50a41ae33"},"headline":"Bal\u00f3nkov\u00e9 rande v Severnom pal\u00e1ci hradu Stre\u010dno","datePublished":"2012-06-21T06:21:53+00:00","mainEntityOfPage":{"@id":"https:\/\/pmza.sk\/?p=5800"},"wordCount":470,"publisher":{"@id":"https:\/\/pmza.sk\/#organization"},"image":{"@id":"https:\/\/pmza.sk\/?p=5800#primaryimage"},"thumbnailUrl":"https:\/\/pmza.sk.sk\/wp-content\/uploads\/2012\/06\/nase-prve-balonkove-rande-224x300.jpg","articleSection":["Arch\u00edv 2012"],"inLanguage":"sk-SK"},{"@type":"WebPage","@id":"https:\/\/pmza.sk\/?p=5800","url":"https:\/\/pmza.sk\/?p=5800","name":"Bal\u00f3nkov\u00e9 rande v Severnom pal\u00e1ci hradu Stre\u010dno - Pova\u017esk\u00e9 m\u00fazeum","isPartOf":{"@id":"https:\/\/pmza.sk\/#website"},"primaryImageOfPage":{"@id":"https:\/\/pmza.sk\/?p=5800#primaryimage"},"image":{"@id":"https:\/\/pmza.sk\/?p=5800#primaryimage"},"thumbnailUrl":"https:\/\/pmza.sk.sk\/wp-content\/uploads\/2012\/06\/nase-prve-balonkove-rande-224x300.jpg","datePublished":"2012-06-21T06:21:53+00:00","breadcrumb":{"@id":"https:\/\/pmza.sk\/?p=5800#breadcrumb"},"inLanguage":"sk-SK","potentialAction":[{"@type":"ReadAction","target":["https:\/\/pmza.sk\/?p=5800"]}]},{"@type":"ImageObject","inLanguage":"sk-SK","@id":"https:\/\/pmza.sk\/?p=5800#primaryimage","url":"https:\/\/pmza.sk.sk\/wp-content\/uploads\/2012\/06\/nase-prve-balonkove-rande-224x300.jpg","contentUrl":"https:\/\/pmza.sk.sk\/wp-content\/uploads\/2012\/06\/nase-prve-balonkove-rande-224x300.jpg"},{"@type":"BreadcrumbList","@id":"https:\/\/pmza.sk\/?p=5800#breadcrumb","itemListElement":[{"@type":"ListItem","position":1,"name":"Domovsk\u00e1 str\u00e1nka","item":"https:\/\/pmza.sk\/"},{"@type":"ListItem","position":2,"name":"Bal\u00f3nkov\u00e9 rande v Severnom pal\u00e1ci hradu Stre\u010dno"}]},{"@type":"WebSite","@id":"https:\/\/pmza.sk\/#website","url":"https:\/\/pmza.sk\/","name":"Pova\u017esk\u00e9 m\u00fazeum","description":"Pova\u017esk\u00e9 m\u00fazeum v \u017diline je region\u00e1lne m\u00fazeum so s\u00eddlom v Budat\u00edne. Jeho expoz\u00edcie s\u00fa zameran\u00e9 na dejiny slovensk\u00e9ho umenia, kult\u00fary a dopravy.","publisher":{"@id":"https:\/\/pmza.sk\/#organization"},"potentialAction":[{"@type":"SearchAction","target":{"@type":"EntryPoint","urlTemplate":"https:\/\/pmza.sk\/?s={search_term_string}"},"query-input":{"@type":"PropertyValueSpecification","valueRequired":true,"valueName":"search_term_string"}}],"inLanguage":"sk-SK"},{"@type":"Organization","@id":"https:\/\/pmza.sk\/#organization","name":"Pova\u017esk\u00e9 m\u00fazeum","url":"https:\/\/pmza.sk\/","logo":{"@type":"ImageObject","inLanguage":"sk-SK","@id":"https:\/\/pmza.sk\/#\/schema\/logo\/image\/","url":"https:\/\/pmza.sk\/wp-content\/uploads\/2022\/01\/logo_PM_horizontal.jpg","contentUrl":"https:\/\/pmza.sk\/wp-content\/uploads\/2022\/01\/logo_PM_horizontal.jpg","width":231,"height":142,"caption":"Pova\u017esk\u00e9 m\u00fazeum"},"image":{"@id":"https:\/\/pmza.sk\/#\/schema\/logo\/image\/"},"sameAs":["https:\/\/www.facebook.com\/povazskemuzeum","https:\/\/www.instagram.com\/povazskemuzeum\/"]},{"@type":"Person","@id":"https:\/\/pmza.sk\/#\/schema\/person\/595e6a2ce731ea94dcd5d7f50a41ae33","name":"Pova\u017esk\u00e9 m\u00fazeum","image":{"@type":"ImageObject","inLanguage":"sk-SK","@id":"https:\/\/secure.gravatar.com\/avatar\/2bb7f1561282132fb5826dfeccc66c7996d11ee392ac6aaf7ced8a1c2027fbb2?s=96&d=mm&r=g","url":"https:\/\/secure.gravatar.com\/avatar\/2bb7f1561282132fb5826dfeccc66c7996d11ee392ac6aaf7ced8a1c2027fbb2?s=96&d=mm&r=g","contentUrl":"https:\/\/secure.gravatar.com\/avatar\/2bb7f1561282132fb5826dfeccc66c7996d11ee392ac6aaf7ced8a1c2027fbb2?s=96&d=mm&r=g","caption":"Pova\u017esk\u00e9 m\u00fazeum"}}]}},"_links":{"self":[{"href":"https:\/\/pmza.sk\/index.php?rest_route=\/wp\/v2\/posts\/5800","targetHints":{"allow":["GET"]}}],"collection":[{"href":"https:\/\/pmza.sk\/index.php?rest_route=\/wp\/v2\/posts"}],"about":[{"href":"https:\/\/pmza.sk\/index.php?rest_route=\/wp\/v2\/types\/post"}],"author":[{"embeddable":true,"href":"https:\/\/pmza.sk\/index.php?rest_route=\/wp\/v2\/users\/2"}],"replies":[{"embeddable":true,"href":"https:\/\/pmza.sk\/index.php?rest_route=%2Fwp%2Fv2%2Fcomments&post=5800"}],"version-history":[{"count":0,"href":"https:\/\/pmza.sk\/index.php?rest_route=\/wp\/v2\/posts\/5800\/revisions"}],"wp:attachment":[{"href":"https:\/\/pmza.sk\/index.php?rest_route=%2Fwp%2Fv2%2Fmedia&parent=5800"}],"wp:term":[{"taxonomy":"category","embeddable":true,"href":"https:\/\/pmza.sk\/index.php?rest_route=%2Fwp%2Fv2%2Fcategories&post=5800"},{"taxonomy":"post_tag","embeddable":true,"href":"https:\/\/pmza.sk\/index.php?rest_route=%2Fwp%2Fv2%2Ftags&post=5800"}],"curies":[{"name":"wp","href":"https:\/\/api.w.org\/{rel}","templated":true}]}}