{"id":58150,"date":"2023-09-04T10:37:33","date_gmt":"2023-09-04T08:37:33","guid":{"rendered":"https:\/\/pmza.sk\/?p=58150"},"modified":"2023-11-24T11:45:12","modified_gmt":"2023-11-24T10:45:12","slug":"chramy-priemyselnej-doby","status":"publish","type":"post","link":"https:\/\/pmza.sk\/?p=58150","title":{"rendered":"Chr\u00e1my priemyselnej doby"},"content":{"rendered":"<p>Poz\u00fdvame V\u00e1s na v\u00fdstavu o \u017eilinsk\u00fdch fabrik\u00e1ch s n\u00e1zvom Chr\u00e1my priemyselnej doby, ktor\u00e1 bude pr\u00edstupn\u00e1 vo v\u00fdstavnej miestnosti kaplnky Budat\u00ednskeho hradu od 6. septembra do 19. novembra 2023. T\u00ed, ktor\u00ed by radi za\u017eili v\u00fdstavu aj so sprievodn\u00fdm slovom autorky v\u00fdstavy Mgr. Zuzany Kudzbelovej, PhD. sa m\u00f4\u017eu z\u00fa\u010dastni\u0165 komentovanej prehliadky, ktor\u00e1 sa uskuto\u010dn\u00ed 31. okt\u00f3bra 2023 o 16.00 hod. Kapacita je obmedzen\u00e1, preto je vhodn\u00e9 sa objedna\u0165 vopred na tel. \u010d. 0907 108 659.<\/p>\n<p>Z verejn\u00fdch zdrojov podporil Fond na podporu umenia.<\/p>\n<div class=\"wp-block-image\"><img decoding=\"async\" class=\"alignnone wp-image-57169\" src=\"https:\/\/pmza.sk\/wp-content\/uploads\/2023\/07\/FPU_logo1_modre-480x360.jpg\" alt=\"\" width=\"195\" height=\"146\" srcset=\"https:\/\/pmza.sk\/wp-content\/uploads\/2023\/07\/FPU_logo1_modre-480x360.jpg 480w, https:\/\/pmza.sk\/wp-content\/uploads\/2023\/07\/FPU_logo1_modre-982x736.jpg 982w, https:\/\/pmza.sk\/wp-content\/uploads\/2023\/07\/FPU_logo1_modre-768x576.jpg 768w, https:\/\/pmza.sk\/wp-content\/uploads\/2023\/07\/FPU_logo1_modre-1536x1152.jpg 1536w, https:\/\/pmza.sk\/wp-content\/uploads\/2023\/07\/FPU_logo1_modre-2048x1536.jpg 2048w, https:\/\/pmza.sk\/wp-content\/uploads\/2023\/07\/FPU_logo1_modre-600x450.jpg 600w\" sizes=\"(max-width: 195px) 100vw, 195px\" \/><\/div>\n<div><\/div>\n<hr \/>\n<p>O v\u00fdstave<\/p>\n<p>\u017dilina patr\u00ed medzi mest\u00e1 eur\u00f3pskeho regi\u00f3nu, ktor\u00e9 vyr\u00e1stli najm\u00e4 v\u010faka priemyslu. Pova\u017esk\u00e9 m\u00fazeum sa preto rozhodlo, \u017ee v\u00a0nasleduj\u00facom obdob\u00ed prinesie pre verejnos\u0165 viacero podujat\u00ed, na ktor\u00fdch predstav\u00ed r\u00f4zne aspekty spriemysel\u0148ovania \u017diliny. Prv\u00fdm tak\u00fdmto podujat\u00edm je \u00a0v\u00fdstava Chr\u00e1my priemyselnej doby pribli\u017euj\u00faca prv\u00e9 modern\u00e9 fabriky v\u00a0\u017diline a\u00a0ich vplyv na miestny spolo\u010densk\u00fd \u017eivot.<\/p>\n<p>Prostredn\u00edctvom dochovan\u00fdch dokumentov, poh\u013eadn\u00edc, fotografi\u00ed, dobovej tla\u010de a \u010fal\u0161\u00edch predmetov sa n\u00e1v\u0161tevn\u00edk v\u00fdstavy dozvie, ktor\u00e9 fabriky vznikli v\u00a0\u017diline na prelome 19. a\u00a020. storo\u010dia a z\u00e1rove\u0148 sa\u00a0obozn\u00e1mi aj so \u0161ir\u0161\u00edmi sociokult\u00farnymi procesmi, ktor\u00e9 tieto fabriky v\u00a0meste od\u0161tartovali. \u201e<em>Modern\u00e1 tov\u00e1re\u0148 priniesla nielen ekonomick\u00fa a\u00a0technologick\u00fa revol\u00faciu, ale aj z\u00e1sadn\u00fa zmenu v\u00a0\u013eudskom myslen\u00ed a\u00a0soci\u00e1lnych vz\u0165ahoch. \u00c9tos tov\u00e1renskej v\u00fdroby zalo\u017een\u00fd na organiz\u00e1cii a racionaliz\u00e1cii v\u00fdrazne zasiahol do \u017eivota \u010dloveka. Fabriky zmenili podobu miestnej krajiny, naru\u0161ili jej rytmus a tradi\u010dn\u00e9 usporiadanie. Netreba preto zab\u00fada\u0165, \u017ee so zakladan\u00edm fabr\u00edk sa sp\u00e1jaj\u00fa nielen pozit\u00edvne, ale aj negat\u00edvne procesy, napr\u00edklad za\u010diatok mas\u00edvneho zne\u010dis\u0165ovania \u017eivotn\u00e9ho prostredia,<\/em>\u201c vysvet\u013euje autorka v\u00fdstavy a\u00a0histori\u010dka Pova\u017esk\u00e9ho m\u00fazea Mgr. Zuzana Kudzbelov\u00e1, PhD.<\/p>\n<p>Okrem toho, n\u00e1v\u0161tevn\u00edci sa m\u00f4\u017eu akt\u00edvne zapoji\u0165 a\u00a0pom\u00f4c\u0165 m\u00fazeu z\u00edska\u0165 predmety zo \u017eilinsk\u00fdch fabr\u00edk spred roku 1980 a\u00a0zachova\u0165 ich tak pre \u010fal\u0161ie gener\u00e1cie. Ak m\u00e1te vy alebo va\u0161i bl\u00edzki doma tak\u00e9to predmety, pr\u00edpadne ste v\u00a0nejakej fabrike pracovali a\u00a0chceli by ste sa podeli\u0165 o\u00a0svoje spomienky, kontaktujte histori\u010dku Z. Kudzbelov\u00fa emailom na <a href=\"mailto:kudzbelova@pmza.sk\">kudzbelova@pmza.sk<\/a>.<\/p>\n<p>V\u00fdstavu z verejn\u00fdch zdrojov podporil Fond na podporu umenia.<\/p>\n<div class=\"wp-block-image\"><img decoding=\"async\" class=\"alignnone wp-image-57169\" src=\"https:\/\/pmza.sk\/wp-content\/uploads\/2023\/07\/FPU_logo1_modre-480x360.jpg\" alt=\"\" width=\"216\" height=\"162\" srcset=\"https:\/\/pmza.sk\/wp-content\/uploads\/2023\/07\/FPU_logo1_modre-480x360.jpg 480w, https:\/\/pmza.sk\/wp-content\/uploads\/2023\/07\/FPU_logo1_modre-982x736.jpg 982w, https:\/\/pmza.sk\/wp-content\/uploads\/2023\/07\/FPU_logo1_modre-768x576.jpg 768w, https:\/\/pmza.sk\/wp-content\/uploads\/2023\/07\/FPU_logo1_modre-1536x1152.jpg 1536w, https:\/\/pmza.sk\/wp-content\/uploads\/2023\/07\/FPU_logo1_modre-2048x1536.jpg 2048w, https:\/\/pmza.sk\/wp-content\/uploads\/2023\/07\/FPU_logo1_modre-600x450.jpg 600w\" sizes=\"(max-width: 216px) 100vw, 216px\" \/><\/div>\n<div><\/div>\n<div class=\"wp-block-image\"><img fetchpriority=\"high\" decoding=\"async\" class=\"alignnone size-medium wp-image-58151\" src=\"https:\/\/pmza.sk\/wp-content\/uploads\/2023\/09\/Fabriky_K1-255x360.jpg\" alt=\"\" width=\"255\" height=\"360\" srcset=\"https:\/\/pmza.sk\/wp-content\/uploads\/2023\/09\/Fabriky_K1-255x360.jpg 255w, https:\/\/pmza.sk\/wp-content\/uploads\/2023\/09\/Fabriky_K1-520x736.jpg 520w, https:\/\/pmza.sk\/wp-content\/uploads\/2023\/09\/Fabriky_K1-768x1086.jpg 768w, https:\/\/pmza.sk\/wp-content\/uploads\/2023\/09\/Fabriky_K1-1086x1536.jpg 1086w, https:\/\/pmza.sk\/wp-content\/uploads\/2023\/09\/Fabriky_K1-1448x2048.jpg 1448w, https:\/\/pmza.sk\/wp-content\/uploads\/2023\/09\/Fabriky_K1-600x849.jpg 600w, https:\/\/pmza.sk\/wp-content\/uploads\/2023\/09\/Fabriky_K1-scaled.jpg 1810w\" sizes=\"(max-width: 255px) 100vw, 255px\" \/><\/div>\n<div>Plag\u00e1t v plnej ve\u013ekosti <a href=\"https:\/\/pmza.sk\/wp-content\/uploads\/2023\/09\/Fabriky_K1.pdf\">TU<\/a><\/div>\n<div><\/div>\n<div><\/div>\n<div><strong>Fotografie z v\u00fdstavy<\/strong><\/div>\n<div>\n<div class=\"wp-block-image\"><img loading=\"lazy\" decoding=\"async\" class=\"alignnone size-medium wp-image-59335\" src=\"https:\/\/pmza.sk\/wp-content\/uploads\/2023\/09\/IMG_1684-2-507x360.jpg\" alt=\"\" width=\"507\" height=\"360\" srcset=\"https:\/\/pmza.sk\/wp-content\/uploads\/2023\/09\/IMG_1684-2-507x360.jpg 507w, https:\/\/pmza.sk\/wp-content\/uploads\/2023\/09\/IMG_1684-2-1036x736.jpg 1036w, https:\/\/pmza.sk\/wp-content\/uploads\/2023\/09\/IMG_1684-2-768x546.jpg 768w, https:\/\/pmza.sk\/wp-content\/uploads\/2023\/09\/IMG_1684-2-1536x1092.jpg 1536w, https:\/\/pmza.sk\/wp-content\/uploads\/2023\/09\/IMG_1684-2-2048x1456.jpg 2048w, https:\/\/pmza.sk\/wp-content\/uploads\/2023\/09\/IMG_1684-2-600x426.jpg 600w\" sizes=\"(max-width: 507px) 100vw, 507px\" \/><\/div>\n<\/div>\n<div><\/div>\n<div><\/div>\n<div>\n<div class=\"wp-block-image\"><img loading=\"lazy\" decoding=\"async\" class=\"alignnone wp-image-59334\" src=\"https:\/\/pmza.sk\/wp-content\/uploads\/2023\/09\/IMG_1674-483x360.jpg\" alt=\"\" width=\"490\" height=\"365\" srcset=\"https:\/\/pmza.sk\/wp-content\/uploads\/2023\/09\/IMG_1674-483x360.jpg 483w, https:\/\/pmza.sk\/wp-content\/uploads\/2023\/09\/IMG_1674-988x736.jpg 988w, https:\/\/pmza.sk\/wp-content\/uploads\/2023\/09\/IMG_1674-768x572.jpg 768w, https:\/\/pmza.sk\/wp-content\/uploads\/2023\/09\/IMG_1674-1536x1145.jpg 1536w, https:\/\/pmza.sk\/wp-content\/uploads\/2023\/09\/IMG_1674-2048x1526.jpg 2048w, https:\/\/pmza.sk\/wp-content\/uploads\/2023\/09\/IMG_1674-600x447.jpg 600w\" sizes=\"(max-width: 490px) 100vw, 490px\" \/><\/div>\n<\/div>\n<div><\/div>\n<div>\n<div class=\"wp-block-image\"><img loading=\"lazy\" decoding=\"async\" class=\"alignnone wp-image-59338\" src=\"https:\/\/pmza.sk\/wp-content\/uploads\/2023\/09\/IMG_1704-525x360.jpg\" alt=\"\" width=\"497\" height=\"341\" srcset=\"https:\/\/pmza.sk\/wp-content\/uploads\/2023\/09\/IMG_1704-525x360.jpg 525w, https:\/\/pmza.sk\/wp-content\/uploads\/2023\/09\/IMG_1704-1072x736.jpg 1072w, https:\/\/pmza.sk\/wp-content\/uploads\/2023\/09\/IMG_1704-768x527.jpg 768w, https:\/\/pmza.sk\/wp-content\/uploads\/2023\/09\/IMG_1704-1536x1054.jpg 1536w, https:\/\/pmza.sk\/wp-content\/uploads\/2023\/09\/IMG_1704-2048x1406.jpg 2048w, https:\/\/pmza.sk\/wp-content\/uploads\/2023\/09\/IMG_1704-600x412.jpg 600w\" sizes=\"(max-width: 497px) 100vw, 497px\" \/><\/div>\n<\/div>\n<div><\/div>\n<div><\/div>\n<div>\n<div class=\"wp-block-image\"><img loading=\"lazy\" decoding=\"async\" class=\"alignnone wp-image-59339\" src=\"https:\/\/pmza.sk\/wp-content\/uploads\/2023\/09\/IMG_1742-480x360.jpg\" alt=\"\" width=\"419\" height=\"314\" srcset=\"https:\/\/pmza.sk\/wp-content\/uploads\/2023\/09\/IMG_1742-480x360.jpg 480w, https:\/\/pmza.sk\/wp-content\/uploads\/2023\/09\/IMG_1742-981x736.jpg 981w, https:\/\/pmza.sk\/wp-content\/uploads\/2023\/09\/IMG_1742-768x576.jpg 768w, https:\/\/pmza.sk\/wp-content\/uploads\/2023\/09\/IMG_1742-1536x1152.jpg 1536w, https:\/\/pmza.sk\/wp-content\/uploads\/2023\/09\/IMG_1742-2048x1536.jpg 2048w, https:\/\/pmza.sk\/wp-content\/uploads\/2023\/09\/IMG_1742-600x450.jpg 600w\" sizes=\"(max-width: 419px) 100vw, 419px\" \/><\/div>\n<\/div>\n","protected":false},"excerpt":{"rendered":"<p>Poz\u00fdvame V\u00e1s na v\u00fdstavu o \u017eilinsk\u00fdch fabrik\u00e1ch s n\u00e1zvom Chr\u00e1my priemyselnej doby, ktor\u00e1 bude pr\u00edstupn\u00e1 vo v\u00fdstavnej miestnosti kaplnky Budat\u00ednskeho hradu od 6. septembra do 19. novembra 2023. T\u00ed, ktor\u00ed by radi za\u017eili v\u00fdstavu aj so sprievodn\u00fdm slovom autorky v\u00fdstavy Mgr. Zuzany Kudzbelovej, PhD. sa m\u00f4\u017eu z\u00fa\u010dastni\u0165 komentovanej prehliadky, ktor\u00e1 sa uskuto\u010dn\u00ed 31. okt\u00f3bra 2023 [&hellip;]<\/p>\n","protected":false},"author":2,"featured_media":58153,"comment_status":"open","ping_status":"open","sticky":false,"template":"","format":"standard","meta":{"site-sidebar-layout":"default","site-content-layout":"default","ast-site-content-layout":"","site-content-style":"default","site-sidebar-style":"default","ast-global-header-display":"","ast-banner-title-visibility":"","ast-main-header-display":"","ast-hfb-above-header-display":"","ast-hfb-below-header-display":"","ast-hfb-mobile-header-display":"","site-post-title":"","ast-breadcrumbs-content":"","ast-featured-img":"","footer-sml-layout":"","theme-transparent-header-meta":"default","adv-header-id-meta":"","stick-header-meta":"default","header-above-stick-meta":"","header-main-stick-meta":"","header-below-stick-meta":"","astra-migrate-meta-layouts":"default","ast-page-background-enabled":"default","ast-page-background-meta":{"desktop":{"background-color":"var(--ast-global-color-4)","background-image":"","background-repeat":"repeat","background-position":"center center","background-size":"auto","background-attachment":"scroll","background-type":"","background-media":"","overlay-type":"","overlay-color":"","overlay-opacity":"","overlay-gradient":""},"tablet":{"background-color":"","background-image":"","background-repeat":"repeat","background-position":"center center","background-size":"auto","background-attachment":"scroll","background-type":"","background-media":"","overlay-type":"","overlay-color":"","overlay-opacity":"","overlay-gradient":""},"mobile":{"background-color":"","background-image":"","background-repeat":"repeat","background-position":"center center","background-size":"auto","background-attachment":"scroll","background-type":"","background-media":"","overlay-type":"","overlay-color":"","overlay-opacity":"","overlay-gradient":""}},"ast-content-background-meta":{"desktop":{"background-color":"var(--ast-global-color-5)","background-image":"","background-repeat":"repeat","background-position":"center center","background-size":"auto","background-attachment":"scroll","background-type":"","background-media":"","overlay-type":"","overlay-color":"","overlay-opacity":"","overlay-gradient":""},"tablet":{"background-color":"var(--ast-global-color-5)","background-image":"","background-repeat":"repeat","background-position":"center center","background-size":"auto","background-attachment":"scroll","background-type":"","background-media":"","overlay-type":"","overlay-color":"","overlay-opacity":"","overlay-gradient":""},"mobile":{"background-color":"var(--ast-global-color-5)","background-image":"","background-repeat":"repeat","background-position":"center center","background-size":"auto","background-attachment":"scroll","background-type":"","background-media":"","overlay-type":"","overlay-color":"","overlay-opacity":"","overlay-gradient":""}},"footnotes":""},"categories":[72],"tags":[],"class_list":["post-58150","post","type-post","status-publish","format-standard","has-post-thumbnail","hentry","category-vystavy"],"yoast_head":"<!-- This site is optimized with the Yoast SEO plugin v27.4 - https:\/\/yoast.com\/product\/yoast-seo-wordpress\/ -->\n<title>Chr\u00e1my priemyselnej doby - Pova\u017esk\u00e9 m\u00fazeum<\/title>\n<meta name=\"robots\" content=\"index, follow, max-snippet:-1, max-image-preview:large, max-video-preview:-1\" \/>\n<link rel=\"canonical\" href=\"https:\/\/pmza.sk\/?p=58150\" \/>\n<meta property=\"og:locale\" content=\"sk_SK\" \/>\n<meta property=\"og:type\" content=\"article\" \/>\n<meta property=\"og:title\" content=\"Chr\u00e1my priemyselnej doby - Pova\u017esk\u00e9 m\u00fazeum\" \/>\n<meta property=\"og:description\" content=\"Poz\u00fdvame V\u00e1s na v\u00fdstavu o \u017eilinsk\u00fdch fabrik\u00e1ch s n\u00e1zvom Chr\u00e1my priemyselnej doby, ktor\u00e1 bude pr\u00edstupn\u00e1 vo v\u00fdstavnej miestnosti kaplnky Budat\u00ednskeho hradu od 6. septembra do 19. novembra 2023. T\u00ed, ktor\u00ed by radi za\u017eili v\u00fdstavu aj so sprievodn\u00fdm slovom autorky v\u00fdstavy Mgr. Zuzany Kudzbelovej, PhD. sa m\u00f4\u017eu z\u00fa\u010dastni\u0165 komentovanej prehliadky, ktor\u00e1 sa uskuto\u010dn\u00ed 31. okt\u00f3bra 2023 [&hellip;]\" \/>\n<meta property=\"og:url\" content=\"https:\/\/pmza.sk\/?p=58150\" \/>\n<meta property=\"og:site_name\" content=\"Pova\u017esk\u00e9 m\u00fazeum\" \/>\n<meta property=\"article:publisher\" content=\"https:\/\/www.facebook.com\/povazskemuzeum\" \/>\n<meta property=\"article:published_time\" content=\"2023-09-04T08:37:33+00:00\" \/>\n<meta property=\"article:modified_time\" content=\"2023-11-24T10:45:12+00:00\" \/>\n<meta property=\"og:image\" content=\"https:\/\/pmza.sk\/wp-content\/uploads\/2023\/09\/Fabriky_web-scaled.jpg\" \/>\n\t<meta property=\"og:image:width\" content=\"2560\" \/>\n\t<meta property=\"og:image:height\" content=\"2560\" \/>\n\t<meta property=\"og:image:type\" content=\"image\/jpeg\" \/>\n<meta name=\"author\" content=\"Pova\u017esk\u00e9 m\u00fazeum\" \/>\n<meta name=\"twitter:card\" content=\"summary_large_image\" \/>\n<meta name=\"twitter:label1\" content=\"Autor\" \/>\n\t<meta name=\"twitter:data1\" content=\"Pova\u017esk\u00e9 m\u00fazeum\" \/>\n\t<meta name=\"twitter:label2\" content=\"Predpokladan\u00fd \u010das \u010d\u00edtania\" \/>\n\t<meta name=\"twitter:data2\" content=\"2 min\u00faty\" \/>\n<script type=\"application\/ld+json\" class=\"yoast-schema-graph\">{\"@context\":\"https:\\\/\\\/schema.org\",\"@graph\":[{\"@type\":\"Article\",\"@id\":\"https:\\\/\\\/pmza.sk\\\/?p=58150#article\",\"isPartOf\":{\"@id\":\"https:\\\/\\\/pmza.sk\\\/?p=58150\"},\"author\":{\"name\":\"Pova\u017esk\u00e9 m\u00fazeum\",\"@id\":\"https:\\\/\\\/pmza.sk\\\/#\\\/schema\\\/person\\\/595e6a2ce731ea94dcd5d7f50a41ae33\"},\"headline\":\"Chr\u00e1my priemyselnej doby\",\"datePublished\":\"2023-09-04T08:37:33+00:00\",\"dateModified\":\"2023-11-24T10:45:12+00:00\",\"mainEntityOfPage\":{\"@id\":\"https:\\\/\\\/pmza.sk\\\/?p=58150\"},\"wordCount\":424,\"commentCount\":0,\"publisher\":{\"@id\":\"https:\\\/\\\/pmza.sk\\\/#organization\"},\"image\":{\"@id\":\"https:\\\/\\\/pmza.sk\\\/?p=58150#primaryimage\"},\"thumbnailUrl\":\"https:\\\/\\\/pmza.sk\\\/wp-content\\\/uploads\\\/2023\\\/09\\\/Fabriky_web-scaled.jpg\",\"articleSection\":[\"V\u00fdstavy\"],\"inLanguage\":\"sk-SK\"},{\"@type\":\"WebPage\",\"@id\":\"https:\\\/\\\/pmza.sk\\\/?p=58150\",\"url\":\"https:\\\/\\\/pmza.sk\\\/?p=58150\",\"name\":\"Chr\u00e1my priemyselnej doby - Pova\u017esk\u00e9 m\u00fazeum\",\"isPartOf\":{\"@id\":\"https:\\\/\\\/pmza.sk\\\/#website\"},\"primaryImageOfPage\":{\"@id\":\"https:\\\/\\\/pmza.sk\\\/?p=58150#primaryimage\"},\"image\":{\"@id\":\"https:\\\/\\\/pmza.sk\\\/?p=58150#primaryimage\"},\"thumbnailUrl\":\"https:\\\/\\\/pmza.sk\\\/wp-content\\\/uploads\\\/2023\\\/09\\\/Fabriky_web-scaled.jpg\",\"datePublished\":\"2023-09-04T08:37:33+00:00\",\"dateModified\":\"2023-11-24T10:45:12+00:00\",\"breadcrumb\":{\"@id\":\"https:\\\/\\\/pmza.sk\\\/?p=58150#breadcrumb\"},\"inLanguage\":\"sk-SK\",\"potentialAction\":[{\"@type\":\"ReadAction\",\"target\":[\"https:\\\/\\\/pmza.sk\\\/?p=58150\"]}]},{\"@type\":\"ImageObject\",\"inLanguage\":\"sk-SK\",\"@id\":\"https:\\\/\\\/pmza.sk\\\/?p=58150#primaryimage\",\"url\":\"https:\\\/\\\/pmza.sk\\\/wp-content\\\/uploads\\\/2023\\\/09\\\/Fabriky_web-scaled.jpg\",\"contentUrl\":\"https:\\\/\\\/pmza.sk\\\/wp-content\\\/uploads\\\/2023\\\/09\\\/Fabriky_web-scaled.jpg\",\"width\":2560,\"height\":2560},{\"@type\":\"BreadcrumbList\",\"@id\":\"https:\\\/\\\/pmza.sk\\\/?p=58150#breadcrumb\",\"itemListElement\":[{\"@type\":\"ListItem\",\"position\":1,\"name\":\"Domovsk\u00e1 str\u00e1nka\",\"item\":\"https:\\\/\\\/pmza.sk\\\/\"},{\"@type\":\"ListItem\",\"position\":2,\"name\":\"Chr\u00e1my priemyselnej doby\"}]},{\"@type\":\"WebSite\",\"@id\":\"https:\\\/\\\/pmza.sk\\\/#website\",\"url\":\"https:\\\/\\\/pmza.sk\\\/\",\"name\":\"Pova\u017esk\u00e9 m\u00fazeum\",\"description\":\"Pova\u017esk\u00e9 m\u00fazeum v \u017diline je region\u00e1lne m\u00fazeum so s\u00eddlom v Budat\u00edne. Jeho expoz\u00edcie s\u00fa zameran\u00e9 na dejiny slovensk\u00e9ho umenia, kult\u00fary a dopravy.\",\"publisher\":{\"@id\":\"https:\\\/\\\/pmza.sk\\\/#organization\"},\"potentialAction\":[{\"@type\":\"SearchAction\",\"target\":{\"@type\":\"EntryPoint\",\"urlTemplate\":\"https:\\\/\\\/pmza.sk\\\/?s={search_term_string}\"},\"query-input\":{\"@type\":\"PropertyValueSpecification\",\"valueRequired\":true,\"valueName\":\"search_term_string\"}}],\"inLanguage\":\"sk-SK\"},{\"@type\":\"Organization\",\"@id\":\"https:\\\/\\\/pmza.sk\\\/#organization\",\"name\":\"Pova\u017esk\u00e9 m\u00fazeum\",\"url\":\"https:\\\/\\\/pmza.sk\\\/\",\"logo\":{\"@type\":\"ImageObject\",\"inLanguage\":\"sk-SK\",\"@id\":\"https:\\\/\\\/pmza.sk\\\/#\\\/schema\\\/logo\\\/image\\\/\",\"url\":\"https:\\\/\\\/pmza.sk\\\/wp-content\\\/uploads\\\/2022\\\/01\\\/logo_PM_horizontal.jpg\",\"contentUrl\":\"https:\\\/\\\/pmza.sk\\\/wp-content\\\/uploads\\\/2022\\\/01\\\/logo_PM_horizontal.jpg\",\"width\":231,\"height\":142,\"caption\":\"Pova\u017esk\u00e9 m\u00fazeum\"},\"image\":{\"@id\":\"https:\\\/\\\/pmza.sk\\\/#\\\/schema\\\/logo\\\/image\\\/\"},\"sameAs\":[\"https:\\\/\\\/www.facebook.com\\\/povazskemuzeum\",\"https:\\\/\\\/www.instagram.com\\\/povazskemuzeum\\\/\"]},{\"@type\":\"Person\",\"@id\":\"https:\\\/\\\/pmza.sk\\\/#\\\/schema\\\/person\\\/595e6a2ce731ea94dcd5d7f50a41ae33\",\"name\":\"Pova\u017esk\u00e9 m\u00fazeum\",\"image\":{\"@type\":\"ImageObject\",\"inLanguage\":\"sk-SK\",\"@id\":\"https:\\\/\\\/secure.gravatar.com\\\/avatar\\\/2bb7f1561282132fb5826dfeccc66c7996d11ee392ac6aaf7ced8a1c2027fbb2?s=96&d=mm&r=g\",\"url\":\"https:\\\/\\\/secure.gravatar.com\\\/avatar\\\/2bb7f1561282132fb5826dfeccc66c7996d11ee392ac6aaf7ced8a1c2027fbb2?s=96&d=mm&r=g\",\"contentUrl\":\"https:\\\/\\\/secure.gravatar.com\\\/avatar\\\/2bb7f1561282132fb5826dfeccc66c7996d11ee392ac6aaf7ced8a1c2027fbb2?s=96&d=mm&r=g\",\"caption\":\"Pova\u017esk\u00e9 m\u00fazeum\"}}]}<\/script>\n<!-- \/ Yoast SEO plugin. -->","yoast_head_json":{"title":"Chr\u00e1my priemyselnej doby - Pova\u017esk\u00e9 m\u00fazeum","robots":{"index":"index","follow":"follow","max-snippet":"max-snippet:-1","max-image-preview":"max-image-preview:large","max-video-preview":"max-video-preview:-1"},"canonical":"https:\/\/pmza.sk\/?p=58150","og_locale":"sk_SK","og_type":"article","og_title":"Chr\u00e1my priemyselnej doby - Pova\u017esk\u00e9 m\u00fazeum","og_description":"Poz\u00fdvame V\u00e1s na v\u00fdstavu o \u017eilinsk\u00fdch fabrik\u00e1ch s n\u00e1zvom Chr\u00e1my priemyselnej doby, ktor\u00e1 bude pr\u00edstupn\u00e1 vo v\u00fdstavnej miestnosti kaplnky Budat\u00ednskeho hradu od 6. septembra do 19. novembra 2023. T\u00ed, ktor\u00ed by radi za\u017eili v\u00fdstavu aj so sprievodn\u00fdm slovom autorky v\u00fdstavy Mgr. Zuzany Kudzbelovej, PhD. sa m\u00f4\u017eu z\u00fa\u010dastni\u0165 komentovanej prehliadky, ktor\u00e1 sa uskuto\u010dn\u00ed 31. okt\u00f3bra 2023 [&hellip;]","og_url":"https:\/\/pmza.sk\/?p=58150","og_site_name":"Pova\u017esk\u00e9 m\u00fazeum","article_publisher":"https:\/\/www.facebook.com\/povazskemuzeum","article_published_time":"2023-09-04T08:37:33+00:00","article_modified_time":"2023-11-24T10:45:12+00:00","og_image":[{"width":2560,"height":2560,"url":"https:\/\/pmza.sk\/wp-content\/uploads\/2023\/09\/Fabriky_web-scaled.jpg","type":"image\/jpeg"}],"author":"Pova\u017esk\u00e9 m\u00fazeum","twitter_card":"summary_large_image","twitter_misc":{"Autor":"Pova\u017esk\u00e9 m\u00fazeum","Predpokladan\u00fd \u010das \u010d\u00edtania":"2 min\u00faty"},"schema":{"@context":"https:\/\/schema.org","@graph":[{"@type":"Article","@id":"https:\/\/pmza.sk\/?p=58150#article","isPartOf":{"@id":"https:\/\/pmza.sk\/?p=58150"},"author":{"name":"Pova\u017esk\u00e9 m\u00fazeum","@id":"https:\/\/pmza.sk\/#\/schema\/person\/595e6a2ce731ea94dcd5d7f50a41ae33"},"headline":"Chr\u00e1my priemyselnej doby","datePublished":"2023-09-04T08:37:33+00:00","dateModified":"2023-11-24T10:45:12+00:00","mainEntityOfPage":{"@id":"https:\/\/pmza.sk\/?p=58150"},"wordCount":424,"commentCount":0,"publisher":{"@id":"https:\/\/pmza.sk\/#organization"},"image":{"@id":"https:\/\/pmza.sk\/?p=58150#primaryimage"},"thumbnailUrl":"https:\/\/pmza.sk\/wp-content\/uploads\/2023\/09\/Fabriky_web-scaled.jpg","articleSection":["V\u00fdstavy"],"inLanguage":"sk-SK"},{"@type":"WebPage","@id":"https:\/\/pmza.sk\/?p=58150","url":"https:\/\/pmza.sk\/?p=58150","name":"Chr\u00e1my priemyselnej doby - Pova\u017esk\u00e9 m\u00fazeum","isPartOf":{"@id":"https:\/\/pmza.sk\/#website"},"primaryImageOfPage":{"@id":"https:\/\/pmza.sk\/?p=58150#primaryimage"},"image":{"@id":"https:\/\/pmza.sk\/?p=58150#primaryimage"},"thumbnailUrl":"https:\/\/pmza.sk\/wp-content\/uploads\/2023\/09\/Fabriky_web-scaled.jpg","datePublished":"2023-09-04T08:37:33+00:00","dateModified":"2023-11-24T10:45:12+00:00","breadcrumb":{"@id":"https:\/\/pmza.sk\/?p=58150#breadcrumb"},"inLanguage":"sk-SK","potentialAction":[{"@type":"ReadAction","target":["https:\/\/pmza.sk\/?p=58150"]}]},{"@type":"ImageObject","inLanguage":"sk-SK","@id":"https:\/\/pmza.sk\/?p=58150#primaryimage","url":"https:\/\/pmza.sk\/wp-content\/uploads\/2023\/09\/Fabriky_web-scaled.jpg","contentUrl":"https:\/\/pmza.sk\/wp-content\/uploads\/2023\/09\/Fabriky_web-scaled.jpg","width":2560,"height":2560},{"@type":"BreadcrumbList","@id":"https:\/\/pmza.sk\/?p=58150#breadcrumb","itemListElement":[{"@type":"ListItem","position":1,"name":"Domovsk\u00e1 str\u00e1nka","item":"https:\/\/pmza.sk\/"},{"@type":"ListItem","position":2,"name":"Chr\u00e1my priemyselnej doby"}]},{"@type":"WebSite","@id":"https:\/\/pmza.sk\/#website","url":"https:\/\/pmza.sk\/","name":"Pova\u017esk\u00e9 m\u00fazeum","description":"Pova\u017esk\u00e9 m\u00fazeum v \u017diline je region\u00e1lne m\u00fazeum so s\u00eddlom v Budat\u00edne. Jeho expoz\u00edcie s\u00fa zameran\u00e9 na dejiny slovensk\u00e9ho umenia, kult\u00fary a dopravy.","publisher":{"@id":"https:\/\/pmza.sk\/#organization"},"potentialAction":[{"@type":"SearchAction","target":{"@type":"EntryPoint","urlTemplate":"https:\/\/pmza.sk\/?s={search_term_string}"},"query-input":{"@type":"PropertyValueSpecification","valueRequired":true,"valueName":"search_term_string"}}],"inLanguage":"sk-SK"},{"@type":"Organization","@id":"https:\/\/pmza.sk\/#organization","name":"Pova\u017esk\u00e9 m\u00fazeum","url":"https:\/\/pmza.sk\/","logo":{"@type":"ImageObject","inLanguage":"sk-SK","@id":"https:\/\/pmza.sk\/#\/schema\/logo\/image\/","url":"https:\/\/pmza.sk\/wp-content\/uploads\/2022\/01\/logo_PM_horizontal.jpg","contentUrl":"https:\/\/pmza.sk\/wp-content\/uploads\/2022\/01\/logo_PM_horizontal.jpg","width":231,"height":142,"caption":"Pova\u017esk\u00e9 m\u00fazeum"},"image":{"@id":"https:\/\/pmza.sk\/#\/schema\/logo\/image\/"},"sameAs":["https:\/\/www.facebook.com\/povazskemuzeum","https:\/\/www.instagram.com\/povazskemuzeum\/"]},{"@type":"Person","@id":"https:\/\/pmza.sk\/#\/schema\/person\/595e6a2ce731ea94dcd5d7f50a41ae33","name":"Pova\u017esk\u00e9 m\u00fazeum","image":{"@type":"ImageObject","inLanguage":"sk-SK","@id":"https:\/\/secure.gravatar.com\/avatar\/2bb7f1561282132fb5826dfeccc66c7996d11ee392ac6aaf7ced8a1c2027fbb2?s=96&d=mm&r=g","url":"https:\/\/secure.gravatar.com\/avatar\/2bb7f1561282132fb5826dfeccc66c7996d11ee392ac6aaf7ced8a1c2027fbb2?s=96&d=mm&r=g","contentUrl":"https:\/\/secure.gravatar.com\/avatar\/2bb7f1561282132fb5826dfeccc66c7996d11ee392ac6aaf7ced8a1c2027fbb2?s=96&d=mm&r=g","caption":"Pova\u017esk\u00e9 m\u00fazeum"}}]}},"_links":{"self":[{"href":"https:\/\/pmza.sk\/index.php?rest_route=\/wp\/v2\/posts\/58150","targetHints":{"allow":["GET"]}}],"collection":[{"href":"https:\/\/pmza.sk\/index.php?rest_route=\/wp\/v2\/posts"}],"about":[{"href":"https:\/\/pmza.sk\/index.php?rest_route=\/wp\/v2\/types\/post"}],"author":[{"embeddable":true,"href":"https:\/\/pmza.sk\/index.php?rest_route=\/wp\/v2\/users\/2"}],"replies":[{"embeddable":true,"href":"https:\/\/pmza.sk\/index.php?rest_route=%2Fwp%2Fv2%2Fcomments&post=58150"}],"version-history":[{"count":0,"href":"https:\/\/pmza.sk\/index.php?rest_route=\/wp\/v2\/posts\/58150\/revisions"}],"wp:featuredmedia":[{"embeddable":true,"href":"https:\/\/pmza.sk\/index.php?rest_route=\/wp\/v2\/media\/58153"}],"wp:attachment":[{"href":"https:\/\/pmza.sk\/index.php?rest_route=%2Fwp%2Fv2%2Fmedia&parent=58150"}],"wp:term":[{"taxonomy":"category","embeddable":true,"href":"https:\/\/pmza.sk\/index.php?rest_route=%2Fwp%2Fv2%2Fcategories&post=58150"},{"taxonomy":"post_tag","embeddable":true,"href":"https:\/\/pmza.sk\/index.php?rest_route=%2Fwp%2Fv2%2Ftags&post=58150"}],"curies":[{"name":"wp","href":"https:\/\/api.w.org\/{rel}","templated":true}]}}