{"id":5827,"date":"2012-06-27T14:17:06","date_gmt":"2012-06-27T12:17:06","guid":{"rendered":"https:\/\/pmza.sk.sk\/?p=5827"},"modified":"2012-06-27T14:17:06","modified_gmt":"2012-06-27T12:17:06","slug":"duchovia-elfovia-strecniansky-des-a-dracula","status":"publish","type":"post","link":"https:\/\/pmza.sk\/?p=5827","title":{"rendered":"Duchovia, elfovia, stre\u010dniansky des a Dracula"},"content":{"rendered":"<p><strong><\/strong><a href=\"https:\/\/pmza.sk\/wp-content\/uploads\/2012\/06\/strecniansky-des-2011-scaled-1.jpg\"><img fetchpriority=\"high\" decoding=\"async\" class=\"alignleft size-medium wp-image-5828\" style=\"margin: 4px;\" title=\"strecniansky des 2011\" src=\"https:\/\/pmza.sk.sk\/wp-content\/uploads\/2012\/06\/strecniansky-des-2011-300x186.jpg\" alt=\"\" width=\"300\" height=\"186\" \/><\/a>Letn\u00e9 pr\u00e1zdniny s\u00fa pre mnoh\u00fdch n\u00e1v\u0161tevn\u00edkov hradu Stre\u010dno nepredstavite\u013en\u00e9 bez stra\u0161ideln\u00fdch no\u010dn\u00fdch prehliadok, ktor\u00e9 patria k\u00a0najvyh\u013ead\u00e1vanej\u0161\u00edm a\u00a0najnav\u0161tevovanej\u0161\u00edm podujatiam. U\u017e v\u00a0piatok 6. j\u00fala 2012 sa <strong>Duchovia, elfovia a\u00a0\u010fal\u0161ie stre\u010dnianske desy<\/strong> te\u0161ia na \u013eaku chtiv\u00fdch a\u00a0z\u00e1rove\u0148 z\u00e1bavy chtiv\u00fdch host\u00ed prvej stra\u0161idelnej n\u00e1v\u0161tevy hradu.<\/p>\n<p>\u201e<em>Duchovia, elfovia, stre\u010dniansky des sa po\u010das svojej trojro\u010dnej existencie stali vyh\u013ead\u00e1vanou zna\u010dkou na trhu slovensk\u00fdch kult\u00farnych aktiv\u00edt. Aj vzh\u013eadom k\u00a0nie ve\u013ek\u00fdm priestorom hradu Stre\u010dno a\u00a0\u010dasov\u00e9mu rozp\u00e4tiu tohto podujatia, sa ho pravidelne z\u00fa\u010dastn\u00ed od 500 do 1\u00a0000 n\u00e1v\u0161tevn\u00edko<\/em>v,\u201c uviedol Boris Schubert, riadite\u013e Pova\u017esk\u00e9ho m\u00fazea v \u017diline.<!--more--><\/p>\n<p>V\u00a0prv\u00fa j\u00falov\u00fa sobotu nebud\u00fa ch\u00fdba\u0165 bizarn\u00e9 pr\u00edzraky ako napr\u00edklad tancuj\u00face Biele panie, hr\u00f4zostra\u0161n\u00e1 violon\u010delistka Med\u00faza alebo kuch\u00e1r sekaj\u00faci dobrotu. Hos\u0165uj\u00facim p\u00e1nom hradu a noci bude tentokr\u00e1t transylv\u00e1nske knie\u017ea Dracula. A\u00a0preto by mal by\u0165 v povinnej v\u00fdbave ka\u017ed\u00e9ho n\u00e1v\u0161tevn\u00edka\u00a0 no\u010dnej prehliadky okrem baterky najm\u00e4 cesnak. \u201e<em>Toto leto bude hrad Stre\u010dno desi\u0165 \u0161tyri kr\u00e1t. U\u017e onedlho sa m\u00f4\u017eu priaznivci no\u010dn\u00fdch prehliadok te\u0161i\u0165 okrem zn\u00e1mych stra\u0161idielok aj na no\u010dn\u00e9 pozorovania oblohy, ktor\u00e9 sme v minulosti realizovali v\u00a0spolupr\u00e1ci s\u00a0Pova\u017eskou hvezd\u00e1r\u0148ou v\u00a0\u017diline,<\/em>\u201c dodal Boris Schubert.<\/p>\n<p>Organiz\u00e1torom prvej no\u010dnej stra\u0161idelnej prehliadky na hrade Stre\u010dno pod n\u00e1zvom Duchovia, elfovia, stre\u010dniansky des v\u00a0piatok 6. j\u00fala 2012 od 20,00h do 23,00h je \u017dilinsk\u00fd samospr\u00e1vny kraj a\u00a0Pova\u017esk\u00e9 m\u00fazeum v\u00a0\u017diline.<\/p>\n","protected":false},"excerpt":{"rendered":"<p>Letn\u00e9 pr\u00e1zdniny s\u00fa pre mnoh\u00fdch n\u00e1v\u0161tevn\u00edkov hradu Stre\u010dno nepredstavite\u013en\u00e9 bez stra\u0161ideln\u00fdch no\u010dn\u00fdch prehliadok, ktor\u00e9 patria k\u00a0najvyh\u013ead\u00e1vanej\u0161\u00edm a\u00a0najnav\u0161tevovanej\u0161\u00edm podujatiam. U\u017e v\u00a0piatok 6. j\u00fala 2012 sa Duchovia, elfovia a\u00a0\u010fal\u0161ie stre\u010dnianske desy te\u0161ia na \u013eaku chtiv\u00fdch a\u00a0z\u00e1rove\u0148 z\u00e1bavy chtiv\u00fdch host\u00ed prvej stra\u0161idelnej n\u00e1v\u0161tevy hradu. \u201eDuchovia, elfovia, stre\u010dniansky des sa po\u010das svojej trojro\u010dnej existencie stali vyh\u013ead\u00e1vanou zna\u010dkou na trhu [&hellip;]<\/p>\n","protected":false},"author":2,"featured_media":0,"comment_status":"closed","ping_status":"closed","sticky":false,"template":"","format":"standard","meta":{"site-sidebar-layout":"default","site-content-layout":"","ast-site-content-layout":"","site-content-style":"default","site-sidebar-style":"default","ast-global-header-display":"","ast-banner-title-visibility":"","ast-main-header-display":"","ast-hfb-above-header-display":"","ast-hfb-below-header-display":"","ast-hfb-mobile-header-display":"","site-post-title":"","ast-breadcrumbs-content":"","ast-featured-img":"","footer-sml-layout":"","theme-transparent-header-meta":"","adv-header-id-meta":"","stick-header-meta":"","header-above-stick-meta":"","header-main-stick-meta":"","header-below-stick-meta":"","astra-migrate-meta-layouts":"default","ast-page-background-enabled":"default","ast-page-background-meta":{"desktop":{"background-color":"var(--ast-global-color-4)","background-image":"","background-repeat":"repeat","background-position":"center center","background-size":"auto","background-attachment":"scroll","background-type":"","background-media":"","overlay-type":"","overlay-color":"","overlay-opacity":"","overlay-gradient":""},"tablet":{"background-color":"","background-image":"","background-repeat":"repeat","background-position":"center center","background-size":"auto","background-attachment":"scroll","background-type":"","background-media":"","overlay-type":"","overlay-color":"","overlay-opacity":"","overlay-gradient":""},"mobile":{"background-color":"","background-image":"","background-repeat":"repeat","background-position":"center center","background-size":"auto","background-attachment":"scroll","background-type":"","background-media":"","overlay-type":"","overlay-color":"","overlay-opacity":"","overlay-gradient":""}},"ast-content-background-meta":{"desktop":{"background-color":"var(--ast-global-color-5)","background-image":"","background-repeat":"repeat","background-position":"center center","background-size":"auto","background-attachment":"scroll","background-type":"","background-media":"","overlay-type":"","overlay-color":"","overlay-opacity":"","overlay-gradient":""},"tablet":{"background-color":"var(--ast-global-color-5)","background-image":"","background-repeat":"repeat","background-position":"center center","background-size":"auto","background-attachment":"scroll","background-type":"","background-media":"","overlay-type":"","overlay-color":"","overlay-opacity":"","overlay-gradient":""},"mobile":{"background-color":"var(--ast-global-color-5)","background-image":"","background-repeat":"repeat","background-position":"center center","background-size":"auto","background-attachment":"scroll","background-type":"","background-media":"","overlay-type":"","overlay-color":"","overlay-opacity":"","overlay-gradient":""}},"footnotes":""},"categories":[32],"tags":[],"class_list":["post-5827","post","type-post","status-publish","format-standard","hentry","category-archiv-2012"],"yoast_head":"<!-- This site is optimized with the Yoast SEO plugin v27.4 - https:\/\/yoast.com\/product\/yoast-seo-wordpress\/ -->\n<title>Duchovia, elfovia, stre\u010dniansky des a Dracula - Pova\u017esk\u00e9 m\u00fazeum<\/title>\n<meta name=\"robots\" content=\"index, follow, max-snippet:-1, max-image-preview:large, max-video-preview:-1\" \/>\n<link rel=\"canonical\" href=\"https:\/\/pmza.sk\/?p=5827\" \/>\n<meta property=\"og:locale\" content=\"sk_SK\" \/>\n<meta property=\"og:type\" content=\"article\" \/>\n<meta property=\"og:title\" content=\"Duchovia, elfovia, stre\u010dniansky des a Dracula - Pova\u017esk\u00e9 m\u00fazeum\" \/>\n<meta property=\"og:description\" content=\"Letn\u00e9 pr\u00e1zdniny s\u00fa pre mnoh\u00fdch n\u00e1v\u0161tevn\u00edkov hradu Stre\u010dno nepredstavite\u013en\u00e9 bez stra\u0161ideln\u00fdch no\u010dn\u00fdch prehliadok, ktor\u00e9 patria k\u00a0najvyh\u013ead\u00e1vanej\u0161\u00edm a\u00a0najnav\u0161tevovanej\u0161\u00edm podujatiam. U\u017e v\u00a0piatok 6. j\u00fala 2012 sa Duchovia, elfovia a\u00a0\u010fal\u0161ie stre\u010dnianske desy te\u0161ia na \u013eaku chtiv\u00fdch a\u00a0z\u00e1rove\u0148 z\u00e1bavy chtiv\u00fdch host\u00ed prvej stra\u0161idelnej n\u00e1v\u0161tevy hradu. \u201eDuchovia, elfovia, stre\u010dniansky des sa po\u010das svojej trojro\u010dnej existencie stali vyh\u013ead\u00e1vanou zna\u010dkou na trhu [&hellip;]\" \/>\n<meta property=\"og:url\" content=\"https:\/\/pmza.sk\/?p=5827\" \/>\n<meta property=\"og:site_name\" content=\"Pova\u017esk\u00e9 m\u00fazeum\" \/>\n<meta property=\"article:publisher\" content=\"https:\/\/www.facebook.com\/povazskemuzeum\" \/>\n<meta property=\"article:published_time\" content=\"2012-06-27T12:17:06+00:00\" \/>\n<meta property=\"og:image\" content=\"https:\/\/pmza.sk.sk\/wp-content\/uploads\/2012\/06\/strecniansky-des-2011-300x186.jpg\" \/>\n<meta name=\"author\" content=\"Pova\u017esk\u00e9 m\u00fazeum\" \/>\n<meta name=\"twitter:card\" content=\"summary_large_image\" \/>\n<meta name=\"twitter:label1\" content=\"Autor\" \/>\n\t<meta name=\"twitter:data1\" content=\"Pova\u017esk\u00e9 m\u00fazeum\" \/>\n\t<meta name=\"twitter:label2\" content=\"Predpokladan\u00fd \u010das \u010d\u00edtania\" \/>\n\t<meta name=\"twitter:data2\" content=\"2 min\u00faty\" \/>\n<script type=\"application\/ld+json\" class=\"yoast-schema-graph\">{\"@context\":\"https:\\\/\\\/schema.org\",\"@graph\":[{\"@type\":\"Article\",\"@id\":\"https:\\\/\\\/pmza.sk\\\/?p=5827#article\",\"isPartOf\":{\"@id\":\"https:\\\/\\\/pmza.sk\\\/?p=5827\"},\"author\":{\"name\":\"Pova\u017esk\u00e9 m\u00fazeum\",\"@id\":\"https:\\\/\\\/pmza.sk\\\/#\\\/schema\\\/person\\\/595e6a2ce731ea94dcd5d7f50a41ae33\"},\"headline\":\"Duchovia, elfovia, stre\u010dniansky des a Dracula\",\"datePublished\":\"2012-06-27T12:17:06+00:00\",\"mainEntityOfPage\":{\"@id\":\"https:\\\/\\\/pmza.sk\\\/?p=5827\"},\"wordCount\":307,\"publisher\":{\"@id\":\"https:\\\/\\\/pmza.sk\\\/#organization\"},\"image\":{\"@id\":\"https:\\\/\\\/pmza.sk\\\/?p=5827#primaryimage\"},\"thumbnailUrl\":\"http:\\\/\\\/pmza.sk.sk\\\/wp-content\\\/uploads\\\/2012\\\/06\\\/strecniansky-des-2011-300x186.jpg\",\"articleSection\":[\"Arch\u00edv 2012\"],\"inLanguage\":\"sk-SK\"},{\"@type\":\"WebPage\",\"@id\":\"https:\\\/\\\/pmza.sk\\\/?p=5827\",\"url\":\"https:\\\/\\\/pmza.sk\\\/?p=5827\",\"name\":\"Duchovia, elfovia, stre\u010dniansky des a Dracula - Pova\u017esk\u00e9 m\u00fazeum\",\"isPartOf\":{\"@id\":\"https:\\\/\\\/pmza.sk\\\/#website\"},\"primaryImageOfPage\":{\"@id\":\"https:\\\/\\\/pmza.sk\\\/?p=5827#primaryimage\"},\"image\":{\"@id\":\"https:\\\/\\\/pmza.sk\\\/?p=5827#primaryimage\"},\"thumbnailUrl\":\"http:\\\/\\\/pmza.sk.sk\\\/wp-content\\\/uploads\\\/2012\\\/06\\\/strecniansky-des-2011-300x186.jpg\",\"datePublished\":\"2012-06-27T12:17:06+00:00\",\"breadcrumb\":{\"@id\":\"https:\\\/\\\/pmza.sk\\\/?p=5827#breadcrumb\"},\"inLanguage\":\"sk-SK\",\"potentialAction\":[{\"@type\":\"ReadAction\",\"target\":[\"https:\\\/\\\/pmza.sk\\\/?p=5827\"]}]},{\"@type\":\"ImageObject\",\"inLanguage\":\"sk-SK\",\"@id\":\"https:\\\/\\\/pmza.sk\\\/?p=5827#primaryimage\",\"url\":\"http:\\\/\\\/pmza.sk.sk\\\/wp-content\\\/uploads\\\/2012\\\/06\\\/strecniansky-des-2011-300x186.jpg\",\"contentUrl\":\"http:\\\/\\\/pmza.sk.sk\\\/wp-content\\\/uploads\\\/2012\\\/06\\\/strecniansky-des-2011-300x186.jpg\"},{\"@type\":\"BreadcrumbList\",\"@id\":\"https:\\\/\\\/pmza.sk\\\/?p=5827#breadcrumb\",\"itemListElement\":[{\"@type\":\"ListItem\",\"position\":1,\"name\":\"Domovsk\u00e1 str\u00e1nka\",\"item\":\"https:\\\/\\\/pmza.sk\\\/\"},{\"@type\":\"ListItem\",\"position\":2,\"name\":\"Duchovia, elfovia, stre\u010dniansky des a Dracula\"}]},{\"@type\":\"WebSite\",\"@id\":\"https:\\\/\\\/pmza.sk\\\/#website\",\"url\":\"https:\\\/\\\/pmza.sk\\\/\",\"name\":\"Pova\u017esk\u00e9 m\u00fazeum\",\"description\":\"Pova\u017esk\u00e9 m\u00fazeum v \u017diline je region\u00e1lne m\u00fazeum so s\u00eddlom v Budat\u00edne. Jeho expoz\u00edcie s\u00fa zameran\u00e9 na dejiny slovensk\u00e9ho umenia, kult\u00fary a dopravy.\",\"publisher\":{\"@id\":\"https:\\\/\\\/pmza.sk\\\/#organization\"},\"potentialAction\":[{\"@type\":\"SearchAction\",\"target\":{\"@type\":\"EntryPoint\",\"urlTemplate\":\"https:\\\/\\\/pmza.sk\\\/?s={search_term_string}\"},\"query-input\":{\"@type\":\"PropertyValueSpecification\",\"valueRequired\":true,\"valueName\":\"search_term_string\"}}],\"inLanguage\":\"sk-SK\"},{\"@type\":\"Organization\",\"@id\":\"https:\\\/\\\/pmza.sk\\\/#organization\",\"name\":\"Pova\u017esk\u00e9 m\u00fazeum\",\"url\":\"https:\\\/\\\/pmza.sk\\\/\",\"logo\":{\"@type\":\"ImageObject\",\"inLanguage\":\"sk-SK\",\"@id\":\"https:\\\/\\\/pmza.sk\\\/#\\\/schema\\\/logo\\\/image\\\/\",\"url\":\"https:\\\/\\\/pmza.sk\\\/wp-content\\\/uploads\\\/2022\\\/01\\\/logo_PM_horizontal.jpg\",\"contentUrl\":\"https:\\\/\\\/pmza.sk\\\/wp-content\\\/uploads\\\/2022\\\/01\\\/logo_PM_horizontal.jpg\",\"width\":231,\"height\":142,\"caption\":\"Pova\u017esk\u00e9 m\u00fazeum\"},\"image\":{\"@id\":\"https:\\\/\\\/pmza.sk\\\/#\\\/schema\\\/logo\\\/image\\\/\"},\"sameAs\":[\"https:\\\/\\\/www.facebook.com\\\/povazskemuzeum\",\"https:\\\/\\\/www.instagram.com\\\/povazskemuzeum\\\/\"]},{\"@type\":\"Person\",\"@id\":\"https:\\\/\\\/pmza.sk\\\/#\\\/schema\\\/person\\\/595e6a2ce731ea94dcd5d7f50a41ae33\",\"name\":\"Pova\u017esk\u00e9 m\u00fazeum\",\"image\":{\"@type\":\"ImageObject\",\"inLanguage\":\"sk-SK\",\"@id\":\"https:\\\/\\\/secure.gravatar.com\\\/avatar\\\/2bb7f1561282132fb5826dfeccc66c7996d11ee392ac6aaf7ced8a1c2027fbb2?s=96&d=mm&r=g\",\"url\":\"https:\\\/\\\/secure.gravatar.com\\\/avatar\\\/2bb7f1561282132fb5826dfeccc66c7996d11ee392ac6aaf7ced8a1c2027fbb2?s=96&d=mm&r=g\",\"contentUrl\":\"https:\\\/\\\/secure.gravatar.com\\\/avatar\\\/2bb7f1561282132fb5826dfeccc66c7996d11ee392ac6aaf7ced8a1c2027fbb2?s=96&d=mm&r=g\",\"caption\":\"Pova\u017esk\u00e9 m\u00fazeum\"}}]}<\/script>\n<!-- \/ Yoast SEO plugin. -->","yoast_head_json":{"title":"Duchovia, elfovia, stre\u010dniansky des a Dracula - Pova\u017esk\u00e9 m\u00fazeum","robots":{"index":"index","follow":"follow","max-snippet":"max-snippet:-1","max-image-preview":"max-image-preview:large","max-video-preview":"max-video-preview:-1"},"canonical":"https:\/\/pmza.sk\/?p=5827","og_locale":"sk_SK","og_type":"article","og_title":"Duchovia, elfovia, stre\u010dniansky des a Dracula - Pova\u017esk\u00e9 m\u00fazeum","og_description":"Letn\u00e9 pr\u00e1zdniny s\u00fa pre mnoh\u00fdch n\u00e1v\u0161tevn\u00edkov hradu Stre\u010dno nepredstavite\u013en\u00e9 bez stra\u0161ideln\u00fdch no\u010dn\u00fdch prehliadok, ktor\u00e9 patria k\u00a0najvyh\u013ead\u00e1vanej\u0161\u00edm a\u00a0najnav\u0161tevovanej\u0161\u00edm podujatiam. U\u017e v\u00a0piatok 6. j\u00fala 2012 sa Duchovia, elfovia a\u00a0\u010fal\u0161ie stre\u010dnianske desy te\u0161ia na \u013eaku chtiv\u00fdch a\u00a0z\u00e1rove\u0148 z\u00e1bavy chtiv\u00fdch host\u00ed prvej stra\u0161idelnej n\u00e1v\u0161tevy hradu. \u201eDuchovia, elfovia, stre\u010dniansky des sa po\u010das svojej trojro\u010dnej existencie stali vyh\u013ead\u00e1vanou zna\u010dkou na trhu [&hellip;]","og_url":"https:\/\/pmza.sk\/?p=5827","og_site_name":"Pova\u017esk\u00e9 m\u00fazeum","article_publisher":"https:\/\/www.facebook.com\/povazskemuzeum","article_published_time":"2012-06-27T12:17:06+00:00","og_image":[{"url":"https:\/\/pmza.sk.sk\/wp-content\/uploads\/2012\/06\/strecniansky-des-2011-300x186.jpg","type":"","width":"","height":""}],"author":"Pova\u017esk\u00e9 m\u00fazeum","twitter_card":"summary_large_image","twitter_misc":{"Autor":"Pova\u017esk\u00e9 m\u00fazeum","Predpokladan\u00fd \u010das \u010d\u00edtania":"2 min\u00faty"},"schema":{"@context":"https:\/\/schema.org","@graph":[{"@type":"Article","@id":"https:\/\/pmza.sk\/?p=5827#article","isPartOf":{"@id":"https:\/\/pmza.sk\/?p=5827"},"author":{"name":"Pova\u017esk\u00e9 m\u00fazeum","@id":"https:\/\/pmza.sk\/#\/schema\/person\/595e6a2ce731ea94dcd5d7f50a41ae33"},"headline":"Duchovia, elfovia, stre\u010dniansky des a Dracula","datePublished":"2012-06-27T12:17:06+00:00","mainEntityOfPage":{"@id":"https:\/\/pmza.sk\/?p=5827"},"wordCount":307,"publisher":{"@id":"https:\/\/pmza.sk\/#organization"},"image":{"@id":"https:\/\/pmza.sk\/?p=5827#primaryimage"},"thumbnailUrl":"https:\/\/pmza.sk.sk\/wp-content\/uploads\/2012\/06\/strecniansky-des-2011-300x186.jpg","articleSection":["Arch\u00edv 2012"],"inLanguage":"sk-SK"},{"@type":"WebPage","@id":"https:\/\/pmza.sk\/?p=5827","url":"https:\/\/pmza.sk\/?p=5827","name":"Duchovia, elfovia, stre\u010dniansky des a Dracula - Pova\u017esk\u00e9 m\u00fazeum","isPartOf":{"@id":"https:\/\/pmza.sk\/#website"},"primaryImageOfPage":{"@id":"https:\/\/pmza.sk\/?p=5827#primaryimage"},"image":{"@id":"https:\/\/pmza.sk\/?p=5827#primaryimage"},"thumbnailUrl":"https:\/\/pmza.sk.sk\/wp-content\/uploads\/2012\/06\/strecniansky-des-2011-300x186.jpg","datePublished":"2012-06-27T12:17:06+00:00","breadcrumb":{"@id":"https:\/\/pmza.sk\/?p=5827#breadcrumb"},"inLanguage":"sk-SK","potentialAction":[{"@type":"ReadAction","target":["https:\/\/pmza.sk\/?p=5827"]}]},{"@type":"ImageObject","inLanguage":"sk-SK","@id":"https:\/\/pmza.sk\/?p=5827#primaryimage","url":"https:\/\/pmza.sk.sk\/wp-content\/uploads\/2012\/06\/strecniansky-des-2011-300x186.jpg","contentUrl":"https:\/\/pmza.sk.sk\/wp-content\/uploads\/2012\/06\/strecniansky-des-2011-300x186.jpg"},{"@type":"BreadcrumbList","@id":"https:\/\/pmza.sk\/?p=5827#breadcrumb","itemListElement":[{"@type":"ListItem","position":1,"name":"Domovsk\u00e1 str\u00e1nka","item":"https:\/\/pmza.sk\/"},{"@type":"ListItem","position":2,"name":"Duchovia, elfovia, stre\u010dniansky des a Dracula"}]},{"@type":"WebSite","@id":"https:\/\/pmza.sk\/#website","url":"https:\/\/pmza.sk\/","name":"Pova\u017esk\u00e9 m\u00fazeum","description":"Pova\u017esk\u00e9 m\u00fazeum v \u017diline je region\u00e1lne m\u00fazeum so s\u00eddlom v Budat\u00edne. Jeho expoz\u00edcie s\u00fa zameran\u00e9 na dejiny slovensk\u00e9ho umenia, kult\u00fary a dopravy.","publisher":{"@id":"https:\/\/pmza.sk\/#organization"},"potentialAction":[{"@type":"SearchAction","target":{"@type":"EntryPoint","urlTemplate":"https:\/\/pmza.sk\/?s={search_term_string}"},"query-input":{"@type":"PropertyValueSpecification","valueRequired":true,"valueName":"search_term_string"}}],"inLanguage":"sk-SK"},{"@type":"Organization","@id":"https:\/\/pmza.sk\/#organization","name":"Pova\u017esk\u00e9 m\u00fazeum","url":"https:\/\/pmza.sk\/","logo":{"@type":"ImageObject","inLanguage":"sk-SK","@id":"https:\/\/pmza.sk\/#\/schema\/logo\/image\/","url":"https:\/\/pmza.sk\/wp-content\/uploads\/2022\/01\/logo_PM_horizontal.jpg","contentUrl":"https:\/\/pmza.sk\/wp-content\/uploads\/2022\/01\/logo_PM_horizontal.jpg","width":231,"height":142,"caption":"Pova\u017esk\u00e9 m\u00fazeum"},"image":{"@id":"https:\/\/pmza.sk\/#\/schema\/logo\/image\/"},"sameAs":["https:\/\/www.facebook.com\/povazskemuzeum","https:\/\/www.instagram.com\/povazskemuzeum\/"]},{"@type":"Person","@id":"https:\/\/pmza.sk\/#\/schema\/person\/595e6a2ce731ea94dcd5d7f50a41ae33","name":"Pova\u017esk\u00e9 m\u00fazeum","image":{"@type":"ImageObject","inLanguage":"sk-SK","@id":"https:\/\/secure.gravatar.com\/avatar\/2bb7f1561282132fb5826dfeccc66c7996d11ee392ac6aaf7ced8a1c2027fbb2?s=96&d=mm&r=g","url":"https:\/\/secure.gravatar.com\/avatar\/2bb7f1561282132fb5826dfeccc66c7996d11ee392ac6aaf7ced8a1c2027fbb2?s=96&d=mm&r=g","contentUrl":"https:\/\/secure.gravatar.com\/avatar\/2bb7f1561282132fb5826dfeccc66c7996d11ee392ac6aaf7ced8a1c2027fbb2?s=96&d=mm&r=g","caption":"Pova\u017esk\u00e9 m\u00fazeum"}}]}},"_links":{"self":[{"href":"https:\/\/pmza.sk\/index.php?rest_route=\/wp\/v2\/posts\/5827","targetHints":{"allow":["GET"]}}],"collection":[{"href":"https:\/\/pmza.sk\/index.php?rest_route=\/wp\/v2\/posts"}],"about":[{"href":"https:\/\/pmza.sk\/index.php?rest_route=\/wp\/v2\/types\/post"}],"author":[{"embeddable":true,"href":"https:\/\/pmza.sk\/index.php?rest_route=\/wp\/v2\/users\/2"}],"replies":[{"embeddable":true,"href":"https:\/\/pmza.sk\/index.php?rest_route=%2Fwp%2Fv2%2Fcomments&post=5827"}],"version-history":[{"count":0,"href":"https:\/\/pmza.sk\/index.php?rest_route=\/wp\/v2\/posts\/5827\/revisions"}],"wp:attachment":[{"href":"https:\/\/pmza.sk\/index.php?rest_route=%2Fwp%2Fv2%2Fmedia&parent=5827"}],"wp:term":[{"taxonomy":"category","embeddable":true,"href":"https:\/\/pmza.sk\/index.php?rest_route=%2Fwp%2Fv2%2Fcategories&post=5827"},{"taxonomy":"post_tag","embeddable":true,"href":"https:\/\/pmza.sk\/index.php?rest_route=%2Fwp%2Fv2%2Ftags&post=5827"}],"curies":[{"name":"wp","href":"https:\/\/api.w.org\/{rel}","templated":true}]}}