{"id":58275,"date":"2023-09-12T12:03:12","date_gmt":"2023-09-12T10:03:12","guid":{"rendered":"https:\/\/pmza.sk\/?p=58275"},"modified":"2023-10-16T08:20:54","modified_gmt":"2023-10-16T06:20:54","slug":"budatinsky-rinok-3","status":"publish","type":"post","link":"https:\/\/pmza.sk\/?p=58275","title":{"rendered":"Budat\u00ednsky r\u00ednok"},"content":{"rendered":"<p>Tradi\u010dn\u00e9 podujatie, ktor\u00fdm sa kon\u010d\u00ed hlavn\u00e1 sez\u00f3na na Budat\u00ednskom hrade prinesie bohat\u00fd program v\u00a0pr\u00edjemnom prostred\u00ed. V\u00a0sobotu 14. 10. to v\u00a0are\u00e1li hradu o\u017eije remeseln\u00fdm jarmokom, koncertmi a\u00a0mnoh\u00fdmi in\u00fdmi aktivitami. <em>\u201eTe\u0161\u00edme sa, \u017ee op\u00e4\u0165 budeme m\u00f4c\u0165 priv\u00edta\u0165 n\u00e1v\u0161tevn\u00edkov zo \u0161irok\u00e9ho okolia. Minul\u00fd ro\u010dn\u00edk bol mimoriadne vydaren\u00fd, \u010do sa t\u00fdka programu aj n\u00e1v\u0161tevnosti. V\u00a0podobnom duchu sme podujatie zorganizovali aj tento rok a\u00a0ver\u00edme, \u017ee spolu vytvor\u00edme pr\u00edjemn\u00fa, pohodov\u00fa, jesenn\u00fa atmosf\u00e9ru l\u00e1kaj\u00facu najm\u00e4 rodiny s\u00a0de\u0165mi,\u201c<\/em> poz\u00fdva riadite\u013e Pova\u017esk\u00e9ho m\u00fazea Michal Jureck\u00fd.<\/p>\n<p>Are\u00e1l hradu sa otvor\u00ed o 10.00 a n\u00e1v\u0161tevn\u00edci sa m\u00f4\u017eu te\u0161i\u0165 na pestr\u00fd v\u00fdber remeseln\u00fdch st\u00e1nkov s r\u00f4znymi dom\u00e1cimi v\u00fdrobkami \u010di farm\u00e1rskymi produktmi. Svoju \u010dinnos\u0165 predstavia tie\u017e stredn\u00e9 odborn\u00e9 \u0161koly v zria\u010fovate\u013eskej p\u00f4sobnosti \u017dilinsk\u00e9ho samospr\u00e1vneho kraja. Ch\u00fdba\u0165 nebud\u00fa tvoriv\u00e9 dielne zamestnancov Pova\u017esk\u00e9ho m\u00fazea \u010di \u017eivot sovi\u010diek, ktor\u00fd pribl\u00ed\u017ei zoskupenie \u010carovn\u00e1 moc pr\u00edrody. Do programu sa op\u00e4\u0165 zapoj\u00ed Krajsk\u00e1 hvezd\u00e1re\u0148 v \u017diline a z\u00e1ujemcom pon\u00fakne origin\u00e1lny z\u00e1\u017eitok v planet\u00e1riu a poh\u013ead na nafukovacie sf\u00e9ry Mesiaca a Marsu. V hrade bud\u00fa po\u010das cel\u00e9ho d\u0148a prebieha\u0165 z\u00e1\u017eitkov\u00e9 prehliadky divadelno-hrav\u00e9ho zoskupenia RAZCA, ktor\u00e9 z\u00e1ujemcom sprostredkuje Drot\u00e1rsku rozpr\u00e1vku. Pr\u00edtomn\u00ed uvidia ako drot\u00e1r Michal v\u010faka svojmu remeslu zachr\u00e1ni princezn\u00fa Veronku.<\/p>\n<p>Hlavn\u00fd program na p\u00f3diu za\u010dne o 13.00 sl\u00e1vnostn\u00fdm otvoren\u00edm. <em>\u201eNa za\u010diatok si deti aj dospel\u00ed u\u017eij\u00fa divadeln\u00e9 predstavenie Tri prasiatka v\u00a0podan\u00ed Divadla zo \u0161ufl\u00edka. Potom sa div\u00e1kom predstavia interpreti miestnej kapely Dave Brannigan a\u00a0vrcholom programu bude vyst\u00fapenie zn\u00e1mej skupiny Vidiek. Ponuka aktiv\u00edt je naozaj pestr\u00e1 a\u00a0na svoje si pr\u00eddu v\u0161etky vekov\u00e9 kateg\u00f3rie,\u201c <\/em>dop\u013a\u0148a kult\u00farna mana\u017e\u00e9rka Sabina Pavl\u00edkov\u00e1.<\/p>\n<p>Vstup do are\u00e1lu hradu bude mo\u017en\u00fd len s\u00a0platnou vstupenkou, ktor\u00fa si n\u00e1v\u0161tevn\u00edci k\u00fapia priamo na mieste. Za z\u00e1kladn\u00fd l\u00edstok zaplatia 5 eur, z\u013eavnen\u00fd bude st\u00e1\u0165 2,50, deti do 3 rokov maj\u00fa vstup zadarmo. Na prehliadku hradu je mo\u017en\u00e9 \u00eds\u0165 s\u00a0platn\u00fdm l\u00edstkom z podujatia so z\u013eavou. Parkovisko pred are\u00e1lom hradu bude pre verejnos\u0165 uzatvoren\u00e9, n\u00e1v\u0161tevn\u00edci m\u00f4\u017eu parkova\u0165 na do\u010dasnom parkovisku na Dolnej ulici v\u00a0Budat\u00edne.<\/p>\n<p><strong>Program:<\/strong><\/p>\n<p><strong>Hlavn\u00fd program:<\/strong><\/p>\n<p>13.00 Sl\u00e1vnostn\u00e9 otvorenie<\/p>\n<p>13.15 Tri prasiatka \u2013 Divadlo zo \u0161ufl\u00edka<\/p>\n<p>14.00 Dave Brannigan<\/p>\n<p>16.00 Vidiek<\/p>\n<p><strong>Sprievodn\u00fd program:<\/strong><\/p>\n<p>P\u00f3dium<\/p>\n<p>Planet\u00e1rium \u2013 Krajsk\u00e1 hvezd\u00e1re\u0148 v\u00a0\u017diline o\u00a010.00 a\u00a010.45<\/p>\n<p><strong>Park od 10.00<\/strong><\/p>\n<p>Komentovan\u00e9 pozorovanie Slnka, nafukovacie sf\u00e9ry Mesiaca a Marsu \u2013 Krajsk\u00e1 hvezd\u00e1re\u0148 v\u00a0\u017diline<\/p>\n<p>Tvoriv\u00e9 dielne \u2013 Pova\u017esk\u00e9 m\u00fazeum<\/p>\n<p>Remeseln\u00fd jarmok<\/p>\n<p>Prezent\u00e1cia stredn\u00fdch odborn\u00fdch \u0161k\u00f4l<\/p>\n<p>\u010carovn\u00e1 moc pr\u00edrody<\/p>\n<p><strong>Hrad 10.00 \u2013 16.30<\/strong><\/p>\n<p>Z\u00e1\u017eitkov\u00e1 prehliadka Drot\u00e1rska rozpr\u00e1vka \u2013 RAZCA<\/p>\n<p><strong>Kaplnka 10.00 \u2013 17.00<\/strong><\/p>\n<p>V\u00fdstava Chr\u00e1my priemyselnej doby<\/p>\n<p><strong>Drot\u00e1rsky pavil\u00f3n 10.00 \u2013 17.00<\/strong><\/p>\n<p>V\u00fdstava \u010co dr\u00f4t spojil, \u010das nerozdel\u00ed&#8230;<\/p>\n<p>&nbsp;<\/p>\n<div class=\"wp-block-image\"><img fetchpriority=\"high\" decoding=\"async\" class=\"alignnone size-medium wp-image-58276\" src=\"https:\/\/pmza.sk\/wp-content\/uploads\/2023\/09\/Budatinsky_rinok_23_K2-255x360.jpg\" alt=\"\" width=\"255\" height=\"360\" srcset=\"https:\/\/pmza.sk\/wp-content\/uploads\/2023\/09\/Budatinsky_rinok_23_K2-255x360.jpg 255w, https:\/\/pmza.sk\/wp-content\/uploads\/2023\/09\/Budatinsky_rinok_23_K2-520x736.jpg 520w, https:\/\/pmza.sk\/wp-content\/uploads\/2023\/09\/Budatinsky_rinok_23_K2-768x1086.jpg 768w, https:\/\/pmza.sk\/wp-content\/uploads\/2023\/09\/Budatinsky_rinok_23_K2-1086x1536.jpg 1086w, https:\/\/pmza.sk\/wp-content\/uploads\/2023\/09\/Budatinsky_rinok_23_K2-1448x2048.jpg 1448w, https:\/\/pmza.sk\/wp-content\/uploads\/2023\/09\/Budatinsky_rinok_23_K2-600x849.jpg 600w, https:\/\/pmza.sk\/wp-content\/uploads\/2023\/09\/Budatinsky_rinok_23_K2-scaled.jpg 1810w\" sizes=\"(max-width: 255px) 100vw, 255px\" \/><\/div>\n<div><\/div>\n<div>Plag\u00e1t v plnej ve\u013ekosti <a href=\"https:\/\/pmza.sk\/wp-content\/uploads\/2023\/09\/Budatinsky_rinok_23_K2.pdf\">TU<\/a><\/div>\n","protected":false},"excerpt":{"rendered":"<p>Tradi\u010dn\u00e9 podujatie, ktor\u00fdm sa kon\u010d\u00ed hlavn\u00e1 sez\u00f3na na Budat\u00ednskom hrade prinesie bohat\u00fd program v\u00a0pr\u00edjemnom prostred\u00ed. V\u00a0sobotu 14. 10. to v\u00a0are\u00e1li hradu o\u017eije remeseln\u00fdm jarmokom, koncertmi a\u00a0mnoh\u00fdmi in\u00fdmi aktivitami. \u201eTe\u0161\u00edme sa, \u017ee op\u00e4\u0165 budeme m\u00f4c\u0165 priv\u00edta\u0165 n\u00e1v\u0161tevn\u00edkov zo \u0161irok\u00e9ho okolia. Minul\u00fd ro\u010dn\u00edk bol mimoriadne vydaren\u00fd, \u010do sa t\u00fdka programu aj n\u00e1v\u0161tevnosti. V\u00a0podobnom duchu sme podujatie zorganizovali [&hellip;]<\/p>\n","protected":false},"author":2,"featured_media":58278,"comment_status":"open","ping_status":"open","sticky":false,"template":"","format":"standard","meta":{"site-sidebar-layout":"default","site-content-layout":"default","ast-site-content-layout":"","site-content-style":"default","site-sidebar-style":"default","ast-global-header-display":"","ast-banner-title-visibility":"","ast-main-header-display":"","ast-hfb-above-header-display":"","ast-hfb-below-header-display":"","ast-hfb-mobile-header-display":"","site-post-title":"","ast-breadcrumbs-content":"","ast-featured-img":"","footer-sml-layout":"","theme-transparent-header-meta":"default","adv-header-id-meta":"","stick-header-meta":"default","header-above-stick-meta":"","header-main-stick-meta":"","header-below-stick-meta":"","astra-migrate-meta-layouts":"default","ast-page-background-enabled":"default","ast-page-background-meta":{"desktop":{"background-color":"var(--ast-global-color-4)","background-image":"","background-repeat":"repeat","background-position":"center center","background-size":"auto","background-attachment":"scroll","background-type":"","background-media":"","overlay-type":"","overlay-color":"","overlay-opacity":"","overlay-gradient":""},"tablet":{"background-color":"","background-image":"","background-repeat":"repeat","background-position":"center center","background-size":"auto","background-attachment":"scroll","background-type":"","background-media":"","overlay-type":"","overlay-color":"","overlay-opacity":"","overlay-gradient":""},"mobile":{"background-color":"","background-image":"","background-repeat":"repeat","background-position":"center center","background-size":"auto","background-attachment":"scroll","background-type":"","background-media":"","overlay-type":"","overlay-color":"","overlay-opacity":"","overlay-gradient":""}},"ast-content-background-meta":{"desktop":{"background-color":"var(--ast-global-color-5)","background-image":"","background-repeat":"repeat","background-position":"center center","background-size":"auto","background-attachment":"scroll","background-type":"","background-media":"","overlay-type":"","overlay-color":"","overlay-opacity":"","overlay-gradient":""},"tablet":{"background-color":"var(--ast-global-color-5)","background-image":"","background-repeat":"repeat","background-position":"center center","background-size":"auto","background-attachment":"scroll","background-type":"","background-media":"","overlay-type":"","overlay-color":"","overlay-opacity":"","overlay-gradient":""},"mobile":{"background-color":"var(--ast-global-color-5)","background-image":"","background-repeat":"repeat","background-position":"center center","background-size":"auto","background-attachment":"scroll","background-type":"","background-media":"","overlay-type":"","overlay-color":"","overlay-opacity":"","overlay-gradient":""}},"footnotes":""},"categories":[71],"tags":[],"class_list":["post-58275","post","type-post","status-publish","format-standard","has-post-thumbnail","hentry","category-podujatia"],"yoast_head":"<!-- This site is optimized with the Yoast SEO plugin v27.4 - https:\/\/yoast.com\/product\/yoast-seo-wordpress\/ -->\n<title>Budat\u00ednsky r\u00ednok - Pova\u017esk\u00e9 m\u00fazeum<\/title>\n<meta name=\"robots\" content=\"index, follow, max-snippet:-1, max-image-preview:large, max-video-preview:-1\" \/>\n<link rel=\"canonical\" href=\"https:\/\/pmza.sk\/?p=58275\" \/>\n<meta property=\"og:locale\" content=\"sk_SK\" \/>\n<meta property=\"og:type\" content=\"article\" \/>\n<meta property=\"og:title\" content=\"Budat\u00ednsky r\u00ednok - Pova\u017esk\u00e9 m\u00fazeum\" \/>\n<meta property=\"og:description\" content=\"Tradi\u010dn\u00e9 podujatie, ktor\u00fdm sa kon\u010d\u00ed hlavn\u00e1 sez\u00f3na na Budat\u00ednskom hrade prinesie bohat\u00fd program v\u00a0pr\u00edjemnom prostred\u00ed. V\u00a0sobotu 14. 10. to v\u00a0are\u00e1li hradu o\u017eije remeseln\u00fdm jarmokom, koncertmi a\u00a0mnoh\u00fdmi in\u00fdmi aktivitami. \u201eTe\u0161\u00edme sa, \u017ee op\u00e4\u0165 budeme m\u00f4c\u0165 priv\u00edta\u0165 n\u00e1v\u0161tevn\u00edkov zo \u0161irok\u00e9ho okolia. Minul\u00fd ro\u010dn\u00edk bol mimoriadne vydaren\u00fd, \u010do sa t\u00fdka programu aj n\u00e1v\u0161tevnosti. V\u00a0podobnom duchu sme podujatie zorganizovali [&hellip;]\" \/>\n<meta property=\"og:url\" content=\"https:\/\/pmza.sk\/?p=58275\" \/>\n<meta property=\"og:site_name\" content=\"Pova\u017esk\u00e9 m\u00fazeum\" \/>\n<meta property=\"article:publisher\" content=\"https:\/\/www.facebook.com\/povazskemuzeum\" \/>\n<meta property=\"article:published_time\" content=\"2023-09-12T10:03:12+00:00\" \/>\n<meta property=\"article:modified_time\" content=\"2023-10-16T06:20:54+00:00\" \/>\n<meta property=\"og:image\" content=\"https:\/\/pmza.sk\/wp-content\/uploads\/2023\/09\/Budatinsky_rinok_web-scaled.jpg\" \/>\n\t<meta property=\"og:image:width\" content=\"2560\" \/>\n\t<meta property=\"og:image:height\" content=\"2560\" \/>\n\t<meta property=\"og:image:type\" content=\"image\/jpeg\" \/>\n<meta name=\"author\" content=\"Pova\u017esk\u00e9 m\u00fazeum\" \/>\n<meta name=\"twitter:card\" content=\"summary_large_image\" \/>\n<meta name=\"twitter:label1\" content=\"Autor\" \/>\n\t<meta name=\"twitter:data1\" content=\"Pova\u017esk\u00e9 m\u00fazeum\" \/>\n\t<meta name=\"twitter:label2\" content=\"Predpokladan\u00fd \u010das \u010d\u00edtania\" \/>\n\t<meta name=\"twitter:data2\" content=\"3 min\u00faty\" \/>\n<script type=\"application\/ld+json\" class=\"yoast-schema-graph\">{\"@context\":\"https:\\\/\\\/schema.org\",\"@graph\":[{\"@type\":\"Article\",\"@id\":\"https:\\\/\\\/pmza.sk\\\/?p=58275#article\",\"isPartOf\":{\"@id\":\"https:\\\/\\\/pmza.sk\\\/?p=58275\"},\"author\":{\"name\":\"Pova\u017esk\u00e9 m\u00fazeum\",\"@id\":\"https:\\\/\\\/pmza.sk\\\/#\\\/schema\\\/person\\\/595e6a2ce731ea94dcd5d7f50a41ae33\"},\"headline\":\"Budat\u00ednsky r\u00ednok\",\"datePublished\":\"2023-09-12T10:03:12+00:00\",\"dateModified\":\"2023-10-16T06:20:54+00:00\",\"mainEntityOfPage\":{\"@id\":\"https:\\\/\\\/pmza.sk\\\/?p=58275\"},\"wordCount\":527,\"commentCount\":0,\"publisher\":{\"@id\":\"https:\\\/\\\/pmza.sk\\\/#organization\"},\"image\":{\"@id\":\"https:\\\/\\\/pmza.sk\\\/?p=58275#primaryimage\"},\"thumbnailUrl\":\"https:\\\/\\\/pmza.sk\\\/wp-content\\\/uploads\\\/2023\\\/09\\\/Budatinsky_rinok_web-scaled.jpg\",\"articleSection\":[\"Podujatia\"],\"inLanguage\":\"sk-SK\"},{\"@type\":\"WebPage\",\"@id\":\"https:\\\/\\\/pmza.sk\\\/?p=58275\",\"url\":\"https:\\\/\\\/pmza.sk\\\/?p=58275\",\"name\":\"Budat\u00ednsky r\u00ednok - Pova\u017esk\u00e9 m\u00fazeum\",\"isPartOf\":{\"@id\":\"https:\\\/\\\/pmza.sk\\\/#website\"},\"primaryImageOfPage\":{\"@id\":\"https:\\\/\\\/pmza.sk\\\/?p=58275#primaryimage\"},\"image\":{\"@id\":\"https:\\\/\\\/pmza.sk\\\/?p=58275#primaryimage\"},\"thumbnailUrl\":\"https:\\\/\\\/pmza.sk\\\/wp-content\\\/uploads\\\/2023\\\/09\\\/Budatinsky_rinok_web-scaled.jpg\",\"datePublished\":\"2023-09-12T10:03:12+00:00\",\"dateModified\":\"2023-10-16T06:20:54+00:00\",\"breadcrumb\":{\"@id\":\"https:\\\/\\\/pmza.sk\\\/?p=58275#breadcrumb\"},\"inLanguage\":\"sk-SK\",\"potentialAction\":[{\"@type\":\"ReadAction\",\"target\":[\"https:\\\/\\\/pmza.sk\\\/?p=58275\"]}]},{\"@type\":\"ImageObject\",\"inLanguage\":\"sk-SK\",\"@id\":\"https:\\\/\\\/pmza.sk\\\/?p=58275#primaryimage\",\"url\":\"https:\\\/\\\/pmza.sk\\\/wp-content\\\/uploads\\\/2023\\\/09\\\/Budatinsky_rinok_web-scaled.jpg\",\"contentUrl\":\"https:\\\/\\\/pmza.sk\\\/wp-content\\\/uploads\\\/2023\\\/09\\\/Budatinsky_rinok_web-scaled.jpg\",\"width\":2560,\"height\":2560},{\"@type\":\"BreadcrumbList\",\"@id\":\"https:\\\/\\\/pmza.sk\\\/?p=58275#breadcrumb\",\"itemListElement\":[{\"@type\":\"ListItem\",\"position\":1,\"name\":\"Domovsk\u00e1 str\u00e1nka\",\"item\":\"https:\\\/\\\/pmza.sk\\\/\"},{\"@type\":\"ListItem\",\"position\":2,\"name\":\"Budat\u00ednsky r\u00ednok\"}]},{\"@type\":\"WebSite\",\"@id\":\"https:\\\/\\\/pmza.sk\\\/#website\",\"url\":\"https:\\\/\\\/pmza.sk\\\/\",\"name\":\"Pova\u017esk\u00e9 m\u00fazeum\",\"description\":\"Pova\u017esk\u00e9 m\u00fazeum v \u017diline je region\u00e1lne m\u00fazeum so s\u00eddlom v Budat\u00edne. Jeho expoz\u00edcie s\u00fa zameran\u00e9 na dejiny slovensk\u00e9ho umenia, kult\u00fary a dopravy.\",\"publisher\":{\"@id\":\"https:\\\/\\\/pmza.sk\\\/#organization\"},\"potentialAction\":[{\"@type\":\"SearchAction\",\"target\":{\"@type\":\"EntryPoint\",\"urlTemplate\":\"https:\\\/\\\/pmza.sk\\\/?s={search_term_string}\"},\"query-input\":{\"@type\":\"PropertyValueSpecification\",\"valueRequired\":true,\"valueName\":\"search_term_string\"}}],\"inLanguage\":\"sk-SK\"},{\"@type\":\"Organization\",\"@id\":\"https:\\\/\\\/pmza.sk\\\/#organization\",\"name\":\"Pova\u017esk\u00e9 m\u00fazeum\",\"url\":\"https:\\\/\\\/pmza.sk\\\/\",\"logo\":{\"@type\":\"ImageObject\",\"inLanguage\":\"sk-SK\",\"@id\":\"https:\\\/\\\/pmza.sk\\\/#\\\/schema\\\/logo\\\/image\\\/\",\"url\":\"https:\\\/\\\/pmza.sk\\\/wp-content\\\/uploads\\\/2022\\\/01\\\/logo_PM_horizontal.jpg\",\"contentUrl\":\"https:\\\/\\\/pmza.sk\\\/wp-content\\\/uploads\\\/2022\\\/01\\\/logo_PM_horizontal.jpg\",\"width\":231,\"height\":142,\"caption\":\"Pova\u017esk\u00e9 m\u00fazeum\"},\"image\":{\"@id\":\"https:\\\/\\\/pmza.sk\\\/#\\\/schema\\\/logo\\\/image\\\/\"},\"sameAs\":[\"https:\\\/\\\/www.facebook.com\\\/povazskemuzeum\",\"https:\\\/\\\/www.instagram.com\\\/povazskemuzeum\\\/\"]},{\"@type\":\"Person\",\"@id\":\"https:\\\/\\\/pmza.sk\\\/#\\\/schema\\\/person\\\/595e6a2ce731ea94dcd5d7f50a41ae33\",\"name\":\"Pova\u017esk\u00e9 m\u00fazeum\",\"image\":{\"@type\":\"ImageObject\",\"inLanguage\":\"sk-SK\",\"@id\":\"https:\\\/\\\/secure.gravatar.com\\\/avatar\\\/2bb7f1561282132fb5826dfeccc66c7996d11ee392ac6aaf7ced8a1c2027fbb2?s=96&d=mm&r=g\",\"url\":\"https:\\\/\\\/secure.gravatar.com\\\/avatar\\\/2bb7f1561282132fb5826dfeccc66c7996d11ee392ac6aaf7ced8a1c2027fbb2?s=96&d=mm&r=g\",\"contentUrl\":\"https:\\\/\\\/secure.gravatar.com\\\/avatar\\\/2bb7f1561282132fb5826dfeccc66c7996d11ee392ac6aaf7ced8a1c2027fbb2?s=96&d=mm&r=g\",\"caption\":\"Pova\u017esk\u00e9 m\u00fazeum\"}}]}<\/script>\n<!-- \/ Yoast SEO plugin. -->","yoast_head_json":{"title":"Budat\u00ednsky r\u00ednok - Pova\u017esk\u00e9 m\u00fazeum","robots":{"index":"index","follow":"follow","max-snippet":"max-snippet:-1","max-image-preview":"max-image-preview:large","max-video-preview":"max-video-preview:-1"},"canonical":"https:\/\/pmza.sk\/?p=58275","og_locale":"sk_SK","og_type":"article","og_title":"Budat\u00ednsky r\u00ednok - Pova\u017esk\u00e9 m\u00fazeum","og_description":"Tradi\u010dn\u00e9 podujatie, ktor\u00fdm sa kon\u010d\u00ed hlavn\u00e1 sez\u00f3na na Budat\u00ednskom hrade prinesie bohat\u00fd program v\u00a0pr\u00edjemnom prostred\u00ed. V\u00a0sobotu 14. 10. to v\u00a0are\u00e1li hradu o\u017eije remeseln\u00fdm jarmokom, koncertmi a\u00a0mnoh\u00fdmi in\u00fdmi aktivitami. \u201eTe\u0161\u00edme sa, \u017ee op\u00e4\u0165 budeme m\u00f4c\u0165 priv\u00edta\u0165 n\u00e1v\u0161tevn\u00edkov zo \u0161irok\u00e9ho okolia. Minul\u00fd ro\u010dn\u00edk bol mimoriadne vydaren\u00fd, \u010do sa t\u00fdka programu aj n\u00e1v\u0161tevnosti. V\u00a0podobnom duchu sme podujatie zorganizovali [&hellip;]","og_url":"https:\/\/pmza.sk\/?p=58275","og_site_name":"Pova\u017esk\u00e9 m\u00fazeum","article_publisher":"https:\/\/www.facebook.com\/povazskemuzeum","article_published_time":"2023-09-12T10:03:12+00:00","article_modified_time":"2023-10-16T06:20:54+00:00","og_image":[{"width":2560,"height":2560,"url":"https:\/\/pmza.sk\/wp-content\/uploads\/2023\/09\/Budatinsky_rinok_web-scaled.jpg","type":"image\/jpeg"}],"author":"Pova\u017esk\u00e9 m\u00fazeum","twitter_card":"summary_large_image","twitter_misc":{"Autor":"Pova\u017esk\u00e9 m\u00fazeum","Predpokladan\u00fd \u010das \u010d\u00edtania":"3 min\u00faty"},"schema":{"@context":"https:\/\/schema.org","@graph":[{"@type":"Article","@id":"https:\/\/pmza.sk\/?p=58275#article","isPartOf":{"@id":"https:\/\/pmza.sk\/?p=58275"},"author":{"name":"Pova\u017esk\u00e9 m\u00fazeum","@id":"https:\/\/pmza.sk\/#\/schema\/person\/595e6a2ce731ea94dcd5d7f50a41ae33"},"headline":"Budat\u00ednsky r\u00ednok","datePublished":"2023-09-12T10:03:12+00:00","dateModified":"2023-10-16T06:20:54+00:00","mainEntityOfPage":{"@id":"https:\/\/pmza.sk\/?p=58275"},"wordCount":527,"commentCount":0,"publisher":{"@id":"https:\/\/pmza.sk\/#organization"},"image":{"@id":"https:\/\/pmza.sk\/?p=58275#primaryimage"},"thumbnailUrl":"https:\/\/pmza.sk\/wp-content\/uploads\/2023\/09\/Budatinsky_rinok_web-scaled.jpg","articleSection":["Podujatia"],"inLanguage":"sk-SK"},{"@type":"WebPage","@id":"https:\/\/pmza.sk\/?p=58275","url":"https:\/\/pmza.sk\/?p=58275","name":"Budat\u00ednsky r\u00ednok - Pova\u017esk\u00e9 m\u00fazeum","isPartOf":{"@id":"https:\/\/pmza.sk\/#website"},"primaryImageOfPage":{"@id":"https:\/\/pmza.sk\/?p=58275#primaryimage"},"image":{"@id":"https:\/\/pmza.sk\/?p=58275#primaryimage"},"thumbnailUrl":"https:\/\/pmza.sk\/wp-content\/uploads\/2023\/09\/Budatinsky_rinok_web-scaled.jpg","datePublished":"2023-09-12T10:03:12+00:00","dateModified":"2023-10-16T06:20:54+00:00","breadcrumb":{"@id":"https:\/\/pmza.sk\/?p=58275#breadcrumb"},"inLanguage":"sk-SK","potentialAction":[{"@type":"ReadAction","target":["https:\/\/pmza.sk\/?p=58275"]}]},{"@type":"ImageObject","inLanguage":"sk-SK","@id":"https:\/\/pmza.sk\/?p=58275#primaryimage","url":"https:\/\/pmza.sk\/wp-content\/uploads\/2023\/09\/Budatinsky_rinok_web-scaled.jpg","contentUrl":"https:\/\/pmza.sk\/wp-content\/uploads\/2023\/09\/Budatinsky_rinok_web-scaled.jpg","width":2560,"height":2560},{"@type":"BreadcrumbList","@id":"https:\/\/pmza.sk\/?p=58275#breadcrumb","itemListElement":[{"@type":"ListItem","position":1,"name":"Domovsk\u00e1 str\u00e1nka","item":"https:\/\/pmza.sk\/"},{"@type":"ListItem","position":2,"name":"Budat\u00ednsky r\u00ednok"}]},{"@type":"WebSite","@id":"https:\/\/pmza.sk\/#website","url":"https:\/\/pmza.sk\/","name":"Pova\u017esk\u00e9 m\u00fazeum","description":"Pova\u017esk\u00e9 m\u00fazeum v \u017diline je region\u00e1lne m\u00fazeum so s\u00eddlom v Budat\u00edne. Jeho expoz\u00edcie s\u00fa zameran\u00e9 na dejiny slovensk\u00e9ho umenia, kult\u00fary a dopravy.","publisher":{"@id":"https:\/\/pmza.sk\/#organization"},"potentialAction":[{"@type":"SearchAction","target":{"@type":"EntryPoint","urlTemplate":"https:\/\/pmza.sk\/?s={search_term_string}"},"query-input":{"@type":"PropertyValueSpecification","valueRequired":true,"valueName":"search_term_string"}}],"inLanguage":"sk-SK"},{"@type":"Organization","@id":"https:\/\/pmza.sk\/#organization","name":"Pova\u017esk\u00e9 m\u00fazeum","url":"https:\/\/pmza.sk\/","logo":{"@type":"ImageObject","inLanguage":"sk-SK","@id":"https:\/\/pmza.sk\/#\/schema\/logo\/image\/","url":"https:\/\/pmza.sk\/wp-content\/uploads\/2022\/01\/logo_PM_horizontal.jpg","contentUrl":"https:\/\/pmza.sk\/wp-content\/uploads\/2022\/01\/logo_PM_horizontal.jpg","width":231,"height":142,"caption":"Pova\u017esk\u00e9 m\u00fazeum"},"image":{"@id":"https:\/\/pmza.sk\/#\/schema\/logo\/image\/"},"sameAs":["https:\/\/www.facebook.com\/povazskemuzeum","https:\/\/www.instagram.com\/povazskemuzeum\/"]},{"@type":"Person","@id":"https:\/\/pmza.sk\/#\/schema\/person\/595e6a2ce731ea94dcd5d7f50a41ae33","name":"Pova\u017esk\u00e9 m\u00fazeum","image":{"@type":"ImageObject","inLanguage":"sk-SK","@id":"https:\/\/secure.gravatar.com\/avatar\/2bb7f1561282132fb5826dfeccc66c7996d11ee392ac6aaf7ced8a1c2027fbb2?s=96&d=mm&r=g","url":"https:\/\/secure.gravatar.com\/avatar\/2bb7f1561282132fb5826dfeccc66c7996d11ee392ac6aaf7ced8a1c2027fbb2?s=96&d=mm&r=g","contentUrl":"https:\/\/secure.gravatar.com\/avatar\/2bb7f1561282132fb5826dfeccc66c7996d11ee392ac6aaf7ced8a1c2027fbb2?s=96&d=mm&r=g","caption":"Pova\u017esk\u00e9 m\u00fazeum"}}]}},"_links":{"self":[{"href":"https:\/\/pmza.sk\/index.php?rest_route=\/wp\/v2\/posts\/58275","targetHints":{"allow":["GET"]}}],"collection":[{"href":"https:\/\/pmza.sk\/index.php?rest_route=\/wp\/v2\/posts"}],"about":[{"href":"https:\/\/pmza.sk\/index.php?rest_route=\/wp\/v2\/types\/post"}],"author":[{"embeddable":true,"href":"https:\/\/pmza.sk\/index.php?rest_route=\/wp\/v2\/users\/2"}],"replies":[{"embeddable":true,"href":"https:\/\/pmza.sk\/index.php?rest_route=%2Fwp%2Fv2%2Fcomments&post=58275"}],"version-history":[{"count":0,"href":"https:\/\/pmza.sk\/index.php?rest_route=\/wp\/v2\/posts\/58275\/revisions"}],"wp:featuredmedia":[{"embeddable":true,"href":"https:\/\/pmza.sk\/index.php?rest_route=\/wp\/v2\/media\/58278"}],"wp:attachment":[{"href":"https:\/\/pmza.sk\/index.php?rest_route=%2Fwp%2Fv2%2Fmedia&parent=58275"}],"wp:term":[{"taxonomy":"category","embeddable":true,"href":"https:\/\/pmza.sk\/index.php?rest_route=%2Fwp%2Fv2%2Fcategories&post=58275"},{"taxonomy":"post_tag","embeddable":true,"href":"https:\/\/pmza.sk\/index.php?rest_route=%2Fwp%2Fv2%2Ftags&post=58275"}],"curies":[{"name":"wp","href":"https:\/\/api.w.org\/{rel}","templated":true}]}}