{"id":58317,"date":"2023-09-21T08:28:35","date_gmt":"2023-09-21T06:28:35","guid":{"rendered":"https:\/\/pmza.sk\/?p=58317"},"modified":"2023-10-23T07:06:55","modified_gmt":"2023-10-23T05:06:55","slug":"noc-duchov-tekvic-a-strasidiel-6","status":"publish","type":"post","link":"https:\/\/pmza.sk\/?p=58317","title":{"rendered":"Noc duchov, tekv\u00edc a stra\u0161idiel"},"content":{"rendered":"<p><span style=\"color: #ff0000;\">VYPREDAN\u00c9!<\/span><\/p>\n<p>Stra\u0161ideln\u00e1 atmosf\u00e9ra stredovek\u00e9ho hradu pritiahne do tajomn\u00fdch z\u00e1kut\u00ed v\u0161etky bosorky, stra\u0161idl\u00e1 a\u00a0z\u00e1hadn\u00e9 bytosti z\u00a0okolia. V\u0161etci si pr\u00eddu u\u017ei\u0165 posledn\u00e9 tohtoro\u010dn\u00e9 podujatie na hrade Stre\u010dno. Chcete by\u0165 pri tom? Nenechajte si ujs\u0165 ve\u010der pln\u00fd ne\u010dakan\u00fdch prekvapen\u00ed. Noc duchov, tekv\u00edc a\u00a0stra\u0161idiel sa bude kona\u0165 v\u00a0sobotu 21. okt\u00f3bra.<\/p>\n<p>Program v\u00a0hrade zabezpe\u010d\u00ed skupina historick\u00e9ho \u0161ermu Wagus z\u00a0Tren\u010d\u00edna. <em>\u201eNa z\u00e1\u017eitkovej prehliadke nebud\u00fa ch\u00fdba\u0165 duchovia, tanec up\u00edrov a\u00a0vraj pote\u010die aj krv. Na n\u00e1dvor\u00ed si n\u00e1v\u0161tevn\u00edci pochutia na dobrot\u00e1ch, ktor\u00e9 priprav\u00ed Cech Terra de Selinan, ob\u010derstvia sa v\u00a0Stra\u0161ibare a\u00a0program zav\u0155\u0161i skvel\u00e1 oh\u0148ov\u00e1 \u0161ou v\u00a0preveden\u00ed Black Evils. Ak t\u00fa\u017eite za\u017ei\u0165 nie\u010do v\u00fdnimo\u010dn\u00e9, toto podujatie by ste si nemali necha\u0165 ujs\u0165. Bude to nielen posledn\u00e9, ale aj najbl\u00e1znivej\u0161ie podujatie na hrade,\u201c<\/em> poz\u00fdva spr\u00e1vky\u0148a hradu Stre\u010dno Katar\u00edna Rep\u00e1\u0148ov\u00e1.<\/p>\n<p>\u010casy vstupov od 17.00 do 21.00 (ka\u017ed\u00fa pol hodinu), vstupenky zak\u00fapite iba cez predpredaj.sk<\/p>\n<p>Vstupn\u00e9: 12 \u20ac jednotn\u00e9, nevhodn\u00e9 pre deti do 10 rokov.<\/p>\n<p>Vstupenky si m\u00f4\u017eete zak\u00fapi\u0165 online na odkaze: <a href=\"https:\/\/predpredaj.zoznam.sk\/sk\/listky\/noc-duchov-tekvic-strasidiel-2023-10-21\/\">https:\/\/predpredaj.zoznam.sk\/sk\/listky\/noc-duchov-tekvic-strasidiel-2023-10-21\/<\/a><\/p>\n<div class=\"wp-block-image\"><img fetchpriority=\"high\" decoding=\"async\" class=\"alignnone size-medium wp-image-58318\" src=\"https:\/\/pmza.sk\/wp-content\/uploads\/2023\/09\/Noc_duchov_23_K1-255x360.jpg\" alt=\"\" width=\"255\" height=\"360\" srcset=\"https:\/\/pmza.sk\/wp-content\/uploads\/2023\/09\/Noc_duchov_23_K1-255x360.jpg 255w, https:\/\/pmza.sk\/wp-content\/uploads\/2023\/09\/Noc_duchov_23_K1-520x736.jpg 520w, https:\/\/pmza.sk\/wp-content\/uploads\/2023\/09\/Noc_duchov_23_K1-768x1086.jpg 768w, https:\/\/pmza.sk\/wp-content\/uploads\/2023\/09\/Noc_duchov_23_K1-1086x1536.jpg 1086w, https:\/\/pmza.sk\/wp-content\/uploads\/2023\/09\/Noc_duchov_23_K1-1448x2048.jpg 1448w, https:\/\/pmza.sk\/wp-content\/uploads\/2023\/09\/Noc_duchov_23_K1-600x849.jpg 600w, https:\/\/pmza.sk\/wp-content\/uploads\/2023\/09\/Noc_duchov_23_K1-scaled.jpg 1810w\" sizes=\"(max-width: 255px) 100vw, 255px\" \/><\/div>\n<div><\/div>\n<div>Plag\u00e1t v plnej ve\u013ekosti <a href=\"https:\/\/pmza.sk\/wp-content\/uploads\/2023\/09\/Noc_duchov_23_K1.pdf\">TU<\/a><\/div>\n","protected":false},"excerpt":{"rendered":"<p>VYPREDAN\u00c9! Stra\u0161ideln\u00e1 atmosf\u00e9ra stredovek\u00e9ho hradu pritiahne do tajomn\u00fdch z\u00e1kut\u00ed v\u0161etky bosorky, stra\u0161idl\u00e1 a\u00a0z\u00e1hadn\u00e9 bytosti z\u00a0okolia. V\u0161etci si pr\u00eddu u\u017ei\u0165 posledn\u00e9 tohtoro\u010dn\u00e9 podujatie na hrade Stre\u010dno. Chcete by\u0165 pri tom? Nenechajte si ujs\u0165 ve\u010der pln\u00fd ne\u010dakan\u00fdch prekvapen\u00ed. Noc duchov, tekv\u00edc a\u00a0stra\u0161idiel sa bude kona\u0165 v\u00a0sobotu 21. okt\u00f3bra. Program v\u00a0hrade zabezpe\u010d\u00ed skupina historick\u00e9ho \u0161ermu Wagus z\u00a0Tren\u010d\u00edna. \u201eNa [&hellip;]<\/p>\n","protected":false},"author":2,"featured_media":58320,"comment_status":"open","ping_status":"open","sticky":false,"template":"","format":"standard","meta":{"site-sidebar-layout":"default","site-content-layout":"default","ast-site-content-layout":"","site-content-style":"default","site-sidebar-style":"default","ast-global-header-display":"","ast-banner-title-visibility":"","ast-main-header-display":"","ast-hfb-above-header-display":"","ast-hfb-below-header-display":"","ast-hfb-mobile-header-display":"","site-post-title":"","ast-breadcrumbs-content":"","ast-featured-img":"","footer-sml-layout":"","theme-transparent-header-meta":"default","adv-header-id-meta":"","stick-header-meta":"default","header-above-stick-meta":"","header-main-stick-meta":"","header-below-stick-meta":"","astra-migrate-meta-layouts":"default","ast-page-background-enabled":"default","ast-page-background-meta":{"desktop":{"background-color":"var(--ast-global-color-4)","background-image":"","background-repeat":"repeat","background-position":"center center","background-size":"auto","background-attachment":"scroll","background-type":"","background-media":"","overlay-type":"","overlay-color":"","overlay-opacity":"","overlay-gradient":""},"tablet":{"background-color":"","background-image":"","background-repeat":"repeat","background-position":"center center","background-size":"auto","background-attachment":"scroll","background-type":"","background-media":"","overlay-type":"","overlay-color":"","overlay-opacity":"","overlay-gradient":""},"mobile":{"background-color":"","background-image":"","background-repeat":"repeat","background-position":"center center","background-size":"auto","background-attachment":"scroll","background-type":"","background-media":"","overlay-type":"","overlay-color":"","overlay-opacity":"","overlay-gradient":""}},"ast-content-background-meta":{"desktop":{"background-color":"var(--ast-global-color-5)","background-image":"","background-repeat":"repeat","background-position":"center center","background-size":"auto","background-attachment":"scroll","background-type":"","background-media":"","overlay-type":"","overlay-color":"","overlay-opacity":"","overlay-gradient":""},"tablet":{"background-color":"var(--ast-global-color-5)","background-image":"","background-repeat":"repeat","background-position":"center center","background-size":"auto","background-attachment":"scroll","background-type":"","background-media":"","overlay-type":"","overlay-color":"","overlay-opacity":"","overlay-gradient":""},"mobile":{"background-color":"var(--ast-global-color-5)","background-image":"","background-repeat":"repeat","background-position":"center center","background-size":"auto","background-attachment":"scroll","background-type":"","background-media":"","overlay-type":"","overlay-color":"","overlay-opacity":"","overlay-gradient":""}},"footnotes":""},"categories":[71],"tags":[],"class_list":["post-58317","post","type-post","status-publish","format-standard","has-post-thumbnail","hentry","category-podujatia"],"yoast_head":"<!-- This site is optimized with the Yoast SEO plugin v27.4 - https:\/\/yoast.com\/product\/yoast-seo-wordpress\/ -->\n<title>Noc duchov, tekv\u00edc a stra\u0161idiel - Pova\u017esk\u00e9 m\u00fazeum<\/title>\n<meta name=\"robots\" content=\"index, follow, max-snippet:-1, max-image-preview:large, max-video-preview:-1\" \/>\n<link rel=\"canonical\" href=\"https:\/\/pmza.sk\/?p=58317\" \/>\n<meta property=\"og:locale\" content=\"sk_SK\" \/>\n<meta property=\"og:type\" content=\"article\" \/>\n<meta property=\"og:title\" content=\"Noc duchov, tekv\u00edc a stra\u0161idiel - Pova\u017esk\u00e9 m\u00fazeum\" \/>\n<meta property=\"og:description\" content=\"VYPREDAN\u00c9! Stra\u0161ideln\u00e1 atmosf\u00e9ra stredovek\u00e9ho hradu pritiahne do tajomn\u00fdch z\u00e1kut\u00ed v\u0161etky bosorky, stra\u0161idl\u00e1 a\u00a0z\u00e1hadn\u00e9 bytosti z\u00a0okolia. V\u0161etci si pr\u00eddu u\u017ei\u0165 posledn\u00e9 tohtoro\u010dn\u00e9 podujatie na hrade Stre\u010dno. Chcete by\u0165 pri tom? Nenechajte si ujs\u0165 ve\u010der pln\u00fd ne\u010dakan\u00fdch prekvapen\u00ed. Noc duchov, tekv\u00edc a\u00a0stra\u0161idiel sa bude kona\u0165 v\u00a0sobotu 21. okt\u00f3bra. Program v\u00a0hrade zabezpe\u010d\u00ed skupina historick\u00e9ho \u0161ermu Wagus z\u00a0Tren\u010d\u00edna. \u201eNa [&hellip;]\" \/>\n<meta property=\"og:url\" content=\"https:\/\/pmza.sk\/?p=58317\" \/>\n<meta property=\"og:site_name\" content=\"Pova\u017esk\u00e9 m\u00fazeum\" \/>\n<meta property=\"article:publisher\" content=\"https:\/\/www.facebook.com\/povazskemuzeum\" \/>\n<meta property=\"article:published_time\" content=\"2023-09-21T06:28:35+00:00\" \/>\n<meta property=\"article:modified_time\" content=\"2023-10-23T05:06:55+00:00\" \/>\n<meta property=\"og:image\" content=\"https:\/\/pmza.sk\/wp-content\/uploads\/2023\/09\/Noc_duchov_23_web-scaled.jpg\" \/>\n\t<meta property=\"og:image:width\" content=\"2560\" \/>\n\t<meta property=\"og:image:height\" content=\"2560\" \/>\n\t<meta property=\"og:image:type\" content=\"image\/jpeg\" \/>\n<meta name=\"author\" content=\"Pova\u017esk\u00e9 m\u00fazeum\" \/>\n<meta name=\"twitter:card\" content=\"summary_large_image\" \/>\n<meta name=\"twitter:label1\" content=\"Autor\" \/>\n\t<meta name=\"twitter:data1\" content=\"Pova\u017esk\u00e9 m\u00fazeum\" \/>\n\t<meta name=\"twitter:label2\" content=\"Predpokladan\u00fd \u010das \u010d\u00edtania\" \/>\n\t<meta name=\"twitter:data2\" content=\"1 min\u00fata\" \/>\n<script type=\"application\/ld+json\" class=\"yoast-schema-graph\">{\"@context\":\"https:\\\/\\\/schema.org\",\"@graph\":[{\"@type\":\"Article\",\"@id\":\"https:\\\/\\\/pmza.sk\\\/?p=58317#article\",\"isPartOf\":{\"@id\":\"https:\\\/\\\/pmza.sk\\\/?p=58317\"},\"author\":{\"name\":\"Pova\u017esk\u00e9 m\u00fazeum\",\"@id\":\"https:\\\/\\\/pmza.sk\\\/#\\\/schema\\\/person\\\/595e6a2ce731ea94dcd5d7f50a41ae33\"},\"headline\":\"Noc duchov, tekv\u00edc a stra\u0161idiel\",\"datePublished\":\"2023-09-21T06:28:35+00:00\",\"dateModified\":\"2023-10-23T05:06:55+00:00\",\"mainEntityOfPage\":{\"@id\":\"https:\\\/\\\/pmza.sk\\\/?p=58317\"},\"wordCount\":229,\"commentCount\":0,\"publisher\":{\"@id\":\"https:\\\/\\\/pmza.sk\\\/#organization\"},\"image\":{\"@id\":\"https:\\\/\\\/pmza.sk\\\/?p=58317#primaryimage\"},\"thumbnailUrl\":\"https:\\\/\\\/pmza.sk\\\/wp-content\\\/uploads\\\/2023\\\/09\\\/Noc_duchov_23_web-scaled.jpg\",\"articleSection\":[\"Podujatia\"],\"inLanguage\":\"sk-SK\"},{\"@type\":\"WebPage\",\"@id\":\"https:\\\/\\\/pmza.sk\\\/?p=58317\",\"url\":\"https:\\\/\\\/pmza.sk\\\/?p=58317\",\"name\":\"Noc duchov, tekv\u00edc a stra\u0161idiel - Pova\u017esk\u00e9 m\u00fazeum\",\"isPartOf\":{\"@id\":\"https:\\\/\\\/pmza.sk\\\/#website\"},\"primaryImageOfPage\":{\"@id\":\"https:\\\/\\\/pmza.sk\\\/?p=58317#primaryimage\"},\"image\":{\"@id\":\"https:\\\/\\\/pmza.sk\\\/?p=58317#primaryimage\"},\"thumbnailUrl\":\"https:\\\/\\\/pmza.sk\\\/wp-content\\\/uploads\\\/2023\\\/09\\\/Noc_duchov_23_web-scaled.jpg\",\"datePublished\":\"2023-09-21T06:28:35+00:00\",\"dateModified\":\"2023-10-23T05:06:55+00:00\",\"breadcrumb\":{\"@id\":\"https:\\\/\\\/pmza.sk\\\/?p=58317#breadcrumb\"},\"inLanguage\":\"sk-SK\",\"potentialAction\":[{\"@type\":\"ReadAction\",\"target\":[\"https:\\\/\\\/pmza.sk\\\/?p=58317\"]}]},{\"@type\":\"ImageObject\",\"inLanguage\":\"sk-SK\",\"@id\":\"https:\\\/\\\/pmza.sk\\\/?p=58317#primaryimage\",\"url\":\"https:\\\/\\\/pmza.sk\\\/wp-content\\\/uploads\\\/2023\\\/09\\\/Noc_duchov_23_web-scaled.jpg\",\"contentUrl\":\"https:\\\/\\\/pmza.sk\\\/wp-content\\\/uploads\\\/2023\\\/09\\\/Noc_duchov_23_web-scaled.jpg\",\"width\":2560,\"height\":2560},{\"@type\":\"BreadcrumbList\",\"@id\":\"https:\\\/\\\/pmza.sk\\\/?p=58317#breadcrumb\",\"itemListElement\":[{\"@type\":\"ListItem\",\"position\":1,\"name\":\"Domovsk\u00e1 str\u00e1nka\",\"item\":\"https:\\\/\\\/pmza.sk\\\/\"},{\"@type\":\"ListItem\",\"position\":2,\"name\":\"Noc duchov, tekv\u00edc a stra\u0161idiel\"}]},{\"@type\":\"WebSite\",\"@id\":\"https:\\\/\\\/pmza.sk\\\/#website\",\"url\":\"https:\\\/\\\/pmza.sk\\\/\",\"name\":\"Pova\u017esk\u00e9 m\u00fazeum\",\"description\":\"Pova\u017esk\u00e9 m\u00fazeum v \u017diline je region\u00e1lne m\u00fazeum so s\u00eddlom v Budat\u00edne. Jeho expoz\u00edcie s\u00fa zameran\u00e9 na dejiny slovensk\u00e9ho umenia, kult\u00fary a dopravy.\",\"publisher\":{\"@id\":\"https:\\\/\\\/pmza.sk\\\/#organization\"},\"potentialAction\":[{\"@type\":\"SearchAction\",\"target\":{\"@type\":\"EntryPoint\",\"urlTemplate\":\"https:\\\/\\\/pmza.sk\\\/?s={search_term_string}\"},\"query-input\":{\"@type\":\"PropertyValueSpecification\",\"valueRequired\":true,\"valueName\":\"search_term_string\"}}],\"inLanguage\":\"sk-SK\"},{\"@type\":\"Organization\",\"@id\":\"https:\\\/\\\/pmza.sk\\\/#organization\",\"name\":\"Pova\u017esk\u00e9 m\u00fazeum\",\"url\":\"https:\\\/\\\/pmza.sk\\\/\",\"logo\":{\"@type\":\"ImageObject\",\"inLanguage\":\"sk-SK\",\"@id\":\"https:\\\/\\\/pmza.sk\\\/#\\\/schema\\\/logo\\\/image\\\/\",\"url\":\"https:\\\/\\\/pmza.sk\\\/wp-content\\\/uploads\\\/2022\\\/01\\\/logo_PM_horizontal.jpg\",\"contentUrl\":\"https:\\\/\\\/pmza.sk\\\/wp-content\\\/uploads\\\/2022\\\/01\\\/logo_PM_horizontal.jpg\",\"width\":231,\"height\":142,\"caption\":\"Pova\u017esk\u00e9 m\u00fazeum\"},\"image\":{\"@id\":\"https:\\\/\\\/pmza.sk\\\/#\\\/schema\\\/logo\\\/image\\\/\"},\"sameAs\":[\"https:\\\/\\\/www.facebook.com\\\/povazskemuzeum\",\"https:\\\/\\\/www.instagram.com\\\/povazskemuzeum\\\/\"]},{\"@type\":\"Person\",\"@id\":\"https:\\\/\\\/pmza.sk\\\/#\\\/schema\\\/person\\\/595e6a2ce731ea94dcd5d7f50a41ae33\",\"name\":\"Pova\u017esk\u00e9 m\u00fazeum\",\"image\":{\"@type\":\"ImageObject\",\"inLanguage\":\"sk-SK\",\"@id\":\"https:\\\/\\\/secure.gravatar.com\\\/avatar\\\/2bb7f1561282132fb5826dfeccc66c7996d11ee392ac6aaf7ced8a1c2027fbb2?s=96&d=mm&r=g\",\"url\":\"https:\\\/\\\/secure.gravatar.com\\\/avatar\\\/2bb7f1561282132fb5826dfeccc66c7996d11ee392ac6aaf7ced8a1c2027fbb2?s=96&d=mm&r=g\",\"contentUrl\":\"https:\\\/\\\/secure.gravatar.com\\\/avatar\\\/2bb7f1561282132fb5826dfeccc66c7996d11ee392ac6aaf7ced8a1c2027fbb2?s=96&d=mm&r=g\",\"caption\":\"Pova\u017esk\u00e9 m\u00fazeum\"}}]}<\/script>\n<!-- \/ Yoast SEO plugin. -->","yoast_head_json":{"title":"Noc duchov, tekv\u00edc a stra\u0161idiel - Pova\u017esk\u00e9 m\u00fazeum","robots":{"index":"index","follow":"follow","max-snippet":"max-snippet:-1","max-image-preview":"max-image-preview:large","max-video-preview":"max-video-preview:-1"},"canonical":"https:\/\/pmza.sk\/?p=58317","og_locale":"sk_SK","og_type":"article","og_title":"Noc duchov, tekv\u00edc a stra\u0161idiel - Pova\u017esk\u00e9 m\u00fazeum","og_description":"VYPREDAN\u00c9! Stra\u0161ideln\u00e1 atmosf\u00e9ra stredovek\u00e9ho hradu pritiahne do tajomn\u00fdch z\u00e1kut\u00ed v\u0161etky bosorky, stra\u0161idl\u00e1 a\u00a0z\u00e1hadn\u00e9 bytosti z\u00a0okolia. V\u0161etci si pr\u00eddu u\u017ei\u0165 posledn\u00e9 tohtoro\u010dn\u00e9 podujatie na hrade Stre\u010dno. Chcete by\u0165 pri tom? Nenechajte si ujs\u0165 ve\u010der pln\u00fd ne\u010dakan\u00fdch prekvapen\u00ed. Noc duchov, tekv\u00edc a\u00a0stra\u0161idiel sa bude kona\u0165 v\u00a0sobotu 21. okt\u00f3bra. Program v\u00a0hrade zabezpe\u010d\u00ed skupina historick\u00e9ho \u0161ermu Wagus z\u00a0Tren\u010d\u00edna. \u201eNa [&hellip;]","og_url":"https:\/\/pmza.sk\/?p=58317","og_site_name":"Pova\u017esk\u00e9 m\u00fazeum","article_publisher":"https:\/\/www.facebook.com\/povazskemuzeum","article_published_time":"2023-09-21T06:28:35+00:00","article_modified_time":"2023-10-23T05:06:55+00:00","og_image":[{"width":2560,"height":2560,"url":"https:\/\/pmza.sk\/wp-content\/uploads\/2023\/09\/Noc_duchov_23_web-scaled.jpg","type":"image\/jpeg"}],"author":"Pova\u017esk\u00e9 m\u00fazeum","twitter_card":"summary_large_image","twitter_misc":{"Autor":"Pova\u017esk\u00e9 m\u00fazeum","Predpokladan\u00fd \u010das \u010d\u00edtania":"1 min\u00fata"},"schema":{"@context":"https:\/\/schema.org","@graph":[{"@type":"Article","@id":"https:\/\/pmza.sk\/?p=58317#article","isPartOf":{"@id":"https:\/\/pmza.sk\/?p=58317"},"author":{"name":"Pova\u017esk\u00e9 m\u00fazeum","@id":"https:\/\/pmza.sk\/#\/schema\/person\/595e6a2ce731ea94dcd5d7f50a41ae33"},"headline":"Noc duchov, tekv\u00edc a stra\u0161idiel","datePublished":"2023-09-21T06:28:35+00:00","dateModified":"2023-10-23T05:06:55+00:00","mainEntityOfPage":{"@id":"https:\/\/pmza.sk\/?p=58317"},"wordCount":229,"commentCount":0,"publisher":{"@id":"https:\/\/pmza.sk\/#organization"},"image":{"@id":"https:\/\/pmza.sk\/?p=58317#primaryimage"},"thumbnailUrl":"https:\/\/pmza.sk\/wp-content\/uploads\/2023\/09\/Noc_duchov_23_web-scaled.jpg","articleSection":["Podujatia"],"inLanguage":"sk-SK"},{"@type":"WebPage","@id":"https:\/\/pmza.sk\/?p=58317","url":"https:\/\/pmza.sk\/?p=58317","name":"Noc duchov, tekv\u00edc a stra\u0161idiel - Pova\u017esk\u00e9 m\u00fazeum","isPartOf":{"@id":"https:\/\/pmza.sk\/#website"},"primaryImageOfPage":{"@id":"https:\/\/pmza.sk\/?p=58317#primaryimage"},"image":{"@id":"https:\/\/pmza.sk\/?p=58317#primaryimage"},"thumbnailUrl":"https:\/\/pmza.sk\/wp-content\/uploads\/2023\/09\/Noc_duchov_23_web-scaled.jpg","datePublished":"2023-09-21T06:28:35+00:00","dateModified":"2023-10-23T05:06:55+00:00","breadcrumb":{"@id":"https:\/\/pmza.sk\/?p=58317#breadcrumb"},"inLanguage":"sk-SK","potentialAction":[{"@type":"ReadAction","target":["https:\/\/pmza.sk\/?p=58317"]}]},{"@type":"ImageObject","inLanguage":"sk-SK","@id":"https:\/\/pmza.sk\/?p=58317#primaryimage","url":"https:\/\/pmza.sk\/wp-content\/uploads\/2023\/09\/Noc_duchov_23_web-scaled.jpg","contentUrl":"https:\/\/pmza.sk\/wp-content\/uploads\/2023\/09\/Noc_duchov_23_web-scaled.jpg","width":2560,"height":2560},{"@type":"BreadcrumbList","@id":"https:\/\/pmza.sk\/?p=58317#breadcrumb","itemListElement":[{"@type":"ListItem","position":1,"name":"Domovsk\u00e1 str\u00e1nka","item":"https:\/\/pmza.sk\/"},{"@type":"ListItem","position":2,"name":"Noc duchov, tekv\u00edc a stra\u0161idiel"}]},{"@type":"WebSite","@id":"https:\/\/pmza.sk\/#website","url":"https:\/\/pmza.sk\/","name":"Pova\u017esk\u00e9 m\u00fazeum","description":"Pova\u017esk\u00e9 m\u00fazeum v \u017diline je region\u00e1lne m\u00fazeum so s\u00eddlom v Budat\u00edne. Jeho expoz\u00edcie s\u00fa zameran\u00e9 na dejiny slovensk\u00e9ho umenia, kult\u00fary a dopravy.","publisher":{"@id":"https:\/\/pmza.sk\/#organization"},"potentialAction":[{"@type":"SearchAction","target":{"@type":"EntryPoint","urlTemplate":"https:\/\/pmza.sk\/?s={search_term_string}"},"query-input":{"@type":"PropertyValueSpecification","valueRequired":true,"valueName":"search_term_string"}}],"inLanguage":"sk-SK"},{"@type":"Organization","@id":"https:\/\/pmza.sk\/#organization","name":"Pova\u017esk\u00e9 m\u00fazeum","url":"https:\/\/pmza.sk\/","logo":{"@type":"ImageObject","inLanguage":"sk-SK","@id":"https:\/\/pmza.sk\/#\/schema\/logo\/image\/","url":"https:\/\/pmza.sk\/wp-content\/uploads\/2022\/01\/logo_PM_horizontal.jpg","contentUrl":"https:\/\/pmza.sk\/wp-content\/uploads\/2022\/01\/logo_PM_horizontal.jpg","width":231,"height":142,"caption":"Pova\u017esk\u00e9 m\u00fazeum"},"image":{"@id":"https:\/\/pmza.sk\/#\/schema\/logo\/image\/"},"sameAs":["https:\/\/www.facebook.com\/povazskemuzeum","https:\/\/www.instagram.com\/povazskemuzeum\/"]},{"@type":"Person","@id":"https:\/\/pmza.sk\/#\/schema\/person\/595e6a2ce731ea94dcd5d7f50a41ae33","name":"Pova\u017esk\u00e9 m\u00fazeum","image":{"@type":"ImageObject","inLanguage":"sk-SK","@id":"https:\/\/secure.gravatar.com\/avatar\/2bb7f1561282132fb5826dfeccc66c7996d11ee392ac6aaf7ced8a1c2027fbb2?s=96&d=mm&r=g","url":"https:\/\/secure.gravatar.com\/avatar\/2bb7f1561282132fb5826dfeccc66c7996d11ee392ac6aaf7ced8a1c2027fbb2?s=96&d=mm&r=g","contentUrl":"https:\/\/secure.gravatar.com\/avatar\/2bb7f1561282132fb5826dfeccc66c7996d11ee392ac6aaf7ced8a1c2027fbb2?s=96&d=mm&r=g","caption":"Pova\u017esk\u00e9 m\u00fazeum"}}]}},"_links":{"self":[{"href":"https:\/\/pmza.sk\/index.php?rest_route=\/wp\/v2\/posts\/58317","targetHints":{"allow":["GET"]}}],"collection":[{"href":"https:\/\/pmza.sk\/index.php?rest_route=\/wp\/v2\/posts"}],"about":[{"href":"https:\/\/pmza.sk\/index.php?rest_route=\/wp\/v2\/types\/post"}],"author":[{"embeddable":true,"href":"https:\/\/pmza.sk\/index.php?rest_route=\/wp\/v2\/users\/2"}],"replies":[{"embeddable":true,"href":"https:\/\/pmza.sk\/index.php?rest_route=%2Fwp%2Fv2%2Fcomments&post=58317"}],"version-history":[{"count":0,"href":"https:\/\/pmza.sk\/index.php?rest_route=\/wp\/v2\/posts\/58317\/revisions"}],"wp:featuredmedia":[{"embeddable":true,"href":"https:\/\/pmza.sk\/index.php?rest_route=\/wp\/v2\/media\/58320"}],"wp:attachment":[{"href":"https:\/\/pmza.sk\/index.php?rest_route=%2Fwp%2Fv2%2Fmedia&parent=58317"}],"wp:term":[{"taxonomy":"category","embeddable":true,"href":"https:\/\/pmza.sk\/index.php?rest_route=%2Fwp%2Fv2%2Fcategories&post=58317"},{"taxonomy":"post_tag","embeddable":true,"href":"https:\/\/pmza.sk\/index.php?rest_route=%2Fwp%2Fv2%2Ftags&post=58317"}],"curies":[{"name":"wp","href":"https:\/\/api.w.org\/{rel}","templated":true}]}}