{"id":58322,"date":"2023-09-21T16:18:37","date_gmt":"2023-09-21T14:18:37","guid":{"rendered":"https:\/\/pmza.sk\/?p=58322"},"modified":"2023-10-06T11:29:21","modified_gmt":"2023-10-06T09:29:21","slug":"katarina-hallonova-ziskala-poctu-karola-guleju","status":"publish","type":"post","link":"https:\/\/pmza.sk\/?p=58322","title":{"rendered":"Katar\u00edna Hallonov\u00e1 z\u00edskala Poctu Karola Guleju"},"content":{"rendered":"<p>Katar\u00edna Hallonov\u00e1 \u2013 histori\u010dka drot\u00e1rstva z\u00a0Pova\u017esk\u00e9ho m\u00fazea z\u00edskala ocenenie Pocta Karola Guleju za odborn\u00e9 sk\u00famanie, prezent\u00e1ciu, populariz\u00e1ciu a\u00a0v\u0161estrann\u00fa podporu drot\u00e1rskeho remesla. Toto ocenenie vyd\u00e1va Kysuck\u00e1 kult\u00farna nad\u00e1cia a\u00a0odovzd\u00e1vanie je s\u00fa\u010das\u0165ou Bartolomejsk\u00e9ho hodov\u00e9ho jarmoku v\u00a0\u010cadci, ktor\u00fd sa tradi\u010dne kon\u00e1 koncom augusta.<\/p>\n<p>Karol Guleja poch\u00e1dzal z\u00a0Vr\u00fatok a\u00a0v\u00a0roku 1938 sa zamestnal ako u\u010dite\u013e v\u00a0obci Dlh\u00e9 Pole. \u017divot drot\u00e1rov a\u00a0neoby\u010dajn\u00e9 remeslo ho ve\u013emi zaujali. O\u00a0dva roky nesk\u00f4r zorganizoval v\u00a0miestnej \u0161kole Prv\u00fa v\u00fdstavu drot\u00e1rstva a\u00a0jeho n\u00e1rodopisu. Neskor\u0161ie zbierky a dokumenty stali sa z\u00e1kladinou Drot\u00e1rskeho m\u00fazea v\u00a0\u017diline a od roku 1956 s\u00fa s\u00fa\u010das\u0165ou zbierok Pova\u017esk\u00e9ho m\u00fazea. V roku 1968 sa Karol Guleja aj s rodinou ods\u0165ahoval do Nemecka, neust\u00e1le v\u0161ak zhroma\u017e\u010foval r\u00f4zne inform\u00e1cie o drot\u00e1rstve. V roku 1992 vy\u0161la jeho kniha Svet drot\u00e1rov.<\/p>\n<p>Karol Guleja zomrel v roku 2013, no v spomienkach \u013eud\u00ed je \u017eiv\u00fd st\u00e1le. Sved\u010d\u00ed o tom aj aktivita Kysuckej kult\u00farnej nad\u00e1cie, ktor\u00e1 ude\u013euje od roku 2007 Poctu Karola Guleju osobnostiam, ktor\u00e9 sa v\u00fdznamn\u00fdm sp\u00f4sobom pri\u010dinili o \u0161\u00edrenie dobr\u00e9ho mena drot\u00e1rstva doma i vo svete. Ve\u013ek\u00fa z\u00e1sluhu na propag\u00e1cii ne\u00fanavn\u00e9ho obdivovate\u013ea a zberate\u013ea dokumentov o drot\u00e1rstve m\u00e1 spisovate\u013e Du\u0161an Mikolaj. Autor knihy Odr\u00f4tovan\u00fd svet Karola Guleju je \u010dlenom Kysuckej kult\u00farnej nad\u00e1cie a pr\u00e1ve on odovzdal histori\u010dke drot\u00e1rstva toto v\u00fdznamn\u00e9 ocenenie. <em>\u201eUdelenie Pocty Karola Guleju si mimoriadne v\u00e1\u017eim. Ocenenie m\u00e1 pre m\u0148a ve\u013emi \u0161pecifick\u00fd osobn\u00fd rozmer, ke\u010f\u017ee som svoje aktivity realizovala na p\u00f4de\u00a0in\u0161tit\u00facie, ktor\u00fa Karol Guleja pom\u00e1hal zaklada\u0165, a ktor\u00e1 v odbore drot\u00e1rstva pokra\u010duje v jeho odkaze a \u010falej ho \u00faspe\u0161ne rozv\u00edja. Celo\u017eivotn\u00fdm snom Karola Guleju bolo, aby toto jedine\u010dn\u00e9 remeslo spolo\u010dnos\u0165 prijala ako vz\u00e1cnu kult\u00farnu hodnotu. Som ve\u013emi \u0161\u0165astn\u00e1, \u017ee sa, aj v\u00fdrazn\u00fdm pri\u010dinen\u00edm Pova\u017esk\u00e9ho m\u00fazea, podarilo jeho \u00fasilie v roku 2019 zav\u0155\u0161i\u0165 z\u00e1pisom drot\u00e1rstva do Reprezentat\u00edvneho\u00a0zoznamu\u00a0nehmotn\u00e9ho kult\u00farneho dedi\u010dstva \u013eudstva\u00a0UNESCO,\u201c<\/em>\u00a0 uviedla Katar\u00edna Hallonov\u00e1.<\/p>\n<p>Pocta Karola Guleju bola udelen\u00e9 t\u00fdmto osobnostiam:<\/p>\n<p>2007:\u00a0Vladim\u00edr Ferko a Andrej Ferko<\/p>\n<p>2008:\u00a0Miroslav Cip\u00e1r<\/p>\n<p>2009:\u00a0Ladislav Jurovat\u00fd st.\u00a0a Ladislav Jurovat\u00fd ml.<\/p>\n<p>2010:\u00a0Juraj \u0160er\u00edk<\/p>\n<p>2011:\u00a0\u0160tefan Mlich<\/p>\n<p>2012:\u00a0J\u00e1n \u010comaj<\/p>\n<p>2013:\u00a0Jozef Hoz\u00e1k a\u00a0R\u00f3bert Hoz\u00e1k<\/p>\n<p>2014:\u00a0\u013dubom\u00edr Bern\u00e1t<\/p>\n<p>2015:\u00a0Peter Kurhajec<\/p>\n<p>2016: Rem\u00edgia Biskupsk\u00e1<\/p>\n<p>2017: Dagmar K\u0159\u00ed\u017eov\u00e1<\/p>\n<p>2018: Jozef Michtal\u00edk<\/p>\n<p>2019: Dana Veveri\u010d\u00edkov\u00e1<\/p>\n<p>2022: \u013dubica Kullov\u00e1<\/p>\n<p>2023: Katar\u00edna Hallonov\u00e1<\/p>\n<p>zdroj foto: mesto \u010cadca a Pova\u017esk\u00e9 m\u00fazeum<\/p>\n<div class=\"wp-block-image\">\n<figure id=\"attachment_58324\" aria-describedby=\"caption-attachment-58324\" style=\"width: 540px\" class=\"wp-caption alignnone\"><img fetchpriority=\"high\" decoding=\"async\" class=\"wp-image-58324 size-medium\" src=\"https:\/\/pmza.sk\/wp-content\/uploads\/2023\/09\/Slavnostne-ocenovanie-bolo-sucastou-Bartolomejskeho-hodoveho-jarmoku-v-Cadci-540x360.jpg\" alt=\"Sl\u00e1vnostn\u00e9 odovzd\u00e1vanie bolo s\u00fa\u010das\u0165ou Bartolomejsk\u00e9ho hodov\u00e9ho jarmoku\" width=\"540\" height=\"360\" srcset=\"https:\/\/pmza.sk\/wp-content\/uploads\/2023\/09\/Slavnostne-ocenovanie-bolo-sucastou-Bartolomejskeho-hodoveho-jarmoku-v-Cadci-540x360.jpg 540w, https:\/\/pmza.sk\/wp-content\/uploads\/2023\/09\/Slavnostne-ocenovanie-bolo-sucastou-Bartolomejskeho-hodoveho-jarmoku-v-Cadci-1104x736.jpg 1104w, https:\/\/pmza.sk\/wp-content\/uploads\/2023\/09\/Slavnostne-ocenovanie-bolo-sucastou-Bartolomejskeho-hodoveho-jarmoku-v-Cadci-768x512.jpg 768w, https:\/\/pmza.sk\/wp-content\/uploads\/2023\/09\/Slavnostne-ocenovanie-bolo-sucastou-Bartolomejskeho-hodoveho-jarmoku-v-Cadci-1536x1024.jpg 1536w, https:\/\/pmza.sk\/wp-content\/uploads\/2023\/09\/Slavnostne-ocenovanie-bolo-sucastou-Bartolomejskeho-hodoveho-jarmoku-v-Cadci-600x400.jpg 600w, https:\/\/pmza.sk\/wp-content\/uploads\/2023\/09\/Slavnostne-ocenovanie-bolo-sucastou-Bartolomejskeho-hodoveho-jarmoku-v-Cadci.jpg 1920w\" sizes=\"(max-width: 540px) 100vw, 540px\" \/><figcaption id=\"caption-attachment-58324\" class=\"wp-caption-text\">Sl\u00e1vnostn\u00e9 odovzd\u00e1vanie bolo s\u00fa\u010das\u0165ou Bartolomejsk\u00e9ho hodov\u00e9ho jarmoku<\/figcaption><\/figure>\n<p><img decoding=\"async\" id=\"longdesc-return-58325\" class=\"size-medium wp-image-58325\" tabindex=\"-1\" src=\"https:\/\/pmza.sk\/wp-content\/uploads\/2023\/09\/Dusan-Mikolaj-odovzdava-Katarine-Hallonovej-ocenenie-Pocta-Karola-Guleju-540x360.jpg\" alt=\"\" width=\"540\" height=\"360\" longdesc=\"https:\/\/pmza.sk?longdesc=58325&amp;referrer=58322\" srcset=\"https:\/\/pmza.sk\/wp-content\/uploads\/2023\/09\/Dusan-Mikolaj-odovzdava-Katarine-Hallonovej-ocenenie-Pocta-Karola-Guleju-540x360.jpg 540w, https:\/\/pmza.sk\/wp-content\/uploads\/2023\/09\/Dusan-Mikolaj-odovzdava-Katarine-Hallonovej-ocenenie-Pocta-Karola-Guleju-1104x736.jpg 1104w, https:\/\/pmza.sk\/wp-content\/uploads\/2023\/09\/Dusan-Mikolaj-odovzdava-Katarine-Hallonovej-ocenenie-Pocta-Karola-Guleju-768x512.jpg 768w, https:\/\/pmza.sk\/wp-content\/uploads\/2023\/09\/Dusan-Mikolaj-odovzdava-Katarine-Hallonovej-ocenenie-Pocta-Karola-Guleju-1536x1024.jpg 1536w, https:\/\/pmza.sk\/wp-content\/uploads\/2023\/09\/Dusan-Mikolaj-odovzdava-Katarine-Hallonovej-ocenenie-Pocta-Karola-Guleju-600x400.jpg 600w, https:\/\/pmza.sk\/wp-content\/uploads\/2023\/09\/Dusan-Mikolaj-odovzdava-Katarine-Hallonovej-ocenenie-Pocta-Karola-Guleju.jpg 1920w\" sizes=\"(max-width: 540px) 100vw, 540px\" \/><\/p>\n<p>Du\u0161an Mikolaj odovzd\u00e1va Katar\u00edne Hallonovej ocenenie Pocta Karola Guleju<\/p>\n<p><img decoding=\"async\" class=\"size-medium wp-image-58326\" src=\"https:\/\/pmza.sk\/wp-content\/uploads\/2023\/09\/diplom-Pocta-Karola-Guleju-255x360.jpg\" alt=\"\" width=\"255\" height=\"360\" srcset=\"https:\/\/pmza.sk\/wp-content\/uploads\/2023\/09\/diplom-Pocta-Karola-Guleju-255x360.jpg 255w, https:\/\/pmza.sk\/wp-content\/uploads\/2023\/09\/diplom-Pocta-Karola-Guleju-520x736.jpg 520w, https:\/\/pmza.sk\/wp-content\/uploads\/2023\/09\/diplom-Pocta-Karola-Guleju-768x1086.jpg 768w, https:\/\/pmza.sk\/wp-content\/uploads\/2023\/09\/diplom-Pocta-Karola-Guleju-1086x1536.jpg 1086w, https:\/\/pmza.sk\/wp-content\/uploads\/2023\/09\/diplom-Pocta-Karola-Guleju-600x849.jpg 600w, https:\/\/pmza.sk\/wp-content\/uploads\/2023\/09\/diplom-Pocta-Karola-Guleju.jpg 1240w\" sizes=\"(max-width: 255px) 100vw, 255px\" \/><\/p>\n<p>diplom Pocta Karola Guleju<\/p>\n<p><img loading=\"lazy\" decoding=\"async\" class=\"size-medium wp-image-58327\" src=\"https:\/\/pmza.sk\/wp-content\/uploads\/2023\/09\/Karol-Guleja-347x360.jpg\" alt=\"\" width=\"347\" height=\"360\" srcset=\"https:\/\/pmza.sk\/wp-content\/uploads\/2023\/09\/Karol-Guleja-347x360.jpg 347w, https:\/\/pmza.sk\/wp-content\/uploads\/2023\/09\/Karol-Guleja-709x736.jpg 709w, https:\/\/pmza.sk\/wp-content\/uploads\/2023\/09\/Karol-Guleja-768x797.jpg 768w, https:\/\/pmza.sk\/wp-content\/uploads\/2023\/09\/Karol-Guleja-600x623.jpg 600w, https:\/\/pmza.sk\/wp-content\/uploads\/2023\/09\/Karol-Guleja.jpg 771w\" sizes=\"(max-width: 347px) 100vw, 347px\" \/><\/p>\n<p>Karol Guleja<\/p>\n<p>&nbsp;<\/p>\n<\/div>\n","protected":false},"excerpt":{"rendered":"<p>Katar\u00edna Hallonov\u00e1 \u2013 histori\u010dka drot\u00e1rstva z\u00a0Pova\u017esk\u00e9ho m\u00fazea z\u00edskala ocenenie Pocta Karola Guleju za odborn\u00e9 sk\u00famanie, prezent\u00e1ciu, populariz\u00e1ciu a\u00a0v\u0161estrann\u00fa podporu drot\u00e1rskeho remesla. Toto ocenenie vyd\u00e1va Kysuck\u00e1 kult\u00farna nad\u00e1cia a\u00a0odovzd\u00e1vanie je s\u00fa\u010das\u0165ou Bartolomejsk\u00e9ho hodov\u00e9ho jarmoku v\u00a0\u010cadci, ktor\u00fd sa tradi\u010dne kon\u00e1 koncom augusta. Karol Guleja poch\u00e1dzal z\u00a0Vr\u00fatok a\u00a0v\u00a0roku 1938 sa zamestnal ako u\u010dite\u013e v\u00a0obci Dlh\u00e9 Pole. \u017divot drot\u00e1rov [&hellip;]<\/p>\n","protected":false},"author":2,"featured_media":58323,"comment_status":"open","ping_status":"open","sticky":false,"template":"","format":"standard","meta":{"site-sidebar-layout":"default","site-content-layout":"default","ast-site-content-layout":"","site-content-style":"default","site-sidebar-style":"default","ast-global-header-display":"","ast-banner-title-visibility":"","ast-main-header-display":"","ast-hfb-above-header-display":"","ast-hfb-below-header-display":"","ast-hfb-mobile-header-display":"","site-post-title":"","ast-breadcrumbs-content":"","ast-featured-img":"","footer-sml-layout":"","theme-transparent-header-meta":"default","adv-header-id-meta":"","stick-header-meta":"default","header-above-stick-meta":"","header-main-stick-meta":"","header-below-stick-meta":"","astra-migrate-meta-layouts":"default","ast-page-background-enabled":"default","ast-page-background-meta":{"desktop":{"background-color":"var(--ast-global-color-4)","background-image":"","background-repeat":"repeat","background-position":"center center","background-size":"auto","background-attachment":"scroll","background-type":"","background-media":"","overlay-type":"","overlay-color":"","overlay-opacity":"","overlay-gradient":""},"tablet":{"background-color":"","background-image":"","background-repeat":"repeat","background-position":"center center","background-size":"auto","background-attachment":"scroll","background-type":"","background-media":"","overlay-type":"","overlay-color":"","overlay-opacity":"","overlay-gradient":""},"mobile":{"background-color":"","background-image":"","background-repeat":"repeat","background-position":"center center","background-size":"auto","background-attachment":"scroll","background-type":"","background-media":"","overlay-type":"","overlay-color":"","overlay-opacity":"","overlay-gradient":""}},"ast-content-background-meta":{"desktop":{"background-color":"var(--ast-global-color-5)","background-image":"","background-repeat":"repeat","background-position":"center center","background-size":"auto","background-attachment":"scroll","background-type":"","background-media":"","overlay-type":"","overlay-color":"","overlay-opacity":"","overlay-gradient":""},"tablet":{"background-color":"var(--ast-global-color-5)","background-image":"","background-repeat":"repeat","background-position":"center center","background-size":"auto","background-attachment":"scroll","background-type":"","background-media":"","overlay-type":"","overlay-color":"","overlay-opacity":"","overlay-gradient":""},"mobile":{"background-color":"var(--ast-global-color-5)","background-image":"","background-repeat":"repeat","background-position":"center center","background-size":"auto","background-attachment":"scroll","background-type":"","background-media":"","overlay-type":"","overlay-color":"","overlay-opacity":"","overlay-gradient":""}},"footnotes":""},"categories":[31],"tags":[],"class_list":["post-58322","post","type-post","status-publish","format-standard","has-post-thumbnail","hentry","category-aktuality"],"yoast_head":"<!-- This site is optimized with the Yoast SEO plugin v27.4 - https:\/\/yoast.com\/product\/yoast-seo-wordpress\/ -->\n<title>Katar\u00edna Hallonov\u00e1 z\u00edskala Poctu Karola Guleju - Pova\u017esk\u00e9 m\u00fazeum<\/title>\n<meta name=\"robots\" content=\"index, follow, max-snippet:-1, max-image-preview:large, max-video-preview:-1\" \/>\n<link rel=\"canonical\" href=\"https:\/\/pmza.sk\/?p=58322\" \/>\n<meta property=\"og:locale\" content=\"sk_SK\" \/>\n<meta property=\"og:type\" content=\"article\" \/>\n<meta property=\"og:title\" content=\"Katar\u00edna Hallonov\u00e1 z\u00edskala Poctu Karola Guleju - Pova\u017esk\u00e9 m\u00fazeum\" \/>\n<meta property=\"og:description\" content=\"Katar\u00edna Hallonov\u00e1 \u2013 histori\u010dka drot\u00e1rstva z\u00a0Pova\u017esk\u00e9ho m\u00fazea z\u00edskala ocenenie Pocta Karola Guleju za odborn\u00e9 sk\u00famanie, prezent\u00e1ciu, populariz\u00e1ciu a\u00a0v\u0161estrann\u00fa podporu drot\u00e1rskeho remesla. Toto ocenenie vyd\u00e1va Kysuck\u00e1 kult\u00farna nad\u00e1cia a\u00a0odovzd\u00e1vanie je s\u00fa\u010das\u0165ou Bartolomejsk\u00e9ho hodov\u00e9ho jarmoku v\u00a0\u010cadci, ktor\u00fd sa tradi\u010dne kon\u00e1 koncom augusta. Karol Guleja poch\u00e1dzal z\u00a0Vr\u00fatok a\u00a0v\u00a0roku 1938 sa zamestnal ako u\u010dite\u013e v\u00a0obci Dlh\u00e9 Pole. \u017divot drot\u00e1rov [&hellip;]\" \/>\n<meta property=\"og:url\" content=\"https:\/\/pmza.sk\/?p=58322\" \/>\n<meta property=\"og:site_name\" content=\"Pova\u017esk\u00e9 m\u00fazeum\" \/>\n<meta property=\"article:publisher\" content=\"https:\/\/www.facebook.com\/povazskemuzeum\" \/>\n<meta property=\"article:published_time\" content=\"2023-09-21T14:18:37+00:00\" \/>\n<meta property=\"article:modified_time\" content=\"2023-10-06T09:29:21+00:00\" \/>\n<meta property=\"og:image\" content=\"https:\/\/pmza.sk\/wp-content\/uploads\/2023\/09\/Ocenena-Katarina-Hallonova-historicka-drotarstva-z-Povazskeho-muzea-scaled.jpg\" \/>\n\t<meta property=\"og:image:width\" content=\"1707\" \/>\n\t<meta property=\"og:image:height\" content=\"2560\" \/>\n\t<meta property=\"og:image:type\" content=\"image\/jpeg\" \/>\n<meta name=\"author\" content=\"Pova\u017esk\u00e9 m\u00fazeum\" \/>\n<meta name=\"twitter:card\" content=\"summary_large_image\" \/>\n<meta name=\"twitter:label1\" content=\"Autor\" \/>\n\t<meta name=\"twitter:data1\" content=\"Pova\u017esk\u00e9 m\u00fazeum\" \/>\n\t<meta name=\"twitter:label2\" content=\"Predpokladan\u00fd \u010das \u010d\u00edtania\" \/>\n\t<meta name=\"twitter:data2\" content=\"3 min\u00faty\" \/>\n<script type=\"application\/ld+json\" class=\"yoast-schema-graph\">{\"@context\":\"https:\\\/\\\/schema.org\",\"@graph\":[{\"@type\":\"Article\",\"@id\":\"https:\\\/\\\/pmza.sk\\\/?p=58322#article\",\"isPartOf\":{\"@id\":\"https:\\\/\\\/pmza.sk\\\/?p=58322\"},\"author\":{\"name\":\"Pova\u017esk\u00e9 m\u00fazeum\",\"@id\":\"https:\\\/\\\/pmza.sk\\\/#\\\/schema\\\/person\\\/595e6a2ce731ea94dcd5d7f50a41ae33\"},\"headline\":\"Katar\u00edna Hallonov\u00e1 z\u00edskala Poctu Karola Guleju\",\"datePublished\":\"2023-09-21T14:18:37+00:00\",\"dateModified\":\"2023-10-06T09:29:21+00:00\",\"mainEntityOfPage\":{\"@id\":\"https:\\\/\\\/pmza.sk\\\/?p=58322\"},\"wordCount\":516,\"commentCount\":0,\"publisher\":{\"@id\":\"https:\\\/\\\/pmza.sk\\\/#organization\"},\"image\":{\"@id\":\"https:\\\/\\\/pmza.sk\\\/?p=58322#primaryimage\"},\"thumbnailUrl\":\"https:\\\/\\\/pmza.sk\\\/wp-content\\\/uploads\\\/2023\\\/09\\\/Ocenena-Katarina-Hallonova-historicka-drotarstva-z-Povazskeho-muzea-scaled.jpg\",\"articleSection\":[\"Aktuality\"],\"inLanguage\":\"sk-SK\"},{\"@type\":\"WebPage\",\"@id\":\"https:\\\/\\\/pmza.sk\\\/?p=58322\",\"url\":\"https:\\\/\\\/pmza.sk\\\/?p=58322\",\"name\":\"Katar\u00edna Hallonov\u00e1 z\u00edskala Poctu Karola Guleju - Pova\u017esk\u00e9 m\u00fazeum\",\"isPartOf\":{\"@id\":\"https:\\\/\\\/pmza.sk\\\/#website\"},\"primaryImageOfPage\":{\"@id\":\"https:\\\/\\\/pmza.sk\\\/?p=58322#primaryimage\"},\"image\":{\"@id\":\"https:\\\/\\\/pmza.sk\\\/?p=58322#primaryimage\"},\"thumbnailUrl\":\"https:\\\/\\\/pmza.sk\\\/wp-content\\\/uploads\\\/2023\\\/09\\\/Ocenena-Katarina-Hallonova-historicka-drotarstva-z-Povazskeho-muzea-scaled.jpg\",\"datePublished\":\"2023-09-21T14:18:37+00:00\",\"dateModified\":\"2023-10-06T09:29:21+00:00\",\"breadcrumb\":{\"@id\":\"https:\\\/\\\/pmza.sk\\\/?p=58322#breadcrumb\"},\"inLanguage\":\"sk-SK\",\"potentialAction\":[{\"@type\":\"ReadAction\",\"target\":[\"https:\\\/\\\/pmza.sk\\\/?p=58322\"]}]},{\"@type\":\"ImageObject\",\"inLanguage\":\"sk-SK\",\"@id\":\"https:\\\/\\\/pmza.sk\\\/?p=58322#primaryimage\",\"url\":\"https:\\\/\\\/pmza.sk\\\/wp-content\\\/uploads\\\/2023\\\/09\\\/Ocenena-Katarina-Hallonova-historicka-drotarstva-z-Povazskeho-muzea-scaled.jpg\",\"contentUrl\":\"https:\\\/\\\/pmza.sk\\\/wp-content\\\/uploads\\\/2023\\\/09\\\/Ocenena-Katarina-Hallonova-historicka-drotarstva-z-Povazskeho-muzea-scaled.jpg\",\"width\":1707,\"height\":2560,\"caption\":\"Ocenen\u00e1 Katar\u00edna Hallonov\u00e1 - histori\u010dka drot\u00e1rstva z Pova\u017esk\u00e9ho m\u00fazea\"},{\"@type\":\"BreadcrumbList\",\"@id\":\"https:\\\/\\\/pmza.sk\\\/?p=58322#breadcrumb\",\"itemListElement\":[{\"@type\":\"ListItem\",\"position\":1,\"name\":\"Domovsk\u00e1 str\u00e1nka\",\"item\":\"https:\\\/\\\/pmza.sk\\\/\"},{\"@type\":\"ListItem\",\"position\":2,\"name\":\"Katar\u00edna Hallonov\u00e1 z\u00edskala Poctu Karola Guleju\"}]},{\"@type\":\"WebSite\",\"@id\":\"https:\\\/\\\/pmza.sk\\\/#website\",\"url\":\"https:\\\/\\\/pmza.sk\\\/\",\"name\":\"Pova\u017esk\u00e9 m\u00fazeum\",\"description\":\"Pova\u017esk\u00e9 m\u00fazeum v \u017diline je region\u00e1lne m\u00fazeum so s\u00eddlom v Budat\u00edne. Jeho expoz\u00edcie s\u00fa zameran\u00e9 na dejiny slovensk\u00e9ho umenia, kult\u00fary a dopravy.\",\"publisher\":{\"@id\":\"https:\\\/\\\/pmza.sk\\\/#organization\"},\"potentialAction\":[{\"@type\":\"SearchAction\",\"target\":{\"@type\":\"EntryPoint\",\"urlTemplate\":\"https:\\\/\\\/pmza.sk\\\/?s={search_term_string}\"},\"query-input\":{\"@type\":\"PropertyValueSpecification\",\"valueRequired\":true,\"valueName\":\"search_term_string\"}}],\"inLanguage\":\"sk-SK\"},{\"@type\":\"Organization\",\"@id\":\"https:\\\/\\\/pmza.sk\\\/#organization\",\"name\":\"Pova\u017esk\u00e9 m\u00fazeum\",\"url\":\"https:\\\/\\\/pmza.sk\\\/\",\"logo\":{\"@type\":\"ImageObject\",\"inLanguage\":\"sk-SK\",\"@id\":\"https:\\\/\\\/pmza.sk\\\/#\\\/schema\\\/logo\\\/image\\\/\",\"url\":\"https:\\\/\\\/pmza.sk\\\/wp-content\\\/uploads\\\/2022\\\/01\\\/logo_PM_horizontal.jpg\",\"contentUrl\":\"https:\\\/\\\/pmza.sk\\\/wp-content\\\/uploads\\\/2022\\\/01\\\/logo_PM_horizontal.jpg\",\"width\":231,\"height\":142,\"caption\":\"Pova\u017esk\u00e9 m\u00fazeum\"},\"image\":{\"@id\":\"https:\\\/\\\/pmza.sk\\\/#\\\/schema\\\/logo\\\/image\\\/\"},\"sameAs\":[\"https:\\\/\\\/www.facebook.com\\\/povazskemuzeum\",\"https:\\\/\\\/www.instagram.com\\\/povazskemuzeum\\\/\"]},{\"@type\":\"Person\",\"@id\":\"https:\\\/\\\/pmza.sk\\\/#\\\/schema\\\/person\\\/595e6a2ce731ea94dcd5d7f50a41ae33\",\"name\":\"Pova\u017esk\u00e9 m\u00fazeum\",\"image\":{\"@type\":\"ImageObject\",\"inLanguage\":\"sk-SK\",\"@id\":\"https:\\\/\\\/secure.gravatar.com\\\/avatar\\\/2bb7f1561282132fb5826dfeccc66c7996d11ee392ac6aaf7ced8a1c2027fbb2?s=96&d=mm&r=g\",\"url\":\"https:\\\/\\\/secure.gravatar.com\\\/avatar\\\/2bb7f1561282132fb5826dfeccc66c7996d11ee392ac6aaf7ced8a1c2027fbb2?s=96&d=mm&r=g\",\"contentUrl\":\"https:\\\/\\\/secure.gravatar.com\\\/avatar\\\/2bb7f1561282132fb5826dfeccc66c7996d11ee392ac6aaf7ced8a1c2027fbb2?s=96&d=mm&r=g\",\"caption\":\"Pova\u017esk\u00e9 m\u00fazeum\"}}]}<\/script>\n<!-- \/ Yoast SEO plugin. -->","yoast_head_json":{"title":"Katar\u00edna Hallonov\u00e1 z\u00edskala Poctu Karola Guleju - Pova\u017esk\u00e9 m\u00fazeum","robots":{"index":"index","follow":"follow","max-snippet":"max-snippet:-1","max-image-preview":"max-image-preview:large","max-video-preview":"max-video-preview:-1"},"canonical":"https:\/\/pmza.sk\/?p=58322","og_locale":"sk_SK","og_type":"article","og_title":"Katar\u00edna Hallonov\u00e1 z\u00edskala Poctu Karola Guleju - Pova\u017esk\u00e9 m\u00fazeum","og_description":"Katar\u00edna Hallonov\u00e1 \u2013 histori\u010dka drot\u00e1rstva z\u00a0Pova\u017esk\u00e9ho m\u00fazea z\u00edskala ocenenie Pocta Karola Guleju za odborn\u00e9 sk\u00famanie, prezent\u00e1ciu, populariz\u00e1ciu a\u00a0v\u0161estrann\u00fa podporu drot\u00e1rskeho remesla. Toto ocenenie vyd\u00e1va Kysuck\u00e1 kult\u00farna nad\u00e1cia a\u00a0odovzd\u00e1vanie je s\u00fa\u010das\u0165ou Bartolomejsk\u00e9ho hodov\u00e9ho jarmoku v\u00a0\u010cadci, ktor\u00fd sa tradi\u010dne kon\u00e1 koncom augusta. Karol Guleja poch\u00e1dzal z\u00a0Vr\u00fatok a\u00a0v\u00a0roku 1938 sa zamestnal ako u\u010dite\u013e v\u00a0obci Dlh\u00e9 Pole. \u017divot drot\u00e1rov [&hellip;]","og_url":"https:\/\/pmza.sk\/?p=58322","og_site_name":"Pova\u017esk\u00e9 m\u00fazeum","article_publisher":"https:\/\/www.facebook.com\/povazskemuzeum","article_published_time":"2023-09-21T14:18:37+00:00","article_modified_time":"2023-10-06T09:29:21+00:00","og_image":[{"width":1707,"height":2560,"url":"https:\/\/pmza.sk\/wp-content\/uploads\/2023\/09\/Ocenena-Katarina-Hallonova-historicka-drotarstva-z-Povazskeho-muzea-scaled.jpg","type":"image\/jpeg"}],"author":"Pova\u017esk\u00e9 m\u00fazeum","twitter_card":"summary_large_image","twitter_misc":{"Autor":"Pova\u017esk\u00e9 m\u00fazeum","Predpokladan\u00fd \u010das \u010d\u00edtania":"3 min\u00faty"},"schema":{"@context":"https:\/\/schema.org","@graph":[{"@type":"Article","@id":"https:\/\/pmza.sk\/?p=58322#article","isPartOf":{"@id":"https:\/\/pmza.sk\/?p=58322"},"author":{"name":"Pova\u017esk\u00e9 m\u00fazeum","@id":"https:\/\/pmza.sk\/#\/schema\/person\/595e6a2ce731ea94dcd5d7f50a41ae33"},"headline":"Katar\u00edna Hallonov\u00e1 z\u00edskala Poctu Karola Guleju","datePublished":"2023-09-21T14:18:37+00:00","dateModified":"2023-10-06T09:29:21+00:00","mainEntityOfPage":{"@id":"https:\/\/pmza.sk\/?p=58322"},"wordCount":516,"commentCount":0,"publisher":{"@id":"https:\/\/pmza.sk\/#organization"},"image":{"@id":"https:\/\/pmza.sk\/?p=58322#primaryimage"},"thumbnailUrl":"https:\/\/pmza.sk\/wp-content\/uploads\/2023\/09\/Ocenena-Katarina-Hallonova-historicka-drotarstva-z-Povazskeho-muzea-scaled.jpg","articleSection":["Aktuality"],"inLanguage":"sk-SK"},{"@type":"WebPage","@id":"https:\/\/pmza.sk\/?p=58322","url":"https:\/\/pmza.sk\/?p=58322","name":"Katar\u00edna Hallonov\u00e1 z\u00edskala Poctu Karola Guleju - Pova\u017esk\u00e9 m\u00fazeum","isPartOf":{"@id":"https:\/\/pmza.sk\/#website"},"primaryImageOfPage":{"@id":"https:\/\/pmza.sk\/?p=58322#primaryimage"},"image":{"@id":"https:\/\/pmza.sk\/?p=58322#primaryimage"},"thumbnailUrl":"https:\/\/pmza.sk\/wp-content\/uploads\/2023\/09\/Ocenena-Katarina-Hallonova-historicka-drotarstva-z-Povazskeho-muzea-scaled.jpg","datePublished":"2023-09-21T14:18:37+00:00","dateModified":"2023-10-06T09:29:21+00:00","breadcrumb":{"@id":"https:\/\/pmza.sk\/?p=58322#breadcrumb"},"inLanguage":"sk-SK","potentialAction":[{"@type":"ReadAction","target":["https:\/\/pmza.sk\/?p=58322"]}]},{"@type":"ImageObject","inLanguage":"sk-SK","@id":"https:\/\/pmza.sk\/?p=58322#primaryimage","url":"https:\/\/pmza.sk\/wp-content\/uploads\/2023\/09\/Ocenena-Katarina-Hallonova-historicka-drotarstva-z-Povazskeho-muzea-scaled.jpg","contentUrl":"https:\/\/pmza.sk\/wp-content\/uploads\/2023\/09\/Ocenena-Katarina-Hallonova-historicka-drotarstva-z-Povazskeho-muzea-scaled.jpg","width":1707,"height":2560,"caption":"Ocenen\u00e1 Katar\u00edna Hallonov\u00e1 - histori\u010dka drot\u00e1rstva z Pova\u017esk\u00e9ho m\u00fazea"},{"@type":"BreadcrumbList","@id":"https:\/\/pmza.sk\/?p=58322#breadcrumb","itemListElement":[{"@type":"ListItem","position":1,"name":"Domovsk\u00e1 str\u00e1nka","item":"https:\/\/pmza.sk\/"},{"@type":"ListItem","position":2,"name":"Katar\u00edna Hallonov\u00e1 z\u00edskala Poctu Karola Guleju"}]},{"@type":"WebSite","@id":"https:\/\/pmza.sk\/#website","url":"https:\/\/pmza.sk\/","name":"Pova\u017esk\u00e9 m\u00fazeum","description":"Pova\u017esk\u00e9 m\u00fazeum v \u017diline je region\u00e1lne m\u00fazeum so s\u00eddlom v Budat\u00edne. Jeho expoz\u00edcie s\u00fa zameran\u00e9 na dejiny slovensk\u00e9ho umenia, kult\u00fary a dopravy.","publisher":{"@id":"https:\/\/pmza.sk\/#organization"},"potentialAction":[{"@type":"SearchAction","target":{"@type":"EntryPoint","urlTemplate":"https:\/\/pmza.sk\/?s={search_term_string}"},"query-input":{"@type":"PropertyValueSpecification","valueRequired":true,"valueName":"search_term_string"}}],"inLanguage":"sk-SK"},{"@type":"Organization","@id":"https:\/\/pmza.sk\/#organization","name":"Pova\u017esk\u00e9 m\u00fazeum","url":"https:\/\/pmza.sk\/","logo":{"@type":"ImageObject","inLanguage":"sk-SK","@id":"https:\/\/pmza.sk\/#\/schema\/logo\/image\/","url":"https:\/\/pmza.sk\/wp-content\/uploads\/2022\/01\/logo_PM_horizontal.jpg","contentUrl":"https:\/\/pmza.sk\/wp-content\/uploads\/2022\/01\/logo_PM_horizontal.jpg","width":231,"height":142,"caption":"Pova\u017esk\u00e9 m\u00fazeum"},"image":{"@id":"https:\/\/pmza.sk\/#\/schema\/logo\/image\/"},"sameAs":["https:\/\/www.facebook.com\/povazskemuzeum","https:\/\/www.instagram.com\/povazskemuzeum\/"]},{"@type":"Person","@id":"https:\/\/pmza.sk\/#\/schema\/person\/595e6a2ce731ea94dcd5d7f50a41ae33","name":"Pova\u017esk\u00e9 m\u00fazeum","image":{"@type":"ImageObject","inLanguage":"sk-SK","@id":"https:\/\/secure.gravatar.com\/avatar\/2bb7f1561282132fb5826dfeccc66c7996d11ee392ac6aaf7ced8a1c2027fbb2?s=96&d=mm&r=g","url":"https:\/\/secure.gravatar.com\/avatar\/2bb7f1561282132fb5826dfeccc66c7996d11ee392ac6aaf7ced8a1c2027fbb2?s=96&d=mm&r=g","contentUrl":"https:\/\/secure.gravatar.com\/avatar\/2bb7f1561282132fb5826dfeccc66c7996d11ee392ac6aaf7ced8a1c2027fbb2?s=96&d=mm&r=g","caption":"Pova\u017esk\u00e9 m\u00fazeum"}}]}},"_links":{"self":[{"href":"https:\/\/pmza.sk\/index.php?rest_route=\/wp\/v2\/posts\/58322","targetHints":{"allow":["GET"]}}],"collection":[{"href":"https:\/\/pmza.sk\/index.php?rest_route=\/wp\/v2\/posts"}],"about":[{"href":"https:\/\/pmza.sk\/index.php?rest_route=\/wp\/v2\/types\/post"}],"author":[{"embeddable":true,"href":"https:\/\/pmza.sk\/index.php?rest_route=\/wp\/v2\/users\/2"}],"replies":[{"embeddable":true,"href":"https:\/\/pmza.sk\/index.php?rest_route=%2Fwp%2Fv2%2Fcomments&post=58322"}],"version-history":[{"count":0,"href":"https:\/\/pmza.sk\/index.php?rest_route=\/wp\/v2\/posts\/58322\/revisions"}],"wp:featuredmedia":[{"embeddable":true,"href":"https:\/\/pmza.sk\/index.php?rest_route=\/wp\/v2\/media\/58323"}],"wp:attachment":[{"href":"https:\/\/pmza.sk\/index.php?rest_route=%2Fwp%2Fv2%2Fmedia&parent=58322"}],"wp:term":[{"taxonomy":"category","embeddable":true,"href":"https:\/\/pmza.sk\/index.php?rest_route=%2Fwp%2Fv2%2Fcategories&post=58322"},{"taxonomy":"post_tag","embeddable":true,"href":"https:\/\/pmza.sk\/index.php?rest_route=%2Fwp%2Fv2%2Ftags&post=58322"}],"curies":[{"name":"wp","href":"https:\/\/api.w.org\/{rel}","templated":true}]}}