{"id":58452,"date":"2023-10-04T10:15:25","date_gmt":"2023-10-04T08:15:25","guid":{"rendered":"https:\/\/pmza.sk\/?p=58452"},"modified":"2025-05-13T09:48:50","modified_gmt":"2025-05-13T07:48:50","slug":"peter-simko-ziskal-premiu-literarneho-fondu","status":"publish","type":"post","link":"https:\/\/pmza.sk\/?p=58452","title":{"rendered":"Peter \u0160imko z\u00edskal pr\u00e9miu Liter\u00e1rneho fondu"},"content":{"rendered":"<p>N\u00e1\u0161 kolega, historik a\u00a0spr\u00e1vca M\u00fazea dopravy v\u00a0Rajeck\u00fdch Tepliciach si v\u010dera v\u00a0Bratislave prebral ocenenie Liter\u00e1rneho fondu.<\/p>\n<p>Spolu s\u00a0kolekt\u00edvom autorov &#8211; Mikul\u00e1\u0161 Argal\u00e1cs, Mari\u00e1n Dujni\u010d, Milan Kore\u0148, Zuzana Luprichov\u00e1, S\u00e1ndor Malatinszky, Juraj Pavlis a Martin Tur\u00f3ci &#8211; z\u00edskali pr\u00e9miu za vedeck\u00fa a\u00a0odborn\u00fa literat\u00faru za rok 2022. Ocenenie im udelili za monografiu Ko\u0161icko-bohum\u00ednska \u017eeleznica, ktor\u00e1 predstavuje v\u00fdvoj jedn\u00e9ho z najv\u00fdznamnej\u0161\u00edch \u017eelezni\u010dn\u00fdch podnikov Rak\u00fasko-Uhorska do roku 1918, ktor\u00fd priniesol rozvoj a prosperitu najm\u00e4 regi\u00f3nom na severnom Slovensku.<\/p>\n<p>V\u00fdskum autorov prebiehal nieko\u013eko rokov, po\u010das ktor\u00fdch zbierali fotografie a\u00a0dokumenty, p\u00e1trali v\u00a0arch\u00edvoch a\u00a0m\u00faze\u00e1ch na Slovensku aj v zahrani\u010d\u00ed. Publik\u00e1cia je rozdelen\u00e1 do troch \u010dast\u00ed. Prv\u00e1 dokumentuje v\u00fdvoj od v\u00fdstavby \u017eeleznice po vznik \u010ceskoslovenskej republiky, druh\u00e1 je historickou prech\u00e1dzkou po trati od \u010cadce po Ko\u0161ice, a\u00a0napokon tretia \u010das\u0165 predstavuje s\u00fa\u010dasn\u00e9 z\u00e1bery d\u00f4le\u017eit\u00fdch miest niekdaj\u0161ej \u017eeleznice. Text v\u00a0knihe je doplnen\u00fd mno\u017estvom fotografi\u00ed.<\/p>\n<div class=\"wp-block-image\"><img fetchpriority=\"high\" decoding=\"async\" class=\"alignnone size-medium wp-image-58458\" src=\"https:\/\/pmza.sk\/wp-content\/uploads\/2023\/10\/received_1763229147448370-270x360.jpeg\" alt=\"\" width=\"270\" height=\"360\" srcset=\"https:\/\/pmza.sk\/wp-content\/uploads\/2023\/10\/received_1763229147448370-270x360.jpeg 270w, https:\/\/pmza.sk\/wp-content\/uploads\/2023\/10\/received_1763229147448370-552x736.jpeg 552w, https:\/\/pmza.sk\/wp-content\/uploads\/2023\/10\/received_1763229147448370-768x1024.jpeg 768w, https:\/\/pmza.sk\/wp-content\/uploads\/2023\/10\/received_1763229147448370-1152x1536.jpeg 1152w, https:\/\/pmza.sk\/wp-content\/uploads\/2023\/10\/received_1763229147448370-600x800.jpeg 600w, https:\/\/pmza.sk\/wp-content\/uploads\/2023\/10\/received_1763229147448370.jpeg 1500w\" sizes=\"(max-width: 270px) 100vw, 270px\" \/><\/div>\n<div><\/div>\n<div>\n<div class=\"wp-block-image\"><img decoding=\"async\" class=\"alignnone size-medium wp-image-58455\" src=\"https:\/\/pmza.sk\/wp-content\/uploads\/2023\/10\/received_128755286994029-270x360.jpeg\" alt=\"\" width=\"270\" height=\"360\" srcset=\"https:\/\/pmza.sk\/wp-content\/uploads\/2023\/10\/received_128755286994029-270x360.jpeg 270w, https:\/\/pmza.sk\/wp-content\/uploads\/2023\/10\/received_128755286994029-552x736.jpeg 552w, https:\/\/pmza.sk\/wp-content\/uploads\/2023\/10\/received_128755286994029-768x1024.jpeg 768w, https:\/\/pmza.sk\/wp-content\/uploads\/2023\/10\/received_128755286994029-1152x1536.jpeg 1152w, https:\/\/pmza.sk\/wp-content\/uploads\/2023\/10\/received_128755286994029-600x800.jpeg 600w, https:\/\/pmza.sk\/wp-content\/uploads\/2023\/10\/received_128755286994029.jpeg 1500w\" sizes=\"(max-width: 270px) 100vw, 270px\" \/><\/div>\n<\/div>\n<div><\/div>\n<div>\n<div class=\"wp-block-image\"><img decoding=\"async\" class=\"alignnone size-medium wp-image-58454\" src=\"https:\/\/pmza.sk\/wp-content\/uploads\/2023\/10\/doc03215420231004080536_001-255x360.jpg\" alt=\"\" width=\"255\" height=\"360\" srcset=\"https:\/\/pmza.sk\/wp-content\/uploads\/2023\/10\/doc03215420231004080536_001-255x360.jpg 255w, https:\/\/pmza.sk\/wp-content\/uploads\/2023\/10\/doc03215420231004080536_001-520x736.jpg 520w, https:\/\/pmza.sk\/wp-content\/uploads\/2023\/10\/doc03215420231004080536_001-768x1086.jpg 768w, https:\/\/pmza.sk\/wp-content\/uploads\/2023\/10\/doc03215420231004080536_001-1086x1536.jpg 1086w, https:\/\/pmza.sk\/wp-content\/uploads\/2023\/10\/doc03215420231004080536_001-1448x2048.jpg 1448w, https:\/\/pmza.sk\/wp-content\/uploads\/2023\/10\/doc03215420231004080536_001-600x848.jpg 600w, https:\/\/pmza.sk\/wp-content\/uploads\/2023\/10\/doc03215420231004080536_001-scaled.jpg 1810w\" sizes=\"(max-width: 255px) 100vw, 255px\" \/><\/div>\n<\/div>\n<div class=\"wp-block-image\"><\/div>\n","protected":false},"excerpt":{"rendered":"<p>N\u00e1\u0161 kolega, historik a\u00a0spr\u00e1vca M\u00fazea dopravy v\u00a0Rajeck\u00fdch Tepliciach si v\u010dera v\u00a0Bratislave prebral ocenenie Liter\u00e1rneho fondu. Spolu s\u00a0kolekt\u00edvom autorov &#8211; Mikul\u00e1\u0161 Argal\u00e1cs, Mari\u00e1n Dujni\u010d, Milan Kore\u0148, Zuzana Luprichov\u00e1, S\u00e1ndor Malatinszky, Juraj Pavlis a Martin Tur\u00f3ci &#8211; z\u00edskali pr\u00e9miu za vedeck\u00fa a\u00a0odborn\u00fa literat\u00faru za rok 2022. Ocenenie im udelili za monografiu Ko\u0161icko-bohum\u00ednska \u017eeleznica, ktor\u00e1 predstavuje v\u00fdvoj jedn\u00e9ho [&hellip;]<\/p>\n","protected":false},"author":2,"featured_media":58459,"comment_status":"closed","ping_status":"closed","sticky":false,"template":"","format":"standard","meta":{"site-sidebar-layout":"default","site-content-layout":"default","ast-site-content-layout":"default","site-content-style":"default","site-sidebar-style":"default","ast-global-header-display":"","ast-banner-title-visibility":"","ast-main-header-display":"","ast-hfb-above-header-display":"","ast-hfb-below-header-display":"","ast-hfb-mobile-header-display":"","site-post-title":"","ast-breadcrumbs-content":"","ast-featured-img":"","footer-sml-layout":"","theme-transparent-header-meta":"default","adv-header-id-meta":"","stick-header-meta":"default","header-above-stick-meta":"","header-main-stick-meta":"","header-below-stick-meta":"","astra-migrate-meta-layouts":"set","ast-page-background-enabled":"default","ast-page-background-meta":{"desktop":{"background-color":"var(--ast-global-color-4)","background-image":"","background-repeat":"repeat","background-position":"center center","background-size":"auto","background-attachment":"scroll","background-type":"","background-media":"","overlay-type":"","overlay-color":"","overlay-opacity":"","overlay-gradient":""},"tablet":{"background-color":"","background-image":"","background-repeat":"repeat","background-position":"center center","background-size":"auto","background-attachment":"scroll","background-type":"","background-media":"","overlay-type":"","overlay-color":"","overlay-opacity":"","overlay-gradient":""},"mobile":{"background-color":"","background-image":"","background-repeat":"repeat","background-position":"center center","background-size":"auto","background-attachment":"scroll","background-type":"","background-media":"","overlay-type":"","overlay-color":"","overlay-opacity":"","overlay-gradient":""}},"ast-content-background-meta":{"desktop":{"background-color":"var(--ast-global-color-5)","background-image":"","background-repeat":"repeat","background-position":"center center","background-size":"auto","background-attachment":"scroll","background-type":"","background-media":"","overlay-type":"","overlay-color":"","overlay-opacity":"","overlay-gradient":""},"tablet":{"background-color":"var(--ast-global-color-5)","background-image":"","background-repeat":"repeat","background-position":"center center","background-size":"auto","background-attachment":"scroll","background-type":"","background-media":"","overlay-type":"","overlay-color":"","overlay-opacity":"","overlay-gradient":""},"mobile":{"background-color":"var(--ast-global-color-5)","background-image":"","background-repeat":"repeat","background-position":"center center","background-size":"auto","background-attachment":"scroll","background-type":"","background-media":"","overlay-type":"","overlay-color":"","overlay-opacity":"","overlay-gradient":""}},"footnotes":""},"categories":[31],"tags":[],"class_list":["post-58452","post","type-post","status-publish","format-standard","has-post-thumbnail","hentry","category-aktuality"],"yoast_head":"<!-- This site is optimized with the Yoast SEO plugin v27.4 - https:\/\/yoast.com\/product\/yoast-seo-wordpress\/ -->\n<title>Peter \u0160imko z\u00edskal pr\u00e9miu Liter\u00e1rneho fondu - Pova\u017esk\u00e9 m\u00fazeum<\/title>\n<meta name=\"robots\" content=\"index, follow, max-snippet:-1, max-image-preview:large, max-video-preview:-1\" \/>\n<link rel=\"canonical\" href=\"https:\/\/pmza.sk\/?p=58452\" \/>\n<meta property=\"og:locale\" content=\"sk_SK\" \/>\n<meta property=\"og:type\" content=\"article\" \/>\n<meta property=\"og:title\" content=\"Peter \u0160imko z\u00edskal pr\u00e9miu Liter\u00e1rneho fondu - Pova\u017esk\u00e9 m\u00fazeum\" \/>\n<meta property=\"og:description\" content=\"N\u00e1\u0161 kolega, historik a\u00a0spr\u00e1vca M\u00fazea dopravy v\u00a0Rajeck\u00fdch Tepliciach si v\u010dera v\u00a0Bratislave prebral ocenenie Liter\u00e1rneho fondu. Spolu s\u00a0kolekt\u00edvom autorov &#8211; Mikul\u00e1\u0161 Argal\u00e1cs, Mari\u00e1n Dujni\u010d, Milan Kore\u0148, Zuzana Luprichov\u00e1, S\u00e1ndor Malatinszky, Juraj Pavlis a Martin Tur\u00f3ci &#8211; z\u00edskali pr\u00e9miu za vedeck\u00fa a\u00a0odborn\u00fa literat\u00faru za rok 2022. Ocenenie im udelili za monografiu Ko\u0161icko-bohum\u00ednska \u017eeleznica, ktor\u00e1 predstavuje v\u00fdvoj jedn\u00e9ho [&hellip;]\" \/>\n<meta property=\"og:url\" content=\"https:\/\/pmza.sk\/?p=58452\" \/>\n<meta property=\"og:site_name\" content=\"Pova\u017esk\u00e9 m\u00fazeum\" \/>\n<meta property=\"article:publisher\" content=\"https:\/\/www.facebook.com\/povazskemuzeum\" \/>\n<meta property=\"article:published_time\" content=\"2023-10-04T08:15:25+00:00\" \/>\n<meta property=\"article:modified_time\" content=\"2025-05-13T07:48:50+00:00\" \/>\n<meta property=\"og:image\" content=\"https:\/\/pmza.sk\/wp-content\/uploads\/2023\/10\/web.jpeg\" \/>\n\t<meta property=\"og:image:width\" content=\"1428\" \/>\n\t<meta property=\"og:image:height\" content=\"1301\" \/>\n\t<meta property=\"og:image:type\" content=\"image\/jpeg\" \/>\n<meta name=\"author\" content=\"Pova\u017esk\u00e9 m\u00fazeum\" \/>\n<meta name=\"twitter:card\" content=\"summary_large_image\" \/>\n<meta name=\"twitter:label1\" content=\"Autor\" \/>\n\t<meta name=\"twitter:data1\" content=\"Pova\u017esk\u00e9 m\u00fazeum\" \/>\n\t<meta name=\"twitter:label2\" content=\"Predpokladan\u00fd \u010das \u010d\u00edtania\" \/>\n\t<meta name=\"twitter:data2\" content=\"1 min\u00fata\" \/>\n<script type=\"application\/ld+json\" class=\"yoast-schema-graph\">{\"@context\":\"https:\\\/\\\/schema.org\",\"@graph\":[{\"@type\":\"Article\",\"@id\":\"https:\\\/\\\/pmza.sk\\\/?p=58452#article\",\"isPartOf\":{\"@id\":\"https:\\\/\\\/pmza.sk\\\/?p=58452\"},\"author\":{\"name\":\"Pova\u017esk\u00e9 m\u00fazeum\",\"@id\":\"https:\\\/\\\/pmza.sk\\\/#\\\/schema\\\/person\\\/595e6a2ce731ea94dcd5d7f50a41ae33\"},\"headline\":\"Peter \u0160imko z\u00edskal pr\u00e9miu Liter\u00e1rneho fondu\",\"datePublished\":\"2023-10-04T08:15:25+00:00\",\"dateModified\":\"2025-05-13T07:48:50+00:00\",\"mainEntityOfPage\":{\"@id\":\"https:\\\/\\\/pmza.sk\\\/?p=58452\"},\"wordCount\":193,\"publisher\":{\"@id\":\"https:\\\/\\\/pmza.sk\\\/#organization\"},\"image\":{\"@id\":\"https:\\\/\\\/pmza.sk\\\/?p=58452#primaryimage\"},\"thumbnailUrl\":\"https:\\\/\\\/pmza.sk\\\/wp-content\\\/uploads\\\/2023\\\/10\\\/web.jpeg\",\"articleSection\":[\"Aktuality\"],\"inLanguage\":\"sk-SK\"},{\"@type\":\"WebPage\",\"@id\":\"https:\\\/\\\/pmza.sk\\\/?p=58452\",\"url\":\"https:\\\/\\\/pmza.sk\\\/?p=58452\",\"name\":\"Peter \u0160imko z\u00edskal pr\u00e9miu Liter\u00e1rneho fondu - Pova\u017esk\u00e9 m\u00fazeum\",\"isPartOf\":{\"@id\":\"https:\\\/\\\/pmza.sk\\\/#website\"},\"primaryImageOfPage\":{\"@id\":\"https:\\\/\\\/pmza.sk\\\/?p=58452#primaryimage\"},\"image\":{\"@id\":\"https:\\\/\\\/pmza.sk\\\/?p=58452#primaryimage\"},\"thumbnailUrl\":\"https:\\\/\\\/pmza.sk\\\/wp-content\\\/uploads\\\/2023\\\/10\\\/web.jpeg\",\"datePublished\":\"2023-10-04T08:15:25+00:00\",\"dateModified\":\"2025-05-13T07:48:50+00:00\",\"breadcrumb\":{\"@id\":\"https:\\\/\\\/pmza.sk\\\/?p=58452#breadcrumb\"},\"inLanguage\":\"sk-SK\",\"potentialAction\":[{\"@type\":\"ReadAction\",\"target\":[\"https:\\\/\\\/pmza.sk\\\/?p=58452\"]}]},{\"@type\":\"ImageObject\",\"inLanguage\":\"sk-SK\",\"@id\":\"https:\\\/\\\/pmza.sk\\\/?p=58452#primaryimage\",\"url\":\"https:\\\/\\\/pmza.sk\\\/wp-content\\\/uploads\\\/2023\\\/10\\\/web.jpeg\",\"contentUrl\":\"https:\\\/\\\/pmza.sk\\\/wp-content\\\/uploads\\\/2023\\\/10\\\/web.jpeg\",\"width\":1428,\"height\":1301},{\"@type\":\"BreadcrumbList\",\"@id\":\"https:\\\/\\\/pmza.sk\\\/?p=58452#breadcrumb\",\"itemListElement\":[{\"@type\":\"ListItem\",\"position\":1,\"name\":\"Domovsk\u00e1 str\u00e1nka\",\"item\":\"https:\\\/\\\/pmza.sk\\\/\"},{\"@type\":\"ListItem\",\"position\":2,\"name\":\"Peter \u0160imko z\u00edskal pr\u00e9miu Liter\u00e1rneho fondu\"}]},{\"@type\":\"WebSite\",\"@id\":\"https:\\\/\\\/pmza.sk\\\/#website\",\"url\":\"https:\\\/\\\/pmza.sk\\\/\",\"name\":\"Pova\u017esk\u00e9 m\u00fazeum\",\"description\":\"Pova\u017esk\u00e9 m\u00fazeum v \u017diline je region\u00e1lne m\u00fazeum so s\u00eddlom v Budat\u00edne. Jeho expoz\u00edcie s\u00fa zameran\u00e9 na dejiny slovensk\u00e9ho umenia, kult\u00fary a dopravy.\",\"publisher\":{\"@id\":\"https:\\\/\\\/pmza.sk\\\/#organization\"},\"potentialAction\":[{\"@type\":\"SearchAction\",\"target\":{\"@type\":\"EntryPoint\",\"urlTemplate\":\"https:\\\/\\\/pmza.sk\\\/?s={search_term_string}\"},\"query-input\":{\"@type\":\"PropertyValueSpecification\",\"valueRequired\":true,\"valueName\":\"search_term_string\"}}],\"inLanguage\":\"sk-SK\"},{\"@type\":\"Organization\",\"@id\":\"https:\\\/\\\/pmza.sk\\\/#organization\",\"name\":\"Pova\u017esk\u00e9 m\u00fazeum\",\"url\":\"https:\\\/\\\/pmza.sk\\\/\",\"logo\":{\"@type\":\"ImageObject\",\"inLanguage\":\"sk-SK\",\"@id\":\"https:\\\/\\\/pmza.sk\\\/#\\\/schema\\\/logo\\\/image\\\/\",\"url\":\"https:\\\/\\\/pmza.sk\\\/wp-content\\\/uploads\\\/2022\\\/01\\\/logo_PM_horizontal.jpg\",\"contentUrl\":\"https:\\\/\\\/pmza.sk\\\/wp-content\\\/uploads\\\/2022\\\/01\\\/logo_PM_horizontal.jpg\",\"width\":231,\"height\":142,\"caption\":\"Pova\u017esk\u00e9 m\u00fazeum\"},\"image\":{\"@id\":\"https:\\\/\\\/pmza.sk\\\/#\\\/schema\\\/logo\\\/image\\\/\"},\"sameAs\":[\"https:\\\/\\\/www.facebook.com\\\/povazskemuzeum\",\"https:\\\/\\\/www.instagram.com\\\/povazskemuzeum\\\/\"]},{\"@type\":\"Person\",\"@id\":\"https:\\\/\\\/pmza.sk\\\/#\\\/schema\\\/person\\\/595e6a2ce731ea94dcd5d7f50a41ae33\",\"name\":\"Pova\u017esk\u00e9 m\u00fazeum\",\"image\":{\"@type\":\"ImageObject\",\"inLanguage\":\"sk-SK\",\"@id\":\"https:\\\/\\\/secure.gravatar.com\\\/avatar\\\/2bb7f1561282132fb5826dfeccc66c7996d11ee392ac6aaf7ced8a1c2027fbb2?s=96&d=mm&r=g\",\"url\":\"https:\\\/\\\/secure.gravatar.com\\\/avatar\\\/2bb7f1561282132fb5826dfeccc66c7996d11ee392ac6aaf7ced8a1c2027fbb2?s=96&d=mm&r=g\",\"contentUrl\":\"https:\\\/\\\/secure.gravatar.com\\\/avatar\\\/2bb7f1561282132fb5826dfeccc66c7996d11ee392ac6aaf7ced8a1c2027fbb2?s=96&d=mm&r=g\",\"caption\":\"Pova\u017esk\u00e9 m\u00fazeum\"}}]}<\/script>\n<!-- \/ Yoast SEO plugin. -->","yoast_head_json":{"title":"Peter \u0160imko z\u00edskal pr\u00e9miu Liter\u00e1rneho fondu - Pova\u017esk\u00e9 m\u00fazeum","robots":{"index":"index","follow":"follow","max-snippet":"max-snippet:-1","max-image-preview":"max-image-preview:large","max-video-preview":"max-video-preview:-1"},"canonical":"https:\/\/pmza.sk\/?p=58452","og_locale":"sk_SK","og_type":"article","og_title":"Peter \u0160imko z\u00edskal pr\u00e9miu Liter\u00e1rneho fondu - Pova\u017esk\u00e9 m\u00fazeum","og_description":"N\u00e1\u0161 kolega, historik a\u00a0spr\u00e1vca M\u00fazea dopravy v\u00a0Rajeck\u00fdch Tepliciach si v\u010dera v\u00a0Bratislave prebral ocenenie Liter\u00e1rneho fondu. Spolu s\u00a0kolekt\u00edvom autorov &#8211; Mikul\u00e1\u0161 Argal\u00e1cs, Mari\u00e1n Dujni\u010d, Milan Kore\u0148, Zuzana Luprichov\u00e1, S\u00e1ndor Malatinszky, Juraj Pavlis a Martin Tur\u00f3ci &#8211; z\u00edskali pr\u00e9miu za vedeck\u00fa a\u00a0odborn\u00fa literat\u00faru za rok 2022. Ocenenie im udelili za monografiu Ko\u0161icko-bohum\u00ednska \u017eeleznica, ktor\u00e1 predstavuje v\u00fdvoj jedn\u00e9ho [&hellip;]","og_url":"https:\/\/pmza.sk\/?p=58452","og_site_name":"Pova\u017esk\u00e9 m\u00fazeum","article_publisher":"https:\/\/www.facebook.com\/povazskemuzeum","article_published_time":"2023-10-04T08:15:25+00:00","article_modified_time":"2025-05-13T07:48:50+00:00","og_image":[{"width":1428,"height":1301,"url":"https:\/\/pmza.sk\/wp-content\/uploads\/2023\/10\/web.jpeg","type":"image\/jpeg"}],"author":"Pova\u017esk\u00e9 m\u00fazeum","twitter_card":"summary_large_image","twitter_misc":{"Autor":"Pova\u017esk\u00e9 m\u00fazeum","Predpokladan\u00fd \u010das \u010d\u00edtania":"1 min\u00fata"},"schema":{"@context":"https:\/\/schema.org","@graph":[{"@type":"Article","@id":"https:\/\/pmza.sk\/?p=58452#article","isPartOf":{"@id":"https:\/\/pmza.sk\/?p=58452"},"author":{"name":"Pova\u017esk\u00e9 m\u00fazeum","@id":"https:\/\/pmza.sk\/#\/schema\/person\/595e6a2ce731ea94dcd5d7f50a41ae33"},"headline":"Peter \u0160imko z\u00edskal pr\u00e9miu Liter\u00e1rneho fondu","datePublished":"2023-10-04T08:15:25+00:00","dateModified":"2025-05-13T07:48:50+00:00","mainEntityOfPage":{"@id":"https:\/\/pmza.sk\/?p=58452"},"wordCount":193,"publisher":{"@id":"https:\/\/pmza.sk\/#organization"},"image":{"@id":"https:\/\/pmza.sk\/?p=58452#primaryimage"},"thumbnailUrl":"https:\/\/pmza.sk\/wp-content\/uploads\/2023\/10\/web.jpeg","articleSection":["Aktuality"],"inLanguage":"sk-SK"},{"@type":"WebPage","@id":"https:\/\/pmza.sk\/?p=58452","url":"https:\/\/pmza.sk\/?p=58452","name":"Peter \u0160imko z\u00edskal pr\u00e9miu Liter\u00e1rneho fondu - Pova\u017esk\u00e9 m\u00fazeum","isPartOf":{"@id":"https:\/\/pmza.sk\/#website"},"primaryImageOfPage":{"@id":"https:\/\/pmza.sk\/?p=58452#primaryimage"},"image":{"@id":"https:\/\/pmza.sk\/?p=58452#primaryimage"},"thumbnailUrl":"https:\/\/pmza.sk\/wp-content\/uploads\/2023\/10\/web.jpeg","datePublished":"2023-10-04T08:15:25+00:00","dateModified":"2025-05-13T07:48:50+00:00","breadcrumb":{"@id":"https:\/\/pmza.sk\/?p=58452#breadcrumb"},"inLanguage":"sk-SK","potentialAction":[{"@type":"ReadAction","target":["https:\/\/pmza.sk\/?p=58452"]}]},{"@type":"ImageObject","inLanguage":"sk-SK","@id":"https:\/\/pmza.sk\/?p=58452#primaryimage","url":"https:\/\/pmza.sk\/wp-content\/uploads\/2023\/10\/web.jpeg","contentUrl":"https:\/\/pmza.sk\/wp-content\/uploads\/2023\/10\/web.jpeg","width":1428,"height":1301},{"@type":"BreadcrumbList","@id":"https:\/\/pmza.sk\/?p=58452#breadcrumb","itemListElement":[{"@type":"ListItem","position":1,"name":"Domovsk\u00e1 str\u00e1nka","item":"https:\/\/pmza.sk\/"},{"@type":"ListItem","position":2,"name":"Peter \u0160imko z\u00edskal pr\u00e9miu Liter\u00e1rneho fondu"}]},{"@type":"WebSite","@id":"https:\/\/pmza.sk\/#website","url":"https:\/\/pmza.sk\/","name":"Pova\u017esk\u00e9 m\u00fazeum","description":"Pova\u017esk\u00e9 m\u00fazeum v \u017diline je region\u00e1lne m\u00fazeum so s\u00eddlom v Budat\u00edne. Jeho expoz\u00edcie s\u00fa zameran\u00e9 na dejiny slovensk\u00e9ho umenia, kult\u00fary a dopravy.","publisher":{"@id":"https:\/\/pmza.sk\/#organization"},"potentialAction":[{"@type":"SearchAction","target":{"@type":"EntryPoint","urlTemplate":"https:\/\/pmza.sk\/?s={search_term_string}"},"query-input":{"@type":"PropertyValueSpecification","valueRequired":true,"valueName":"search_term_string"}}],"inLanguage":"sk-SK"},{"@type":"Organization","@id":"https:\/\/pmza.sk\/#organization","name":"Pova\u017esk\u00e9 m\u00fazeum","url":"https:\/\/pmza.sk\/","logo":{"@type":"ImageObject","inLanguage":"sk-SK","@id":"https:\/\/pmza.sk\/#\/schema\/logo\/image\/","url":"https:\/\/pmza.sk\/wp-content\/uploads\/2022\/01\/logo_PM_horizontal.jpg","contentUrl":"https:\/\/pmza.sk\/wp-content\/uploads\/2022\/01\/logo_PM_horizontal.jpg","width":231,"height":142,"caption":"Pova\u017esk\u00e9 m\u00fazeum"},"image":{"@id":"https:\/\/pmza.sk\/#\/schema\/logo\/image\/"},"sameAs":["https:\/\/www.facebook.com\/povazskemuzeum","https:\/\/www.instagram.com\/povazskemuzeum\/"]},{"@type":"Person","@id":"https:\/\/pmza.sk\/#\/schema\/person\/595e6a2ce731ea94dcd5d7f50a41ae33","name":"Pova\u017esk\u00e9 m\u00fazeum","image":{"@type":"ImageObject","inLanguage":"sk-SK","@id":"https:\/\/secure.gravatar.com\/avatar\/2bb7f1561282132fb5826dfeccc66c7996d11ee392ac6aaf7ced8a1c2027fbb2?s=96&d=mm&r=g","url":"https:\/\/secure.gravatar.com\/avatar\/2bb7f1561282132fb5826dfeccc66c7996d11ee392ac6aaf7ced8a1c2027fbb2?s=96&d=mm&r=g","contentUrl":"https:\/\/secure.gravatar.com\/avatar\/2bb7f1561282132fb5826dfeccc66c7996d11ee392ac6aaf7ced8a1c2027fbb2?s=96&d=mm&r=g","caption":"Pova\u017esk\u00e9 m\u00fazeum"}}]}},"_links":{"self":[{"href":"https:\/\/pmza.sk\/index.php?rest_route=\/wp\/v2\/posts\/58452","targetHints":{"allow":["GET"]}}],"collection":[{"href":"https:\/\/pmza.sk\/index.php?rest_route=\/wp\/v2\/posts"}],"about":[{"href":"https:\/\/pmza.sk\/index.php?rest_route=\/wp\/v2\/types\/post"}],"author":[{"embeddable":true,"href":"https:\/\/pmza.sk\/index.php?rest_route=\/wp\/v2\/users\/2"}],"replies":[{"embeddable":true,"href":"https:\/\/pmza.sk\/index.php?rest_route=%2Fwp%2Fv2%2Fcomments&post=58452"}],"version-history":[{"count":0,"href":"https:\/\/pmza.sk\/index.php?rest_route=\/wp\/v2\/posts\/58452\/revisions"}],"wp:featuredmedia":[{"embeddable":true,"href":"https:\/\/pmza.sk\/index.php?rest_route=\/wp\/v2\/media\/58459"}],"wp:attachment":[{"href":"https:\/\/pmza.sk\/index.php?rest_route=%2Fwp%2Fv2%2Fmedia&parent=58452"}],"wp:term":[{"taxonomy":"category","embeddable":true,"href":"https:\/\/pmza.sk\/index.php?rest_route=%2Fwp%2Fv2%2Fcategories&post=58452"},{"taxonomy":"post_tag","embeddable":true,"href":"https:\/\/pmza.sk\/index.php?rest_route=%2Fwp%2Fv2%2Ftags&post=58452"}],"curies":[{"name":"wp","href":"https:\/\/api.w.org\/{rel}","templated":true}]}}