{"id":58772,"date":"2023-10-24T10:53:28","date_gmt":"2023-10-24T08:53:28","guid":{"rendered":"https:\/\/pmza.sk\/?p=58772"},"modified":"2023-11-02T09:05:29","modified_gmt":"2023-11-02T08:05:29","slug":"slavnostne-otvorenie-podkrovia-budatinskeho-hradu","status":"publish","type":"post","link":"https:\/\/pmza.sk\/?p=58772","title":{"rendered":"Sl\u00e1vnostn\u00e9 otvorenie podkrovia Budat\u00ednskeho hradu"},"content":{"rendered":"<p>Pova\u017esk\u00e9 m\u00fazeum poz\u00fdva posledn\u00fd okt\u00f3brov\u00fd v\u00edkend na Sl\u00e1vnostn\u00e9 otvorenie podkrovia Budat\u00ednskeho hradu<em>. \u201eRekon\u0161trukciu podkrovia sme zrealizovali v\u010faka projektu cezhrani\u010dnej spolupr\u00e1ce Interreg V-A Sk-CZ s\u00a0n\u00e1zvom Remesl\u00e1 a\u00a0priemysel v m\u00fazeu. T\u00e1to \u010das\u0165 Budat\u00ednskeho hradu bude sl\u00fa\u017ei\u0165 ako multifunk\u010dn\u00fd priestor ur\u010den\u00fd na organiz\u00e1ciu v\u00fdstav, konferenci\u00ed alebo workshopov. N\u00e1\u0161 cezhrani\u010dn\u00fd partner M\u00fazem Beskyd M\u00edstek-Fr\u00fddek v\u00a0r\u00e1mci projektu zrevitalizoval renesan\u010dn\u00fd pal\u00e1c hradu Hukvaldy,\u201c<\/em> uviedol riadite\u013e m\u00fazea Michal Jureck\u00fd.<\/p>\n<p>Zrekon\u0161truovan\u00e9 podkrovie bude sl\u00e1vnostne otvoren\u00e9\u00a0 28. okt\u00f3bra 2023 o\u00a011. 00 hod., pri\u010dom na n\u00e1v\u0161tevn\u00edkov \u010dak\u00e1 bohat\u00fd sprievodn\u00fd program. Na podujat\u00ed odznej\u00fa odborn\u00e9 predn\u00e1\u0161ky o\u00a0remeselnom spracovan\u00ed vlny, vplyve priemyselnej revol\u00facie\u00a0 na m\u00f3du alebo o\u00a0za\u010diatkoch\u00a0 textiln\u00e9ho priemyslu v\u00a0\u017diline a\u00a0vo Fr\u00fddku-M\u00edstku. N\u00e1v\u0161tevn\u00edci si bud\u00fa m\u00f4c\u0165 vysk\u00fa\u0161a\u0165 \u010desanie vlny, pradenie na vretienku \u010di tkanie na mal\u00fdch krosn\u00e1ch. <em>\u201eMest\u00e1 \u017dilina a\u00a0Fr\u00fddek M\u00edstek sp\u00e1ja dedi\u010dstvo textilnej v\u00fdroby. V\u00a0oboch regi\u00f3noch bolo najsk\u00f4r silne zast\u00fapen\u00e9 s\u00fakenn\u00edcke remeslo, nesk\u00f4r v\u00a0nich vznikli textiln\u00e9 fabriky, ktor\u00e9 v\u00fdrazn\u00fdm sp\u00f4sobom ovplyvnili hospod\u00e1rsky a\u00a0spolo\u010densk\u00fd \u017eivot miestneho obyvate\u013estva. Preto sme sa rozhodli, \u017ee aj podujatia organizovan\u00e9 Pova\u017esk\u00fdm m\u00fazeom v\u00a0r\u00e1mci projektu zameriame na t\u00e9mu textilnej v\u00fdroby a\u00a0na jej spolo\u010densk\u00fd dopad\u201c,<\/em> pribli\u017euje histori\u010dka Pova\u017esk\u00e9ho m\u00fazea Mgr. Zuzana Kudzbelov\u00e1, PhD.<\/p>\n<p>\u010eal\u0161ie podujatie Prv\u00e1 nede\u013ea v podkrov\u00ed Budat\u00ednskeho hradu bude zameran\u00e1 na textiln\u00fa v\u00fdrobu a uskuto\u010dn\u00ed sa 29. 10. \u2013 de\u0148 po sl\u00e1vnostnom otvoren\u00ed. Jeho s\u00fa\u010das\u0165ou bud\u00fa predn\u00e1\u0161ky a\u00a0workshopy\u00a0 spracovania \u013eanu, modrotla\u010de \u010di plstenia. Na svoje si pr\u00eddu aj najmlad\u0161\u00ed, pre ktor\u00fdch je pripraven\u00e9 divadeln\u00e9 predstavenie a\u00a0workshop ma\u013eovania na textil. Po\u010das trvania oboch podujat\u00ed si n\u00e1v\u0161tevn\u00edci bud\u00fa m\u00f4c\u0165 v\u00a0podkrov\u00ed Budat\u00ednskeho hradu pozrie\u0165 zauj\u00edmav\u00e9 zbierkov\u00e9 predmety Pova\u017esk\u00e9ho m\u00fazea s\u00favisiace s\u00a0textiln\u00fdmi dejinami.<\/p>\n<p>Program:<\/p>\n<p><strong>Sl\u00e1vnostn\u00e9 otvorenie podkrovia Budat\u00ednskeho hradu <\/strong><strong>a\u00a0sprievodn\u00e9 akcie zameran\u00e9 na textiln\u00fa v\u00fdrobu a\u00a0jej spolo\u010densk\u00fd dopad<\/strong><\/p>\n<p><strong>28. <\/strong><strong>okt\u00f3bra 2023 <\/strong><\/p>\n<p>Podkrovie Budat\u00ednskeho hradu, Topo\u013eov\u00e1 \u010d. 1, \u017dilina 010 03<\/p>\n<p>Sobota<\/p>\n<p>11:00\u00a0 Sl\u00e1vnostn\u00e9 otvorenie zrekon\u0161truovan\u00e9ho podkrovia Budat\u00ednskeho hradu<\/p>\n<p>11:30 \u2013 12:15 Odborn\u00e1 predn\u00e1\u0161ka: Od ov\u010dieho r\u00fana po klbko<\/p>\n<p>\u013dubica Noemi Kov\u00e1\u010dikov\u00e1<\/p>\n<p>12:30 \u2013 13:00 Hudobn\u00e9 vyst\u00fapenie Ondro a\u00a0kamar\u00e1ti<\/p>\n<p>13:30 \u2013 14:00 Poveda\u010dky pri priadkach v\u00a0podan\u00ed divadelno-hrav\u00e9ho zoskupenia<\/p>\n<p>RAZCA<\/p>\n<p>14:20 \u2013 14:40\u00a0\u00a0 Odborn\u00e1 predn\u00e1\u0161ka: Priemyseln\u00e1 revol\u00facia a jej vplyv na v\u00fdvoj m\u00f3dy<\/p>\n<p>Mgr. Eva Hasalov\u00e1, Slovensk\u00e9 n\u00e1rodn\u00e9 m\u00fazeum<\/p>\n<p>14:40 \u2013 15:00\u00a0 Odborn\u00e1 predn\u00e1\u0161ka: Uhorsk\u00e1 tov\u00e1re\u0148 na v\u00fdrobu vlnen\u00e9ho tovaru, vojensk\u00e9ho s\u00fakna a prikr\u00fdvok Karol L\u00f6w v \u017diline<\/p>\n<p>Mgr. Zuzana Kudzbelov\u00e1, PhD., Pova\u017esk\u00e9 m\u00fazeum<\/p>\n<p>15:00 \u2013 15:20\u00a0 Odborn\u00e1 predn\u00e1\u0161ka: Za\u010diatky priemyselnej v\u00fdroby textilu vo Fr\u00fddku-M\u00edstku<\/p>\n<p>Mgr. et Mgr. Petr Ju\u0159\u00e1k, Muzeum Beskyd Fr\u00fddek-M\u00edstek<\/p>\n<p>15: 30 \u2013 16:00 Poveda\u010dky pri priadkach v podan\u00ed divadelno-hrav\u00e9ho zoskupenia RAZCA<\/p>\n<p>&nbsp;<\/p>\n<p>Sprievodn\u00e9 workshopy<\/p>\n<p>11:30 \u2013 16:00 Workshop tkania na mal\u00fdch krosn\u00e1ch<\/p>\n<p>lektorky Mgr. Adriana B\u00e1rdyov\u00e1, Mgr. Dominika Hlob\u00edkov\u00e1<\/p>\n<p>12:30 \u2013 16:00 Workshop \u010desania a pradenie ov\u010dej vlny na vretienku<\/p>\n<p>lektorky \u013dubica Noemi Kov\u00e1\u010dikov\u00e1 a Alena Ni\u0148ajov\u00e1<\/p>\n<p>&nbsp;<\/p>\n<p><strong>Prv\u00e1 nede\u013ea v podkrov\u00ed Budat\u00ednskeho hradu zameran\u00e1 na textiln\u00fa v\u00fdrobu<\/strong><\/p>\n<p><strong>29. okt\u00f3bra 2023 <\/strong><\/p>\n<p>Podkrovie Budat\u00ednskeho hradu, Topo\u013eov\u00e1 \u010d. 1, \u017dilina 010 03<\/p>\n<p>11:00 \u2013 11:30\u00a0 Odborn\u00e1 predn\u00e1\u0161ka: Od \u013eanov\u00e9ho semienka po\u00a0pl\u00e1tno<\/p>\n<p>Zuzana Koval\u010d\u00edkov\u00e1<\/p>\n<p>11:30\u00a0 \u2013 12:00\u00a0 Ako si u\u0161i\u0165 dobov\u00fd kost\u00fdm?<\/p>\n<p>Anna Mikulov\u00e1<\/p>\n<p>12:00 \u2013 12:30\u00a0 Odborn\u00e1 predn\u00e1\u0161ka: V\u00fdroba modrotla\u010de<\/p>\n<p>Peter Trnka<\/p>\n<p>13:00\u00a0 \u00a0Hudobn\u00fd sprievod v\u00a0podan\u00ed harfistky Anety Jakubcovej<\/p>\n<p>14:00\u00a0 Predstavenie pre deti \u00a0O\u00a0koc\u00farovi a\u00a0py\u0161nej hviezde v\u00a0podan\u00ed Divadla zo \u0161ufl\u00edka<\/p>\n<p>15:00\u00a0 Hudobn\u00fd sprievod v\u00a0podan\u00ed harfistky Anety Jakubcovej<\/p>\n<p>&nbsp;<\/p>\n<p>Sprievodn\u00e9 workshopy<\/p>\n<p>11:00 \u2013 16:00 Workshop plstenia<\/p>\n<p>lektorky Mgr. Adriana B\u00e1rdyov\u00e1, Mgr. Dominika Hlob\u00edkov\u00e1<\/p>\n<p>11:00 \u2013 16:00 Workshop pre deti kreslenia na textil<\/p>\n<p>lektorka Mgr. Tatiana Kub\u00e1\u0148ov\u00e1<\/p>\n<p>11:30 \u2013 16:00 Workshop pradenie na vretienku<\/p>\n<p>lektorka Zuzana Koval\u010d\u00edkov\u00e1<\/p>\n<p>12:30 \u2013 16:00 Workshop modrotla\u010de<\/p>\n<p>lektor Peter Trnka<\/p>\n<p>Podujatia sa realizuj\u00fa v r\u00e1mci programu cezhrani\u010dnej spolupr\u00e1ce Interreg V-A \u00a0Slovensk\u00e1 republika \u2013 \u010cesk\u00e1 republika <span style=\"background: white;\">2014-2020<\/span>, n\u00e1zov projektu \u201eRemesl\u00e1 a priemysel v m\u00fazeu&#8220; NFP304021CJM8.<\/p>\n<div class=\"wp-block-image\"><img fetchpriority=\"high\" decoding=\"async\" class=\"alignnone wp-image-58797\" src=\"https:\/\/pmza.sk\/wp-content\/uploads\/2023\/10\/logo_IRRVA_2014-20_program-570x148.jpg\" alt=\"\" width=\"478\" height=\"124\" srcset=\"https:\/\/pmza.sk\/wp-content\/uploads\/2023\/10\/logo_IRRVA_2014-20_program-570x148.jpg 570w, https:\/\/pmza.sk\/wp-content\/uploads\/2023\/10\/logo_IRRVA_2014-20_program-768x200.jpg 768w, https:\/\/pmza.sk\/wp-content\/uploads\/2023\/10\/logo_IRRVA_2014-20_program-600x156.jpg 600w, https:\/\/pmza.sk\/wp-content\/uploads\/2023\/10\/logo_IRRVA_2014-20_program.jpg 980w\" sizes=\"(max-width: 478px) 100vw, 478px\" \/><\/div>\n<div><\/div>\n<div>\n<div class=\"wp-block-image\"><img decoding=\"async\" class=\"alignnone wp-image-58798\" src=\"https:\/\/pmza.sk\/wp-content\/uploads\/2023\/10\/logo_EU-570x136.jpg\" alt=\"\" width=\"482\" height=\"115\" srcset=\"https:\/\/pmza.sk\/wp-content\/uploads\/2023\/10\/logo_EU-570x136.jpg 570w, https:\/\/pmza.sk\/wp-content\/uploads\/2023\/10\/logo_EU-768x183.jpg 768w, https:\/\/pmza.sk\/wp-content\/uploads\/2023\/10\/logo_EU-600x143.jpg 600w, https:\/\/pmza.sk\/wp-content\/uploads\/2023\/10\/logo_EU.jpg 1079w\" sizes=\"(max-width: 482px) 100vw, 482px\" \/><\/div>\n<\/div>\n<p>&nbsp;<\/p>\n<div class=\"wp-block-image\"><img decoding=\"async\" class=\"alignnone size-medium wp-image-58773\" src=\"https:\/\/pmza.sk\/wp-content\/uploads\/2023\/10\/plagaty_Budatin_102023_1-255x360.jpg\" alt=\"\" width=\"255\" height=\"360\" srcset=\"https:\/\/pmza.sk\/wp-content\/uploads\/2023\/10\/plagaty_Budatin_102023_1-255x360.jpg 255w, https:\/\/pmza.sk\/wp-content\/uploads\/2023\/10\/plagaty_Budatin_102023_1-521x736.jpg 521w, https:\/\/pmza.sk\/wp-content\/uploads\/2023\/10\/plagaty_Budatin_102023_1-768x1085.jpg 768w, https:\/\/pmza.sk\/wp-content\/uploads\/2023\/10\/plagaty_Budatin_102023_1-600x848.jpg 600w, https:\/\/pmza.sk\/wp-content\/uploads\/2023\/10\/plagaty_Budatin_102023_1.jpg 850w\" sizes=\"(max-width: 255px) 100vw, 255px\" \/><\/div>\n<div><\/div>\n<div><\/div>\n<div>\n<div class=\"wp-block-image\"><img loading=\"lazy\" decoding=\"async\" class=\"alignnone size-medium wp-image-58774\" src=\"https:\/\/pmza.sk\/wp-content\/uploads\/2023\/10\/plagaty_Budatin_102023_2-255x360.jpg\" alt=\"\" width=\"255\" height=\"360\" srcset=\"https:\/\/pmza.sk\/wp-content\/uploads\/2023\/10\/plagaty_Budatin_102023_2-255x360.jpg 255w, https:\/\/pmza.sk\/wp-content\/uploads\/2023\/10\/plagaty_Budatin_102023_2-521x736.jpg 521w, https:\/\/pmza.sk\/wp-content\/uploads\/2023\/10\/plagaty_Budatin_102023_2-768x1085.jpg 768w, https:\/\/pmza.sk\/wp-content\/uploads\/2023\/10\/plagaty_Budatin_102023_2-600x848.jpg 600w, https:\/\/pmza.sk\/wp-content\/uploads\/2023\/10\/plagaty_Budatin_102023_2.jpg 850w\" sizes=\"(max-width: 255px) 100vw, 255px\" \/><\/div>\n<\/div>\n<div><\/div>\n<div>Plag\u00e1ty v plnej verzii <a href=\"https:\/\/pmza.sk\/wp-content\/uploads\/2023\/10\/plagaty_Budatin_102023press.pdf\">TU<\/a><\/div>\n<p>&nbsp;<\/p>\n<p>&nbsp;<\/p>\n<p>&nbsp;<\/p>\n","protected":false},"excerpt":{"rendered":"<p>Pova\u017esk\u00e9 m\u00fazeum poz\u00fdva posledn\u00fd okt\u00f3brov\u00fd v\u00edkend na Sl\u00e1vnostn\u00e9 otvorenie podkrovia Budat\u00ednskeho hradu. \u201eRekon\u0161trukciu podkrovia sme zrealizovali v\u010faka projektu cezhrani\u010dnej spolupr\u00e1ce Interreg V-A Sk-CZ s\u00a0n\u00e1zvom Remesl\u00e1 a\u00a0priemysel v m\u00fazeu. T\u00e1to \u010das\u0165 Budat\u00ednskeho hradu bude sl\u00fa\u017ei\u0165 ako multifunk\u010dn\u00fd priestor ur\u010den\u00fd na organiz\u00e1ciu v\u00fdstav, konferenci\u00ed alebo workshopov. N\u00e1\u0161 cezhrani\u010dn\u00fd partner M\u00fazem Beskyd M\u00edstek-Fr\u00fddek v\u00a0r\u00e1mci projektu zrevitalizoval renesan\u010dn\u00fd pal\u00e1c [&hellip;]<\/p>\n","protected":false},"author":2,"featured_media":58776,"comment_status":"open","ping_status":"open","sticky":false,"template":"","format":"standard","meta":{"site-sidebar-layout":"default","site-content-layout":"default","ast-site-content-layout":"","site-content-style":"default","site-sidebar-style":"default","ast-global-header-display":"","ast-banner-title-visibility":"","ast-main-header-display":"","ast-hfb-above-header-display":"","ast-hfb-below-header-display":"","ast-hfb-mobile-header-display":"","site-post-title":"","ast-breadcrumbs-content":"","ast-featured-img":"","footer-sml-layout":"","theme-transparent-header-meta":"default","adv-header-id-meta":"","stick-header-meta":"default","header-above-stick-meta":"","header-main-stick-meta":"","header-below-stick-meta":"","astra-migrate-meta-layouts":"default","ast-page-background-enabled":"default","ast-page-background-meta":{"desktop":{"background-color":"var(--ast-global-color-4)","background-image":"","background-repeat":"repeat","background-position":"center center","background-size":"auto","background-attachment":"scroll","background-type":"","background-media":"","overlay-type":"","overlay-color":"","overlay-opacity":"","overlay-gradient":""},"tablet":{"background-color":"","background-image":"","background-repeat":"repeat","background-position":"center center","background-size":"auto","background-attachment":"scroll","background-type":"","background-media":"","overlay-type":"","overlay-color":"","overlay-opacity":"","overlay-gradient":""},"mobile":{"background-color":"","background-image":"","background-repeat":"repeat","background-position":"center center","background-size":"auto","background-attachment":"scroll","background-type":"","background-media":"","overlay-type":"","overlay-color":"","overlay-opacity":"","overlay-gradient":""}},"ast-content-background-meta":{"desktop":{"background-color":"var(--ast-global-color-5)","background-image":"","background-repeat":"repeat","background-position":"center center","background-size":"auto","background-attachment":"scroll","background-type":"","background-media":"","overlay-type":"","overlay-color":"","overlay-opacity":"","overlay-gradient":""},"tablet":{"background-color":"var(--ast-global-color-5)","background-image":"","background-repeat":"repeat","background-position":"center center","background-size":"auto","background-attachment":"scroll","background-type":"","background-media":"","overlay-type":"","overlay-color":"","overlay-opacity":"","overlay-gradient":""},"mobile":{"background-color":"var(--ast-global-color-5)","background-image":"","background-repeat":"repeat","background-position":"center center","background-size":"auto","background-attachment":"scroll","background-type":"","background-media":"","overlay-type":"","overlay-color":"","overlay-opacity":"","overlay-gradient":""}},"footnotes":""},"categories":[71],"tags":[],"class_list":["post-58772","post","type-post","status-publish","format-standard","has-post-thumbnail","hentry","category-podujatia"],"yoast_head":"<!-- This site is optimized with the Yoast SEO plugin v27.4 - https:\/\/yoast.com\/product\/yoast-seo-wordpress\/ -->\n<title>Sl\u00e1vnostn\u00e9 otvorenie podkrovia Budat\u00ednskeho hradu - Pova\u017esk\u00e9 m\u00fazeum<\/title>\n<meta name=\"robots\" content=\"index, follow, max-snippet:-1, max-image-preview:large, max-video-preview:-1\" \/>\n<link rel=\"canonical\" href=\"https:\/\/pmza.sk\/?p=58772\" \/>\n<meta property=\"og:locale\" content=\"sk_SK\" \/>\n<meta property=\"og:type\" content=\"article\" \/>\n<meta property=\"og:title\" content=\"Sl\u00e1vnostn\u00e9 otvorenie podkrovia Budat\u00ednskeho hradu - Pova\u017esk\u00e9 m\u00fazeum\" \/>\n<meta property=\"og:description\" content=\"Pova\u017esk\u00e9 m\u00fazeum poz\u00fdva posledn\u00fd okt\u00f3brov\u00fd v\u00edkend na Sl\u00e1vnostn\u00e9 otvorenie podkrovia Budat\u00ednskeho hradu. \u201eRekon\u0161trukciu podkrovia sme zrealizovali v\u010faka projektu cezhrani\u010dnej spolupr\u00e1ce Interreg V-A Sk-CZ s\u00a0n\u00e1zvom Remesl\u00e1 a\u00a0priemysel v m\u00fazeu. T\u00e1to \u010das\u0165 Budat\u00ednskeho hradu bude sl\u00fa\u017ei\u0165 ako multifunk\u010dn\u00fd priestor ur\u010den\u00fd na organiz\u00e1ciu v\u00fdstav, konferenci\u00ed alebo workshopov. N\u00e1\u0161 cezhrani\u010dn\u00fd partner M\u00fazem Beskyd M\u00edstek-Fr\u00fddek v\u00a0r\u00e1mci projektu zrevitalizoval renesan\u010dn\u00fd pal\u00e1c [&hellip;]\" \/>\n<meta property=\"og:url\" content=\"https:\/\/pmza.sk\/?p=58772\" \/>\n<meta property=\"og:site_name\" content=\"Pova\u017esk\u00e9 m\u00fazeum\" \/>\n<meta property=\"article:publisher\" content=\"https:\/\/www.facebook.com\/povazskemuzeum\" \/>\n<meta property=\"article:published_time\" content=\"2023-10-24T08:53:28+00:00\" \/>\n<meta property=\"article:modified_time\" content=\"2023-11-02T08:05:29+00:00\" \/>\n<meta property=\"og:image\" content=\"https:\/\/pmza.sk\/wp-content\/uploads\/2023\/10\/Budatinsky-hrad-1.jpg\" \/>\n\t<meta property=\"og:image:width\" content=\"1920\" \/>\n\t<meta property=\"og:image:height\" content=\"1440\" \/>\n\t<meta property=\"og:image:type\" content=\"image\/jpeg\" \/>\n<meta name=\"author\" content=\"Pova\u017esk\u00e9 m\u00fazeum\" \/>\n<meta name=\"twitter:card\" content=\"summary_large_image\" \/>\n<meta name=\"twitter:label1\" content=\"Autor\" \/>\n\t<meta name=\"twitter:data1\" content=\"Pova\u017esk\u00e9 m\u00fazeum\" \/>\n\t<meta name=\"twitter:label2\" content=\"Predpokladan\u00fd \u010das \u010d\u00edtania\" \/>\n\t<meta name=\"twitter:data2\" content=\"4 min\u00faty\" \/>\n<script type=\"application\/ld+json\" class=\"yoast-schema-graph\">{\"@context\":\"https:\\\/\\\/schema.org\",\"@graph\":[{\"@type\":\"Article\",\"@id\":\"https:\\\/\\\/pmza.sk\\\/?p=58772#article\",\"isPartOf\":{\"@id\":\"https:\\\/\\\/pmza.sk\\\/?p=58772\"},\"author\":{\"name\":\"Pova\u017esk\u00e9 m\u00fazeum\",\"@id\":\"https:\\\/\\\/pmza.sk\\\/#\\\/schema\\\/person\\\/595e6a2ce731ea94dcd5d7f50a41ae33\"},\"headline\":\"Sl\u00e1vnostn\u00e9 otvorenie podkrovia Budat\u00ednskeho hradu\",\"datePublished\":\"2023-10-24T08:53:28+00:00\",\"dateModified\":\"2023-11-02T08:05:29+00:00\",\"mainEntityOfPage\":{\"@id\":\"https:\\\/\\\/pmza.sk\\\/?p=58772\"},\"wordCount\":723,\"commentCount\":0,\"publisher\":{\"@id\":\"https:\\\/\\\/pmza.sk\\\/#organization\"},\"image\":{\"@id\":\"https:\\\/\\\/pmza.sk\\\/?p=58772#primaryimage\"},\"thumbnailUrl\":\"https:\\\/\\\/pmza.sk\\\/wp-content\\\/uploads\\\/2023\\\/10\\\/Budatinsky-hrad-1.jpg\",\"articleSection\":[\"Podujatia\"],\"inLanguage\":\"sk-SK\"},{\"@type\":\"WebPage\",\"@id\":\"https:\\\/\\\/pmza.sk\\\/?p=58772\",\"url\":\"https:\\\/\\\/pmza.sk\\\/?p=58772\",\"name\":\"Sl\u00e1vnostn\u00e9 otvorenie podkrovia Budat\u00ednskeho hradu - Pova\u017esk\u00e9 m\u00fazeum\",\"isPartOf\":{\"@id\":\"https:\\\/\\\/pmza.sk\\\/#website\"},\"primaryImageOfPage\":{\"@id\":\"https:\\\/\\\/pmza.sk\\\/?p=58772#primaryimage\"},\"image\":{\"@id\":\"https:\\\/\\\/pmza.sk\\\/?p=58772#primaryimage\"},\"thumbnailUrl\":\"https:\\\/\\\/pmza.sk\\\/wp-content\\\/uploads\\\/2023\\\/10\\\/Budatinsky-hrad-1.jpg\",\"datePublished\":\"2023-10-24T08:53:28+00:00\",\"dateModified\":\"2023-11-02T08:05:29+00:00\",\"breadcrumb\":{\"@id\":\"https:\\\/\\\/pmza.sk\\\/?p=58772#breadcrumb\"},\"inLanguage\":\"sk-SK\",\"potentialAction\":[{\"@type\":\"ReadAction\",\"target\":[\"https:\\\/\\\/pmza.sk\\\/?p=58772\"]}]},{\"@type\":\"ImageObject\",\"inLanguage\":\"sk-SK\",\"@id\":\"https:\\\/\\\/pmza.sk\\\/?p=58772#primaryimage\",\"url\":\"https:\\\/\\\/pmza.sk\\\/wp-content\\\/uploads\\\/2023\\\/10\\\/Budatinsky-hrad-1.jpg\",\"contentUrl\":\"https:\\\/\\\/pmza.sk\\\/wp-content\\\/uploads\\\/2023\\\/10\\\/Budatinsky-hrad-1.jpg\",\"width\":1920,\"height\":1440},{\"@type\":\"BreadcrumbList\",\"@id\":\"https:\\\/\\\/pmza.sk\\\/?p=58772#breadcrumb\",\"itemListElement\":[{\"@type\":\"ListItem\",\"position\":1,\"name\":\"Domovsk\u00e1 str\u00e1nka\",\"item\":\"https:\\\/\\\/pmza.sk\\\/\"},{\"@type\":\"ListItem\",\"position\":2,\"name\":\"Sl\u00e1vnostn\u00e9 otvorenie podkrovia Budat\u00ednskeho hradu\"}]},{\"@type\":\"WebSite\",\"@id\":\"https:\\\/\\\/pmza.sk\\\/#website\",\"url\":\"https:\\\/\\\/pmza.sk\\\/\",\"name\":\"Pova\u017esk\u00e9 m\u00fazeum\",\"description\":\"Pova\u017esk\u00e9 m\u00fazeum v \u017diline je region\u00e1lne m\u00fazeum so s\u00eddlom v Budat\u00edne. Jeho expoz\u00edcie s\u00fa zameran\u00e9 na dejiny slovensk\u00e9ho umenia, kult\u00fary a dopravy.\",\"publisher\":{\"@id\":\"https:\\\/\\\/pmza.sk\\\/#organization\"},\"potentialAction\":[{\"@type\":\"SearchAction\",\"target\":{\"@type\":\"EntryPoint\",\"urlTemplate\":\"https:\\\/\\\/pmza.sk\\\/?s={search_term_string}\"},\"query-input\":{\"@type\":\"PropertyValueSpecification\",\"valueRequired\":true,\"valueName\":\"search_term_string\"}}],\"inLanguage\":\"sk-SK\"},{\"@type\":\"Organization\",\"@id\":\"https:\\\/\\\/pmza.sk\\\/#organization\",\"name\":\"Pova\u017esk\u00e9 m\u00fazeum\",\"url\":\"https:\\\/\\\/pmza.sk\\\/\",\"logo\":{\"@type\":\"ImageObject\",\"inLanguage\":\"sk-SK\",\"@id\":\"https:\\\/\\\/pmza.sk\\\/#\\\/schema\\\/logo\\\/image\\\/\",\"url\":\"https:\\\/\\\/pmza.sk\\\/wp-content\\\/uploads\\\/2022\\\/01\\\/logo_PM_horizontal.jpg\",\"contentUrl\":\"https:\\\/\\\/pmza.sk\\\/wp-content\\\/uploads\\\/2022\\\/01\\\/logo_PM_horizontal.jpg\",\"width\":231,\"height\":142,\"caption\":\"Pova\u017esk\u00e9 m\u00fazeum\"},\"image\":{\"@id\":\"https:\\\/\\\/pmza.sk\\\/#\\\/schema\\\/logo\\\/image\\\/\"},\"sameAs\":[\"https:\\\/\\\/www.facebook.com\\\/povazskemuzeum\",\"https:\\\/\\\/www.instagram.com\\\/povazskemuzeum\\\/\"]},{\"@type\":\"Person\",\"@id\":\"https:\\\/\\\/pmza.sk\\\/#\\\/schema\\\/person\\\/595e6a2ce731ea94dcd5d7f50a41ae33\",\"name\":\"Pova\u017esk\u00e9 m\u00fazeum\",\"image\":{\"@type\":\"ImageObject\",\"inLanguage\":\"sk-SK\",\"@id\":\"https:\\\/\\\/secure.gravatar.com\\\/avatar\\\/2bb7f1561282132fb5826dfeccc66c7996d11ee392ac6aaf7ced8a1c2027fbb2?s=96&d=mm&r=g\",\"url\":\"https:\\\/\\\/secure.gravatar.com\\\/avatar\\\/2bb7f1561282132fb5826dfeccc66c7996d11ee392ac6aaf7ced8a1c2027fbb2?s=96&d=mm&r=g\",\"contentUrl\":\"https:\\\/\\\/secure.gravatar.com\\\/avatar\\\/2bb7f1561282132fb5826dfeccc66c7996d11ee392ac6aaf7ced8a1c2027fbb2?s=96&d=mm&r=g\",\"caption\":\"Pova\u017esk\u00e9 m\u00fazeum\"}}]}<\/script>\n<!-- \/ Yoast SEO plugin. -->","yoast_head_json":{"title":"Sl\u00e1vnostn\u00e9 otvorenie podkrovia Budat\u00ednskeho hradu - Pova\u017esk\u00e9 m\u00fazeum","robots":{"index":"index","follow":"follow","max-snippet":"max-snippet:-1","max-image-preview":"max-image-preview:large","max-video-preview":"max-video-preview:-1"},"canonical":"https:\/\/pmza.sk\/?p=58772","og_locale":"sk_SK","og_type":"article","og_title":"Sl\u00e1vnostn\u00e9 otvorenie podkrovia Budat\u00ednskeho hradu - Pova\u017esk\u00e9 m\u00fazeum","og_description":"Pova\u017esk\u00e9 m\u00fazeum poz\u00fdva posledn\u00fd okt\u00f3brov\u00fd v\u00edkend na Sl\u00e1vnostn\u00e9 otvorenie podkrovia Budat\u00ednskeho hradu. \u201eRekon\u0161trukciu podkrovia sme zrealizovali v\u010faka projektu cezhrani\u010dnej spolupr\u00e1ce Interreg V-A Sk-CZ s\u00a0n\u00e1zvom Remesl\u00e1 a\u00a0priemysel v m\u00fazeu. T\u00e1to \u010das\u0165 Budat\u00ednskeho hradu bude sl\u00fa\u017ei\u0165 ako multifunk\u010dn\u00fd priestor ur\u010den\u00fd na organiz\u00e1ciu v\u00fdstav, konferenci\u00ed alebo workshopov. N\u00e1\u0161 cezhrani\u010dn\u00fd partner M\u00fazem Beskyd M\u00edstek-Fr\u00fddek v\u00a0r\u00e1mci projektu zrevitalizoval renesan\u010dn\u00fd pal\u00e1c [&hellip;]","og_url":"https:\/\/pmza.sk\/?p=58772","og_site_name":"Pova\u017esk\u00e9 m\u00fazeum","article_publisher":"https:\/\/www.facebook.com\/povazskemuzeum","article_published_time":"2023-10-24T08:53:28+00:00","article_modified_time":"2023-11-02T08:05:29+00:00","og_image":[{"width":1920,"height":1440,"url":"https:\/\/pmza.sk\/wp-content\/uploads\/2023\/10\/Budatinsky-hrad-1.jpg","type":"image\/jpeg"}],"author":"Pova\u017esk\u00e9 m\u00fazeum","twitter_card":"summary_large_image","twitter_misc":{"Autor":"Pova\u017esk\u00e9 m\u00fazeum","Predpokladan\u00fd \u010das \u010d\u00edtania":"4 min\u00faty"},"schema":{"@context":"https:\/\/schema.org","@graph":[{"@type":"Article","@id":"https:\/\/pmza.sk\/?p=58772#article","isPartOf":{"@id":"https:\/\/pmza.sk\/?p=58772"},"author":{"name":"Pova\u017esk\u00e9 m\u00fazeum","@id":"https:\/\/pmza.sk\/#\/schema\/person\/595e6a2ce731ea94dcd5d7f50a41ae33"},"headline":"Sl\u00e1vnostn\u00e9 otvorenie podkrovia Budat\u00ednskeho hradu","datePublished":"2023-10-24T08:53:28+00:00","dateModified":"2023-11-02T08:05:29+00:00","mainEntityOfPage":{"@id":"https:\/\/pmza.sk\/?p=58772"},"wordCount":723,"commentCount":0,"publisher":{"@id":"https:\/\/pmza.sk\/#organization"},"image":{"@id":"https:\/\/pmza.sk\/?p=58772#primaryimage"},"thumbnailUrl":"https:\/\/pmza.sk\/wp-content\/uploads\/2023\/10\/Budatinsky-hrad-1.jpg","articleSection":["Podujatia"],"inLanguage":"sk-SK"},{"@type":"WebPage","@id":"https:\/\/pmza.sk\/?p=58772","url":"https:\/\/pmza.sk\/?p=58772","name":"Sl\u00e1vnostn\u00e9 otvorenie podkrovia Budat\u00ednskeho hradu - Pova\u017esk\u00e9 m\u00fazeum","isPartOf":{"@id":"https:\/\/pmza.sk\/#website"},"primaryImageOfPage":{"@id":"https:\/\/pmza.sk\/?p=58772#primaryimage"},"image":{"@id":"https:\/\/pmza.sk\/?p=58772#primaryimage"},"thumbnailUrl":"https:\/\/pmza.sk\/wp-content\/uploads\/2023\/10\/Budatinsky-hrad-1.jpg","datePublished":"2023-10-24T08:53:28+00:00","dateModified":"2023-11-02T08:05:29+00:00","breadcrumb":{"@id":"https:\/\/pmza.sk\/?p=58772#breadcrumb"},"inLanguage":"sk-SK","potentialAction":[{"@type":"ReadAction","target":["https:\/\/pmza.sk\/?p=58772"]}]},{"@type":"ImageObject","inLanguage":"sk-SK","@id":"https:\/\/pmza.sk\/?p=58772#primaryimage","url":"https:\/\/pmza.sk\/wp-content\/uploads\/2023\/10\/Budatinsky-hrad-1.jpg","contentUrl":"https:\/\/pmza.sk\/wp-content\/uploads\/2023\/10\/Budatinsky-hrad-1.jpg","width":1920,"height":1440},{"@type":"BreadcrumbList","@id":"https:\/\/pmza.sk\/?p=58772#breadcrumb","itemListElement":[{"@type":"ListItem","position":1,"name":"Domovsk\u00e1 str\u00e1nka","item":"https:\/\/pmza.sk\/"},{"@type":"ListItem","position":2,"name":"Sl\u00e1vnostn\u00e9 otvorenie podkrovia Budat\u00ednskeho hradu"}]},{"@type":"WebSite","@id":"https:\/\/pmza.sk\/#website","url":"https:\/\/pmza.sk\/","name":"Pova\u017esk\u00e9 m\u00fazeum","description":"Pova\u017esk\u00e9 m\u00fazeum v \u017diline je region\u00e1lne m\u00fazeum so s\u00eddlom v Budat\u00edne. Jeho expoz\u00edcie s\u00fa zameran\u00e9 na dejiny slovensk\u00e9ho umenia, kult\u00fary a dopravy.","publisher":{"@id":"https:\/\/pmza.sk\/#organization"},"potentialAction":[{"@type":"SearchAction","target":{"@type":"EntryPoint","urlTemplate":"https:\/\/pmza.sk\/?s={search_term_string}"},"query-input":{"@type":"PropertyValueSpecification","valueRequired":true,"valueName":"search_term_string"}}],"inLanguage":"sk-SK"},{"@type":"Organization","@id":"https:\/\/pmza.sk\/#organization","name":"Pova\u017esk\u00e9 m\u00fazeum","url":"https:\/\/pmza.sk\/","logo":{"@type":"ImageObject","inLanguage":"sk-SK","@id":"https:\/\/pmza.sk\/#\/schema\/logo\/image\/","url":"https:\/\/pmza.sk\/wp-content\/uploads\/2022\/01\/logo_PM_horizontal.jpg","contentUrl":"https:\/\/pmza.sk\/wp-content\/uploads\/2022\/01\/logo_PM_horizontal.jpg","width":231,"height":142,"caption":"Pova\u017esk\u00e9 m\u00fazeum"},"image":{"@id":"https:\/\/pmza.sk\/#\/schema\/logo\/image\/"},"sameAs":["https:\/\/www.facebook.com\/povazskemuzeum","https:\/\/www.instagram.com\/povazskemuzeum\/"]},{"@type":"Person","@id":"https:\/\/pmza.sk\/#\/schema\/person\/595e6a2ce731ea94dcd5d7f50a41ae33","name":"Pova\u017esk\u00e9 m\u00fazeum","image":{"@type":"ImageObject","inLanguage":"sk-SK","@id":"https:\/\/secure.gravatar.com\/avatar\/2bb7f1561282132fb5826dfeccc66c7996d11ee392ac6aaf7ced8a1c2027fbb2?s=96&d=mm&r=g","url":"https:\/\/secure.gravatar.com\/avatar\/2bb7f1561282132fb5826dfeccc66c7996d11ee392ac6aaf7ced8a1c2027fbb2?s=96&d=mm&r=g","contentUrl":"https:\/\/secure.gravatar.com\/avatar\/2bb7f1561282132fb5826dfeccc66c7996d11ee392ac6aaf7ced8a1c2027fbb2?s=96&d=mm&r=g","caption":"Pova\u017esk\u00e9 m\u00fazeum"}}]}},"_links":{"self":[{"href":"https:\/\/pmza.sk\/index.php?rest_route=\/wp\/v2\/posts\/58772","targetHints":{"allow":["GET"]}}],"collection":[{"href":"https:\/\/pmza.sk\/index.php?rest_route=\/wp\/v2\/posts"}],"about":[{"href":"https:\/\/pmza.sk\/index.php?rest_route=\/wp\/v2\/types\/post"}],"author":[{"embeddable":true,"href":"https:\/\/pmza.sk\/index.php?rest_route=\/wp\/v2\/users\/2"}],"replies":[{"embeddable":true,"href":"https:\/\/pmza.sk\/index.php?rest_route=%2Fwp%2Fv2%2Fcomments&post=58772"}],"version-history":[{"count":0,"href":"https:\/\/pmza.sk\/index.php?rest_route=\/wp\/v2\/posts\/58772\/revisions"}],"wp:featuredmedia":[{"embeddable":true,"href":"https:\/\/pmza.sk\/index.php?rest_route=\/wp\/v2\/media\/58776"}],"wp:attachment":[{"href":"https:\/\/pmza.sk\/index.php?rest_route=%2Fwp%2Fv2%2Fmedia&parent=58772"}],"wp:term":[{"taxonomy":"category","embeddable":true,"href":"https:\/\/pmza.sk\/index.php?rest_route=%2Fwp%2Fv2%2Fcategories&post=58772"},{"taxonomy":"post_tag","embeddable":true,"href":"https:\/\/pmza.sk\/index.php?rest_route=%2Fwp%2Fv2%2Ftags&post=58772"}],"curies":[{"name":"wp","href":"https:\/\/api.w.org\/{rel}","templated":true}]}}