{"id":58815,"date":"2023-10-27T11:31:53","date_gmt":"2023-10-27T09:31:53","guid":{"rendered":"https:\/\/pmza.sk\/?p=58815"},"modified":"2023-11-13T06:53:52","modified_gmt":"2023-11-13T05:53:52","slug":"vecer-v-muzeu-dopravy-2","status":"publish","type":"post","link":"https:\/\/pmza.sk\/?p=58815","title":{"rendered":"Ve\u010der v M\u00fazeu dopravy"},"content":{"rendered":"<p>Str\u00e1vte ve\u010der v\u00a0M\u00fazeu dopravy v\u00a0Rajeck\u00fdch Tepliciach! Pova\u017esk\u00e9 m\u00fazeum poz\u00fdva v\u00a0sobotu 11. novembra na \u0161peci\u00e1lnu ve\u010dern\u00fa prehliadku, ktor\u00e1 odhal\u00ed expoz\u00edciu pod r\u00fa\u0161kom tmy. <em>\u201eNa tak\u00fdto typ prehliadky boli v\u00a0minulosti pozit\u00edvne ohlasy, preto sme sa rozhodli ju zopakova\u0165.<\/em> <em>N\u00e1v\u0161tevn\u00edci uvidia modelov\u00e9 ko\u013eajisko aj v\u0161etky ostatn\u00e9 expon\u00e1ty len pri ve\u010dernom osvetlen\u00ed. Modelov\u00e9 vl\u00e1\u010diky bud\u00fa po\u010das prehliadky simulova\u0165 re\u00e1lnu prev\u00e1dzku a\u00a0z\u00e1ujemcovia uvidia aj \u010fal\u0161ie funk\u010dn\u00e9 expon\u00e1ty a\u00a0modely ako parn\u00fd stroj a\u00a0telegraf,\u201c<\/em> poz\u00fdva ved\u00faci M\u00fazea dopravy Peter \u0160imko.<\/p>\n<p>M\u00fazeum dopravy je najmlad\u0161ou a rozlohou najmen\u0161ou expoz\u00edciou Pova\u017esk\u00e9ho m\u00fazea, ale po\u010dtom zauj\u00edmav\u00fdch expon\u00e1tov rozhodne prekvap\u00ed. K najv\u00e4\u010d\u0161\u00edm l\u00e1kadl\u00e1m ur\u010dite patr\u00ed modelov\u00e9 ko\u013eajisko, ktor\u00e9 zachyt\u00e1va v zjednodu\u0161enej podobe \u017eilinsk\u00fd \u017eelezni\u010dn\u00fd uzol v 20. rokoch 20. storo\u010dia \u010di vz\u00e1cny secesn\u00fd pohrebn\u00fd ko\u010d. Vystaven\u00fd je tam dokonca aj model automobilu S\u00fa\u013eov v skuto\u010dnej ve\u013ekosti. Okrem expon\u00e1tov sa m\u00f4\u017eu najm\u00e4 deti te\u0161i\u0165 na r\u00f4zne interakt\u00edvne prvky.<\/p>\n<p>N\u00e1v\u0161tevn\u00edci m\u00f4\u017eu pr\u00eds\u0165 kedyko\u013evek medzi 18.00 a\u00a021.00 hod. Z\u00e1kladn\u00e9 vstupn\u00e9 je 5 \u20ac a z\u013eavnen\u00e9 2,50 \u20ac.\u00a0L\u00edstky sa bud\u00fa pred\u00e1va\u0165 na mieste.<\/p>\n<p>&nbsp;<\/p>\n<div class=\"wp-block-image\"><img fetchpriority=\"high\" decoding=\"async\" class=\"alignnone size-medium wp-image-58817\" src=\"https:\/\/pmza.sk\/wp-content\/uploads\/2023\/10\/Vecer_v_Muzeu23_K1-255x360.jpg\" alt=\"\" width=\"255\" height=\"360\" srcset=\"https:\/\/pmza.sk\/wp-content\/uploads\/2023\/10\/Vecer_v_Muzeu23_K1-255x360.jpg 255w, https:\/\/pmza.sk\/wp-content\/uploads\/2023\/10\/Vecer_v_Muzeu23_K1-520x736.jpg 520w, https:\/\/pmza.sk\/wp-content\/uploads\/2023\/10\/Vecer_v_Muzeu23_K1-768x1086.jpg 768w, https:\/\/pmza.sk\/wp-content\/uploads\/2023\/10\/Vecer_v_Muzeu23_K1-1086x1536.jpg 1086w, https:\/\/pmza.sk\/wp-content\/uploads\/2023\/10\/Vecer_v_Muzeu23_K1-1448x2048.jpg 1448w, https:\/\/pmza.sk\/wp-content\/uploads\/2023\/10\/Vecer_v_Muzeu23_K1-600x849.jpg 600w, https:\/\/pmza.sk\/wp-content\/uploads\/2023\/10\/Vecer_v_Muzeu23_K1-scaled.jpg 1810w\" sizes=\"(max-width: 255px) 100vw, 255px\" \/><\/div>\n<div><\/div>\n<div>Plag\u00e1t v plnej kvalite <a href=\"https:\/\/pmza.sk\/wp-content\/uploads\/2023\/10\/Vecer_v_Muzeu23_K1.pdf\">TU<\/a><\/div>\n","protected":false},"excerpt":{"rendered":"<p>Str\u00e1vte ve\u010der v\u00a0M\u00fazeu dopravy v\u00a0Rajeck\u00fdch Tepliciach! Pova\u017esk\u00e9 m\u00fazeum poz\u00fdva v\u00a0sobotu 11. novembra na \u0161peci\u00e1lnu ve\u010dern\u00fa prehliadku, ktor\u00e1 odhal\u00ed expoz\u00edciu pod r\u00fa\u0161kom tmy. \u201eNa tak\u00fdto typ prehliadky boli v\u00a0minulosti pozit\u00edvne ohlasy, preto sme sa rozhodli ju zopakova\u0165. N\u00e1v\u0161tevn\u00edci uvidia modelov\u00e9 ko\u013eajisko aj v\u0161etky ostatn\u00e9 expon\u00e1ty len pri ve\u010dernom osvetlen\u00ed. Modelov\u00e9 vl\u00e1\u010diky bud\u00fa po\u010das prehliadky simulova\u0165 re\u00e1lnu [&hellip;]<\/p>\n","protected":false},"author":2,"featured_media":58819,"comment_status":"open","ping_status":"open","sticky":false,"template":"","format":"standard","meta":{"site-sidebar-layout":"default","site-content-layout":"default","ast-site-content-layout":"","site-content-style":"default","site-sidebar-style":"default","ast-global-header-display":"","ast-banner-title-visibility":"","ast-main-header-display":"","ast-hfb-above-header-display":"","ast-hfb-below-header-display":"","ast-hfb-mobile-header-display":"","site-post-title":"","ast-breadcrumbs-content":"","ast-featured-img":"","footer-sml-layout":"","theme-transparent-header-meta":"default","adv-header-id-meta":"","stick-header-meta":"default","header-above-stick-meta":"","header-main-stick-meta":"","header-below-stick-meta":"","astra-migrate-meta-layouts":"default","ast-page-background-enabled":"default","ast-page-background-meta":{"desktop":{"background-color":"var(--ast-global-color-4)","background-image":"","background-repeat":"repeat","background-position":"center center","background-size":"auto","background-attachment":"scroll","background-type":"","background-media":"","overlay-type":"","overlay-color":"","overlay-opacity":"","overlay-gradient":""},"tablet":{"background-color":"","background-image":"","background-repeat":"repeat","background-position":"center center","background-size":"auto","background-attachment":"scroll","background-type":"","background-media":"","overlay-type":"","overlay-color":"","overlay-opacity":"","overlay-gradient":""},"mobile":{"background-color":"","background-image":"","background-repeat":"repeat","background-position":"center center","background-size":"auto","background-attachment":"scroll","background-type":"","background-media":"","overlay-type":"","overlay-color":"","overlay-opacity":"","overlay-gradient":""}},"ast-content-background-meta":{"desktop":{"background-color":"var(--ast-global-color-5)","background-image":"","background-repeat":"repeat","background-position":"center center","background-size":"auto","background-attachment":"scroll","background-type":"","background-media":"","overlay-type":"","overlay-color":"","overlay-opacity":"","overlay-gradient":""},"tablet":{"background-color":"var(--ast-global-color-5)","background-image":"","background-repeat":"repeat","background-position":"center center","background-size":"auto","background-attachment":"scroll","background-type":"","background-media":"","overlay-type":"","overlay-color":"","overlay-opacity":"","overlay-gradient":""},"mobile":{"background-color":"var(--ast-global-color-5)","background-image":"","background-repeat":"repeat","background-position":"center center","background-size":"auto","background-attachment":"scroll","background-type":"","background-media":"","overlay-type":"","overlay-color":"","overlay-opacity":"","overlay-gradient":""}},"footnotes":""},"categories":[71],"tags":[],"class_list":["post-58815","post","type-post","status-publish","format-standard","has-post-thumbnail","hentry","category-podujatia"],"yoast_head":"<!-- This site is optimized with the Yoast SEO plugin v27.4 - https:\/\/yoast.com\/product\/yoast-seo-wordpress\/ -->\n<title>Ve\u010der v M\u00fazeu dopravy - Pova\u017esk\u00e9 m\u00fazeum<\/title>\n<meta name=\"robots\" content=\"index, follow, max-snippet:-1, max-image-preview:large, max-video-preview:-1\" \/>\n<link rel=\"canonical\" href=\"https:\/\/pmza.sk\/?p=58815\" \/>\n<meta property=\"og:locale\" content=\"sk_SK\" \/>\n<meta property=\"og:type\" content=\"article\" \/>\n<meta property=\"og:title\" content=\"Ve\u010der v M\u00fazeu dopravy - Pova\u017esk\u00e9 m\u00fazeum\" \/>\n<meta property=\"og:description\" content=\"Str\u00e1vte ve\u010der v\u00a0M\u00fazeu dopravy v\u00a0Rajeck\u00fdch Tepliciach! Pova\u017esk\u00e9 m\u00fazeum poz\u00fdva v\u00a0sobotu 11. novembra na \u0161peci\u00e1lnu ve\u010dern\u00fa prehliadku, ktor\u00e1 odhal\u00ed expoz\u00edciu pod r\u00fa\u0161kom tmy. \u201eNa tak\u00fdto typ prehliadky boli v\u00a0minulosti pozit\u00edvne ohlasy, preto sme sa rozhodli ju zopakova\u0165. N\u00e1v\u0161tevn\u00edci uvidia modelov\u00e9 ko\u013eajisko aj v\u0161etky ostatn\u00e9 expon\u00e1ty len pri ve\u010dernom osvetlen\u00ed. Modelov\u00e9 vl\u00e1\u010diky bud\u00fa po\u010das prehliadky simulova\u0165 re\u00e1lnu [&hellip;]\" \/>\n<meta property=\"og:url\" content=\"https:\/\/pmza.sk\/?p=58815\" \/>\n<meta property=\"og:site_name\" content=\"Pova\u017esk\u00e9 m\u00fazeum\" \/>\n<meta property=\"article:publisher\" content=\"https:\/\/www.facebook.com\/povazskemuzeum\" \/>\n<meta property=\"article:published_time\" content=\"2023-10-27T09:31:53+00:00\" \/>\n<meta property=\"article:modified_time\" content=\"2023-11-13T05:53:52+00:00\" \/>\n<meta property=\"og:image\" content=\"https:\/\/pmza.sk\/wp-content\/uploads\/2023\/10\/Vecer_v_Muzeu23_web-scaled.jpg\" \/>\n\t<meta property=\"og:image:width\" content=\"2560\" \/>\n\t<meta property=\"og:image:height\" content=\"2560\" \/>\n\t<meta property=\"og:image:type\" content=\"image\/jpeg\" \/>\n<meta name=\"author\" content=\"Pova\u017esk\u00e9 m\u00fazeum\" \/>\n<meta name=\"twitter:card\" content=\"summary_large_image\" \/>\n<meta name=\"twitter:label1\" content=\"Autor\" \/>\n\t<meta name=\"twitter:data1\" content=\"Pova\u017esk\u00e9 m\u00fazeum\" \/>\n\t<meta name=\"twitter:label2\" content=\"Predpokladan\u00fd \u010das \u010d\u00edtania\" \/>\n\t<meta name=\"twitter:data2\" content=\"1 min\u00fata\" \/>\n<script type=\"application\/ld+json\" class=\"yoast-schema-graph\">{\"@context\":\"https:\\\/\\\/schema.org\",\"@graph\":[{\"@type\":\"Article\",\"@id\":\"https:\\\/\\\/pmza.sk\\\/?p=58815#article\",\"isPartOf\":{\"@id\":\"https:\\\/\\\/pmza.sk\\\/?p=58815\"},\"author\":{\"name\":\"Pova\u017esk\u00e9 m\u00fazeum\",\"@id\":\"https:\\\/\\\/pmza.sk\\\/#\\\/schema\\\/person\\\/595e6a2ce731ea94dcd5d7f50a41ae33\"},\"headline\":\"Ve\u010der v M\u00fazeu dopravy\",\"datePublished\":\"2023-10-27T09:31:53+00:00\",\"dateModified\":\"2023-11-13T05:53:52+00:00\",\"mainEntityOfPage\":{\"@id\":\"https:\\\/\\\/pmza.sk\\\/?p=58815\"},\"wordCount\":241,\"commentCount\":0,\"publisher\":{\"@id\":\"https:\\\/\\\/pmza.sk\\\/#organization\"},\"image\":{\"@id\":\"https:\\\/\\\/pmza.sk\\\/?p=58815#primaryimage\"},\"thumbnailUrl\":\"https:\\\/\\\/pmza.sk\\\/wp-content\\\/uploads\\\/2023\\\/10\\\/Vecer_v_Muzeu23_web-scaled.jpg\",\"articleSection\":[\"Podujatia\"],\"inLanguage\":\"sk-SK\"},{\"@type\":\"WebPage\",\"@id\":\"https:\\\/\\\/pmza.sk\\\/?p=58815\",\"url\":\"https:\\\/\\\/pmza.sk\\\/?p=58815\",\"name\":\"Ve\u010der v M\u00fazeu dopravy - Pova\u017esk\u00e9 m\u00fazeum\",\"isPartOf\":{\"@id\":\"https:\\\/\\\/pmza.sk\\\/#website\"},\"primaryImageOfPage\":{\"@id\":\"https:\\\/\\\/pmza.sk\\\/?p=58815#primaryimage\"},\"image\":{\"@id\":\"https:\\\/\\\/pmza.sk\\\/?p=58815#primaryimage\"},\"thumbnailUrl\":\"https:\\\/\\\/pmza.sk\\\/wp-content\\\/uploads\\\/2023\\\/10\\\/Vecer_v_Muzeu23_web-scaled.jpg\",\"datePublished\":\"2023-10-27T09:31:53+00:00\",\"dateModified\":\"2023-11-13T05:53:52+00:00\",\"breadcrumb\":{\"@id\":\"https:\\\/\\\/pmza.sk\\\/?p=58815#breadcrumb\"},\"inLanguage\":\"sk-SK\",\"potentialAction\":[{\"@type\":\"ReadAction\",\"target\":[\"https:\\\/\\\/pmza.sk\\\/?p=58815\"]}]},{\"@type\":\"ImageObject\",\"inLanguage\":\"sk-SK\",\"@id\":\"https:\\\/\\\/pmza.sk\\\/?p=58815#primaryimage\",\"url\":\"https:\\\/\\\/pmza.sk\\\/wp-content\\\/uploads\\\/2023\\\/10\\\/Vecer_v_Muzeu23_web-scaled.jpg\",\"contentUrl\":\"https:\\\/\\\/pmza.sk\\\/wp-content\\\/uploads\\\/2023\\\/10\\\/Vecer_v_Muzeu23_web-scaled.jpg\",\"width\":2560,\"height\":2560},{\"@type\":\"BreadcrumbList\",\"@id\":\"https:\\\/\\\/pmza.sk\\\/?p=58815#breadcrumb\",\"itemListElement\":[{\"@type\":\"ListItem\",\"position\":1,\"name\":\"Domovsk\u00e1 str\u00e1nka\",\"item\":\"https:\\\/\\\/pmza.sk\\\/\"},{\"@type\":\"ListItem\",\"position\":2,\"name\":\"Ve\u010der v M\u00fazeu dopravy\"}]},{\"@type\":\"WebSite\",\"@id\":\"https:\\\/\\\/pmza.sk\\\/#website\",\"url\":\"https:\\\/\\\/pmza.sk\\\/\",\"name\":\"Pova\u017esk\u00e9 m\u00fazeum\",\"description\":\"Pova\u017esk\u00e9 m\u00fazeum v \u017diline je region\u00e1lne m\u00fazeum so s\u00eddlom v Budat\u00edne. Jeho expoz\u00edcie s\u00fa zameran\u00e9 na dejiny slovensk\u00e9ho umenia, kult\u00fary a dopravy.\",\"publisher\":{\"@id\":\"https:\\\/\\\/pmza.sk\\\/#organization\"},\"potentialAction\":[{\"@type\":\"SearchAction\",\"target\":{\"@type\":\"EntryPoint\",\"urlTemplate\":\"https:\\\/\\\/pmza.sk\\\/?s={search_term_string}\"},\"query-input\":{\"@type\":\"PropertyValueSpecification\",\"valueRequired\":true,\"valueName\":\"search_term_string\"}}],\"inLanguage\":\"sk-SK\"},{\"@type\":\"Organization\",\"@id\":\"https:\\\/\\\/pmza.sk\\\/#organization\",\"name\":\"Pova\u017esk\u00e9 m\u00fazeum\",\"url\":\"https:\\\/\\\/pmza.sk\\\/\",\"logo\":{\"@type\":\"ImageObject\",\"inLanguage\":\"sk-SK\",\"@id\":\"https:\\\/\\\/pmza.sk\\\/#\\\/schema\\\/logo\\\/image\\\/\",\"url\":\"https:\\\/\\\/pmza.sk\\\/wp-content\\\/uploads\\\/2022\\\/01\\\/logo_PM_horizontal.jpg\",\"contentUrl\":\"https:\\\/\\\/pmza.sk\\\/wp-content\\\/uploads\\\/2022\\\/01\\\/logo_PM_horizontal.jpg\",\"width\":231,\"height\":142,\"caption\":\"Pova\u017esk\u00e9 m\u00fazeum\"},\"image\":{\"@id\":\"https:\\\/\\\/pmza.sk\\\/#\\\/schema\\\/logo\\\/image\\\/\"},\"sameAs\":[\"https:\\\/\\\/www.facebook.com\\\/povazskemuzeum\",\"https:\\\/\\\/www.instagram.com\\\/povazskemuzeum\\\/\"]},{\"@type\":\"Person\",\"@id\":\"https:\\\/\\\/pmza.sk\\\/#\\\/schema\\\/person\\\/595e6a2ce731ea94dcd5d7f50a41ae33\",\"name\":\"Pova\u017esk\u00e9 m\u00fazeum\",\"image\":{\"@type\":\"ImageObject\",\"inLanguage\":\"sk-SK\",\"@id\":\"https:\\\/\\\/secure.gravatar.com\\\/avatar\\\/2bb7f1561282132fb5826dfeccc66c7996d11ee392ac6aaf7ced8a1c2027fbb2?s=96&d=mm&r=g\",\"url\":\"https:\\\/\\\/secure.gravatar.com\\\/avatar\\\/2bb7f1561282132fb5826dfeccc66c7996d11ee392ac6aaf7ced8a1c2027fbb2?s=96&d=mm&r=g\",\"contentUrl\":\"https:\\\/\\\/secure.gravatar.com\\\/avatar\\\/2bb7f1561282132fb5826dfeccc66c7996d11ee392ac6aaf7ced8a1c2027fbb2?s=96&d=mm&r=g\",\"caption\":\"Pova\u017esk\u00e9 m\u00fazeum\"}}]}<\/script>\n<!-- \/ Yoast SEO plugin. -->","yoast_head_json":{"title":"Ve\u010der v M\u00fazeu dopravy - Pova\u017esk\u00e9 m\u00fazeum","robots":{"index":"index","follow":"follow","max-snippet":"max-snippet:-1","max-image-preview":"max-image-preview:large","max-video-preview":"max-video-preview:-1"},"canonical":"https:\/\/pmza.sk\/?p=58815","og_locale":"sk_SK","og_type":"article","og_title":"Ve\u010der v M\u00fazeu dopravy - Pova\u017esk\u00e9 m\u00fazeum","og_description":"Str\u00e1vte ve\u010der v\u00a0M\u00fazeu dopravy v\u00a0Rajeck\u00fdch Tepliciach! Pova\u017esk\u00e9 m\u00fazeum poz\u00fdva v\u00a0sobotu 11. novembra na \u0161peci\u00e1lnu ve\u010dern\u00fa prehliadku, ktor\u00e1 odhal\u00ed expoz\u00edciu pod r\u00fa\u0161kom tmy. \u201eNa tak\u00fdto typ prehliadky boli v\u00a0minulosti pozit\u00edvne ohlasy, preto sme sa rozhodli ju zopakova\u0165. N\u00e1v\u0161tevn\u00edci uvidia modelov\u00e9 ko\u013eajisko aj v\u0161etky ostatn\u00e9 expon\u00e1ty len pri ve\u010dernom osvetlen\u00ed. Modelov\u00e9 vl\u00e1\u010diky bud\u00fa po\u010das prehliadky simulova\u0165 re\u00e1lnu [&hellip;]","og_url":"https:\/\/pmza.sk\/?p=58815","og_site_name":"Pova\u017esk\u00e9 m\u00fazeum","article_publisher":"https:\/\/www.facebook.com\/povazskemuzeum","article_published_time":"2023-10-27T09:31:53+00:00","article_modified_time":"2023-11-13T05:53:52+00:00","og_image":[{"width":2560,"height":2560,"url":"https:\/\/pmza.sk\/wp-content\/uploads\/2023\/10\/Vecer_v_Muzeu23_web-scaled.jpg","type":"image\/jpeg"}],"author":"Pova\u017esk\u00e9 m\u00fazeum","twitter_card":"summary_large_image","twitter_misc":{"Autor":"Pova\u017esk\u00e9 m\u00fazeum","Predpokladan\u00fd \u010das \u010d\u00edtania":"1 min\u00fata"},"schema":{"@context":"https:\/\/schema.org","@graph":[{"@type":"Article","@id":"https:\/\/pmza.sk\/?p=58815#article","isPartOf":{"@id":"https:\/\/pmza.sk\/?p=58815"},"author":{"name":"Pova\u017esk\u00e9 m\u00fazeum","@id":"https:\/\/pmza.sk\/#\/schema\/person\/595e6a2ce731ea94dcd5d7f50a41ae33"},"headline":"Ve\u010der v M\u00fazeu dopravy","datePublished":"2023-10-27T09:31:53+00:00","dateModified":"2023-11-13T05:53:52+00:00","mainEntityOfPage":{"@id":"https:\/\/pmza.sk\/?p=58815"},"wordCount":241,"commentCount":0,"publisher":{"@id":"https:\/\/pmza.sk\/#organization"},"image":{"@id":"https:\/\/pmza.sk\/?p=58815#primaryimage"},"thumbnailUrl":"https:\/\/pmza.sk\/wp-content\/uploads\/2023\/10\/Vecer_v_Muzeu23_web-scaled.jpg","articleSection":["Podujatia"],"inLanguage":"sk-SK"},{"@type":"WebPage","@id":"https:\/\/pmza.sk\/?p=58815","url":"https:\/\/pmza.sk\/?p=58815","name":"Ve\u010der v M\u00fazeu dopravy - Pova\u017esk\u00e9 m\u00fazeum","isPartOf":{"@id":"https:\/\/pmza.sk\/#website"},"primaryImageOfPage":{"@id":"https:\/\/pmza.sk\/?p=58815#primaryimage"},"image":{"@id":"https:\/\/pmza.sk\/?p=58815#primaryimage"},"thumbnailUrl":"https:\/\/pmza.sk\/wp-content\/uploads\/2023\/10\/Vecer_v_Muzeu23_web-scaled.jpg","datePublished":"2023-10-27T09:31:53+00:00","dateModified":"2023-11-13T05:53:52+00:00","breadcrumb":{"@id":"https:\/\/pmza.sk\/?p=58815#breadcrumb"},"inLanguage":"sk-SK","potentialAction":[{"@type":"ReadAction","target":["https:\/\/pmza.sk\/?p=58815"]}]},{"@type":"ImageObject","inLanguage":"sk-SK","@id":"https:\/\/pmza.sk\/?p=58815#primaryimage","url":"https:\/\/pmza.sk\/wp-content\/uploads\/2023\/10\/Vecer_v_Muzeu23_web-scaled.jpg","contentUrl":"https:\/\/pmza.sk\/wp-content\/uploads\/2023\/10\/Vecer_v_Muzeu23_web-scaled.jpg","width":2560,"height":2560},{"@type":"BreadcrumbList","@id":"https:\/\/pmza.sk\/?p=58815#breadcrumb","itemListElement":[{"@type":"ListItem","position":1,"name":"Domovsk\u00e1 str\u00e1nka","item":"https:\/\/pmza.sk\/"},{"@type":"ListItem","position":2,"name":"Ve\u010der v M\u00fazeu dopravy"}]},{"@type":"WebSite","@id":"https:\/\/pmza.sk\/#website","url":"https:\/\/pmza.sk\/","name":"Pova\u017esk\u00e9 m\u00fazeum","description":"Pova\u017esk\u00e9 m\u00fazeum v \u017diline je region\u00e1lne m\u00fazeum so s\u00eddlom v Budat\u00edne. Jeho expoz\u00edcie s\u00fa zameran\u00e9 na dejiny slovensk\u00e9ho umenia, kult\u00fary a dopravy.","publisher":{"@id":"https:\/\/pmza.sk\/#organization"},"potentialAction":[{"@type":"SearchAction","target":{"@type":"EntryPoint","urlTemplate":"https:\/\/pmza.sk\/?s={search_term_string}"},"query-input":{"@type":"PropertyValueSpecification","valueRequired":true,"valueName":"search_term_string"}}],"inLanguage":"sk-SK"},{"@type":"Organization","@id":"https:\/\/pmza.sk\/#organization","name":"Pova\u017esk\u00e9 m\u00fazeum","url":"https:\/\/pmza.sk\/","logo":{"@type":"ImageObject","inLanguage":"sk-SK","@id":"https:\/\/pmza.sk\/#\/schema\/logo\/image\/","url":"https:\/\/pmza.sk\/wp-content\/uploads\/2022\/01\/logo_PM_horizontal.jpg","contentUrl":"https:\/\/pmza.sk\/wp-content\/uploads\/2022\/01\/logo_PM_horizontal.jpg","width":231,"height":142,"caption":"Pova\u017esk\u00e9 m\u00fazeum"},"image":{"@id":"https:\/\/pmza.sk\/#\/schema\/logo\/image\/"},"sameAs":["https:\/\/www.facebook.com\/povazskemuzeum","https:\/\/www.instagram.com\/povazskemuzeum\/"]},{"@type":"Person","@id":"https:\/\/pmza.sk\/#\/schema\/person\/595e6a2ce731ea94dcd5d7f50a41ae33","name":"Pova\u017esk\u00e9 m\u00fazeum","image":{"@type":"ImageObject","inLanguage":"sk-SK","@id":"https:\/\/secure.gravatar.com\/avatar\/2bb7f1561282132fb5826dfeccc66c7996d11ee392ac6aaf7ced8a1c2027fbb2?s=96&d=mm&r=g","url":"https:\/\/secure.gravatar.com\/avatar\/2bb7f1561282132fb5826dfeccc66c7996d11ee392ac6aaf7ced8a1c2027fbb2?s=96&d=mm&r=g","contentUrl":"https:\/\/secure.gravatar.com\/avatar\/2bb7f1561282132fb5826dfeccc66c7996d11ee392ac6aaf7ced8a1c2027fbb2?s=96&d=mm&r=g","caption":"Pova\u017esk\u00e9 m\u00fazeum"}}]}},"_links":{"self":[{"href":"https:\/\/pmza.sk\/index.php?rest_route=\/wp\/v2\/posts\/58815","targetHints":{"allow":["GET"]}}],"collection":[{"href":"https:\/\/pmza.sk\/index.php?rest_route=\/wp\/v2\/posts"}],"about":[{"href":"https:\/\/pmza.sk\/index.php?rest_route=\/wp\/v2\/types\/post"}],"author":[{"embeddable":true,"href":"https:\/\/pmza.sk\/index.php?rest_route=\/wp\/v2\/users\/2"}],"replies":[{"embeddable":true,"href":"https:\/\/pmza.sk\/index.php?rest_route=%2Fwp%2Fv2%2Fcomments&post=58815"}],"version-history":[{"count":0,"href":"https:\/\/pmza.sk\/index.php?rest_route=\/wp\/v2\/posts\/58815\/revisions"}],"wp:featuredmedia":[{"embeddable":true,"href":"https:\/\/pmza.sk\/index.php?rest_route=\/wp\/v2\/media\/58819"}],"wp:attachment":[{"href":"https:\/\/pmza.sk\/index.php?rest_route=%2Fwp%2Fv2%2Fmedia&parent=58815"}],"wp:term":[{"taxonomy":"category","embeddable":true,"href":"https:\/\/pmza.sk\/index.php?rest_route=%2Fwp%2Fv2%2Fcategories&post=58815"},{"taxonomy":"post_tag","embeddable":true,"href":"https:\/\/pmza.sk\/index.php?rest_route=%2Fwp%2Fv2%2Ftags&post=58815"}],"curies":[{"name":"wp","href":"https:\/\/api.w.org\/{rel}","templated":true}]}}