{"id":58956,"date":"2023-11-07T07:09:31","date_gmt":"2023-11-07T06:09:31","guid":{"rendered":"https:\/\/pmza.sk\/?p=58956"},"modified":"2023-11-23T07:03:04","modified_gmt":"2023-11-23T06:03:04","slug":"30-vyrocie-slovenskej-republiky","status":"publish","type":"post","link":"https:\/\/pmza.sk\/?p=58956","title":{"rendered":"30. v\u00fdro\u010die Slovenskej republiky"},"content":{"rendered":"<p>Historick\u00e1 predn\u00e1\u0161ka s na\u0161ou m\u00fazejnou pedagogi\u010dkou Katar\u00ednou Dadl\u00edkovou, \u017eiakom a\u00a0\u0161tudentom pribl\u00ed\u017ei tri desa\u0165ro\u010dia existencie samostatnej Slovenskej republiky, s\u00a0oh\u013eadom na najv\u00fdznamnej\u0161ie osobnosti a\u00a0udalosti, ktor\u00e9 formovali nov\u00fd \u0161t\u00e1t. Politick\u00e9, ekonomick\u00e9 a spolo\u010densk\u00e9 s\u00favislosti dov\u0155\u0161enia \u0161t\u00e1totvorn\u00e9ho procesu na\u0161ej republiky. Predn\u00e1\u0161ka je ur\u010den\u00e1 \u017eiakom 2. stup\u0148a z\u00e1kladn\u00fdch \u0161k\u00f4l a\u00a0stredn\u00fdch \u0161k\u00f4l, pr\u00edpadne verejnosti.<\/p>\n<p>Cena 2 \u20ac\/osoba (pedagogick\u00fd dozor zadarmo). Trvanie cca 60 min\u00fat.<\/p>\n<p>Nutn\u00e9 vopred sa objedna\u0165 telefonicky 0917 598\u00a0905 alebo e-mailom sobasnypalac@pmza.sk.<\/p>\n<div class=\"wp-block-image\"><img fetchpriority=\"high\" decoding=\"async\" class=\"alignnone size-medium wp-image-58957\" src=\"https:\/\/pmza.sk\/wp-content\/uploads\/2023\/11\/30_vyrocie_SR_K2-255x360.jpg\" alt=\"\" width=\"255\" height=\"360\" srcset=\"https:\/\/pmza.sk\/wp-content\/uploads\/2023\/11\/30_vyrocie_SR_K2-255x360.jpg 255w, https:\/\/pmza.sk\/wp-content\/uploads\/2023\/11\/30_vyrocie_SR_K2-520x736.jpg 520w, https:\/\/pmza.sk\/wp-content\/uploads\/2023\/11\/30_vyrocie_SR_K2-768x1086.jpg 768w, https:\/\/pmza.sk\/wp-content\/uploads\/2023\/11\/30_vyrocie_SR_K2-1086x1536.jpg 1086w, https:\/\/pmza.sk\/wp-content\/uploads\/2023\/11\/30_vyrocie_SR_K2-1448x2048.jpg 1448w, https:\/\/pmza.sk\/wp-content\/uploads\/2023\/11\/30_vyrocie_SR_K2-600x849.jpg 600w, https:\/\/pmza.sk\/wp-content\/uploads\/2023\/11\/30_vyrocie_SR_K2-scaled.jpg 1810w\" sizes=\"(max-width: 255px) 100vw, 255px\" \/><\/div>\n<div>Plag\u00e1t v plnej ve\u013ekosti <a href=\"https:\/\/pmza.sk\/wp-content\/uploads\/2023\/11\/30_vyrocie_SR_K2.pdf\">TU<\/a><\/div>\n","protected":false},"excerpt":{"rendered":"<p>Historick\u00e1 predn\u00e1\u0161ka s na\u0161ou m\u00fazejnou pedagogi\u010dkou Katar\u00ednou Dadl\u00edkovou, \u017eiakom a\u00a0\u0161tudentom pribl\u00ed\u017ei tri desa\u0165ro\u010dia existencie samostatnej Slovenskej republiky, s\u00a0oh\u013eadom na najv\u00fdznamnej\u0161ie osobnosti a\u00a0udalosti, ktor\u00e9 formovali nov\u00fd \u0161t\u00e1t. Politick\u00e9, ekonomick\u00e9 a spolo\u010densk\u00e9 s\u00favislosti dov\u0155\u0161enia \u0161t\u00e1totvorn\u00e9ho procesu na\u0161ej republiky. Predn\u00e1\u0161ka je ur\u010den\u00e1 \u017eiakom 2. stup\u0148a z\u00e1kladn\u00fdch \u0161k\u00f4l a\u00a0stredn\u00fdch \u0161k\u00f4l, pr\u00edpadne verejnosti. Cena 2 \u20ac\/osoba (pedagogick\u00fd dozor zadarmo). Trvanie [&hellip;]<\/p>\n","protected":false},"author":2,"featured_media":58959,"comment_status":"open","ping_status":"open","sticky":false,"template":"","format":"standard","meta":{"site-sidebar-layout":"default","site-content-layout":"default","ast-site-content-layout":"","site-content-style":"default","site-sidebar-style":"default","ast-global-header-display":"","ast-banner-title-visibility":"","ast-main-header-display":"","ast-hfb-above-header-display":"","ast-hfb-below-header-display":"","ast-hfb-mobile-header-display":"","site-post-title":"","ast-breadcrumbs-content":"","ast-featured-img":"","footer-sml-layout":"","theme-transparent-header-meta":"default","adv-header-id-meta":"","stick-header-meta":"default","header-above-stick-meta":"","header-main-stick-meta":"","header-below-stick-meta":"","astra-migrate-meta-layouts":"default","ast-page-background-enabled":"default","ast-page-background-meta":{"desktop":{"background-color":"var(--ast-global-color-4)","background-image":"","background-repeat":"repeat","background-position":"center center","background-size":"auto","background-attachment":"scroll","background-type":"","background-media":"","overlay-type":"","overlay-color":"","overlay-opacity":"","overlay-gradient":""},"tablet":{"background-color":"","background-image":"","background-repeat":"repeat","background-position":"center center","background-size":"auto","background-attachment":"scroll","background-type":"","background-media":"","overlay-type":"","overlay-color":"","overlay-opacity":"","overlay-gradient":""},"mobile":{"background-color":"","background-image":"","background-repeat":"repeat","background-position":"center center","background-size":"auto","background-attachment":"scroll","background-type":"","background-media":"","overlay-type":"","overlay-color":"","overlay-opacity":"","overlay-gradient":""}},"ast-content-background-meta":{"desktop":{"background-color":"var(--ast-global-color-5)","background-image":"","background-repeat":"repeat","background-position":"center center","background-size":"auto","background-attachment":"scroll","background-type":"","background-media":"","overlay-type":"","overlay-color":"","overlay-opacity":"","overlay-gradient":""},"tablet":{"background-color":"var(--ast-global-color-5)","background-image":"","background-repeat":"repeat","background-position":"center center","background-size":"auto","background-attachment":"scroll","background-type":"","background-media":"","overlay-type":"","overlay-color":"","overlay-opacity":"","overlay-gradient":""},"mobile":{"background-color":"var(--ast-global-color-5)","background-image":"","background-repeat":"repeat","background-position":"center center","background-size":"auto","background-attachment":"scroll","background-type":"","background-media":"","overlay-type":"","overlay-color":"","overlay-opacity":"","overlay-gradient":""}},"footnotes":""},"categories":[71],"tags":[],"class_list":["post-58956","post","type-post","status-publish","format-standard","has-post-thumbnail","hentry","category-podujatia"],"yoast_head":"<!-- This site is optimized with the Yoast SEO plugin v27.4 - https:\/\/yoast.com\/product\/yoast-seo-wordpress\/ -->\n<title>30. v\u00fdro\u010die Slovenskej republiky - Pova\u017esk\u00e9 m\u00fazeum<\/title>\n<meta name=\"robots\" content=\"index, follow, max-snippet:-1, max-image-preview:large, max-video-preview:-1\" \/>\n<link rel=\"canonical\" href=\"https:\/\/pmza.sk\/?p=58956\" \/>\n<meta property=\"og:locale\" content=\"sk_SK\" \/>\n<meta property=\"og:type\" content=\"article\" \/>\n<meta property=\"og:title\" content=\"30. v\u00fdro\u010die Slovenskej republiky - Pova\u017esk\u00e9 m\u00fazeum\" \/>\n<meta property=\"og:description\" content=\"Historick\u00e1 predn\u00e1\u0161ka s na\u0161ou m\u00fazejnou pedagogi\u010dkou Katar\u00ednou Dadl\u00edkovou, \u017eiakom a\u00a0\u0161tudentom pribl\u00ed\u017ei tri desa\u0165ro\u010dia existencie samostatnej Slovenskej republiky, s\u00a0oh\u013eadom na najv\u00fdznamnej\u0161ie osobnosti a\u00a0udalosti, ktor\u00e9 formovali nov\u00fd \u0161t\u00e1t. Politick\u00e9, ekonomick\u00e9 a spolo\u010densk\u00e9 s\u00favislosti dov\u0155\u0161enia \u0161t\u00e1totvorn\u00e9ho procesu na\u0161ej republiky. Predn\u00e1\u0161ka je ur\u010den\u00e1 \u017eiakom 2. stup\u0148a z\u00e1kladn\u00fdch \u0161k\u00f4l a\u00a0stredn\u00fdch \u0161k\u00f4l, pr\u00edpadne verejnosti. Cena 2 \u20ac\/osoba (pedagogick\u00fd dozor zadarmo). Trvanie [&hellip;]\" \/>\n<meta property=\"og:url\" content=\"https:\/\/pmza.sk\/?p=58956\" \/>\n<meta property=\"og:site_name\" content=\"Pova\u017esk\u00e9 m\u00fazeum\" \/>\n<meta property=\"article:publisher\" content=\"https:\/\/www.facebook.com\/povazskemuzeum\" \/>\n<meta property=\"article:published_time\" content=\"2023-11-07T06:09:31+00:00\" \/>\n<meta property=\"article:modified_time\" content=\"2023-11-23T06:03:04+00:00\" \/>\n<meta property=\"og:image\" content=\"https:\/\/pmza.sk\/wp-content\/uploads\/2023\/11\/30_vyrocie_SR_web-scaled.jpg\" \/>\n\t<meta property=\"og:image:width\" content=\"2560\" \/>\n\t<meta property=\"og:image:height\" content=\"2560\" \/>\n\t<meta property=\"og:image:type\" content=\"image\/jpeg\" \/>\n<meta name=\"author\" content=\"Pova\u017esk\u00e9 m\u00fazeum\" \/>\n<meta name=\"twitter:card\" content=\"summary_large_image\" \/>\n<meta name=\"twitter:label1\" content=\"Autor\" \/>\n\t<meta name=\"twitter:data1\" content=\"Pova\u017esk\u00e9 m\u00fazeum\" \/>\n\t<meta name=\"twitter:label2\" content=\"Predpokladan\u00fd \u010das \u010d\u00edtania\" \/>\n\t<meta name=\"twitter:data2\" content=\"1 min\u00fata\" \/>\n<script type=\"application\/ld+json\" class=\"yoast-schema-graph\">{\"@context\":\"https:\\\/\\\/schema.org\",\"@graph\":[{\"@type\":\"Article\",\"@id\":\"https:\\\/\\\/pmza.sk\\\/?p=58956#article\",\"isPartOf\":{\"@id\":\"https:\\\/\\\/pmza.sk\\\/?p=58956\"},\"author\":{\"name\":\"Pova\u017esk\u00e9 m\u00fazeum\",\"@id\":\"https:\\\/\\\/pmza.sk\\\/#\\\/schema\\\/person\\\/595e6a2ce731ea94dcd5d7f50a41ae33\"},\"headline\":\"30. v\u00fdro\u010die Slovenskej republiky\",\"datePublished\":\"2023-11-07T06:09:31+00:00\",\"dateModified\":\"2023-11-23T06:03:04+00:00\",\"mainEntityOfPage\":{\"@id\":\"https:\\\/\\\/pmza.sk\\\/?p=58956\"},\"wordCount\":110,\"commentCount\":0,\"publisher\":{\"@id\":\"https:\\\/\\\/pmza.sk\\\/#organization\"},\"image\":{\"@id\":\"https:\\\/\\\/pmza.sk\\\/?p=58956#primaryimage\"},\"thumbnailUrl\":\"https:\\\/\\\/pmza.sk\\\/wp-content\\\/uploads\\\/2023\\\/11\\\/30_vyrocie_SR_web-scaled.jpg\",\"articleSection\":[\"Podujatia\"],\"inLanguage\":\"sk-SK\"},{\"@type\":\"WebPage\",\"@id\":\"https:\\\/\\\/pmza.sk\\\/?p=58956\",\"url\":\"https:\\\/\\\/pmza.sk\\\/?p=58956\",\"name\":\"30. v\u00fdro\u010die Slovenskej republiky - Pova\u017esk\u00e9 m\u00fazeum\",\"isPartOf\":{\"@id\":\"https:\\\/\\\/pmza.sk\\\/#website\"},\"primaryImageOfPage\":{\"@id\":\"https:\\\/\\\/pmza.sk\\\/?p=58956#primaryimage\"},\"image\":{\"@id\":\"https:\\\/\\\/pmza.sk\\\/?p=58956#primaryimage\"},\"thumbnailUrl\":\"https:\\\/\\\/pmza.sk\\\/wp-content\\\/uploads\\\/2023\\\/11\\\/30_vyrocie_SR_web-scaled.jpg\",\"datePublished\":\"2023-11-07T06:09:31+00:00\",\"dateModified\":\"2023-11-23T06:03:04+00:00\",\"breadcrumb\":{\"@id\":\"https:\\\/\\\/pmza.sk\\\/?p=58956#breadcrumb\"},\"inLanguage\":\"sk-SK\",\"potentialAction\":[{\"@type\":\"ReadAction\",\"target\":[\"https:\\\/\\\/pmza.sk\\\/?p=58956\"]}]},{\"@type\":\"ImageObject\",\"inLanguage\":\"sk-SK\",\"@id\":\"https:\\\/\\\/pmza.sk\\\/?p=58956#primaryimage\",\"url\":\"https:\\\/\\\/pmza.sk\\\/wp-content\\\/uploads\\\/2023\\\/11\\\/30_vyrocie_SR_web-scaled.jpg\",\"contentUrl\":\"https:\\\/\\\/pmza.sk\\\/wp-content\\\/uploads\\\/2023\\\/11\\\/30_vyrocie_SR_web-scaled.jpg\",\"width\":2560,\"height\":2560},{\"@type\":\"BreadcrumbList\",\"@id\":\"https:\\\/\\\/pmza.sk\\\/?p=58956#breadcrumb\",\"itemListElement\":[{\"@type\":\"ListItem\",\"position\":1,\"name\":\"Domovsk\u00e1 str\u00e1nka\",\"item\":\"https:\\\/\\\/pmza.sk\\\/\"},{\"@type\":\"ListItem\",\"position\":2,\"name\":\"30. v\u00fdro\u010die Slovenskej republiky\"}]},{\"@type\":\"WebSite\",\"@id\":\"https:\\\/\\\/pmza.sk\\\/#website\",\"url\":\"https:\\\/\\\/pmza.sk\\\/\",\"name\":\"Pova\u017esk\u00e9 m\u00fazeum\",\"description\":\"Pova\u017esk\u00e9 m\u00fazeum v \u017diline je region\u00e1lne m\u00fazeum so s\u00eddlom v Budat\u00edne. Jeho expoz\u00edcie s\u00fa zameran\u00e9 na dejiny slovensk\u00e9ho umenia, kult\u00fary a dopravy.\",\"publisher\":{\"@id\":\"https:\\\/\\\/pmza.sk\\\/#organization\"},\"potentialAction\":[{\"@type\":\"SearchAction\",\"target\":{\"@type\":\"EntryPoint\",\"urlTemplate\":\"https:\\\/\\\/pmza.sk\\\/?s={search_term_string}\"},\"query-input\":{\"@type\":\"PropertyValueSpecification\",\"valueRequired\":true,\"valueName\":\"search_term_string\"}}],\"inLanguage\":\"sk-SK\"},{\"@type\":\"Organization\",\"@id\":\"https:\\\/\\\/pmza.sk\\\/#organization\",\"name\":\"Pova\u017esk\u00e9 m\u00fazeum\",\"url\":\"https:\\\/\\\/pmza.sk\\\/\",\"logo\":{\"@type\":\"ImageObject\",\"inLanguage\":\"sk-SK\",\"@id\":\"https:\\\/\\\/pmza.sk\\\/#\\\/schema\\\/logo\\\/image\\\/\",\"url\":\"https:\\\/\\\/pmza.sk\\\/wp-content\\\/uploads\\\/2022\\\/01\\\/logo_PM_horizontal.jpg\",\"contentUrl\":\"https:\\\/\\\/pmza.sk\\\/wp-content\\\/uploads\\\/2022\\\/01\\\/logo_PM_horizontal.jpg\",\"width\":231,\"height\":142,\"caption\":\"Pova\u017esk\u00e9 m\u00fazeum\"},\"image\":{\"@id\":\"https:\\\/\\\/pmza.sk\\\/#\\\/schema\\\/logo\\\/image\\\/\"},\"sameAs\":[\"https:\\\/\\\/www.facebook.com\\\/povazskemuzeum\",\"https:\\\/\\\/www.instagram.com\\\/povazskemuzeum\\\/\"]},{\"@type\":\"Person\",\"@id\":\"https:\\\/\\\/pmza.sk\\\/#\\\/schema\\\/person\\\/595e6a2ce731ea94dcd5d7f50a41ae33\",\"name\":\"Pova\u017esk\u00e9 m\u00fazeum\",\"image\":{\"@type\":\"ImageObject\",\"inLanguage\":\"sk-SK\",\"@id\":\"https:\\\/\\\/secure.gravatar.com\\\/avatar\\\/2bb7f1561282132fb5826dfeccc66c7996d11ee392ac6aaf7ced8a1c2027fbb2?s=96&d=mm&r=g\",\"url\":\"https:\\\/\\\/secure.gravatar.com\\\/avatar\\\/2bb7f1561282132fb5826dfeccc66c7996d11ee392ac6aaf7ced8a1c2027fbb2?s=96&d=mm&r=g\",\"contentUrl\":\"https:\\\/\\\/secure.gravatar.com\\\/avatar\\\/2bb7f1561282132fb5826dfeccc66c7996d11ee392ac6aaf7ced8a1c2027fbb2?s=96&d=mm&r=g\",\"caption\":\"Pova\u017esk\u00e9 m\u00fazeum\"}}]}<\/script>\n<!-- \/ Yoast SEO plugin. -->","yoast_head_json":{"title":"30. v\u00fdro\u010die Slovenskej republiky - Pova\u017esk\u00e9 m\u00fazeum","robots":{"index":"index","follow":"follow","max-snippet":"max-snippet:-1","max-image-preview":"max-image-preview:large","max-video-preview":"max-video-preview:-1"},"canonical":"https:\/\/pmza.sk\/?p=58956","og_locale":"sk_SK","og_type":"article","og_title":"30. v\u00fdro\u010die Slovenskej republiky - Pova\u017esk\u00e9 m\u00fazeum","og_description":"Historick\u00e1 predn\u00e1\u0161ka s na\u0161ou m\u00fazejnou pedagogi\u010dkou Katar\u00ednou Dadl\u00edkovou, \u017eiakom a\u00a0\u0161tudentom pribl\u00ed\u017ei tri desa\u0165ro\u010dia existencie samostatnej Slovenskej republiky, s\u00a0oh\u013eadom na najv\u00fdznamnej\u0161ie osobnosti a\u00a0udalosti, ktor\u00e9 formovali nov\u00fd \u0161t\u00e1t. Politick\u00e9, ekonomick\u00e9 a spolo\u010densk\u00e9 s\u00favislosti dov\u0155\u0161enia \u0161t\u00e1totvorn\u00e9ho procesu na\u0161ej republiky. Predn\u00e1\u0161ka je ur\u010den\u00e1 \u017eiakom 2. stup\u0148a z\u00e1kladn\u00fdch \u0161k\u00f4l a\u00a0stredn\u00fdch \u0161k\u00f4l, pr\u00edpadne verejnosti. Cena 2 \u20ac\/osoba (pedagogick\u00fd dozor zadarmo). Trvanie [&hellip;]","og_url":"https:\/\/pmza.sk\/?p=58956","og_site_name":"Pova\u017esk\u00e9 m\u00fazeum","article_publisher":"https:\/\/www.facebook.com\/povazskemuzeum","article_published_time":"2023-11-07T06:09:31+00:00","article_modified_time":"2023-11-23T06:03:04+00:00","og_image":[{"width":2560,"height":2560,"url":"https:\/\/pmza.sk\/wp-content\/uploads\/2023\/11\/30_vyrocie_SR_web-scaled.jpg","type":"image\/jpeg"}],"author":"Pova\u017esk\u00e9 m\u00fazeum","twitter_card":"summary_large_image","twitter_misc":{"Autor":"Pova\u017esk\u00e9 m\u00fazeum","Predpokladan\u00fd \u010das \u010d\u00edtania":"1 min\u00fata"},"schema":{"@context":"https:\/\/schema.org","@graph":[{"@type":"Article","@id":"https:\/\/pmza.sk\/?p=58956#article","isPartOf":{"@id":"https:\/\/pmza.sk\/?p=58956"},"author":{"name":"Pova\u017esk\u00e9 m\u00fazeum","@id":"https:\/\/pmza.sk\/#\/schema\/person\/595e6a2ce731ea94dcd5d7f50a41ae33"},"headline":"30. v\u00fdro\u010die Slovenskej republiky","datePublished":"2023-11-07T06:09:31+00:00","dateModified":"2023-11-23T06:03:04+00:00","mainEntityOfPage":{"@id":"https:\/\/pmza.sk\/?p=58956"},"wordCount":110,"commentCount":0,"publisher":{"@id":"https:\/\/pmza.sk\/#organization"},"image":{"@id":"https:\/\/pmza.sk\/?p=58956#primaryimage"},"thumbnailUrl":"https:\/\/pmza.sk\/wp-content\/uploads\/2023\/11\/30_vyrocie_SR_web-scaled.jpg","articleSection":["Podujatia"],"inLanguage":"sk-SK"},{"@type":"WebPage","@id":"https:\/\/pmza.sk\/?p=58956","url":"https:\/\/pmza.sk\/?p=58956","name":"30. v\u00fdro\u010die Slovenskej republiky - Pova\u017esk\u00e9 m\u00fazeum","isPartOf":{"@id":"https:\/\/pmza.sk\/#website"},"primaryImageOfPage":{"@id":"https:\/\/pmza.sk\/?p=58956#primaryimage"},"image":{"@id":"https:\/\/pmza.sk\/?p=58956#primaryimage"},"thumbnailUrl":"https:\/\/pmza.sk\/wp-content\/uploads\/2023\/11\/30_vyrocie_SR_web-scaled.jpg","datePublished":"2023-11-07T06:09:31+00:00","dateModified":"2023-11-23T06:03:04+00:00","breadcrumb":{"@id":"https:\/\/pmza.sk\/?p=58956#breadcrumb"},"inLanguage":"sk-SK","potentialAction":[{"@type":"ReadAction","target":["https:\/\/pmza.sk\/?p=58956"]}]},{"@type":"ImageObject","inLanguage":"sk-SK","@id":"https:\/\/pmza.sk\/?p=58956#primaryimage","url":"https:\/\/pmza.sk\/wp-content\/uploads\/2023\/11\/30_vyrocie_SR_web-scaled.jpg","contentUrl":"https:\/\/pmza.sk\/wp-content\/uploads\/2023\/11\/30_vyrocie_SR_web-scaled.jpg","width":2560,"height":2560},{"@type":"BreadcrumbList","@id":"https:\/\/pmza.sk\/?p=58956#breadcrumb","itemListElement":[{"@type":"ListItem","position":1,"name":"Domovsk\u00e1 str\u00e1nka","item":"https:\/\/pmza.sk\/"},{"@type":"ListItem","position":2,"name":"30. v\u00fdro\u010die Slovenskej republiky"}]},{"@type":"WebSite","@id":"https:\/\/pmza.sk\/#website","url":"https:\/\/pmza.sk\/","name":"Pova\u017esk\u00e9 m\u00fazeum","description":"Pova\u017esk\u00e9 m\u00fazeum v \u017diline je region\u00e1lne m\u00fazeum so s\u00eddlom v Budat\u00edne. Jeho expoz\u00edcie s\u00fa zameran\u00e9 na dejiny slovensk\u00e9ho umenia, kult\u00fary a dopravy.","publisher":{"@id":"https:\/\/pmza.sk\/#organization"},"potentialAction":[{"@type":"SearchAction","target":{"@type":"EntryPoint","urlTemplate":"https:\/\/pmza.sk\/?s={search_term_string}"},"query-input":{"@type":"PropertyValueSpecification","valueRequired":true,"valueName":"search_term_string"}}],"inLanguage":"sk-SK"},{"@type":"Organization","@id":"https:\/\/pmza.sk\/#organization","name":"Pova\u017esk\u00e9 m\u00fazeum","url":"https:\/\/pmza.sk\/","logo":{"@type":"ImageObject","inLanguage":"sk-SK","@id":"https:\/\/pmza.sk\/#\/schema\/logo\/image\/","url":"https:\/\/pmza.sk\/wp-content\/uploads\/2022\/01\/logo_PM_horizontal.jpg","contentUrl":"https:\/\/pmza.sk\/wp-content\/uploads\/2022\/01\/logo_PM_horizontal.jpg","width":231,"height":142,"caption":"Pova\u017esk\u00e9 m\u00fazeum"},"image":{"@id":"https:\/\/pmza.sk\/#\/schema\/logo\/image\/"},"sameAs":["https:\/\/www.facebook.com\/povazskemuzeum","https:\/\/www.instagram.com\/povazskemuzeum\/"]},{"@type":"Person","@id":"https:\/\/pmza.sk\/#\/schema\/person\/595e6a2ce731ea94dcd5d7f50a41ae33","name":"Pova\u017esk\u00e9 m\u00fazeum","image":{"@type":"ImageObject","inLanguage":"sk-SK","@id":"https:\/\/secure.gravatar.com\/avatar\/2bb7f1561282132fb5826dfeccc66c7996d11ee392ac6aaf7ced8a1c2027fbb2?s=96&d=mm&r=g","url":"https:\/\/secure.gravatar.com\/avatar\/2bb7f1561282132fb5826dfeccc66c7996d11ee392ac6aaf7ced8a1c2027fbb2?s=96&d=mm&r=g","contentUrl":"https:\/\/secure.gravatar.com\/avatar\/2bb7f1561282132fb5826dfeccc66c7996d11ee392ac6aaf7ced8a1c2027fbb2?s=96&d=mm&r=g","caption":"Pova\u017esk\u00e9 m\u00fazeum"}}]}},"_links":{"self":[{"href":"https:\/\/pmza.sk\/index.php?rest_route=\/wp\/v2\/posts\/58956","targetHints":{"allow":["GET"]}}],"collection":[{"href":"https:\/\/pmza.sk\/index.php?rest_route=\/wp\/v2\/posts"}],"about":[{"href":"https:\/\/pmza.sk\/index.php?rest_route=\/wp\/v2\/types\/post"}],"author":[{"embeddable":true,"href":"https:\/\/pmza.sk\/index.php?rest_route=\/wp\/v2\/users\/2"}],"replies":[{"embeddable":true,"href":"https:\/\/pmza.sk\/index.php?rest_route=%2Fwp%2Fv2%2Fcomments&post=58956"}],"version-history":[{"count":0,"href":"https:\/\/pmza.sk\/index.php?rest_route=\/wp\/v2\/posts\/58956\/revisions"}],"wp:featuredmedia":[{"embeddable":true,"href":"https:\/\/pmza.sk\/index.php?rest_route=\/wp\/v2\/media\/58959"}],"wp:attachment":[{"href":"https:\/\/pmza.sk\/index.php?rest_route=%2Fwp%2Fv2%2Fmedia&parent=58956"}],"wp:term":[{"taxonomy":"category","embeddable":true,"href":"https:\/\/pmza.sk\/index.php?rest_route=%2Fwp%2Fv2%2Fcategories&post=58956"},{"taxonomy":"post_tag","embeddable":true,"href":"https:\/\/pmza.sk\/index.php?rest_route=%2Fwp%2Fv2%2Ftags&post=58956"}],"curies":[{"name":"wp","href":"https:\/\/api.w.org\/{rel}","templated":true}]}}