{"id":5910,"date":"2012-07-11T14:00:22","date_gmt":"2012-07-11T12:00:22","guid":{"rendered":"https:\/\/pmza.sk.sk\/?p=5910"},"modified":"2012-07-11T14:00:22","modified_gmt":"2012-07-11T12:00:22","slug":"strasenie-na-hrade-pokracuje-s-vlkodlakom-na-mliecnej-ceste","status":"publish","type":"post","link":"https:\/\/pmza.sk\/?p=5910","title":{"rendered":"Stra\u0161enie na hrade pokra\u010duje s Vlkodlakom na Mlie\u010dnej ceste"},"content":{"rendered":"<p><strong> <\/strong><\/p>\n<p><strong> <\/strong><a href=\"https:\/\/pmza.sk\/wp-content\/uploads\/2012\/07\/pozorovanie-oblohy-2011.jpg\"><img fetchpriority=\"high\" decoding=\"async\" class=\"alignleft size-medium wp-image-5911\" style=\"margin: 4px; border: 2px solid black;\" title=\"pozorovanie oblohy 2011\" src=\"https:\/\/pmza.sk.sk\/wp-content\/uploads\/2012\/07\/pozorovanie-oblohy-2011-300x200.jpg\" alt=\"\" width=\"300\" height=\"200\" \/><\/a><\/p>\n<p>Po \u00faspe\u0161nom prvej stra\u0161idelnej no\u010dnej prehliadke hradu Stre\u010dno Pova\u017esk\u00e9 m\u00fazeum v\u00a0\u017diline, pripravilo \u010fal\u0161ie pokra\u010dovanie podujatia, zn\u00e1mej\u0161ieho ako <strong>Duchovia, elfovia, stre\u010dniansky des. <\/strong>Tento kr\u00e1t, v\u00a0piatok 20. j\u00fala 2012 bude \u00fastrednou postavou stredovek\u00e1 m\u00fdtick\u00e1 bytos\u0165, ktor\u00e1 je \u010dasto prezentovan\u00e1 ako \u010dlovek s\u00a0nadprirodzen\u00fdmi schopnos\u0165ami, a\u00a0ktor\u00e1 sa za splnu mesiaca zmen\u00ed na zviera podobn\u00e9 vlkovi, nezranite\u013en\u00e9 v\u010faka regener\u00e1cii, a\u00a0na ktor\u00e9 p\u00f4sobia len niektor\u00e9 zbrane, naj\u010dastej\u0161ie ohe\u0148 a\u00a0striebro. \u201e <em>Pravideln\u00ed n\u00e1v\u0161tevn\u00edci no\u010dn\u00e9ho hradu ur\u010dite vedia, \u017ee sa m\u00f4\u017eu te\u0161i\u0165 na \u00fasmevn\u00fd pr\u00edbeh o\u00a0tajomnom\u00a0 tvorovi Vlkodlakovi, v\u00a0preveden\u00ed ob\u013e\u00faben\u00fdch \u017eilinsk\u00fdch hercov<\/em>,\u201c hovor\u00ed Boris Schubert, riadite\u013e Pova\u017esk\u00e9ho m\u00fazea v\u00a0\u017diline.<!--more--><\/p>\n<p>Hoci spln mesiaca v\u00a0piatok 20.j\u00fala 2012 e\u0161te nebude, tak ako minul\u00fd rok, bude v\u00a0pr\u00edpade priazniv\u00e9ho po\u010dasia pripraven\u00e1 mobiln\u00e1 hvezd\u00e1re\u0148, a\u00a0s \u0148ou pozorovanie oblohy. \u201e<em>V roku 2011 sme prv\u00fdkr\u00e1t za\u010dali spolupracova\u0165 na letn\u00fdch no\u010dn\u00fdch prehliadkach hradu. \u013dudia t\u00fato novinku priv\u00edtali. Pr\u00e1ve po\u010das augustov\u00e9ho desu bol enormn\u00fd z\u00e1ujem o\u00a0pozorovanie mesiaca, ktor\u00fd bol takmer v\u00a0splne. V\u00a0piatok 20. j\u00fala 2012, ak bude jasn\u00e9 po\u010dasie, sa m\u00f4\u017eu n\u00e1v\u0161tevn\u00edci te\u0161i\u0165 na pozorovanie letnej oblohy s\u00a0\u010das\u0165ou Mlie\u010dnej cesty a\u00a0zauj\u00edmav\u00fdch objektov v\u00a0nej. S\u00fa to najm\u00e4 hviezdokopy, planet\u00e1rne hmloviny, dvoj a\u00a0viacn\u00e1sobn\u00e9 hviezdne s\u00fastavy a\u00a0v\u00f4bec v\u0161etky objekty na oblohe, ktor\u00e9 dovid\u00ed n\u00e1\u0161 automatick\u00fd \u010falekoh\u013ead,<\/em> \u201c povedal Miroslav Zn\u00e1\u0161ik, riadite\u013e Pova\u017eskej hvezd\u00e1rne v\u00a0\u017diline.<\/p>\n<p>Nielen Vlkodlak, pozorovanie no\u010dnej oblohy, ale aj lapa\u010d bleskov, tajomn\u00fd stredovek\u00fd koncert a\u00a0uk\u00e1\u017eky v\u00fdcviku potkana Cypri\u00e1na, ktor\u00fd za\u010d\u00edna by\u0165 maskotom stre\u010dnianskeho desu, sa te\u0161ia na \u010fal\u0161iu no\u010dn\u00fa v\u00fdpravu hradom Stre\u010dno.<\/p>\n<p>Organiz\u00e1torom <strong>podujatia Duchovia, elfovia, stre\u010dniansky des v\u00a0piatok 20. j\u00fala 2012<\/strong> od 20,00 hod do 23,00 hod je \u017dilinsk\u00fd samospr\u00e1vny kraj, Pova\u017esk\u00e9 m\u00fazeum v\u00a0\u017diline a\u00a0Pova\u017esk\u00e1 hvezd\u00e1re\u0148 v\u00a0\u017diline.<\/p>\n","protected":false},"excerpt":{"rendered":"<p>Po \u00faspe\u0161nom prvej stra\u0161idelnej no\u010dnej prehliadke hradu Stre\u010dno Pova\u017esk\u00e9 m\u00fazeum v\u00a0\u017diline, pripravilo \u010fal\u0161ie pokra\u010dovanie podujatia, zn\u00e1mej\u0161ieho ako Duchovia, elfovia, stre\u010dniansky des. Tento kr\u00e1t, v\u00a0piatok 20. j\u00fala 2012 bude \u00fastrednou postavou stredovek\u00e1 m\u00fdtick\u00e1 bytos\u0165, ktor\u00e1 je \u010dasto prezentovan\u00e1 ako \u010dlovek s\u00a0nadprirodzen\u00fdmi schopnos\u0165ami, a\u00a0ktor\u00e1 sa za splnu mesiaca zmen\u00ed na zviera podobn\u00e9 vlkovi, nezranite\u013en\u00e9 v\u010faka regener\u00e1cii, a\u00a0na [&hellip;]<\/p>\n","protected":false},"author":2,"featured_media":0,"comment_status":"closed","ping_status":"closed","sticky":false,"template":"","format":"standard","meta":{"site-sidebar-layout":"default","site-content-layout":"","ast-site-content-layout":"","site-content-style":"default","site-sidebar-style":"default","ast-global-header-display":"","ast-banner-title-visibility":"","ast-main-header-display":"","ast-hfb-above-header-display":"","ast-hfb-below-header-display":"","ast-hfb-mobile-header-display":"","site-post-title":"","ast-breadcrumbs-content":"","ast-featured-img":"","footer-sml-layout":"","theme-transparent-header-meta":"","adv-header-id-meta":"","stick-header-meta":"","header-above-stick-meta":"","header-main-stick-meta":"","header-below-stick-meta":"","astra-migrate-meta-layouts":"default","ast-page-background-enabled":"default","ast-page-background-meta":{"desktop":{"background-color":"var(--ast-global-color-4)","background-image":"","background-repeat":"repeat","background-position":"center center","background-size":"auto","background-attachment":"scroll","background-type":"","background-media":"","overlay-type":"","overlay-color":"","overlay-opacity":"","overlay-gradient":""},"tablet":{"background-color":"","background-image":"","background-repeat":"repeat","background-position":"center center","background-size":"auto","background-attachment":"scroll","background-type":"","background-media":"","overlay-type":"","overlay-color":"","overlay-opacity":"","overlay-gradient":""},"mobile":{"background-color":"","background-image":"","background-repeat":"repeat","background-position":"center center","background-size":"auto","background-attachment":"scroll","background-type":"","background-media":"","overlay-type":"","overlay-color":"","overlay-opacity":"","overlay-gradient":""}},"ast-content-background-meta":{"desktop":{"background-color":"var(--ast-global-color-5)","background-image":"","background-repeat":"repeat","background-position":"center center","background-size":"auto","background-attachment":"scroll","background-type":"","background-media":"","overlay-type":"","overlay-color":"","overlay-opacity":"","overlay-gradient":""},"tablet":{"background-color":"var(--ast-global-color-5)","background-image":"","background-repeat":"repeat","background-position":"center center","background-size":"auto","background-attachment":"scroll","background-type":"","background-media":"","overlay-type":"","overlay-color":"","overlay-opacity":"","overlay-gradient":""},"mobile":{"background-color":"var(--ast-global-color-5)","background-image":"","background-repeat":"repeat","background-position":"center center","background-size":"auto","background-attachment":"scroll","background-type":"","background-media":"","overlay-type":"","overlay-color":"","overlay-opacity":"","overlay-gradient":""}},"footnotes":""},"categories":[32],"tags":[],"class_list":["post-5910","post","type-post","status-publish","format-standard","hentry","category-archiv-2012"],"yoast_head":"<!-- This site is optimized with the Yoast SEO plugin v27.4 - https:\/\/yoast.com\/product\/yoast-seo-wordpress\/ -->\n<title>Stra\u0161enie na hrade pokra\u010duje s Vlkodlakom na Mlie\u010dnej ceste - Pova\u017esk\u00e9 m\u00fazeum<\/title>\n<meta name=\"robots\" content=\"index, follow, max-snippet:-1, max-image-preview:large, max-video-preview:-1\" \/>\n<link rel=\"canonical\" href=\"https:\/\/pmza.sk\/?p=5910\" \/>\n<meta property=\"og:locale\" content=\"sk_SK\" \/>\n<meta property=\"og:type\" content=\"article\" \/>\n<meta property=\"og:title\" content=\"Stra\u0161enie na hrade pokra\u010duje s Vlkodlakom na Mlie\u010dnej ceste - Pova\u017esk\u00e9 m\u00fazeum\" \/>\n<meta property=\"og:description\" content=\"Po \u00faspe\u0161nom prvej stra\u0161idelnej no\u010dnej prehliadke hradu Stre\u010dno Pova\u017esk\u00e9 m\u00fazeum v\u00a0\u017diline, pripravilo \u010fal\u0161ie pokra\u010dovanie podujatia, zn\u00e1mej\u0161ieho ako Duchovia, elfovia, stre\u010dniansky des. Tento kr\u00e1t, v\u00a0piatok 20. j\u00fala 2012 bude \u00fastrednou postavou stredovek\u00e1 m\u00fdtick\u00e1 bytos\u0165, ktor\u00e1 je \u010dasto prezentovan\u00e1 ako \u010dlovek s\u00a0nadprirodzen\u00fdmi schopnos\u0165ami, a\u00a0ktor\u00e1 sa za splnu mesiaca zmen\u00ed na zviera podobn\u00e9 vlkovi, nezranite\u013en\u00e9 v\u010faka regener\u00e1cii, a\u00a0na [&hellip;]\" \/>\n<meta property=\"og:url\" content=\"https:\/\/pmza.sk\/?p=5910\" \/>\n<meta property=\"og:site_name\" content=\"Pova\u017esk\u00e9 m\u00fazeum\" \/>\n<meta property=\"article:publisher\" content=\"https:\/\/www.facebook.com\/povazskemuzeum\" \/>\n<meta property=\"article:published_time\" content=\"2012-07-11T12:00:22+00:00\" \/>\n<meta property=\"og:image\" content=\"https:\/\/pmza.sk.sk\/wp-content\/uploads\/2012\/07\/pozorovanie-oblohy-2011-300x200.jpg\" \/>\n<meta name=\"author\" content=\"Pova\u017esk\u00e9 m\u00fazeum\" \/>\n<meta name=\"twitter:card\" content=\"summary_large_image\" \/>\n<meta name=\"twitter:label1\" content=\"Autor\" \/>\n\t<meta name=\"twitter:data1\" content=\"Pova\u017esk\u00e9 m\u00fazeum\" \/>\n\t<meta name=\"twitter:label2\" content=\"Predpokladan\u00fd \u010das \u010d\u00edtania\" \/>\n\t<meta name=\"twitter:data2\" content=\"2 min\u00faty\" \/>\n<script type=\"application\/ld+json\" class=\"yoast-schema-graph\">{\"@context\":\"https:\\\/\\\/schema.org\",\"@graph\":[{\"@type\":\"Article\",\"@id\":\"https:\\\/\\\/pmza.sk\\\/?p=5910#article\",\"isPartOf\":{\"@id\":\"https:\\\/\\\/pmza.sk\\\/?p=5910\"},\"author\":{\"name\":\"Pova\u017esk\u00e9 m\u00fazeum\",\"@id\":\"https:\\\/\\\/pmza.sk\\\/#\\\/schema\\\/person\\\/595e6a2ce731ea94dcd5d7f50a41ae33\"},\"headline\":\"Stra\u0161enie na hrade pokra\u010duje s Vlkodlakom na Mlie\u010dnej ceste\",\"datePublished\":\"2012-07-11T12:00:22+00:00\",\"mainEntityOfPage\":{\"@id\":\"https:\\\/\\\/pmza.sk\\\/?p=5910\"},\"wordCount\":369,\"publisher\":{\"@id\":\"https:\\\/\\\/pmza.sk\\\/#organization\"},\"image\":{\"@id\":\"https:\\\/\\\/pmza.sk\\\/?p=5910#primaryimage\"},\"thumbnailUrl\":\"http:\\\/\\\/pmza.sk.sk\\\/wp-content\\\/uploads\\\/2012\\\/07\\\/pozorovanie-oblohy-2011-300x200.jpg\",\"articleSection\":[\"Arch\u00edv 2012\"],\"inLanguage\":\"sk-SK\"},{\"@type\":\"WebPage\",\"@id\":\"https:\\\/\\\/pmza.sk\\\/?p=5910\",\"url\":\"https:\\\/\\\/pmza.sk\\\/?p=5910\",\"name\":\"Stra\u0161enie na hrade pokra\u010duje s Vlkodlakom na Mlie\u010dnej ceste - Pova\u017esk\u00e9 m\u00fazeum\",\"isPartOf\":{\"@id\":\"https:\\\/\\\/pmza.sk\\\/#website\"},\"primaryImageOfPage\":{\"@id\":\"https:\\\/\\\/pmza.sk\\\/?p=5910#primaryimage\"},\"image\":{\"@id\":\"https:\\\/\\\/pmza.sk\\\/?p=5910#primaryimage\"},\"thumbnailUrl\":\"http:\\\/\\\/pmza.sk.sk\\\/wp-content\\\/uploads\\\/2012\\\/07\\\/pozorovanie-oblohy-2011-300x200.jpg\",\"datePublished\":\"2012-07-11T12:00:22+00:00\",\"breadcrumb\":{\"@id\":\"https:\\\/\\\/pmza.sk\\\/?p=5910#breadcrumb\"},\"inLanguage\":\"sk-SK\",\"potentialAction\":[{\"@type\":\"ReadAction\",\"target\":[\"https:\\\/\\\/pmza.sk\\\/?p=5910\"]}]},{\"@type\":\"ImageObject\",\"inLanguage\":\"sk-SK\",\"@id\":\"https:\\\/\\\/pmza.sk\\\/?p=5910#primaryimage\",\"url\":\"http:\\\/\\\/pmza.sk.sk\\\/wp-content\\\/uploads\\\/2012\\\/07\\\/pozorovanie-oblohy-2011-300x200.jpg\",\"contentUrl\":\"http:\\\/\\\/pmza.sk.sk\\\/wp-content\\\/uploads\\\/2012\\\/07\\\/pozorovanie-oblohy-2011-300x200.jpg\"},{\"@type\":\"BreadcrumbList\",\"@id\":\"https:\\\/\\\/pmza.sk\\\/?p=5910#breadcrumb\",\"itemListElement\":[{\"@type\":\"ListItem\",\"position\":1,\"name\":\"Domovsk\u00e1 str\u00e1nka\",\"item\":\"https:\\\/\\\/pmza.sk\\\/\"},{\"@type\":\"ListItem\",\"position\":2,\"name\":\"Stra\u0161enie na hrade pokra\u010duje s Vlkodlakom na Mlie\u010dnej ceste\"}]},{\"@type\":\"WebSite\",\"@id\":\"https:\\\/\\\/pmza.sk\\\/#website\",\"url\":\"https:\\\/\\\/pmza.sk\\\/\",\"name\":\"Pova\u017esk\u00e9 m\u00fazeum\",\"description\":\"Pova\u017esk\u00e9 m\u00fazeum v \u017diline je region\u00e1lne m\u00fazeum so s\u00eddlom v Budat\u00edne. Jeho expoz\u00edcie s\u00fa zameran\u00e9 na dejiny slovensk\u00e9ho umenia, kult\u00fary a dopravy.\",\"publisher\":{\"@id\":\"https:\\\/\\\/pmza.sk\\\/#organization\"},\"potentialAction\":[{\"@type\":\"SearchAction\",\"target\":{\"@type\":\"EntryPoint\",\"urlTemplate\":\"https:\\\/\\\/pmza.sk\\\/?s={search_term_string}\"},\"query-input\":{\"@type\":\"PropertyValueSpecification\",\"valueRequired\":true,\"valueName\":\"search_term_string\"}}],\"inLanguage\":\"sk-SK\"},{\"@type\":\"Organization\",\"@id\":\"https:\\\/\\\/pmza.sk\\\/#organization\",\"name\":\"Pova\u017esk\u00e9 m\u00fazeum\",\"url\":\"https:\\\/\\\/pmza.sk\\\/\",\"logo\":{\"@type\":\"ImageObject\",\"inLanguage\":\"sk-SK\",\"@id\":\"https:\\\/\\\/pmza.sk\\\/#\\\/schema\\\/logo\\\/image\\\/\",\"url\":\"https:\\\/\\\/pmza.sk\\\/wp-content\\\/uploads\\\/2022\\\/01\\\/logo_PM_horizontal.jpg\",\"contentUrl\":\"https:\\\/\\\/pmza.sk\\\/wp-content\\\/uploads\\\/2022\\\/01\\\/logo_PM_horizontal.jpg\",\"width\":231,\"height\":142,\"caption\":\"Pova\u017esk\u00e9 m\u00fazeum\"},\"image\":{\"@id\":\"https:\\\/\\\/pmza.sk\\\/#\\\/schema\\\/logo\\\/image\\\/\"},\"sameAs\":[\"https:\\\/\\\/www.facebook.com\\\/povazskemuzeum\",\"https:\\\/\\\/www.instagram.com\\\/povazskemuzeum\\\/\"]},{\"@type\":\"Person\",\"@id\":\"https:\\\/\\\/pmza.sk\\\/#\\\/schema\\\/person\\\/595e6a2ce731ea94dcd5d7f50a41ae33\",\"name\":\"Pova\u017esk\u00e9 m\u00fazeum\",\"image\":{\"@type\":\"ImageObject\",\"inLanguage\":\"sk-SK\",\"@id\":\"https:\\\/\\\/secure.gravatar.com\\\/avatar\\\/2bb7f1561282132fb5826dfeccc66c7996d11ee392ac6aaf7ced8a1c2027fbb2?s=96&d=mm&r=g\",\"url\":\"https:\\\/\\\/secure.gravatar.com\\\/avatar\\\/2bb7f1561282132fb5826dfeccc66c7996d11ee392ac6aaf7ced8a1c2027fbb2?s=96&d=mm&r=g\",\"contentUrl\":\"https:\\\/\\\/secure.gravatar.com\\\/avatar\\\/2bb7f1561282132fb5826dfeccc66c7996d11ee392ac6aaf7ced8a1c2027fbb2?s=96&d=mm&r=g\",\"caption\":\"Pova\u017esk\u00e9 m\u00fazeum\"}}]}<\/script>\n<!-- \/ Yoast SEO plugin. -->","yoast_head_json":{"title":"Stra\u0161enie na hrade pokra\u010duje s Vlkodlakom na Mlie\u010dnej ceste - Pova\u017esk\u00e9 m\u00fazeum","robots":{"index":"index","follow":"follow","max-snippet":"max-snippet:-1","max-image-preview":"max-image-preview:large","max-video-preview":"max-video-preview:-1"},"canonical":"https:\/\/pmza.sk\/?p=5910","og_locale":"sk_SK","og_type":"article","og_title":"Stra\u0161enie na hrade pokra\u010duje s Vlkodlakom na Mlie\u010dnej ceste - Pova\u017esk\u00e9 m\u00fazeum","og_description":"Po \u00faspe\u0161nom prvej stra\u0161idelnej no\u010dnej prehliadke hradu Stre\u010dno Pova\u017esk\u00e9 m\u00fazeum v\u00a0\u017diline, pripravilo \u010fal\u0161ie pokra\u010dovanie podujatia, zn\u00e1mej\u0161ieho ako Duchovia, elfovia, stre\u010dniansky des. Tento kr\u00e1t, v\u00a0piatok 20. j\u00fala 2012 bude \u00fastrednou postavou stredovek\u00e1 m\u00fdtick\u00e1 bytos\u0165, ktor\u00e1 je \u010dasto prezentovan\u00e1 ako \u010dlovek s\u00a0nadprirodzen\u00fdmi schopnos\u0165ami, a\u00a0ktor\u00e1 sa za splnu mesiaca zmen\u00ed na zviera podobn\u00e9 vlkovi, nezranite\u013en\u00e9 v\u010faka regener\u00e1cii, a\u00a0na [&hellip;]","og_url":"https:\/\/pmza.sk\/?p=5910","og_site_name":"Pova\u017esk\u00e9 m\u00fazeum","article_publisher":"https:\/\/www.facebook.com\/povazskemuzeum","article_published_time":"2012-07-11T12:00:22+00:00","og_image":[{"url":"https:\/\/pmza.sk.sk\/wp-content\/uploads\/2012\/07\/pozorovanie-oblohy-2011-300x200.jpg","type":"","width":"","height":""}],"author":"Pova\u017esk\u00e9 m\u00fazeum","twitter_card":"summary_large_image","twitter_misc":{"Autor":"Pova\u017esk\u00e9 m\u00fazeum","Predpokladan\u00fd \u010das \u010d\u00edtania":"2 min\u00faty"},"schema":{"@context":"https:\/\/schema.org","@graph":[{"@type":"Article","@id":"https:\/\/pmza.sk\/?p=5910#article","isPartOf":{"@id":"https:\/\/pmza.sk\/?p=5910"},"author":{"name":"Pova\u017esk\u00e9 m\u00fazeum","@id":"https:\/\/pmza.sk\/#\/schema\/person\/595e6a2ce731ea94dcd5d7f50a41ae33"},"headline":"Stra\u0161enie na hrade pokra\u010duje s Vlkodlakom na Mlie\u010dnej ceste","datePublished":"2012-07-11T12:00:22+00:00","mainEntityOfPage":{"@id":"https:\/\/pmza.sk\/?p=5910"},"wordCount":369,"publisher":{"@id":"https:\/\/pmza.sk\/#organization"},"image":{"@id":"https:\/\/pmza.sk\/?p=5910#primaryimage"},"thumbnailUrl":"https:\/\/pmza.sk.sk\/wp-content\/uploads\/2012\/07\/pozorovanie-oblohy-2011-300x200.jpg","articleSection":["Arch\u00edv 2012"],"inLanguage":"sk-SK"},{"@type":"WebPage","@id":"https:\/\/pmza.sk\/?p=5910","url":"https:\/\/pmza.sk\/?p=5910","name":"Stra\u0161enie na hrade pokra\u010duje s Vlkodlakom na Mlie\u010dnej ceste - Pova\u017esk\u00e9 m\u00fazeum","isPartOf":{"@id":"https:\/\/pmza.sk\/#website"},"primaryImageOfPage":{"@id":"https:\/\/pmza.sk\/?p=5910#primaryimage"},"image":{"@id":"https:\/\/pmza.sk\/?p=5910#primaryimage"},"thumbnailUrl":"https:\/\/pmza.sk.sk\/wp-content\/uploads\/2012\/07\/pozorovanie-oblohy-2011-300x200.jpg","datePublished":"2012-07-11T12:00:22+00:00","breadcrumb":{"@id":"https:\/\/pmza.sk\/?p=5910#breadcrumb"},"inLanguage":"sk-SK","potentialAction":[{"@type":"ReadAction","target":["https:\/\/pmza.sk\/?p=5910"]}]},{"@type":"ImageObject","inLanguage":"sk-SK","@id":"https:\/\/pmza.sk\/?p=5910#primaryimage","url":"https:\/\/pmza.sk.sk\/wp-content\/uploads\/2012\/07\/pozorovanie-oblohy-2011-300x200.jpg","contentUrl":"https:\/\/pmza.sk.sk\/wp-content\/uploads\/2012\/07\/pozorovanie-oblohy-2011-300x200.jpg"},{"@type":"BreadcrumbList","@id":"https:\/\/pmza.sk\/?p=5910#breadcrumb","itemListElement":[{"@type":"ListItem","position":1,"name":"Domovsk\u00e1 str\u00e1nka","item":"https:\/\/pmza.sk\/"},{"@type":"ListItem","position":2,"name":"Stra\u0161enie na hrade pokra\u010duje s Vlkodlakom na Mlie\u010dnej ceste"}]},{"@type":"WebSite","@id":"https:\/\/pmza.sk\/#website","url":"https:\/\/pmza.sk\/","name":"Pova\u017esk\u00e9 m\u00fazeum","description":"Pova\u017esk\u00e9 m\u00fazeum v \u017diline je region\u00e1lne m\u00fazeum so s\u00eddlom v Budat\u00edne. Jeho expoz\u00edcie s\u00fa zameran\u00e9 na dejiny slovensk\u00e9ho umenia, kult\u00fary a dopravy.","publisher":{"@id":"https:\/\/pmza.sk\/#organization"},"potentialAction":[{"@type":"SearchAction","target":{"@type":"EntryPoint","urlTemplate":"https:\/\/pmza.sk\/?s={search_term_string}"},"query-input":{"@type":"PropertyValueSpecification","valueRequired":true,"valueName":"search_term_string"}}],"inLanguage":"sk-SK"},{"@type":"Organization","@id":"https:\/\/pmza.sk\/#organization","name":"Pova\u017esk\u00e9 m\u00fazeum","url":"https:\/\/pmza.sk\/","logo":{"@type":"ImageObject","inLanguage":"sk-SK","@id":"https:\/\/pmza.sk\/#\/schema\/logo\/image\/","url":"https:\/\/pmza.sk\/wp-content\/uploads\/2022\/01\/logo_PM_horizontal.jpg","contentUrl":"https:\/\/pmza.sk\/wp-content\/uploads\/2022\/01\/logo_PM_horizontal.jpg","width":231,"height":142,"caption":"Pova\u017esk\u00e9 m\u00fazeum"},"image":{"@id":"https:\/\/pmza.sk\/#\/schema\/logo\/image\/"},"sameAs":["https:\/\/www.facebook.com\/povazskemuzeum","https:\/\/www.instagram.com\/povazskemuzeum\/"]},{"@type":"Person","@id":"https:\/\/pmza.sk\/#\/schema\/person\/595e6a2ce731ea94dcd5d7f50a41ae33","name":"Pova\u017esk\u00e9 m\u00fazeum","image":{"@type":"ImageObject","inLanguage":"sk-SK","@id":"https:\/\/secure.gravatar.com\/avatar\/2bb7f1561282132fb5826dfeccc66c7996d11ee392ac6aaf7ced8a1c2027fbb2?s=96&d=mm&r=g","url":"https:\/\/secure.gravatar.com\/avatar\/2bb7f1561282132fb5826dfeccc66c7996d11ee392ac6aaf7ced8a1c2027fbb2?s=96&d=mm&r=g","contentUrl":"https:\/\/secure.gravatar.com\/avatar\/2bb7f1561282132fb5826dfeccc66c7996d11ee392ac6aaf7ced8a1c2027fbb2?s=96&d=mm&r=g","caption":"Pova\u017esk\u00e9 m\u00fazeum"}}]}},"_links":{"self":[{"href":"https:\/\/pmza.sk\/index.php?rest_route=\/wp\/v2\/posts\/5910","targetHints":{"allow":["GET"]}}],"collection":[{"href":"https:\/\/pmza.sk\/index.php?rest_route=\/wp\/v2\/posts"}],"about":[{"href":"https:\/\/pmza.sk\/index.php?rest_route=\/wp\/v2\/types\/post"}],"author":[{"embeddable":true,"href":"https:\/\/pmza.sk\/index.php?rest_route=\/wp\/v2\/users\/2"}],"replies":[{"embeddable":true,"href":"https:\/\/pmza.sk\/index.php?rest_route=%2Fwp%2Fv2%2Fcomments&post=5910"}],"version-history":[{"count":0,"href":"https:\/\/pmza.sk\/index.php?rest_route=\/wp\/v2\/posts\/5910\/revisions"}],"wp:attachment":[{"href":"https:\/\/pmza.sk\/index.php?rest_route=%2Fwp%2Fv2%2Fmedia&parent=5910"}],"wp:term":[{"taxonomy":"category","embeddable":true,"href":"https:\/\/pmza.sk\/index.php?rest_route=%2Fwp%2Fv2%2Fcategories&post=5910"},{"taxonomy":"post_tag","embeddable":true,"href":"https:\/\/pmza.sk\/index.php?rest_route=%2Fwp%2Fv2%2Ftags&post=5910"}],"curies":[{"name":"wp","href":"https:\/\/api.w.org\/{rel}","templated":true}]}}