{"id":59253,"date":"2023-11-23T07:39:57","date_gmt":"2023-11-23T06:39:57","guid":{"rendered":"https:\/\/pmza.sk\/?p=59253"},"modified":"2023-12-14T10:46:36","modified_gmt":"2023-12-14T09:46:36","slug":"tvorive-vianocne-debatky","status":"publish","type":"post","link":"https:\/\/pmza.sk\/?p=59253","title":{"rendered":"Tvoriv\u00e9 viano\u010dn\u00e9 debatky"},"content":{"rendered":"<p>Dni do Vianoc ub\u00fada a\u00a0ub\u00fada a\u00a0ka\u017ed\u00fd z\u00a0n\u00e1s, mal\u00fd a\u00a0\u010di ve\u013ek\u00fd, sa nevie do\u010dka\u0165 \u0160tedr\u00e9ho ve\u010dera. Pr\u00ed\u010fte si k\u00a0n\u00e1m skr\u00e1ti\u0165 \u010dakanie. Pripravili sme pre v\u00e1s Tvoriv\u00e9 viano\u010dn\u00e9 debatky, po\u010das ktor\u00fdch nav\u0161t\u00edvime spolo\u010dne na\u0161u viano\u010dn\u00fa v\u00fdstavu v\u00a0kaplnke a\u00a0n\u00e1sledne sa presunieme do hradu. Tam si pri \u0161\u00e1lke tepl\u00e9ho \u010daju a\u00a0za zvukov viano\u010dn\u00fdch kolied, budeme vyr\u00e1ba\u0165 ozdoby technikou plstenia, ktor\u00e9 si m\u00f4\u017eete zavesi\u0165 na v\u00e1\u0161 strom\u010dek. Popritom budeme debati\u0165 o\u00a0trad\u00edci\u00e1ch minul\u00fdch, ako aj t\u00fdch na\u0161ich s\u00fa\u010dasn\u00fdch. Podujatie je vhodn\u00e9 pre v\u0161etky vekov\u00e9 kateg\u00f3rie.<\/p>\n<p>Je nutn\u00e9 sa vopred objedna\u0165 na mail pedagog@pmza.sk. D\u013a\u017eka trvania: 60 \u2013 120 min.<\/p>\n<p>Cena: 3 \u20ac\/osoba<\/p>\n<div class=\"wp-block-image\"><img fetchpriority=\"high\" decoding=\"async\" class=\"alignnone size-medium wp-image-59255\" src=\"https:\/\/pmza.sk\/wp-content\/uploads\/2023\/11\/Vianocne_debatky_K2-255x360.jpg\" alt=\"\" width=\"255\" height=\"360\" srcset=\"https:\/\/pmza.sk\/wp-content\/uploads\/2023\/11\/Vianocne_debatky_K2-255x360.jpg 255w, https:\/\/pmza.sk\/wp-content\/uploads\/2023\/11\/Vianocne_debatky_K2-520x736.jpg 520w, https:\/\/pmza.sk\/wp-content\/uploads\/2023\/11\/Vianocne_debatky_K2-768x1086.jpg 768w, https:\/\/pmza.sk\/wp-content\/uploads\/2023\/11\/Vianocne_debatky_K2-1086x1536.jpg 1086w, https:\/\/pmza.sk\/wp-content\/uploads\/2023\/11\/Vianocne_debatky_K2-1448x2048.jpg 1448w, https:\/\/pmza.sk\/wp-content\/uploads\/2023\/11\/Vianocne_debatky_K2-600x849.jpg 600w, https:\/\/pmza.sk\/wp-content\/uploads\/2023\/11\/Vianocne_debatky_K2-scaled.jpg 1810w\" sizes=\"(max-width: 255px) 100vw, 255px\" \/><\/div>\n<div>Plag\u00e1t v plnej ve\u013ekosti <a href=\"https:\/\/pmza.sk\/wp-content\/uploads\/2023\/11\/Vianocne_debatky_K2-3.pdf\">TU<\/a><\/div>\n","protected":false},"excerpt":{"rendered":"<p>Dni do Vianoc ub\u00fada a\u00a0ub\u00fada a\u00a0ka\u017ed\u00fd z\u00a0n\u00e1s, mal\u00fd a\u00a0\u010di ve\u013ek\u00fd, sa nevie do\u010dka\u0165 \u0160tedr\u00e9ho ve\u010dera. Pr\u00ed\u010fte si k\u00a0n\u00e1m skr\u00e1ti\u0165 \u010dakanie. Pripravili sme pre v\u00e1s Tvoriv\u00e9 viano\u010dn\u00e9 debatky, po\u010das ktor\u00fdch nav\u0161t\u00edvime spolo\u010dne na\u0161u viano\u010dn\u00fa v\u00fdstavu v\u00a0kaplnke a\u00a0n\u00e1sledne sa presunieme do hradu. Tam si pri \u0161\u00e1lke tepl\u00e9ho \u010daju a\u00a0za zvukov viano\u010dn\u00fdch kolied, budeme vyr\u00e1ba\u0165 ozdoby technikou plstenia, [&hellip;]<\/p>\n","protected":false},"author":2,"featured_media":59256,"comment_status":"open","ping_status":"open","sticky":false,"template":"","format":"standard","meta":{"site-sidebar-layout":"default","site-content-layout":"default","ast-site-content-layout":"","site-content-style":"default","site-sidebar-style":"default","ast-global-header-display":"","ast-banner-title-visibility":"","ast-main-header-display":"","ast-hfb-above-header-display":"","ast-hfb-below-header-display":"","ast-hfb-mobile-header-display":"","site-post-title":"","ast-breadcrumbs-content":"","ast-featured-img":"","footer-sml-layout":"","theme-transparent-header-meta":"default","adv-header-id-meta":"","stick-header-meta":"default","header-above-stick-meta":"","header-main-stick-meta":"","header-below-stick-meta":"","astra-migrate-meta-layouts":"default","ast-page-background-enabled":"default","ast-page-background-meta":{"desktop":{"background-color":"var(--ast-global-color-4)","background-image":"","background-repeat":"repeat","background-position":"center center","background-size":"auto","background-attachment":"scroll","background-type":"","background-media":"","overlay-type":"","overlay-color":"","overlay-opacity":"","overlay-gradient":""},"tablet":{"background-color":"","background-image":"","background-repeat":"repeat","background-position":"center center","background-size":"auto","background-attachment":"scroll","background-type":"","background-media":"","overlay-type":"","overlay-color":"","overlay-opacity":"","overlay-gradient":""},"mobile":{"background-color":"","background-image":"","background-repeat":"repeat","background-position":"center center","background-size":"auto","background-attachment":"scroll","background-type":"","background-media":"","overlay-type":"","overlay-color":"","overlay-opacity":"","overlay-gradient":""}},"ast-content-background-meta":{"desktop":{"background-color":"var(--ast-global-color-5)","background-image":"","background-repeat":"repeat","background-position":"center center","background-size":"auto","background-attachment":"scroll","background-type":"","background-media":"","overlay-type":"","overlay-color":"","overlay-opacity":"","overlay-gradient":""},"tablet":{"background-color":"var(--ast-global-color-5)","background-image":"","background-repeat":"repeat","background-position":"center center","background-size":"auto","background-attachment":"scroll","background-type":"","background-media":"","overlay-type":"","overlay-color":"","overlay-opacity":"","overlay-gradient":""},"mobile":{"background-color":"var(--ast-global-color-5)","background-image":"","background-repeat":"repeat","background-position":"center center","background-size":"auto","background-attachment":"scroll","background-type":"","background-media":"","overlay-type":"","overlay-color":"","overlay-opacity":"","overlay-gradient":""}},"footnotes":""},"categories":[71],"tags":[],"class_list":["post-59253","post","type-post","status-publish","format-standard","has-post-thumbnail","hentry","category-podujatia"],"yoast_head":"<!-- This site is optimized with the Yoast SEO plugin v27.4 - https:\/\/yoast.com\/product\/yoast-seo-wordpress\/ -->\n<title>Tvoriv\u00e9 viano\u010dn\u00e9 debatky - Pova\u017esk\u00e9 m\u00fazeum<\/title>\n<meta name=\"robots\" content=\"index, follow, max-snippet:-1, max-image-preview:large, max-video-preview:-1\" \/>\n<link rel=\"canonical\" href=\"https:\/\/pmza.sk\/?p=59253\" \/>\n<meta property=\"og:locale\" content=\"sk_SK\" \/>\n<meta property=\"og:type\" content=\"article\" \/>\n<meta property=\"og:title\" content=\"Tvoriv\u00e9 viano\u010dn\u00e9 debatky - Pova\u017esk\u00e9 m\u00fazeum\" \/>\n<meta property=\"og:description\" content=\"Dni do Vianoc ub\u00fada a\u00a0ub\u00fada a\u00a0ka\u017ed\u00fd z\u00a0n\u00e1s, mal\u00fd a\u00a0\u010di ve\u013ek\u00fd, sa nevie do\u010dka\u0165 \u0160tedr\u00e9ho ve\u010dera. Pr\u00ed\u010fte si k\u00a0n\u00e1m skr\u00e1ti\u0165 \u010dakanie. Pripravili sme pre v\u00e1s Tvoriv\u00e9 viano\u010dn\u00e9 debatky, po\u010das ktor\u00fdch nav\u0161t\u00edvime spolo\u010dne na\u0161u viano\u010dn\u00fa v\u00fdstavu v\u00a0kaplnke a\u00a0n\u00e1sledne sa presunieme do hradu. Tam si pri \u0161\u00e1lke tepl\u00e9ho \u010daju a\u00a0za zvukov viano\u010dn\u00fdch kolied, budeme vyr\u00e1ba\u0165 ozdoby technikou plstenia, [&hellip;]\" \/>\n<meta property=\"og:url\" content=\"https:\/\/pmza.sk\/?p=59253\" \/>\n<meta property=\"og:site_name\" content=\"Pova\u017esk\u00e9 m\u00fazeum\" \/>\n<meta property=\"article:publisher\" content=\"https:\/\/www.facebook.com\/povazskemuzeum\" \/>\n<meta property=\"article:published_time\" content=\"2023-11-23T06:39:57+00:00\" \/>\n<meta property=\"article:modified_time\" content=\"2023-12-14T09:46:36+00:00\" \/>\n<meta property=\"og:image\" content=\"https:\/\/pmza.sk\/wp-content\/uploads\/2023\/11\/Vianocne_debatky_web-scaled.jpg\" \/>\n\t<meta property=\"og:image:width\" content=\"2560\" \/>\n\t<meta property=\"og:image:height\" content=\"2560\" \/>\n\t<meta property=\"og:image:type\" content=\"image\/jpeg\" \/>\n<meta name=\"author\" content=\"Pova\u017esk\u00e9 m\u00fazeum\" \/>\n<meta name=\"twitter:card\" content=\"summary_large_image\" \/>\n<meta name=\"twitter:label1\" content=\"Autor\" \/>\n\t<meta name=\"twitter:data1\" content=\"Pova\u017esk\u00e9 m\u00fazeum\" \/>\n\t<meta name=\"twitter:label2\" content=\"Predpokladan\u00fd \u010das \u010d\u00edtania\" \/>\n\t<meta name=\"twitter:data2\" content=\"1 min\u00fata\" \/>\n<script type=\"application\/ld+json\" class=\"yoast-schema-graph\">{\"@context\":\"https:\\\/\\\/schema.org\",\"@graph\":[{\"@type\":\"Article\",\"@id\":\"https:\\\/\\\/pmza.sk\\\/?p=59253#article\",\"isPartOf\":{\"@id\":\"https:\\\/\\\/pmza.sk\\\/?p=59253\"},\"author\":{\"name\":\"Pova\u017esk\u00e9 m\u00fazeum\",\"@id\":\"https:\\\/\\\/pmza.sk\\\/#\\\/schema\\\/person\\\/595e6a2ce731ea94dcd5d7f50a41ae33\"},\"headline\":\"Tvoriv\u00e9 viano\u010dn\u00e9 debatky\",\"datePublished\":\"2023-11-23T06:39:57+00:00\",\"dateModified\":\"2023-12-14T09:46:36+00:00\",\"mainEntityOfPage\":{\"@id\":\"https:\\\/\\\/pmza.sk\\\/?p=59253\"},\"wordCount\":152,\"commentCount\":0,\"publisher\":{\"@id\":\"https:\\\/\\\/pmza.sk\\\/#organization\"},\"image\":{\"@id\":\"https:\\\/\\\/pmza.sk\\\/?p=59253#primaryimage\"},\"thumbnailUrl\":\"https:\\\/\\\/pmza.sk\\\/wp-content\\\/uploads\\\/2023\\\/11\\\/Vianocne_debatky_web-scaled.jpg\",\"articleSection\":[\"Podujatia\"],\"inLanguage\":\"sk-SK\"},{\"@type\":\"WebPage\",\"@id\":\"https:\\\/\\\/pmza.sk\\\/?p=59253\",\"url\":\"https:\\\/\\\/pmza.sk\\\/?p=59253\",\"name\":\"Tvoriv\u00e9 viano\u010dn\u00e9 debatky - Pova\u017esk\u00e9 m\u00fazeum\",\"isPartOf\":{\"@id\":\"https:\\\/\\\/pmza.sk\\\/#website\"},\"primaryImageOfPage\":{\"@id\":\"https:\\\/\\\/pmza.sk\\\/?p=59253#primaryimage\"},\"image\":{\"@id\":\"https:\\\/\\\/pmza.sk\\\/?p=59253#primaryimage\"},\"thumbnailUrl\":\"https:\\\/\\\/pmza.sk\\\/wp-content\\\/uploads\\\/2023\\\/11\\\/Vianocne_debatky_web-scaled.jpg\",\"datePublished\":\"2023-11-23T06:39:57+00:00\",\"dateModified\":\"2023-12-14T09:46:36+00:00\",\"breadcrumb\":{\"@id\":\"https:\\\/\\\/pmza.sk\\\/?p=59253#breadcrumb\"},\"inLanguage\":\"sk-SK\",\"potentialAction\":[{\"@type\":\"ReadAction\",\"target\":[\"https:\\\/\\\/pmza.sk\\\/?p=59253\"]}]},{\"@type\":\"ImageObject\",\"inLanguage\":\"sk-SK\",\"@id\":\"https:\\\/\\\/pmza.sk\\\/?p=59253#primaryimage\",\"url\":\"https:\\\/\\\/pmza.sk\\\/wp-content\\\/uploads\\\/2023\\\/11\\\/Vianocne_debatky_web-scaled.jpg\",\"contentUrl\":\"https:\\\/\\\/pmza.sk\\\/wp-content\\\/uploads\\\/2023\\\/11\\\/Vianocne_debatky_web-scaled.jpg\",\"width\":2560,\"height\":2560},{\"@type\":\"BreadcrumbList\",\"@id\":\"https:\\\/\\\/pmza.sk\\\/?p=59253#breadcrumb\",\"itemListElement\":[{\"@type\":\"ListItem\",\"position\":1,\"name\":\"Domovsk\u00e1 str\u00e1nka\",\"item\":\"https:\\\/\\\/pmza.sk\\\/\"},{\"@type\":\"ListItem\",\"position\":2,\"name\":\"Tvoriv\u00e9 viano\u010dn\u00e9 debatky\"}]},{\"@type\":\"WebSite\",\"@id\":\"https:\\\/\\\/pmza.sk\\\/#website\",\"url\":\"https:\\\/\\\/pmza.sk\\\/\",\"name\":\"Pova\u017esk\u00e9 m\u00fazeum\",\"description\":\"Pova\u017esk\u00e9 m\u00fazeum v \u017diline je region\u00e1lne m\u00fazeum so s\u00eddlom v Budat\u00edne. Jeho expoz\u00edcie s\u00fa zameran\u00e9 na dejiny slovensk\u00e9ho umenia, kult\u00fary a dopravy.\",\"publisher\":{\"@id\":\"https:\\\/\\\/pmza.sk\\\/#organization\"},\"potentialAction\":[{\"@type\":\"SearchAction\",\"target\":{\"@type\":\"EntryPoint\",\"urlTemplate\":\"https:\\\/\\\/pmza.sk\\\/?s={search_term_string}\"},\"query-input\":{\"@type\":\"PropertyValueSpecification\",\"valueRequired\":true,\"valueName\":\"search_term_string\"}}],\"inLanguage\":\"sk-SK\"},{\"@type\":\"Organization\",\"@id\":\"https:\\\/\\\/pmza.sk\\\/#organization\",\"name\":\"Pova\u017esk\u00e9 m\u00fazeum\",\"url\":\"https:\\\/\\\/pmza.sk\\\/\",\"logo\":{\"@type\":\"ImageObject\",\"inLanguage\":\"sk-SK\",\"@id\":\"https:\\\/\\\/pmza.sk\\\/#\\\/schema\\\/logo\\\/image\\\/\",\"url\":\"https:\\\/\\\/pmza.sk\\\/wp-content\\\/uploads\\\/2022\\\/01\\\/logo_PM_horizontal.jpg\",\"contentUrl\":\"https:\\\/\\\/pmza.sk\\\/wp-content\\\/uploads\\\/2022\\\/01\\\/logo_PM_horizontal.jpg\",\"width\":231,\"height\":142,\"caption\":\"Pova\u017esk\u00e9 m\u00fazeum\"},\"image\":{\"@id\":\"https:\\\/\\\/pmza.sk\\\/#\\\/schema\\\/logo\\\/image\\\/\"},\"sameAs\":[\"https:\\\/\\\/www.facebook.com\\\/povazskemuzeum\",\"https:\\\/\\\/www.instagram.com\\\/povazskemuzeum\\\/\"]},{\"@type\":\"Person\",\"@id\":\"https:\\\/\\\/pmza.sk\\\/#\\\/schema\\\/person\\\/595e6a2ce731ea94dcd5d7f50a41ae33\",\"name\":\"Pova\u017esk\u00e9 m\u00fazeum\",\"image\":{\"@type\":\"ImageObject\",\"inLanguage\":\"sk-SK\",\"@id\":\"https:\\\/\\\/secure.gravatar.com\\\/avatar\\\/2bb7f1561282132fb5826dfeccc66c7996d11ee392ac6aaf7ced8a1c2027fbb2?s=96&d=mm&r=g\",\"url\":\"https:\\\/\\\/secure.gravatar.com\\\/avatar\\\/2bb7f1561282132fb5826dfeccc66c7996d11ee392ac6aaf7ced8a1c2027fbb2?s=96&d=mm&r=g\",\"contentUrl\":\"https:\\\/\\\/secure.gravatar.com\\\/avatar\\\/2bb7f1561282132fb5826dfeccc66c7996d11ee392ac6aaf7ced8a1c2027fbb2?s=96&d=mm&r=g\",\"caption\":\"Pova\u017esk\u00e9 m\u00fazeum\"}}]}<\/script>\n<!-- \/ Yoast SEO plugin. -->","yoast_head_json":{"title":"Tvoriv\u00e9 viano\u010dn\u00e9 debatky - Pova\u017esk\u00e9 m\u00fazeum","robots":{"index":"index","follow":"follow","max-snippet":"max-snippet:-1","max-image-preview":"max-image-preview:large","max-video-preview":"max-video-preview:-1"},"canonical":"https:\/\/pmza.sk\/?p=59253","og_locale":"sk_SK","og_type":"article","og_title":"Tvoriv\u00e9 viano\u010dn\u00e9 debatky - Pova\u017esk\u00e9 m\u00fazeum","og_description":"Dni do Vianoc ub\u00fada a\u00a0ub\u00fada a\u00a0ka\u017ed\u00fd z\u00a0n\u00e1s, mal\u00fd a\u00a0\u010di ve\u013ek\u00fd, sa nevie do\u010dka\u0165 \u0160tedr\u00e9ho ve\u010dera. Pr\u00ed\u010fte si k\u00a0n\u00e1m skr\u00e1ti\u0165 \u010dakanie. Pripravili sme pre v\u00e1s Tvoriv\u00e9 viano\u010dn\u00e9 debatky, po\u010das ktor\u00fdch nav\u0161t\u00edvime spolo\u010dne na\u0161u viano\u010dn\u00fa v\u00fdstavu v\u00a0kaplnke a\u00a0n\u00e1sledne sa presunieme do hradu. Tam si pri \u0161\u00e1lke tepl\u00e9ho \u010daju a\u00a0za zvukov viano\u010dn\u00fdch kolied, budeme vyr\u00e1ba\u0165 ozdoby technikou plstenia, [&hellip;]","og_url":"https:\/\/pmza.sk\/?p=59253","og_site_name":"Pova\u017esk\u00e9 m\u00fazeum","article_publisher":"https:\/\/www.facebook.com\/povazskemuzeum","article_published_time":"2023-11-23T06:39:57+00:00","article_modified_time":"2023-12-14T09:46:36+00:00","og_image":[{"width":2560,"height":2560,"url":"https:\/\/pmza.sk\/wp-content\/uploads\/2023\/11\/Vianocne_debatky_web-scaled.jpg","type":"image\/jpeg"}],"author":"Pova\u017esk\u00e9 m\u00fazeum","twitter_card":"summary_large_image","twitter_misc":{"Autor":"Pova\u017esk\u00e9 m\u00fazeum","Predpokladan\u00fd \u010das \u010d\u00edtania":"1 min\u00fata"},"schema":{"@context":"https:\/\/schema.org","@graph":[{"@type":"Article","@id":"https:\/\/pmza.sk\/?p=59253#article","isPartOf":{"@id":"https:\/\/pmza.sk\/?p=59253"},"author":{"name":"Pova\u017esk\u00e9 m\u00fazeum","@id":"https:\/\/pmza.sk\/#\/schema\/person\/595e6a2ce731ea94dcd5d7f50a41ae33"},"headline":"Tvoriv\u00e9 viano\u010dn\u00e9 debatky","datePublished":"2023-11-23T06:39:57+00:00","dateModified":"2023-12-14T09:46:36+00:00","mainEntityOfPage":{"@id":"https:\/\/pmza.sk\/?p=59253"},"wordCount":152,"commentCount":0,"publisher":{"@id":"https:\/\/pmza.sk\/#organization"},"image":{"@id":"https:\/\/pmza.sk\/?p=59253#primaryimage"},"thumbnailUrl":"https:\/\/pmza.sk\/wp-content\/uploads\/2023\/11\/Vianocne_debatky_web-scaled.jpg","articleSection":["Podujatia"],"inLanguage":"sk-SK"},{"@type":"WebPage","@id":"https:\/\/pmza.sk\/?p=59253","url":"https:\/\/pmza.sk\/?p=59253","name":"Tvoriv\u00e9 viano\u010dn\u00e9 debatky - Pova\u017esk\u00e9 m\u00fazeum","isPartOf":{"@id":"https:\/\/pmza.sk\/#website"},"primaryImageOfPage":{"@id":"https:\/\/pmza.sk\/?p=59253#primaryimage"},"image":{"@id":"https:\/\/pmza.sk\/?p=59253#primaryimage"},"thumbnailUrl":"https:\/\/pmza.sk\/wp-content\/uploads\/2023\/11\/Vianocne_debatky_web-scaled.jpg","datePublished":"2023-11-23T06:39:57+00:00","dateModified":"2023-12-14T09:46:36+00:00","breadcrumb":{"@id":"https:\/\/pmza.sk\/?p=59253#breadcrumb"},"inLanguage":"sk-SK","potentialAction":[{"@type":"ReadAction","target":["https:\/\/pmza.sk\/?p=59253"]}]},{"@type":"ImageObject","inLanguage":"sk-SK","@id":"https:\/\/pmza.sk\/?p=59253#primaryimage","url":"https:\/\/pmza.sk\/wp-content\/uploads\/2023\/11\/Vianocne_debatky_web-scaled.jpg","contentUrl":"https:\/\/pmza.sk\/wp-content\/uploads\/2023\/11\/Vianocne_debatky_web-scaled.jpg","width":2560,"height":2560},{"@type":"BreadcrumbList","@id":"https:\/\/pmza.sk\/?p=59253#breadcrumb","itemListElement":[{"@type":"ListItem","position":1,"name":"Domovsk\u00e1 str\u00e1nka","item":"https:\/\/pmza.sk\/"},{"@type":"ListItem","position":2,"name":"Tvoriv\u00e9 viano\u010dn\u00e9 debatky"}]},{"@type":"WebSite","@id":"https:\/\/pmza.sk\/#website","url":"https:\/\/pmza.sk\/","name":"Pova\u017esk\u00e9 m\u00fazeum","description":"Pova\u017esk\u00e9 m\u00fazeum v \u017diline je region\u00e1lne m\u00fazeum so s\u00eddlom v Budat\u00edne. Jeho expoz\u00edcie s\u00fa zameran\u00e9 na dejiny slovensk\u00e9ho umenia, kult\u00fary a dopravy.","publisher":{"@id":"https:\/\/pmza.sk\/#organization"},"potentialAction":[{"@type":"SearchAction","target":{"@type":"EntryPoint","urlTemplate":"https:\/\/pmza.sk\/?s={search_term_string}"},"query-input":{"@type":"PropertyValueSpecification","valueRequired":true,"valueName":"search_term_string"}}],"inLanguage":"sk-SK"},{"@type":"Organization","@id":"https:\/\/pmza.sk\/#organization","name":"Pova\u017esk\u00e9 m\u00fazeum","url":"https:\/\/pmza.sk\/","logo":{"@type":"ImageObject","inLanguage":"sk-SK","@id":"https:\/\/pmza.sk\/#\/schema\/logo\/image\/","url":"https:\/\/pmza.sk\/wp-content\/uploads\/2022\/01\/logo_PM_horizontal.jpg","contentUrl":"https:\/\/pmza.sk\/wp-content\/uploads\/2022\/01\/logo_PM_horizontal.jpg","width":231,"height":142,"caption":"Pova\u017esk\u00e9 m\u00fazeum"},"image":{"@id":"https:\/\/pmza.sk\/#\/schema\/logo\/image\/"},"sameAs":["https:\/\/www.facebook.com\/povazskemuzeum","https:\/\/www.instagram.com\/povazskemuzeum\/"]},{"@type":"Person","@id":"https:\/\/pmza.sk\/#\/schema\/person\/595e6a2ce731ea94dcd5d7f50a41ae33","name":"Pova\u017esk\u00e9 m\u00fazeum","image":{"@type":"ImageObject","inLanguage":"sk-SK","@id":"https:\/\/secure.gravatar.com\/avatar\/2bb7f1561282132fb5826dfeccc66c7996d11ee392ac6aaf7ced8a1c2027fbb2?s=96&d=mm&r=g","url":"https:\/\/secure.gravatar.com\/avatar\/2bb7f1561282132fb5826dfeccc66c7996d11ee392ac6aaf7ced8a1c2027fbb2?s=96&d=mm&r=g","contentUrl":"https:\/\/secure.gravatar.com\/avatar\/2bb7f1561282132fb5826dfeccc66c7996d11ee392ac6aaf7ced8a1c2027fbb2?s=96&d=mm&r=g","caption":"Pova\u017esk\u00e9 m\u00fazeum"}}]}},"_links":{"self":[{"href":"https:\/\/pmza.sk\/index.php?rest_route=\/wp\/v2\/posts\/59253","targetHints":{"allow":["GET"]}}],"collection":[{"href":"https:\/\/pmza.sk\/index.php?rest_route=\/wp\/v2\/posts"}],"about":[{"href":"https:\/\/pmza.sk\/index.php?rest_route=\/wp\/v2\/types\/post"}],"author":[{"embeddable":true,"href":"https:\/\/pmza.sk\/index.php?rest_route=\/wp\/v2\/users\/2"}],"replies":[{"embeddable":true,"href":"https:\/\/pmza.sk\/index.php?rest_route=%2Fwp%2Fv2%2Fcomments&post=59253"}],"version-history":[{"count":0,"href":"https:\/\/pmza.sk\/index.php?rest_route=\/wp\/v2\/posts\/59253\/revisions"}],"wp:featuredmedia":[{"embeddable":true,"href":"https:\/\/pmza.sk\/index.php?rest_route=\/wp\/v2\/media\/59256"}],"wp:attachment":[{"href":"https:\/\/pmza.sk\/index.php?rest_route=%2Fwp%2Fv2%2Fmedia&parent=59253"}],"wp:term":[{"taxonomy":"category","embeddable":true,"href":"https:\/\/pmza.sk\/index.php?rest_route=%2Fwp%2Fv2%2Fcategories&post=59253"},{"taxonomy":"post_tag","embeddable":true,"href":"https:\/\/pmza.sk\/index.php?rest_route=%2Fwp%2Fv2%2Ftags&post=59253"}],"curies":[{"name":"wp","href":"https:\/\/api.w.org\/{rel}","templated":true}]}}