{"id":59350,"date":"2023-11-24T13:16:15","date_gmt":"2023-11-24T12:16:15","guid":{"rendered":"https:\/\/pmza.sk\/?p=59350"},"modified":"2023-12-11T13:58:48","modified_gmt":"2023-12-11T12:58:48","slug":"vianoce-v-budatine-5","status":"publish","type":"post","link":"https:\/\/pmza.sk\/?p=59350","title":{"rendered":"Vianoce v Budat\u00edne"},"content":{"rendered":"<p>Za\u017eite s\u00a0nami viano\u010dn\u00fa atmosf\u00e9ru v\u00a0prostred\u00ed Budat\u00ednskeho hradu! Pova\u017esk\u00e9 m\u00fazeum poz\u00fdva v\u0161etk\u00fdch svojich n\u00e1v\u0161tevn\u00edkov na podujatie Vianoce v\u00a0Budat\u00edne. V\u00a0kaplnke hradu si m\u00f4\u017eu z\u00e1ujemcovia od 9.00 do 16.00 pozrie\u0165 v\u00fdstavu s\u00a0n\u00e1zvom Viano\u010dn\u00e9 tajomstvo, ktor\u00e1 ich prenesie v\u00a0\u010dase a\u00a0predstav\u00ed viano\u010dn\u00e9 poh\u013eadnice, r\u00f4zne druhy ozd\u00f4b a\u00a0betlehemov zo zbierok m\u00fazea. Pred kaplnkou sa bude aj tento rok nach\u00e1dza\u0165 strom\u010dek, ktor\u00fd \u010dak\u00e1 na vyzdobenie od samotn\u00fdch n\u00e1v\u0161tevn\u00edkov. <i>\u201eT\u00e1to aktivita mala na minuloro\u010dnom podujat\u00ed ve\u013emi pozit\u00edvne ohlasy, preto sme sa ju rozhodli zopakova\u0165. Pros\u00edme teda v\u0161etk\u00fdch, ktor\u00ed maj\u00fa doma nepotrebn\u00e9 ozdoby, aby ich priniesli na n\u00e1\u0161 strom\u010dek a\u00a0spr\u00edjemnili tak viano\u010dn\u00fa atmosf\u00e9ru v\u0161etk\u00fdm okoloid\u00facim,\u201c<\/i> pribli\u017euje kult\u00farna mana\u017e\u00e9rka Sabina Pavl\u00edkov\u00e1.<\/p>\n<p>Hlavn\u00fd program sa tentokr\u00e1t presunie priamo do\u00a0priestorov Budat\u00ednskeho hradu, ktor\u00fd bude otvoren\u00fd od 9.00 do 16.00. <i>\u201eV\u00a0r\u00e1mci sprev\u00e1dzan\u00fdch prehliadok o\u00a013.00, 13.45, 14.30, 15.15 a\u00a016.00 stretn\u00fa<\/i> <i>n\u00e1v\u0161tevn\u00edci posledn\u00fdch majite\u013eov Gejzu a Al\u017ebetu \u010c\u00e1kiovcov a te\u0161i\u0165 sa m\u00f4\u017eu aj na sc\u00e9nku pr\u00edbehu o naroden\u00ed Je\u017ei\u0161a Krista v podan\u00ed divadelno-hrav\u00e9ho zoskupenia RAZCA. Navy\u0161e, popoludn\u00ed si m\u00f4\u017eu deti aj dospel\u00ed vo v\u00fdchodnom pal\u00e1ci vyrobi\u0165 origin\u00e1lne viano\u010dn\u00e9 pozdravy a ozdoby technikou plstenia,\u201c <\/i>dop\u013a\u0148a S. Pavl\u00edkov\u00e1.<\/p>\n<p>Okrem kaplnky a\u00a0hradu bude od 9.00 do 16.00 otvoren\u00fd Drot\u00e1rsky pavil\u00f3n, kde z\u00e1ujemcovia okrem st\u00e1lej expoz\u00edcie drot\u00e1rstva n\u00e1jdu i v\u00fdstavy \u010co dr\u00f4t spojil, \u010das nerozdel\u00ed a\u00a0Tiene minulosti.<\/p>\n<div class=\"wp-block-image\"><img fetchpriority=\"high\" decoding=\"async\" class=\"alignnone size-medium wp-image-59351\" src=\"https:\/\/pmza.sk\/wp-content\/uploads\/2023\/11\/Vianoce_v_Budatine_K1-255x360.jpg\" alt=\"\" width=\"255\" height=\"360\" srcset=\"https:\/\/pmza.sk\/wp-content\/uploads\/2023\/11\/Vianoce_v_Budatine_K1-255x360.jpg 255w, https:\/\/pmza.sk\/wp-content\/uploads\/2023\/11\/Vianoce_v_Budatine_K1-520x736.jpg 520w, https:\/\/pmza.sk\/wp-content\/uploads\/2023\/11\/Vianoce_v_Budatine_K1-768x1086.jpg 768w, https:\/\/pmza.sk\/wp-content\/uploads\/2023\/11\/Vianoce_v_Budatine_K1-1086x1536.jpg 1086w, https:\/\/pmza.sk\/wp-content\/uploads\/2023\/11\/Vianoce_v_Budatine_K1-1448x2048.jpg 1448w, https:\/\/pmza.sk\/wp-content\/uploads\/2023\/11\/Vianoce_v_Budatine_K1-600x849.jpg 600w, https:\/\/pmza.sk\/wp-content\/uploads\/2023\/11\/Vianoce_v_Budatine_K1-scaled.jpg 1810w\" sizes=\"(max-width: 255px) 100vw, 255px\" \/><\/div>\n<div>Plag\u00e1t v plnej ve\u013ekosti <a href=\"https:\/\/pmza.sk\/wp-content\/uploads\/2023\/11\/Vianoce_v_Budatine_K1.pdf\">TU<\/a><\/div>\n<p>&nbsp;<\/p>\n","protected":false},"excerpt":{"rendered":"<p>Za\u017eite s\u00a0nami viano\u010dn\u00fa atmosf\u00e9ru v\u00a0prostred\u00ed Budat\u00ednskeho hradu! Pova\u017esk\u00e9 m\u00fazeum poz\u00fdva v\u0161etk\u00fdch svojich n\u00e1v\u0161tevn\u00edkov na podujatie Vianoce v\u00a0Budat\u00edne. V\u00a0kaplnke hradu si m\u00f4\u017eu z\u00e1ujemcovia od 9.00 do 16.00 pozrie\u0165 v\u00fdstavu s\u00a0n\u00e1zvom Viano\u010dn\u00e9 tajomstvo, ktor\u00e1 ich prenesie v\u00a0\u010dase a\u00a0predstav\u00ed viano\u010dn\u00e9 poh\u013eadnice, r\u00f4zne druhy ozd\u00f4b a\u00a0betlehemov zo zbierok m\u00fazea. Pred kaplnkou sa bude aj tento rok nach\u00e1dza\u0165 strom\u010dek, ktor\u00fd [&hellip;]<\/p>\n","protected":false},"author":2,"featured_media":59353,"comment_status":"open","ping_status":"open","sticky":false,"template":"","format":"standard","meta":{"site-sidebar-layout":"default","site-content-layout":"default","ast-site-content-layout":"","site-content-style":"default","site-sidebar-style":"default","ast-global-header-display":"","ast-banner-title-visibility":"","ast-main-header-display":"","ast-hfb-above-header-display":"","ast-hfb-below-header-display":"","ast-hfb-mobile-header-display":"","site-post-title":"","ast-breadcrumbs-content":"","ast-featured-img":"","footer-sml-layout":"","theme-transparent-header-meta":"default","adv-header-id-meta":"","stick-header-meta":"default","header-above-stick-meta":"","header-main-stick-meta":"","header-below-stick-meta":"","astra-migrate-meta-layouts":"default","ast-page-background-enabled":"default","ast-page-background-meta":{"desktop":{"background-color":"var(--ast-global-color-4)","background-image":"","background-repeat":"repeat","background-position":"center center","background-size":"auto","background-attachment":"scroll","background-type":"","background-media":"","overlay-type":"","overlay-color":"","overlay-opacity":"","overlay-gradient":""},"tablet":{"background-color":"","background-image":"","background-repeat":"repeat","background-position":"center center","background-size":"auto","background-attachment":"scroll","background-type":"","background-media":"","overlay-type":"","overlay-color":"","overlay-opacity":"","overlay-gradient":""},"mobile":{"background-color":"","background-image":"","background-repeat":"repeat","background-position":"center center","background-size":"auto","background-attachment":"scroll","background-type":"","background-media":"","overlay-type":"","overlay-color":"","overlay-opacity":"","overlay-gradient":""}},"ast-content-background-meta":{"desktop":{"background-color":"var(--ast-global-color-5)","background-image":"","background-repeat":"repeat","background-position":"center center","background-size":"auto","background-attachment":"scroll","background-type":"","background-media":"","overlay-type":"","overlay-color":"","overlay-opacity":"","overlay-gradient":""},"tablet":{"background-color":"var(--ast-global-color-5)","background-image":"","background-repeat":"repeat","background-position":"center center","background-size":"auto","background-attachment":"scroll","background-type":"","background-media":"","overlay-type":"","overlay-color":"","overlay-opacity":"","overlay-gradient":""},"mobile":{"background-color":"var(--ast-global-color-5)","background-image":"","background-repeat":"repeat","background-position":"center center","background-size":"auto","background-attachment":"scroll","background-type":"","background-media":"","overlay-type":"","overlay-color":"","overlay-opacity":"","overlay-gradient":""}},"footnotes":""},"categories":[71],"tags":[],"class_list":["post-59350","post","type-post","status-publish","format-standard","has-post-thumbnail","hentry","category-podujatia"],"yoast_head":"<!-- This site is optimized with the Yoast SEO plugin v27.4 - https:\/\/yoast.com\/product\/yoast-seo-wordpress\/ -->\n<title>Vianoce v Budat\u00edne - Pova\u017esk\u00e9 m\u00fazeum<\/title>\n<meta name=\"robots\" content=\"index, follow, max-snippet:-1, max-image-preview:large, max-video-preview:-1\" \/>\n<link rel=\"canonical\" href=\"https:\/\/pmza.sk\/?p=59350\" \/>\n<meta property=\"og:locale\" content=\"sk_SK\" \/>\n<meta property=\"og:type\" content=\"article\" \/>\n<meta property=\"og:title\" content=\"Vianoce v Budat\u00edne - Pova\u017esk\u00e9 m\u00fazeum\" \/>\n<meta property=\"og:description\" content=\"Za\u017eite s\u00a0nami viano\u010dn\u00fa atmosf\u00e9ru v\u00a0prostred\u00ed Budat\u00ednskeho hradu! Pova\u017esk\u00e9 m\u00fazeum poz\u00fdva v\u0161etk\u00fdch svojich n\u00e1v\u0161tevn\u00edkov na podujatie Vianoce v\u00a0Budat\u00edne. V\u00a0kaplnke hradu si m\u00f4\u017eu z\u00e1ujemcovia od 9.00 do 16.00 pozrie\u0165 v\u00fdstavu s\u00a0n\u00e1zvom Viano\u010dn\u00e9 tajomstvo, ktor\u00e1 ich prenesie v\u00a0\u010dase a\u00a0predstav\u00ed viano\u010dn\u00e9 poh\u013eadnice, r\u00f4zne druhy ozd\u00f4b a\u00a0betlehemov zo zbierok m\u00fazea. Pred kaplnkou sa bude aj tento rok nach\u00e1dza\u0165 strom\u010dek, ktor\u00fd [&hellip;]\" \/>\n<meta property=\"og:url\" content=\"https:\/\/pmza.sk\/?p=59350\" \/>\n<meta property=\"og:site_name\" content=\"Pova\u017esk\u00e9 m\u00fazeum\" \/>\n<meta property=\"article:publisher\" content=\"https:\/\/www.facebook.com\/povazskemuzeum\" \/>\n<meta property=\"article:published_time\" content=\"2023-11-24T12:16:15+00:00\" \/>\n<meta property=\"article:modified_time\" content=\"2023-12-11T12:58:48+00:00\" \/>\n<meta property=\"og:image\" content=\"https:\/\/pmza.sk\/wp-content\/uploads\/2023\/11\/Vianoce_v_Budatine_web-scaled.jpg\" \/>\n\t<meta property=\"og:image:width\" content=\"2560\" \/>\n\t<meta property=\"og:image:height\" content=\"2560\" \/>\n\t<meta property=\"og:image:type\" content=\"image\/jpeg\" \/>\n<meta name=\"author\" content=\"Pova\u017esk\u00e9 m\u00fazeum\" \/>\n<meta name=\"twitter:card\" content=\"summary_large_image\" \/>\n<meta name=\"twitter:label1\" content=\"Autor\" \/>\n\t<meta name=\"twitter:data1\" content=\"Pova\u017esk\u00e9 m\u00fazeum\" \/>\n\t<meta name=\"twitter:label2\" content=\"Predpokladan\u00fd \u010das \u010d\u00edtania\" \/>\n\t<meta name=\"twitter:data2\" content=\"1 min\u00fata\" \/>\n<script type=\"application\/ld+json\" class=\"yoast-schema-graph\">{\"@context\":\"https:\\\/\\\/schema.org\",\"@graph\":[{\"@type\":\"Article\",\"@id\":\"https:\\\/\\\/pmza.sk\\\/?p=59350#article\",\"isPartOf\":{\"@id\":\"https:\\\/\\\/pmza.sk\\\/?p=59350\"},\"author\":{\"name\":\"Pova\u017esk\u00e9 m\u00fazeum\",\"@id\":\"https:\\\/\\\/pmza.sk\\\/#\\\/schema\\\/person\\\/595e6a2ce731ea94dcd5d7f50a41ae33\"},\"headline\":\"Vianoce v Budat\u00edne\",\"datePublished\":\"2023-11-24T12:16:15+00:00\",\"dateModified\":\"2023-12-11T12:58:48+00:00\",\"mainEntityOfPage\":{\"@id\":\"https:\\\/\\\/pmza.sk\\\/?p=59350\"},\"wordCount\":296,\"commentCount\":0,\"publisher\":{\"@id\":\"https:\\\/\\\/pmza.sk\\\/#organization\"},\"image\":{\"@id\":\"https:\\\/\\\/pmza.sk\\\/?p=59350#primaryimage\"},\"thumbnailUrl\":\"https:\\\/\\\/pmza.sk\\\/wp-content\\\/uploads\\\/2023\\\/11\\\/Vianoce_v_Budatine_web-scaled.jpg\",\"articleSection\":[\"Podujatia\"],\"inLanguage\":\"sk-SK\"},{\"@type\":\"WebPage\",\"@id\":\"https:\\\/\\\/pmza.sk\\\/?p=59350\",\"url\":\"https:\\\/\\\/pmza.sk\\\/?p=59350\",\"name\":\"Vianoce v Budat\u00edne - Pova\u017esk\u00e9 m\u00fazeum\",\"isPartOf\":{\"@id\":\"https:\\\/\\\/pmza.sk\\\/#website\"},\"primaryImageOfPage\":{\"@id\":\"https:\\\/\\\/pmza.sk\\\/?p=59350#primaryimage\"},\"image\":{\"@id\":\"https:\\\/\\\/pmza.sk\\\/?p=59350#primaryimage\"},\"thumbnailUrl\":\"https:\\\/\\\/pmza.sk\\\/wp-content\\\/uploads\\\/2023\\\/11\\\/Vianoce_v_Budatine_web-scaled.jpg\",\"datePublished\":\"2023-11-24T12:16:15+00:00\",\"dateModified\":\"2023-12-11T12:58:48+00:00\",\"breadcrumb\":{\"@id\":\"https:\\\/\\\/pmza.sk\\\/?p=59350#breadcrumb\"},\"inLanguage\":\"sk-SK\",\"potentialAction\":[{\"@type\":\"ReadAction\",\"target\":[\"https:\\\/\\\/pmza.sk\\\/?p=59350\"]}]},{\"@type\":\"ImageObject\",\"inLanguage\":\"sk-SK\",\"@id\":\"https:\\\/\\\/pmza.sk\\\/?p=59350#primaryimage\",\"url\":\"https:\\\/\\\/pmza.sk\\\/wp-content\\\/uploads\\\/2023\\\/11\\\/Vianoce_v_Budatine_web-scaled.jpg\",\"contentUrl\":\"https:\\\/\\\/pmza.sk\\\/wp-content\\\/uploads\\\/2023\\\/11\\\/Vianoce_v_Budatine_web-scaled.jpg\",\"width\":2560,\"height\":2560},{\"@type\":\"BreadcrumbList\",\"@id\":\"https:\\\/\\\/pmza.sk\\\/?p=59350#breadcrumb\",\"itemListElement\":[{\"@type\":\"ListItem\",\"position\":1,\"name\":\"Domovsk\u00e1 str\u00e1nka\",\"item\":\"https:\\\/\\\/pmza.sk\\\/\"},{\"@type\":\"ListItem\",\"position\":2,\"name\":\"Vianoce v Budat\u00edne\"}]},{\"@type\":\"WebSite\",\"@id\":\"https:\\\/\\\/pmza.sk\\\/#website\",\"url\":\"https:\\\/\\\/pmza.sk\\\/\",\"name\":\"Pova\u017esk\u00e9 m\u00fazeum\",\"description\":\"Pova\u017esk\u00e9 m\u00fazeum v \u017diline je region\u00e1lne m\u00fazeum so s\u00eddlom v Budat\u00edne. Jeho expoz\u00edcie s\u00fa zameran\u00e9 na dejiny slovensk\u00e9ho umenia, kult\u00fary a dopravy.\",\"publisher\":{\"@id\":\"https:\\\/\\\/pmza.sk\\\/#organization\"},\"potentialAction\":[{\"@type\":\"SearchAction\",\"target\":{\"@type\":\"EntryPoint\",\"urlTemplate\":\"https:\\\/\\\/pmza.sk\\\/?s={search_term_string}\"},\"query-input\":{\"@type\":\"PropertyValueSpecification\",\"valueRequired\":true,\"valueName\":\"search_term_string\"}}],\"inLanguage\":\"sk-SK\"},{\"@type\":\"Organization\",\"@id\":\"https:\\\/\\\/pmza.sk\\\/#organization\",\"name\":\"Pova\u017esk\u00e9 m\u00fazeum\",\"url\":\"https:\\\/\\\/pmza.sk\\\/\",\"logo\":{\"@type\":\"ImageObject\",\"inLanguage\":\"sk-SK\",\"@id\":\"https:\\\/\\\/pmza.sk\\\/#\\\/schema\\\/logo\\\/image\\\/\",\"url\":\"https:\\\/\\\/pmza.sk\\\/wp-content\\\/uploads\\\/2022\\\/01\\\/logo_PM_horizontal.jpg\",\"contentUrl\":\"https:\\\/\\\/pmza.sk\\\/wp-content\\\/uploads\\\/2022\\\/01\\\/logo_PM_horizontal.jpg\",\"width\":231,\"height\":142,\"caption\":\"Pova\u017esk\u00e9 m\u00fazeum\"},\"image\":{\"@id\":\"https:\\\/\\\/pmza.sk\\\/#\\\/schema\\\/logo\\\/image\\\/\"},\"sameAs\":[\"https:\\\/\\\/www.facebook.com\\\/povazskemuzeum\",\"https:\\\/\\\/www.instagram.com\\\/povazskemuzeum\\\/\"]},{\"@type\":\"Person\",\"@id\":\"https:\\\/\\\/pmza.sk\\\/#\\\/schema\\\/person\\\/595e6a2ce731ea94dcd5d7f50a41ae33\",\"name\":\"Pova\u017esk\u00e9 m\u00fazeum\",\"image\":{\"@type\":\"ImageObject\",\"inLanguage\":\"sk-SK\",\"@id\":\"https:\\\/\\\/secure.gravatar.com\\\/avatar\\\/2bb7f1561282132fb5826dfeccc66c7996d11ee392ac6aaf7ced8a1c2027fbb2?s=96&d=mm&r=g\",\"url\":\"https:\\\/\\\/secure.gravatar.com\\\/avatar\\\/2bb7f1561282132fb5826dfeccc66c7996d11ee392ac6aaf7ced8a1c2027fbb2?s=96&d=mm&r=g\",\"contentUrl\":\"https:\\\/\\\/secure.gravatar.com\\\/avatar\\\/2bb7f1561282132fb5826dfeccc66c7996d11ee392ac6aaf7ced8a1c2027fbb2?s=96&d=mm&r=g\",\"caption\":\"Pova\u017esk\u00e9 m\u00fazeum\"}}]}<\/script>\n<!-- \/ Yoast SEO plugin. -->","yoast_head_json":{"title":"Vianoce v Budat\u00edne - Pova\u017esk\u00e9 m\u00fazeum","robots":{"index":"index","follow":"follow","max-snippet":"max-snippet:-1","max-image-preview":"max-image-preview:large","max-video-preview":"max-video-preview:-1"},"canonical":"https:\/\/pmza.sk\/?p=59350","og_locale":"sk_SK","og_type":"article","og_title":"Vianoce v Budat\u00edne - Pova\u017esk\u00e9 m\u00fazeum","og_description":"Za\u017eite s\u00a0nami viano\u010dn\u00fa atmosf\u00e9ru v\u00a0prostred\u00ed Budat\u00ednskeho hradu! Pova\u017esk\u00e9 m\u00fazeum poz\u00fdva v\u0161etk\u00fdch svojich n\u00e1v\u0161tevn\u00edkov na podujatie Vianoce v\u00a0Budat\u00edne. V\u00a0kaplnke hradu si m\u00f4\u017eu z\u00e1ujemcovia od 9.00 do 16.00 pozrie\u0165 v\u00fdstavu s\u00a0n\u00e1zvom Viano\u010dn\u00e9 tajomstvo, ktor\u00e1 ich prenesie v\u00a0\u010dase a\u00a0predstav\u00ed viano\u010dn\u00e9 poh\u013eadnice, r\u00f4zne druhy ozd\u00f4b a\u00a0betlehemov zo zbierok m\u00fazea. Pred kaplnkou sa bude aj tento rok nach\u00e1dza\u0165 strom\u010dek, ktor\u00fd [&hellip;]","og_url":"https:\/\/pmza.sk\/?p=59350","og_site_name":"Pova\u017esk\u00e9 m\u00fazeum","article_publisher":"https:\/\/www.facebook.com\/povazskemuzeum","article_published_time":"2023-11-24T12:16:15+00:00","article_modified_time":"2023-12-11T12:58:48+00:00","og_image":[{"width":2560,"height":2560,"url":"https:\/\/pmza.sk\/wp-content\/uploads\/2023\/11\/Vianoce_v_Budatine_web-scaled.jpg","type":"image\/jpeg"}],"author":"Pova\u017esk\u00e9 m\u00fazeum","twitter_card":"summary_large_image","twitter_misc":{"Autor":"Pova\u017esk\u00e9 m\u00fazeum","Predpokladan\u00fd \u010das \u010d\u00edtania":"1 min\u00fata"},"schema":{"@context":"https:\/\/schema.org","@graph":[{"@type":"Article","@id":"https:\/\/pmza.sk\/?p=59350#article","isPartOf":{"@id":"https:\/\/pmza.sk\/?p=59350"},"author":{"name":"Pova\u017esk\u00e9 m\u00fazeum","@id":"https:\/\/pmza.sk\/#\/schema\/person\/595e6a2ce731ea94dcd5d7f50a41ae33"},"headline":"Vianoce v Budat\u00edne","datePublished":"2023-11-24T12:16:15+00:00","dateModified":"2023-12-11T12:58:48+00:00","mainEntityOfPage":{"@id":"https:\/\/pmza.sk\/?p=59350"},"wordCount":296,"commentCount":0,"publisher":{"@id":"https:\/\/pmza.sk\/#organization"},"image":{"@id":"https:\/\/pmza.sk\/?p=59350#primaryimage"},"thumbnailUrl":"https:\/\/pmza.sk\/wp-content\/uploads\/2023\/11\/Vianoce_v_Budatine_web-scaled.jpg","articleSection":["Podujatia"],"inLanguage":"sk-SK"},{"@type":"WebPage","@id":"https:\/\/pmza.sk\/?p=59350","url":"https:\/\/pmza.sk\/?p=59350","name":"Vianoce v Budat\u00edne - Pova\u017esk\u00e9 m\u00fazeum","isPartOf":{"@id":"https:\/\/pmza.sk\/#website"},"primaryImageOfPage":{"@id":"https:\/\/pmza.sk\/?p=59350#primaryimage"},"image":{"@id":"https:\/\/pmza.sk\/?p=59350#primaryimage"},"thumbnailUrl":"https:\/\/pmza.sk\/wp-content\/uploads\/2023\/11\/Vianoce_v_Budatine_web-scaled.jpg","datePublished":"2023-11-24T12:16:15+00:00","dateModified":"2023-12-11T12:58:48+00:00","breadcrumb":{"@id":"https:\/\/pmza.sk\/?p=59350#breadcrumb"},"inLanguage":"sk-SK","potentialAction":[{"@type":"ReadAction","target":["https:\/\/pmza.sk\/?p=59350"]}]},{"@type":"ImageObject","inLanguage":"sk-SK","@id":"https:\/\/pmza.sk\/?p=59350#primaryimage","url":"https:\/\/pmza.sk\/wp-content\/uploads\/2023\/11\/Vianoce_v_Budatine_web-scaled.jpg","contentUrl":"https:\/\/pmza.sk\/wp-content\/uploads\/2023\/11\/Vianoce_v_Budatine_web-scaled.jpg","width":2560,"height":2560},{"@type":"BreadcrumbList","@id":"https:\/\/pmza.sk\/?p=59350#breadcrumb","itemListElement":[{"@type":"ListItem","position":1,"name":"Domovsk\u00e1 str\u00e1nka","item":"https:\/\/pmza.sk\/"},{"@type":"ListItem","position":2,"name":"Vianoce v Budat\u00edne"}]},{"@type":"WebSite","@id":"https:\/\/pmza.sk\/#website","url":"https:\/\/pmza.sk\/","name":"Pova\u017esk\u00e9 m\u00fazeum","description":"Pova\u017esk\u00e9 m\u00fazeum v \u017diline je region\u00e1lne m\u00fazeum so s\u00eddlom v Budat\u00edne. Jeho expoz\u00edcie s\u00fa zameran\u00e9 na dejiny slovensk\u00e9ho umenia, kult\u00fary a dopravy.","publisher":{"@id":"https:\/\/pmza.sk\/#organization"},"potentialAction":[{"@type":"SearchAction","target":{"@type":"EntryPoint","urlTemplate":"https:\/\/pmza.sk\/?s={search_term_string}"},"query-input":{"@type":"PropertyValueSpecification","valueRequired":true,"valueName":"search_term_string"}}],"inLanguage":"sk-SK"},{"@type":"Organization","@id":"https:\/\/pmza.sk\/#organization","name":"Pova\u017esk\u00e9 m\u00fazeum","url":"https:\/\/pmza.sk\/","logo":{"@type":"ImageObject","inLanguage":"sk-SK","@id":"https:\/\/pmza.sk\/#\/schema\/logo\/image\/","url":"https:\/\/pmza.sk\/wp-content\/uploads\/2022\/01\/logo_PM_horizontal.jpg","contentUrl":"https:\/\/pmza.sk\/wp-content\/uploads\/2022\/01\/logo_PM_horizontal.jpg","width":231,"height":142,"caption":"Pova\u017esk\u00e9 m\u00fazeum"},"image":{"@id":"https:\/\/pmza.sk\/#\/schema\/logo\/image\/"},"sameAs":["https:\/\/www.facebook.com\/povazskemuzeum","https:\/\/www.instagram.com\/povazskemuzeum\/"]},{"@type":"Person","@id":"https:\/\/pmza.sk\/#\/schema\/person\/595e6a2ce731ea94dcd5d7f50a41ae33","name":"Pova\u017esk\u00e9 m\u00fazeum","image":{"@type":"ImageObject","inLanguage":"sk-SK","@id":"https:\/\/secure.gravatar.com\/avatar\/2bb7f1561282132fb5826dfeccc66c7996d11ee392ac6aaf7ced8a1c2027fbb2?s=96&d=mm&r=g","url":"https:\/\/secure.gravatar.com\/avatar\/2bb7f1561282132fb5826dfeccc66c7996d11ee392ac6aaf7ced8a1c2027fbb2?s=96&d=mm&r=g","contentUrl":"https:\/\/secure.gravatar.com\/avatar\/2bb7f1561282132fb5826dfeccc66c7996d11ee392ac6aaf7ced8a1c2027fbb2?s=96&d=mm&r=g","caption":"Pova\u017esk\u00e9 m\u00fazeum"}}]}},"_links":{"self":[{"href":"https:\/\/pmza.sk\/index.php?rest_route=\/wp\/v2\/posts\/59350","targetHints":{"allow":["GET"]}}],"collection":[{"href":"https:\/\/pmza.sk\/index.php?rest_route=\/wp\/v2\/posts"}],"about":[{"href":"https:\/\/pmza.sk\/index.php?rest_route=\/wp\/v2\/types\/post"}],"author":[{"embeddable":true,"href":"https:\/\/pmza.sk\/index.php?rest_route=\/wp\/v2\/users\/2"}],"replies":[{"embeddable":true,"href":"https:\/\/pmza.sk\/index.php?rest_route=%2Fwp%2Fv2%2Fcomments&post=59350"}],"version-history":[{"count":0,"href":"https:\/\/pmza.sk\/index.php?rest_route=\/wp\/v2\/posts\/59350\/revisions"}],"wp:featuredmedia":[{"embeddable":true,"href":"https:\/\/pmza.sk\/index.php?rest_route=\/wp\/v2\/media\/59353"}],"wp:attachment":[{"href":"https:\/\/pmza.sk\/index.php?rest_route=%2Fwp%2Fv2%2Fmedia&parent=59350"}],"wp:term":[{"taxonomy":"category","embeddable":true,"href":"https:\/\/pmza.sk\/index.php?rest_route=%2Fwp%2Fv2%2Fcategories&post=59350"},{"taxonomy":"post_tag","embeddable":true,"href":"https:\/\/pmza.sk\/index.php?rest_route=%2Fwp%2Fv2%2Ftags&post=59350"}],"curies":[{"name":"wp","href":"https:\/\/api.w.org\/{rel}","templated":true}]}}