{"id":59428,"date":"2023-12-01T08:51:29","date_gmt":"2023-12-01T07:51:29","guid":{"rendered":"https:\/\/pmza.sk\/?p=59428"},"modified":"2025-05-13T09:47:58","modified_gmt":"2025-05-13T07:47:58","slug":"predmetom-mesiaca-december-je-soska-sv-jozefa","status":"publish","type":"post","link":"https:\/\/pmza.sk\/?p=59428","title":{"rendered":"Predmetom mesiaca december je so\u0161ka sv. Jozefa"},"content":{"rendered":"<p>Zbierkov\u00fd fond drot\u00e1rstva Pova\u017esk\u00e9ho m\u00fazea obsahuje okrem dr\u00f4ten\u00fdch artefaktov dokumentuj\u00facich v\u00fdvoj remesla aj predmety etnografickej povahy, ktor\u00e9 n\u00e1m pom\u00e1haj\u00fa rekon\u0161truova\u0165 sp\u00f4sob \u017eivota obyvate\u013eov v\u00fdznamn\u00fdch drot\u00e1rskych centier na severoz\u00e1padnom Slovensku. K vz\u00e1cnym expon\u00e1tom v tomto zmysle patr\u00ed dreven\u00e1 \u013eudov\u00e1 so\u0161ka so sakr\u00e1lnym n\u00e1metom zobrazuj\u00faca sv. Jozefa s mal\u00fdm Je\u017ei\u0161om, ktor\u00e1 sa stala zbierkov\u00fdm predmetom mesiaca december.<\/p>\n<p>Do zbierok m\u00fazea sa dostala v roku 2008 od Anny Pol\u00e1\u0161kovej z Ve\u013ek\u00e9ho Rovn\u00e9ho. V rodine jej patrilo skuto\u010dne v\u00fdnimo\u010dn\u00e9 miesto a pod\u013ea spomienok poslednej majite\u013eky bola s\u00fa\u010das\u0165ou takzvan\u00e9ho sv\u00e4t\u00e9ho k\u00fata v izbe drevenice, ktor\u00e1 bola postaven\u00e1 e\u0161te v roku 1760 v \u010dasti obce naz\u00fdvanej \u201eu Baculi.\u201c Kultov\u00fd alebo sv\u00e4t\u00fd k\u00fat, ako ho v Rovnom \u010dastej\u0161ie naz\u00fdvali, sa v minulosti nach\u00e1dzal v ka\u017edom vidieckom pr\u00edbytku. Tu sa rodina stret\u00e1vala pri pravidelnom modlen\u00ed a stolovan\u00ed a sem dom\u00e1ci umiest\u0148ovali okrem s\u00f4ch sv\u00e4tcov aj p\u00fa\u0165ov\u00e9 tla\u010de, sv\u00e4t\u00e9 obrazy, kr\u00ed\u017ee \u010di ma\u013eby na skle. Pri tomto malom olt\u00e1riku sa odohr\u00e1vali aj v\u0161etky d\u00f4le\u017eit\u00e9 rodinn\u00e9 udalosti, zvyky a obrady.<\/p>\n<p>So\u0161ku sv. Jozefa zhotovil nezn\u00e1my \u013eudov\u00fd rezb\u00e1r v\u00a0roku 1900.\u00a0 \u00dadaj o jej veku prezr\u00e1dza vro\u010denie na mas\u00edvnom drevenom podstavci. Cenen\u00e1 je nielen v\u010faka prec\u00edznemu v\u00fdtvarn\u00e9mu prevedeniu a monument\u00e1lnosti, ale predov\u0161etk\u00fdm kv\u00f4li funkcii, ktor\u00fa v minulosti plnila. Sv\u00e4tec ochra\u0148oval obyvate\u013eov domu a ich majetok pred \u017eiveln\u00fdmi pohromami i nadprirodzen\u00fdmi silami a\u00a0z\u00e1rove\u0148 bol pre dom\u00e1cich zdrojom \u00fatechy v\u00a0\u0165a\u017ek\u00fdch \u017eivotn\u00fdch situ\u00e1ci\u00e1ch. Expon\u00e1t je o\u00a0to vz\u00e1cnej\u0161\u00ed, \u017ee bol vyroben\u00fd v\u00a0obdob\u00ed, ktor\u00e9 charakterizuje v\u00fdrazn\u00fd pokles produkcie dreven\u00fdch \u013eudov\u00fdch plast\u00edk, preto\u017ee vidiecky vkus sa zrazu zmenil. Na dedin\u00e1ch ich obyvatelia za\u010dali nahr\u00e1dza\u0165 kupovan\u00fdmi so\u0161kami zo sadry alebo keramiky s\u00a0n\u00edzkou v\u00fdtvarnou hodnotou a \u00a0polychr\u00f3movan\u00e9 plastiky z dreva postupne odkladali na povaly domov.<\/p>\n<p>Sakr\u00e1lne so\u0161ky vyrez\u00e1vali samoukovia, \u010dasto na objedn\u00e1vky. In\u0161pirovali sa najm\u00e4 barokov\u00fdmi ikonografick\u00fdmi predlohami, ktor\u00e9 pre rezb\u00e1rov a\u00a0maliarov rozmno\u017eovali lok\u00e1lne tla\u010diarne pod\u013ea drevorytov \u010di obrazov\u00fdmi reprodukciami z\u00a0modlitebn\u00fdch kn\u00edh a\u00a0pod. Zobrazenie sv. Jozefa bolo v\u00a0\u013eudovom prostred\u00ed menej \u010dast\u00e9, no napriek tomu sa tento sv\u00e4tec te\u0161il mimoriadnej \u00facte, predov\u0161etk\u00fdm ako patr\u00f3n tes\u00e1rov a\u00a0robotn\u00edkov pracuj\u00facich s\u00a0drevom. Ako pest\u00fana\u00a0Je\u017ei\u0161a Krista ho uctievali man\u017eelia, otcovia \u010di vychov\u00e1vatelia rod\u00edn.<\/p>\n<p>So\u0161ku sv. Jozefa m\u00f4\u017eu vidie\u0165 n\u00e1v\u0161tevn\u00edci v infopulte Budat\u00ednskehoh radu cel\u00fd december v \u010dase otv\u00e1rac\u00edch hod\u00edn.<\/p>\n<p><em>Expon\u00e1t re\u0161taurovala Mgr. art. Barbora Lokajov\u00e1 v\u00a0roku 2023. Plastika nie je \u00fapln\u00e1, sv. Jozef v\u00a0pravej ruke p\u00f4vodne dr\u017eal \u013ealiu, jeden zo svojich atrib\u00fatov. <\/em><\/p>\n<p>Text: Mgr. Katar\u00edna Kendrov\u00e1<\/p>\n","protected":false},"excerpt":{"rendered":"<p>Zbierkov\u00fd fond drot\u00e1rstva Pova\u017esk\u00e9ho m\u00fazea obsahuje okrem dr\u00f4ten\u00fdch artefaktov dokumentuj\u00facich v\u00fdvoj remesla aj predmety etnografickej povahy, ktor\u00e9 n\u00e1m pom\u00e1haj\u00fa rekon\u0161truova\u0165 sp\u00f4sob \u017eivota obyvate\u013eov v\u00fdznamn\u00fdch drot\u00e1rskych centier na severoz\u00e1padnom Slovensku. K vz\u00e1cnym expon\u00e1tom v tomto zmysle patr\u00ed dreven\u00e1 \u013eudov\u00e1 so\u0161ka so sakr\u00e1lnym n\u00e1metom zobrazuj\u00faca sv. Jozefa s mal\u00fdm Je\u017ei\u0161om, ktor\u00e1 sa stala zbierkov\u00fdm predmetom mesiaca december. [&hellip;]<\/p>\n","protected":false},"author":2,"featured_media":59429,"comment_status":"closed","ping_status":"closed","sticky":false,"template":"","format":"standard","meta":{"site-sidebar-layout":"default","site-content-layout":"default","ast-site-content-layout":"default","site-content-style":"default","site-sidebar-style":"default","ast-global-header-display":"","ast-banner-title-visibility":"","ast-main-header-display":"","ast-hfb-above-header-display":"","ast-hfb-below-header-display":"","ast-hfb-mobile-header-display":"","site-post-title":"","ast-breadcrumbs-content":"","ast-featured-img":"","footer-sml-layout":"","theme-transparent-header-meta":"default","adv-header-id-meta":"","stick-header-meta":"default","header-above-stick-meta":"","header-main-stick-meta":"","header-below-stick-meta":"","astra-migrate-meta-layouts":"set","ast-page-background-enabled":"default","ast-page-background-meta":{"desktop":{"background-color":"var(--ast-global-color-4)","background-image":"","background-repeat":"repeat","background-position":"center center","background-size":"auto","background-attachment":"scroll","background-type":"","background-media":"","overlay-type":"","overlay-color":"","overlay-opacity":"","overlay-gradient":""},"tablet":{"background-color":"","background-image":"","background-repeat":"repeat","background-position":"center center","background-size":"auto","background-attachment":"scroll","background-type":"","background-media":"","overlay-type":"","overlay-color":"","overlay-opacity":"","overlay-gradient":""},"mobile":{"background-color":"","background-image":"","background-repeat":"repeat","background-position":"center center","background-size":"auto","background-attachment":"scroll","background-type":"","background-media":"","overlay-type":"","overlay-color":"","overlay-opacity":"","overlay-gradient":""}},"ast-content-background-meta":{"desktop":{"background-color":"var(--ast-global-color-5)","background-image":"","background-repeat":"repeat","background-position":"center center","background-size":"auto","background-attachment":"scroll","background-type":"","background-media":"","overlay-type":"","overlay-color":"","overlay-opacity":"","overlay-gradient":""},"tablet":{"background-color":"var(--ast-global-color-5)","background-image":"","background-repeat":"repeat","background-position":"center center","background-size":"auto","background-attachment":"scroll","background-type":"","background-media":"","overlay-type":"","overlay-color":"","overlay-opacity":"","overlay-gradient":""},"mobile":{"background-color":"var(--ast-global-color-5)","background-image":"","background-repeat":"repeat","background-position":"center center","background-size":"auto","background-attachment":"scroll","background-type":"","background-media":"","overlay-type":"","overlay-color":"","overlay-opacity":"","overlay-gradient":""}},"footnotes":""},"categories":[31],"tags":[],"class_list":["post-59428","post","type-post","status-publish","format-standard","has-post-thumbnail","hentry","category-aktuality"],"yoast_head":"<!-- This site is optimized with the Yoast SEO plugin v27.4 - https:\/\/yoast.com\/product\/yoast-seo-wordpress\/ -->\n<title>Predmetom mesiaca december je so\u0161ka sv. Jozefa - Pova\u017esk\u00e9 m\u00fazeum<\/title>\n<meta name=\"robots\" content=\"index, follow, max-snippet:-1, max-image-preview:large, max-video-preview:-1\" \/>\n<link rel=\"canonical\" href=\"https:\/\/pmza.sk\/?p=59428\" \/>\n<meta property=\"og:locale\" content=\"sk_SK\" \/>\n<meta property=\"og:type\" content=\"article\" \/>\n<meta property=\"og:title\" content=\"Predmetom mesiaca december je so\u0161ka sv. Jozefa - Pova\u017esk\u00e9 m\u00fazeum\" \/>\n<meta property=\"og:description\" content=\"Zbierkov\u00fd fond drot\u00e1rstva Pova\u017esk\u00e9ho m\u00fazea obsahuje okrem dr\u00f4ten\u00fdch artefaktov dokumentuj\u00facich v\u00fdvoj remesla aj predmety etnografickej povahy, ktor\u00e9 n\u00e1m pom\u00e1haj\u00fa rekon\u0161truova\u0165 sp\u00f4sob \u017eivota obyvate\u013eov v\u00fdznamn\u00fdch drot\u00e1rskych centier na severoz\u00e1padnom Slovensku. K vz\u00e1cnym expon\u00e1tom v tomto zmysle patr\u00ed dreven\u00e1 \u013eudov\u00e1 so\u0161ka so sakr\u00e1lnym n\u00e1metom zobrazuj\u00faca sv. Jozefa s mal\u00fdm Je\u017ei\u0161om, ktor\u00e1 sa stala zbierkov\u00fdm predmetom mesiaca december. [&hellip;]\" \/>\n<meta property=\"og:url\" content=\"https:\/\/pmza.sk\/?p=59428\" \/>\n<meta property=\"og:site_name\" content=\"Pova\u017esk\u00e9 m\u00fazeum\" \/>\n<meta property=\"article:publisher\" content=\"https:\/\/www.facebook.com\/povazskemuzeum\" \/>\n<meta property=\"article:published_time\" content=\"2023-12-01T07:51:29+00:00\" \/>\n<meta property=\"article:modified_time\" content=\"2025-05-13T07:47:58+00:00\" \/>\n<meta property=\"og:image\" content=\"https:\/\/pmza.sk\/wp-content\/uploads\/2023\/12\/Soska-sv.-Jozefa-scaled.jpg\" \/>\n\t<meta property=\"og:image:width\" content=\"1920\" \/>\n\t<meta property=\"og:image:height\" content=\"2560\" \/>\n\t<meta property=\"og:image:type\" content=\"image\/jpeg\" \/>\n<meta name=\"author\" content=\"Pova\u017esk\u00e9 m\u00fazeum\" \/>\n<meta name=\"twitter:card\" content=\"summary_large_image\" \/>\n<meta name=\"twitter:label1\" content=\"Autor\" \/>\n\t<meta name=\"twitter:data1\" content=\"Pova\u017esk\u00e9 m\u00fazeum\" \/>\n\t<meta name=\"twitter:label2\" content=\"Predpokladan\u00fd \u010das \u010d\u00edtania\" \/>\n\t<meta name=\"twitter:data2\" content=\"3 min\u00faty\" \/>\n<script type=\"application\/ld+json\" class=\"yoast-schema-graph\">{\"@context\":\"https:\\\/\\\/schema.org\",\"@graph\":[{\"@type\":\"Article\",\"@id\":\"https:\\\/\\\/pmza.sk\\\/?p=59428#article\",\"isPartOf\":{\"@id\":\"https:\\\/\\\/pmza.sk\\\/?p=59428\"},\"author\":{\"name\":\"Pova\u017esk\u00e9 m\u00fazeum\",\"@id\":\"https:\\\/\\\/pmza.sk\\\/#\\\/schema\\\/person\\\/595e6a2ce731ea94dcd5d7f50a41ae33\"},\"headline\":\"Predmetom mesiaca december je so\u0161ka sv. Jozefa\",\"datePublished\":\"2023-12-01T07:51:29+00:00\",\"dateModified\":\"2025-05-13T07:47:58+00:00\",\"mainEntityOfPage\":{\"@id\":\"https:\\\/\\\/pmza.sk\\\/?p=59428\"},\"wordCount\":541,\"publisher\":{\"@id\":\"https:\\\/\\\/pmza.sk\\\/#organization\"},\"image\":{\"@id\":\"https:\\\/\\\/pmza.sk\\\/?p=59428#primaryimage\"},\"thumbnailUrl\":\"https:\\\/\\\/pmza.sk\\\/wp-content\\\/uploads\\\/2023\\\/12\\\/Soska-sv.-Jozefa-scaled.jpg\",\"articleSection\":[\"Aktuality\"],\"inLanguage\":\"sk-SK\"},{\"@type\":\"WebPage\",\"@id\":\"https:\\\/\\\/pmza.sk\\\/?p=59428\",\"url\":\"https:\\\/\\\/pmza.sk\\\/?p=59428\",\"name\":\"Predmetom mesiaca december je so\u0161ka sv. Jozefa - Pova\u017esk\u00e9 m\u00fazeum\",\"isPartOf\":{\"@id\":\"https:\\\/\\\/pmza.sk\\\/#website\"},\"primaryImageOfPage\":{\"@id\":\"https:\\\/\\\/pmza.sk\\\/?p=59428#primaryimage\"},\"image\":{\"@id\":\"https:\\\/\\\/pmza.sk\\\/?p=59428#primaryimage\"},\"thumbnailUrl\":\"https:\\\/\\\/pmza.sk\\\/wp-content\\\/uploads\\\/2023\\\/12\\\/Soska-sv.-Jozefa-scaled.jpg\",\"datePublished\":\"2023-12-01T07:51:29+00:00\",\"dateModified\":\"2025-05-13T07:47:58+00:00\",\"breadcrumb\":{\"@id\":\"https:\\\/\\\/pmza.sk\\\/?p=59428#breadcrumb\"},\"inLanguage\":\"sk-SK\",\"potentialAction\":[{\"@type\":\"ReadAction\",\"target\":[\"https:\\\/\\\/pmza.sk\\\/?p=59428\"]}]},{\"@type\":\"ImageObject\",\"inLanguage\":\"sk-SK\",\"@id\":\"https:\\\/\\\/pmza.sk\\\/?p=59428#primaryimage\",\"url\":\"https:\\\/\\\/pmza.sk\\\/wp-content\\\/uploads\\\/2023\\\/12\\\/Soska-sv.-Jozefa-scaled.jpg\",\"contentUrl\":\"https:\\\/\\\/pmza.sk\\\/wp-content\\\/uploads\\\/2023\\\/12\\\/Soska-sv.-Jozefa-scaled.jpg\",\"width\":1920,\"height\":2560},{\"@type\":\"BreadcrumbList\",\"@id\":\"https:\\\/\\\/pmza.sk\\\/?p=59428#breadcrumb\",\"itemListElement\":[{\"@type\":\"ListItem\",\"position\":1,\"name\":\"Domovsk\u00e1 str\u00e1nka\",\"item\":\"https:\\\/\\\/pmza.sk\\\/\"},{\"@type\":\"ListItem\",\"position\":2,\"name\":\"Predmetom mesiaca december je so\u0161ka sv. Jozefa\"}]},{\"@type\":\"WebSite\",\"@id\":\"https:\\\/\\\/pmza.sk\\\/#website\",\"url\":\"https:\\\/\\\/pmza.sk\\\/\",\"name\":\"Pova\u017esk\u00e9 m\u00fazeum\",\"description\":\"Pova\u017esk\u00e9 m\u00fazeum v \u017diline je region\u00e1lne m\u00fazeum so s\u00eddlom v Budat\u00edne. Jeho expoz\u00edcie s\u00fa zameran\u00e9 na dejiny slovensk\u00e9ho umenia, kult\u00fary a dopravy.\",\"publisher\":{\"@id\":\"https:\\\/\\\/pmza.sk\\\/#organization\"},\"potentialAction\":[{\"@type\":\"SearchAction\",\"target\":{\"@type\":\"EntryPoint\",\"urlTemplate\":\"https:\\\/\\\/pmza.sk\\\/?s={search_term_string}\"},\"query-input\":{\"@type\":\"PropertyValueSpecification\",\"valueRequired\":true,\"valueName\":\"search_term_string\"}}],\"inLanguage\":\"sk-SK\"},{\"@type\":\"Organization\",\"@id\":\"https:\\\/\\\/pmza.sk\\\/#organization\",\"name\":\"Pova\u017esk\u00e9 m\u00fazeum\",\"url\":\"https:\\\/\\\/pmza.sk\\\/\",\"logo\":{\"@type\":\"ImageObject\",\"inLanguage\":\"sk-SK\",\"@id\":\"https:\\\/\\\/pmza.sk\\\/#\\\/schema\\\/logo\\\/image\\\/\",\"url\":\"https:\\\/\\\/pmza.sk\\\/wp-content\\\/uploads\\\/2022\\\/01\\\/logo_PM_horizontal.jpg\",\"contentUrl\":\"https:\\\/\\\/pmza.sk\\\/wp-content\\\/uploads\\\/2022\\\/01\\\/logo_PM_horizontal.jpg\",\"width\":231,\"height\":142,\"caption\":\"Pova\u017esk\u00e9 m\u00fazeum\"},\"image\":{\"@id\":\"https:\\\/\\\/pmza.sk\\\/#\\\/schema\\\/logo\\\/image\\\/\"},\"sameAs\":[\"https:\\\/\\\/www.facebook.com\\\/povazskemuzeum\",\"https:\\\/\\\/www.instagram.com\\\/povazskemuzeum\\\/\"]},{\"@type\":\"Person\",\"@id\":\"https:\\\/\\\/pmza.sk\\\/#\\\/schema\\\/person\\\/595e6a2ce731ea94dcd5d7f50a41ae33\",\"name\":\"Pova\u017esk\u00e9 m\u00fazeum\",\"image\":{\"@type\":\"ImageObject\",\"inLanguage\":\"sk-SK\",\"@id\":\"https:\\\/\\\/secure.gravatar.com\\\/avatar\\\/2bb7f1561282132fb5826dfeccc66c7996d11ee392ac6aaf7ced8a1c2027fbb2?s=96&d=mm&r=g\",\"url\":\"https:\\\/\\\/secure.gravatar.com\\\/avatar\\\/2bb7f1561282132fb5826dfeccc66c7996d11ee392ac6aaf7ced8a1c2027fbb2?s=96&d=mm&r=g\",\"contentUrl\":\"https:\\\/\\\/secure.gravatar.com\\\/avatar\\\/2bb7f1561282132fb5826dfeccc66c7996d11ee392ac6aaf7ced8a1c2027fbb2?s=96&d=mm&r=g\",\"caption\":\"Pova\u017esk\u00e9 m\u00fazeum\"}}]}<\/script>\n<!-- \/ Yoast SEO plugin. -->","yoast_head_json":{"title":"Predmetom mesiaca december je so\u0161ka sv. Jozefa - Pova\u017esk\u00e9 m\u00fazeum","robots":{"index":"index","follow":"follow","max-snippet":"max-snippet:-1","max-image-preview":"max-image-preview:large","max-video-preview":"max-video-preview:-1"},"canonical":"https:\/\/pmza.sk\/?p=59428","og_locale":"sk_SK","og_type":"article","og_title":"Predmetom mesiaca december je so\u0161ka sv. Jozefa - Pova\u017esk\u00e9 m\u00fazeum","og_description":"Zbierkov\u00fd fond drot\u00e1rstva Pova\u017esk\u00e9ho m\u00fazea obsahuje okrem dr\u00f4ten\u00fdch artefaktov dokumentuj\u00facich v\u00fdvoj remesla aj predmety etnografickej povahy, ktor\u00e9 n\u00e1m pom\u00e1haj\u00fa rekon\u0161truova\u0165 sp\u00f4sob \u017eivota obyvate\u013eov v\u00fdznamn\u00fdch drot\u00e1rskych centier na severoz\u00e1padnom Slovensku. K vz\u00e1cnym expon\u00e1tom v tomto zmysle patr\u00ed dreven\u00e1 \u013eudov\u00e1 so\u0161ka so sakr\u00e1lnym n\u00e1metom zobrazuj\u00faca sv. Jozefa s mal\u00fdm Je\u017ei\u0161om, ktor\u00e1 sa stala zbierkov\u00fdm predmetom mesiaca december. [&hellip;]","og_url":"https:\/\/pmza.sk\/?p=59428","og_site_name":"Pova\u017esk\u00e9 m\u00fazeum","article_publisher":"https:\/\/www.facebook.com\/povazskemuzeum","article_published_time":"2023-12-01T07:51:29+00:00","article_modified_time":"2025-05-13T07:47:58+00:00","og_image":[{"width":1920,"height":2560,"url":"https:\/\/pmza.sk\/wp-content\/uploads\/2023\/12\/Soska-sv.-Jozefa-scaled.jpg","type":"image\/jpeg"}],"author":"Pova\u017esk\u00e9 m\u00fazeum","twitter_card":"summary_large_image","twitter_misc":{"Autor":"Pova\u017esk\u00e9 m\u00fazeum","Predpokladan\u00fd \u010das \u010d\u00edtania":"3 min\u00faty"},"schema":{"@context":"https:\/\/schema.org","@graph":[{"@type":"Article","@id":"https:\/\/pmza.sk\/?p=59428#article","isPartOf":{"@id":"https:\/\/pmza.sk\/?p=59428"},"author":{"name":"Pova\u017esk\u00e9 m\u00fazeum","@id":"https:\/\/pmza.sk\/#\/schema\/person\/595e6a2ce731ea94dcd5d7f50a41ae33"},"headline":"Predmetom mesiaca december je so\u0161ka sv. Jozefa","datePublished":"2023-12-01T07:51:29+00:00","dateModified":"2025-05-13T07:47:58+00:00","mainEntityOfPage":{"@id":"https:\/\/pmza.sk\/?p=59428"},"wordCount":541,"publisher":{"@id":"https:\/\/pmza.sk\/#organization"},"image":{"@id":"https:\/\/pmza.sk\/?p=59428#primaryimage"},"thumbnailUrl":"https:\/\/pmza.sk\/wp-content\/uploads\/2023\/12\/Soska-sv.-Jozefa-scaled.jpg","articleSection":["Aktuality"],"inLanguage":"sk-SK"},{"@type":"WebPage","@id":"https:\/\/pmza.sk\/?p=59428","url":"https:\/\/pmza.sk\/?p=59428","name":"Predmetom mesiaca december je so\u0161ka sv. Jozefa - Pova\u017esk\u00e9 m\u00fazeum","isPartOf":{"@id":"https:\/\/pmza.sk\/#website"},"primaryImageOfPage":{"@id":"https:\/\/pmza.sk\/?p=59428#primaryimage"},"image":{"@id":"https:\/\/pmza.sk\/?p=59428#primaryimage"},"thumbnailUrl":"https:\/\/pmza.sk\/wp-content\/uploads\/2023\/12\/Soska-sv.-Jozefa-scaled.jpg","datePublished":"2023-12-01T07:51:29+00:00","dateModified":"2025-05-13T07:47:58+00:00","breadcrumb":{"@id":"https:\/\/pmza.sk\/?p=59428#breadcrumb"},"inLanguage":"sk-SK","potentialAction":[{"@type":"ReadAction","target":["https:\/\/pmza.sk\/?p=59428"]}]},{"@type":"ImageObject","inLanguage":"sk-SK","@id":"https:\/\/pmza.sk\/?p=59428#primaryimage","url":"https:\/\/pmza.sk\/wp-content\/uploads\/2023\/12\/Soska-sv.-Jozefa-scaled.jpg","contentUrl":"https:\/\/pmza.sk\/wp-content\/uploads\/2023\/12\/Soska-sv.-Jozefa-scaled.jpg","width":1920,"height":2560},{"@type":"BreadcrumbList","@id":"https:\/\/pmza.sk\/?p=59428#breadcrumb","itemListElement":[{"@type":"ListItem","position":1,"name":"Domovsk\u00e1 str\u00e1nka","item":"https:\/\/pmza.sk\/"},{"@type":"ListItem","position":2,"name":"Predmetom mesiaca december je so\u0161ka sv. Jozefa"}]},{"@type":"WebSite","@id":"https:\/\/pmza.sk\/#website","url":"https:\/\/pmza.sk\/","name":"Pova\u017esk\u00e9 m\u00fazeum","description":"Pova\u017esk\u00e9 m\u00fazeum v \u017diline je region\u00e1lne m\u00fazeum so s\u00eddlom v Budat\u00edne. Jeho expoz\u00edcie s\u00fa zameran\u00e9 na dejiny slovensk\u00e9ho umenia, kult\u00fary a dopravy.","publisher":{"@id":"https:\/\/pmza.sk\/#organization"},"potentialAction":[{"@type":"SearchAction","target":{"@type":"EntryPoint","urlTemplate":"https:\/\/pmza.sk\/?s={search_term_string}"},"query-input":{"@type":"PropertyValueSpecification","valueRequired":true,"valueName":"search_term_string"}}],"inLanguage":"sk-SK"},{"@type":"Organization","@id":"https:\/\/pmza.sk\/#organization","name":"Pova\u017esk\u00e9 m\u00fazeum","url":"https:\/\/pmza.sk\/","logo":{"@type":"ImageObject","inLanguage":"sk-SK","@id":"https:\/\/pmza.sk\/#\/schema\/logo\/image\/","url":"https:\/\/pmza.sk\/wp-content\/uploads\/2022\/01\/logo_PM_horizontal.jpg","contentUrl":"https:\/\/pmza.sk\/wp-content\/uploads\/2022\/01\/logo_PM_horizontal.jpg","width":231,"height":142,"caption":"Pova\u017esk\u00e9 m\u00fazeum"},"image":{"@id":"https:\/\/pmza.sk\/#\/schema\/logo\/image\/"},"sameAs":["https:\/\/www.facebook.com\/povazskemuzeum","https:\/\/www.instagram.com\/povazskemuzeum\/"]},{"@type":"Person","@id":"https:\/\/pmza.sk\/#\/schema\/person\/595e6a2ce731ea94dcd5d7f50a41ae33","name":"Pova\u017esk\u00e9 m\u00fazeum","image":{"@type":"ImageObject","inLanguage":"sk-SK","@id":"https:\/\/secure.gravatar.com\/avatar\/2bb7f1561282132fb5826dfeccc66c7996d11ee392ac6aaf7ced8a1c2027fbb2?s=96&d=mm&r=g","url":"https:\/\/secure.gravatar.com\/avatar\/2bb7f1561282132fb5826dfeccc66c7996d11ee392ac6aaf7ced8a1c2027fbb2?s=96&d=mm&r=g","contentUrl":"https:\/\/secure.gravatar.com\/avatar\/2bb7f1561282132fb5826dfeccc66c7996d11ee392ac6aaf7ced8a1c2027fbb2?s=96&d=mm&r=g","caption":"Pova\u017esk\u00e9 m\u00fazeum"}}]}},"_links":{"self":[{"href":"https:\/\/pmza.sk\/index.php?rest_route=\/wp\/v2\/posts\/59428","targetHints":{"allow":["GET"]}}],"collection":[{"href":"https:\/\/pmza.sk\/index.php?rest_route=\/wp\/v2\/posts"}],"about":[{"href":"https:\/\/pmza.sk\/index.php?rest_route=\/wp\/v2\/types\/post"}],"author":[{"embeddable":true,"href":"https:\/\/pmza.sk\/index.php?rest_route=\/wp\/v2\/users\/2"}],"replies":[{"embeddable":true,"href":"https:\/\/pmza.sk\/index.php?rest_route=%2Fwp%2Fv2%2Fcomments&post=59428"}],"version-history":[{"count":0,"href":"https:\/\/pmza.sk\/index.php?rest_route=\/wp\/v2\/posts\/59428\/revisions"}],"wp:featuredmedia":[{"embeddable":true,"href":"https:\/\/pmza.sk\/index.php?rest_route=\/wp\/v2\/media\/59429"}],"wp:attachment":[{"href":"https:\/\/pmza.sk\/index.php?rest_route=%2Fwp%2Fv2%2Fmedia&parent=59428"}],"wp:term":[{"taxonomy":"category","embeddable":true,"href":"https:\/\/pmza.sk\/index.php?rest_route=%2Fwp%2Fv2%2Fcategories&post=59428"},{"taxonomy":"post_tag","embeddable":true,"href":"https:\/\/pmza.sk\/index.php?rest_route=%2Fwp%2Fv2%2Ftags&post=59428"}],"curies":[{"name":"wp","href":"https:\/\/api.w.org\/{rel}","templated":true}]}}