{"id":59490,"date":"2023-12-06T10:18:28","date_gmt":"2023-12-06T09:18:28","guid":{"rendered":"https:\/\/pmza.sk\/?p=59490"},"modified":"2025-05-13T09:46:40","modified_gmt":"2025-05-13T07:46:40","slug":"uspesnasezonanahradestrecno","status":"publish","type":"post","link":"https:\/\/pmza.sk\/?p=59490","title":{"rendered":"\u00daspe\u0161n\u00e1 sez\u00f3na na hrade Stre\u010dno"},"content":{"rendered":"<p>Tohtoro\u010dn\u00e1 sez\u00f3na na hrade Stre\u010dno bola naozaj \u00faspe\u0161n\u00e1. Kult\u00farna pamiatka v\u00a0spr\u00e1ve Pova\u017esk\u00e9ho m\u00fazea priv\u00edtala v roku 2023 a\u017e 50\u00a0391 n\u00e1v\u0161tevn\u00edkov. Je to takmer o\u00a010\u00a0000 \u013eud\u00ed viac ako v\u00a0minulom roku. Hrad svoje br\u00e1ny otvoril v\u00a0sobotu 1. apr\u00edla a\u00a0a\u017e do okt\u00f3bra bol otvoren\u00fd ka\u017ed\u00fd de\u0148. V\u00a0novembri sa otv\u00e1racie hodiny obmedzili len po\u010das v\u00edkendov a\u00a0posledn\u00fd n\u00e1v\u0161tevn\u00edk pri\u0161iel v\u00a0nede\u013eu 19. novembra.<\/p>\n<p>Z\u00e1ujemcovia si u\u017eili nielen klasick\u00e9 sprev\u00e1dzan\u00e9 prehliadky, ale aj mnoh\u00e9 podujatia<em>. \u201eNajvy\u0161\u0161iu n\u00e1v\u0161tevnos\u0165 mali tradi\u010dn\u00e9 letn\u00e9 no\u010dn\u00e9 prehliadky a\u00a0Noc duchov, tekv\u00edc a\u00a0stra\u0161idiel. Trochu n\u00e1s mrz\u00ed, \u017ee po\u010das podujat\u00ed Hradn\u00e9 hry \u017dofie Bosniakovej a\u00a0Cestovanie v\u00a0\u010dase neprialo po\u010dasie, celkov\u00e1 n\u00e1v\u0161tevnos\u0165 mohla by\u0165 e\u0161te o\u00a0nieko\u013eko tis\u00edc vy\u0161\u0161ia, ale aj tak sa z\u00a0tohto po\u010dtu ve\u013emi te\u0161\u00edme. U\u017e sme sa pribl\u00ed\u017eili \u010d\u00edslam spred pand\u00e9mie,\u201c <\/em>uviedla spr\u00e1vky\u0148a hradu Stre\u010dno Katar\u00edna Rep\u00e1\u0148ov\u00e1. Ob\u013eube sa te\u0161il aj program Hradn\u00e1 \u0161kola pre \u0161kolsk\u00e9 skupiny a\u00a0tie\u017e v\u00fdstavy. Z\u00e1ujemcovia mohli po\u010das sez\u00f3ny obdivova\u0165 tri. Stredovek\u00fa dedinu Paseka a\u00a0cestu na hrad spr\u00edjemnili origin\u00e1lne diela \u017eiakov zo ZU\u0160 M. R. \u0160tef\u00e1nika v\u00a0\u010cadci. V\u00a0severnom pal\u00e1ci bola v\u00a0m\u00e1ji prezentovan\u00e1 v\u00fdstava Po stop\u00e1ch po\u013eskej geol\u00f3gie a\u00a0po jej skon\u010den\u00ed sa v\u00a0tomto priestore nach\u00e1dzala v\u00fdstava Kde bolo, tam bolo v\u00a0podan\u00ed Ondreja Zimku 4.<\/p>\n<p>Novinkou v tejto sez\u00f3ne bolo spr\u00edstupnenie \u010dasti novej interakt\u00edvnej expoz\u00edcie, ktor\u00e1 bola otvoren\u00e1 3. j\u00fala. Predstavuje majite\u013eov a spr\u00e1vcov hradu a\u00a0 tie\u017e vojensk\u00e9 dejiny. Expoz\u00edcia je prvou z pl\u00e1novan\u00fdch zmien na hrade, ktor\u00e9 by sa mali uskuto\u010dni\u0165 v pr\u00edpade z\u00edskania finan\u010dn\u00fdch prostriedkov. \u010eal\u0161ie \u010dasti by mali by\u0165 venovan\u00e9 <em>s<\/em>tavebn\u00fdm \u00faprav\u00e1m hradu v\u00a0r\u00f4znych obdobiach a\u00a0samozrejme najzn\u00e1mej\u0161ej majite\u013eke \u2013 \u017dofii Bosniakovej.<\/p>\n<p>Hrad Stre\u010dno bude op\u00e4\u0165 otvoren\u00fd na jar v roku 2024.<\/p>\n","protected":false},"excerpt":{"rendered":"<p>Tohtoro\u010dn\u00e1 sez\u00f3na na hrade Stre\u010dno bola naozaj \u00faspe\u0161n\u00e1. Kult\u00farna pamiatka v\u00a0spr\u00e1ve Pova\u017esk\u00e9ho m\u00fazea priv\u00edtala v roku 2023 a\u017e 50\u00a0391 n\u00e1v\u0161tevn\u00edkov. Je to takmer o\u00a010\u00a0000 \u013eud\u00ed viac ako v\u00a0minulom roku. Hrad svoje br\u00e1ny otvoril v\u00a0sobotu 1. apr\u00edla a\u00a0a\u017e do okt\u00f3bra bol otvoren\u00fd ka\u017ed\u00fd de\u0148. V\u00a0novembri sa otv\u00e1racie hodiny obmedzili len po\u010das v\u00edkendov a\u00a0posledn\u00fd n\u00e1v\u0161tevn\u00edk pri\u0161iel v\u00a0nede\u013eu [&hellip;]<\/p>\n","protected":false},"author":2,"featured_media":59491,"comment_status":"closed","ping_status":"closed","sticky":false,"template":"","format":"standard","meta":{"site-sidebar-layout":"default","site-content-layout":"default","ast-site-content-layout":"default","site-content-style":"default","site-sidebar-style":"default","ast-global-header-display":"","ast-banner-title-visibility":"","ast-main-header-display":"","ast-hfb-above-header-display":"","ast-hfb-below-header-display":"","ast-hfb-mobile-header-display":"","site-post-title":"","ast-breadcrumbs-content":"","ast-featured-img":"","footer-sml-layout":"","theme-transparent-header-meta":"default","adv-header-id-meta":"","stick-header-meta":"default","header-above-stick-meta":"","header-main-stick-meta":"","header-below-stick-meta":"","astra-migrate-meta-layouts":"set","ast-page-background-enabled":"default","ast-page-background-meta":{"desktop":{"background-color":"var(--ast-global-color-4)","background-image":"","background-repeat":"repeat","background-position":"center center","background-size":"auto","background-attachment":"scroll","background-type":"","background-media":"","overlay-type":"","overlay-color":"","overlay-opacity":"","overlay-gradient":""},"tablet":{"background-color":"","background-image":"","background-repeat":"repeat","background-position":"center center","background-size":"auto","background-attachment":"scroll","background-type":"","background-media":"","overlay-type":"","overlay-color":"","overlay-opacity":"","overlay-gradient":""},"mobile":{"background-color":"","background-image":"","background-repeat":"repeat","background-position":"center center","background-size":"auto","background-attachment":"scroll","background-type":"","background-media":"","overlay-type":"","overlay-color":"","overlay-opacity":"","overlay-gradient":""}},"ast-content-background-meta":{"desktop":{"background-color":"var(--ast-global-color-5)","background-image":"","background-repeat":"repeat","background-position":"center center","background-size":"auto","background-attachment":"scroll","background-type":"","background-media":"","overlay-type":"","overlay-color":"","overlay-opacity":"","overlay-gradient":""},"tablet":{"background-color":"var(--ast-global-color-5)","background-image":"","background-repeat":"repeat","background-position":"center center","background-size":"auto","background-attachment":"scroll","background-type":"","background-media":"","overlay-type":"","overlay-color":"","overlay-opacity":"","overlay-gradient":""},"mobile":{"background-color":"var(--ast-global-color-5)","background-image":"","background-repeat":"repeat","background-position":"center center","background-size":"auto","background-attachment":"scroll","background-type":"","background-media":"","overlay-type":"","overlay-color":"","overlay-opacity":"","overlay-gradient":""}},"footnotes":""},"categories":[31],"tags":[],"class_list":["post-59490","post","type-post","status-publish","format-standard","has-post-thumbnail","hentry","category-aktuality"],"yoast_head":"<!-- This site is optimized with the Yoast SEO plugin v27.4 - https:\/\/yoast.com\/product\/yoast-seo-wordpress\/ -->\n<title>\u00daspe\u0161n\u00e1 sez\u00f3na na hrade Stre\u010dno - Pova\u017esk\u00e9 m\u00fazeum<\/title>\n<meta name=\"robots\" content=\"index, follow, max-snippet:-1, max-image-preview:large, max-video-preview:-1\" \/>\n<link rel=\"canonical\" href=\"https:\/\/pmza.sk\/?p=59490\" \/>\n<meta property=\"og:locale\" content=\"sk_SK\" \/>\n<meta property=\"og:type\" content=\"article\" \/>\n<meta property=\"og:title\" content=\"\u00daspe\u0161n\u00e1 sez\u00f3na na hrade Stre\u010dno - Pova\u017esk\u00e9 m\u00fazeum\" \/>\n<meta property=\"og:description\" content=\"Tohtoro\u010dn\u00e1 sez\u00f3na na hrade Stre\u010dno bola naozaj \u00faspe\u0161n\u00e1. Kult\u00farna pamiatka v\u00a0spr\u00e1ve Pova\u017esk\u00e9ho m\u00fazea priv\u00edtala v roku 2023 a\u017e 50\u00a0391 n\u00e1v\u0161tevn\u00edkov. Je to takmer o\u00a010\u00a0000 \u013eud\u00ed viac ako v\u00a0minulom roku. Hrad svoje br\u00e1ny otvoril v\u00a0sobotu 1. apr\u00edla a\u00a0a\u017e do okt\u00f3bra bol otvoren\u00fd ka\u017ed\u00fd de\u0148. V\u00a0novembri sa otv\u00e1racie hodiny obmedzili len po\u010das v\u00edkendov a\u00a0posledn\u00fd n\u00e1v\u0161tevn\u00edk pri\u0161iel v\u00a0nede\u013eu [&hellip;]\" \/>\n<meta property=\"og:url\" content=\"https:\/\/pmza.sk\/?p=59490\" \/>\n<meta property=\"og:site_name\" content=\"Pova\u017esk\u00e9 m\u00fazeum\" \/>\n<meta property=\"article:publisher\" content=\"https:\/\/www.facebook.com\/povazskemuzeum\" \/>\n<meta property=\"article:published_time\" content=\"2023-12-06T09:18:28+00:00\" \/>\n<meta property=\"article:modified_time\" content=\"2025-05-13T07:46:40+00:00\" \/>\n<meta property=\"og:image\" content=\"https:\/\/pmza.sk\/wp-content\/uploads\/2023\/12\/Hrad-Strecno-bol-v-lete-oblubenym-miestom-navstev-pre-rodiny-s-detmi.jpg\" \/>\n\t<meta property=\"og:image:width\" content=\"1920\" \/>\n\t<meta property=\"og:image:height\" content=\"1280\" \/>\n\t<meta property=\"og:image:type\" content=\"image\/jpeg\" \/>\n<meta name=\"author\" content=\"Pova\u017esk\u00e9 m\u00fazeum\" \/>\n<meta name=\"twitter:card\" content=\"summary_large_image\" \/>\n<meta name=\"twitter:label1\" content=\"Autor\" \/>\n\t<meta name=\"twitter:data1\" content=\"Pova\u017esk\u00e9 m\u00fazeum\" \/>\n\t<meta name=\"twitter:label2\" content=\"Predpokladan\u00fd \u010das \u010d\u00edtania\" \/>\n\t<meta name=\"twitter:data2\" content=\"2 min\u00faty\" \/>\n<script type=\"application\/ld+json\" class=\"yoast-schema-graph\">{\"@context\":\"https:\\\/\\\/schema.org\",\"@graph\":[{\"@type\":\"Article\",\"@id\":\"https:\\\/\\\/pmza.sk\\\/?p=59490#article\",\"isPartOf\":{\"@id\":\"https:\\\/\\\/pmza.sk\\\/?p=59490\"},\"author\":{\"name\":\"Pova\u017esk\u00e9 m\u00fazeum\",\"@id\":\"https:\\\/\\\/pmza.sk\\\/#\\\/schema\\\/person\\\/595e6a2ce731ea94dcd5d7f50a41ae33\"},\"headline\":\"\u00daspe\u0161n\u00e1 sez\u00f3na na hrade Stre\u010dno\",\"datePublished\":\"2023-12-06T09:18:28+00:00\",\"dateModified\":\"2025-05-13T07:46:40+00:00\",\"mainEntityOfPage\":{\"@id\":\"https:\\\/\\\/pmza.sk\\\/?p=59490\"},\"wordCount\":369,\"publisher\":{\"@id\":\"https:\\\/\\\/pmza.sk\\\/#organization\"},\"image\":{\"@id\":\"https:\\\/\\\/pmza.sk\\\/?p=59490#primaryimage\"},\"thumbnailUrl\":\"https:\\\/\\\/pmza.sk\\\/wp-content\\\/uploads\\\/2023\\\/12\\\/Hrad-Strecno-bol-v-lete-oblubenym-miestom-navstev-pre-rodiny-s-detmi.jpg\",\"articleSection\":[\"Aktuality\"],\"inLanguage\":\"sk-SK\"},{\"@type\":\"WebPage\",\"@id\":\"https:\\\/\\\/pmza.sk\\\/?p=59490\",\"url\":\"https:\\\/\\\/pmza.sk\\\/?p=59490\",\"name\":\"\u00daspe\u0161n\u00e1 sez\u00f3na na hrade Stre\u010dno - Pova\u017esk\u00e9 m\u00fazeum\",\"isPartOf\":{\"@id\":\"https:\\\/\\\/pmza.sk\\\/#website\"},\"primaryImageOfPage\":{\"@id\":\"https:\\\/\\\/pmza.sk\\\/?p=59490#primaryimage\"},\"image\":{\"@id\":\"https:\\\/\\\/pmza.sk\\\/?p=59490#primaryimage\"},\"thumbnailUrl\":\"https:\\\/\\\/pmza.sk\\\/wp-content\\\/uploads\\\/2023\\\/12\\\/Hrad-Strecno-bol-v-lete-oblubenym-miestom-navstev-pre-rodiny-s-detmi.jpg\",\"datePublished\":\"2023-12-06T09:18:28+00:00\",\"dateModified\":\"2025-05-13T07:46:40+00:00\",\"breadcrumb\":{\"@id\":\"https:\\\/\\\/pmza.sk\\\/?p=59490#breadcrumb\"},\"inLanguage\":\"sk-SK\",\"potentialAction\":[{\"@type\":\"ReadAction\",\"target\":[\"https:\\\/\\\/pmza.sk\\\/?p=59490\"]}]},{\"@type\":\"ImageObject\",\"inLanguage\":\"sk-SK\",\"@id\":\"https:\\\/\\\/pmza.sk\\\/?p=59490#primaryimage\",\"url\":\"https:\\\/\\\/pmza.sk\\\/wp-content\\\/uploads\\\/2023\\\/12\\\/Hrad-Strecno-bol-v-lete-oblubenym-miestom-navstev-pre-rodiny-s-detmi.jpg\",\"contentUrl\":\"https:\\\/\\\/pmza.sk\\\/wp-content\\\/uploads\\\/2023\\\/12\\\/Hrad-Strecno-bol-v-lete-oblubenym-miestom-navstev-pre-rodiny-s-detmi.jpg\",\"width\":1920,\"height\":1280},{\"@type\":\"BreadcrumbList\",\"@id\":\"https:\\\/\\\/pmza.sk\\\/?p=59490#breadcrumb\",\"itemListElement\":[{\"@type\":\"ListItem\",\"position\":1,\"name\":\"Domovsk\u00e1 str\u00e1nka\",\"item\":\"https:\\\/\\\/pmza.sk\\\/\"},{\"@type\":\"ListItem\",\"position\":2,\"name\":\"\u00daspe\u0161n\u00e1 sez\u00f3na na hrade Stre\u010dno\"}]},{\"@type\":\"WebSite\",\"@id\":\"https:\\\/\\\/pmza.sk\\\/#website\",\"url\":\"https:\\\/\\\/pmza.sk\\\/\",\"name\":\"Pova\u017esk\u00e9 m\u00fazeum\",\"description\":\"Pova\u017esk\u00e9 m\u00fazeum v \u017diline je region\u00e1lne m\u00fazeum so s\u00eddlom v Budat\u00edne. Jeho expoz\u00edcie s\u00fa zameran\u00e9 na dejiny slovensk\u00e9ho umenia, kult\u00fary a dopravy.\",\"publisher\":{\"@id\":\"https:\\\/\\\/pmza.sk\\\/#organization\"},\"potentialAction\":[{\"@type\":\"SearchAction\",\"target\":{\"@type\":\"EntryPoint\",\"urlTemplate\":\"https:\\\/\\\/pmza.sk\\\/?s={search_term_string}\"},\"query-input\":{\"@type\":\"PropertyValueSpecification\",\"valueRequired\":true,\"valueName\":\"search_term_string\"}}],\"inLanguage\":\"sk-SK\"},{\"@type\":\"Organization\",\"@id\":\"https:\\\/\\\/pmza.sk\\\/#organization\",\"name\":\"Pova\u017esk\u00e9 m\u00fazeum\",\"url\":\"https:\\\/\\\/pmza.sk\\\/\",\"logo\":{\"@type\":\"ImageObject\",\"inLanguage\":\"sk-SK\",\"@id\":\"https:\\\/\\\/pmza.sk\\\/#\\\/schema\\\/logo\\\/image\\\/\",\"url\":\"https:\\\/\\\/pmza.sk\\\/wp-content\\\/uploads\\\/2022\\\/01\\\/logo_PM_horizontal.jpg\",\"contentUrl\":\"https:\\\/\\\/pmza.sk\\\/wp-content\\\/uploads\\\/2022\\\/01\\\/logo_PM_horizontal.jpg\",\"width\":231,\"height\":142,\"caption\":\"Pova\u017esk\u00e9 m\u00fazeum\"},\"image\":{\"@id\":\"https:\\\/\\\/pmza.sk\\\/#\\\/schema\\\/logo\\\/image\\\/\"},\"sameAs\":[\"https:\\\/\\\/www.facebook.com\\\/povazskemuzeum\",\"https:\\\/\\\/www.instagram.com\\\/povazskemuzeum\\\/\"]},{\"@type\":\"Person\",\"@id\":\"https:\\\/\\\/pmza.sk\\\/#\\\/schema\\\/person\\\/595e6a2ce731ea94dcd5d7f50a41ae33\",\"name\":\"Pova\u017esk\u00e9 m\u00fazeum\",\"image\":{\"@type\":\"ImageObject\",\"inLanguage\":\"sk-SK\",\"@id\":\"https:\\\/\\\/secure.gravatar.com\\\/avatar\\\/2bb7f1561282132fb5826dfeccc66c7996d11ee392ac6aaf7ced8a1c2027fbb2?s=96&d=mm&r=g\",\"url\":\"https:\\\/\\\/secure.gravatar.com\\\/avatar\\\/2bb7f1561282132fb5826dfeccc66c7996d11ee392ac6aaf7ced8a1c2027fbb2?s=96&d=mm&r=g\",\"contentUrl\":\"https:\\\/\\\/secure.gravatar.com\\\/avatar\\\/2bb7f1561282132fb5826dfeccc66c7996d11ee392ac6aaf7ced8a1c2027fbb2?s=96&d=mm&r=g\",\"caption\":\"Pova\u017esk\u00e9 m\u00fazeum\"}}]}<\/script>\n<!-- \/ Yoast SEO plugin. -->","yoast_head_json":{"title":"\u00daspe\u0161n\u00e1 sez\u00f3na na hrade Stre\u010dno - Pova\u017esk\u00e9 m\u00fazeum","robots":{"index":"index","follow":"follow","max-snippet":"max-snippet:-1","max-image-preview":"max-image-preview:large","max-video-preview":"max-video-preview:-1"},"canonical":"https:\/\/pmza.sk\/?p=59490","og_locale":"sk_SK","og_type":"article","og_title":"\u00daspe\u0161n\u00e1 sez\u00f3na na hrade Stre\u010dno - Pova\u017esk\u00e9 m\u00fazeum","og_description":"Tohtoro\u010dn\u00e1 sez\u00f3na na hrade Stre\u010dno bola naozaj \u00faspe\u0161n\u00e1. Kult\u00farna pamiatka v\u00a0spr\u00e1ve Pova\u017esk\u00e9ho m\u00fazea priv\u00edtala v roku 2023 a\u017e 50\u00a0391 n\u00e1v\u0161tevn\u00edkov. Je to takmer o\u00a010\u00a0000 \u013eud\u00ed viac ako v\u00a0minulom roku. Hrad svoje br\u00e1ny otvoril v\u00a0sobotu 1. apr\u00edla a\u00a0a\u017e do okt\u00f3bra bol otvoren\u00fd ka\u017ed\u00fd de\u0148. V\u00a0novembri sa otv\u00e1racie hodiny obmedzili len po\u010das v\u00edkendov a\u00a0posledn\u00fd n\u00e1v\u0161tevn\u00edk pri\u0161iel v\u00a0nede\u013eu [&hellip;]","og_url":"https:\/\/pmza.sk\/?p=59490","og_site_name":"Pova\u017esk\u00e9 m\u00fazeum","article_publisher":"https:\/\/www.facebook.com\/povazskemuzeum","article_published_time":"2023-12-06T09:18:28+00:00","article_modified_time":"2025-05-13T07:46:40+00:00","og_image":[{"width":1920,"height":1280,"url":"https:\/\/pmza.sk\/wp-content\/uploads\/2023\/12\/Hrad-Strecno-bol-v-lete-oblubenym-miestom-navstev-pre-rodiny-s-detmi.jpg","type":"image\/jpeg"}],"author":"Pova\u017esk\u00e9 m\u00fazeum","twitter_card":"summary_large_image","twitter_misc":{"Autor":"Pova\u017esk\u00e9 m\u00fazeum","Predpokladan\u00fd \u010das \u010d\u00edtania":"2 min\u00faty"},"schema":{"@context":"https:\/\/schema.org","@graph":[{"@type":"Article","@id":"https:\/\/pmza.sk\/?p=59490#article","isPartOf":{"@id":"https:\/\/pmza.sk\/?p=59490"},"author":{"name":"Pova\u017esk\u00e9 m\u00fazeum","@id":"https:\/\/pmza.sk\/#\/schema\/person\/595e6a2ce731ea94dcd5d7f50a41ae33"},"headline":"\u00daspe\u0161n\u00e1 sez\u00f3na na hrade Stre\u010dno","datePublished":"2023-12-06T09:18:28+00:00","dateModified":"2025-05-13T07:46:40+00:00","mainEntityOfPage":{"@id":"https:\/\/pmza.sk\/?p=59490"},"wordCount":369,"publisher":{"@id":"https:\/\/pmza.sk\/#organization"},"image":{"@id":"https:\/\/pmza.sk\/?p=59490#primaryimage"},"thumbnailUrl":"https:\/\/pmza.sk\/wp-content\/uploads\/2023\/12\/Hrad-Strecno-bol-v-lete-oblubenym-miestom-navstev-pre-rodiny-s-detmi.jpg","articleSection":["Aktuality"],"inLanguage":"sk-SK"},{"@type":"WebPage","@id":"https:\/\/pmza.sk\/?p=59490","url":"https:\/\/pmza.sk\/?p=59490","name":"\u00daspe\u0161n\u00e1 sez\u00f3na na hrade Stre\u010dno - Pova\u017esk\u00e9 m\u00fazeum","isPartOf":{"@id":"https:\/\/pmza.sk\/#website"},"primaryImageOfPage":{"@id":"https:\/\/pmza.sk\/?p=59490#primaryimage"},"image":{"@id":"https:\/\/pmza.sk\/?p=59490#primaryimage"},"thumbnailUrl":"https:\/\/pmza.sk\/wp-content\/uploads\/2023\/12\/Hrad-Strecno-bol-v-lete-oblubenym-miestom-navstev-pre-rodiny-s-detmi.jpg","datePublished":"2023-12-06T09:18:28+00:00","dateModified":"2025-05-13T07:46:40+00:00","breadcrumb":{"@id":"https:\/\/pmza.sk\/?p=59490#breadcrumb"},"inLanguage":"sk-SK","potentialAction":[{"@type":"ReadAction","target":["https:\/\/pmza.sk\/?p=59490"]}]},{"@type":"ImageObject","inLanguage":"sk-SK","@id":"https:\/\/pmza.sk\/?p=59490#primaryimage","url":"https:\/\/pmza.sk\/wp-content\/uploads\/2023\/12\/Hrad-Strecno-bol-v-lete-oblubenym-miestom-navstev-pre-rodiny-s-detmi.jpg","contentUrl":"https:\/\/pmza.sk\/wp-content\/uploads\/2023\/12\/Hrad-Strecno-bol-v-lete-oblubenym-miestom-navstev-pre-rodiny-s-detmi.jpg","width":1920,"height":1280},{"@type":"BreadcrumbList","@id":"https:\/\/pmza.sk\/?p=59490#breadcrumb","itemListElement":[{"@type":"ListItem","position":1,"name":"Domovsk\u00e1 str\u00e1nka","item":"https:\/\/pmza.sk\/"},{"@type":"ListItem","position":2,"name":"\u00daspe\u0161n\u00e1 sez\u00f3na na hrade Stre\u010dno"}]},{"@type":"WebSite","@id":"https:\/\/pmza.sk\/#website","url":"https:\/\/pmza.sk\/","name":"Pova\u017esk\u00e9 m\u00fazeum","description":"Pova\u017esk\u00e9 m\u00fazeum v \u017diline je region\u00e1lne m\u00fazeum so s\u00eddlom v Budat\u00edne. Jeho expoz\u00edcie s\u00fa zameran\u00e9 na dejiny slovensk\u00e9ho umenia, kult\u00fary a dopravy.","publisher":{"@id":"https:\/\/pmza.sk\/#organization"},"potentialAction":[{"@type":"SearchAction","target":{"@type":"EntryPoint","urlTemplate":"https:\/\/pmza.sk\/?s={search_term_string}"},"query-input":{"@type":"PropertyValueSpecification","valueRequired":true,"valueName":"search_term_string"}}],"inLanguage":"sk-SK"},{"@type":"Organization","@id":"https:\/\/pmza.sk\/#organization","name":"Pova\u017esk\u00e9 m\u00fazeum","url":"https:\/\/pmza.sk\/","logo":{"@type":"ImageObject","inLanguage":"sk-SK","@id":"https:\/\/pmza.sk\/#\/schema\/logo\/image\/","url":"https:\/\/pmza.sk\/wp-content\/uploads\/2022\/01\/logo_PM_horizontal.jpg","contentUrl":"https:\/\/pmza.sk\/wp-content\/uploads\/2022\/01\/logo_PM_horizontal.jpg","width":231,"height":142,"caption":"Pova\u017esk\u00e9 m\u00fazeum"},"image":{"@id":"https:\/\/pmza.sk\/#\/schema\/logo\/image\/"},"sameAs":["https:\/\/www.facebook.com\/povazskemuzeum","https:\/\/www.instagram.com\/povazskemuzeum\/"]},{"@type":"Person","@id":"https:\/\/pmza.sk\/#\/schema\/person\/595e6a2ce731ea94dcd5d7f50a41ae33","name":"Pova\u017esk\u00e9 m\u00fazeum","image":{"@type":"ImageObject","inLanguage":"sk-SK","@id":"https:\/\/secure.gravatar.com\/avatar\/2bb7f1561282132fb5826dfeccc66c7996d11ee392ac6aaf7ced8a1c2027fbb2?s=96&d=mm&r=g","url":"https:\/\/secure.gravatar.com\/avatar\/2bb7f1561282132fb5826dfeccc66c7996d11ee392ac6aaf7ced8a1c2027fbb2?s=96&d=mm&r=g","contentUrl":"https:\/\/secure.gravatar.com\/avatar\/2bb7f1561282132fb5826dfeccc66c7996d11ee392ac6aaf7ced8a1c2027fbb2?s=96&d=mm&r=g","caption":"Pova\u017esk\u00e9 m\u00fazeum"}}]}},"_links":{"self":[{"href":"https:\/\/pmza.sk\/index.php?rest_route=\/wp\/v2\/posts\/59490","targetHints":{"allow":["GET"]}}],"collection":[{"href":"https:\/\/pmza.sk\/index.php?rest_route=\/wp\/v2\/posts"}],"about":[{"href":"https:\/\/pmza.sk\/index.php?rest_route=\/wp\/v2\/types\/post"}],"author":[{"embeddable":true,"href":"https:\/\/pmza.sk\/index.php?rest_route=\/wp\/v2\/users\/2"}],"replies":[{"embeddable":true,"href":"https:\/\/pmza.sk\/index.php?rest_route=%2Fwp%2Fv2%2Fcomments&post=59490"}],"version-history":[{"count":0,"href":"https:\/\/pmza.sk\/index.php?rest_route=\/wp\/v2\/posts\/59490\/revisions"}],"wp:featuredmedia":[{"embeddable":true,"href":"https:\/\/pmza.sk\/index.php?rest_route=\/wp\/v2\/media\/59491"}],"wp:attachment":[{"href":"https:\/\/pmza.sk\/index.php?rest_route=%2Fwp%2Fv2%2Fmedia&parent=59490"}],"wp:term":[{"taxonomy":"category","embeddable":true,"href":"https:\/\/pmza.sk\/index.php?rest_route=%2Fwp%2Fv2%2Fcategories&post=59490"},{"taxonomy":"post_tag","embeddable":true,"href":"https:\/\/pmza.sk\/index.php?rest_route=%2Fwp%2Fv2%2Ftags&post=59490"}],"curies":[{"name":"wp","href":"https:\/\/api.w.org\/{rel}","templated":true}]}}