{"id":59585,"date":"2023-12-14T07:54:53","date_gmt":"2023-12-14T06:54:53","guid":{"rendered":"https:\/\/pmza.sk\/?p=59585"},"modified":"2025-05-13T09:46:27","modified_gmt":"2025-05-13T07:46:27","slug":"v-radenovom-dome-pribudol-salas-od-vita-piesa","status":"publish","type":"post","link":"https:\/\/pmza.sk\/?p=59585","title":{"rendered":"V Radenovom dome pribudol sala\u0161 od V\u00edta Pie\u0161a"},"content":{"rendered":"<p>V\u00a0Objektoch \u013eudovej architekt\u00fary v\u00a0\u010ci\u010dmanoch pribudol v\u00a0expoz\u00edcii zauj\u00edmav\u00fd predmet. N\u00e1v\u0161tevn\u00edci m\u00f4\u017eu obdivova\u0165 dreven\u00fd sala\u0161 na Podfa\u010dkovskej od zn\u00e1meho rezb\u00e1ra V\u00edta Pie\u0161a.<\/p>\n<p><strong>Majster \u013eudovej umeleckej v\u00fdroby<\/strong><\/p>\n<p>V\u00edt Pie\u0161 patril ku gener\u00e1cii \u010ci\u010dmancov, ktor\u00ed sa po vojne vys\u0165ahovali z\u00a0obce. Napriek tomu, \u013eudov\u00e1 kult\u00fara rodiska bola jeho najv\u00e4\u010d\u0161ou in\u0161pir\u00e1ciou pri tvorbe. \u201eZ\u00a0domu odi\u0161iel ako 14 &#8211; ro\u010dn\u00fd do \u010ciech, kde sa vyu\u010dil za umeleck\u00e9ho maliara p\u00edsma. Ke\u010f zlo\u017eil u\u010d\u0148ovsk\u00fa sk\u00fa\u0161ku, zamestnal sa v\u00a0Bratislavskej s\u00fakromnej n\u00e1bytk\u00e1rskej firme. Nesk\u00f4r si na\u0161iel miesto v\u00a0divadeln\u00fdch diel\u0148ach Arm\u00e1dneho divadla v\u00a0Martine. Po maturite vy\u0161tudoval Dopravn\u00fd in\u0161tit\u00fat. Popri n\u00e1ro\u010dnej pr\u00e1ci ved\u00faceho prev\u00e1dzky v\u00a0dopravnom podniku, sa st\u00e1le venoval aj umeleckej tvorbe. Objavoval tradi\u010dn\u00e9 techniky pri pr\u00e1ci s\u00a0drevom, kovom aj ko\u017eou.\u00a0 Z\u00a0m\u00e1lo pou\u017e\u00edvan\u00fdch techn\u00edk vyu\u017e\u00edval vyb\u00edjanie dreva kovom, vylievanie c\u00ednom a\u00a0obnovil zabudnut\u00fa techniku ok\u00favania vaj\u00ed\u010dok. Vytvoril mno\u017estvo diel: n\u00e1doby zo svoru, \u010drp\u00e1ky, odlev\u00e1ky, so\u013eni\u010dky, \u010drpa\u010dky, ly\u017eice, nabera\u010dky, formy na syr, lop\u00e1re, misy, piesty, fujary, p\u00ed\u0161\u0165aly, pastierske palice, vala\u0161ky, bi\u010de <em>\u010dapory<\/em>, kapsy, opasky, pracky, blanciare, \u0161perky, okovan\u00e9 vaj\u00ed\u010dka aj\u00a0betlehemy,\u201c pribli\u017euje etnologi\u010dka Adriana B\u00e1rdyov\u00e1 z\u00a0Pova\u017esk\u00e9ho m\u00fazea.<\/p>\n<p>Titul \u201eMajster \u013eudovej umeleckej v\u00fdroby\u201c z\u00edskal v\u00a0roku 2009 v\u00a0troch odvetviach: pr\u00e1ca s\u00a0drevom, ko\u017eou a\u00a0kovom. Jeho v\u00fdrobky boli vystaven\u00e9 na mnoh\u00fdch dom\u00e1cich i\u00a0zahrani\u010dn\u00fdch v\u00fdstav\u00e1ch. Len v\u00a0zbierkach Pova\u017esk\u00e9ho m\u00fazea s\u00fa ich desiatky. V roku 1998 bol ocenen\u00fd striebornou medailou ministra kult\u00fary SR.<\/p>\n<p><strong>Sala\u0161 na Podfa\u010dkovskej<\/strong><\/p>\n<p>Sala\u0161 v\u00a0expoz\u00edcii predstavuje typick\u00e9 prostredie rodnej obce zn\u00e1meho majstra, pre ktor\u00fa bolo zau\u017e\u00edvan\u00e9 individu\u00e1lne pasenie oviec. \u201eSamotn\u00fd rezb\u00e1r si spom\u00ednal, ako tr\u00e1vil cel\u00e9 leto s\u00a0rodinou na sala\u0161i, kde sez\u00f3nne presunuli svoje hospod\u00e1rstvo. Na sala\u0161i nechovali len ovce ale aj ostatn\u00fd dobytok. Koliba bola sez\u00f3nnym obydl\u00edm, kde sa spracov\u00e1valo nadojen\u00e9 mlieko, usklad\u0148ovali v\u00fdrobky, ustaj\u0148oval na noc dobytok, v\u00a0pr\u00edpade zl\u00e9ho po\u010dasia i\u00a0ovce. Na tento \u00fa\u010del sl\u00fa\u017eil zastre\u0161en\u00fd priestor ved\u013ea koliby zvan\u00fd <em>\u013eoch<\/em>, ktor\u00fd mal \u010das\u0165 na ustajnenie hov\u00e4dzieho dobytka, osobitn\u00fd c\u00e1rok pre prasa, te\u013ea, \u010das\u0165 pre ovce aj podstre\u0161n\u00fa \u010das\u0165 na uskladnenie sena. Koliba mala oddelen\u00fa kom\u00f4rku na uskladnenie produktov. V\u00a0jej strede bolo otvoren\u00e9 ohnisko s\u00a0kotlom visiacim na h\u00e1ku, popri sten\u00e1ch pri\u010dne a\u00a0lavice na odkladanie riadu a\u00a0na spanie. V\u00edt Pie\u0161 vo svojom modeli zreprodukoval cel\u00fd interi\u00e9r do najmen\u0161\u00edch podrobnost\u00ed presne tak, ako si ho pam\u00e4tal zo svojho detstva. Kon\u0161trukcia koliby bola zrubov\u00e1 so zvl\u00e1\u0161tnou kon\u0161trukciou strechy pripom\u00ednaj\u00facou samonosn\u00e9 strechy <em>sypancov<\/em> z\u00a0Fa\u010dkova, na ktorej bola polo\u017een\u00e1 \u0161ind\u013eov\u00e1 strecha prekr\u00fdvaj\u00faca aj <em>\u013eoch<\/em> ved\u013ea koliby. Vchod bol umiestnen\u00fd na \u0161t\u00edtovej strane pod doskovou podlomenicou. Ku kolibe, samozrejme, patril <em>ko\u0161iar<\/em> \u2013 prenosn\u00e1 dreven\u00e1 ohrada pre ovce.\u201c dop\u013a\u0148a Adriana B\u00e1rdyov\u00e1.<\/p>\n<p>Majster V\u00edt Pie\u0161 sa narodil v\u00a0roku 1931 a\u00a0zomrel v\u00a0roku 2022. Sala\u0161 do expoz\u00edcie zapo\u017ei\u010dala z\u00a0jeho pozostalosti jeho rodina.<\/p>\n<div class=\"wp-block-image\"><img fetchpriority=\"high\" decoding=\"async\" class=\"alignnone size-medium wp-image-59629\" src=\"https:\/\/pmza.sk\/wp-content\/uploads\/2023\/12\/IMG_6631-540x360.jpg\" alt=\"\" width=\"540\" height=\"360\" srcset=\"https:\/\/pmza.sk\/wp-content\/uploads\/2023\/12\/IMG_6631-540x360.jpg 540w, https:\/\/pmza.sk\/wp-content\/uploads\/2023\/12\/IMG_6631-1104x736.jpg 1104w, https:\/\/pmza.sk\/wp-content\/uploads\/2023\/12\/IMG_6631-768x512.jpg 768w, https:\/\/pmza.sk\/wp-content\/uploads\/2023\/12\/IMG_6631-1536x1024.jpg 1536w, https:\/\/pmza.sk\/wp-content\/uploads\/2023\/12\/IMG_6631-2048x1365.jpg 2048w, https:\/\/pmza.sk\/wp-content\/uploads\/2023\/12\/IMG_6631-600x400.jpg 600w\" sizes=\"(max-width: 540px) 100vw, 540px\" \/><\/div>\n<div><\/div>\n<div>\n<div class=\"wp-block-image\"><img decoding=\"async\" class=\"alignnone size-medium wp-image-59630\" src=\"https:\/\/pmza.sk\/wp-content\/uploads\/2023\/12\/IMG_6638-540x360.jpg\" alt=\"\" width=\"540\" height=\"360\" srcset=\"https:\/\/pmza.sk\/wp-content\/uploads\/2023\/12\/IMG_6638-540x360.jpg 540w, https:\/\/pmza.sk\/wp-content\/uploads\/2023\/12\/IMG_6638-1104x736.jpg 1104w, https:\/\/pmza.sk\/wp-content\/uploads\/2023\/12\/IMG_6638-768x512.jpg 768w, https:\/\/pmza.sk\/wp-content\/uploads\/2023\/12\/IMG_6638-1536x1024.jpg 1536w, https:\/\/pmza.sk\/wp-content\/uploads\/2023\/12\/IMG_6638-2048x1365.jpg 2048w, https:\/\/pmza.sk\/wp-content\/uploads\/2023\/12\/IMG_6638-600x400.jpg 600w\" sizes=\"(max-width: 540px) 100vw, 540px\" \/><\/div>\n<\/div>\n","protected":false},"excerpt":{"rendered":"<p>V\u00a0Objektoch \u013eudovej architekt\u00fary v\u00a0\u010ci\u010dmanoch pribudol v\u00a0expoz\u00edcii zauj\u00edmav\u00fd predmet. N\u00e1v\u0161tevn\u00edci m\u00f4\u017eu obdivova\u0165 dreven\u00fd sala\u0161 na Podfa\u010dkovskej od zn\u00e1meho rezb\u00e1ra V\u00edta Pie\u0161a. Majster \u013eudovej umeleckej v\u00fdroby V\u00edt Pie\u0161 patril ku gener\u00e1cii \u010ci\u010dmancov, ktor\u00ed sa po vojne vys\u0165ahovali z\u00a0obce. Napriek tomu, \u013eudov\u00e1 kult\u00fara rodiska bola jeho najv\u00e4\u010d\u0161ou in\u0161pir\u00e1ciou pri tvorbe. \u201eZ\u00a0domu odi\u0161iel ako 14 &#8211; ro\u010dn\u00fd do \u010ciech, [&hellip;]<\/p>\n","protected":false},"author":2,"featured_media":59586,"comment_status":"closed","ping_status":"closed","sticky":false,"template":"","format":"standard","meta":{"site-sidebar-layout":"default","site-content-layout":"default","ast-site-content-layout":"default","site-content-style":"default","site-sidebar-style":"default","ast-global-header-display":"","ast-banner-title-visibility":"","ast-main-header-display":"","ast-hfb-above-header-display":"","ast-hfb-below-header-display":"","ast-hfb-mobile-header-display":"","site-post-title":"","ast-breadcrumbs-content":"","ast-featured-img":"","footer-sml-layout":"","theme-transparent-header-meta":"default","adv-header-id-meta":"","stick-header-meta":"default","header-above-stick-meta":"","header-main-stick-meta":"","header-below-stick-meta":"","astra-migrate-meta-layouts":"set","ast-page-background-enabled":"default","ast-page-background-meta":{"desktop":{"background-color":"var(--ast-global-color-4)","background-image":"","background-repeat":"repeat","background-position":"center center","background-size":"auto","background-attachment":"scroll","background-type":"","background-media":"","overlay-type":"","overlay-color":"","overlay-opacity":"","overlay-gradient":""},"tablet":{"background-color":"","background-image":"","background-repeat":"repeat","background-position":"center center","background-size":"auto","background-attachment":"scroll","background-type":"","background-media":"","overlay-type":"","overlay-color":"","overlay-opacity":"","overlay-gradient":""},"mobile":{"background-color":"","background-image":"","background-repeat":"repeat","background-position":"center center","background-size":"auto","background-attachment":"scroll","background-type":"","background-media":"","overlay-type":"","overlay-color":"","overlay-opacity":"","overlay-gradient":""}},"ast-content-background-meta":{"desktop":{"background-color":"var(--ast-global-color-5)","background-image":"","background-repeat":"repeat","background-position":"center center","background-size":"auto","background-attachment":"scroll","background-type":"","background-media":"","overlay-type":"","overlay-color":"","overlay-opacity":"","overlay-gradient":""},"tablet":{"background-color":"var(--ast-global-color-5)","background-image":"","background-repeat":"repeat","background-position":"center center","background-size":"auto","background-attachment":"scroll","background-type":"","background-media":"","overlay-type":"","overlay-color":"","overlay-opacity":"","overlay-gradient":""},"mobile":{"background-color":"var(--ast-global-color-5)","background-image":"","background-repeat":"repeat","background-position":"center center","background-size":"auto","background-attachment":"scroll","background-type":"","background-media":"","overlay-type":"","overlay-color":"","overlay-opacity":"","overlay-gradient":""}},"footnotes":""},"categories":[31],"tags":[],"class_list":["post-59585","post","type-post","status-publish","format-standard","has-post-thumbnail","hentry","category-aktuality"],"yoast_head":"<!-- This site is optimized with the Yoast SEO plugin v27.4 - https:\/\/yoast.com\/product\/yoast-seo-wordpress\/ -->\n<title>V Radenovom dome pribudol sala\u0161 od V\u00edta Pie\u0161a - Pova\u017esk\u00e9 m\u00fazeum<\/title>\n<meta name=\"robots\" content=\"index, follow, max-snippet:-1, max-image-preview:large, max-video-preview:-1\" \/>\n<link rel=\"canonical\" href=\"https:\/\/pmza.sk\/?p=59585\" \/>\n<meta property=\"og:locale\" content=\"sk_SK\" \/>\n<meta property=\"og:type\" content=\"article\" \/>\n<meta property=\"og:title\" content=\"V Radenovom dome pribudol sala\u0161 od V\u00edta Pie\u0161a - Pova\u017esk\u00e9 m\u00fazeum\" \/>\n<meta property=\"og:description\" content=\"V\u00a0Objektoch \u013eudovej architekt\u00fary v\u00a0\u010ci\u010dmanoch pribudol v\u00a0expoz\u00edcii zauj\u00edmav\u00fd predmet. N\u00e1v\u0161tevn\u00edci m\u00f4\u017eu obdivova\u0165 dreven\u00fd sala\u0161 na Podfa\u010dkovskej od zn\u00e1meho rezb\u00e1ra V\u00edta Pie\u0161a. Majster \u013eudovej umeleckej v\u00fdroby V\u00edt Pie\u0161 patril ku gener\u00e1cii \u010ci\u010dmancov, ktor\u00ed sa po vojne vys\u0165ahovali z\u00a0obce. Napriek tomu, \u013eudov\u00e1 kult\u00fara rodiska bola jeho najv\u00e4\u010d\u0161ou in\u0161pir\u00e1ciou pri tvorbe. \u201eZ\u00a0domu odi\u0161iel ako 14 &#8211; ro\u010dn\u00fd do \u010ciech, [&hellip;]\" \/>\n<meta property=\"og:url\" content=\"https:\/\/pmza.sk\/?p=59585\" \/>\n<meta property=\"og:site_name\" content=\"Pova\u017esk\u00e9 m\u00fazeum\" \/>\n<meta property=\"article:publisher\" content=\"https:\/\/www.facebook.com\/povazskemuzeum\" \/>\n<meta property=\"article:published_time\" content=\"2023-12-14T06:54:53+00:00\" \/>\n<meta property=\"article:modified_time\" content=\"2025-05-13T07:46:27+00:00\" \/>\n<meta property=\"og:image\" content=\"https:\/\/pmza.sk\/wp-content\/uploads\/2023\/12\/IMG_6633-scaled.jpg\" \/>\n\t<meta property=\"og:image:width\" content=\"2560\" \/>\n\t<meta property=\"og:image:height\" content=\"1707\" \/>\n\t<meta property=\"og:image:type\" content=\"image\/jpeg\" \/>\n<meta name=\"author\" content=\"Pova\u017esk\u00e9 m\u00fazeum\" \/>\n<meta name=\"twitter:card\" content=\"summary_large_image\" \/>\n<meta name=\"twitter:label1\" content=\"Autor\" \/>\n\t<meta name=\"twitter:data1\" content=\"Pova\u017esk\u00e9 m\u00fazeum\" \/>\n\t<meta name=\"twitter:label2\" content=\"Predpokladan\u00fd \u010das \u010d\u00edtania\" \/>\n\t<meta name=\"twitter:data2\" content=\"3 min\u00faty\" \/>\n<script type=\"application\/ld+json\" class=\"yoast-schema-graph\">{\"@context\":\"https:\\\/\\\/schema.org\",\"@graph\":[{\"@type\":\"Article\",\"@id\":\"https:\\\/\\\/pmza.sk\\\/?p=59585#article\",\"isPartOf\":{\"@id\":\"https:\\\/\\\/pmza.sk\\\/?p=59585\"},\"author\":{\"name\":\"Pova\u017esk\u00e9 m\u00fazeum\",\"@id\":\"https:\\\/\\\/pmza.sk\\\/#\\\/schema\\\/person\\\/595e6a2ce731ea94dcd5d7f50a41ae33\"},\"headline\":\"V Radenovom dome pribudol sala\u0161 od V\u00edta Pie\u0161a\",\"datePublished\":\"2023-12-14T06:54:53+00:00\",\"dateModified\":\"2025-05-13T07:46:27+00:00\",\"mainEntityOfPage\":{\"@id\":\"https:\\\/\\\/pmza.sk\\\/?p=59585\"},\"wordCount\":591,\"publisher\":{\"@id\":\"https:\\\/\\\/pmza.sk\\\/#organization\"},\"image\":{\"@id\":\"https:\\\/\\\/pmza.sk\\\/?p=59585#primaryimage\"},\"thumbnailUrl\":\"https:\\\/\\\/pmza.sk\\\/wp-content\\\/uploads\\\/2023\\\/12\\\/IMG_6633-scaled.jpg\",\"articleSection\":[\"Aktuality\"],\"inLanguage\":\"sk-SK\"},{\"@type\":\"WebPage\",\"@id\":\"https:\\\/\\\/pmza.sk\\\/?p=59585\",\"url\":\"https:\\\/\\\/pmza.sk\\\/?p=59585\",\"name\":\"V Radenovom dome pribudol sala\u0161 od V\u00edta Pie\u0161a - Pova\u017esk\u00e9 m\u00fazeum\",\"isPartOf\":{\"@id\":\"https:\\\/\\\/pmza.sk\\\/#website\"},\"primaryImageOfPage\":{\"@id\":\"https:\\\/\\\/pmza.sk\\\/?p=59585#primaryimage\"},\"image\":{\"@id\":\"https:\\\/\\\/pmza.sk\\\/?p=59585#primaryimage\"},\"thumbnailUrl\":\"https:\\\/\\\/pmza.sk\\\/wp-content\\\/uploads\\\/2023\\\/12\\\/IMG_6633-scaled.jpg\",\"datePublished\":\"2023-12-14T06:54:53+00:00\",\"dateModified\":\"2025-05-13T07:46:27+00:00\",\"breadcrumb\":{\"@id\":\"https:\\\/\\\/pmza.sk\\\/?p=59585#breadcrumb\"},\"inLanguage\":\"sk-SK\",\"potentialAction\":[{\"@type\":\"ReadAction\",\"target\":[\"https:\\\/\\\/pmza.sk\\\/?p=59585\"]}]},{\"@type\":\"ImageObject\",\"inLanguage\":\"sk-SK\",\"@id\":\"https:\\\/\\\/pmza.sk\\\/?p=59585#primaryimage\",\"url\":\"https:\\\/\\\/pmza.sk\\\/wp-content\\\/uploads\\\/2023\\\/12\\\/IMG_6633-scaled.jpg\",\"contentUrl\":\"https:\\\/\\\/pmza.sk\\\/wp-content\\\/uploads\\\/2023\\\/12\\\/IMG_6633-scaled.jpg\",\"width\":2560,\"height\":1707},{\"@type\":\"BreadcrumbList\",\"@id\":\"https:\\\/\\\/pmza.sk\\\/?p=59585#breadcrumb\",\"itemListElement\":[{\"@type\":\"ListItem\",\"position\":1,\"name\":\"Domovsk\u00e1 str\u00e1nka\",\"item\":\"https:\\\/\\\/pmza.sk\\\/\"},{\"@type\":\"ListItem\",\"position\":2,\"name\":\"V Radenovom dome pribudol sala\u0161 od V\u00edta Pie\u0161a\"}]},{\"@type\":\"WebSite\",\"@id\":\"https:\\\/\\\/pmza.sk\\\/#website\",\"url\":\"https:\\\/\\\/pmza.sk\\\/\",\"name\":\"Pova\u017esk\u00e9 m\u00fazeum\",\"description\":\"Pova\u017esk\u00e9 m\u00fazeum v \u017diline je region\u00e1lne m\u00fazeum so s\u00eddlom v Budat\u00edne. Jeho expoz\u00edcie s\u00fa zameran\u00e9 na dejiny slovensk\u00e9ho umenia, kult\u00fary a dopravy.\",\"publisher\":{\"@id\":\"https:\\\/\\\/pmza.sk\\\/#organization\"},\"potentialAction\":[{\"@type\":\"SearchAction\",\"target\":{\"@type\":\"EntryPoint\",\"urlTemplate\":\"https:\\\/\\\/pmza.sk\\\/?s={search_term_string}\"},\"query-input\":{\"@type\":\"PropertyValueSpecification\",\"valueRequired\":true,\"valueName\":\"search_term_string\"}}],\"inLanguage\":\"sk-SK\"},{\"@type\":\"Organization\",\"@id\":\"https:\\\/\\\/pmza.sk\\\/#organization\",\"name\":\"Pova\u017esk\u00e9 m\u00fazeum\",\"url\":\"https:\\\/\\\/pmza.sk\\\/\",\"logo\":{\"@type\":\"ImageObject\",\"inLanguage\":\"sk-SK\",\"@id\":\"https:\\\/\\\/pmza.sk\\\/#\\\/schema\\\/logo\\\/image\\\/\",\"url\":\"https:\\\/\\\/pmza.sk\\\/wp-content\\\/uploads\\\/2022\\\/01\\\/logo_PM_horizontal.jpg\",\"contentUrl\":\"https:\\\/\\\/pmza.sk\\\/wp-content\\\/uploads\\\/2022\\\/01\\\/logo_PM_horizontal.jpg\",\"width\":231,\"height\":142,\"caption\":\"Pova\u017esk\u00e9 m\u00fazeum\"},\"image\":{\"@id\":\"https:\\\/\\\/pmza.sk\\\/#\\\/schema\\\/logo\\\/image\\\/\"},\"sameAs\":[\"https:\\\/\\\/www.facebook.com\\\/povazskemuzeum\",\"https:\\\/\\\/www.instagram.com\\\/povazskemuzeum\\\/\"]},{\"@type\":\"Person\",\"@id\":\"https:\\\/\\\/pmza.sk\\\/#\\\/schema\\\/person\\\/595e6a2ce731ea94dcd5d7f50a41ae33\",\"name\":\"Pova\u017esk\u00e9 m\u00fazeum\",\"image\":{\"@type\":\"ImageObject\",\"inLanguage\":\"sk-SK\",\"@id\":\"https:\\\/\\\/secure.gravatar.com\\\/avatar\\\/2bb7f1561282132fb5826dfeccc66c7996d11ee392ac6aaf7ced8a1c2027fbb2?s=96&d=mm&r=g\",\"url\":\"https:\\\/\\\/secure.gravatar.com\\\/avatar\\\/2bb7f1561282132fb5826dfeccc66c7996d11ee392ac6aaf7ced8a1c2027fbb2?s=96&d=mm&r=g\",\"contentUrl\":\"https:\\\/\\\/secure.gravatar.com\\\/avatar\\\/2bb7f1561282132fb5826dfeccc66c7996d11ee392ac6aaf7ced8a1c2027fbb2?s=96&d=mm&r=g\",\"caption\":\"Pova\u017esk\u00e9 m\u00fazeum\"}}]}<\/script>\n<!-- \/ Yoast SEO plugin. -->","yoast_head_json":{"title":"V Radenovom dome pribudol sala\u0161 od V\u00edta Pie\u0161a - Pova\u017esk\u00e9 m\u00fazeum","robots":{"index":"index","follow":"follow","max-snippet":"max-snippet:-1","max-image-preview":"max-image-preview:large","max-video-preview":"max-video-preview:-1"},"canonical":"https:\/\/pmza.sk\/?p=59585","og_locale":"sk_SK","og_type":"article","og_title":"V Radenovom dome pribudol sala\u0161 od V\u00edta Pie\u0161a - Pova\u017esk\u00e9 m\u00fazeum","og_description":"V\u00a0Objektoch \u013eudovej architekt\u00fary v\u00a0\u010ci\u010dmanoch pribudol v\u00a0expoz\u00edcii zauj\u00edmav\u00fd predmet. N\u00e1v\u0161tevn\u00edci m\u00f4\u017eu obdivova\u0165 dreven\u00fd sala\u0161 na Podfa\u010dkovskej od zn\u00e1meho rezb\u00e1ra V\u00edta Pie\u0161a. Majster \u013eudovej umeleckej v\u00fdroby V\u00edt Pie\u0161 patril ku gener\u00e1cii \u010ci\u010dmancov, ktor\u00ed sa po vojne vys\u0165ahovali z\u00a0obce. Napriek tomu, \u013eudov\u00e1 kult\u00fara rodiska bola jeho najv\u00e4\u010d\u0161ou in\u0161pir\u00e1ciou pri tvorbe. \u201eZ\u00a0domu odi\u0161iel ako 14 &#8211; ro\u010dn\u00fd do \u010ciech, [&hellip;]","og_url":"https:\/\/pmza.sk\/?p=59585","og_site_name":"Pova\u017esk\u00e9 m\u00fazeum","article_publisher":"https:\/\/www.facebook.com\/povazskemuzeum","article_published_time":"2023-12-14T06:54:53+00:00","article_modified_time":"2025-05-13T07:46:27+00:00","og_image":[{"width":2560,"height":1707,"url":"https:\/\/pmza.sk\/wp-content\/uploads\/2023\/12\/IMG_6633-scaled.jpg","type":"image\/jpeg"}],"author":"Pova\u017esk\u00e9 m\u00fazeum","twitter_card":"summary_large_image","twitter_misc":{"Autor":"Pova\u017esk\u00e9 m\u00fazeum","Predpokladan\u00fd \u010das \u010d\u00edtania":"3 min\u00faty"},"schema":{"@context":"https:\/\/schema.org","@graph":[{"@type":"Article","@id":"https:\/\/pmza.sk\/?p=59585#article","isPartOf":{"@id":"https:\/\/pmza.sk\/?p=59585"},"author":{"name":"Pova\u017esk\u00e9 m\u00fazeum","@id":"https:\/\/pmza.sk\/#\/schema\/person\/595e6a2ce731ea94dcd5d7f50a41ae33"},"headline":"V Radenovom dome pribudol sala\u0161 od V\u00edta Pie\u0161a","datePublished":"2023-12-14T06:54:53+00:00","dateModified":"2025-05-13T07:46:27+00:00","mainEntityOfPage":{"@id":"https:\/\/pmza.sk\/?p=59585"},"wordCount":591,"publisher":{"@id":"https:\/\/pmza.sk\/#organization"},"image":{"@id":"https:\/\/pmza.sk\/?p=59585#primaryimage"},"thumbnailUrl":"https:\/\/pmza.sk\/wp-content\/uploads\/2023\/12\/IMG_6633-scaled.jpg","articleSection":["Aktuality"],"inLanguage":"sk-SK"},{"@type":"WebPage","@id":"https:\/\/pmza.sk\/?p=59585","url":"https:\/\/pmza.sk\/?p=59585","name":"V Radenovom dome pribudol sala\u0161 od V\u00edta Pie\u0161a - Pova\u017esk\u00e9 m\u00fazeum","isPartOf":{"@id":"https:\/\/pmza.sk\/#website"},"primaryImageOfPage":{"@id":"https:\/\/pmza.sk\/?p=59585#primaryimage"},"image":{"@id":"https:\/\/pmza.sk\/?p=59585#primaryimage"},"thumbnailUrl":"https:\/\/pmza.sk\/wp-content\/uploads\/2023\/12\/IMG_6633-scaled.jpg","datePublished":"2023-12-14T06:54:53+00:00","dateModified":"2025-05-13T07:46:27+00:00","breadcrumb":{"@id":"https:\/\/pmza.sk\/?p=59585#breadcrumb"},"inLanguage":"sk-SK","potentialAction":[{"@type":"ReadAction","target":["https:\/\/pmza.sk\/?p=59585"]}]},{"@type":"ImageObject","inLanguage":"sk-SK","@id":"https:\/\/pmza.sk\/?p=59585#primaryimage","url":"https:\/\/pmza.sk\/wp-content\/uploads\/2023\/12\/IMG_6633-scaled.jpg","contentUrl":"https:\/\/pmza.sk\/wp-content\/uploads\/2023\/12\/IMG_6633-scaled.jpg","width":2560,"height":1707},{"@type":"BreadcrumbList","@id":"https:\/\/pmza.sk\/?p=59585#breadcrumb","itemListElement":[{"@type":"ListItem","position":1,"name":"Domovsk\u00e1 str\u00e1nka","item":"https:\/\/pmza.sk\/"},{"@type":"ListItem","position":2,"name":"V Radenovom dome pribudol sala\u0161 od V\u00edta Pie\u0161a"}]},{"@type":"WebSite","@id":"https:\/\/pmza.sk\/#website","url":"https:\/\/pmza.sk\/","name":"Pova\u017esk\u00e9 m\u00fazeum","description":"Pova\u017esk\u00e9 m\u00fazeum v \u017diline je region\u00e1lne m\u00fazeum so s\u00eddlom v Budat\u00edne. Jeho expoz\u00edcie s\u00fa zameran\u00e9 na dejiny slovensk\u00e9ho umenia, kult\u00fary a dopravy.","publisher":{"@id":"https:\/\/pmza.sk\/#organization"},"potentialAction":[{"@type":"SearchAction","target":{"@type":"EntryPoint","urlTemplate":"https:\/\/pmza.sk\/?s={search_term_string}"},"query-input":{"@type":"PropertyValueSpecification","valueRequired":true,"valueName":"search_term_string"}}],"inLanguage":"sk-SK"},{"@type":"Organization","@id":"https:\/\/pmza.sk\/#organization","name":"Pova\u017esk\u00e9 m\u00fazeum","url":"https:\/\/pmza.sk\/","logo":{"@type":"ImageObject","inLanguage":"sk-SK","@id":"https:\/\/pmza.sk\/#\/schema\/logo\/image\/","url":"https:\/\/pmza.sk\/wp-content\/uploads\/2022\/01\/logo_PM_horizontal.jpg","contentUrl":"https:\/\/pmza.sk\/wp-content\/uploads\/2022\/01\/logo_PM_horizontal.jpg","width":231,"height":142,"caption":"Pova\u017esk\u00e9 m\u00fazeum"},"image":{"@id":"https:\/\/pmza.sk\/#\/schema\/logo\/image\/"},"sameAs":["https:\/\/www.facebook.com\/povazskemuzeum","https:\/\/www.instagram.com\/povazskemuzeum\/"]},{"@type":"Person","@id":"https:\/\/pmza.sk\/#\/schema\/person\/595e6a2ce731ea94dcd5d7f50a41ae33","name":"Pova\u017esk\u00e9 m\u00fazeum","image":{"@type":"ImageObject","inLanguage":"sk-SK","@id":"https:\/\/secure.gravatar.com\/avatar\/2bb7f1561282132fb5826dfeccc66c7996d11ee392ac6aaf7ced8a1c2027fbb2?s=96&d=mm&r=g","url":"https:\/\/secure.gravatar.com\/avatar\/2bb7f1561282132fb5826dfeccc66c7996d11ee392ac6aaf7ced8a1c2027fbb2?s=96&d=mm&r=g","contentUrl":"https:\/\/secure.gravatar.com\/avatar\/2bb7f1561282132fb5826dfeccc66c7996d11ee392ac6aaf7ced8a1c2027fbb2?s=96&d=mm&r=g","caption":"Pova\u017esk\u00e9 m\u00fazeum"}}]}},"_links":{"self":[{"href":"https:\/\/pmza.sk\/index.php?rest_route=\/wp\/v2\/posts\/59585","targetHints":{"allow":["GET"]}}],"collection":[{"href":"https:\/\/pmza.sk\/index.php?rest_route=\/wp\/v2\/posts"}],"about":[{"href":"https:\/\/pmza.sk\/index.php?rest_route=\/wp\/v2\/types\/post"}],"author":[{"embeddable":true,"href":"https:\/\/pmza.sk\/index.php?rest_route=\/wp\/v2\/users\/2"}],"replies":[{"embeddable":true,"href":"https:\/\/pmza.sk\/index.php?rest_route=%2Fwp%2Fv2%2Fcomments&post=59585"}],"version-history":[{"count":0,"href":"https:\/\/pmza.sk\/index.php?rest_route=\/wp\/v2\/posts\/59585\/revisions"}],"wp:featuredmedia":[{"embeddable":true,"href":"https:\/\/pmza.sk\/index.php?rest_route=\/wp\/v2\/media\/59586"}],"wp:attachment":[{"href":"https:\/\/pmza.sk\/index.php?rest_route=%2Fwp%2Fv2%2Fmedia&parent=59585"}],"wp:term":[{"taxonomy":"category","embeddable":true,"href":"https:\/\/pmza.sk\/index.php?rest_route=%2Fwp%2Fv2%2Fcategories&post=59585"},{"taxonomy":"post_tag","embeddable":true,"href":"https:\/\/pmza.sk\/index.php?rest_route=%2Fwp%2Fv2%2Ftags&post=59585"}],"curies":[{"name":"wp","href":"https:\/\/api.w.org\/{rel}","templated":true}]}}